{"id":45963,"date":"2026-09-02T19:24:03","date_gmt":"2026-09-02T16:24:03","guid":{"rendered":"https:\/\/kuzeyinsesi.org\/index.php\/2026\/09\/02\/rusya-almanya-ukrayna-icin-techizat-ureten-tesislerine-dogrudan-saldiriyi-hak-ediyor\/"},"modified":"2026-09-02T19:24:03","modified_gmt":"2026-09-02T16:24:03","slug":"rusya-almanya-ukrayna-icin-techizat-ureten-tesislerine-dogrudan-saldiriyi-hak-ediyor","status":"publish","type":"post","link":"https:\/\/kuzeyinsesi.org\/index.php\/2026\/09\/02\/rusya-almanya-ukrayna-icin-techizat-ureten-tesislerine-dogrudan-saldiriyi-hak-ediyor\/","title":{"rendered":"Rusya: Almanya, Ukrayna i\u00e7in te\u00e7hizat \u00fcreten tesislerine do\u011frudan sald\u0131r\u0131y\u0131 &#039;hak ediyor&#039;"},"content":{"rendered":"<p><\/p>\n<div>\n<p>&#13;<br \/>\n\tMedvedev, sosyal <a href=\"https:\/\/www.trthaber.com\/etiket\/medya\/\" target=\"_blank\">medya<\/a> hesab\u0131ndan yapt\u0131\u011f\u0131 a\u00e7\u0131klamada, Almanya\u2019n\u0131n Leipzig-Halle Havaliman\u0131&#8217;nda patlay\u0131c\u0131 y\u00fckl\u00fc \u0130HA bulundu\u011fu gerek\u00e7esiyle Rusya&#8217;ya kar\u015f\u0131 baz\u0131 tedbirler alma karar\u0131n\u0131 de\u011ferlendirdi.<\/p>\n<p>&#13;<br \/>\n\tAlmanya&#8217;n\u0131n \u0130HA konusundaki su\u00e7lamalar\u0131n\u0131n kan\u0131ts\u0131z oldu\u011funu vurgulayan Medvedev, Alman y\u00f6netiminin Rusya&#8217;ya kar\u015f\u0131 yakla\u015f\u0131m sergiledi\u011fini belirterek, &#8220;Onlar (Almanlar), Bandera y\u00f6netimi i\u00e7in askeri te\u00e7hizat \u00fcreten tesislere, hatta Berlin&#8217;deki ba\u015fka yerlere do\u011frudan sald\u0131r\u0131 hak ediyor.&#8221; ifadesini kulland\u0131.<\/p>\n<p>&#13;<br \/>\n\tMedvedev, <a href=\"https:\/\/www.trthaber.com\/etiket\/ukrayna\/\" target=\"_blank\">Ukrayna<\/a> Devlet Ba\u015fkan\u0131 Volodimir Zelenskiy&#8217;nin Rus sivil havac\u0131l\u0131\u011f\u0131na y\u00f6nelik tehdidine ili\u015fkin &#8220;Ter\u00f6ristlerle m\u00fczakere edilmez, eylemlerine kar\u015f\u0131l\u0131k misilleme yap\u0131l\u0131r. Her t\u00fcrl\u00fc ter\u00f6r\u00fcn sponsorlar\u0131 vard\u0131r. \u015eu anda bunlar, ba\u015fta Avrupal\u0131 \u00fclkeler olmak \u00fczere Bat\u0131l\u0131 \u00fclkelerin liderleri. Onlar, Kiev&#8217;e trenle s\u0131k s\u0131k gidiyor.&#8221; de\u011ferlendirmesinde bulundu.<\/p>\n<h2>&#13;<br \/>\n\tHavaliman\u0131ndaki \u0130HA sonras\u0131 <a href=\"https:\/\/www.trthaber.com\/etiket\/almanya\/\" target=\"_blank\">Almanya<\/a> Rusya\u2019y\u0131 su\u00e7lam\u0131\u015ft\u0131<\/h2>\n<p>&#13;<br \/>\n\tAlmanya&#8217;daki Leipzig-Halle Havaliman\u0131&#8217;nda 4 A\u011fustos&#8217;ta Ukrayna&#8217;ya ait bir nakliye u\u00e7a\u011f\u0131n\u0131n yak\u0131n\u0131nda patlay\u0131c\u0131 d\u00fczene\u011fi i\u00e7erdi\u011fi de\u011ferlendirilen \u0130HA bulunmu\u015ftu.<\/p>\n<p>&#13;<br \/>\n\t<a href=\"https:\/\/www.trthaber.com\/etiket\/abd\/\" target=\"_blank\">ABD<\/a> istihbarat\u0131, bulunan patlay\u0131c\u0131 y\u00fckl\u00fc \u0130HA&#8217;n\u0131n \u00f6zelliklerinin, Rus askeri istihbarat\u0131na &#8220;\u00f6zg\u00fc&#8221; oldu\u011funu iddia etmi\u015fti.<\/p>\n<p>&#13;<br \/>\n\tAlmanya h\u00fck\u00fcmeti, d\u00fcn, olayla ilgili soru\u015fturmada elde edilen bulgular\u0131n Rusya&#8217;y\u0131 sorumlu g\u00f6sterdi\u011fini belirterek, bir dizi tedbir a\u00e7\u0131klam\u0131\u015ft\u0131.<\/p>\n<p>&#13;<br \/>\n\tKarar gere\u011fi, Rusya\u2019n\u0131n Bonn Ba\u015fkonsoloslu\u011fu 18 Eyl\u00fcl itibar\u0131yla kapat\u0131lacak, Berlin&#8217;deki Rus Evi ile ilgili s\u00f6zle\u015fme feshedilecek, Rus vatanda\u015flar\u0131na y\u00f6nelik giri\u015f kontrolleri s\u0131k\u0131la\u015ft\u0131r\u0131lacak ve Rusya\u2019n\u0131n s\u00f6zde g\u00f6lge filosuna y\u00f6nelik bask\u0131 art\u0131r\u0131lacak.<\/p>\n<\/p><\/div>\n","protected":false},"excerpt":{"rendered":"<p>&#13; Medvedev, sosyal medya hesab\u0131ndan yapt\u0131\u011f\u0131 a\u00e7\u0131klamada, Almanya\u2019n\u0131n Leipzig-Halle Havaliman\u0131&#8217;nda patlay\u0131c\u0131 y\u00fckl\u00fc \u0130HA bulundu\u011fu gerek\u00e7esiyle Rusya&#8217;ya kar\u015f\u0131 baz\u0131 tedbirler alma karar\u0131n\u0131 de\u011ferlendirdi. &#13; Almanya&#8217;n\u0131n \u0130HA konusundaki su\u00e7lamalar\u0131n\u0131n kan\u0131ts\u0131z oldu\u011funu vurgulayan Medvedev, Alman y\u00f6netiminin Rusya&#8217;ya kar\u015f\u0131 yakla\u015f\u0131m sergiledi\u011fini belirterek, &#8220;Onlar (Almanlar), Bandera y\u00f6netimi i\u00e7in askeri te\u00e7hizat \u00fcreten tesislere, hatta Berlin&#8217;deki ba\u015fka yerlere do\u011frudan sald\u0131r\u0131 hak ediyor.&#8221; [&hellip;]<\/p>\n","protected":false},"author":1,"featured_media":45964,"comment_status":"open","ping_status":"open","sticky":false,"template":"","format":"standard","meta":{"jnews-multi-image_gallery":[],"jnews_single_post":[],"jnews_primary_category":[],"jnews_social_meta":[],"jnews_override_counter":[],"footnotes":""},"categories":[2],"tags":[],"class_list":["post-45963","post","type-post","status-publish","format-standard","has-post-thumbnail","hentry","category-dunya"],"yoast_head":"<!-- This site is optimized with the Yoast SEO plugin v28.4 - https:\/\/yoast.com\/product\/yoast-seo-wordpress\/ -->\n<title>Rusya: Almanya, Ukrayna i\u00e7in te\u00e7hizat \u00fcreten tesislerine do\u011frudan sald\u0131r\u0131y\u0131 &#039;hak ediyor&#039; - Kuzeyin Sesi<\/title>\n<meta name=\"robots\" content=\"index, follow, max-snippet:-1, max-image-preview:large, max-video-preview:-1\" \/>\n<link rel=\"canonical\" href=\"https:\/\/kuzeyinsesi.org\/index.php\/2026\/09\/02\/rusya-almanya-ukrayna-icin-techizat-ureten-tesislerine-dogrudan-saldiriyi-hak-ediyor\/\" \/>\n<meta property=\"og:locale\" content=\"tr_TR\" \/>\n<meta property=\"og:type\" content=\"article\" \/>\n<meta property=\"og:title\" content=\"Rusya: Almanya, Ukrayna i\u00e7in te\u00e7hizat \u00fcreten tesislerine do\u011frudan sald\u0131r\u0131y\u0131 &#039;hak ediyor&#039; - Kuzeyin Sesi\" \/>\n<meta property=\"og:description\" content=\"&#013; Medvedev, sosyal medya hesab\u0131ndan yapt\u0131\u011f\u0131 a\u00e7\u0131klamada, Almanya\u2019n\u0131n Leipzig-Halle Havaliman\u0131&#8217;nda patlay\u0131c\u0131 y\u00fckl\u00fc \u0130HA bulundu\u011fu gerek\u00e7esiyle Rusya&#8217;ya kar\u015f\u0131 baz\u0131 tedbirler alma karar\u0131n\u0131 de\u011ferlendirdi. &#013; Almanya&#8217;n\u0131n \u0130HA konusundaki su\u00e7lamalar\u0131n\u0131n kan\u0131ts\u0131z oldu\u011funu vurgulayan Medvedev, Alman y\u00f6netiminin Rusya&#8217;ya kar\u015f\u0131 yakla\u015f\u0131m sergiledi\u011fini belirterek, &#8220;Onlar (Almanlar), Bandera y\u00f6netimi i\u00e7in askeri te\u00e7hizat \u00fcreten tesislere, hatta Berlin&#8217;deki ba\u015fka yerlere do\u011frudan sald\u0131r\u0131 hak ediyor.&#8221; [&hellip;]\" \/>\n<meta property=\"og:url\" content=\"https:\/\/kuzeyinsesi.org\/index.php\/2026\/09\/02\/rusya-almanya-ukrayna-icin-techizat-ureten-tesislerine-dogrudan-saldiriyi-hak-ediyor\/\" \/>\n<meta property=\"og:site_name\" content=\"Kuzeyin Sesi\" \/>\n<meta property=\"article:publisher\" content=\"https:\/\/www.facebook.com\/kuzeyinsesii\" \/>\n<meta property=\"article:published_time\" content=\"2026-09-02T16:24:03+00:00\" \/>\n<meta property=\"og:image\" content=\"https:\/\/trthaberstatic.cdn.wp.trt.com.tr\/resimler\/1510000\/dmitriy-medvedev-reu-1510299.jpg\" \/>\n<meta name=\"author\" content=\"Kuzeyin Sesi\" \/>\n<meta name=\"twitter:card\" content=\"summary_large_image\" \/>\n<meta name=\"twitter:creator\" content=\"@kuzeyinsesii\" \/>\n<meta name=\"twitter:site\" content=\"@kuzeyinsesii\" \/>\n<meta name=\"twitter:label1\" content=\"Yazan:\" \/>\n\t<meta name=\"twitter:data1\" content=\"Kuzeyin Sesi\" \/>\n\t<meta name=\"twitter:label2\" content=\"Tahmini okuma s\u00fcresi\" \/>\n\t<meta name=\"twitter:data2\" content=\"1 dakika\" \/>\n<script type=\"application\/ld+json\" class=\"yoast-schema-graph\">{\"@context\":\"https:\\\/\\\/schema.org\",\"@graph\":[{\"@type\":\"Article\",\"@id\":\"https:\\\/\\\/kuzeyinsesi.org\\\/index.php\\\/2026\\\/09\\\/02\\\/rusya-almanya-ukrayna-icin-techizat-ureten-tesislerine-dogrudan-saldiriyi-hak-ediyor\\\/#article\",\"isPartOf\":{\"@id\":\"https:\\\/\\\/kuzeyinsesi.org\\\/index.php\\\/2026\\\/09\\\/02\\\/rusya-almanya-ukrayna-icin-techizat-ureten-tesislerine-dogrudan-saldiriyi-hak-ediyor\\\/\"},\"author\":{\"name\":\"Kuzeyin Sesi\",\"@id\":\"https:\\\/\\\/kuzeyinsesi.org\\\/#\\\/schema\\\/person\\\/9f859689cdf01485597712386e37f5aa\"},\"headline\":\"Rusya: Almanya, Ukrayna i\u00e7in te\u00e7hizat \u00fcreten tesislerine do\u011frudan sald\u0131r\u0131y\u0131 &#039;hak ediyor&#039;\",\"datePublished\":\"2026-09-02T16:24:03+00:00\",\"mainEntityOfPage\":{\"@id\":\"https:\\\/\\\/kuzeyinsesi.org\\\/index.php\\\/2026\\\/09\\\/02\\\/rusya-almanya-ukrayna-icin-techizat-ureten-tesislerine-dogrudan-saldiriyi-hak-ediyor\\\/\"},\"wordCount\":313,\"commentCount\":0,\"image\":{\"@id\":\"https:\\\/\\\/kuzeyinsesi.org\\\/index.php\\\/2026\\\/09\\\/02\\\/rusya-almanya-ukrayna-icin-techizat-ureten-tesislerine-dogrudan-saldiriyi-hak-ediyor\\\/#primaryimage\"},\"thumbnailUrl\":\"https:\\\/\\\/kuzeyinsesi.org\\\/wp-content\\\/uploads\\\/2026\\\/09\\\/dmitriy-medvedev-reu-1510299.jpg\",\"articleSection\":[\"D\u00fcnya\"],\"inLanguage\":\"tr\",\"potentialAction\":[{\"@type\":\"CommentAction\",\"name\":\"Comment\",\"target\":[\"https:\\\/\\\/kuzeyinsesi.org\\\/index.php\\\/2026\\\/09\\\/02\\\/rusya-almanya-ukrayna-icin-techizat-ureten-tesislerine-dogrudan-saldiriyi-hak-ediyor\\\/#respond\"]}]},{\"@type\":\"WebPage\",\"@id\":\"https:\\\/\\\/kuzeyinsesi.org\\\/index.php\\\/2026\\\/09\\\/02\\\/rusya-almanya-ukrayna-icin-techizat-ureten-tesislerine-dogrudan-saldiriyi-hak-ediyor\\\/\",\"url\":\"https:\\\/\\\/kuzeyinsesi.org\\\/index.php\\\/2026\\\/09\\\/02\\\/rusya-almanya-ukrayna-icin-techizat-ureten-tesislerine-dogrudan-saldiriyi-hak-ediyor\\\/\",\"name\":\"Rusya: Almanya, Ukrayna i\u00e7in te\u00e7hizat \u00fcreten tesislerine do\u011frudan sald\u0131r\u0131y\u0131 &#039;hak ediyor&#039; - Kuzeyin Sesi\",\"isPartOf\":{\"@id\":\"https:\\\/\\\/kuzeyinsesi.org\\\/#website\"},\"primaryImageOfPage\":{\"@id\":\"https:\\\/\\\/kuzeyinsesi.org\\\/index.php\\\/2026\\\/09\\\/02\\\/rusya-almanya-ukrayna-icin-techizat-ureten-tesislerine-dogrudan-saldiriyi-hak-ediyor\\\/#primaryimage\"},\"image\":{\"@id\":\"https:\\\/\\\/kuzeyinsesi.org\\\/index.php\\\/2026\\\/09\\\/02\\\/rusya-almanya-ukrayna-icin-techizat-ureten-tesislerine-dogrudan-saldiriyi-hak-ediyor\\\/#primaryimage\"},\"thumbnailUrl\":\"https:\\\/\\\/kuzeyinsesi.org\\\/wp-content\\\/uploads\\\/2026\\\/09\\\/dmitriy-medvedev-reu-1510299.jpg\",\"datePublished\":\"2026-09-02T16:24:03+00:00\",\"author\":{\"@id\":\"https:\\\/\\\/kuzeyinsesi.org\\\/#\\\/schema\\\/person\\\/9f859689cdf01485597712386e37f5aa\"},\"breadcrumb\":{\"@id\":\"https:\\\/\\\/kuzeyinsesi.org\\\/index.php\\\/2026\\\/09\\\/02\\\/rusya-almanya-ukrayna-icin-techizat-ureten-tesislerine-dogrudan-saldiriyi-hak-ediyor\\\/#breadcrumb\"},\"inLanguage\":\"tr\",\"potentialAction\":[{\"@type\":\"ReadAction\",\"target\":[\"https:\\\/\\\/kuzeyinsesi.org\\\/index.php\\\/2026\\\/09\\\/02\\\/rusya-almanya-ukrayna-icin-techizat-ureten-tesislerine-dogrudan-saldiriyi-hak-ediyor\\\/\"]}]},{\"@type\":\"ImageObject\",\"inLanguage\":\"tr\",\"@id\":\"https:\\\/\\\/kuzeyinsesi.org\\\/index.php\\\/2026\\\/09\\\/02\\\/rusya-almanya-ukrayna-icin-techizat-ureten-tesislerine-dogrudan-saldiriyi-hak-ediyor\\\/#primaryimage\",\"url\":\"https:\\\/\\\/kuzeyinsesi.org\\\/wp-content\\\/uploads\\\/2026\\\/09\\\/dmitriy-medvedev-reu-1510299.jpg\",\"contentUrl\":\"https:\\\/\\\/kuzeyinsesi.org\\\/wp-content\\\/uploads\\\/2026\\\/09\\\/dmitriy-medvedev-reu-1510299.jpg\",\"width\":1280,\"height\":720},{\"@type\":\"BreadcrumbList\",\"@id\":\"https:\\\/\\\/kuzeyinsesi.org\\\/index.php\\\/2026\\\/09\\\/02\\\/rusya-almanya-ukrayna-icin-techizat-ureten-tesislerine-dogrudan-saldiriyi-hak-ediyor\\\/#breadcrumb\",\"itemListElement\":[{\"@type\":\"ListItem\",\"position\":1,\"name\":\"Anasayfa\",\"item\":\"https:\\\/\\\/kuzeyinsesi.org\\\/\"},{\"@type\":\"ListItem\",\"position\":2,\"name\":\"Rusya: Almanya, Ukrayna i\u00e7in te\u00e7hizat \u00fcreten tesislerine do\u011frudan sald\u0131r\u0131y\u0131 &#039;hak ediyor&#039;\"}]},{\"@type\":\"WebSite\",\"@id\":\"https:\\\/\\\/kuzeyinsesi.org\\\/#website\",\"url\":\"https:\\\/\\\/kuzeyinsesi.org\\\/\",\"name\":\"Kuzeyin Sesi\",\"description\":\"Do\u011fru Haberin Adresi\",\"potentialAction\":[{\"@type\":\"SearchAction\",\"target\":{\"@type\":\"EntryPoint\",\"urlTemplate\":\"https:\\\/\\\/kuzeyinsesi.org\\\/?s={search_term_string}\"},\"query-input\":{\"@type\":\"PropertyValueSpecification\",\"valueRequired\":true,\"valueName\":\"search_term_string\"}}],\"inLanguage\":\"tr\"},{\"@type\":\"Person\",\"@id\":\"https:\\\/\\\/kuzeyinsesi.org\\\/#\\\/schema\\\/person\\\/9f859689cdf01485597712386e37f5aa\",\"name\":\"Kuzeyin Sesi\",\"image\":{\"@type\":\"ImageObject\",\"inLanguage\":\"tr\",\"@id\":\"https:\\\/\\\/secure.gravatar.com\\\/avatar\\\/bab33852abfd8b282518d6ed81826833d77c3c882d9ab608add591ccace47a44?s=96&d=mm&r=g\",\"url\":\"https:\\\/\\\/secure.gravatar.com\\\/avatar\\\/bab33852abfd8b282518d6ed81826833d77c3c882d9ab608add591ccace47a44?s=96&d=mm&r=g\",\"contentUrl\":\"https:\\\/\\\/secure.gravatar.com\\\/avatar\\\/bab33852abfd8b282518d6ed81826833d77c3c882d9ab608add591ccace47a44?s=96&d=mm&r=g\",\"caption\":\"Kuzeyin Sesi\"},\"sameAs\":[\"https:\\\/\\\/kuzeyinsesi.org\"],\"url\":\"https:\\\/\\\/kuzeyinsesi.org\\\/index.php\\\/author\\\/guven\\\/\"}]}<\/script>\n<!-- \/ Yoast SEO plugin. -->","yoast_head_json":{"title":"Rusya: Almanya, Ukrayna i\u00e7in te\u00e7hizat \u00fcreten tesislerine do\u011frudan sald\u0131r\u0131y\u0131 &#039;hak ediyor&#039; - Kuzeyin Sesi","robots":{"index":"index","follow":"follow","max-snippet":"max-snippet:-1","max-image-preview":"max-image-preview:large","max-video-preview":"max-video-preview:-1"},"canonical":"https:\/\/kuzeyinsesi.org\/index.php\/2026\/09\/02\/rusya-almanya-ukrayna-icin-techizat-ureten-tesislerine-dogrudan-saldiriyi-hak-ediyor\/","og_locale":"tr_TR","og_type":"article","og_title":"Rusya: Almanya, Ukrayna i\u00e7in te\u00e7hizat \u00fcreten tesislerine do\u011frudan sald\u0131r\u0131y\u0131 &#039;hak ediyor&#039; - Kuzeyin Sesi","og_description":"&#13; Medvedev, sosyal medya hesab\u0131ndan yapt\u0131\u011f\u0131 a\u00e7\u0131klamada, Almanya\u2019n\u0131n Leipzig-Halle Havaliman\u0131&#8217;nda patlay\u0131c\u0131 y\u00fckl\u00fc \u0130HA bulundu\u011fu gerek\u00e7esiyle Rusya&#8217;ya kar\u015f\u0131 baz\u0131 tedbirler alma karar\u0131n\u0131 de\u011ferlendirdi. &#13; Almanya&#8217;n\u0131n \u0130HA konusundaki su\u00e7lamalar\u0131n\u0131n kan\u0131ts\u0131z oldu\u011funu vurgulayan Medvedev, Alman y\u00f6netiminin Rusya&#8217;ya kar\u015f\u0131 yakla\u015f\u0131m sergiledi\u011fini belirterek, &#8220;Onlar (Almanlar), Bandera y\u00f6netimi i\u00e7in askeri te\u00e7hizat \u00fcreten tesislere, hatta Berlin&#8217;deki ba\u015fka yerlere do\u011frudan sald\u0131r\u0131 hak ediyor.&#8221; [&hellip;]","og_url":"https:\/\/kuzeyinsesi.org\/index.php\/2026\/09\/02\/rusya-almanya-ukrayna-icin-techizat-ureten-tesislerine-dogrudan-saldiriyi-hak-ediyor\/","og_site_name":"Kuzeyin Sesi","article_publisher":"https:\/\/www.facebook.com\/kuzeyinsesii","article_published_time":"2026-09-02T16:24:03+00:00","og_image":[{"url":"https:\/\/trthaberstatic.cdn.wp.trt.com.tr\/resimler\/1510000\/dmitriy-medvedev-reu-1510299.jpg","type":"","width":"","height":""}],"author":"Kuzeyin Sesi","twitter_card":"summary_large_image","twitter_creator":"@kuzeyinsesii","twitter_site":"@kuzeyinsesii","twitter_misc":{"Yazan:":"Kuzeyin Sesi","Tahmini okuma s\u00fcresi":"1 dakika"},"schema":{"@context":"https:\/\/schema.org","@graph":[{"@type":"Article","@id":"https:\/\/kuzeyinsesi.org\/index.php\/2026\/09\/02\/rusya-almanya-ukrayna-icin-techizat-ureten-tesislerine-dogrudan-saldiriyi-hak-ediyor\/#article","isPartOf":{"@id":"https:\/\/kuzeyinsesi.org\/index.php\/2026\/09\/02\/rusya-almanya-ukrayna-icin-techizat-ureten-tesislerine-dogrudan-saldiriyi-hak-ediyor\/"},"author":{"name":"Kuzeyin Sesi","@id":"https:\/\/kuzeyinsesi.org\/#\/schema\/person\/9f859689cdf01485597712386e37f5aa"},"headline":"Rusya: Almanya, Ukrayna i\u00e7in te\u00e7hizat \u00fcreten tesislerine do\u011frudan sald\u0131r\u0131y\u0131 &#039;hak ediyor&#039;","datePublished":"2026-09-02T16:24:03+00:00","mainEntityOfPage":{"@id":"https:\/\/kuzeyinsesi.org\/index.php\/2026\/09\/02\/rusya-almanya-ukrayna-icin-techizat-ureten-tesislerine-dogrudan-saldiriyi-hak-ediyor\/"},"wordCount":313,"commentCount":0,"image":{"@id":"https:\/\/kuzeyinsesi.org\/index.php\/2026\/09\/02\/rusya-almanya-ukrayna-icin-techizat-ureten-tesislerine-dogrudan-saldiriyi-hak-ediyor\/#primaryimage"},"thumbnailUrl":"https:\/\/kuzeyinsesi.org\/wp-content\/uploads\/2026\/09\/dmitriy-medvedev-reu-1510299.jpg","articleSection":["D\u00fcnya"],"inLanguage":"tr","potentialAction":[{"@type":"CommentAction","name":"Comment","target":["https:\/\/kuzeyinsesi.org\/index.php\/2026\/09\/02\/rusya-almanya-ukrayna-icin-techizat-ureten-tesislerine-dogrudan-saldiriyi-hak-ediyor\/#respond"]}]},{"@type":"WebPage","@id":"https:\/\/kuzeyinsesi.org\/index.php\/2026\/09\/02\/rusya-almanya-ukrayna-icin-techizat-ureten-tesislerine-dogrudan-saldiriyi-hak-ediyor\/","url":"https:\/\/kuzeyinsesi.org\/index.php\/2026\/09\/02\/rusya-almanya-ukrayna-icin-techizat-ureten-tesislerine-dogrudan-saldiriyi-hak-ediyor\/","name":"Rusya: Almanya, Ukrayna i\u00e7in te\u00e7hizat \u00fcreten tesislerine do\u011frudan sald\u0131r\u0131y\u0131 &#039;hak ediyor&#039; - Kuzeyin Sesi","isPartOf":{"@id":"https:\/\/kuzeyinsesi.org\/#website"},"primaryImageOfPage":{"@id":"https:\/\/kuzeyinsesi.org\/index.php\/2026\/09\/02\/rusya-almanya-ukrayna-icin-techizat-ureten-tesislerine-dogrudan-saldiriyi-hak-ediyor\/#primaryimage"},"image":{"@id":"https:\/\/kuzeyinsesi.org\/index.php\/2026\/09\/02\/rusya-almanya-ukrayna-icin-techizat-ureten-tesislerine-dogrudan-saldiriyi-hak-ediyor\/#primaryimage"},"thumbnailUrl":"https:\/\/kuzeyinsesi.org\/wp-content\/uploads\/2026\/09\/dmitriy-medvedev-reu-1510299.jpg","datePublished":"2026-09-02T16:24:03+00:00","author":{"@id":"https:\/\/kuzeyinsesi.org\/#\/schema\/person\/9f859689cdf01485597712386e37f5aa"},"breadcrumb":{"@id":"https:\/\/kuzeyinsesi.org\/index.php\/2026\/09\/02\/rusya-almanya-ukrayna-icin-techizat-ureten-tesislerine-dogrudan-saldiriyi-hak-ediyor\/#breadcrumb"},"inLanguage":"tr","potentialAction":[{"@type":"ReadAction","target":["https:\/\/kuzeyinsesi.org\/index.php\/2026\/09\/02\/rusya-almanya-ukrayna-icin-techizat-ureten-tesislerine-dogrudan-saldiriyi-hak-ediyor\/"]}]},{"@type":"ImageObject","inLanguage":"tr","@id":"https:\/\/kuzeyinsesi.org\/index.php\/2026\/09\/02\/rusya-almanya-ukrayna-icin-techizat-ureten-tesislerine-dogrudan-saldiriyi-hak-ediyor\/#primaryimage","url":"https:\/\/kuzeyinsesi.org\/wp-content\/uploads\/2026\/09\/dmitriy-medvedev-reu-1510299.jpg","contentUrl":"https:\/\/kuzeyinsesi.org\/wp-content\/uploads\/2026\/09\/dmitriy-medvedev-reu-1510299.jpg","width":1280,"height":720},{"@type":"BreadcrumbList","@id":"https:\/\/kuzeyinsesi.org\/index.php\/2026\/09\/02\/rusya-almanya-ukrayna-icin-techizat-ureten-tesislerine-dogrudan-saldiriyi-hak-ediyor\/#breadcrumb","itemListElement":[{"@type":"ListItem","position":1,"name":"Anasayfa","item":"https:\/\/kuzeyinsesi.org\/"},{"@type":"ListItem","position":2,"name":"Rusya: Almanya, Ukrayna i\u00e7in te\u00e7hizat \u00fcreten tesislerine do\u011frudan sald\u0131r\u0131y\u0131 &#039;hak ediyor&#039;"}]},{"@type":"WebSite","@id":"https:\/\/kuzeyinsesi.org\/#website","url":"https:\/\/kuzeyinsesi.org\/","name":"Kuzeyin Sesi","description":"Do\u011fru Haberin Adresi","potentialAction":[{"@type":"SearchAction","target":{"@type":"EntryPoint","urlTemplate":"https:\/\/kuzeyinsesi.org\/?s={search_term_string}"},"query-input":{"@type":"PropertyValueSpecification","valueRequired":true,"valueName":"search_term_string"}}],"inLanguage":"tr"},{"@type":"Person","@id":"https:\/\/kuzeyinsesi.org\/#\/schema\/person\/9f859689cdf01485597712386e37f5aa","name":"Kuzeyin Sesi","image":{"@type":"ImageObject","inLanguage":"tr","@id":"https:\/\/secure.gravatar.com\/avatar\/bab33852abfd8b282518d6ed81826833d77c3c882d9ab608add591ccace47a44?s=96&d=mm&r=g","url":"https:\/\/secure.gravatar.com\/avatar\/bab33852abfd8b282518d6ed81826833d77c3c882d9ab608add591ccace47a44?s=96&d=mm&r=g","contentUrl":"https:\/\/secure.gravatar.com\/avatar\/bab33852abfd8b282518d6ed81826833d77c3c882d9ab608add591ccace47a44?s=96&d=mm&r=g","caption":"Kuzeyin Sesi"},"sameAs":["https:\/\/kuzeyinsesi.org"],"url":"https:\/\/kuzeyinsesi.org\/index.php\/author\/guven\/"}]}},"_links":{"self":[{"href":"https:\/\/kuzeyinsesi.org\/index.php\/wp-json\/wp\/v2\/posts\/45963","targetHints":{"allow":["GET"]}}],"collection":[{"href":"https:\/\/kuzeyinsesi.org\/index.php\/wp-json\/wp\/v2\/posts"}],"about":[{"href":"https:\/\/kuzeyinsesi.org\/index.php\/wp-json\/wp\/v2\/types\/post"}],"author":[{"embeddable":true,"href":"https:\/\/kuzeyinsesi.org\/index.php\/wp-json\/wp\/v2\/users\/1"}],"replies":[{"embeddable":true,"href":"https:\/\/kuzeyinsesi.org\/index.php\/wp-json\/wp\/v2\/comments?post=45963"}],"version-history":[{"count":0,"href":"https:\/\/kuzeyinsesi.org\/index.php\/wp-json\/wp\/v2\/posts\/45963\/revisions"}],"wp:featuredmedia":[{"embeddable":true,"href":"https:\/\/kuzeyinsesi.org\/index.php\/wp-json\/wp\/v2\/media\/45964"}],"wp:attachment":[{"href":"https:\/\/kuzeyinsesi.org\/index.php\/wp-json\/wp\/v2\/media?parent=45963"}],"wp:term":[{"taxonomy":"category","embeddable":true,"href":"https:\/\/kuzeyinsesi.org\/index.php\/wp-json\/wp\/v2\/categories?post=45963"},{"taxonomy":"post_tag","embeddable":true,"href":"https:\/\/kuzeyinsesi.org\/index.php\/wp-json\/wp\/v2\/tags?post=45963"}],"curies":[{"name":"wp","href":"https:\/\/api.w.org\/{rel}","templated":true}]}}