{"id":45961,"date":"2026-09-02T18:53:04","date_gmt":"2026-09-02T15:53:04","guid":{"rendered":"https:\/\/kuzeyinsesi.org\/index.php\/2026\/09\/02\/rusya-havalimanlarinda-uzun-sureli-aksamalara-izin-verilmeyecek\/"},"modified":"2026-09-02T18:53:04","modified_gmt":"2026-09-02T15:53:04","slug":"rusya-havalimanlarinda-uzun-sureli-aksamalara-izin-verilmeyecek","status":"publish","type":"post","link":"https:\/\/kuzeyinsesi.org\/index.php\/2026\/09\/02\/rusya-havalimanlarinda-uzun-sureli-aksamalara-izin-verilmeyecek\/","title":{"rendered":"Rusya: Havalimanlar\u0131nda uzun s\u00fcreli aksamalara izin verilmeyecek"},"content":{"rendered":"<p><\/p>\n<div>\n<p>&#13;<br \/>\n\tNikitin, Do\u011fu Ekonomik Forumu kapsam\u0131nda gazetecilere yapt\u0131\u011f\u0131 a\u00e7\u0131klamada, <a href=\"https:\/\/www.trthaber.com\/etiket\/ukrayna\/\" target=\"_blank\">Ukrayna<\/a> Devlet Ba\u015fkan\u0131 Volodimir Zelenskiy&#8217;nin Rus hava sahas\u0131na y\u00f6nelik insans\u0131z hava arac\u0131 (\u0130HA) sald\u0131r\u0131lar\u0131n\u0131n artaca\u011f\u0131 y\u00f6n\u00fcndeki s\u00f6zlerini de\u011ferlendirdi.<\/p>\n<p>&#13;<br \/>\n\t<a href=\"https:\/\/www.trthaber.com\/etiket\/rusya\/\" target=\"_blank\">Rusya<\/a> Ula\u015ft\u0131rma Bakanl\u0131\u011f\u0131n\u0131n, havalimanlar\u0131nda uzun s\u00fcreli kesintileri \u00f6nlemek amac\u0131yla Rusya Savunma Bakanl\u0131\u011f\u0131 ve Rusya Ulusal Muhaf\u0131zlar\u0131yla (Rosgvardiya) yak\u0131n koordinasyon i\u00e7inde \u00e7al\u0131\u015ft\u0131\u011f\u0131n\u0131 belirten Nikitin, u\u00e7u\u015f g\u00fcvenli\u011finin \u00f6ncelikli oldu\u011funu vurgulad\u0131.<\/p>\n<p>&#13;<br \/>\n\tNikitin, &#8220;U\u00e7u\u015f ve havaliman\u0131 g\u00fcvenli\u011fine ili\u015fkin gereklilikleri s\u00fcrekli geli\u015ftiriyoruz ve bunlar\u0131n tamam\u0131na kar\u015f\u0131 verecek yan\u0131tlar\u0131m\u0131z var. Ter\u00f6ristlerin dile getirdi\u011fi t\u00fcm bu tehditlere kar\u015f\u0131 da yan\u0131tlar\u0131m\u0131z mevcut.&#8221; dedi.<\/p>\n<p>&#13;<br \/>\n\tHavalimanlar\u0131nda zaman zaman ge\u00e7ici k\u0131s\u0131tlamalar\u0131n uygulanabilece\u011fine i\u015faret eden Nikitin, sivil <a href=\"https:\/\/www.trthaber.com\/etiket\/havacilik\/\" target=\"_blank\">havac\u0131l\u0131k<\/a> faaliyetlerinde \u00f6nemli ve uzun s\u00fcreli kesintiler ya\u015fanmas\u0131na izin verilmeyece\u011fini ifade etti.<\/p>\n<p>&#13;<br \/>\n\tZelenskiy d\u00fcn yapt\u0131\u011f\u0131 a\u00e7\u0131klamada, yabanc\u0131 <a href=\"https:\/\/www.trthaber.com\/etiket\/hava-yolu\/\" target=\"_blank\">hava yolu<\/a> \u015firketlerini Rusya \u00fczerindeki u\u00e7u\u015flar\u0131n ta\u015f\u0131d\u0131\u011f\u0131 riskler konusunda uyararak, Rus hava sahas\u0131ndaki Ukrayna \u0130HA&#8217;lar\u0131n\u0131n say\u0131s\u0131n\u0131n artaca\u011f\u0131n\u0131 s\u00f6ylemi\u015fti.<\/p>\n<p>&#13;<br \/>\n\tRusya Devlet Ba\u015fkan\u0131 <a href=\"https:\/\/www.trthaber.com\/etiket\/vladimir-putin\/\" target=\"_blank\">Vladimir Putin<\/a> ise Zelenskiy&#8217;nin s\u00f6zlerini &#8220;devlet ter\u00f6r\u00fc&#8221; \u015feklinde nitelendirmi\u015fti.<\/p>\n<\/p><\/div>\n","protected":false},"excerpt":{"rendered":"<p>&#13; Nikitin, Do\u011fu Ekonomik Forumu kapsam\u0131nda gazetecilere yapt\u0131\u011f\u0131 a\u00e7\u0131klamada, Ukrayna Devlet Ba\u015fkan\u0131 Volodimir Zelenskiy&#8217;nin Rus hava sahas\u0131na y\u00f6nelik insans\u0131z hava arac\u0131 (\u0130HA) sald\u0131r\u0131lar\u0131n\u0131n artaca\u011f\u0131 y\u00f6n\u00fcndeki s\u00f6zlerini de\u011ferlendirdi. &#13; Rusya Ula\u015ft\u0131rma Bakanl\u0131\u011f\u0131n\u0131n, havalimanlar\u0131nda uzun s\u00fcreli kesintileri \u00f6nlemek amac\u0131yla Rusya Savunma Bakanl\u0131\u011f\u0131 ve Rusya Ulusal Muhaf\u0131zlar\u0131yla (Rosgvardiya) yak\u0131n koordinasyon i\u00e7inde \u00e7al\u0131\u015ft\u0131\u011f\u0131n\u0131 belirten Nikitin, u\u00e7u\u015f g\u00fcvenli\u011finin \u00f6ncelikli oldu\u011funu [&hellip;]<\/p>\n","protected":false},"author":1,"featured_media":45962,"comment_status":"open","ping_status":"open","sticky":false,"template":"","format":"standard","meta":{"jnews-multi-image_gallery":[],"jnews_single_post":[],"jnews_primary_category":[],"jnews_social_meta":[],"jnews_override_counter":[],"footnotes":""},"categories":[2],"tags":[],"class_list":["post-45961","post","type-post","status-publish","format-standard","has-post-thumbnail","hentry","category-dunya"],"yoast_head":"<!-- This site is optimized with the Yoast SEO plugin v28.4 - https:\/\/yoast.com\/product\/yoast-seo-wordpress\/ -->\n<title>Rusya: Havalimanlar\u0131nda uzun s\u00fcreli aksamalara izin verilmeyecek - Kuzeyin Sesi<\/title>\n<meta name=\"robots\" content=\"index, follow, max-snippet:-1, max-image-preview:large, max-video-preview:-1\" \/>\n<link rel=\"canonical\" href=\"https:\/\/kuzeyinsesi.org\/index.php\/2026\/09\/02\/rusya-havalimanlarinda-uzun-sureli-aksamalara-izin-verilmeyecek\/\" \/>\n<meta property=\"og:locale\" content=\"tr_TR\" \/>\n<meta property=\"og:type\" content=\"article\" \/>\n<meta property=\"og:title\" content=\"Rusya: Havalimanlar\u0131nda uzun s\u00fcreli aksamalara izin verilmeyecek - Kuzeyin Sesi\" \/>\n<meta property=\"og:description\" content=\"&#013; Nikitin, Do\u011fu Ekonomik Forumu kapsam\u0131nda gazetecilere yapt\u0131\u011f\u0131 a\u00e7\u0131klamada, Ukrayna Devlet Ba\u015fkan\u0131 Volodimir Zelenskiy&#8217;nin Rus hava sahas\u0131na y\u00f6nelik insans\u0131z hava arac\u0131 (\u0130HA) sald\u0131r\u0131lar\u0131n\u0131n artaca\u011f\u0131 y\u00f6n\u00fcndeki s\u00f6zlerini de\u011ferlendirdi. &#013; Rusya Ula\u015ft\u0131rma Bakanl\u0131\u011f\u0131n\u0131n, havalimanlar\u0131nda uzun s\u00fcreli kesintileri \u00f6nlemek amac\u0131yla Rusya Savunma Bakanl\u0131\u011f\u0131 ve Rusya Ulusal Muhaf\u0131zlar\u0131yla (Rosgvardiya) yak\u0131n koordinasyon i\u00e7inde \u00e7al\u0131\u015ft\u0131\u011f\u0131n\u0131 belirten Nikitin, u\u00e7u\u015f g\u00fcvenli\u011finin \u00f6ncelikli oldu\u011funu [&hellip;]\" \/>\n<meta property=\"og:url\" content=\"https:\/\/kuzeyinsesi.org\/index.php\/2026\/09\/02\/rusya-havalimanlarinda-uzun-sureli-aksamalara-izin-verilmeyecek\/\" \/>\n<meta property=\"og:site_name\" content=\"Kuzeyin Sesi\" \/>\n<meta property=\"article:publisher\" content=\"https:\/\/www.facebook.com\/kuzeyinsesii\" \/>\n<meta property=\"article:published_time\" content=\"2026-09-02T15:53:04+00:00\" \/>\n<meta property=\"og:image\" content=\"https:\/\/trthaberstatic.cdn.wp.trt.com.tr\/resimler\/1510000\/seremetyevo-havalimani-rusya-reu-1511661.jpg\" \/>\n<meta name=\"author\" content=\"Kuzeyin Sesi\" \/>\n<meta name=\"twitter:card\" content=\"summary_large_image\" \/>\n<meta name=\"twitter:creator\" content=\"@kuzeyinsesii\" \/>\n<meta name=\"twitter:site\" content=\"@kuzeyinsesii\" \/>\n<meta name=\"twitter:label1\" content=\"Yazan:\" \/>\n\t<meta name=\"twitter:data1\" content=\"Kuzeyin Sesi\" \/>\n\t<meta name=\"twitter:label2\" content=\"Tahmini okuma s\u00fcresi\" \/>\n\t<meta name=\"twitter:data2\" content=\"1 dakika\" \/>\n<script type=\"application\/ld+json\" class=\"yoast-schema-graph\">{\"@context\":\"https:\\\/\\\/schema.org\",\"@graph\":[{\"@type\":\"Article\",\"@id\":\"https:\\\/\\\/kuzeyinsesi.org\\\/index.php\\\/2026\\\/09\\\/02\\\/rusya-havalimanlarinda-uzun-sureli-aksamalara-izin-verilmeyecek\\\/#article\",\"isPartOf\":{\"@id\":\"https:\\\/\\\/kuzeyinsesi.org\\\/index.php\\\/2026\\\/09\\\/02\\\/rusya-havalimanlarinda-uzun-sureli-aksamalara-izin-verilmeyecek\\\/\"},\"author\":{\"name\":\"Kuzeyin Sesi\",\"@id\":\"https:\\\/\\\/kuzeyinsesi.org\\\/#\\\/schema\\\/person\\\/9f859689cdf01485597712386e37f5aa\"},\"headline\":\"Rusya: Havalimanlar\u0131nda uzun s\u00fcreli aksamalara izin verilmeyecek\",\"datePublished\":\"2026-09-02T15:53:04+00:00\",\"mainEntityOfPage\":{\"@id\":\"https:\\\/\\\/kuzeyinsesi.org\\\/index.php\\\/2026\\\/09\\\/02\\\/rusya-havalimanlarinda-uzun-sureli-aksamalara-izin-verilmeyecek\\\/\"},\"wordCount\":231,\"commentCount\":0,\"image\":{\"@id\":\"https:\\\/\\\/kuzeyinsesi.org\\\/index.php\\\/2026\\\/09\\\/02\\\/rusya-havalimanlarinda-uzun-sureli-aksamalara-izin-verilmeyecek\\\/#primaryimage\"},\"thumbnailUrl\":\"https:\\\/\\\/kuzeyinsesi.org\\\/wp-content\\\/uploads\\\/2026\\\/09\\\/seremetyevo-havalimani-rusya-reu-1511661.jpg\",\"articleSection\":[\"D\u00fcnya\"],\"inLanguage\":\"tr\",\"potentialAction\":[{\"@type\":\"CommentAction\",\"name\":\"Comment\",\"target\":[\"https:\\\/\\\/kuzeyinsesi.org\\\/index.php\\\/2026\\\/09\\\/02\\\/rusya-havalimanlarinda-uzun-sureli-aksamalara-izin-verilmeyecek\\\/#respond\"]}]},{\"@type\":\"WebPage\",\"@id\":\"https:\\\/\\\/kuzeyinsesi.org\\\/index.php\\\/2026\\\/09\\\/02\\\/rusya-havalimanlarinda-uzun-sureli-aksamalara-izin-verilmeyecek\\\/\",\"url\":\"https:\\\/\\\/kuzeyinsesi.org\\\/index.php\\\/2026\\\/09\\\/02\\\/rusya-havalimanlarinda-uzun-sureli-aksamalara-izin-verilmeyecek\\\/\",\"name\":\"Rusya: Havalimanlar\u0131nda uzun s\u00fcreli aksamalara izin verilmeyecek - Kuzeyin Sesi\",\"isPartOf\":{\"@id\":\"https:\\\/\\\/kuzeyinsesi.org\\\/#website\"},\"primaryImageOfPage\":{\"@id\":\"https:\\\/\\\/kuzeyinsesi.org\\\/index.php\\\/2026\\\/09\\\/02\\\/rusya-havalimanlarinda-uzun-sureli-aksamalara-izin-verilmeyecek\\\/#primaryimage\"},\"image\":{\"@id\":\"https:\\\/\\\/kuzeyinsesi.org\\\/index.php\\\/2026\\\/09\\\/02\\\/rusya-havalimanlarinda-uzun-sureli-aksamalara-izin-verilmeyecek\\\/#primaryimage\"},\"thumbnailUrl\":\"https:\\\/\\\/kuzeyinsesi.org\\\/wp-content\\\/uploads\\\/2026\\\/09\\\/seremetyevo-havalimani-rusya-reu-1511661.jpg\",\"datePublished\":\"2026-09-02T15:53:04+00:00\",\"author\":{\"@id\":\"https:\\\/\\\/kuzeyinsesi.org\\\/#\\\/schema\\\/person\\\/9f859689cdf01485597712386e37f5aa\"},\"breadcrumb\":{\"@id\":\"https:\\\/\\\/kuzeyinsesi.org\\\/index.php\\\/2026\\\/09\\\/02\\\/rusya-havalimanlarinda-uzun-sureli-aksamalara-izin-verilmeyecek\\\/#breadcrumb\"},\"inLanguage\":\"tr\",\"potentialAction\":[{\"@type\":\"ReadAction\",\"target\":[\"https:\\\/\\\/kuzeyinsesi.org\\\/index.php\\\/2026\\\/09\\\/02\\\/rusya-havalimanlarinda-uzun-sureli-aksamalara-izin-verilmeyecek\\\/\"]}]},{\"@type\":\"ImageObject\",\"inLanguage\":\"tr\",\"@id\":\"https:\\\/\\\/kuzeyinsesi.org\\\/index.php\\\/2026\\\/09\\\/02\\\/rusya-havalimanlarinda-uzun-sureli-aksamalara-izin-verilmeyecek\\\/#primaryimage\",\"url\":\"https:\\\/\\\/kuzeyinsesi.org\\\/wp-content\\\/uploads\\\/2026\\\/09\\\/seremetyevo-havalimani-rusya-reu-1511661.jpg\",\"contentUrl\":\"https:\\\/\\\/kuzeyinsesi.org\\\/wp-content\\\/uploads\\\/2026\\\/09\\\/seremetyevo-havalimani-rusya-reu-1511661.jpg\",\"width\":1280,\"height\":720},{\"@type\":\"BreadcrumbList\",\"@id\":\"https:\\\/\\\/kuzeyinsesi.org\\\/index.php\\\/2026\\\/09\\\/02\\\/rusya-havalimanlarinda-uzun-sureli-aksamalara-izin-verilmeyecek\\\/#breadcrumb\",\"itemListElement\":[{\"@type\":\"ListItem\",\"position\":1,\"name\":\"Anasayfa\",\"item\":\"https:\\\/\\\/kuzeyinsesi.org\\\/\"},{\"@type\":\"ListItem\",\"position\":2,\"name\":\"Rusya: Havalimanlar\u0131nda uzun s\u00fcreli aksamalara izin verilmeyecek\"}]},{\"@type\":\"WebSite\",\"@id\":\"https:\\\/\\\/kuzeyinsesi.org\\\/#website\",\"url\":\"https:\\\/\\\/kuzeyinsesi.org\\\/\",\"name\":\"Kuzeyin Sesi\",\"description\":\"Do\u011fru Haberin Adresi\",\"potentialAction\":[{\"@type\":\"SearchAction\",\"target\":{\"@type\":\"EntryPoint\",\"urlTemplate\":\"https:\\\/\\\/kuzeyinsesi.org\\\/?s={search_term_string}\"},\"query-input\":{\"@type\":\"PropertyValueSpecification\",\"valueRequired\":true,\"valueName\":\"search_term_string\"}}],\"inLanguage\":\"tr\"},{\"@type\":\"Person\",\"@id\":\"https:\\\/\\\/kuzeyinsesi.org\\\/#\\\/schema\\\/person\\\/9f859689cdf01485597712386e37f5aa\",\"name\":\"Kuzeyin Sesi\",\"image\":{\"@type\":\"ImageObject\",\"inLanguage\":\"tr\",\"@id\":\"https:\\\/\\\/secure.gravatar.com\\\/avatar\\\/bab33852abfd8b282518d6ed81826833d77c3c882d9ab608add591ccace47a44?s=96&d=mm&r=g\",\"url\":\"https:\\\/\\\/secure.gravatar.com\\\/avatar\\\/bab33852abfd8b282518d6ed81826833d77c3c882d9ab608add591ccace47a44?s=96&d=mm&r=g\",\"contentUrl\":\"https:\\\/\\\/secure.gravatar.com\\\/avatar\\\/bab33852abfd8b282518d6ed81826833d77c3c882d9ab608add591ccace47a44?s=96&d=mm&r=g\",\"caption\":\"Kuzeyin Sesi\"},\"sameAs\":[\"https:\\\/\\\/kuzeyinsesi.org\"],\"url\":\"https:\\\/\\\/kuzeyinsesi.org\\\/index.php\\\/author\\\/guven\\\/\"}]}<\/script>\n<!-- \/ Yoast SEO plugin. -->","yoast_head_json":{"title":"Rusya: Havalimanlar\u0131nda uzun s\u00fcreli aksamalara izin verilmeyecek - Kuzeyin Sesi","robots":{"index":"index","follow":"follow","max-snippet":"max-snippet:-1","max-image-preview":"max-image-preview:large","max-video-preview":"max-video-preview:-1"},"canonical":"https:\/\/kuzeyinsesi.org\/index.php\/2026\/09\/02\/rusya-havalimanlarinda-uzun-sureli-aksamalara-izin-verilmeyecek\/","og_locale":"tr_TR","og_type":"article","og_title":"Rusya: Havalimanlar\u0131nda uzun s\u00fcreli aksamalara izin verilmeyecek - Kuzeyin Sesi","og_description":"&#13; Nikitin, Do\u011fu Ekonomik Forumu kapsam\u0131nda gazetecilere yapt\u0131\u011f\u0131 a\u00e7\u0131klamada, Ukrayna Devlet Ba\u015fkan\u0131 Volodimir Zelenskiy&#8217;nin Rus hava sahas\u0131na y\u00f6nelik insans\u0131z hava arac\u0131 (\u0130HA) sald\u0131r\u0131lar\u0131n\u0131n artaca\u011f\u0131 y\u00f6n\u00fcndeki s\u00f6zlerini de\u011ferlendirdi. &#13; Rusya Ula\u015ft\u0131rma Bakanl\u0131\u011f\u0131n\u0131n, havalimanlar\u0131nda uzun s\u00fcreli kesintileri \u00f6nlemek amac\u0131yla Rusya Savunma Bakanl\u0131\u011f\u0131 ve Rusya Ulusal Muhaf\u0131zlar\u0131yla (Rosgvardiya) yak\u0131n koordinasyon i\u00e7inde \u00e7al\u0131\u015ft\u0131\u011f\u0131n\u0131 belirten Nikitin, u\u00e7u\u015f g\u00fcvenli\u011finin \u00f6ncelikli oldu\u011funu [&hellip;]","og_url":"https:\/\/kuzeyinsesi.org\/index.php\/2026\/09\/02\/rusya-havalimanlarinda-uzun-sureli-aksamalara-izin-verilmeyecek\/","og_site_name":"Kuzeyin Sesi","article_publisher":"https:\/\/www.facebook.com\/kuzeyinsesii","article_published_time":"2026-09-02T15:53:04+00:00","og_image":[{"url":"https:\/\/trthaberstatic.cdn.wp.trt.com.tr\/resimler\/1510000\/seremetyevo-havalimani-rusya-reu-1511661.jpg","type":"","width":"","height":""}],"author":"Kuzeyin Sesi","twitter_card":"summary_large_image","twitter_creator":"@kuzeyinsesii","twitter_site":"@kuzeyinsesii","twitter_misc":{"Yazan:":"Kuzeyin Sesi","Tahmini okuma s\u00fcresi":"1 dakika"},"schema":{"@context":"https:\/\/schema.org","@graph":[{"@type":"Article","@id":"https:\/\/kuzeyinsesi.org\/index.php\/2026\/09\/02\/rusya-havalimanlarinda-uzun-sureli-aksamalara-izin-verilmeyecek\/#article","isPartOf":{"@id":"https:\/\/kuzeyinsesi.org\/index.php\/2026\/09\/02\/rusya-havalimanlarinda-uzun-sureli-aksamalara-izin-verilmeyecek\/"},"author":{"name":"Kuzeyin Sesi","@id":"https:\/\/kuzeyinsesi.org\/#\/schema\/person\/9f859689cdf01485597712386e37f5aa"},"headline":"Rusya: Havalimanlar\u0131nda uzun s\u00fcreli aksamalara izin verilmeyecek","datePublished":"2026-09-02T15:53:04+00:00","mainEntityOfPage":{"@id":"https:\/\/kuzeyinsesi.org\/index.php\/2026\/09\/02\/rusya-havalimanlarinda-uzun-sureli-aksamalara-izin-verilmeyecek\/"},"wordCount":231,"commentCount":0,"image":{"@id":"https:\/\/kuzeyinsesi.org\/index.php\/2026\/09\/02\/rusya-havalimanlarinda-uzun-sureli-aksamalara-izin-verilmeyecek\/#primaryimage"},"thumbnailUrl":"https:\/\/kuzeyinsesi.org\/wp-content\/uploads\/2026\/09\/seremetyevo-havalimani-rusya-reu-1511661.jpg","articleSection":["D\u00fcnya"],"inLanguage":"tr","potentialAction":[{"@type":"CommentAction","name":"Comment","target":["https:\/\/kuzeyinsesi.org\/index.php\/2026\/09\/02\/rusya-havalimanlarinda-uzun-sureli-aksamalara-izin-verilmeyecek\/#respond"]}]},{"@type":"WebPage","@id":"https:\/\/kuzeyinsesi.org\/index.php\/2026\/09\/02\/rusya-havalimanlarinda-uzun-sureli-aksamalara-izin-verilmeyecek\/","url":"https:\/\/kuzeyinsesi.org\/index.php\/2026\/09\/02\/rusya-havalimanlarinda-uzun-sureli-aksamalara-izin-verilmeyecek\/","name":"Rusya: Havalimanlar\u0131nda uzun s\u00fcreli aksamalara izin verilmeyecek - Kuzeyin Sesi","isPartOf":{"@id":"https:\/\/kuzeyinsesi.org\/#website"},"primaryImageOfPage":{"@id":"https:\/\/kuzeyinsesi.org\/index.php\/2026\/09\/02\/rusya-havalimanlarinda-uzun-sureli-aksamalara-izin-verilmeyecek\/#primaryimage"},"image":{"@id":"https:\/\/kuzeyinsesi.org\/index.php\/2026\/09\/02\/rusya-havalimanlarinda-uzun-sureli-aksamalara-izin-verilmeyecek\/#primaryimage"},"thumbnailUrl":"https:\/\/kuzeyinsesi.org\/wp-content\/uploads\/2026\/09\/seremetyevo-havalimani-rusya-reu-1511661.jpg","datePublished":"2026-09-02T15:53:04+00:00","author":{"@id":"https:\/\/kuzeyinsesi.org\/#\/schema\/person\/9f859689cdf01485597712386e37f5aa"},"breadcrumb":{"@id":"https:\/\/kuzeyinsesi.org\/index.php\/2026\/09\/02\/rusya-havalimanlarinda-uzun-sureli-aksamalara-izin-verilmeyecek\/#breadcrumb"},"inLanguage":"tr","potentialAction":[{"@type":"ReadAction","target":["https:\/\/kuzeyinsesi.org\/index.php\/2026\/09\/02\/rusya-havalimanlarinda-uzun-sureli-aksamalara-izin-verilmeyecek\/"]}]},{"@type":"ImageObject","inLanguage":"tr","@id":"https:\/\/kuzeyinsesi.org\/index.php\/2026\/09\/02\/rusya-havalimanlarinda-uzun-sureli-aksamalara-izin-verilmeyecek\/#primaryimage","url":"https:\/\/kuzeyinsesi.org\/wp-content\/uploads\/2026\/09\/seremetyevo-havalimani-rusya-reu-1511661.jpg","contentUrl":"https:\/\/kuzeyinsesi.org\/wp-content\/uploads\/2026\/09\/seremetyevo-havalimani-rusya-reu-1511661.jpg","width":1280,"height":720},{"@type":"BreadcrumbList","@id":"https:\/\/kuzeyinsesi.org\/index.php\/2026\/09\/02\/rusya-havalimanlarinda-uzun-sureli-aksamalara-izin-verilmeyecek\/#breadcrumb","itemListElement":[{"@type":"ListItem","position":1,"name":"Anasayfa","item":"https:\/\/kuzeyinsesi.org\/"},{"@type":"ListItem","position":2,"name":"Rusya: Havalimanlar\u0131nda uzun s\u00fcreli aksamalara izin verilmeyecek"}]},{"@type":"WebSite","@id":"https:\/\/kuzeyinsesi.org\/#website","url":"https:\/\/kuzeyinsesi.org\/","name":"Kuzeyin Sesi","description":"Do\u011fru Haberin Adresi","potentialAction":[{"@type":"SearchAction","target":{"@type":"EntryPoint","urlTemplate":"https:\/\/kuzeyinsesi.org\/?s={search_term_string}"},"query-input":{"@type":"PropertyValueSpecification","valueRequired":true,"valueName":"search_term_string"}}],"inLanguage":"tr"},{"@type":"Person","@id":"https:\/\/kuzeyinsesi.org\/#\/schema\/person\/9f859689cdf01485597712386e37f5aa","name":"Kuzeyin Sesi","image":{"@type":"ImageObject","inLanguage":"tr","@id":"https:\/\/secure.gravatar.com\/avatar\/bab33852abfd8b282518d6ed81826833d77c3c882d9ab608add591ccace47a44?s=96&d=mm&r=g","url":"https:\/\/secure.gravatar.com\/avatar\/bab33852abfd8b282518d6ed81826833d77c3c882d9ab608add591ccace47a44?s=96&d=mm&r=g","contentUrl":"https:\/\/secure.gravatar.com\/avatar\/bab33852abfd8b282518d6ed81826833d77c3c882d9ab608add591ccace47a44?s=96&d=mm&r=g","caption":"Kuzeyin Sesi"},"sameAs":["https:\/\/kuzeyinsesi.org"],"url":"https:\/\/kuzeyinsesi.org\/index.php\/author\/guven\/"}]}},"_links":{"self":[{"href":"https:\/\/kuzeyinsesi.org\/index.php\/wp-json\/wp\/v2\/posts\/45961","targetHints":{"allow":["GET"]}}],"collection":[{"href":"https:\/\/kuzeyinsesi.org\/index.php\/wp-json\/wp\/v2\/posts"}],"about":[{"href":"https:\/\/kuzeyinsesi.org\/index.php\/wp-json\/wp\/v2\/types\/post"}],"author":[{"embeddable":true,"href":"https:\/\/kuzeyinsesi.org\/index.php\/wp-json\/wp\/v2\/users\/1"}],"replies":[{"embeddable":true,"href":"https:\/\/kuzeyinsesi.org\/index.php\/wp-json\/wp\/v2\/comments?post=45961"}],"version-history":[{"count":0,"href":"https:\/\/kuzeyinsesi.org\/index.php\/wp-json\/wp\/v2\/posts\/45961\/revisions"}],"wp:featuredmedia":[{"embeddable":true,"href":"https:\/\/kuzeyinsesi.org\/index.php\/wp-json\/wp\/v2\/media\/45962"}],"wp:attachment":[{"href":"https:\/\/kuzeyinsesi.org\/index.php\/wp-json\/wp\/v2\/media?parent=45961"}],"wp:term":[{"taxonomy":"category","embeddable":true,"href":"https:\/\/kuzeyinsesi.org\/index.php\/wp-json\/wp\/v2\/categories?post=45961"},{"taxonomy":"post_tag","embeddable":true,"href":"https:\/\/kuzeyinsesi.org\/index.php\/wp-json\/wp\/v2\/tags?post=45961"}],"curies":[{"name":"wp","href":"https:\/\/api.w.org\/{rel}","templated":true}]}}