{"id":45960,"date":"2026-09-02T18:22:04","date_gmt":"2026-09-02T15:22:04","guid":{"rendered":"https:\/\/kuzeyinsesi.org\/index.php\/2026\/09\/02\/karanlik-maddenin-ilk-dogrudan-kaniti-bulunmus-olabilir\/"},"modified":"2026-09-02T18:22:04","modified_gmt":"2026-09-02T15:22:04","slug":"karanlik-maddenin-ilk-dogrudan-kaniti-bulunmus-olabilir","status":"publish","type":"post","link":"https:\/\/kuzeyinsesi.org\/index.php\/2026\/09\/02\/karanlik-maddenin-ilk-dogrudan-kaniti-bulunmus-olabilir\/","title":{"rendered":"Karanl\u0131k maddenin ilk do\u011frudan kan\u0131t\u0131 bulunmu\u015f olabilir"},"content":{"rendered":"<p><\/p>\n<div>\n<p>&#13;<br \/>\n\tBilim d\u00fcnyas\u0131, evrendeki toplam k\u00fctlenin y\u00fczde 85\u2019ini olu\u015fturmas\u0131na ra\u011fmen yap\u0131s\u0131 hen\u00fcz \u00e7\u00f6z\u00fclemeyen karanl\u0131k maddeyi ayd\u0131nlatacak tarihi bir e\u015fikte olabilir.<\/p>\n<p>&#13;<br \/>\n\tI\u015f\u0131kla veya elektromanyetik radyasyonla etkile\u015fime girmedi\u011fi i\u00e7in g\u00f6zlemlenemeyen bu gizemli madde; gezegenleri, y\u0131ld\u0131zlar\u0131 ve canl\u0131lar\u0131 olu\u015fturan proton ya da n\u00f6tron gibi bilinen atomik par\u00e7ac\u0131klardan meydana gelmiyor.<\/p>\n<p>&#13;<br \/>\n\tPar\u00e7ac\u0131k fizi\u011finin mevcut standart modellerinin \u00f6tesine ge\u00e7en ara\u015ft\u0131rmac\u0131lar, \u015fimdiye kadar sonu\u00e7suz kalan aray\u0131\u015flar\u0131nda nihayet somut bir sinyale ula\u015ft\u0131.<\/p>\n<h2>&#13;<br \/>\n\tYerin bir mil alt\u0131ndaki dev dedekt\u00f6r<\/h2>\n<p>&#13;<br \/>\n\tS\u00f6z konusu potansiyel ke\u015fif, ABD&#8217;nin G\u00fcney Dakota eyaletinde yer alan Sanford Yeralt\u0131 <a href=\"https:\/\/www.trthaber.com\/etiket\/arastirma\/\" target=\"_blank\">Ara\u015ft\u0131rma<\/a> Tesisi&#8217;nde ger\u00e7ekle\u015ftirildi. Yerin yakla\u015f\u0131k bir mil alt\u0131na kurulan ve 10 ton ultra saf s\u0131v\u0131 ksenon i\u00e7eren LUX-ZEPLIN dedekt\u00f6r\u00fc, bilinen hi\u00e7bir arka plan sinyaliyle a\u00e7\u0131klanamayan tek bir par\u00e7ac\u0131k etkile\u015fimi kaydetti.<\/p>\n<p>&#13;<br \/>\n\tBilim insanlar\u0131, bu sinyalin karanl\u0131k maddenin en g\u00fc\u00e7l\u00fc aday\u0131 olarak kabul edilen WIMP (zay\u0131f etkile\u015fimli b\u00fcy\u00fck k\u00fctleli par\u00e7ac\u0131k) ile s\u0131radan bir par\u00e7ac\u0131k aras\u0131ndaki temastan kaynakland\u0131\u011f\u0131n\u0131 de\u011ferlendiriyor. Ara\u015ft\u0131rma ekibinin lideri Sam Eriksen, bu t\u00fcr olaylar\u0131n son derece nadir ya\u015fand\u0131\u011f\u0131n\u0131 ve dedekt\u00f6r\u00fcn hassasiyeti sayesinde tek bir ola\u011fan d\u0131\u015f\u0131 temas\u0131n bile b\u00fcy\u00fck bir de\u011fer ta\u015f\u0131d\u0131\u011f\u0131n\u0131 vurgulad\u0131.<\/p>\n<h2>&#13;<br \/>\n\tEvrenin gizemli par\u00e7ac\u0131\u011f\u0131 hakk\u0131nda yeni ipu\u00e7lar\u0131<\/h2>\n<p>&#13;<br \/>\n\tElde edilen veriler, do\u011frulanmas\u0131 halinde WIMP par\u00e7ac\u0131klar\u0131 hakk\u0131nda kritik bilgileri a\u00e7\u0131\u011fa \u00e7\u0131karacak. Dedekt\u00f6rden gelen ilk sinyal, bu kuramsal par\u00e7ac\u0131klar\u0131n k\u00fctlesinin bir protondan yakla\u015f\u0131k 200 kat daha b\u00fcy\u00fck oldu\u011funu g\u00f6steriyor. Ayr\u0131ca par\u00e7ac\u0131klar\u0131n s\u0131radan maddeyle daha \u00f6nce \u00f6ng\u00f6r\u00fclenden \u00e7ok daha farkl\u0131 bir bi\u00e7imde etkile\u015fime girdi\u011fi anla\u015f\u0131l\u0131yor.<\/p>\n<h2>&#13;<br \/>\n\tSonu\u00e7lar hen\u00fcz kesinle\u015fmedi<\/h2>\n<p>&#13;<br \/>\n\tBilim insanlar\u0131 bulgular\u0131n hen\u00fcz kesin bir <a href=\"https:\/\/www.trthaber.com\/etiket\/kesif\/\" target=\"_blank\">ke\u015fif<\/a> olarak nitelendirilemeyece\u011fini, sinyalin bilinen do\u011fal arka plan g\u00fcr\u00fclt\u00fcs\u00fcnden kaynaklanma ihtimalinin y\u00fczde 0,5 oldu\u011funu belirtiyor. \u0130statistiki kesinli\u011fe ula\u015fmak i\u00e7in dedekt\u00f6r\u00fcn veri toplamaya devam etmesi planlan\u0131yor.<\/p>\n<p>&#13;<br \/>\n\tAncak WIMP etkile\u015fimleri do\u011fas\u0131 gere\u011fi son derece seyrek g\u00f6r\u00fcld\u00fc\u011f\u00fc i\u00e7in, benzer birka\u00e7 tespitin daha yap\u0131lmas\u0131 evrenin en b\u00fcy\u00fck s\u0131rr\u0131n\u0131 \u00e7\u00f6zmek ad\u0131na yeterli olacak. Ara\u015ft\u0131rma sonu\u00e7lar\u0131 2026 TeV Par\u00e7ac\u0131k Astrofizi\u011fi Konferans\u0131\u2019nda sunulurken, hakemli bilim dergisi Physical Review Letters\u2019a da inceleme i\u00e7in g\u00f6nderildi.<\/p>\n<\/p><\/div>\n","protected":false},"excerpt":{"rendered":"<p>&#13; Bilim d\u00fcnyas\u0131, evrendeki toplam k\u00fctlenin y\u00fczde 85\u2019ini olu\u015fturmas\u0131na ra\u011fmen yap\u0131s\u0131 hen\u00fcz \u00e7\u00f6z\u00fclemeyen karanl\u0131k maddeyi ayd\u0131nlatacak tarihi bir e\u015fikte olabilir. &#13; I\u015f\u0131kla veya elektromanyetik radyasyonla etkile\u015fime girmedi\u011fi i\u00e7in g\u00f6zlemlenemeyen bu gizemli madde; gezegenleri, y\u0131ld\u0131zlar\u0131 ve canl\u0131lar\u0131 olu\u015fturan proton ya da n\u00f6tron gibi bilinen atomik par\u00e7ac\u0131klardan meydana gelmiyor. &#13; Par\u00e7ac\u0131k fizi\u011finin mevcut standart modellerinin \u00f6tesine ge\u00e7en [&hellip;]<\/p>\n","protected":false},"author":1,"featured_media":45611,"comment_status":"open","ping_status":"open","sticky":false,"template":"","format":"standard","meta":{"jnews-multi-image_gallery":[],"jnews_single_post":[],"jnews_primary_category":[],"jnews_social_meta":[],"jnews_override_counter":[],"footnotes":""},"categories":[2],"tags":[],"class_list":["post-45960","post","type-post","status-publish","format-standard","has-post-thumbnail","hentry","category-dunya"],"yoast_head":"<!-- This site is optimized with the Yoast SEO plugin v28.4 - https:\/\/yoast.com\/product\/yoast-seo-wordpress\/ -->\n<title>Karanl\u0131k maddenin ilk do\u011frudan kan\u0131t\u0131 bulunmu\u015f olabilir - Kuzeyin Sesi<\/title>\n<meta name=\"robots\" content=\"index, follow, max-snippet:-1, max-image-preview:large, max-video-preview:-1\" \/>\n<link rel=\"canonical\" href=\"https:\/\/kuzeyinsesi.org\/index.php\/2026\/09\/02\/karanlik-maddenin-ilk-dogrudan-kaniti-bulunmus-olabilir\/\" \/>\n<meta property=\"og:locale\" content=\"tr_TR\" \/>\n<meta property=\"og:type\" content=\"article\" \/>\n<meta property=\"og:title\" content=\"Karanl\u0131k maddenin ilk do\u011frudan kan\u0131t\u0131 bulunmu\u015f olabilir - Kuzeyin Sesi\" \/>\n<meta property=\"og:description\" content=\"&#013; Bilim d\u00fcnyas\u0131, evrendeki toplam k\u00fctlenin y\u00fczde 85\u2019ini olu\u015fturmas\u0131na ra\u011fmen yap\u0131s\u0131 hen\u00fcz \u00e7\u00f6z\u00fclemeyen karanl\u0131k maddeyi ayd\u0131nlatacak tarihi bir e\u015fikte olabilir. &#013; I\u015f\u0131kla veya elektromanyetik radyasyonla etkile\u015fime girmedi\u011fi i\u00e7in g\u00f6zlemlenemeyen bu gizemli madde; gezegenleri, y\u0131ld\u0131zlar\u0131 ve canl\u0131lar\u0131 olu\u015fturan proton ya da n\u00f6tron gibi bilinen atomik par\u00e7ac\u0131klardan meydana gelmiyor. &#013; Par\u00e7ac\u0131k fizi\u011finin mevcut standart modellerinin \u00f6tesine ge\u00e7en [&hellip;]\" \/>\n<meta property=\"og:url\" content=\"https:\/\/kuzeyinsesi.org\/index.php\/2026\/09\/02\/karanlik-maddenin-ilk-dogrudan-kaniti-bulunmus-olabilir\/\" \/>\n<meta property=\"og:site_name\" content=\"Kuzeyin Sesi\" \/>\n<meta property=\"article:publisher\" content=\"https:\/\/www.facebook.com\/kuzeyinsesii\" \/>\n<meta property=\"article:published_time\" content=\"2026-09-02T15:22:04+00:00\" \/>\n<meta property=\"og:image\" content=\"https:\/\/trthaberstatic.cdn.wp.trt.com.tr\/resimler\/2462000\/uzay-getty-2463960.jpg\" \/>\n<meta name=\"author\" content=\"Kuzeyin Sesi\" \/>\n<meta name=\"twitter:card\" content=\"summary_large_image\" \/>\n<meta name=\"twitter:creator\" content=\"@kuzeyinsesii\" \/>\n<meta name=\"twitter:site\" content=\"@kuzeyinsesii\" \/>\n<meta name=\"twitter:label1\" content=\"Yazan:\" \/>\n\t<meta name=\"twitter:data1\" content=\"Kuzeyin Sesi\" \/>\n\t<meta name=\"twitter:label2\" content=\"Tahmini okuma s\u00fcresi\" \/>\n\t<meta name=\"twitter:data2\" content=\"2 dakika\" \/>\n<script type=\"application\/ld+json\" class=\"yoast-schema-graph\">{\"@context\":\"https:\\\/\\\/schema.org\",\"@graph\":[{\"@type\":\"Article\",\"@id\":\"https:\\\/\\\/kuzeyinsesi.org\\\/index.php\\\/2026\\\/09\\\/02\\\/karanlik-maddenin-ilk-dogrudan-kaniti-bulunmus-olabilir\\\/#article\",\"isPartOf\":{\"@id\":\"https:\\\/\\\/kuzeyinsesi.org\\\/index.php\\\/2026\\\/09\\\/02\\\/karanlik-maddenin-ilk-dogrudan-kaniti-bulunmus-olabilir\\\/\"},\"author\":{\"name\":\"Kuzeyin Sesi\",\"@id\":\"https:\\\/\\\/kuzeyinsesi.org\\\/#\\\/schema\\\/person\\\/9f859689cdf01485597712386e37f5aa\"},\"headline\":\"Karanl\u0131k maddenin ilk do\u011frudan kan\u0131t\u0131 bulunmu\u015f olabilir\",\"datePublished\":\"2026-09-02T15:22:04+00:00\",\"mainEntityOfPage\":{\"@id\":\"https:\\\/\\\/kuzeyinsesi.org\\\/index.php\\\/2026\\\/09\\\/02\\\/karanlik-maddenin-ilk-dogrudan-kaniti-bulunmus-olabilir\\\/\"},\"wordCount\":453,\"commentCount\":0,\"image\":{\"@id\":\"https:\\\/\\\/kuzeyinsesi.org\\\/index.php\\\/2026\\\/09\\\/02\\\/karanlik-maddenin-ilk-dogrudan-kaniti-bulunmus-olabilir\\\/#primaryimage\"},\"thumbnailUrl\":\"https:\\\/\\\/kuzeyinsesi.org\\\/wp-content\\\/uploads\\\/2026\\\/08\\\/uzay-getty-2463960.jpg\",\"articleSection\":[\"D\u00fcnya\"],\"inLanguage\":\"tr\",\"potentialAction\":[{\"@type\":\"CommentAction\",\"name\":\"Comment\",\"target\":[\"https:\\\/\\\/kuzeyinsesi.org\\\/index.php\\\/2026\\\/09\\\/02\\\/karanlik-maddenin-ilk-dogrudan-kaniti-bulunmus-olabilir\\\/#respond\"]}]},{\"@type\":\"WebPage\",\"@id\":\"https:\\\/\\\/kuzeyinsesi.org\\\/index.php\\\/2026\\\/09\\\/02\\\/karanlik-maddenin-ilk-dogrudan-kaniti-bulunmus-olabilir\\\/\",\"url\":\"https:\\\/\\\/kuzeyinsesi.org\\\/index.php\\\/2026\\\/09\\\/02\\\/karanlik-maddenin-ilk-dogrudan-kaniti-bulunmus-olabilir\\\/\",\"name\":\"Karanl\u0131k maddenin ilk do\u011frudan kan\u0131t\u0131 bulunmu\u015f olabilir - Kuzeyin Sesi\",\"isPartOf\":{\"@id\":\"https:\\\/\\\/kuzeyinsesi.org\\\/#website\"},\"primaryImageOfPage\":{\"@id\":\"https:\\\/\\\/kuzeyinsesi.org\\\/index.php\\\/2026\\\/09\\\/02\\\/karanlik-maddenin-ilk-dogrudan-kaniti-bulunmus-olabilir\\\/#primaryimage\"},\"image\":{\"@id\":\"https:\\\/\\\/kuzeyinsesi.org\\\/index.php\\\/2026\\\/09\\\/02\\\/karanlik-maddenin-ilk-dogrudan-kaniti-bulunmus-olabilir\\\/#primaryimage\"},\"thumbnailUrl\":\"https:\\\/\\\/kuzeyinsesi.org\\\/wp-content\\\/uploads\\\/2026\\\/08\\\/uzay-getty-2463960.jpg\",\"datePublished\":\"2026-09-02T15:22:04+00:00\",\"author\":{\"@id\":\"https:\\\/\\\/kuzeyinsesi.org\\\/#\\\/schema\\\/person\\\/9f859689cdf01485597712386e37f5aa\"},\"breadcrumb\":{\"@id\":\"https:\\\/\\\/kuzeyinsesi.org\\\/index.php\\\/2026\\\/09\\\/02\\\/karanlik-maddenin-ilk-dogrudan-kaniti-bulunmus-olabilir\\\/#breadcrumb\"},\"inLanguage\":\"tr\",\"potentialAction\":[{\"@type\":\"ReadAction\",\"target\":[\"https:\\\/\\\/kuzeyinsesi.org\\\/index.php\\\/2026\\\/09\\\/02\\\/karanlik-maddenin-ilk-dogrudan-kaniti-bulunmus-olabilir\\\/\"]}]},{\"@type\":\"ImageObject\",\"inLanguage\":\"tr\",\"@id\":\"https:\\\/\\\/kuzeyinsesi.org\\\/index.php\\\/2026\\\/09\\\/02\\\/karanlik-maddenin-ilk-dogrudan-kaniti-bulunmus-olabilir\\\/#primaryimage\",\"url\":\"https:\\\/\\\/kuzeyinsesi.org\\\/wp-content\\\/uploads\\\/2026\\\/08\\\/uzay-getty-2463960.jpg\",\"contentUrl\":\"https:\\\/\\\/kuzeyinsesi.org\\\/wp-content\\\/uploads\\\/2026\\\/08\\\/uzay-getty-2463960.jpg\",\"width\":1280,\"height\":720},{\"@type\":\"BreadcrumbList\",\"@id\":\"https:\\\/\\\/kuzeyinsesi.org\\\/index.php\\\/2026\\\/09\\\/02\\\/karanlik-maddenin-ilk-dogrudan-kaniti-bulunmus-olabilir\\\/#breadcrumb\",\"itemListElement\":[{\"@type\":\"ListItem\",\"position\":1,\"name\":\"Anasayfa\",\"item\":\"https:\\\/\\\/kuzeyinsesi.org\\\/\"},{\"@type\":\"ListItem\",\"position\":2,\"name\":\"Karanl\u0131k maddenin ilk do\u011frudan kan\u0131t\u0131 bulunmu\u015f olabilir\"}]},{\"@type\":\"WebSite\",\"@id\":\"https:\\\/\\\/kuzeyinsesi.org\\\/#website\",\"url\":\"https:\\\/\\\/kuzeyinsesi.org\\\/\",\"name\":\"Kuzeyin Sesi\",\"description\":\"Do\u011fru Haberin Adresi\",\"potentialAction\":[{\"@type\":\"SearchAction\",\"target\":{\"@type\":\"EntryPoint\",\"urlTemplate\":\"https:\\\/\\\/kuzeyinsesi.org\\\/?s={search_term_string}\"},\"query-input\":{\"@type\":\"PropertyValueSpecification\",\"valueRequired\":true,\"valueName\":\"search_term_string\"}}],\"inLanguage\":\"tr\"},{\"@type\":\"Person\",\"@id\":\"https:\\\/\\\/kuzeyinsesi.org\\\/#\\\/schema\\\/person\\\/9f859689cdf01485597712386e37f5aa\",\"name\":\"Kuzeyin Sesi\",\"image\":{\"@type\":\"ImageObject\",\"inLanguage\":\"tr\",\"@id\":\"https:\\\/\\\/secure.gravatar.com\\\/avatar\\\/bab33852abfd8b282518d6ed81826833d77c3c882d9ab608add591ccace47a44?s=96&d=mm&r=g\",\"url\":\"https:\\\/\\\/secure.gravatar.com\\\/avatar\\\/bab33852abfd8b282518d6ed81826833d77c3c882d9ab608add591ccace47a44?s=96&d=mm&r=g\",\"contentUrl\":\"https:\\\/\\\/secure.gravatar.com\\\/avatar\\\/bab33852abfd8b282518d6ed81826833d77c3c882d9ab608add591ccace47a44?s=96&d=mm&r=g\",\"caption\":\"Kuzeyin Sesi\"},\"sameAs\":[\"https:\\\/\\\/kuzeyinsesi.org\"],\"url\":\"https:\\\/\\\/kuzeyinsesi.org\\\/index.php\\\/author\\\/guven\\\/\"}]}<\/script>\n<!-- \/ Yoast SEO plugin. -->","yoast_head_json":{"title":"Karanl\u0131k maddenin ilk do\u011frudan kan\u0131t\u0131 bulunmu\u015f olabilir - Kuzeyin Sesi","robots":{"index":"index","follow":"follow","max-snippet":"max-snippet:-1","max-image-preview":"max-image-preview:large","max-video-preview":"max-video-preview:-1"},"canonical":"https:\/\/kuzeyinsesi.org\/index.php\/2026\/09\/02\/karanlik-maddenin-ilk-dogrudan-kaniti-bulunmus-olabilir\/","og_locale":"tr_TR","og_type":"article","og_title":"Karanl\u0131k maddenin ilk do\u011frudan kan\u0131t\u0131 bulunmu\u015f olabilir - Kuzeyin Sesi","og_description":"&#13; Bilim d\u00fcnyas\u0131, evrendeki toplam k\u00fctlenin y\u00fczde 85\u2019ini olu\u015fturmas\u0131na ra\u011fmen yap\u0131s\u0131 hen\u00fcz \u00e7\u00f6z\u00fclemeyen karanl\u0131k maddeyi ayd\u0131nlatacak tarihi bir e\u015fikte olabilir. &#13; I\u015f\u0131kla veya elektromanyetik radyasyonla etkile\u015fime girmedi\u011fi i\u00e7in g\u00f6zlemlenemeyen bu gizemli madde; gezegenleri, y\u0131ld\u0131zlar\u0131 ve canl\u0131lar\u0131 olu\u015fturan proton ya da n\u00f6tron gibi bilinen atomik par\u00e7ac\u0131klardan meydana gelmiyor. &#13; Par\u00e7ac\u0131k fizi\u011finin mevcut standart modellerinin \u00f6tesine ge\u00e7en [&hellip;]","og_url":"https:\/\/kuzeyinsesi.org\/index.php\/2026\/09\/02\/karanlik-maddenin-ilk-dogrudan-kaniti-bulunmus-olabilir\/","og_site_name":"Kuzeyin Sesi","article_publisher":"https:\/\/www.facebook.com\/kuzeyinsesii","article_published_time":"2026-09-02T15:22:04+00:00","og_image":[{"url":"https:\/\/trthaberstatic.cdn.wp.trt.com.tr\/resimler\/2462000\/uzay-getty-2463960.jpg","type":"","width":"","height":""}],"author":"Kuzeyin Sesi","twitter_card":"summary_large_image","twitter_creator":"@kuzeyinsesii","twitter_site":"@kuzeyinsesii","twitter_misc":{"Yazan:":"Kuzeyin Sesi","Tahmini okuma s\u00fcresi":"2 dakika"},"schema":{"@context":"https:\/\/schema.org","@graph":[{"@type":"Article","@id":"https:\/\/kuzeyinsesi.org\/index.php\/2026\/09\/02\/karanlik-maddenin-ilk-dogrudan-kaniti-bulunmus-olabilir\/#article","isPartOf":{"@id":"https:\/\/kuzeyinsesi.org\/index.php\/2026\/09\/02\/karanlik-maddenin-ilk-dogrudan-kaniti-bulunmus-olabilir\/"},"author":{"name":"Kuzeyin Sesi","@id":"https:\/\/kuzeyinsesi.org\/#\/schema\/person\/9f859689cdf01485597712386e37f5aa"},"headline":"Karanl\u0131k maddenin ilk do\u011frudan kan\u0131t\u0131 bulunmu\u015f olabilir","datePublished":"2026-09-02T15:22:04+00:00","mainEntityOfPage":{"@id":"https:\/\/kuzeyinsesi.org\/index.php\/2026\/09\/02\/karanlik-maddenin-ilk-dogrudan-kaniti-bulunmus-olabilir\/"},"wordCount":453,"commentCount":0,"image":{"@id":"https:\/\/kuzeyinsesi.org\/index.php\/2026\/09\/02\/karanlik-maddenin-ilk-dogrudan-kaniti-bulunmus-olabilir\/#primaryimage"},"thumbnailUrl":"https:\/\/kuzeyinsesi.org\/wp-content\/uploads\/2026\/08\/uzay-getty-2463960.jpg","articleSection":["D\u00fcnya"],"inLanguage":"tr","potentialAction":[{"@type":"CommentAction","name":"Comment","target":["https:\/\/kuzeyinsesi.org\/index.php\/2026\/09\/02\/karanlik-maddenin-ilk-dogrudan-kaniti-bulunmus-olabilir\/#respond"]}]},{"@type":"WebPage","@id":"https:\/\/kuzeyinsesi.org\/index.php\/2026\/09\/02\/karanlik-maddenin-ilk-dogrudan-kaniti-bulunmus-olabilir\/","url":"https:\/\/kuzeyinsesi.org\/index.php\/2026\/09\/02\/karanlik-maddenin-ilk-dogrudan-kaniti-bulunmus-olabilir\/","name":"Karanl\u0131k maddenin ilk do\u011frudan kan\u0131t\u0131 bulunmu\u015f olabilir - Kuzeyin Sesi","isPartOf":{"@id":"https:\/\/kuzeyinsesi.org\/#website"},"primaryImageOfPage":{"@id":"https:\/\/kuzeyinsesi.org\/index.php\/2026\/09\/02\/karanlik-maddenin-ilk-dogrudan-kaniti-bulunmus-olabilir\/#primaryimage"},"image":{"@id":"https:\/\/kuzeyinsesi.org\/index.php\/2026\/09\/02\/karanlik-maddenin-ilk-dogrudan-kaniti-bulunmus-olabilir\/#primaryimage"},"thumbnailUrl":"https:\/\/kuzeyinsesi.org\/wp-content\/uploads\/2026\/08\/uzay-getty-2463960.jpg","datePublished":"2026-09-02T15:22:04+00:00","author":{"@id":"https:\/\/kuzeyinsesi.org\/#\/schema\/person\/9f859689cdf01485597712386e37f5aa"},"breadcrumb":{"@id":"https:\/\/kuzeyinsesi.org\/index.php\/2026\/09\/02\/karanlik-maddenin-ilk-dogrudan-kaniti-bulunmus-olabilir\/#breadcrumb"},"inLanguage":"tr","potentialAction":[{"@type":"ReadAction","target":["https:\/\/kuzeyinsesi.org\/index.php\/2026\/09\/02\/karanlik-maddenin-ilk-dogrudan-kaniti-bulunmus-olabilir\/"]}]},{"@type":"ImageObject","inLanguage":"tr","@id":"https:\/\/kuzeyinsesi.org\/index.php\/2026\/09\/02\/karanlik-maddenin-ilk-dogrudan-kaniti-bulunmus-olabilir\/#primaryimage","url":"https:\/\/kuzeyinsesi.org\/wp-content\/uploads\/2026\/08\/uzay-getty-2463960.jpg","contentUrl":"https:\/\/kuzeyinsesi.org\/wp-content\/uploads\/2026\/08\/uzay-getty-2463960.jpg","width":1280,"height":720},{"@type":"BreadcrumbList","@id":"https:\/\/kuzeyinsesi.org\/index.php\/2026\/09\/02\/karanlik-maddenin-ilk-dogrudan-kaniti-bulunmus-olabilir\/#breadcrumb","itemListElement":[{"@type":"ListItem","position":1,"name":"Anasayfa","item":"https:\/\/kuzeyinsesi.org\/"},{"@type":"ListItem","position":2,"name":"Karanl\u0131k maddenin ilk do\u011frudan kan\u0131t\u0131 bulunmu\u015f olabilir"}]},{"@type":"WebSite","@id":"https:\/\/kuzeyinsesi.org\/#website","url":"https:\/\/kuzeyinsesi.org\/","name":"Kuzeyin Sesi","description":"Do\u011fru Haberin Adresi","potentialAction":[{"@type":"SearchAction","target":{"@type":"EntryPoint","urlTemplate":"https:\/\/kuzeyinsesi.org\/?s={search_term_string}"},"query-input":{"@type":"PropertyValueSpecification","valueRequired":true,"valueName":"search_term_string"}}],"inLanguage":"tr"},{"@type":"Person","@id":"https:\/\/kuzeyinsesi.org\/#\/schema\/person\/9f859689cdf01485597712386e37f5aa","name":"Kuzeyin Sesi","image":{"@type":"ImageObject","inLanguage":"tr","@id":"https:\/\/secure.gravatar.com\/avatar\/bab33852abfd8b282518d6ed81826833d77c3c882d9ab608add591ccace47a44?s=96&d=mm&r=g","url":"https:\/\/secure.gravatar.com\/avatar\/bab33852abfd8b282518d6ed81826833d77c3c882d9ab608add591ccace47a44?s=96&d=mm&r=g","contentUrl":"https:\/\/secure.gravatar.com\/avatar\/bab33852abfd8b282518d6ed81826833d77c3c882d9ab608add591ccace47a44?s=96&d=mm&r=g","caption":"Kuzeyin Sesi"},"sameAs":["https:\/\/kuzeyinsesi.org"],"url":"https:\/\/kuzeyinsesi.org\/index.php\/author\/guven\/"}]}},"_links":{"self":[{"href":"https:\/\/kuzeyinsesi.org\/index.php\/wp-json\/wp\/v2\/posts\/45960","targetHints":{"allow":["GET"]}}],"collection":[{"href":"https:\/\/kuzeyinsesi.org\/index.php\/wp-json\/wp\/v2\/posts"}],"about":[{"href":"https:\/\/kuzeyinsesi.org\/index.php\/wp-json\/wp\/v2\/types\/post"}],"author":[{"embeddable":true,"href":"https:\/\/kuzeyinsesi.org\/index.php\/wp-json\/wp\/v2\/users\/1"}],"replies":[{"embeddable":true,"href":"https:\/\/kuzeyinsesi.org\/index.php\/wp-json\/wp\/v2\/comments?post=45960"}],"version-history":[{"count":0,"href":"https:\/\/kuzeyinsesi.org\/index.php\/wp-json\/wp\/v2\/posts\/45960\/revisions"}],"wp:featuredmedia":[{"embeddable":true,"href":"https:\/\/kuzeyinsesi.org\/index.php\/wp-json\/wp\/v2\/media\/45611"}],"wp:attachment":[{"href":"https:\/\/kuzeyinsesi.org\/index.php\/wp-json\/wp\/v2\/media?parent=45960"}],"wp:term":[{"taxonomy":"category","embeddable":true,"href":"https:\/\/kuzeyinsesi.org\/index.php\/wp-json\/wp\/v2\/categories?post=45960"},{"taxonomy":"post_tag","embeddable":true,"href":"https:\/\/kuzeyinsesi.org\/index.php\/wp-json\/wp\/v2\/tags?post=45960"}],"curies":[{"name":"wp","href":"https:\/\/api.w.org\/{rel}","templated":true}]}}