{"id":45954,"date":"2026-09-02T16:08:30","date_gmt":"2026-09-02T13:08:30","guid":{"rendered":"https:\/\/kuzeyinsesi.org\/?p=45954"},"modified":"2026-09-02T16:08:30","modified_gmt":"2026-09-02T13:08:30","slug":"filo-jet-faciasinda-teknik-inceleme-on-rapor-en-kisa-surede-hazirlanacak","status":"publish","type":"post","link":"https:\/\/kuzeyinsesi.org\/index.php\/2026\/09\/02\/filo-jet-faciasinda-teknik-inceleme-on-rapor-en-kisa-surede-hazirlanacak\/","title":{"rendered":"Filo Jet facias\u0131nda teknik inceleme: \u00d6n rapor en k\u0131sa s\u00fcrede haz\u0131rlanacak"},"content":{"rendered":"<p class=\"isSelectedEnd\">Ba\u015fbakan <strong>\u00dcnal \u00dcstel<\/strong>, Girne a\u00e7\u0131klar\u0131nda ya\u015fanan Filo Jet facias\u0131n\u0131n nedenlerinin belirlenmesi amac\u0131yla teknik incelemelerin ger\u00e7ekle\u015ftirilece\u011fini ve elde edilecek bulgular do\u011frultusunda <strong>\u00f6n raporun en k\u0131sa s\u00fcrede haz\u0131rlanaca\u011f\u0131n\u0131<\/strong> a\u00e7\u0131klad\u0131.<\/p>\n<p class=\"isSelectedEnd\">\u00dcstel, s\u00fcrecin titizlikle y\u00fcr\u00fct\u00fclece\u011fini vurgulayarak, <strong>\u201cHi\u00e7bir ayr\u0131nt\u0131n\u0131n g\u00f6zden ka\u00e7mas\u0131na, hi\u00e7bir ihmalin \u00fczerinin \u00f6rt\u00fclmesine m\u00fcsaade etmeyece\u011fiz\u201d<\/strong> dedi.<\/p>\n<h2>T\u00dcRK\u0130YE\u2019DEN GELEN HEYETLE G\u00d6R\u00dc\u015eT\u00dc<\/h2>\n<p class=\"isSelectedEnd\">Ba\u015fbakan \u00dcstel, T\u00fcrkiye Cumhuriyeti Ula\u015ft\u0131rma ve Altyap\u0131 Bakanl\u0131\u011f\u0131 Ula\u015f\u0131m Emniyeti \u0130nceleme Merkezi Ba\u015fkanl\u0131\u011f\u0131 Deniz Kazalar\u0131 \u0130nceleme Daire Ba\u015fkan\u0131 <strong>Durali \u0130\u015fler ve beraberindeki heyetle<\/strong> Ba\u015fbakanl\u0131kta bir araya geldi.<\/p>\n<p class=\"isSelectedEnd\">G\u00f6r\u00fc\u015fmede Ba\u015fsavc\u0131 Yard\u0131mc\u0131s\u0131 Ahmet Varol, Polis Genel M\u00fcd\u00fcr\u00fc 1. Yard\u0131mc\u0131s\u0131 G\u00f6khan Karagil ve beraberindeki ekip de haz\u0131r bulundu.<\/p>\n<p class=\"isSelectedEnd\">Toplant\u0131da Filo Jet facias\u0131n\u0131n nedenlerinin teknik a\u00e7\u0131dan ortaya \u00e7\u0131kar\u0131lmas\u0131na y\u00f6nelik ger\u00e7ekle\u015ftirilecek incelemeler ile devam eden soru\u015fturma s\u00fcreci ele al\u0131nd\u0131.<\/p>\n<h2>\u00d6N RAPOR EN KISA S\u00dcREDE HAZIRLANACAK<\/h2>\n<p class=\"isSelectedEnd\">T\u00fcrkiye\u2019nin ilgili kurumlar\u0131yla tam koordinasyon i\u00e7erisinde \u00e7al\u0131\u015f\u0131ld\u0131\u011f\u0131n\u0131 belirten \u00dcstel, <strong>\u201cTeknik incelemeler ger\u00e7ekle\u015ftirilecek, t\u00fcm bulgular titizlikle de\u011ferlendirilecek ve \u00f6n rapor en k\u0131sa s\u00fcrede haz\u0131rlanacakt\u0131r\u201d<\/strong> ifadelerini kulland\u0131.<\/p>\n<p class=\"isSelectedEnd\">Y\u00fcr\u00fct\u00fclecek \u00e7al\u0131\u015fmalarla facian\u0131n meydana geli\u015f nedenlerinin teknik a\u00e7\u0131dan ortaya \u00e7\u0131kar\u0131lmas\u0131 hedefleniyor.<\/p>\n<h2>\u201cH\u0130\u00c7B\u0130R \u0130HMAL\u0130N \u00dcZER\u0130 \u00d6RT\u00dcLMEYECEK\u201d<\/h2>\n<p class=\"isSelectedEnd\">\u00dcstel, incelemelerde herhangi bir ihmal, kusur veya sorumluluk tespit edilmesi halinde bunun ortaya \u00e7\u0131kar\u0131laca\u011f\u0131n\u0131 belirtti.<\/p>\n<p class=\"isSelectedEnd\">Ba\u015fbakan \u00dcstel, <strong>\u201cVarsa bir ihmal, kusur veya sorumluluk, kimden kaynaklan\u0131rsa kaynaklans\u0131n ortaya \u00e7\u0131kar\u0131lacakt\u0131r\u201d<\/strong> dedi.<\/p>\n<p>Ger\u00e7e\u011fin t\u00fcm y\u00f6nleriyle ortaya \u00e7\u0131kar\u0131lmas\u0131 ve sorumlular\u0131n belirlenmesi amac\u0131yla y\u00fcr\u00fct\u00fclen s\u00fcreci bizzat takip edece\u011fini ifade eden \u00dcstel, hi\u00e7bir ayr\u0131nt\u0131n\u0131n g\u00f6zden ka\u00e7mas\u0131na veya olas\u0131 bir ihmalin \u00fczerinin \u00f6rt\u00fclmesine izin verilmeyece\u011fini vurgulad\u0131.<\/p>\n","protected":false},"excerpt":{"rendered":"<p>Ba\u015fbakan \u00dcnal \u00dcstel, Girne a\u00e7\u0131klar\u0131nda ya\u015fanan Filo Jet facias\u0131n\u0131n nedenlerinin belirlenmesi amac\u0131yla teknik incelemelerin ger\u00e7ekle\u015ftirilece\u011fini ve elde edilecek bulgular do\u011frultusunda \u00f6n raporun en k\u0131sa s\u00fcrede haz\u0131rlanaca\u011f\u0131n\u0131 a\u00e7\u0131klad\u0131. \u00dcstel, s\u00fcrecin titizlikle y\u00fcr\u00fct\u00fclece\u011fini vurgulayarak, \u201cHi\u00e7bir ayr\u0131nt\u0131n\u0131n g\u00f6zden ka\u00e7mas\u0131na, hi\u00e7bir ihmalin \u00fczerinin \u00f6rt\u00fclmesine m\u00fcsaade etmeyece\u011fiz\u201d dedi. T\u00dcRK\u0130YE\u2019DEN GELEN HEYETLE G\u00d6R\u00dc\u015eT\u00dc Ba\u015fbakan \u00dcstel, T\u00fcrkiye Cumhuriyeti Ula\u015ft\u0131rma ve Altyap\u0131 Bakanl\u0131\u011f\u0131 [&hellip;]<\/p>\n","protected":false},"author":1,"featured_media":45955,"comment_status":"open","ping_status":"open","sticky":false,"template":"","format":"standard","meta":{"jnews-multi-image_gallery":[],"jnews_single_post":{"subtitle":"","format":"standard","override":[{"template":"1","parallax":"1","fullscreen":"1","layout":"right-sidebar","sidebar":"default-sidebar","second_sidebar":"default-sidebar","sticky_sidebar":"1","share_position":"top","share_float_style":"share-monocrhome","show_featured":"1","show_post_author":"1","show_post_author_image":"1","show_post_date":"1","post_date_format":"default","post_date_format_custom":"Y\/m\/d","show_post_category":"1","show_post_reading_time":"0","post_reading_time_wpm":"300","post_calculate_word_method":"str_word_count","show_zoom_button":"0","zoom_button_out_step":"2","zoom_button_in_step":"3","show_post_tag":"1","show_prev_next_post":"1","show_popup_post":"1","show_comment_section":"1","number_popup_post":"1","show_author_box":"0","show_post_related":"0","show_inline_post_related":"0"}],"image_override":[{"single_post_thumbnail_size":"crop-500","single_post_gallery_size":"crop-500"}],"trending_post_position":"meta","trending_post_label":"Trending","sponsored_post_label":"Sponsored by","disable_ad":"0"},"jnews_primary_category":[],"jnews_social_meta":[],"jnews_override_counter":{"view_counter_number":"0","share_counter_number":"0","like_counter_number":"0","dislike_counter_number":"0"},"footnotes":""},"categories":[1],"tags":[7028,7027,7037,7036,209],"class_list":["post-45954","post","type-post","status-publish","format-standard","has-post-thumbnail","hentry","category-kibris","tag-filo-jet","tag-gemi-faciasi","tag-on-rapor","tag-teknik-inceleme","tag-unal-ustel"],"yoast_head":"<!-- This site is optimized with the Yoast SEO plugin v28.4 - https:\/\/yoast.com\/product\/yoast-seo-wordpress\/ -->\n<title>Filo Jet facias\u0131nda teknik inceleme: \u00d6n rapor en k\u0131sa s\u00fcrede haz\u0131rlanacak - Kuzeyin Sesi<\/title>\n<meta name=\"robots\" content=\"index, follow, max-snippet:-1, max-image-preview:large, max-video-preview:-1\" \/>\n<link rel=\"canonical\" href=\"https:\/\/kuzeyinsesi.org\/index.php\/2026\/09\/02\/filo-jet-faciasinda-teknik-inceleme-on-rapor-en-kisa-surede-hazirlanacak\/\" \/>\n<meta property=\"og:locale\" content=\"tr_TR\" \/>\n<meta property=\"og:type\" content=\"article\" \/>\n<meta property=\"og:title\" content=\"Filo Jet facias\u0131nda teknik inceleme: \u00d6n rapor en k\u0131sa s\u00fcrede haz\u0131rlanacak - Kuzeyin Sesi\" \/>\n<meta property=\"og:description\" content=\"Ba\u015fbakan \u00dcnal \u00dcstel, Girne a\u00e7\u0131klar\u0131nda ya\u015fanan Filo Jet facias\u0131n\u0131n nedenlerinin belirlenmesi amac\u0131yla teknik incelemelerin ger\u00e7ekle\u015ftirilece\u011fini ve elde edilecek bulgular do\u011frultusunda \u00f6n raporun en k\u0131sa s\u00fcrede haz\u0131rlanaca\u011f\u0131n\u0131 a\u00e7\u0131klad\u0131. \u00dcstel, s\u00fcrecin titizlikle y\u00fcr\u00fct\u00fclece\u011fini vurgulayarak, \u201cHi\u00e7bir ayr\u0131nt\u0131n\u0131n g\u00f6zden ka\u00e7mas\u0131na, hi\u00e7bir ihmalin \u00fczerinin \u00f6rt\u00fclmesine m\u00fcsaade etmeyece\u011fiz\u201d dedi. T\u00dcRK\u0130YE\u2019DEN GELEN HEYETLE G\u00d6R\u00dc\u015eT\u00dc Ba\u015fbakan \u00dcstel, T\u00fcrkiye Cumhuriyeti Ula\u015ft\u0131rma ve Altyap\u0131 Bakanl\u0131\u011f\u0131 [&hellip;]\" \/>\n<meta property=\"og:url\" content=\"https:\/\/kuzeyinsesi.org\/index.php\/2026\/09\/02\/filo-jet-faciasinda-teknik-inceleme-on-rapor-en-kisa-surede-hazirlanacak\/\" \/>\n<meta property=\"og:site_name\" content=\"Kuzeyin Sesi\" \/>\n<meta property=\"article:publisher\" content=\"https:\/\/www.facebook.com\/kuzeyinsesii\" \/>\n<meta property=\"article:published_time\" content=\"2026-09-02T13:08:30+00:00\" \/>\n<meta property=\"og:image\" content=\"https:\/\/kuzeyinsesi.org\/wp-content\/uploads\/2026\/09\/Kuzeyinsesikj-2026-09-02T160521.443.jpg\" \/>\n\t<meta property=\"og:image:width\" content=\"1600\" \/>\n\t<meta property=\"og:image:height\" content=\"900\" \/>\n\t<meta property=\"og:image:type\" content=\"image\/jpeg\" \/>\n<meta name=\"author\" content=\"Kuzeyin Sesi\" \/>\n<meta name=\"twitter:card\" content=\"summary_large_image\" \/>\n<meta name=\"twitter:creator\" content=\"@kuzeyinsesii\" \/>\n<meta name=\"twitter:site\" content=\"@kuzeyinsesii\" \/>\n<meta name=\"twitter:label1\" content=\"Yazan:\" \/>\n\t<meta name=\"twitter:data1\" content=\"Kuzeyin Sesi\" \/>\n\t<meta name=\"twitter:label2\" content=\"Tahmini okuma s\u00fcresi\" \/>\n\t<meta name=\"twitter:data2\" content=\"2 dakika\" \/>\n<script type=\"application\/ld+json\" class=\"yoast-schema-graph\">{\"@context\":\"https:\\\/\\\/schema.org\",\"@graph\":[{\"@type\":\"Article\",\"@id\":\"https:\\\/\\\/kuzeyinsesi.org\\\/index.php\\\/2026\\\/09\\\/02\\\/filo-jet-faciasinda-teknik-inceleme-on-rapor-en-kisa-surede-hazirlanacak\\\/#article\",\"isPartOf\":{\"@id\":\"https:\\\/\\\/kuzeyinsesi.org\\\/index.php\\\/2026\\\/09\\\/02\\\/filo-jet-faciasinda-teknik-inceleme-on-rapor-en-kisa-surede-hazirlanacak\\\/\"},\"author\":{\"name\":\"Kuzeyin Sesi\",\"@id\":\"https:\\\/\\\/kuzeyinsesi.org\\\/#\\\/schema\\\/person\\\/9f859689cdf01485597712386e37f5aa\"},\"headline\":\"Filo Jet facias\u0131nda teknik inceleme: \u00d6n rapor en k\u0131sa s\u00fcrede haz\u0131rlanacak\",\"datePublished\":\"2026-09-02T13:08:30+00:00\",\"mainEntityOfPage\":{\"@id\":\"https:\\\/\\\/kuzeyinsesi.org\\\/index.php\\\/2026\\\/09\\\/02\\\/filo-jet-faciasinda-teknik-inceleme-on-rapor-en-kisa-surede-hazirlanacak\\\/\"},\"wordCount\":353,\"commentCount\":0,\"image\":{\"@id\":\"https:\\\/\\\/kuzeyinsesi.org\\\/index.php\\\/2026\\\/09\\\/02\\\/filo-jet-faciasinda-teknik-inceleme-on-rapor-en-kisa-surede-hazirlanacak\\\/#primaryimage\"},\"thumbnailUrl\":\"https:\\\/\\\/kuzeyinsesi.org\\\/wp-content\\\/uploads\\\/2026\\\/09\\\/Kuzeyinsesikj-2026-09-02T160521.443.jpg\",\"keywords\":[\"F\u0130LO JET\",\"Gemi Facias\u0131\",\"\u00d6n Rapor\",\"Teknik \u0130nceleme\",\"\u00dcnal \u00dcstel\"],\"articleSection\":[\"K\u0131br\u0131s\"],\"inLanguage\":\"tr\",\"potentialAction\":[{\"@type\":\"CommentAction\",\"name\":\"Comment\",\"target\":[\"https:\\\/\\\/kuzeyinsesi.org\\\/index.php\\\/2026\\\/09\\\/02\\\/filo-jet-faciasinda-teknik-inceleme-on-rapor-en-kisa-surede-hazirlanacak\\\/#respond\"]}]},{\"@type\":\"WebPage\",\"@id\":\"https:\\\/\\\/kuzeyinsesi.org\\\/index.php\\\/2026\\\/09\\\/02\\\/filo-jet-faciasinda-teknik-inceleme-on-rapor-en-kisa-surede-hazirlanacak\\\/\",\"url\":\"https:\\\/\\\/kuzeyinsesi.org\\\/index.php\\\/2026\\\/09\\\/02\\\/filo-jet-faciasinda-teknik-inceleme-on-rapor-en-kisa-surede-hazirlanacak\\\/\",\"name\":\"Filo Jet facias\u0131nda teknik inceleme: \u00d6n rapor en k\u0131sa s\u00fcrede haz\u0131rlanacak - Kuzeyin Sesi\",\"isPartOf\":{\"@id\":\"https:\\\/\\\/kuzeyinsesi.org\\\/#website\"},\"primaryImageOfPage\":{\"@id\":\"https:\\\/\\\/kuzeyinsesi.org\\\/index.php\\\/2026\\\/09\\\/02\\\/filo-jet-faciasinda-teknik-inceleme-on-rapor-en-kisa-surede-hazirlanacak\\\/#primaryimage\"},\"image\":{\"@id\":\"https:\\\/\\\/kuzeyinsesi.org\\\/index.php\\\/2026\\\/09\\\/02\\\/filo-jet-faciasinda-teknik-inceleme-on-rapor-en-kisa-surede-hazirlanacak\\\/#primaryimage\"},\"thumbnailUrl\":\"https:\\\/\\\/kuzeyinsesi.org\\\/wp-content\\\/uploads\\\/2026\\\/09\\\/Kuzeyinsesikj-2026-09-02T160521.443.jpg\",\"datePublished\":\"2026-09-02T13:08:30+00:00\",\"author\":{\"@id\":\"https:\\\/\\\/kuzeyinsesi.org\\\/#\\\/schema\\\/person\\\/9f859689cdf01485597712386e37f5aa\"},\"breadcrumb\":{\"@id\":\"https:\\\/\\\/kuzeyinsesi.org\\\/index.php\\\/2026\\\/09\\\/02\\\/filo-jet-faciasinda-teknik-inceleme-on-rapor-en-kisa-surede-hazirlanacak\\\/#breadcrumb\"},\"inLanguage\":\"tr\",\"potentialAction\":[{\"@type\":\"ReadAction\",\"target\":[\"https:\\\/\\\/kuzeyinsesi.org\\\/index.php\\\/2026\\\/09\\\/02\\\/filo-jet-faciasinda-teknik-inceleme-on-rapor-en-kisa-surede-hazirlanacak\\\/\"]}]},{\"@type\":\"ImageObject\",\"inLanguage\":\"tr\",\"@id\":\"https:\\\/\\\/kuzeyinsesi.org\\\/index.php\\\/2026\\\/09\\\/02\\\/filo-jet-faciasinda-teknik-inceleme-on-rapor-en-kisa-surede-hazirlanacak\\\/#primaryimage\",\"url\":\"https:\\\/\\\/kuzeyinsesi.org\\\/wp-content\\\/uploads\\\/2026\\\/09\\\/Kuzeyinsesikj-2026-09-02T160521.443.jpg\",\"contentUrl\":\"https:\\\/\\\/kuzeyinsesi.org\\\/wp-content\\\/uploads\\\/2026\\\/09\\\/Kuzeyinsesikj-2026-09-02T160521.443.jpg\",\"width\":1600,\"height\":900},{\"@type\":\"BreadcrumbList\",\"@id\":\"https:\\\/\\\/kuzeyinsesi.org\\\/index.php\\\/2026\\\/09\\\/02\\\/filo-jet-faciasinda-teknik-inceleme-on-rapor-en-kisa-surede-hazirlanacak\\\/#breadcrumb\",\"itemListElement\":[{\"@type\":\"ListItem\",\"position\":1,\"name\":\"Anasayfa\",\"item\":\"https:\\\/\\\/kuzeyinsesi.org\\\/\"},{\"@type\":\"ListItem\",\"position\":2,\"name\":\"Filo Jet facias\u0131nda teknik inceleme: \u00d6n rapor en k\u0131sa s\u00fcrede haz\u0131rlanacak\"}]},{\"@type\":\"WebSite\",\"@id\":\"https:\\\/\\\/kuzeyinsesi.org\\\/#website\",\"url\":\"https:\\\/\\\/kuzeyinsesi.org\\\/\",\"name\":\"Kuzeyin Sesi\",\"description\":\"Do\u011fru Haberin Adresi\",\"potentialAction\":[{\"@type\":\"SearchAction\",\"target\":{\"@type\":\"EntryPoint\",\"urlTemplate\":\"https:\\\/\\\/kuzeyinsesi.org\\\/?s={search_term_string}\"},\"query-input\":{\"@type\":\"PropertyValueSpecification\",\"valueRequired\":true,\"valueName\":\"search_term_string\"}}],\"inLanguage\":\"tr\"},{\"@type\":\"Person\",\"@id\":\"https:\\\/\\\/kuzeyinsesi.org\\\/#\\\/schema\\\/person\\\/9f859689cdf01485597712386e37f5aa\",\"name\":\"Kuzeyin Sesi\",\"image\":{\"@type\":\"ImageObject\",\"inLanguage\":\"tr\",\"@id\":\"https:\\\/\\\/secure.gravatar.com\\\/avatar\\\/bab33852abfd8b282518d6ed81826833d77c3c882d9ab608add591ccace47a44?s=96&d=mm&r=g\",\"url\":\"https:\\\/\\\/secure.gravatar.com\\\/avatar\\\/bab33852abfd8b282518d6ed81826833d77c3c882d9ab608add591ccace47a44?s=96&d=mm&r=g\",\"contentUrl\":\"https:\\\/\\\/secure.gravatar.com\\\/avatar\\\/bab33852abfd8b282518d6ed81826833d77c3c882d9ab608add591ccace47a44?s=96&d=mm&r=g\",\"caption\":\"Kuzeyin Sesi\"},\"sameAs\":[\"https:\\\/\\\/kuzeyinsesi.org\"],\"url\":\"https:\\\/\\\/kuzeyinsesi.org\\\/index.php\\\/author\\\/guven\\\/\"}]}<\/script>\n<!-- \/ Yoast SEO plugin. -->","yoast_head_json":{"title":"Filo Jet facias\u0131nda teknik inceleme: \u00d6n rapor en k\u0131sa s\u00fcrede haz\u0131rlanacak - Kuzeyin Sesi","robots":{"index":"index","follow":"follow","max-snippet":"max-snippet:-1","max-image-preview":"max-image-preview:large","max-video-preview":"max-video-preview:-1"},"canonical":"https:\/\/kuzeyinsesi.org\/index.php\/2026\/09\/02\/filo-jet-faciasinda-teknik-inceleme-on-rapor-en-kisa-surede-hazirlanacak\/","og_locale":"tr_TR","og_type":"article","og_title":"Filo Jet facias\u0131nda teknik inceleme: \u00d6n rapor en k\u0131sa s\u00fcrede haz\u0131rlanacak - Kuzeyin Sesi","og_description":"Ba\u015fbakan \u00dcnal \u00dcstel, Girne a\u00e7\u0131klar\u0131nda ya\u015fanan Filo Jet facias\u0131n\u0131n nedenlerinin belirlenmesi amac\u0131yla teknik incelemelerin ger\u00e7ekle\u015ftirilece\u011fini ve elde edilecek bulgular do\u011frultusunda \u00f6n raporun en k\u0131sa s\u00fcrede haz\u0131rlanaca\u011f\u0131n\u0131 a\u00e7\u0131klad\u0131. \u00dcstel, s\u00fcrecin titizlikle y\u00fcr\u00fct\u00fclece\u011fini vurgulayarak, \u201cHi\u00e7bir ayr\u0131nt\u0131n\u0131n g\u00f6zden ka\u00e7mas\u0131na, hi\u00e7bir ihmalin \u00fczerinin \u00f6rt\u00fclmesine m\u00fcsaade etmeyece\u011fiz\u201d dedi. T\u00dcRK\u0130YE\u2019DEN GELEN HEYETLE G\u00d6R\u00dc\u015eT\u00dc Ba\u015fbakan \u00dcstel, T\u00fcrkiye Cumhuriyeti Ula\u015ft\u0131rma ve Altyap\u0131 Bakanl\u0131\u011f\u0131 [&hellip;]","og_url":"https:\/\/kuzeyinsesi.org\/index.php\/2026\/09\/02\/filo-jet-faciasinda-teknik-inceleme-on-rapor-en-kisa-surede-hazirlanacak\/","og_site_name":"Kuzeyin Sesi","article_publisher":"https:\/\/www.facebook.com\/kuzeyinsesii","article_published_time":"2026-09-02T13:08:30+00:00","og_image":[{"width":1600,"height":900,"url":"https:\/\/kuzeyinsesi.org\/wp-content\/uploads\/2026\/09\/Kuzeyinsesikj-2026-09-02T160521.443.jpg","type":"image\/jpeg"}],"author":"Kuzeyin Sesi","twitter_card":"summary_large_image","twitter_creator":"@kuzeyinsesii","twitter_site":"@kuzeyinsesii","twitter_misc":{"Yazan:":"Kuzeyin Sesi","Tahmini okuma s\u00fcresi":"2 dakika"},"schema":{"@context":"https:\/\/schema.org","@graph":[{"@type":"Article","@id":"https:\/\/kuzeyinsesi.org\/index.php\/2026\/09\/02\/filo-jet-faciasinda-teknik-inceleme-on-rapor-en-kisa-surede-hazirlanacak\/#article","isPartOf":{"@id":"https:\/\/kuzeyinsesi.org\/index.php\/2026\/09\/02\/filo-jet-faciasinda-teknik-inceleme-on-rapor-en-kisa-surede-hazirlanacak\/"},"author":{"name":"Kuzeyin Sesi","@id":"https:\/\/kuzeyinsesi.org\/#\/schema\/person\/9f859689cdf01485597712386e37f5aa"},"headline":"Filo Jet facias\u0131nda teknik inceleme: \u00d6n rapor en k\u0131sa s\u00fcrede haz\u0131rlanacak","datePublished":"2026-09-02T13:08:30+00:00","mainEntityOfPage":{"@id":"https:\/\/kuzeyinsesi.org\/index.php\/2026\/09\/02\/filo-jet-faciasinda-teknik-inceleme-on-rapor-en-kisa-surede-hazirlanacak\/"},"wordCount":353,"commentCount":0,"image":{"@id":"https:\/\/kuzeyinsesi.org\/index.php\/2026\/09\/02\/filo-jet-faciasinda-teknik-inceleme-on-rapor-en-kisa-surede-hazirlanacak\/#primaryimage"},"thumbnailUrl":"https:\/\/kuzeyinsesi.org\/wp-content\/uploads\/2026\/09\/Kuzeyinsesikj-2026-09-02T160521.443.jpg","keywords":["F\u0130LO JET","Gemi Facias\u0131","\u00d6n Rapor","Teknik \u0130nceleme","\u00dcnal \u00dcstel"],"articleSection":["K\u0131br\u0131s"],"inLanguage":"tr","potentialAction":[{"@type":"CommentAction","name":"Comment","target":["https:\/\/kuzeyinsesi.org\/index.php\/2026\/09\/02\/filo-jet-faciasinda-teknik-inceleme-on-rapor-en-kisa-surede-hazirlanacak\/#respond"]}]},{"@type":"WebPage","@id":"https:\/\/kuzeyinsesi.org\/index.php\/2026\/09\/02\/filo-jet-faciasinda-teknik-inceleme-on-rapor-en-kisa-surede-hazirlanacak\/","url":"https:\/\/kuzeyinsesi.org\/index.php\/2026\/09\/02\/filo-jet-faciasinda-teknik-inceleme-on-rapor-en-kisa-surede-hazirlanacak\/","name":"Filo Jet facias\u0131nda teknik inceleme: \u00d6n rapor en k\u0131sa s\u00fcrede haz\u0131rlanacak - Kuzeyin Sesi","isPartOf":{"@id":"https:\/\/kuzeyinsesi.org\/#website"},"primaryImageOfPage":{"@id":"https:\/\/kuzeyinsesi.org\/index.php\/2026\/09\/02\/filo-jet-faciasinda-teknik-inceleme-on-rapor-en-kisa-surede-hazirlanacak\/#primaryimage"},"image":{"@id":"https:\/\/kuzeyinsesi.org\/index.php\/2026\/09\/02\/filo-jet-faciasinda-teknik-inceleme-on-rapor-en-kisa-surede-hazirlanacak\/#primaryimage"},"thumbnailUrl":"https:\/\/kuzeyinsesi.org\/wp-content\/uploads\/2026\/09\/Kuzeyinsesikj-2026-09-02T160521.443.jpg","datePublished":"2026-09-02T13:08:30+00:00","author":{"@id":"https:\/\/kuzeyinsesi.org\/#\/schema\/person\/9f859689cdf01485597712386e37f5aa"},"breadcrumb":{"@id":"https:\/\/kuzeyinsesi.org\/index.php\/2026\/09\/02\/filo-jet-faciasinda-teknik-inceleme-on-rapor-en-kisa-surede-hazirlanacak\/#breadcrumb"},"inLanguage":"tr","potentialAction":[{"@type":"ReadAction","target":["https:\/\/kuzeyinsesi.org\/index.php\/2026\/09\/02\/filo-jet-faciasinda-teknik-inceleme-on-rapor-en-kisa-surede-hazirlanacak\/"]}]},{"@type":"ImageObject","inLanguage":"tr","@id":"https:\/\/kuzeyinsesi.org\/index.php\/2026\/09\/02\/filo-jet-faciasinda-teknik-inceleme-on-rapor-en-kisa-surede-hazirlanacak\/#primaryimage","url":"https:\/\/kuzeyinsesi.org\/wp-content\/uploads\/2026\/09\/Kuzeyinsesikj-2026-09-02T160521.443.jpg","contentUrl":"https:\/\/kuzeyinsesi.org\/wp-content\/uploads\/2026\/09\/Kuzeyinsesikj-2026-09-02T160521.443.jpg","width":1600,"height":900},{"@type":"BreadcrumbList","@id":"https:\/\/kuzeyinsesi.org\/index.php\/2026\/09\/02\/filo-jet-faciasinda-teknik-inceleme-on-rapor-en-kisa-surede-hazirlanacak\/#breadcrumb","itemListElement":[{"@type":"ListItem","position":1,"name":"Anasayfa","item":"https:\/\/kuzeyinsesi.org\/"},{"@type":"ListItem","position":2,"name":"Filo Jet facias\u0131nda teknik inceleme: \u00d6n rapor en k\u0131sa s\u00fcrede haz\u0131rlanacak"}]},{"@type":"WebSite","@id":"https:\/\/kuzeyinsesi.org\/#website","url":"https:\/\/kuzeyinsesi.org\/","name":"Kuzeyin Sesi","description":"Do\u011fru Haberin Adresi","potentialAction":[{"@type":"SearchAction","target":{"@type":"EntryPoint","urlTemplate":"https:\/\/kuzeyinsesi.org\/?s={search_term_string}"},"query-input":{"@type":"PropertyValueSpecification","valueRequired":true,"valueName":"search_term_string"}}],"inLanguage":"tr"},{"@type":"Person","@id":"https:\/\/kuzeyinsesi.org\/#\/schema\/person\/9f859689cdf01485597712386e37f5aa","name":"Kuzeyin Sesi","image":{"@type":"ImageObject","inLanguage":"tr","@id":"https:\/\/secure.gravatar.com\/avatar\/bab33852abfd8b282518d6ed81826833d77c3c882d9ab608add591ccace47a44?s=96&d=mm&r=g","url":"https:\/\/secure.gravatar.com\/avatar\/bab33852abfd8b282518d6ed81826833d77c3c882d9ab608add591ccace47a44?s=96&d=mm&r=g","contentUrl":"https:\/\/secure.gravatar.com\/avatar\/bab33852abfd8b282518d6ed81826833d77c3c882d9ab608add591ccace47a44?s=96&d=mm&r=g","caption":"Kuzeyin Sesi"},"sameAs":["https:\/\/kuzeyinsesi.org"],"url":"https:\/\/kuzeyinsesi.org\/index.php\/author\/guven\/"}]}},"_links":{"self":[{"href":"https:\/\/kuzeyinsesi.org\/index.php\/wp-json\/wp\/v2\/posts\/45954","targetHints":{"allow":["GET"]}}],"collection":[{"href":"https:\/\/kuzeyinsesi.org\/index.php\/wp-json\/wp\/v2\/posts"}],"about":[{"href":"https:\/\/kuzeyinsesi.org\/index.php\/wp-json\/wp\/v2\/types\/post"}],"author":[{"embeddable":true,"href":"https:\/\/kuzeyinsesi.org\/index.php\/wp-json\/wp\/v2\/users\/1"}],"replies":[{"embeddable":true,"href":"https:\/\/kuzeyinsesi.org\/index.php\/wp-json\/wp\/v2\/comments?post=45954"}],"version-history":[{"count":1,"href":"https:\/\/kuzeyinsesi.org\/index.php\/wp-json\/wp\/v2\/posts\/45954\/revisions"}],"predecessor-version":[{"id":45956,"href":"https:\/\/kuzeyinsesi.org\/index.php\/wp-json\/wp\/v2\/posts\/45954\/revisions\/45956"}],"wp:featuredmedia":[{"embeddable":true,"href":"https:\/\/kuzeyinsesi.org\/index.php\/wp-json\/wp\/v2\/media\/45955"}],"wp:attachment":[{"href":"https:\/\/kuzeyinsesi.org\/index.php\/wp-json\/wp\/v2\/media?parent=45954"}],"wp:term":[{"taxonomy":"category","embeddable":true,"href":"https:\/\/kuzeyinsesi.org\/index.php\/wp-json\/wp\/v2\/categories?post=45954"},{"taxonomy":"post_tag","embeddable":true,"href":"https:\/\/kuzeyinsesi.org\/index.php\/wp-json\/wp\/v2\/tags?post=45954"}],"curies":[{"name":"wp","href":"https:\/\/api.w.org\/{rel}","templated":true}]}}