{"id":45952,"date":"2026-09-02T15:47:03","date_gmt":"2026-09-02T12:47:03","guid":{"rendered":"https:\/\/kuzeyinsesi.org\/index.php\/2026\/09\/02\/italya-rus-varliklarinin-kullanimina-karsi-degiliz\/"},"modified":"2026-09-02T15:47:03","modified_gmt":"2026-09-02T12:47:03","slug":"italya-rus-varliklarinin-kullanimina-karsi-degiliz","status":"publish","type":"post","link":"https:\/\/kuzeyinsesi.org\/index.php\/2026\/09\/02\/italya-rus-varliklarinin-kullanimina-karsi-degiliz\/","title":{"rendered":"\u0130talya: Rus varl\u0131klar\u0131n\u0131n kullan\u0131m\u0131na kar\u015f\u0131 de\u011filiz"},"content":{"rendered":"<p><\/p>\n<div>\n<p>&#13;<br \/>\n\tAntonio Tajani, <a href=\"https:\/\/www.trthaber.com\/etiket\/ab\/\" target=\"_blank\">AB<\/a> D\u00f6nem Ba\u015fkan\u0131 \u0130rlanda&#8217;n\u0131n Wicklow kentinde ev sahipli\u011fi yapt\u0131\u011f\u0131 gayriresm\u00ee AB D\u0131\u015fi\u015fleri Bakanlar\u0131 Toplant\u0131s\u0131na giri\u015finde \u0130talyan bas\u0131n\u0131na de\u011ferlendirmelerde bulundu.<\/p>\n<p>&#13;<br \/>\n\tTajani, Almanya&#8217;daki Leipzig-Halle Havaliman\u0131&#8217;nda a\u011fustos ay\u0131nda bulunan patlay\u0131c\u0131 y\u00fckl\u00fc insans\u0131z hava arac\u0131yla (\u0130HA) ilgili y\u00fcr\u00fct\u00fclen soru\u015fturmada, Alman makamlar\u0131n\u0131n d\u00fcn olayla ilgili Rusya\u2019y\u0131 sorumlu tutan bulgular elde edildi\u011fini a\u00e7\u0131klamas\u0131n\u0131n ard\u0131ndan Berlin&#8217;e dayan\u0131\u015fmas\u0131n\u0131 belirtti.<\/p>\n<h2>&#13;<br \/>\n\tAB birlikte hareket etmeli<\/h2>\n<p>&#13;<br \/>\n\t\u0130talyan Bakan, bu t\u00fcr provokasyonlar kar\u015f\u0131s\u0131nda en iyi yan\u0131t\u0131n AB&#8217;nin birlik i\u00e7inde hareket etmesi oldu\u011funu ve \u0130talya&#8217;n\u0131n, Almanya&#8217;ya yan\u0131nda oldu\u011funu kaydetti.<\/p>\n<p>&#13;<br \/>\n\tTajani, <a href=\"https:\/\/www.trthaber.com\/etiket\/rusya\/\" target=\"_blank\">Rusya<\/a> ile sava\u015fta olmad\u0131klar\u0131n\u0131 ancak Ukrayna&#8217;n\u0131n ba\u011f\u0131ms\u0131zl\u0131\u011f\u0131n\u0131 savunduklar\u0131n\u0131 s\u00f6yledi.<\/p>\n<h2>&#13;<br \/>\n\tHukuki bir zemine oturmal\u0131<\/h2>\n<p>&#13;<br \/>\n\tAB i\u00e7inde g\u00fcndeme gelen dondurulan Rus varl\u0131klar\u0131n\u0131n kullan\u0131lmas\u0131na ili\u015fkin bir soru \u00fczerine Tajani, &#8220;Prensip olarak kar\u015f\u0131 de\u011filiz ancak bunu yapabilmek i\u00e7in hukuki a\u00e7\u0131dan uygun bir zemin olup olmad\u0131\u011f\u0131na bakmak gerekiyor. Bu konuda m\u00fcdahale edildi\u011finde hukuki nitelikte sorunlar \u00e7\u0131kabilir. Bunu birka\u00e7 kez g\u00f6r\u00fc\u015ft\u00fck ve karar tam olarak bu nedenle, siyasi bir bak\u0131\u015f a\u00e7\u0131s\u0131ndan de\u011fil, hukuki bir bak\u0131\u015f a\u00e7\u0131s\u0131ndan al\u0131nmad\u0131.&#8221; diye konu\u015ftu.<\/p>\n<p>&#13;<br \/>\n\tRusya&#8217;n\u0131n, Bat\u0131&#8217;y\u0131 ve Avrupa&#8217;y\u0131 istikrars\u0131zla\u015ft\u0131rmak istedi\u011fini ifade eden Tajani, Rusya&#8217;n\u0131n, AB \u00fclkelerinde se\u00e7imleri etkileme giri\u015fimlerinin olabilece\u011fi ihtimalinin <a href=\"https:\/\/www.trthaber.com\/etiket\/goz\/\" target=\"_blank\">g\u00f6z<\/a> ard\u0131 edilemeyece\u011fini dile getirdi.<\/p>\n<p>&#13;<br \/>\n\tTajani, &#8220;Bu ger\u00e7ekten kabul edilemez olur. Bu konu birden fazla kez g\u00fcndeme geldi; dikkatli olmak ve bizim <a href=\"https:\/\/www.trthaber.com\/etiket\/savas\/\" target=\"_blank\">sava\u015f<\/a> halinde olmad\u0131\u011f\u0131m\u0131z bir \u00fclkenin bu t\u00fcr eylemlerde bulunmas\u0131n\u0131 engellemek gerekiyor.&#8221; dedi.<\/p>\n<\/p><\/div>\n","protected":false},"excerpt":{"rendered":"<p>&#13; Antonio Tajani, AB D\u00f6nem Ba\u015fkan\u0131 \u0130rlanda&#8217;n\u0131n Wicklow kentinde ev sahipli\u011fi yapt\u0131\u011f\u0131 gayriresm\u00ee AB D\u0131\u015fi\u015fleri Bakanlar\u0131 Toplant\u0131s\u0131na giri\u015finde \u0130talyan bas\u0131n\u0131na de\u011ferlendirmelerde bulundu. &#13; Tajani, Almanya&#8217;daki Leipzig-Halle Havaliman\u0131&#8217;nda a\u011fustos ay\u0131nda bulunan patlay\u0131c\u0131 y\u00fckl\u00fc insans\u0131z hava arac\u0131yla (\u0130HA) ilgili y\u00fcr\u00fct\u00fclen soru\u015fturmada, Alman makamlar\u0131n\u0131n d\u00fcn olayla ilgili Rusya\u2019y\u0131 sorumlu tutan bulgular elde edildi\u011fini a\u00e7\u0131klamas\u0131n\u0131n ard\u0131ndan Berlin&#8217;e dayan\u0131\u015fmas\u0131n\u0131 belirtti. [&hellip;]<\/p>\n","protected":false},"author":1,"featured_media":45953,"comment_status":"open","ping_status":"open","sticky":false,"template":"","format":"standard","meta":{"jnews-multi-image_gallery":[],"jnews_single_post":[],"jnews_primary_category":[],"jnews_social_meta":[],"jnews_override_counter":[],"footnotes":""},"categories":[2],"tags":[],"class_list":["post-45952","post","type-post","status-publish","format-standard","has-post-thumbnail","hentry","category-dunya"],"yoast_head":"<!-- This site is optimized with the Yoast SEO plugin v28.4 - https:\/\/yoast.com\/product\/yoast-seo-wordpress\/ -->\n<title>\u0130talya: Rus varl\u0131klar\u0131n\u0131n kullan\u0131m\u0131na kar\u015f\u0131 de\u011filiz - Kuzeyin Sesi<\/title>\n<meta name=\"robots\" content=\"index, follow, max-snippet:-1, max-image-preview:large, max-video-preview:-1\" \/>\n<link rel=\"canonical\" href=\"https:\/\/kuzeyinsesi.org\/index.php\/2026\/09\/02\/italya-rus-varliklarinin-kullanimina-karsi-degiliz\/\" \/>\n<meta property=\"og:locale\" content=\"tr_TR\" \/>\n<meta property=\"og:type\" content=\"article\" \/>\n<meta property=\"og:title\" content=\"\u0130talya: Rus varl\u0131klar\u0131n\u0131n kullan\u0131m\u0131na kar\u015f\u0131 de\u011filiz - Kuzeyin Sesi\" \/>\n<meta property=\"og:description\" content=\"&#013; Antonio Tajani, AB D\u00f6nem Ba\u015fkan\u0131 \u0130rlanda&#8217;n\u0131n Wicklow kentinde ev sahipli\u011fi yapt\u0131\u011f\u0131 gayriresm\u00ee AB D\u0131\u015fi\u015fleri Bakanlar\u0131 Toplant\u0131s\u0131na giri\u015finde \u0130talyan bas\u0131n\u0131na de\u011ferlendirmelerde bulundu. &#013; Tajani, Almanya&#8217;daki Leipzig-Halle Havaliman\u0131&#8217;nda a\u011fustos ay\u0131nda bulunan patlay\u0131c\u0131 y\u00fckl\u00fc insans\u0131z hava arac\u0131yla (\u0130HA) ilgili y\u00fcr\u00fct\u00fclen soru\u015fturmada, Alman makamlar\u0131n\u0131n d\u00fcn olayla ilgili Rusya\u2019y\u0131 sorumlu tutan bulgular elde edildi\u011fini a\u00e7\u0131klamas\u0131n\u0131n ard\u0131ndan Berlin&#8217;e dayan\u0131\u015fmas\u0131n\u0131 belirtti. [&hellip;]\" \/>\n<meta property=\"og:url\" content=\"https:\/\/kuzeyinsesi.org\/index.php\/2026\/09\/02\/italya-rus-varliklarinin-kullanimina-karsi-degiliz\/\" \/>\n<meta property=\"og:site_name\" content=\"Kuzeyin Sesi\" \/>\n<meta property=\"article:publisher\" content=\"https:\/\/www.facebook.com\/kuzeyinsesii\" \/>\n<meta property=\"article:published_time\" content=\"2026-09-02T12:47:03+00:00\" \/>\n<meta property=\"og:image\" content=\"https:\/\/trthaberstatic.cdn.wp.trt.com.tr\/resimler\/2116000\/antonio-tajani-reu-2117336.jpg\" \/>\n<meta name=\"author\" content=\"Kuzeyin Sesi\" \/>\n<meta name=\"twitter:card\" content=\"summary_large_image\" \/>\n<meta name=\"twitter:creator\" content=\"@kuzeyinsesii\" \/>\n<meta name=\"twitter:site\" content=\"@kuzeyinsesii\" \/>\n<meta name=\"twitter:label1\" content=\"Yazan:\" \/>\n\t<meta name=\"twitter:data1\" content=\"Kuzeyin Sesi\" \/>\n\t<meta name=\"twitter:label2\" content=\"Tahmini okuma s\u00fcresi\" \/>\n\t<meta name=\"twitter:data2\" content=\"1 dakika\" \/>\n<script type=\"application\/ld+json\" class=\"yoast-schema-graph\">{\"@context\":\"https:\\\/\\\/schema.org\",\"@graph\":[{\"@type\":\"Article\",\"@id\":\"https:\\\/\\\/kuzeyinsesi.org\\\/index.php\\\/2026\\\/09\\\/02\\\/italya-rus-varliklarinin-kullanimina-karsi-degiliz\\\/#article\",\"isPartOf\":{\"@id\":\"https:\\\/\\\/kuzeyinsesi.org\\\/index.php\\\/2026\\\/09\\\/02\\\/italya-rus-varliklarinin-kullanimina-karsi-degiliz\\\/\"},\"author\":{\"name\":\"Kuzeyin Sesi\",\"@id\":\"https:\\\/\\\/kuzeyinsesi.org\\\/#\\\/schema\\\/person\\\/9f859689cdf01485597712386e37f5aa\"},\"headline\":\"\u0130talya: Rus varl\u0131klar\u0131n\u0131n kullan\u0131m\u0131na kar\u015f\u0131 de\u011filiz\",\"datePublished\":\"2026-09-02T12:47:03+00:00\",\"mainEntityOfPage\":{\"@id\":\"https:\\\/\\\/kuzeyinsesi.org\\\/index.php\\\/2026\\\/09\\\/02\\\/italya-rus-varliklarinin-kullanimina-karsi-degiliz\\\/\"},\"wordCount\":320,\"commentCount\":0,\"image\":{\"@id\":\"https:\\\/\\\/kuzeyinsesi.org\\\/index.php\\\/2026\\\/09\\\/02\\\/italya-rus-varliklarinin-kullanimina-karsi-degiliz\\\/#primaryimage\"},\"thumbnailUrl\":\"https:\\\/\\\/kuzeyinsesi.org\\\/wp-content\\\/uploads\\\/2026\\\/09\\\/antonio-tajani-reu-2117336.jpg\",\"articleSection\":[\"D\u00fcnya\"],\"inLanguage\":\"tr\",\"potentialAction\":[{\"@type\":\"CommentAction\",\"name\":\"Comment\",\"target\":[\"https:\\\/\\\/kuzeyinsesi.org\\\/index.php\\\/2026\\\/09\\\/02\\\/italya-rus-varliklarinin-kullanimina-karsi-degiliz\\\/#respond\"]}]},{\"@type\":\"WebPage\",\"@id\":\"https:\\\/\\\/kuzeyinsesi.org\\\/index.php\\\/2026\\\/09\\\/02\\\/italya-rus-varliklarinin-kullanimina-karsi-degiliz\\\/\",\"url\":\"https:\\\/\\\/kuzeyinsesi.org\\\/index.php\\\/2026\\\/09\\\/02\\\/italya-rus-varliklarinin-kullanimina-karsi-degiliz\\\/\",\"name\":\"\u0130talya: Rus varl\u0131klar\u0131n\u0131n kullan\u0131m\u0131na kar\u015f\u0131 de\u011filiz - Kuzeyin Sesi\",\"isPartOf\":{\"@id\":\"https:\\\/\\\/kuzeyinsesi.org\\\/#website\"},\"primaryImageOfPage\":{\"@id\":\"https:\\\/\\\/kuzeyinsesi.org\\\/index.php\\\/2026\\\/09\\\/02\\\/italya-rus-varliklarinin-kullanimina-karsi-degiliz\\\/#primaryimage\"},\"image\":{\"@id\":\"https:\\\/\\\/kuzeyinsesi.org\\\/index.php\\\/2026\\\/09\\\/02\\\/italya-rus-varliklarinin-kullanimina-karsi-degiliz\\\/#primaryimage\"},\"thumbnailUrl\":\"https:\\\/\\\/kuzeyinsesi.org\\\/wp-content\\\/uploads\\\/2026\\\/09\\\/antonio-tajani-reu-2117336.jpg\",\"datePublished\":\"2026-09-02T12:47:03+00:00\",\"author\":{\"@id\":\"https:\\\/\\\/kuzeyinsesi.org\\\/#\\\/schema\\\/person\\\/9f859689cdf01485597712386e37f5aa\"},\"breadcrumb\":{\"@id\":\"https:\\\/\\\/kuzeyinsesi.org\\\/index.php\\\/2026\\\/09\\\/02\\\/italya-rus-varliklarinin-kullanimina-karsi-degiliz\\\/#breadcrumb\"},\"inLanguage\":\"tr\",\"potentialAction\":[{\"@type\":\"ReadAction\",\"target\":[\"https:\\\/\\\/kuzeyinsesi.org\\\/index.php\\\/2026\\\/09\\\/02\\\/italya-rus-varliklarinin-kullanimina-karsi-degiliz\\\/\"]}]},{\"@type\":\"ImageObject\",\"inLanguage\":\"tr\",\"@id\":\"https:\\\/\\\/kuzeyinsesi.org\\\/index.php\\\/2026\\\/09\\\/02\\\/italya-rus-varliklarinin-kullanimina-karsi-degiliz\\\/#primaryimage\",\"url\":\"https:\\\/\\\/kuzeyinsesi.org\\\/wp-content\\\/uploads\\\/2026\\\/09\\\/antonio-tajani-reu-2117336.jpg\",\"contentUrl\":\"https:\\\/\\\/kuzeyinsesi.org\\\/wp-content\\\/uploads\\\/2026\\\/09\\\/antonio-tajani-reu-2117336.jpg\",\"width\":1280,\"height\":720},{\"@type\":\"BreadcrumbList\",\"@id\":\"https:\\\/\\\/kuzeyinsesi.org\\\/index.php\\\/2026\\\/09\\\/02\\\/italya-rus-varliklarinin-kullanimina-karsi-degiliz\\\/#breadcrumb\",\"itemListElement\":[{\"@type\":\"ListItem\",\"position\":1,\"name\":\"Anasayfa\",\"item\":\"https:\\\/\\\/kuzeyinsesi.org\\\/\"},{\"@type\":\"ListItem\",\"position\":2,\"name\":\"\u0130talya: Rus varl\u0131klar\u0131n\u0131n kullan\u0131m\u0131na kar\u015f\u0131 de\u011filiz\"}]},{\"@type\":\"WebSite\",\"@id\":\"https:\\\/\\\/kuzeyinsesi.org\\\/#website\",\"url\":\"https:\\\/\\\/kuzeyinsesi.org\\\/\",\"name\":\"Kuzeyin Sesi\",\"description\":\"Do\u011fru Haberin Adresi\",\"potentialAction\":[{\"@type\":\"SearchAction\",\"target\":{\"@type\":\"EntryPoint\",\"urlTemplate\":\"https:\\\/\\\/kuzeyinsesi.org\\\/?s={search_term_string}\"},\"query-input\":{\"@type\":\"PropertyValueSpecification\",\"valueRequired\":true,\"valueName\":\"search_term_string\"}}],\"inLanguage\":\"tr\"},{\"@type\":\"Person\",\"@id\":\"https:\\\/\\\/kuzeyinsesi.org\\\/#\\\/schema\\\/person\\\/9f859689cdf01485597712386e37f5aa\",\"name\":\"Kuzeyin Sesi\",\"image\":{\"@type\":\"ImageObject\",\"inLanguage\":\"tr\",\"@id\":\"https:\\\/\\\/secure.gravatar.com\\\/avatar\\\/bab33852abfd8b282518d6ed81826833d77c3c882d9ab608add591ccace47a44?s=96&d=mm&r=g\",\"url\":\"https:\\\/\\\/secure.gravatar.com\\\/avatar\\\/bab33852abfd8b282518d6ed81826833d77c3c882d9ab608add591ccace47a44?s=96&d=mm&r=g\",\"contentUrl\":\"https:\\\/\\\/secure.gravatar.com\\\/avatar\\\/bab33852abfd8b282518d6ed81826833d77c3c882d9ab608add591ccace47a44?s=96&d=mm&r=g\",\"caption\":\"Kuzeyin Sesi\"},\"sameAs\":[\"https:\\\/\\\/kuzeyinsesi.org\"],\"url\":\"https:\\\/\\\/kuzeyinsesi.org\\\/index.php\\\/author\\\/guven\\\/\"}]}<\/script>\n<!-- \/ Yoast SEO plugin. -->","yoast_head_json":{"title":"\u0130talya: Rus varl\u0131klar\u0131n\u0131n kullan\u0131m\u0131na kar\u015f\u0131 de\u011filiz - Kuzeyin Sesi","robots":{"index":"index","follow":"follow","max-snippet":"max-snippet:-1","max-image-preview":"max-image-preview:large","max-video-preview":"max-video-preview:-1"},"canonical":"https:\/\/kuzeyinsesi.org\/index.php\/2026\/09\/02\/italya-rus-varliklarinin-kullanimina-karsi-degiliz\/","og_locale":"tr_TR","og_type":"article","og_title":"\u0130talya: Rus varl\u0131klar\u0131n\u0131n kullan\u0131m\u0131na kar\u015f\u0131 de\u011filiz - Kuzeyin Sesi","og_description":"&#13; Antonio Tajani, AB D\u00f6nem Ba\u015fkan\u0131 \u0130rlanda&#8217;n\u0131n Wicklow kentinde ev sahipli\u011fi yapt\u0131\u011f\u0131 gayriresm\u00ee AB D\u0131\u015fi\u015fleri Bakanlar\u0131 Toplant\u0131s\u0131na giri\u015finde \u0130talyan bas\u0131n\u0131na de\u011ferlendirmelerde bulundu. &#13; Tajani, Almanya&#8217;daki Leipzig-Halle Havaliman\u0131&#8217;nda a\u011fustos ay\u0131nda bulunan patlay\u0131c\u0131 y\u00fckl\u00fc insans\u0131z hava arac\u0131yla (\u0130HA) ilgili y\u00fcr\u00fct\u00fclen soru\u015fturmada, Alman makamlar\u0131n\u0131n d\u00fcn olayla ilgili Rusya\u2019y\u0131 sorumlu tutan bulgular elde edildi\u011fini a\u00e7\u0131klamas\u0131n\u0131n ard\u0131ndan Berlin&#8217;e dayan\u0131\u015fmas\u0131n\u0131 belirtti. [&hellip;]","og_url":"https:\/\/kuzeyinsesi.org\/index.php\/2026\/09\/02\/italya-rus-varliklarinin-kullanimina-karsi-degiliz\/","og_site_name":"Kuzeyin Sesi","article_publisher":"https:\/\/www.facebook.com\/kuzeyinsesii","article_published_time":"2026-09-02T12:47:03+00:00","og_image":[{"url":"https:\/\/trthaberstatic.cdn.wp.trt.com.tr\/resimler\/2116000\/antonio-tajani-reu-2117336.jpg","type":"","width":"","height":""}],"author":"Kuzeyin Sesi","twitter_card":"summary_large_image","twitter_creator":"@kuzeyinsesii","twitter_site":"@kuzeyinsesii","twitter_misc":{"Yazan:":"Kuzeyin Sesi","Tahmini okuma s\u00fcresi":"1 dakika"},"schema":{"@context":"https:\/\/schema.org","@graph":[{"@type":"Article","@id":"https:\/\/kuzeyinsesi.org\/index.php\/2026\/09\/02\/italya-rus-varliklarinin-kullanimina-karsi-degiliz\/#article","isPartOf":{"@id":"https:\/\/kuzeyinsesi.org\/index.php\/2026\/09\/02\/italya-rus-varliklarinin-kullanimina-karsi-degiliz\/"},"author":{"name":"Kuzeyin Sesi","@id":"https:\/\/kuzeyinsesi.org\/#\/schema\/person\/9f859689cdf01485597712386e37f5aa"},"headline":"\u0130talya: Rus varl\u0131klar\u0131n\u0131n kullan\u0131m\u0131na kar\u015f\u0131 de\u011filiz","datePublished":"2026-09-02T12:47:03+00:00","mainEntityOfPage":{"@id":"https:\/\/kuzeyinsesi.org\/index.php\/2026\/09\/02\/italya-rus-varliklarinin-kullanimina-karsi-degiliz\/"},"wordCount":320,"commentCount":0,"image":{"@id":"https:\/\/kuzeyinsesi.org\/index.php\/2026\/09\/02\/italya-rus-varliklarinin-kullanimina-karsi-degiliz\/#primaryimage"},"thumbnailUrl":"https:\/\/kuzeyinsesi.org\/wp-content\/uploads\/2026\/09\/antonio-tajani-reu-2117336.jpg","articleSection":["D\u00fcnya"],"inLanguage":"tr","potentialAction":[{"@type":"CommentAction","name":"Comment","target":["https:\/\/kuzeyinsesi.org\/index.php\/2026\/09\/02\/italya-rus-varliklarinin-kullanimina-karsi-degiliz\/#respond"]}]},{"@type":"WebPage","@id":"https:\/\/kuzeyinsesi.org\/index.php\/2026\/09\/02\/italya-rus-varliklarinin-kullanimina-karsi-degiliz\/","url":"https:\/\/kuzeyinsesi.org\/index.php\/2026\/09\/02\/italya-rus-varliklarinin-kullanimina-karsi-degiliz\/","name":"\u0130talya: Rus varl\u0131klar\u0131n\u0131n kullan\u0131m\u0131na kar\u015f\u0131 de\u011filiz - Kuzeyin Sesi","isPartOf":{"@id":"https:\/\/kuzeyinsesi.org\/#website"},"primaryImageOfPage":{"@id":"https:\/\/kuzeyinsesi.org\/index.php\/2026\/09\/02\/italya-rus-varliklarinin-kullanimina-karsi-degiliz\/#primaryimage"},"image":{"@id":"https:\/\/kuzeyinsesi.org\/index.php\/2026\/09\/02\/italya-rus-varliklarinin-kullanimina-karsi-degiliz\/#primaryimage"},"thumbnailUrl":"https:\/\/kuzeyinsesi.org\/wp-content\/uploads\/2026\/09\/antonio-tajani-reu-2117336.jpg","datePublished":"2026-09-02T12:47:03+00:00","author":{"@id":"https:\/\/kuzeyinsesi.org\/#\/schema\/person\/9f859689cdf01485597712386e37f5aa"},"breadcrumb":{"@id":"https:\/\/kuzeyinsesi.org\/index.php\/2026\/09\/02\/italya-rus-varliklarinin-kullanimina-karsi-degiliz\/#breadcrumb"},"inLanguage":"tr","potentialAction":[{"@type":"ReadAction","target":["https:\/\/kuzeyinsesi.org\/index.php\/2026\/09\/02\/italya-rus-varliklarinin-kullanimina-karsi-degiliz\/"]}]},{"@type":"ImageObject","inLanguage":"tr","@id":"https:\/\/kuzeyinsesi.org\/index.php\/2026\/09\/02\/italya-rus-varliklarinin-kullanimina-karsi-degiliz\/#primaryimage","url":"https:\/\/kuzeyinsesi.org\/wp-content\/uploads\/2026\/09\/antonio-tajani-reu-2117336.jpg","contentUrl":"https:\/\/kuzeyinsesi.org\/wp-content\/uploads\/2026\/09\/antonio-tajani-reu-2117336.jpg","width":1280,"height":720},{"@type":"BreadcrumbList","@id":"https:\/\/kuzeyinsesi.org\/index.php\/2026\/09\/02\/italya-rus-varliklarinin-kullanimina-karsi-degiliz\/#breadcrumb","itemListElement":[{"@type":"ListItem","position":1,"name":"Anasayfa","item":"https:\/\/kuzeyinsesi.org\/"},{"@type":"ListItem","position":2,"name":"\u0130talya: Rus varl\u0131klar\u0131n\u0131n kullan\u0131m\u0131na kar\u015f\u0131 de\u011filiz"}]},{"@type":"WebSite","@id":"https:\/\/kuzeyinsesi.org\/#website","url":"https:\/\/kuzeyinsesi.org\/","name":"Kuzeyin Sesi","description":"Do\u011fru Haberin Adresi","potentialAction":[{"@type":"SearchAction","target":{"@type":"EntryPoint","urlTemplate":"https:\/\/kuzeyinsesi.org\/?s={search_term_string}"},"query-input":{"@type":"PropertyValueSpecification","valueRequired":true,"valueName":"search_term_string"}}],"inLanguage":"tr"},{"@type":"Person","@id":"https:\/\/kuzeyinsesi.org\/#\/schema\/person\/9f859689cdf01485597712386e37f5aa","name":"Kuzeyin Sesi","image":{"@type":"ImageObject","inLanguage":"tr","@id":"https:\/\/secure.gravatar.com\/avatar\/bab33852abfd8b282518d6ed81826833d77c3c882d9ab608add591ccace47a44?s=96&d=mm&r=g","url":"https:\/\/secure.gravatar.com\/avatar\/bab33852abfd8b282518d6ed81826833d77c3c882d9ab608add591ccace47a44?s=96&d=mm&r=g","contentUrl":"https:\/\/secure.gravatar.com\/avatar\/bab33852abfd8b282518d6ed81826833d77c3c882d9ab608add591ccace47a44?s=96&d=mm&r=g","caption":"Kuzeyin Sesi"},"sameAs":["https:\/\/kuzeyinsesi.org"],"url":"https:\/\/kuzeyinsesi.org\/index.php\/author\/guven\/"}]}},"_links":{"self":[{"href":"https:\/\/kuzeyinsesi.org\/index.php\/wp-json\/wp\/v2\/posts\/45952","targetHints":{"allow":["GET"]}}],"collection":[{"href":"https:\/\/kuzeyinsesi.org\/index.php\/wp-json\/wp\/v2\/posts"}],"about":[{"href":"https:\/\/kuzeyinsesi.org\/index.php\/wp-json\/wp\/v2\/types\/post"}],"author":[{"embeddable":true,"href":"https:\/\/kuzeyinsesi.org\/index.php\/wp-json\/wp\/v2\/users\/1"}],"replies":[{"embeddable":true,"href":"https:\/\/kuzeyinsesi.org\/index.php\/wp-json\/wp\/v2\/comments?post=45952"}],"version-history":[{"count":0,"href":"https:\/\/kuzeyinsesi.org\/index.php\/wp-json\/wp\/v2\/posts\/45952\/revisions"}],"wp:featuredmedia":[{"embeddable":true,"href":"https:\/\/kuzeyinsesi.org\/index.php\/wp-json\/wp\/v2\/media\/45953"}],"wp:attachment":[{"href":"https:\/\/kuzeyinsesi.org\/index.php\/wp-json\/wp\/v2\/media?parent=45952"}],"wp:term":[{"taxonomy":"category","embeddable":true,"href":"https:\/\/kuzeyinsesi.org\/index.php\/wp-json\/wp\/v2\/categories?post=45952"},{"taxonomy":"post_tag","embeddable":true,"href":"https:\/\/kuzeyinsesi.org\/index.php\/wp-json\/wp\/v2\/tags?post=45952"}],"curies":[{"name":"wp","href":"https:\/\/api.w.org\/{rel}","templated":true}]}}