{"id":45941,"date":"2026-09-02T12:33:15","date_gmt":"2026-09-02T09:33:15","guid":{"rendered":"https:\/\/kuzeyinsesi.org\/?p=45941"},"modified":"2026-09-02T12:33:15","modified_gmt":"2026-09-02T09:33:15","slug":"bes-sendikadan-ortak-cagri-yasam-hakkini-korumak-devletin-asli-gorevidir","status":"publish","type":"post","link":"https:\/\/kuzeyinsesi.org\/index.php\/2026\/09\/02\/bes-sendikadan-ortak-cagri-yasam-hakkini-korumak-devletin-asli-gorevidir\/","title":{"rendered":"Be\u015f sendikadan ortak \u00e7a\u011fr\u0131: Ya\u015fam hakk\u0131n\u0131 korumak devletin asli g\u00f6revidir"},"content":{"rendered":"<p class=\"isSelectedEnd\">KAMU-\u0130\u015e, KTAMS, KAMU-SEN, KTOE\u00d6S ve KT\u00d6S, son d\u00f6nemde ya\u015fanan facialar, i\u015f kazalar\u0131 ve g\u00fcvenlik risklerine ili\u015fkin ortak a\u00e7\u0131klama yay\u0131mlad\u0131. Sendikalar, <strong>ya\u015fam hakk\u0131n\u0131n korunmas\u0131n\u0131n devletin temel sorumlulu\u011fu oldu\u011funu<\/strong> vurgulayarak, denetim mekanizmalar\u0131n\u0131n g\u00fc\u00e7lendirilmesi ve ihmali bulunanlar\u0131n hesap vermesi \u00e7a\u011fr\u0131s\u0131nda bulundu.<\/p>\n<h2>\u201cBU CAN KAYIPLARININ HANG\u0130LER\u0130 \u00d6NLENEB\u0130L\u0130RD\u0130?\u201d<\/h2>\n<p class=\"isSelectedEnd\">Ortak a\u00e7\u0131klamada, ya\u015fam hakk\u0131n\u0131n korunmas\u0131n\u0131n yaln\u0131zca olay meydana geldikten sonra m\u00fcdahale etmek anlam\u0131na gelmedi\u011fi belirtilerek, kamu otoritesinin riskleri \u00f6nceden tespit etmek ve gerekli tedbirleri almakla y\u00fck\u00fcml\u00fc oldu\u011fu vurguland\u0131.<\/p>\n<p class=\"isSelectedEnd\">Sendikalar, <strong>\u201cBu can kay\u0131plar\u0131n\u0131n hangileri \u00f6nlenebilirdi?\u201d<\/strong> sorusunu g\u00fcndeme getirerek, bir insan ya\u015fam\u0131n\u0131 kaybettikten sonra yap\u0131lacak a\u00e7\u0131klamalar\u0131n \u00f6nceden al\u0131nmas\u0131 gereken tedbirlerin yerini tutamayaca\u011f\u0131n\u0131 kaydetti.<\/p>\n<h2>\u201c\u0130HMAL VARSA SORUMLULUK DA VARDIR\u201d<\/h2>\n<p class=\"isSelectedEnd\">Devletin g\u00f6revinin yaln\u0131zca izin vermek, ruhsat d\u00fczenlemek veya evrak kontrol etmek olmad\u0131\u011f\u0131 ifade edilen a\u00e7\u0131klamada; riskli yap\u0131 ve tesislerden i\u015f yerlerine, kara ve deniz ula\u015f\u0131m\u0131ndan limanlara, yolcu ta\u015f\u0131mac\u0131l\u0131\u011f\u0131ndan afetlere kar\u015f\u0131 altyap\u0131ya kadar bir\u00e7ok alanda etkin ve s\u00fcrekli denetim yap\u0131lmas\u0131 gerekti\u011fi belirtildi.<\/p>\n<p class=\"isSelectedEnd\">Sendikalar, ya\u015fanan olaylar\u0131n ard\u0131ndan <strong>\u201cRisk \u00f6nceden biliniyor muydu, gerekli denetim yap\u0131lm\u0131\u015f m\u0131yd\u0131, eksiklik tespit edilmi\u015f miydi, kim izin verdi, kim denetledi?\u201d<\/strong> sorular\u0131n\u0131n yan\u0131tlanmas\u0131 gerekti\u011fini vurgulad\u0131.<\/p>\n<p class=\"isSelectedEnd\">\u0130hmal bulunmas\u0131 halinde sorumlulu\u011fun yaln\u0131zca alt kademedeki \u00e7al\u0131\u015fanlara y\u00fcklenmesinin kabul edilemeyece\u011fi belirtilerek, <strong>teknik, idari ve siyasi sorumluluk zincirinin ortaya \u00e7\u0131kar\u0131lmas\u0131<\/strong> istendi.<\/p>\n<h2>S\u0130LO VE GEM\u0130 FAC\u0130ALARINA D\u0130KKAT \u00c7EKT\u0130LER<\/h2>\n<p class=\"isSelectedEnd\">A\u00e7\u0131klamada, Kumyal\u0131\u2019da bir kamu kurumuna ait silonun \u00e7\u00f6kmesi sonucu bir emek\u00e7inin ya\u015fam\u0131n\u0131 yitirmesine de de\u011finildi. Silonun bak\u0131m ge\u00e7mi\u015fi, yap\u0131sal g\u00fcvenli\u011fi, yap\u0131lan kontroller ve daha \u00f6nce tespit edilmi\u015f olabilecek risklerin kamuoyuyla payla\u015f\u0131lmas\u0131 talep edildi.<\/p>\n<p class=\"isSelectedEnd\">Girne a\u00e7\u0131klar\u0131nda ya\u015fanan gemi facias\u0131na da i\u015faret eden sendikalar, <strong>8 ki\u015finin ya\u015fam\u0131n\u0131 yitirdi\u011fini, 20 ki\u015finin ise kay\u0131p oldu\u011funu<\/strong> belirterek, geminin teknik yeterlili\u011finden sefer iznine, hava ko\u015fullar\u0131ndan liman denetimlerine kadar b\u00fct\u00fcn s\u00fcre\u00e7lerin a\u00e7\u0131kl\u0131\u011fa kavu\u015fturulmas\u0131n\u0131 istedi.<\/p>\n<p class=\"isSelectedEnd\">Sendikalar, her iki olay i\u00e7in de <strong>\u201cKamu otoritesi \u00fczerine d\u00fc\u015fen denetim g\u00f6revini eksiksiz yerine getirmi\u015f midir?\u201d<\/strong> sorusunu y\u00f6neltti.<\/p>\n<h2>ERCAN \u0130TFA\u0130YES\u0130 \u0130\u00c7\u0130N UYARI<\/h2>\n<p class=\"isSelectedEnd\">Ortak a\u00e7\u0131klamada, Sivil Havac\u0131l\u0131k Ercan \u0130tfaiyesi\u2019ndeki ara\u00e7lar\u0131n durumuna ili\u015fkin de endi\u015feler dile getirildi.<\/p>\n<p class=\"isSelectedEnd\">Sendikalar, s\u00f6z konusu ara\u00e7lar\u0131n 2006 y\u0131l\u0131nda imal edildi\u011fini ve 20 y\u0131ll\u0131k oldu\u011funu belirterek, uluslararas\u0131 kurallara uygun olmad\u0131klar\u0131 ve olas\u0131 bir u\u00e7ak kazas\u0131nda m\u00fcdahalede yetersiz kalabilecekleri y\u00f6n\u00fcnde endi\u015fe ta\u015f\u0131d\u0131klar\u0131n\u0131 ifade etti.<\/p>\n<h2>E\u011e\u0130T\u0130M ALANLARINDA CAN G\u00dcVENL\u0130\u011e\u0130 VURGUSU<\/h2>\n<p class=\"isSelectedEnd\">Kamusal e\u011fitim alanlar\u0131ndaki risklere de dikkat \u00e7ekilen a\u00e7\u0131klamada, \u00f6\u011frenci ta\u015f\u0131mac\u0131l\u0131\u011f\u0131ndaki denetim s\u00fcre\u00e7lerinde ya\u015fand\u0131\u011f\u0131 \u00f6ne s\u00fcr\u00fclen zafiyetlerin \u00e7ocuklar\u0131n can g\u00fcvenli\u011fi a\u00e7\u0131s\u0131ndan risk olu\u015fturdu\u011fu savunuldu.<\/p>\n<p class=\"isSelectedEnd\">Depreme dayan\u0131kl\u0131 olmad\u0131\u011f\u0131 belirtilen kamusal e\u011fitim alanlar\u0131nda e\u011fitimin devam etmesinin de ciddi risk ta\u015f\u0131d\u0131\u011f\u0131 ifade edilerek gerekli \u00f6nlemlerin al\u0131nmas\u0131 istendi.<\/p>\n<h2>\u201cDENET\u0130M KA\u011eIT \u00dcZER\u0130NDE DE\u011e\u0130L, SAHADA YAPILMALIDIR\u201d<\/h2>\n<p class=\"isSelectedEnd\">Sendikalar, <strong>\u201cDenetim yaln\u0131zca belge imzalamak de\u011fildir. Denetim, tehlikeyi ortaya \u00e7\u0131kmadan g\u00f6rmek ve ortadan kald\u0131rmakt\u0131r\u201d<\/strong> ifadelerini kullanarak, mevcut denetim sisteminin etkinli\u011finin sorgulanmas\u0131 gerekti\u011fini belirtti.<\/p>\n<p class=\"isSelectedEnd\">Bir tesisin denetlenmesine ra\u011fmen \u00e7\u00f6kmesi veya gerekli izinlere sahip bir ula\u015f\u0131m arac\u0131nda b\u00fcy\u00fck bir facia ya\u015fanmas\u0131 halinde, denetim s\u00fcre\u00e7lerinin nas\u0131l i\u015fledi\u011finin kamuoyu taraf\u0131ndan sorgulanmas\u0131n\u0131n do\u011fal oldu\u011fu kaydedildi.<\/p>\n<h2>\u201cSORUMLULU\u011eU BULUNAN HERKES HESAP VERMEL\u0130\u201d<\/h2>\n<p class=\"isSelectedEnd\">Ortak a\u00e7\u0131klamada soru\u015fturmalar\u0131n ba\u011f\u0131ms\u0131z ve \u015feffaf bi\u00e7imde y\u00fcr\u00fct\u00fclmesi, teknik raporlar\u0131n kamuoyundan saklanmamas\u0131 ve sorumlulu\u011fu bulunan herkesin makam\u0131na bak\u0131lmaks\u0131z\u0131n hesap vermesi talep edildi.<\/p>\n<p class=\"isSelectedEnd\">Sorumlulu\u011fun yaln\u0131zca cezai boyutla s\u0131n\u0131rl\u0131 olmad\u0131\u011f\u0131 vurgulanarak, <strong>idari ve siyasi sorumlulu\u011fun da bulundu\u011funa<\/strong> dikkat \u00e7ekildi.<\/p>\n<h2>\u201cB\u0130Z\u0130M DERD\u0130M\u0130Z \u0130NSAN HAYATIDIR\u201d<\/h2>\n<p class=\"isSelectedEnd\">KAMU-\u0130\u015e, KTAMS, KAMU-SEN, KTOE\u00d6S ve KT\u00d6S, a\u00e7\u0131klamalar\u0131n\u0131n siyasi \u00e7\u0131kar amac\u0131 ta\u015f\u0131mad\u0131\u011f\u0131n\u0131 belirterek, <strong>\u201cBizim derdimiz insan hayat\u0131d\u0131r\u201d<\/strong> ifadelerini kulland\u0131.<\/p>\n<p class=\"isSelectedEnd\">Sendikalar\u0131n ortak a\u00e7\u0131klamas\u0131 \u015fu \u00e7a\u011fr\u0131yla tamamland\u0131:<\/p>\n<p class=\"isSelectedEnd\"><strong>\u201c\u0130nsan hayat\u0131 ihmalin, denetimsizli\u011fin ve sorumsuzlu\u011fun bedelini \u00f6deyemez. Ya\u015fam hakk\u0131n\u0131 korumak devletin tercihi de\u011fil, asli g\u00f6revidir.\u201d<\/strong><\/p>\n<p>Sendikalar, ya\u015fanan olaylar\u0131n t\u00fcm y\u00f6nleriyle ara\u015ft\u0131r\u0131lmas\u0131n\u0131, ihmallerin ortaya \u00e7\u0131kar\u0131lmas\u0131n\u0131, sorumlular\u0131n hesap vermesini ve benzer facialar\u0131n tekrar ya\u015fanmamas\u0131 i\u00e7in <strong>denetim mekanizmalar\u0131n\u0131n derhal g\u00fc\u00e7lendirilmesini<\/strong> talep etti.<\/p>\n","protected":false},"excerpt":{"rendered":"<p>KAMU-\u0130\u015e, KTAMS, KAMU-SEN, KTOE\u00d6S ve KT\u00d6S, son d\u00f6nemde ya\u015fanan facialar, i\u015f kazalar\u0131 ve g\u00fcvenlik risklerine ili\u015fkin ortak a\u00e7\u0131klama yay\u0131mlad\u0131. Sendikalar, ya\u015fam hakk\u0131n\u0131n korunmas\u0131n\u0131n devletin temel sorumlulu\u011fu oldu\u011funu vurgulayarak, denetim mekanizmalar\u0131n\u0131n g\u00fc\u00e7lendirilmesi ve ihmali bulunanlar\u0131n hesap vermesi \u00e7a\u011fr\u0131s\u0131nda bulundu. \u201cBU CAN KAYIPLARININ HANG\u0130LER\u0130 \u00d6NLENEB\u0130L\u0130RD\u0130?\u201d Ortak a\u00e7\u0131klamada, ya\u015fam hakk\u0131n\u0131n korunmas\u0131n\u0131n yaln\u0131zca olay meydana geldikten sonra m\u00fcdahale etmek [&hellip;]<\/p>\n","protected":false},"author":1,"featured_media":45942,"comment_status":"open","ping_status":"open","sticky":false,"template":"","format":"standard","meta":{"jnews-multi-image_gallery":[],"jnews_single_post":{"subtitle":"","format":"standard","override":[{"template":"1","parallax":"1","fullscreen":"1","layout":"right-sidebar","sidebar":"default-sidebar","second_sidebar":"default-sidebar","sticky_sidebar":"1","share_position":"top","share_float_style":"share-monocrhome","show_featured":"1","show_post_author":"1","show_post_author_image":"1","show_post_date":"1","post_date_format":"default","post_date_format_custom":"Y\/m\/d","show_post_category":"1","show_post_reading_time":"0","post_reading_time_wpm":"300","post_calculate_word_method":"str_word_count","show_zoom_button":"0","zoom_button_out_step":"2","zoom_button_in_step":"3","show_post_tag":"1","show_prev_next_post":"1","show_popup_post":"1","show_comment_section":"1","number_popup_post":"1","show_author_box":"0","show_post_related":"0","show_inline_post_related":"0"}],"image_override":[{"single_post_thumbnail_size":"crop-500","single_post_gallery_size":"crop-500"}],"trending_post_position":"meta","trending_post_label":"Trending","sponsored_post_label":"Sponsored by","disable_ad":"0"},"jnews_primary_category":[],"jnews_social_meta":[],"jnews_override_counter":{"view_counter_number":"0","share_counter_number":"0","like_counter_number":"0","dislike_counter_number":"0"},"footnotes":""},"categories":[1],"tags":[6853,6727,4397,555,1121],"class_list":["post-45941","post","type-post","status-publish","format-standard","has-post-thumbnail","hentry","category-kibris","tag-kamu-is","tag-kamu-sen","tag-ktams","tag-ktoeos","tag-ktos"],"yoast_head":"<!-- This site is optimized with the Yoast SEO plugin v28.4 - https:\/\/yoast.com\/product\/yoast-seo-wordpress\/ -->\n<title>Be\u015f sendikadan ortak \u00e7a\u011fr\u0131: Ya\u015fam hakk\u0131n\u0131 korumak devletin asli g\u00f6revidir - Kuzeyin Sesi<\/title>\n<meta name=\"robots\" content=\"index, follow, max-snippet:-1, max-image-preview:large, max-video-preview:-1\" \/>\n<link rel=\"canonical\" href=\"https:\/\/kuzeyinsesi.org\/index.php\/2026\/09\/02\/bes-sendikadan-ortak-cagri-yasam-hakkini-korumak-devletin-asli-gorevidir\/\" \/>\n<meta property=\"og:locale\" content=\"tr_TR\" \/>\n<meta property=\"og:type\" content=\"article\" \/>\n<meta property=\"og:title\" content=\"Be\u015f sendikadan ortak \u00e7a\u011fr\u0131: Ya\u015fam hakk\u0131n\u0131 korumak devletin asli g\u00f6revidir - Kuzeyin Sesi\" \/>\n<meta property=\"og:description\" content=\"KAMU-\u0130\u015e, KTAMS, KAMU-SEN, KTOE\u00d6S ve KT\u00d6S, son d\u00f6nemde ya\u015fanan facialar, i\u015f kazalar\u0131 ve g\u00fcvenlik risklerine ili\u015fkin ortak a\u00e7\u0131klama yay\u0131mlad\u0131. Sendikalar, ya\u015fam hakk\u0131n\u0131n korunmas\u0131n\u0131n devletin temel sorumlulu\u011fu oldu\u011funu vurgulayarak, denetim mekanizmalar\u0131n\u0131n g\u00fc\u00e7lendirilmesi ve ihmali bulunanlar\u0131n hesap vermesi \u00e7a\u011fr\u0131s\u0131nda bulundu. \u201cBU CAN KAYIPLARININ HANG\u0130LER\u0130 \u00d6NLENEB\u0130L\u0130RD\u0130?\u201d Ortak a\u00e7\u0131klamada, ya\u015fam hakk\u0131n\u0131n korunmas\u0131n\u0131n yaln\u0131zca olay meydana geldikten sonra m\u00fcdahale etmek [&hellip;]\" \/>\n<meta property=\"og:url\" content=\"https:\/\/kuzeyinsesi.org\/index.php\/2026\/09\/02\/bes-sendikadan-ortak-cagri-yasam-hakkini-korumak-devletin-asli-gorevidir\/\" \/>\n<meta property=\"og:site_name\" content=\"Kuzeyin Sesi\" \/>\n<meta property=\"article:publisher\" content=\"https:\/\/www.facebook.com\/kuzeyinsesii\" \/>\n<meta property=\"article:published_time\" content=\"2026-09-02T09:33:15+00:00\" \/>\n<meta property=\"og:image\" content=\"https:\/\/kuzeyinsesi.org\/wp-content\/uploads\/2026\/09\/Kuzeyinsesikj-2026-09-02T123159.514.jpg\" \/>\n\t<meta property=\"og:image:width\" content=\"1600\" \/>\n\t<meta property=\"og:image:height\" content=\"900\" \/>\n\t<meta property=\"og:image:type\" content=\"image\/jpeg\" \/>\n<meta name=\"author\" content=\"Kuzeyin Sesi\" \/>\n<meta name=\"twitter:card\" content=\"summary_large_image\" \/>\n<meta name=\"twitter:creator\" content=\"@kuzeyinsesii\" \/>\n<meta name=\"twitter:site\" content=\"@kuzeyinsesii\" \/>\n<meta name=\"twitter:label1\" content=\"Yazan:\" \/>\n\t<meta name=\"twitter:data1\" content=\"Kuzeyin Sesi\" \/>\n\t<meta name=\"twitter:label2\" content=\"Tahmini okuma s\u00fcresi\" \/>\n\t<meta name=\"twitter:data2\" content=\"4 dakika\" \/>\n<script type=\"application\/ld+json\" class=\"yoast-schema-graph\">{\"@context\":\"https:\\\/\\\/schema.org\",\"@graph\":[{\"@type\":\"Article\",\"@id\":\"https:\\\/\\\/kuzeyinsesi.org\\\/index.php\\\/2026\\\/09\\\/02\\\/bes-sendikadan-ortak-cagri-yasam-hakkini-korumak-devletin-asli-gorevidir\\\/#article\",\"isPartOf\":{\"@id\":\"https:\\\/\\\/kuzeyinsesi.org\\\/index.php\\\/2026\\\/09\\\/02\\\/bes-sendikadan-ortak-cagri-yasam-hakkini-korumak-devletin-asli-gorevidir\\\/\"},\"author\":{\"name\":\"Kuzeyin Sesi\",\"@id\":\"https:\\\/\\\/kuzeyinsesi.org\\\/#\\\/schema\\\/person\\\/9f859689cdf01485597712386e37f5aa\"},\"headline\":\"Be\u015f sendikadan ortak \u00e7a\u011fr\u0131: Ya\u015fam hakk\u0131n\u0131 korumak devletin asli g\u00f6revidir\",\"datePublished\":\"2026-09-02T09:33:15+00:00\",\"mainEntityOfPage\":{\"@id\":\"https:\\\/\\\/kuzeyinsesi.org\\\/index.php\\\/2026\\\/09\\\/02\\\/bes-sendikadan-ortak-cagri-yasam-hakkini-korumak-devletin-asli-gorevidir\\\/\"},\"wordCount\":815,\"commentCount\":0,\"image\":{\"@id\":\"https:\\\/\\\/kuzeyinsesi.org\\\/index.php\\\/2026\\\/09\\\/02\\\/bes-sendikadan-ortak-cagri-yasam-hakkini-korumak-devletin-asli-gorevidir\\\/#primaryimage\"},\"thumbnailUrl\":\"https:\\\/\\\/kuzeyinsesi.org\\\/wp-content\\\/uploads\\\/2026\\\/09\\\/Kuzeyinsesikj-2026-09-02T123159.514.jpg\",\"keywords\":[\"Kamu-\u0130\u015f\",\"Kamu-Sen\",\"KTAMS\",\"KTOE\u00d6S\",\"KT\u00d6S\"],\"articleSection\":[\"K\u0131br\u0131s\"],\"inLanguage\":\"tr\",\"potentialAction\":[{\"@type\":\"CommentAction\",\"name\":\"Comment\",\"target\":[\"https:\\\/\\\/kuzeyinsesi.org\\\/index.php\\\/2026\\\/09\\\/02\\\/bes-sendikadan-ortak-cagri-yasam-hakkini-korumak-devletin-asli-gorevidir\\\/#respond\"]}]},{\"@type\":\"WebPage\",\"@id\":\"https:\\\/\\\/kuzeyinsesi.org\\\/index.php\\\/2026\\\/09\\\/02\\\/bes-sendikadan-ortak-cagri-yasam-hakkini-korumak-devletin-asli-gorevidir\\\/\",\"url\":\"https:\\\/\\\/kuzeyinsesi.org\\\/index.php\\\/2026\\\/09\\\/02\\\/bes-sendikadan-ortak-cagri-yasam-hakkini-korumak-devletin-asli-gorevidir\\\/\",\"name\":\"Be\u015f sendikadan ortak \u00e7a\u011fr\u0131: Ya\u015fam hakk\u0131n\u0131 korumak devletin asli g\u00f6revidir - Kuzeyin Sesi\",\"isPartOf\":{\"@id\":\"https:\\\/\\\/kuzeyinsesi.org\\\/#website\"},\"primaryImageOfPage\":{\"@id\":\"https:\\\/\\\/kuzeyinsesi.org\\\/index.php\\\/2026\\\/09\\\/02\\\/bes-sendikadan-ortak-cagri-yasam-hakkini-korumak-devletin-asli-gorevidir\\\/#primaryimage\"},\"image\":{\"@id\":\"https:\\\/\\\/kuzeyinsesi.org\\\/index.php\\\/2026\\\/09\\\/02\\\/bes-sendikadan-ortak-cagri-yasam-hakkini-korumak-devletin-asli-gorevidir\\\/#primaryimage\"},\"thumbnailUrl\":\"https:\\\/\\\/kuzeyinsesi.org\\\/wp-content\\\/uploads\\\/2026\\\/09\\\/Kuzeyinsesikj-2026-09-02T123159.514.jpg\",\"datePublished\":\"2026-09-02T09:33:15+00:00\",\"author\":{\"@id\":\"https:\\\/\\\/kuzeyinsesi.org\\\/#\\\/schema\\\/person\\\/9f859689cdf01485597712386e37f5aa\"},\"breadcrumb\":{\"@id\":\"https:\\\/\\\/kuzeyinsesi.org\\\/index.php\\\/2026\\\/09\\\/02\\\/bes-sendikadan-ortak-cagri-yasam-hakkini-korumak-devletin-asli-gorevidir\\\/#breadcrumb\"},\"inLanguage\":\"tr\",\"potentialAction\":[{\"@type\":\"ReadAction\",\"target\":[\"https:\\\/\\\/kuzeyinsesi.org\\\/index.php\\\/2026\\\/09\\\/02\\\/bes-sendikadan-ortak-cagri-yasam-hakkini-korumak-devletin-asli-gorevidir\\\/\"]}]},{\"@type\":\"ImageObject\",\"inLanguage\":\"tr\",\"@id\":\"https:\\\/\\\/kuzeyinsesi.org\\\/index.php\\\/2026\\\/09\\\/02\\\/bes-sendikadan-ortak-cagri-yasam-hakkini-korumak-devletin-asli-gorevidir\\\/#primaryimage\",\"url\":\"https:\\\/\\\/kuzeyinsesi.org\\\/wp-content\\\/uploads\\\/2026\\\/09\\\/Kuzeyinsesikj-2026-09-02T123159.514.jpg\",\"contentUrl\":\"https:\\\/\\\/kuzeyinsesi.org\\\/wp-content\\\/uploads\\\/2026\\\/09\\\/Kuzeyinsesikj-2026-09-02T123159.514.jpg\",\"width\":1600,\"height\":900},{\"@type\":\"BreadcrumbList\",\"@id\":\"https:\\\/\\\/kuzeyinsesi.org\\\/index.php\\\/2026\\\/09\\\/02\\\/bes-sendikadan-ortak-cagri-yasam-hakkini-korumak-devletin-asli-gorevidir\\\/#breadcrumb\",\"itemListElement\":[{\"@type\":\"ListItem\",\"position\":1,\"name\":\"Anasayfa\",\"item\":\"https:\\\/\\\/kuzeyinsesi.org\\\/\"},{\"@type\":\"ListItem\",\"position\":2,\"name\":\"Be\u015f sendikadan ortak \u00e7a\u011fr\u0131: Ya\u015fam hakk\u0131n\u0131 korumak devletin asli g\u00f6revidir\"}]},{\"@type\":\"WebSite\",\"@id\":\"https:\\\/\\\/kuzeyinsesi.org\\\/#website\",\"url\":\"https:\\\/\\\/kuzeyinsesi.org\\\/\",\"name\":\"Kuzeyin Sesi\",\"description\":\"Do\u011fru Haberin Adresi\",\"potentialAction\":[{\"@type\":\"SearchAction\",\"target\":{\"@type\":\"EntryPoint\",\"urlTemplate\":\"https:\\\/\\\/kuzeyinsesi.org\\\/?s={search_term_string}\"},\"query-input\":{\"@type\":\"PropertyValueSpecification\",\"valueRequired\":true,\"valueName\":\"search_term_string\"}}],\"inLanguage\":\"tr\"},{\"@type\":\"Person\",\"@id\":\"https:\\\/\\\/kuzeyinsesi.org\\\/#\\\/schema\\\/person\\\/9f859689cdf01485597712386e37f5aa\",\"name\":\"Kuzeyin Sesi\",\"image\":{\"@type\":\"ImageObject\",\"inLanguage\":\"tr\",\"@id\":\"https:\\\/\\\/secure.gravatar.com\\\/avatar\\\/bab33852abfd8b282518d6ed81826833d77c3c882d9ab608add591ccace47a44?s=96&d=mm&r=g\",\"url\":\"https:\\\/\\\/secure.gravatar.com\\\/avatar\\\/bab33852abfd8b282518d6ed81826833d77c3c882d9ab608add591ccace47a44?s=96&d=mm&r=g\",\"contentUrl\":\"https:\\\/\\\/secure.gravatar.com\\\/avatar\\\/bab33852abfd8b282518d6ed81826833d77c3c882d9ab608add591ccace47a44?s=96&d=mm&r=g\",\"caption\":\"Kuzeyin Sesi\"},\"sameAs\":[\"https:\\\/\\\/kuzeyinsesi.org\"],\"url\":\"https:\\\/\\\/kuzeyinsesi.org\\\/index.php\\\/author\\\/guven\\\/\"}]}<\/script>\n<!-- \/ Yoast SEO plugin. -->","yoast_head_json":{"title":"Be\u015f sendikadan ortak \u00e7a\u011fr\u0131: Ya\u015fam hakk\u0131n\u0131 korumak devletin asli g\u00f6revidir - Kuzeyin Sesi","robots":{"index":"index","follow":"follow","max-snippet":"max-snippet:-1","max-image-preview":"max-image-preview:large","max-video-preview":"max-video-preview:-1"},"canonical":"https:\/\/kuzeyinsesi.org\/index.php\/2026\/09\/02\/bes-sendikadan-ortak-cagri-yasam-hakkini-korumak-devletin-asli-gorevidir\/","og_locale":"tr_TR","og_type":"article","og_title":"Be\u015f sendikadan ortak \u00e7a\u011fr\u0131: Ya\u015fam hakk\u0131n\u0131 korumak devletin asli g\u00f6revidir - Kuzeyin Sesi","og_description":"KAMU-\u0130\u015e, KTAMS, KAMU-SEN, KTOE\u00d6S ve KT\u00d6S, son d\u00f6nemde ya\u015fanan facialar, i\u015f kazalar\u0131 ve g\u00fcvenlik risklerine ili\u015fkin ortak a\u00e7\u0131klama yay\u0131mlad\u0131. Sendikalar, ya\u015fam hakk\u0131n\u0131n korunmas\u0131n\u0131n devletin temel sorumlulu\u011fu oldu\u011funu vurgulayarak, denetim mekanizmalar\u0131n\u0131n g\u00fc\u00e7lendirilmesi ve ihmali bulunanlar\u0131n hesap vermesi \u00e7a\u011fr\u0131s\u0131nda bulundu. \u201cBU CAN KAYIPLARININ HANG\u0130LER\u0130 \u00d6NLENEB\u0130L\u0130RD\u0130?\u201d Ortak a\u00e7\u0131klamada, ya\u015fam hakk\u0131n\u0131n korunmas\u0131n\u0131n yaln\u0131zca olay meydana geldikten sonra m\u00fcdahale etmek [&hellip;]","og_url":"https:\/\/kuzeyinsesi.org\/index.php\/2026\/09\/02\/bes-sendikadan-ortak-cagri-yasam-hakkini-korumak-devletin-asli-gorevidir\/","og_site_name":"Kuzeyin Sesi","article_publisher":"https:\/\/www.facebook.com\/kuzeyinsesii","article_published_time":"2026-09-02T09:33:15+00:00","og_image":[{"width":1600,"height":900,"url":"https:\/\/kuzeyinsesi.org\/wp-content\/uploads\/2026\/09\/Kuzeyinsesikj-2026-09-02T123159.514.jpg","type":"image\/jpeg"}],"author":"Kuzeyin Sesi","twitter_card":"summary_large_image","twitter_creator":"@kuzeyinsesii","twitter_site":"@kuzeyinsesii","twitter_misc":{"Yazan:":"Kuzeyin Sesi","Tahmini okuma s\u00fcresi":"4 dakika"},"schema":{"@context":"https:\/\/schema.org","@graph":[{"@type":"Article","@id":"https:\/\/kuzeyinsesi.org\/index.php\/2026\/09\/02\/bes-sendikadan-ortak-cagri-yasam-hakkini-korumak-devletin-asli-gorevidir\/#article","isPartOf":{"@id":"https:\/\/kuzeyinsesi.org\/index.php\/2026\/09\/02\/bes-sendikadan-ortak-cagri-yasam-hakkini-korumak-devletin-asli-gorevidir\/"},"author":{"name":"Kuzeyin Sesi","@id":"https:\/\/kuzeyinsesi.org\/#\/schema\/person\/9f859689cdf01485597712386e37f5aa"},"headline":"Be\u015f sendikadan ortak \u00e7a\u011fr\u0131: Ya\u015fam hakk\u0131n\u0131 korumak devletin asli g\u00f6revidir","datePublished":"2026-09-02T09:33:15+00:00","mainEntityOfPage":{"@id":"https:\/\/kuzeyinsesi.org\/index.php\/2026\/09\/02\/bes-sendikadan-ortak-cagri-yasam-hakkini-korumak-devletin-asli-gorevidir\/"},"wordCount":815,"commentCount":0,"image":{"@id":"https:\/\/kuzeyinsesi.org\/index.php\/2026\/09\/02\/bes-sendikadan-ortak-cagri-yasam-hakkini-korumak-devletin-asli-gorevidir\/#primaryimage"},"thumbnailUrl":"https:\/\/kuzeyinsesi.org\/wp-content\/uploads\/2026\/09\/Kuzeyinsesikj-2026-09-02T123159.514.jpg","keywords":["Kamu-\u0130\u015f","Kamu-Sen","KTAMS","KTOE\u00d6S","KT\u00d6S"],"articleSection":["K\u0131br\u0131s"],"inLanguage":"tr","potentialAction":[{"@type":"CommentAction","name":"Comment","target":["https:\/\/kuzeyinsesi.org\/index.php\/2026\/09\/02\/bes-sendikadan-ortak-cagri-yasam-hakkini-korumak-devletin-asli-gorevidir\/#respond"]}]},{"@type":"WebPage","@id":"https:\/\/kuzeyinsesi.org\/index.php\/2026\/09\/02\/bes-sendikadan-ortak-cagri-yasam-hakkini-korumak-devletin-asli-gorevidir\/","url":"https:\/\/kuzeyinsesi.org\/index.php\/2026\/09\/02\/bes-sendikadan-ortak-cagri-yasam-hakkini-korumak-devletin-asli-gorevidir\/","name":"Be\u015f sendikadan ortak \u00e7a\u011fr\u0131: Ya\u015fam hakk\u0131n\u0131 korumak devletin asli g\u00f6revidir - Kuzeyin Sesi","isPartOf":{"@id":"https:\/\/kuzeyinsesi.org\/#website"},"primaryImageOfPage":{"@id":"https:\/\/kuzeyinsesi.org\/index.php\/2026\/09\/02\/bes-sendikadan-ortak-cagri-yasam-hakkini-korumak-devletin-asli-gorevidir\/#primaryimage"},"image":{"@id":"https:\/\/kuzeyinsesi.org\/index.php\/2026\/09\/02\/bes-sendikadan-ortak-cagri-yasam-hakkini-korumak-devletin-asli-gorevidir\/#primaryimage"},"thumbnailUrl":"https:\/\/kuzeyinsesi.org\/wp-content\/uploads\/2026\/09\/Kuzeyinsesikj-2026-09-02T123159.514.jpg","datePublished":"2026-09-02T09:33:15+00:00","author":{"@id":"https:\/\/kuzeyinsesi.org\/#\/schema\/person\/9f859689cdf01485597712386e37f5aa"},"breadcrumb":{"@id":"https:\/\/kuzeyinsesi.org\/index.php\/2026\/09\/02\/bes-sendikadan-ortak-cagri-yasam-hakkini-korumak-devletin-asli-gorevidir\/#breadcrumb"},"inLanguage":"tr","potentialAction":[{"@type":"ReadAction","target":["https:\/\/kuzeyinsesi.org\/index.php\/2026\/09\/02\/bes-sendikadan-ortak-cagri-yasam-hakkini-korumak-devletin-asli-gorevidir\/"]}]},{"@type":"ImageObject","inLanguage":"tr","@id":"https:\/\/kuzeyinsesi.org\/index.php\/2026\/09\/02\/bes-sendikadan-ortak-cagri-yasam-hakkini-korumak-devletin-asli-gorevidir\/#primaryimage","url":"https:\/\/kuzeyinsesi.org\/wp-content\/uploads\/2026\/09\/Kuzeyinsesikj-2026-09-02T123159.514.jpg","contentUrl":"https:\/\/kuzeyinsesi.org\/wp-content\/uploads\/2026\/09\/Kuzeyinsesikj-2026-09-02T123159.514.jpg","width":1600,"height":900},{"@type":"BreadcrumbList","@id":"https:\/\/kuzeyinsesi.org\/index.php\/2026\/09\/02\/bes-sendikadan-ortak-cagri-yasam-hakkini-korumak-devletin-asli-gorevidir\/#breadcrumb","itemListElement":[{"@type":"ListItem","position":1,"name":"Anasayfa","item":"https:\/\/kuzeyinsesi.org\/"},{"@type":"ListItem","position":2,"name":"Be\u015f sendikadan ortak \u00e7a\u011fr\u0131: Ya\u015fam hakk\u0131n\u0131 korumak devletin asli g\u00f6revidir"}]},{"@type":"WebSite","@id":"https:\/\/kuzeyinsesi.org\/#website","url":"https:\/\/kuzeyinsesi.org\/","name":"Kuzeyin Sesi","description":"Do\u011fru Haberin Adresi","potentialAction":[{"@type":"SearchAction","target":{"@type":"EntryPoint","urlTemplate":"https:\/\/kuzeyinsesi.org\/?s={search_term_string}"},"query-input":{"@type":"PropertyValueSpecification","valueRequired":true,"valueName":"search_term_string"}}],"inLanguage":"tr"},{"@type":"Person","@id":"https:\/\/kuzeyinsesi.org\/#\/schema\/person\/9f859689cdf01485597712386e37f5aa","name":"Kuzeyin Sesi","image":{"@type":"ImageObject","inLanguage":"tr","@id":"https:\/\/secure.gravatar.com\/avatar\/bab33852abfd8b282518d6ed81826833d77c3c882d9ab608add591ccace47a44?s=96&d=mm&r=g","url":"https:\/\/secure.gravatar.com\/avatar\/bab33852abfd8b282518d6ed81826833d77c3c882d9ab608add591ccace47a44?s=96&d=mm&r=g","contentUrl":"https:\/\/secure.gravatar.com\/avatar\/bab33852abfd8b282518d6ed81826833d77c3c882d9ab608add591ccace47a44?s=96&d=mm&r=g","caption":"Kuzeyin Sesi"},"sameAs":["https:\/\/kuzeyinsesi.org"],"url":"https:\/\/kuzeyinsesi.org\/index.php\/author\/guven\/"}]}},"_links":{"self":[{"href":"https:\/\/kuzeyinsesi.org\/index.php\/wp-json\/wp\/v2\/posts\/45941","targetHints":{"allow":["GET"]}}],"collection":[{"href":"https:\/\/kuzeyinsesi.org\/index.php\/wp-json\/wp\/v2\/posts"}],"about":[{"href":"https:\/\/kuzeyinsesi.org\/index.php\/wp-json\/wp\/v2\/types\/post"}],"author":[{"embeddable":true,"href":"https:\/\/kuzeyinsesi.org\/index.php\/wp-json\/wp\/v2\/users\/1"}],"replies":[{"embeddable":true,"href":"https:\/\/kuzeyinsesi.org\/index.php\/wp-json\/wp\/v2\/comments?post=45941"}],"version-history":[{"count":1,"href":"https:\/\/kuzeyinsesi.org\/index.php\/wp-json\/wp\/v2\/posts\/45941\/revisions"}],"predecessor-version":[{"id":45943,"href":"https:\/\/kuzeyinsesi.org\/index.php\/wp-json\/wp\/v2\/posts\/45941\/revisions\/45943"}],"wp:featuredmedia":[{"embeddable":true,"href":"https:\/\/kuzeyinsesi.org\/index.php\/wp-json\/wp\/v2\/media\/45942"}],"wp:attachment":[{"href":"https:\/\/kuzeyinsesi.org\/index.php\/wp-json\/wp\/v2\/media?parent=45941"}],"wp:term":[{"taxonomy":"category","embeddable":true,"href":"https:\/\/kuzeyinsesi.org\/index.php\/wp-json\/wp\/v2\/categories?post=45941"},{"taxonomy":"post_tag","embeddable":true,"href":"https:\/\/kuzeyinsesi.org\/index.php\/wp-json\/wp\/v2\/tags?post=45941"}],"curies":[{"name":"wp","href":"https:\/\/api.w.org\/{rel}","templated":true}]}}