{"id":45938,"date":"2026-09-02T12:14:36","date_gmt":"2026-09-02T09:14:36","guid":{"rendered":"https:\/\/kuzeyinsesi.org\/?p=45938"},"modified":"2026-09-02T12:14:36","modified_gmt":"2026-09-02T09:14:36","slug":"ustel-calismalarin-aksama-dogru-belli-bir-asamaya-gelmesini-bekliyoruz","status":"publish","type":"post","link":"https:\/\/kuzeyinsesi.org\/index.php\/2026\/09\/02\/ustel-calismalarin-aksama-dogru-belli-bir-asamaya-gelmesini-bekliyoruz\/","title":{"rendered":"\u00dcstel: \u00c7al\u0131\u015fmalar\u0131n ak\u015fama do\u011fru belli bir a\u015famaya gelmesini bekliyoruz"},"content":{"rendered":"<p class=\"isSelectedEnd\">Ba\u015fbakan <strong>\u00dcnal \u00dcstel<\/strong>, Girne a\u00e7\u0131klar\u0131nda meydana gelen gemi facias\u0131n\u0131n ard\u0131ndan s\u00fcrd\u00fcr\u00fclen arama-kurtarma \u00e7al\u0131\u015fmalar\u0131na ili\u015fkin son durumu a\u00e7\u0131klad\u0131. \u00dcstel, \u00e7al\u0131\u015fmalar\u0131n ak\u015fam saatlerine do\u011fru belirli bir a\u015famaya gelmesinin beklendi\u011fini belirterek, geli\u015fmelerin ard\u0131ndan aileler ve bas\u0131n mensuplar\u0131n\u0131n yeniden bilgilendirilece\u011fini s\u00f6yledi.<\/p>\n<h2>\u201cACIMIZ HEP\u0130M\u0130Z\u0130N ACISIDIR\u201d<\/h2>\n<p class=\"isSelectedEnd\">Kazazedelerle bir araya gelerek ge\u00e7mi\u015f olsun dileklerini ileten \u00dcstel, <strong>\u201cAc\u0131m\u0131z hepimizin ac\u0131s\u0131d\u0131r\u201d<\/strong> diyerek arama-kurtarma \u00e7al\u0131\u015fmalar\u0131n\u0131n yo\u011fun \u015fekilde s\u00fcrd\u00fc\u011f\u00fcn\u00fc belirtti.<\/p>\n<p class=\"isSelectedEnd\">T\u00fcrkiye\u2019den b\u00f6lgeye g\u00f6nderilen ilk arama-kurtarma gemisinin yakla\u015f\u0131k <strong>550 metre derinlikte tespit yapt\u0131\u011f\u0131n\u0131<\/strong> ifade eden \u00dcstel, belirlenen alan\u0131n g\u00f6r\u00fcnt\u00fclenmesine y\u00f6nelik \u00e7al\u0131\u015fmalar\u0131n devam etti\u011fini kaydetti.<\/p>\n<h2>TCG ALEMDAR DA \u00c7ALI\u015eMALARA KATILDI<\/h2>\n<p class=\"isSelectedEnd\">\u00dcstel, b\u00f6lgeye ula\u015fan <strong>TCG Alemdar\u2019\u0131n da operasyona kat\u0131ld\u0131\u011f\u0131n\u0131<\/strong> a\u00e7\u0131klayarak, geminin TCG I\u015f\u0131n\u2019dan daha iyi teknolojiye sahip oldu\u011funu ifade etti.<\/p>\n<p class=\"isSelectedEnd\">\u00dcstel, <strong>\u201cTCG Alemdar da geldi. TCG I\u015f\u0131n\u2019dan daha iyi teknolojiye sahip. Gemiye ula\u015f\u0131ld\u0131. G\u00f6r\u00fcnt\u00fcleme ve arama \u00e7al\u0131\u015fmalar\u0131 24 saat esas\u0131yla devam ediyor\u201d<\/strong> dedi.<\/p>\n<h2>\u201c\u00c7OK ZOR \u015eARTLARDA \u00c7ALI\u015eIYORLAR\u201d<\/h2>\n<p class=\"isSelectedEnd\">Yakla\u015f\u0131k 550 metre derinlikte g\u00f6r\u00fcnt\u00fcleme ve arama-kurtarma faaliyeti y\u00fcr\u00fctmenin son derece g\u00fc\u00e7 oldu\u011funa dikkat \u00e7eken \u00dcstel, ekiplerin b\u00fcy\u00fck bir \u00f6zveriyle g\u00f6rev yapt\u0131\u011f\u0131n\u0131 s\u00f6yledi.<\/p>\n<p class=\"isSelectedEnd\">\u00dcstel, <strong>\u201c\u00c7ok zor \u015fartlarda bile olsa arkada\u015flar\u0131m\u0131z orada b\u00fcy\u00fck bir \u00f6zveri ve fedak\u00e2rl\u0131kla \u00e7al\u0131\u015f\u0131yor\u201d<\/strong> ifadelerini kulland\u0131.<\/p>\n<h2>AK\u015eAMA DO\u011eRU YEN\u0130 B\u0130LG\u0130LEND\u0130RME YAPILACAK<\/h2>\n<p class=\"isSelectedEnd\">\u00c7al\u0131\u015fmalar\u0131n ak\u015fam saatlerine do\u011fru belirli bir a\u015famaya gelmesinin beklendi\u011fini kaydeden \u00dcstel, elde edilecek geli\u015fmeler do\u011frultusunda bas\u0131n mensuplar\u0131 ve yasl\u0131 ailelerin yeniden bilgilendirilece\u011fini a\u00e7\u0131klad\u0131.<\/p>\n<p>Ba\u015fbakan \u00dcstel, <strong>\u201cAk\u015fama do\u011fru bas\u0131n mensuplar\u0131m\u0131z\u0131 ve yasl\u0131 ailelerimizi bilgilendirerek en do\u011fru ve net bilgileri payla\u015faca\u011f\u0131z\u201d<\/strong> dedi.<\/p>\n","protected":false},"excerpt":{"rendered":"<p>Ba\u015fbakan \u00dcnal \u00dcstel, Girne a\u00e7\u0131klar\u0131nda meydana gelen gemi facias\u0131n\u0131n ard\u0131ndan s\u00fcrd\u00fcr\u00fclen arama-kurtarma \u00e7al\u0131\u015fmalar\u0131na ili\u015fkin son durumu a\u00e7\u0131klad\u0131. \u00dcstel, \u00e7al\u0131\u015fmalar\u0131n ak\u015fam saatlerine do\u011fru belirli bir a\u015famaya gelmesinin beklendi\u011fini belirterek, geli\u015fmelerin ard\u0131ndan aileler ve bas\u0131n mensuplar\u0131n\u0131n yeniden bilgilendirilece\u011fini s\u00f6yledi. \u201cACIMIZ HEP\u0130M\u0130Z\u0130N ACISIDIR\u201d Kazazedelerle bir araya gelerek ge\u00e7mi\u015f olsun dileklerini ileten \u00dcstel, \u201cAc\u0131m\u0131z hepimizin ac\u0131s\u0131d\u0131r\u201d diyerek arama-kurtarma \u00e7al\u0131\u015fmalar\u0131n\u0131n [&hellip;]<\/p>\n","protected":false},"author":1,"featured_media":45939,"comment_status":"open","ping_status":"open","sticky":false,"template":"","format":"standard","meta":{"jnews-multi-image_gallery":[],"jnews_single_post":{"subtitle":"","format":"standard","override":[{"template":"1","parallax":"1","fullscreen":"1","layout":"right-sidebar","sidebar":"default-sidebar","second_sidebar":"default-sidebar","sticky_sidebar":"1","share_position":"top","share_float_style":"share-monocrhome","show_featured":"1","show_post_author":"1","show_post_author_image":"1","show_post_date":"1","post_date_format":"default","post_date_format_custom":"Y\/m\/d","show_post_category":"1","show_post_reading_time":"0","post_reading_time_wpm":"300","post_calculate_word_method":"str_word_count","show_zoom_button":"0","zoom_button_out_step":"2","zoom_button_in_step":"3","show_post_tag":"1","show_prev_next_post":"1","show_popup_post":"1","show_comment_section":"1","number_popup_post":"1","show_author_box":"0","show_post_related":"0","show_inline_post_related":"0"}],"image_override":[{"single_post_thumbnail_size":"crop-500","single_post_gallery_size":"crop-500"}],"trending_post_position":"meta","trending_post_label":"Trending","sponsored_post_label":"Sponsored by","disable_ad":"0"},"jnews_primary_category":[],"jnews_social_meta":[],"jnews_override_counter":{"view_counter_number":"0","share_counter_number":"0","like_counter_number":"0","dislike_counter_number":"0"},"footnotes":""},"categories":[1],"tags":[3331,7028,7035,7030,209],"class_list":["post-45938","post","type-post","status-publish","format-standard","has-post-thumbnail","hentry","category-kibris","tag-arama-kurtarma","tag-filo-jet","tag-tcg-alemdar","tag-tcg-isin","tag-unal-ustel"],"yoast_head":"<!-- This site is optimized with the Yoast SEO plugin v28.4 - https:\/\/yoast.com\/product\/yoast-seo-wordpress\/ -->\n<title>\u00dcstel: \u00c7al\u0131\u015fmalar\u0131n ak\u015fama do\u011fru belli bir a\u015famaya gelmesini bekliyoruz - Kuzeyin Sesi<\/title>\n<meta name=\"robots\" content=\"index, follow, max-snippet:-1, max-image-preview:large, max-video-preview:-1\" \/>\n<link rel=\"canonical\" href=\"https:\/\/kuzeyinsesi.org\/index.php\/2026\/09\/02\/ustel-calismalarin-aksama-dogru-belli-bir-asamaya-gelmesini-bekliyoruz\/\" \/>\n<meta property=\"og:locale\" content=\"tr_TR\" \/>\n<meta property=\"og:type\" content=\"article\" \/>\n<meta property=\"og:title\" content=\"\u00dcstel: \u00c7al\u0131\u015fmalar\u0131n ak\u015fama do\u011fru belli bir a\u015famaya gelmesini bekliyoruz - Kuzeyin Sesi\" \/>\n<meta property=\"og:description\" content=\"Ba\u015fbakan \u00dcnal \u00dcstel, Girne a\u00e7\u0131klar\u0131nda meydana gelen gemi facias\u0131n\u0131n ard\u0131ndan s\u00fcrd\u00fcr\u00fclen arama-kurtarma \u00e7al\u0131\u015fmalar\u0131na ili\u015fkin son durumu a\u00e7\u0131klad\u0131. \u00dcstel, \u00e7al\u0131\u015fmalar\u0131n ak\u015fam saatlerine do\u011fru belirli bir a\u015famaya gelmesinin beklendi\u011fini belirterek, geli\u015fmelerin ard\u0131ndan aileler ve bas\u0131n mensuplar\u0131n\u0131n yeniden bilgilendirilece\u011fini s\u00f6yledi. \u201cACIMIZ HEP\u0130M\u0130Z\u0130N ACISIDIR\u201d Kazazedelerle bir araya gelerek ge\u00e7mi\u015f olsun dileklerini ileten \u00dcstel, \u201cAc\u0131m\u0131z hepimizin ac\u0131s\u0131d\u0131r\u201d diyerek arama-kurtarma \u00e7al\u0131\u015fmalar\u0131n\u0131n [&hellip;]\" \/>\n<meta property=\"og:url\" content=\"https:\/\/kuzeyinsesi.org\/index.php\/2026\/09\/02\/ustel-calismalarin-aksama-dogru-belli-bir-asamaya-gelmesini-bekliyoruz\/\" \/>\n<meta property=\"og:site_name\" content=\"Kuzeyin Sesi\" \/>\n<meta property=\"article:publisher\" content=\"https:\/\/www.facebook.com\/kuzeyinsesii\" \/>\n<meta property=\"article:published_time\" content=\"2026-09-02T09:14:36+00:00\" \/>\n<meta property=\"og:image\" content=\"https:\/\/kuzeyinsesi.org\/wp-content\/uploads\/2026\/09\/Kuzeyinsesikj-2026-09-02T121303.435.jpg\" \/>\n\t<meta property=\"og:image:width\" content=\"1600\" \/>\n\t<meta property=\"og:image:height\" content=\"900\" \/>\n\t<meta property=\"og:image:type\" content=\"image\/jpeg\" \/>\n<meta name=\"author\" content=\"Kuzeyin Sesi\" \/>\n<meta name=\"twitter:card\" content=\"summary_large_image\" \/>\n<meta name=\"twitter:creator\" content=\"@kuzeyinsesii\" \/>\n<meta name=\"twitter:site\" content=\"@kuzeyinsesii\" \/>\n<meta name=\"twitter:label1\" content=\"Yazan:\" \/>\n\t<meta name=\"twitter:data1\" content=\"Kuzeyin Sesi\" \/>\n\t<meta name=\"twitter:label2\" content=\"Tahmini okuma s\u00fcresi\" \/>\n\t<meta name=\"twitter:data2\" content=\"2 dakika\" \/>\n<script type=\"application\/ld+json\" class=\"yoast-schema-graph\">{\"@context\":\"https:\\\/\\\/schema.org\",\"@graph\":[{\"@type\":\"Article\",\"@id\":\"https:\\\/\\\/kuzeyinsesi.org\\\/index.php\\\/2026\\\/09\\\/02\\\/ustel-calismalarin-aksama-dogru-belli-bir-asamaya-gelmesini-bekliyoruz\\\/#article\",\"isPartOf\":{\"@id\":\"https:\\\/\\\/kuzeyinsesi.org\\\/index.php\\\/2026\\\/09\\\/02\\\/ustel-calismalarin-aksama-dogru-belli-bir-asamaya-gelmesini-bekliyoruz\\\/\"},\"author\":{\"name\":\"Kuzeyin Sesi\",\"@id\":\"https:\\\/\\\/kuzeyinsesi.org\\\/#\\\/schema\\\/person\\\/9f859689cdf01485597712386e37f5aa\"},\"headline\":\"\u00dcstel: \u00c7al\u0131\u015fmalar\u0131n ak\u015fama do\u011fru belli bir a\u015famaya gelmesini bekliyoruz\",\"datePublished\":\"2026-09-02T09:14:36+00:00\",\"mainEntityOfPage\":{\"@id\":\"https:\\\/\\\/kuzeyinsesi.org\\\/index.php\\\/2026\\\/09\\\/02\\\/ustel-calismalarin-aksama-dogru-belli-bir-asamaya-gelmesini-bekliyoruz\\\/\"},\"wordCount\":347,\"commentCount\":0,\"image\":{\"@id\":\"https:\\\/\\\/kuzeyinsesi.org\\\/index.php\\\/2026\\\/09\\\/02\\\/ustel-calismalarin-aksama-dogru-belli-bir-asamaya-gelmesini-bekliyoruz\\\/#primaryimage\"},\"thumbnailUrl\":\"https:\\\/\\\/kuzeyinsesi.org\\\/wp-content\\\/uploads\\\/2026\\\/09\\\/Kuzeyinsesikj-2026-09-02T121303.435.jpg\",\"keywords\":[\"arama kurtarma\",\"F\u0130LO JET\",\"TCG Alemdar\",\"TCG I\u015eIN\",\"\u00dcnal \u00dcstel\"],\"articleSection\":[\"K\u0131br\u0131s\"],\"inLanguage\":\"tr\",\"potentialAction\":[{\"@type\":\"CommentAction\",\"name\":\"Comment\",\"target\":[\"https:\\\/\\\/kuzeyinsesi.org\\\/index.php\\\/2026\\\/09\\\/02\\\/ustel-calismalarin-aksama-dogru-belli-bir-asamaya-gelmesini-bekliyoruz\\\/#respond\"]}]},{\"@type\":\"WebPage\",\"@id\":\"https:\\\/\\\/kuzeyinsesi.org\\\/index.php\\\/2026\\\/09\\\/02\\\/ustel-calismalarin-aksama-dogru-belli-bir-asamaya-gelmesini-bekliyoruz\\\/\",\"url\":\"https:\\\/\\\/kuzeyinsesi.org\\\/index.php\\\/2026\\\/09\\\/02\\\/ustel-calismalarin-aksama-dogru-belli-bir-asamaya-gelmesini-bekliyoruz\\\/\",\"name\":\"\u00dcstel: \u00c7al\u0131\u015fmalar\u0131n ak\u015fama do\u011fru belli bir a\u015famaya gelmesini bekliyoruz - Kuzeyin Sesi\",\"isPartOf\":{\"@id\":\"https:\\\/\\\/kuzeyinsesi.org\\\/#website\"},\"primaryImageOfPage\":{\"@id\":\"https:\\\/\\\/kuzeyinsesi.org\\\/index.php\\\/2026\\\/09\\\/02\\\/ustel-calismalarin-aksama-dogru-belli-bir-asamaya-gelmesini-bekliyoruz\\\/#primaryimage\"},\"image\":{\"@id\":\"https:\\\/\\\/kuzeyinsesi.org\\\/index.php\\\/2026\\\/09\\\/02\\\/ustel-calismalarin-aksama-dogru-belli-bir-asamaya-gelmesini-bekliyoruz\\\/#primaryimage\"},\"thumbnailUrl\":\"https:\\\/\\\/kuzeyinsesi.org\\\/wp-content\\\/uploads\\\/2026\\\/09\\\/Kuzeyinsesikj-2026-09-02T121303.435.jpg\",\"datePublished\":\"2026-09-02T09:14:36+00:00\",\"author\":{\"@id\":\"https:\\\/\\\/kuzeyinsesi.org\\\/#\\\/schema\\\/person\\\/9f859689cdf01485597712386e37f5aa\"},\"breadcrumb\":{\"@id\":\"https:\\\/\\\/kuzeyinsesi.org\\\/index.php\\\/2026\\\/09\\\/02\\\/ustel-calismalarin-aksama-dogru-belli-bir-asamaya-gelmesini-bekliyoruz\\\/#breadcrumb\"},\"inLanguage\":\"tr\",\"potentialAction\":[{\"@type\":\"ReadAction\",\"target\":[\"https:\\\/\\\/kuzeyinsesi.org\\\/index.php\\\/2026\\\/09\\\/02\\\/ustel-calismalarin-aksama-dogru-belli-bir-asamaya-gelmesini-bekliyoruz\\\/\"]}]},{\"@type\":\"ImageObject\",\"inLanguage\":\"tr\",\"@id\":\"https:\\\/\\\/kuzeyinsesi.org\\\/index.php\\\/2026\\\/09\\\/02\\\/ustel-calismalarin-aksama-dogru-belli-bir-asamaya-gelmesini-bekliyoruz\\\/#primaryimage\",\"url\":\"https:\\\/\\\/kuzeyinsesi.org\\\/wp-content\\\/uploads\\\/2026\\\/09\\\/Kuzeyinsesikj-2026-09-02T121303.435.jpg\",\"contentUrl\":\"https:\\\/\\\/kuzeyinsesi.org\\\/wp-content\\\/uploads\\\/2026\\\/09\\\/Kuzeyinsesikj-2026-09-02T121303.435.jpg\",\"width\":1600,\"height\":900},{\"@type\":\"BreadcrumbList\",\"@id\":\"https:\\\/\\\/kuzeyinsesi.org\\\/index.php\\\/2026\\\/09\\\/02\\\/ustel-calismalarin-aksama-dogru-belli-bir-asamaya-gelmesini-bekliyoruz\\\/#breadcrumb\",\"itemListElement\":[{\"@type\":\"ListItem\",\"position\":1,\"name\":\"Anasayfa\",\"item\":\"https:\\\/\\\/kuzeyinsesi.org\\\/\"},{\"@type\":\"ListItem\",\"position\":2,\"name\":\"\u00dcstel: \u00c7al\u0131\u015fmalar\u0131n ak\u015fama do\u011fru belli bir a\u015famaya gelmesini bekliyoruz\"}]},{\"@type\":\"WebSite\",\"@id\":\"https:\\\/\\\/kuzeyinsesi.org\\\/#website\",\"url\":\"https:\\\/\\\/kuzeyinsesi.org\\\/\",\"name\":\"Kuzeyin Sesi\",\"description\":\"Do\u011fru Haberin Adresi\",\"potentialAction\":[{\"@type\":\"SearchAction\",\"target\":{\"@type\":\"EntryPoint\",\"urlTemplate\":\"https:\\\/\\\/kuzeyinsesi.org\\\/?s={search_term_string}\"},\"query-input\":{\"@type\":\"PropertyValueSpecification\",\"valueRequired\":true,\"valueName\":\"search_term_string\"}}],\"inLanguage\":\"tr\"},{\"@type\":\"Person\",\"@id\":\"https:\\\/\\\/kuzeyinsesi.org\\\/#\\\/schema\\\/person\\\/9f859689cdf01485597712386e37f5aa\",\"name\":\"Kuzeyin Sesi\",\"image\":{\"@type\":\"ImageObject\",\"inLanguage\":\"tr\",\"@id\":\"https:\\\/\\\/secure.gravatar.com\\\/avatar\\\/bab33852abfd8b282518d6ed81826833d77c3c882d9ab608add591ccace47a44?s=96&d=mm&r=g\",\"url\":\"https:\\\/\\\/secure.gravatar.com\\\/avatar\\\/bab33852abfd8b282518d6ed81826833d77c3c882d9ab608add591ccace47a44?s=96&d=mm&r=g\",\"contentUrl\":\"https:\\\/\\\/secure.gravatar.com\\\/avatar\\\/bab33852abfd8b282518d6ed81826833d77c3c882d9ab608add591ccace47a44?s=96&d=mm&r=g\",\"caption\":\"Kuzeyin Sesi\"},\"sameAs\":[\"https:\\\/\\\/kuzeyinsesi.org\"],\"url\":\"https:\\\/\\\/kuzeyinsesi.org\\\/index.php\\\/author\\\/guven\\\/\"}]}<\/script>\n<!-- \/ Yoast SEO plugin. -->","yoast_head_json":{"title":"\u00dcstel: \u00c7al\u0131\u015fmalar\u0131n ak\u015fama do\u011fru belli bir a\u015famaya gelmesini bekliyoruz - Kuzeyin Sesi","robots":{"index":"index","follow":"follow","max-snippet":"max-snippet:-1","max-image-preview":"max-image-preview:large","max-video-preview":"max-video-preview:-1"},"canonical":"https:\/\/kuzeyinsesi.org\/index.php\/2026\/09\/02\/ustel-calismalarin-aksama-dogru-belli-bir-asamaya-gelmesini-bekliyoruz\/","og_locale":"tr_TR","og_type":"article","og_title":"\u00dcstel: \u00c7al\u0131\u015fmalar\u0131n ak\u015fama do\u011fru belli bir a\u015famaya gelmesini bekliyoruz - Kuzeyin Sesi","og_description":"Ba\u015fbakan \u00dcnal \u00dcstel, Girne a\u00e7\u0131klar\u0131nda meydana gelen gemi facias\u0131n\u0131n ard\u0131ndan s\u00fcrd\u00fcr\u00fclen arama-kurtarma \u00e7al\u0131\u015fmalar\u0131na ili\u015fkin son durumu a\u00e7\u0131klad\u0131. \u00dcstel, \u00e7al\u0131\u015fmalar\u0131n ak\u015fam saatlerine do\u011fru belirli bir a\u015famaya gelmesinin beklendi\u011fini belirterek, geli\u015fmelerin ard\u0131ndan aileler ve bas\u0131n mensuplar\u0131n\u0131n yeniden bilgilendirilece\u011fini s\u00f6yledi. \u201cACIMIZ HEP\u0130M\u0130Z\u0130N ACISIDIR\u201d Kazazedelerle bir araya gelerek ge\u00e7mi\u015f olsun dileklerini ileten \u00dcstel, \u201cAc\u0131m\u0131z hepimizin ac\u0131s\u0131d\u0131r\u201d diyerek arama-kurtarma \u00e7al\u0131\u015fmalar\u0131n\u0131n [&hellip;]","og_url":"https:\/\/kuzeyinsesi.org\/index.php\/2026\/09\/02\/ustel-calismalarin-aksama-dogru-belli-bir-asamaya-gelmesini-bekliyoruz\/","og_site_name":"Kuzeyin Sesi","article_publisher":"https:\/\/www.facebook.com\/kuzeyinsesii","article_published_time":"2026-09-02T09:14:36+00:00","og_image":[{"width":1600,"height":900,"url":"https:\/\/kuzeyinsesi.org\/wp-content\/uploads\/2026\/09\/Kuzeyinsesikj-2026-09-02T121303.435.jpg","type":"image\/jpeg"}],"author":"Kuzeyin Sesi","twitter_card":"summary_large_image","twitter_creator":"@kuzeyinsesii","twitter_site":"@kuzeyinsesii","twitter_misc":{"Yazan:":"Kuzeyin Sesi","Tahmini okuma s\u00fcresi":"2 dakika"},"schema":{"@context":"https:\/\/schema.org","@graph":[{"@type":"Article","@id":"https:\/\/kuzeyinsesi.org\/index.php\/2026\/09\/02\/ustel-calismalarin-aksama-dogru-belli-bir-asamaya-gelmesini-bekliyoruz\/#article","isPartOf":{"@id":"https:\/\/kuzeyinsesi.org\/index.php\/2026\/09\/02\/ustel-calismalarin-aksama-dogru-belli-bir-asamaya-gelmesini-bekliyoruz\/"},"author":{"name":"Kuzeyin Sesi","@id":"https:\/\/kuzeyinsesi.org\/#\/schema\/person\/9f859689cdf01485597712386e37f5aa"},"headline":"\u00dcstel: \u00c7al\u0131\u015fmalar\u0131n ak\u015fama do\u011fru belli bir a\u015famaya gelmesini bekliyoruz","datePublished":"2026-09-02T09:14:36+00:00","mainEntityOfPage":{"@id":"https:\/\/kuzeyinsesi.org\/index.php\/2026\/09\/02\/ustel-calismalarin-aksama-dogru-belli-bir-asamaya-gelmesini-bekliyoruz\/"},"wordCount":347,"commentCount":0,"image":{"@id":"https:\/\/kuzeyinsesi.org\/index.php\/2026\/09\/02\/ustel-calismalarin-aksama-dogru-belli-bir-asamaya-gelmesini-bekliyoruz\/#primaryimage"},"thumbnailUrl":"https:\/\/kuzeyinsesi.org\/wp-content\/uploads\/2026\/09\/Kuzeyinsesikj-2026-09-02T121303.435.jpg","keywords":["arama kurtarma","F\u0130LO JET","TCG Alemdar","TCG I\u015eIN","\u00dcnal \u00dcstel"],"articleSection":["K\u0131br\u0131s"],"inLanguage":"tr","potentialAction":[{"@type":"CommentAction","name":"Comment","target":["https:\/\/kuzeyinsesi.org\/index.php\/2026\/09\/02\/ustel-calismalarin-aksama-dogru-belli-bir-asamaya-gelmesini-bekliyoruz\/#respond"]}]},{"@type":"WebPage","@id":"https:\/\/kuzeyinsesi.org\/index.php\/2026\/09\/02\/ustel-calismalarin-aksama-dogru-belli-bir-asamaya-gelmesini-bekliyoruz\/","url":"https:\/\/kuzeyinsesi.org\/index.php\/2026\/09\/02\/ustel-calismalarin-aksama-dogru-belli-bir-asamaya-gelmesini-bekliyoruz\/","name":"\u00dcstel: \u00c7al\u0131\u015fmalar\u0131n ak\u015fama do\u011fru belli bir a\u015famaya gelmesini bekliyoruz - Kuzeyin Sesi","isPartOf":{"@id":"https:\/\/kuzeyinsesi.org\/#website"},"primaryImageOfPage":{"@id":"https:\/\/kuzeyinsesi.org\/index.php\/2026\/09\/02\/ustel-calismalarin-aksama-dogru-belli-bir-asamaya-gelmesini-bekliyoruz\/#primaryimage"},"image":{"@id":"https:\/\/kuzeyinsesi.org\/index.php\/2026\/09\/02\/ustel-calismalarin-aksama-dogru-belli-bir-asamaya-gelmesini-bekliyoruz\/#primaryimage"},"thumbnailUrl":"https:\/\/kuzeyinsesi.org\/wp-content\/uploads\/2026\/09\/Kuzeyinsesikj-2026-09-02T121303.435.jpg","datePublished":"2026-09-02T09:14:36+00:00","author":{"@id":"https:\/\/kuzeyinsesi.org\/#\/schema\/person\/9f859689cdf01485597712386e37f5aa"},"breadcrumb":{"@id":"https:\/\/kuzeyinsesi.org\/index.php\/2026\/09\/02\/ustel-calismalarin-aksama-dogru-belli-bir-asamaya-gelmesini-bekliyoruz\/#breadcrumb"},"inLanguage":"tr","potentialAction":[{"@type":"ReadAction","target":["https:\/\/kuzeyinsesi.org\/index.php\/2026\/09\/02\/ustel-calismalarin-aksama-dogru-belli-bir-asamaya-gelmesini-bekliyoruz\/"]}]},{"@type":"ImageObject","inLanguage":"tr","@id":"https:\/\/kuzeyinsesi.org\/index.php\/2026\/09\/02\/ustel-calismalarin-aksama-dogru-belli-bir-asamaya-gelmesini-bekliyoruz\/#primaryimage","url":"https:\/\/kuzeyinsesi.org\/wp-content\/uploads\/2026\/09\/Kuzeyinsesikj-2026-09-02T121303.435.jpg","contentUrl":"https:\/\/kuzeyinsesi.org\/wp-content\/uploads\/2026\/09\/Kuzeyinsesikj-2026-09-02T121303.435.jpg","width":1600,"height":900},{"@type":"BreadcrumbList","@id":"https:\/\/kuzeyinsesi.org\/index.php\/2026\/09\/02\/ustel-calismalarin-aksama-dogru-belli-bir-asamaya-gelmesini-bekliyoruz\/#breadcrumb","itemListElement":[{"@type":"ListItem","position":1,"name":"Anasayfa","item":"https:\/\/kuzeyinsesi.org\/"},{"@type":"ListItem","position":2,"name":"\u00dcstel: \u00c7al\u0131\u015fmalar\u0131n ak\u015fama do\u011fru belli bir a\u015famaya gelmesini bekliyoruz"}]},{"@type":"WebSite","@id":"https:\/\/kuzeyinsesi.org\/#website","url":"https:\/\/kuzeyinsesi.org\/","name":"Kuzeyin Sesi","description":"Do\u011fru Haberin Adresi","potentialAction":[{"@type":"SearchAction","target":{"@type":"EntryPoint","urlTemplate":"https:\/\/kuzeyinsesi.org\/?s={search_term_string}"},"query-input":{"@type":"PropertyValueSpecification","valueRequired":true,"valueName":"search_term_string"}}],"inLanguage":"tr"},{"@type":"Person","@id":"https:\/\/kuzeyinsesi.org\/#\/schema\/person\/9f859689cdf01485597712386e37f5aa","name":"Kuzeyin Sesi","image":{"@type":"ImageObject","inLanguage":"tr","@id":"https:\/\/secure.gravatar.com\/avatar\/bab33852abfd8b282518d6ed81826833d77c3c882d9ab608add591ccace47a44?s=96&d=mm&r=g","url":"https:\/\/secure.gravatar.com\/avatar\/bab33852abfd8b282518d6ed81826833d77c3c882d9ab608add591ccace47a44?s=96&d=mm&r=g","contentUrl":"https:\/\/secure.gravatar.com\/avatar\/bab33852abfd8b282518d6ed81826833d77c3c882d9ab608add591ccace47a44?s=96&d=mm&r=g","caption":"Kuzeyin Sesi"},"sameAs":["https:\/\/kuzeyinsesi.org"],"url":"https:\/\/kuzeyinsesi.org\/index.php\/author\/guven\/"}]}},"_links":{"self":[{"href":"https:\/\/kuzeyinsesi.org\/index.php\/wp-json\/wp\/v2\/posts\/45938","targetHints":{"allow":["GET"]}}],"collection":[{"href":"https:\/\/kuzeyinsesi.org\/index.php\/wp-json\/wp\/v2\/posts"}],"about":[{"href":"https:\/\/kuzeyinsesi.org\/index.php\/wp-json\/wp\/v2\/types\/post"}],"author":[{"embeddable":true,"href":"https:\/\/kuzeyinsesi.org\/index.php\/wp-json\/wp\/v2\/users\/1"}],"replies":[{"embeddable":true,"href":"https:\/\/kuzeyinsesi.org\/index.php\/wp-json\/wp\/v2\/comments?post=45938"}],"version-history":[{"count":1,"href":"https:\/\/kuzeyinsesi.org\/index.php\/wp-json\/wp\/v2\/posts\/45938\/revisions"}],"predecessor-version":[{"id":45940,"href":"https:\/\/kuzeyinsesi.org\/index.php\/wp-json\/wp\/v2\/posts\/45938\/revisions\/45940"}],"wp:featuredmedia":[{"embeddable":true,"href":"https:\/\/kuzeyinsesi.org\/index.php\/wp-json\/wp\/v2\/media\/45939"}],"wp:attachment":[{"href":"https:\/\/kuzeyinsesi.org\/index.php\/wp-json\/wp\/v2\/media?parent=45938"}],"wp:term":[{"taxonomy":"category","embeddable":true,"href":"https:\/\/kuzeyinsesi.org\/index.php\/wp-json\/wp\/v2\/categories?post=45938"},{"taxonomy":"post_tag","embeddable":true,"href":"https:\/\/kuzeyinsesi.org\/index.php\/wp-json\/wp\/v2\/tags?post=45938"}],"curies":[{"name":"wp","href":"https:\/\/api.w.org\/{rel}","templated":true}]}}