{"id":45931,"date":"2026-09-02T09:25:35","date_gmt":"2026-09-02T06:25:35","guid":{"rendered":"https:\/\/kuzeyinsesi.org\/?p=45931"},"modified":"2026-09-02T09:25:35","modified_gmt":"2026-09-02T06:25:35","slug":"akpinardan-arikliya-mesele-rol-degil-sorumluluktur","status":"publish","type":"post","link":"https:\/\/kuzeyinsesi.org\/index.php\/2026\/09\/02\/akpinardan-arikliya-mesele-rol-degil-sorumluluktur\/","title":{"rendered":"Akp\u0131nar&#8217;dan Ar\u0131kl\u0131&#8217;ya: Mesele rol de\u011fil, sorumluluktur"},"content":{"rendered":"<p class=\"isSelectedEnd\"><strong>Demokrat Parti (DP) Genel Sekreteri ve Girne Milletvekili Serhat Akp\u0131nar<\/strong>, Filo Jet facias\u0131na ili\u015fkin Cumhuriyet Meclisi&#8217;ne ta\u015f\u0131d\u0131klar\u0131 sorular\u0131n Bay\u0131nd\u0131rl\u0131k ve Ula\u015ft\u0131rma Bakan\u0131 Erhan Ar\u0131kl\u0131 taraf\u0131ndan &#8220;rol kapma&#8221; olarak nitelendirilmesine yan\u0131t verdi. Akp\u0131nar, kazan\u0131n nedenini ilan etmediklerini ve kimseyi pe\u015finen su\u00e7lamad\u0131klar\u0131n\u0131 belirterek, teknik inceleme, resmi belgeler ve ba\u011f\u0131ms\u0131z soru\u015fturmayla ger\u00e7e\u011fin ortaya \u00e7\u0131kar\u0131lmas\u0131n\u0131 istediklerini vurgulad\u0131.<\/p>\n<p class=\"isSelectedEnd\">Akp\u0131nar, &#8220;Say\u0131n Ar\u0131kl\u0131, mesele rol de\u011fil, sorumluluktur&#8221; diyerek, insanlar\u0131n hayat\u0131n\u0131 kaybetti\u011fi a\u011f\u0131r bir facian\u0131n ard\u0131ndan Demokrat Parti olarak Cumhuriyet Meclisi&#8217;ne ta\u015f\u0131d\u0131klar\u0131 sorular\u0131n &#8220;rol kapma&#8221; \u015feklinde nitelendirilmesinin, y\u00f6nelttikleri sorular\u0131n hi\u00e7birine cevap olmad\u0131\u011f\u0131n\u0131 ifade etti.<\/p>\n<h3>Akp\u0131nar&#8217;dan Filo Jet facias\u0131na ili\u015fkin 18 soru<\/h3>\n<p class=\"isSelectedEnd\">Akp\u0131nar, Cumhuriyet Meclisi&#8217;ne y\u00f6nelttikleri ve y\u00f6neltecekleri sorular\u0131 \u015f\u00f6yle s\u0131ralad\u0131:<\/p>\n<ol start=\"1\" data-spread=\"true\">\n<li>Filo Jet isimli geminin KKTC limanlar\u0131na yolcu ta\u015f\u0131mas\u0131na ve sefer yapmas\u0131na hangi makam, hangi tarihte ve hangi mevzuata dayanarak izin verilmi\u015ftir?<\/li>\n<li>\u0130zin verilmeden \u00f6nce Bakanl\u0131\u011fa hangi teknik yeterlilik, klas, denize elveri\u015flilik, yolcu gemisi g\u00fcvenlik, stabilite ve sigorta belgeleri sunulmu\u015ftur? Bu belgelerin tamam\u0131 kaza tarihinde ge\u00e7erli midir?<\/li>\n<li>Geminin KKTC makamlar\u0131nca ger\u00e7ekle\u015ftirilen son fiziki ve teknik denetimi hangi tarihte, nerede ve kimler taraf\u0131ndan yap\u0131lm\u0131\u015ft\u0131r? Denetim raporlar\u0131n\u0131n tamam\u0131 a\u00e7\u0131klanacak m\u0131d\u0131r?<\/li>\n<li>Geminin ge\u00e7mi\u015finde tespit edilmi\u015f teknik eksiklikler, kusurlar, sefer k\u0131s\u0131tlamalar\u0131 veya g\u00fcvenlik uyar\u0131lar\u0131 Bakanl\u0131\u011f\u0131n bilgisine gelmi\u015f midir? Gelmi\u015fse hangi i\u015flemler yap\u0131lm\u0131\u015ft\u0131r?<\/li>\n<li>Geminin daha \u00f6nce g\u00fcndeme gelen teknik sorunlar\u0131n\u0131n giderildi\u011fini g\u00f6steren onar\u0131m, survey ve yeniden uygunluk belgeleri Bakanl\u0131\u011fa sunulmu\u015f mudur?<\/li>\n<li>Geminin g\u00f6vde b\u00fct\u00fcnl\u00fc\u011f\u00fc, su ge\u00e7irmez b\u00f6lmeleri, kap\u0131lar\u0131, sintine ve tahliye sistemleri, stabilitesi ve acil durum sistemleri hangi tarihte kontrol edilmi\u015ftir?<\/li>\n<li>Yolcu koltuklar\u0131 ve bunlar\u0131n g\u00fcverte veya g\u00f6vdeye ba\u011flant\u0131lar\u0131n\u0131n g\u00fcvenli\u011fi denetlenmi\u015f midir? Denetlenmi\u015fse bunu g\u00f6steren teknik kay\u0131t nerededir?<\/li>\n<li>T\u00fcrk Loydu veya ba\u015fka bir klas kurulu\u015fu taraf\u0131ndan gemi hakk\u0131nda d\u00fczenlenmi\u015f rapor, onay, survey veya klas belgesi Bakanl\u0131\u011f\u0131n dosyas\u0131nda bulunmakta m\u0131d\u0131r? Varsa kamuoyuyla payla\u015f\u0131lacak m\u0131d\u0131r?<\/li>\n<li>Geminin kaptan\u0131 ve di\u011fer kilit gemiadamlar\u0131n\u0131n yeterlilik belgeleri hangi devlet taraf\u0131ndan d\u00fczenlenmi\u015ftir? Bu belgelerin STCW kapsam\u0131nda ge\u00e7erlili\u011fi ve geminin tonaj\u0131 ile sefer b\u00f6lgesi bak\u0131m\u0131ndan yeterlili\u011fi KKTC makamlar\u0131nca do\u011frulanm\u0131\u015f m\u0131d\u0131r?<\/li>\n<li>Kaptan\u0131n sahip oldu\u011fu yeterlilik belgesinin hangi e\u011fitim, deniz hizmeti, s\u0131nav ve yeterlilik s\u00fcreci sonucunda verildi\u011fi ara\u015ft\u0131r\u0131lm\u0131\u015f m\u0131d\u0131r? Belge ba\u015fka bir \u00fclke taraf\u0131ndan tan\u0131nm\u0131\u015fsa bu tan\u0131man\u0131n hukuki dayana\u011f\u0131 nedir?<\/li>\n<li>Geminin asgari emniyetli gemiadam\u0131 donat\u0131m\u0131 neydi ve kaza g\u00fcn\u00fc gemide bulunan m\u00fcrettebat say\u0131 ve yeterlilik bak\u0131m\u0131ndan bu \u015fartlar\u0131 kar\u015f\u0131l\u0131yor muydu?<\/li>\n<li>Geminin kaza g\u00fcn\u00fc ta\u015f\u0131d\u0131\u011f\u0131 yolcu ve m\u00fcrettebat say\u0131s\u0131, izin verilen azami kapasite ve geminin kalk\u0131\u015f an\u0131ndaki y\u00fck veya deplasman durumu nedir?<\/li>\n<li>Sefer \u00f6ncesinde hava ve deniz \u015fartlar\u0131 de\u011ferlendirilmi\u015f midir? Geminin mevcut sertifikalar\u0131 bak\u0131m\u0131ndan sefer b\u00f6lgesi veya hava ve deniz \u015fartlar\u0131na ili\u015fkin herhangi bir operasyonel k\u0131s\u0131tlama bulunmakta m\u0131yd\u0131?<\/li>\n<li>Geminin KKTC&#8217;de faaliyet g\u00f6stermesine ili\u015fkin dosyada herhangi bir eksik, s\u00fcresi ge\u00e7mi\u015f veya sonradan tamamlanm\u0131\u015f belge bulunmakta m\u0131d\u0131r?<\/li>\n<li>Geminin seferlerine ili\u015fkin denetim ve izin zincirinde Limanlar Dairesi, Bakanl\u0131k ve di\u011fer ilgili kamu makamlar\u0131ndan hangi birimler ve hangi g\u00f6revliler sorumludur?<\/li>\n<li>Kazadan sonra Bakanl\u0131k b\u00fcnyesinde olu\u015fturulan inceleme veya soru\u015fturma heyetinde kimler bulunmaktad\u0131r? Bakanl\u0131\u011f\u0131n kendi izin ve denetim faaliyetlerinin de ara\u015ft\u0131r\u0131lmas\u0131 gerekti\u011fi dikkate al\u0131nd\u0131\u011f\u0131nda, soru\u015fturman\u0131n kurumsal ba\u011f\u0131ms\u0131zl\u0131\u011f\u0131 nas\u0131l sa\u011flanacakt\u0131r?<\/li>\n<li>Bakanl\u0131k, geminin KKTC&#8217;deki t\u00fcm izin, denetim, sertifika, yaz\u0131\u015fma ve teknik rapor dosyas\u0131n\u0131 Cumhuriyet Meclisi&#8217;ne eksiksiz sunacak m\u0131d\u0131r?<\/li>\n<li>Yap\u0131lacak inceleme sonucunda Bakanl\u0131\u011fa veya Bakanl\u0131\u011fa ba\u011fl\u0131 herhangi bir makam\u0131n denetim, izin veya g\u00f6zetim y\u00fck\u00fcml\u00fcl\u00fc\u011f\u00fcn\u00fc yerine getirmedi\u011fi ortaya \u00e7\u0131karsa Bakan Erhan Ar\u0131kl\u0131 siyasi sorumlulu\u011fu \u00fcstlenecek midir?<\/li>\n<\/ol>\n<h3>&#8220;Biz polemik istemiyoruz, belge istiyoruz&#8221;<\/h3>\n<p class=\"isSelectedEnd\">S\u00f6z konusu sorular\u0131n &#8220;rol kapma&#8221; amac\u0131 ta\u015f\u0131mad\u0131\u011f\u0131n\u0131 vurgulayan Akp\u0131nar, bunlar\u0131n hayat\u0131n\u0131 kaybedenler, aileleri ve ayn\u0131 ac\u0131n\u0131n bir daha ya\u015fanmamas\u0131 ad\u0131na cevapland\u0131r\u0131lmas\u0131 gereken sorular oldu\u011funu ifade etti.<\/p>\n<p class=\"isSelectedEnd\">&#8220;Milletvekilinin g\u00f6revi soru sormakt\u0131r. Meclisin g\u00f6revi denetlemektir. Bakan\u0131n g\u00f6revi ise cevap vermek ve hesap vermektir.&#8221; diyen Akp\u0131nar, polemik de\u011fil belge istediklerinin alt\u0131n\u0131 \u00e7izdi.<\/p>\n<p class=\"isSelectedEnd\">Kimseyi su\u00e7lu ilan etmediklerini yineleyen Akp\u0131nar, ama\u00e7lar\u0131n\u0131n ger\u00e7e\u011fin ortaya \u00e7\u0131kar\u0131lmas\u0131 ve sorumlulu\u011fun gere\u011finin yerine getirilmesi oldu\u011funu kaydetti.<\/p>\n<p>Akp\u0131nar, yap\u0131lacak ba\u011f\u0131ms\u0131z inceleme sonucunda Bakanl\u0131\u011f\u0131n izin, denetim veya g\u00f6zetim s\u00fcre\u00e7lerinde ciddi bir ihmal ya da g\u00f6rev kusurunun ortaya \u00e7\u0131kmas\u0131 halinde bunun siyasi sorumlulu\u011funun da yerine getirilmesi gerekti\u011fini belirterek, &#8220;O makamda kalmak de\u011fil, gere\u011fini yapmak gerekir.&#8221; ifadelerini kulland\u0131.<\/p>\n","protected":false},"excerpt":{"rendered":"<p>Demokrat Parti (DP) Genel Sekreteri ve Girne Milletvekili Serhat Akp\u0131nar, Filo Jet facias\u0131na ili\u015fkin Cumhuriyet Meclisi&#8217;ne ta\u015f\u0131d\u0131klar\u0131 sorular\u0131n Bay\u0131nd\u0131rl\u0131k ve Ula\u015ft\u0131rma Bakan\u0131 Erhan Ar\u0131kl\u0131 taraf\u0131ndan &#8220;rol kapma&#8221; olarak nitelendirilmesine yan\u0131t verdi. Akp\u0131nar, kazan\u0131n nedenini ilan etmediklerini ve kimseyi pe\u015finen su\u00e7lamad\u0131klar\u0131n\u0131 belirterek, teknik inceleme, resmi belgeler ve ba\u011f\u0131ms\u0131z soru\u015fturmayla ger\u00e7e\u011fin ortaya \u00e7\u0131kar\u0131lmas\u0131n\u0131 istediklerini vurgulad\u0131. Akp\u0131nar, &#8220;Say\u0131n [&hellip;]<\/p>\n","protected":false},"author":1,"featured_media":45932,"comment_status":"open","ping_status":"open","sticky":false,"template":"","format":"standard","meta":{"jnews-multi-image_gallery":[],"jnews_single_post":{"subtitle":"","format":"standard","override":[{"template":"1","parallax":"1","fullscreen":"1","layout":"right-sidebar","sidebar":"default-sidebar","second_sidebar":"default-sidebar","sticky_sidebar":"1","share_position":"top","share_float_style":"share-monocrhome","show_featured":"1","show_post_author":"1","show_post_author_image":"1","show_post_date":"1","post_date_format":"default","post_date_format_custom":"Y\/m\/d","show_post_category":"1","show_post_reading_time":"0","post_reading_time_wpm":"300","post_calculate_word_method":"str_word_count","show_zoom_button":"0","zoom_button_out_step":"2","zoom_button_in_step":"3","show_post_tag":"1","show_prev_next_post":"1","show_popup_post":"1","show_comment_section":"1","number_popup_post":"1","show_author_box":"0","show_post_related":"0","show_inline_post_related":"0"}],"image_override":[{"single_post_thumbnail_size":"crop-500","single_post_gallery_size":"crop-500"}],"trending_post_position":"meta","trending_post_label":"Trending","sponsored_post_label":"Sponsored by","disable_ad":"0"},"jnews_primary_category":[],"jnews_social_meta":[],"jnews_override_counter":{"view_counter_number":"0","share_counter_number":"0","like_counter_number":"0","dislike_counter_number":"0"},"footnotes":""},"categories":[1],"tags":[1339,5687,7028,7034,1340],"class_list":["post-45931","post","type-post","status-publish","format-standard","has-post-thumbnail","hentry","category-kibris","tag-demokrat-parti","tag-erhan-arikli","tag-filo-jet","tag-girne-gemi-faciasi","tag-serhat-akpinar"],"yoast_head":"<!-- This site is optimized with the Yoast SEO plugin v28.4 - https:\/\/yoast.com\/product\/yoast-seo-wordpress\/ -->\n<title>Akp\u0131nar&#039;dan Ar\u0131kl\u0131&#039;ya: Mesele rol de\u011fil, sorumluluktur - Kuzeyin Sesi<\/title>\n<meta name=\"robots\" content=\"index, follow, max-snippet:-1, max-image-preview:large, max-video-preview:-1\" \/>\n<link rel=\"canonical\" href=\"https:\/\/kuzeyinsesi.org\/index.php\/2026\/09\/02\/akpinardan-arikliya-mesele-rol-degil-sorumluluktur\/\" \/>\n<meta property=\"og:locale\" content=\"tr_TR\" \/>\n<meta property=\"og:type\" content=\"article\" \/>\n<meta property=\"og:title\" content=\"Akp\u0131nar&#039;dan Ar\u0131kl\u0131&#039;ya: Mesele rol de\u011fil, sorumluluktur - Kuzeyin Sesi\" \/>\n<meta property=\"og:description\" content=\"Demokrat Parti (DP) Genel Sekreteri ve Girne Milletvekili Serhat Akp\u0131nar, Filo Jet facias\u0131na ili\u015fkin Cumhuriyet Meclisi&#8217;ne ta\u015f\u0131d\u0131klar\u0131 sorular\u0131n Bay\u0131nd\u0131rl\u0131k ve Ula\u015ft\u0131rma Bakan\u0131 Erhan Ar\u0131kl\u0131 taraf\u0131ndan &#8220;rol kapma&#8221; olarak nitelendirilmesine yan\u0131t verdi. Akp\u0131nar, kazan\u0131n nedenini ilan etmediklerini ve kimseyi pe\u015finen su\u00e7lamad\u0131klar\u0131n\u0131 belirterek, teknik inceleme, resmi belgeler ve ba\u011f\u0131ms\u0131z soru\u015fturmayla ger\u00e7e\u011fin ortaya \u00e7\u0131kar\u0131lmas\u0131n\u0131 istediklerini vurgulad\u0131. Akp\u0131nar, &#8220;Say\u0131n [&hellip;]\" \/>\n<meta property=\"og:url\" content=\"https:\/\/kuzeyinsesi.org\/index.php\/2026\/09\/02\/akpinardan-arikliya-mesele-rol-degil-sorumluluktur\/\" \/>\n<meta property=\"og:site_name\" content=\"Kuzeyin Sesi\" \/>\n<meta property=\"article:publisher\" content=\"https:\/\/www.facebook.com\/kuzeyinsesii\" \/>\n<meta property=\"article:published_time\" content=\"2026-09-02T06:25:35+00:00\" \/>\n<meta property=\"og:image\" content=\"https:\/\/kuzeyinsesi.org\/wp-content\/uploads\/2026\/09\/Kuzeyinsesikj-2026-09-02T092453.738.jpg\" \/>\n\t<meta property=\"og:image:width\" content=\"1600\" \/>\n\t<meta property=\"og:image:height\" content=\"900\" \/>\n\t<meta property=\"og:image:type\" content=\"image\/jpeg\" \/>\n<meta name=\"author\" content=\"Kuzeyin Sesi\" \/>\n<meta name=\"twitter:card\" content=\"summary_large_image\" \/>\n<meta name=\"twitter:creator\" content=\"@kuzeyinsesii\" \/>\n<meta name=\"twitter:site\" content=\"@kuzeyinsesii\" \/>\n<meta name=\"twitter:label1\" content=\"Yazan:\" \/>\n\t<meta name=\"twitter:data1\" content=\"Kuzeyin Sesi\" \/>\n\t<meta name=\"twitter:label2\" content=\"Tahmini okuma s\u00fcresi\" \/>\n\t<meta name=\"twitter:data2\" content=\"4 dakika\" \/>\n<script type=\"application\/ld+json\" class=\"yoast-schema-graph\">{\"@context\":\"https:\\\/\\\/schema.org\",\"@graph\":[{\"@type\":\"Article\",\"@id\":\"https:\\\/\\\/kuzeyinsesi.org\\\/index.php\\\/2026\\\/09\\\/02\\\/akpinardan-arikliya-mesele-rol-degil-sorumluluktur\\\/#article\",\"isPartOf\":{\"@id\":\"https:\\\/\\\/kuzeyinsesi.org\\\/index.php\\\/2026\\\/09\\\/02\\\/akpinardan-arikliya-mesele-rol-degil-sorumluluktur\\\/\"},\"author\":{\"name\":\"Kuzeyin Sesi\",\"@id\":\"https:\\\/\\\/kuzeyinsesi.org\\\/#\\\/schema\\\/person\\\/9f859689cdf01485597712386e37f5aa\"},\"headline\":\"Akp\u0131nar&#8217;dan Ar\u0131kl\u0131&#8217;ya: Mesele rol de\u011fil, sorumluluktur\",\"datePublished\":\"2026-09-02T06:25:35+00:00\",\"mainEntityOfPage\":{\"@id\":\"https:\\\/\\\/kuzeyinsesi.org\\\/index.php\\\/2026\\\/09\\\/02\\\/akpinardan-arikliya-mesele-rol-degil-sorumluluktur\\\/\"},\"wordCount\":902,\"commentCount\":0,\"image\":{\"@id\":\"https:\\\/\\\/kuzeyinsesi.org\\\/index.php\\\/2026\\\/09\\\/02\\\/akpinardan-arikliya-mesele-rol-degil-sorumluluktur\\\/#primaryimage\"},\"thumbnailUrl\":\"https:\\\/\\\/kuzeyinsesi.org\\\/wp-content\\\/uploads\\\/2026\\\/09\\\/Kuzeyinsesikj-2026-09-02T092453.738.jpg\",\"keywords\":[\"Demokrat Parti\",\"Erhan Ar\u0131kl\u0131\",\"F\u0130LO JET\",\"Girne gemi facias\u0131\",\"Serhat Akp\u0131nar\"],\"articleSection\":[\"K\u0131br\u0131s\"],\"inLanguage\":\"tr\",\"potentialAction\":[{\"@type\":\"CommentAction\",\"name\":\"Comment\",\"target\":[\"https:\\\/\\\/kuzeyinsesi.org\\\/index.php\\\/2026\\\/09\\\/02\\\/akpinardan-arikliya-mesele-rol-degil-sorumluluktur\\\/#respond\"]}]},{\"@type\":\"WebPage\",\"@id\":\"https:\\\/\\\/kuzeyinsesi.org\\\/index.php\\\/2026\\\/09\\\/02\\\/akpinardan-arikliya-mesele-rol-degil-sorumluluktur\\\/\",\"url\":\"https:\\\/\\\/kuzeyinsesi.org\\\/index.php\\\/2026\\\/09\\\/02\\\/akpinardan-arikliya-mesele-rol-degil-sorumluluktur\\\/\",\"name\":\"Akp\u0131nar'dan Ar\u0131kl\u0131'ya: Mesele rol de\u011fil, sorumluluktur - Kuzeyin Sesi\",\"isPartOf\":{\"@id\":\"https:\\\/\\\/kuzeyinsesi.org\\\/#website\"},\"primaryImageOfPage\":{\"@id\":\"https:\\\/\\\/kuzeyinsesi.org\\\/index.php\\\/2026\\\/09\\\/02\\\/akpinardan-arikliya-mesele-rol-degil-sorumluluktur\\\/#primaryimage\"},\"image\":{\"@id\":\"https:\\\/\\\/kuzeyinsesi.org\\\/index.php\\\/2026\\\/09\\\/02\\\/akpinardan-arikliya-mesele-rol-degil-sorumluluktur\\\/#primaryimage\"},\"thumbnailUrl\":\"https:\\\/\\\/kuzeyinsesi.org\\\/wp-content\\\/uploads\\\/2026\\\/09\\\/Kuzeyinsesikj-2026-09-02T092453.738.jpg\",\"datePublished\":\"2026-09-02T06:25:35+00:00\",\"author\":{\"@id\":\"https:\\\/\\\/kuzeyinsesi.org\\\/#\\\/schema\\\/person\\\/9f859689cdf01485597712386e37f5aa\"},\"breadcrumb\":{\"@id\":\"https:\\\/\\\/kuzeyinsesi.org\\\/index.php\\\/2026\\\/09\\\/02\\\/akpinardan-arikliya-mesele-rol-degil-sorumluluktur\\\/#breadcrumb\"},\"inLanguage\":\"tr\",\"potentialAction\":[{\"@type\":\"ReadAction\",\"target\":[\"https:\\\/\\\/kuzeyinsesi.org\\\/index.php\\\/2026\\\/09\\\/02\\\/akpinardan-arikliya-mesele-rol-degil-sorumluluktur\\\/\"]}]},{\"@type\":\"ImageObject\",\"inLanguage\":\"tr\",\"@id\":\"https:\\\/\\\/kuzeyinsesi.org\\\/index.php\\\/2026\\\/09\\\/02\\\/akpinardan-arikliya-mesele-rol-degil-sorumluluktur\\\/#primaryimage\",\"url\":\"https:\\\/\\\/kuzeyinsesi.org\\\/wp-content\\\/uploads\\\/2026\\\/09\\\/Kuzeyinsesikj-2026-09-02T092453.738.jpg\",\"contentUrl\":\"https:\\\/\\\/kuzeyinsesi.org\\\/wp-content\\\/uploads\\\/2026\\\/09\\\/Kuzeyinsesikj-2026-09-02T092453.738.jpg\",\"width\":1600,\"height\":900},{\"@type\":\"BreadcrumbList\",\"@id\":\"https:\\\/\\\/kuzeyinsesi.org\\\/index.php\\\/2026\\\/09\\\/02\\\/akpinardan-arikliya-mesele-rol-degil-sorumluluktur\\\/#breadcrumb\",\"itemListElement\":[{\"@type\":\"ListItem\",\"position\":1,\"name\":\"Anasayfa\",\"item\":\"https:\\\/\\\/kuzeyinsesi.org\\\/\"},{\"@type\":\"ListItem\",\"position\":2,\"name\":\"Akp\u0131nar&#8217;dan Ar\u0131kl\u0131&#8217;ya: Mesele rol de\u011fil, sorumluluktur\"}]},{\"@type\":\"WebSite\",\"@id\":\"https:\\\/\\\/kuzeyinsesi.org\\\/#website\",\"url\":\"https:\\\/\\\/kuzeyinsesi.org\\\/\",\"name\":\"Kuzeyin Sesi\",\"description\":\"Do\u011fru Haberin Adresi\",\"potentialAction\":[{\"@type\":\"SearchAction\",\"target\":{\"@type\":\"EntryPoint\",\"urlTemplate\":\"https:\\\/\\\/kuzeyinsesi.org\\\/?s={search_term_string}\"},\"query-input\":{\"@type\":\"PropertyValueSpecification\",\"valueRequired\":true,\"valueName\":\"search_term_string\"}}],\"inLanguage\":\"tr\"},{\"@type\":\"Person\",\"@id\":\"https:\\\/\\\/kuzeyinsesi.org\\\/#\\\/schema\\\/person\\\/9f859689cdf01485597712386e37f5aa\",\"name\":\"Kuzeyin Sesi\",\"image\":{\"@type\":\"ImageObject\",\"inLanguage\":\"tr\",\"@id\":\"https:\\\/\\\/secure.gravatar.com\\\/avatar\\\/bab33852abfd8b282518d6ed81826833d77c3c882d9ab608add591ccace47a44?s=96&d=mm&r=g\",\"url\":\"https:\\\/\\\/secure.gravatar.com\\\/avatar\\\/bab33852abfd8b282518d6ed81826833d77c3c882d9ab608add591ccace47a44?s=96&d=mm&r=g\",\"contentUrl\":\"https:\\\/\\\/secure.gravatar.com\\\/avatar\\\/bab33852abfd8b282518d6ed81826833d77c3c882d9ab608add591ccace47a44?s=96&d=mm&r=g\",\"caption\":\"Kuzeyin Sesi\"},\"sameAs\":[\"https:\\\/\\\/kuzeyinsesi.org\"],\"url\":\"https:\\\/\\\/kuzeyinsesi.org\\\/index.php\\\/author\\\/guven\\\/\"}]}<\/script>\n<!-- \/ Yoast SEO plugin. -->","yoast_head_json":{"title":"Akp\u0131nar'dan Ar\u0131kl\u0131'ya: Mesele rol de\u011fil, sorumluluktur - Kuzeyin Sesi","robots":{"index":"index","follow":"follow","max-snippet":"max-snippet:-1","max-image-preview":"max-image-preview:large","max-video-preview":"max-video-preview:-1"},"canonical":"https:\/\/kuzeyinsesi.org\/index.php\/2026\/09\/02\/akpinardan-arikliya-mesele-rol-degil-sorumluluktur\/","og_locale":"tr_TR","og_type":"article","og_title":"Akp\u0131nar'dan Ar\u0131kl\u0131'ya: Mesele rol de\u011fil, sorumluluktur - Kuzeyin Sesi","og_description":"Demokrat Parti (DP) Genel Sekreteri ve Girne Milletvekili Serhat Akp\u0131nar, Filo Jet facias\u0131na ili\u015fkin Cumhuriyet Meclisi&#8217;ne ta\u015f\u0131d\u0131klar\u0131 sorular\u0131n Bay\u0131nd\u0131rl\u0131k ve Ula\u015ft\u0131rma Bakan\u0131 Erhan Ar\u0131kl\u0131 taraf\u0131ndan &#8220;rol kapma&#8221; olarak nitelendirilmesine yan\u0131t verdi. Akp\u0131nar, kazan\u0131n nedenini ilan etmediklerini ve kimseyi pe\u015finen su\u00e7lamad\u0131klar\u0131n\u0131 belirterek, teknik inceleme, resmi belgeler ve ba\u011f\u0131ms\u0131z soru\u015fturmayla ger\u00e7e\u011fin ortaya \u00e7\u0131kar\u0131lmas\u0131n\u0131 istediklerini vurgulad\u0131. Akp\u0131nar, &#8220;Say\u0131n [&hellip;]","og_url":"https:\/\/kuzeyinsesi.org\/index.php\/2026\/09\/02\/akpinardan-arikliya-mesele-rol-degil-sorumluluktur\/","og_site_name":"Kuzeyin Sesi","article_publisher":"https:\/\/www.facebook.com\/kuzeyinsesii","article_published_time":"2026-09-02T06:25:35+00:00","og_image":[{"width":1600,"height":900,"url":"https:\/\/kuzeyinsesi.org\/wp-content\/uploads\/2026\/09\/Kuzeyinsesikj-2026-09-02T092453.738.jpg","type":"image\/jpeg"}],"author":"Kuzeyin Sesi","twitter_card":"summary_large_image","twitter_creator":"@kuzeyinsesii","twitter_site":"@kuzeyinsesii","twitter_misc":{"Yazan:":"Kuzeyin Sesi","Tahmini okuma s\u00fcresi":"4 dakika"},"schema":{"@context":"https:\/\/schema.org","@graph":[{"@type":"Article","@id":"https:\/\/kuzeyinsesi.org\/index.php\/2026\/09\/02\/akpinardan-arikliya-mesele-rol-degil-sorumluluktur\/#article","isPartOf":{"@id":"https:\/\/kuzeyinsesi.org\/index.php\/2026\/09\/02\/akpinardan-arikliya-mesele-rol-degil-sorumluluktur\/"},"author":{"name":"Kuzeyin Sesi","@id":"https:\/\/kuzeyinsesi.org\/#\/schema\/person\/9f859689cdf01485597712386e37f5aa"},"headline":"Akp\u0131nar&#8217;dan Ar\u0131kl\u0131&#8217;ya: Mesele rol de\u011fil, sorumluluktur","datePublished":"2026-09-02T06:25:35+00:00","mainEntityOfPage":{"@id":"https:\/\/kuzeyinsesi.org\/index.php\/2026\/09\/02\/akpinardan-arikliya-mesele-rol-degil-sorumluluktur\/"},"wordCount":902,"commentCount":0,"image":{"@id":"https:\/\/kuzeyinsesi.org\/index.php\/2026\/09\/02\/akpinardan-arikliya-mesele-rol-degil-sorumluluktur\/#primaryimage"},"thumbnailUrl":"https:\/\/kuzeyinsesi.org\/wp-content\/uploads\/2026\/09\/Kuzeyinsesikj-2026-09-02T092453.738.jpg","keywords":["Demokrat Parti","Erhan Ar\u0131kl\u0131","F\u0130LO JET","Girne gemi facias\u0131","Serhat Akp\u0131nar"],"articleSection":["K\u0131br\u0131s"],"inLanguage":"tr","potentialAction":[{"@type":"CommentAction","name":"Comment","target":["https:\/\/kuzeyinsesi.org\/index.php\/2026\/09\/02\/akpinardan-arikliya-mesele-rol-degil-sorumluluktur\/#respond"]}]},{"@type":"WebPage","@id":"https:\/\/kuzeyinsesi.org\/index.php\/2026\/09\/02\/akpinardan-arikliya-mesele-rol-degil-sorumluluktur\/","url":"https:\/\/kuzeyinsesi.org\/index.php\/2026\/09\/02\/akpinardan-arikliya-mesele-rol-degil-sorumluluktur\/","name":"Akp\u0131nar'dan Ar\u0131kl\u0131'ya: Mesele rol de\u011fil, sorumluluktur - Kuzeyin Sesi","isPartOf":{"@id":"https:\/\/kuzeyinsesi.org\/#website"},"primaryImageOfPage":{"@id":"https:\/\/kuzeyinsesi.org\/index.php\/2026\/09\/02\/akpinardan-arikliya-mesele-rol-degil-sorumluluktur\/#primaryimage"},"image":{"@id":"https:\/\/kuzeyinsesi.org\/index.php\/2026\/09\/02\/akpinardan-arikliya-mesele-rol-degil-sorumluluktur\/#primaryimage"},"thumbnailUrl":"https:\/\/kuzeyinsesi.org\/wp-content\/uploads\/2026\/09\/Kuzeyinsesikj-2026-09-02T092453.738.jpg","datePublished":"2026-09-02T06:25:35+00:00","author":{"@id":"https:\/\/kuzeyinsesi.org\/#\/schema\/person\/9f859689cdf01485597712386e37f5aa"},"breadcrumb":{"@id":"https:\/\/kuzeyinsesi.org\/index.php\/2026\/09\/02\/akpinardan-arikliya-mesele-rol-degil-sorumluluktur\/#breadcrumb"},"inLanguage":"tr","potentialAction":[{"@type":"ReadAction","target":["https:\/\/kuzeyinsesi.org\/index.php\/2026\/09\/02\/akpinardan-arikliya-mesele-rol-degil-sorumluluktur\/"]}]},{"@type":"ImageObject","inLanguage":"tr","@id":"https:\/\/kuzeyinsesi.org\/index.php\/2026\/09\/02\/akpinardan-arikliya-mesele-rol-degil-sorumluluktur\/#primaryimage","url":"https:\/\/kuzeyinsesi.org\/wp-content\/uploads\/2026\/09\/Kuzeyinsesikj-2026-09-02T092453.738.jpg","contentUrl":"https:\/\/kuzeyinsesi.org\/wp-content\/uploads\/2026\/09\/Kuzeyinsesikj-2026-09-02T092453.738.jpg","width":1600,"height":900},{"@type":"BreadcrumbList","@id":"https:\/\/kuzeyinsesi.org\/index.php\/2026\/09\/02\/akpinardan-arikliya-mesele-rol-degil-sorumluluktur\/#breadcrumb","itemListElement":[{"@type":"ListItem","position":1,"name":"Anasayfa","item":"https:\/\/kuzeyinsesi.org\/"},{"@type":"ListItem","position":2,"name":"Akp\u0131nar&#8217;dan Ar\u0131kl\u0131&#8217;ya: Mesele rol de\u011fil, sorumluluktur"}]},{"@type":"WebSite","@id":"https:\/\/kuzeyinsesi.org\/#website","url":"https:\/\/kuzeyinsesi.org\/","name":"Kuzeyin Sesi","description":"Do\u011fru Haberin Adresi","potentialAction":[{"@type":"SearchAction","target":{"@type":"EntryPoint","urlTemplate":"https:\/\/kuzeyinsesi.org\/?s={search_term_string}"},"query-input":{"@type":"PropertyValueSpecification","valueRequired":true,"valueName":"search_term_string"}}],"inLanguage":"tr"},{"@type":"Person","@id":"https:\/\/kuzeyinsesi.org\/#\/schema\/person\/9f859689cdf01485597712386e37f5aa","name":"Kuzeyin Sesi","image":{"@type":"ImageObject","inLanguage":"tr","@id":"https:\/\/secure.gravatar.com\/avatar\/bab33852abfd8b282518d6ed81826833d77c3c882d9ab608add591ccace47a44?s=96&d=mm&r=g","url":"https:\/\/secure.gravatar.com\/avatar\/bab33852abfd8b282518d6ed81826833d77c3c882d9ab608add591ccace47a44?s=96&d=mm&r=g","contentUrl":"https:\/\/secure.gravatar.com\/avatar\/bab33852abfd8b282518d6ed81826833d77c3c882d9ab608add591ccace47a44?s=96&d=mm&r=g","caption":"Kuzeyin Sesi"},"sameAs":["https:\/\/kuzeyinsesi.org"],"url":"https:\/\/kuzeyinsesi.org\/index.php\/author\/guven\/"}]}},"_links":{"self":[{"href":"https:\/\/kuzeyinsesi.org\/index.php\/wp-json\/wp\/v2\/posts\/45931","targetHints":{"allow":["GET"]}}],"collection":[{"href":"https:\/\/kuzeyinsesi.org\/index.php\/wp-json\/wp\/v2\/posts"}],"about":[{"href":"https:\/\/kuzeyinsesi.org\/index.php\/wp-json\/wp\/v2\/types\/post"}],"author":[{"embeddable":true,"href":"https:\/\/kuzeyinsesi.org\/index.php\/wp-json\/wp\/v2\/users\/1"}],"replies":[{"embeddable":true,"href":"https:\/\/kuzeyinsesi.org\/index.php\/wp-json\/wp\/v2\/comments?post=45931"}],"version-history":[{"count":1,"href":"https:\/\/kuzeyinsesi.org\/index.php\/wp-json\/wp\/v2\/posts\/45931\/revisions"}],"predecessor-version":[{"id":45933,"href":"https:\/\/kuzeyinsesi.org\/index.php\/wp-json\/wp\/v2\/posts\/45931\/revisions\/45933"}],"wp:featuredmedia":[{"embeddable":true,"href":"https:\/\/kuzeyinsesi.org\/index.php\/wp-json\/wp\/v2\/media\/45932"}],"wp:attachment":[{"href":"https:\/\/kuzeyinsesi.org\/index.php\/wp-json\/wp\/v2\/media?parent=45931"}],"wp:term":[{"taxonomy":"category","embeddable":true,"href":"https:\/\/kuzeyinsesi.org\/index.php\/wp-json\/wp\/v2\/categories?post=45931"},{"taxonomy":"post_tag","embeddable":true,"href":"https:\/\/kuzeyinsesi.org\/index.php\/wp-json\/wp\/v2\/tags?post=45931"}],"curies":[{"name":"wp","href":"https:\/\/api.w.org\/{rel}","templated":true}]}}