{"id":45921,"date":"2026-09-02T06:29:02","date_gmt":"2026-09-02T03:29:02","guid":{"rendered":"https:\/\/kuzeyinsesi.org\/index.php\/2026\/09\/02\/maduronun-oglu-babasinin-alikonulduktan-sonraki-ilk-fotografinin-hikayesini-anlatti\/"},"modified":"2026-09-02T06:29:02","modified_gmt":"2026-09-02T03:29:02","slug":"maduronun-oglu-babasinin-alikonulduktan-sonraki-ilk-fotografinin-hikayesini-anlatti","status":"publish","type":"post","link":"https:\/\/kuzeyinsesi.org\/index.php\/2026\/09\/02\/maduronun-oglu-babasinin-alikonulduktan-sonraki-ilk-fotografinin-hikayesini-anlatti\/","title":{"rendered":"Maduro&#039;nun o\u011flu, babas\u0131n\u0131n al\u0131konulduktan sonraki ilk foto\u011fraf\u0131n\u0131n hikayesini anlatt\u0131"},"content":{"rendered":"<p><\/p>\n<div>\n<p>&#13;<br \/>\n\t&#8220;Nicolasito&#8221; lakapl\u0131 Maduro Guerra, <a href=\"https:\/\/www.trthaber.com\/etiket\/abd\/\" target=\"_blank\">ABD<\/a> merkezli X \u015firketinin sosyal <a href=\"https:\/\/www.trthaber.com\/etiket\/medya\/\" target=\"_blank\">medya<\/a> platformundaki hesab\u0131ndan yapt\u0131\u011f\u0131 payla\u015f\u0131mda, babas\u0131 Maduro&#8217;nun foto\u011fraf\u0131n\u0131n \u00e7ekime s\u00fcrecine de\u011findi.<\/p>\n<p>&#13;<br \/>\n\t&#8220;Size bu foto\u011fraf\u0131n bize nas\u0131l ula\u015ft\u0131\u011f\u0131ndan biraz bahsedece\u011fim.&#8221; diyen Nicolasito, foto\u011fraf\u0131 \u00e7eken ki\u015finin Venezuela&#8217;da 24 Haziran&#8217;da meydana gelen 7,2 ve 7,5 b\u00fcy\u00fckl\u00fc\u011f\u00fcndeki depremler nedeniyle Maduro&#8217;nun moralinin &#8220;\u00e7ok k\u00f6t\u00fc&#8221; oldu\u011funu aktard\u0131\u011f\u0131n\u0131 belirtti.<\/p>\n<p>&#13;<br \/>\n\tNicolasito, babas\u0131n\u0131n foto\u011fraf\u0131n\u0131n <a href=\"https:\/\/www.trthaber.com\/etiket\/deprem\/\" target=\"_blank\">deprem<\/a> sonras\u0131 \u00e7ekildi\u011fini kaydederek, \u015funlar\u0131 ifade etti:<\/p>\n<p>&#13;<br \/>\n\t<em>&#8220;Bu foto\u011fraf iki b\u00fcy\u00fck depremden 1 g\u00fcn sonra (25 Haziran&#8217;da) \u00e7ekildi. Foto\u011fraf\u0131 \u00e7eken ki\u015fi, kendisinin (Maduro) o s\u0131rada <a href=\"https:\/\/www.trthaber.com\/etiket\/televizyon\/\" target=\"_blank\">televizyon<\/a> kar\u015f\u0131s\u0131nda oldu\u011funu s\u00f6yledi. &#8216;\u00c7ok sars\u0131lm\u0131\u015ft\u0131, \u00e7ok \u00fczg\u00fcnd\u00fc, geli\u015fmeleri \u00e7ok yak\u0131ndan takip ediyordu&#8217; dedi. O g\u00fcn izin verilen telefon haklar\u0131yla babam (Maduro) bizi neredeyse 4-5 kez arad\u0131, durumla \u00e7ok yak\u0131ndan ilgileniyor, La Guaira&#8217;n\u0131n nas\u0131l oldu\u011funu ve benzeri \u015feyleri soruyordu. Foto\u011fraf \u00e7ektirecek hi\u00e7 hali yoktu. Foto\u011fraf\u0131 \u00e7eken ki\u015fi \u0131srar ederek, &#8216;L\u00fctfen gelin, bu foto\u011fraf\u0131 daha sonra g\u00f6nderebilirsiniz&#8217; demi\u015f. O an bize s\u00f6yledi\u011fine g\u00f6re kendisi de (Maduro) &#8216;Pekala, Tanr\u0131&#8217;n\u0131n izniyle g\u00fcn\u00fcn birinde bu foto\u011fraf iyi oldu\u011fuma, g\u00fc\u00e7l\u00fc durdu\u011fuma ve direndi\u011fime dair mesaj verir&#8217; diye d\u00fc\u015f\u00fcnerek foto\u011fraf\u0131 \u00e7ektirme karar\u0131 vermi\u015f.&#8221;<\/em><\/p>\n<p>&#13;<br \/>\n\tMaduro&#8217;nun foto\u011fraf\u0131n\u0131n kendisine nas\u0131l ula\u015ft\u0131\u011f\u0131na ili\u015fkin Nicolasito, \u015f\u00f6yle devam etti:<\/p>\n<p>&#13;<br \/>\n\t<em>&#8220;Ger\u00e7ekten de foto\u011fraf\u0131n bas\u0131l\u0131 halini, her iki foto\u011fraf\u0131 da bas\u0131lm\u0131\u015f olarak kendisine verdiler. O da bu foto\u011fraflar\u0131 13 Temmuz&#8217;da posta yoluyla g\u00f6nderdi ve foto\u011fraflar 25 A\u011fustos&#8217;ta Amerika Birle\u015fik Devletleri&#8217;ndeki bir adrese ula\u015ft\u0131. Foto\u011fraf\u0131 ald\u0131k. Bana foto\u011fraf\u0131n bir karesini g\u00f6nderdiler, biz de ailece g\u00f6rebildik. Ard\u0131ndan hafta boyunca bu foto\u011fraf\u0131 halka, kamuoyuna ve d\u00fcnyaya nas\u0131l, ne \u015fekilde ve hangi mesajla iletmemizin daha do\u011fru olaca\u011f\u0131na karar vermeye \u00e7al\u0131\u015ft\u0131k. Kendisinden bir mesaj kaleme almas\u0131n\u0131 istemi\u015ftik, cuma gecesi (28 A\u011fustos) arad\u0131 ve bu pazar g\u00fcn\u00fc (30 A\u011fustos) foto\u011frafla birlikte yay\u0131mlanan o mesaj\u0131 bize dikte ettirdi.&#8221;<\/em><\/p>\n<p>&#13;<br \/>\n\tNicolasito, Nicolas Maduro&#8217;nun ve e\u015fi Cilia Flores&#8217;in en k\u0131sa s\u00fcrede \u00f6zg\u00fcrl\u00fcklerine kavu\u015fmas\u0131 i\u00e7in m\u00fccadeleye devam edeceklerini vurgulayarak, Tanr\u0131&#8217;n\u0131n izniyle &#8220;g\u00fczel haberler&#8221; almaya devam edeceklerini umduklar\u0131n\u0131 kaydetti.<\/p>\n<p>&#13;<br \/>\n\tNicolasito, babas\u0131 Maduro&#8217;nun 3 Ocak&#8217;ta ABD taraf\u0131ndan al\u0131konulduktan sonraki ilk foto\u011fraflar\u0131n\u0131 30 A\u011fustos&#8217;ta yay\u0131mlam\u0131\u015ft\u0131.<\/p>\n<p>&#13;<br \/>\n\tVenezuela&#8217;da 24 Haziran&#8217;da meydana gelen iki b\u00fcy\u00fck depremde 6 bin 509 ki\u015fi hayat\u0131n\u0131 kaybetmi\u015fti.<\/p>\n<h2>&#13;<br \/>\n\tNe olmu\u015ftu?<\/h2>\n<p>&#13;<br \/>\n\tVenezuela&#8217;n\u0131n ba\u015fkenti Caracas&#8217;ta 3 Ocak&#8217;ta patlama ve u\u00e7ak sesleri duyulmu\u015f, <a href=\"https:\/\/www.trthaber.com\/etiket\/venezuela\/\" target=\"_blank\">Venezuela<\/a> y\u00f6netimi patlamalar\u0131n ard\u0131ndan ABD&#8217;yi \u00fclkenin \u00e7e\u015fitli b\u00f6lgelerinde sivil ve askeri tesislere sald\u0131r\u0131 d\u00fczenlemekle su\u00e7lam\u0131\u015ft\u0131.<\/p>\n<p>&#13;<br \/>\n\tABD Ba\u015fkan\u0131 Donald Trump, Venezuela Devlet Ba\u015fkan\u0131 Maduro&#8217;ya kar\u015f\u0131 b\u00fcy\u00fck \u00e7apl\u0131 sald\u0131r\u0131 d\u00fczenlendi\u011fini, Maduro ile e\u015finin \u00fclke d\u0131\u015f\u0131na \u00e7\u0131kar\u0131ld\u0131\u011f\u0131n\u0131 duyurmu\u015ftu.<\/p>\n<p>&#13;<br \/>\n\tD\u00f6nemin ABD Adalet Bakan\u0131 Pam Bondi, Maduro ve e\u015fi Flores hakk\u0131nda ABD&#8217;de su\u00e7 duyurusunda bulunuldu\u011funu, Maduro&#8217;ya &#8220;uyu\u015fturucu ter\u00f6rizmi, kokain ka\u00e7ak\u00e7\u0131l\u0131\u011f\u0131, ABD&#8217;ye kar\u015f\u0131 makineli t\u00fcfek ve y\u0131k\u0131c\u0131 cihazlara sahip olma&#8221; su\u00e7lamalar\u0131n\u0131n y\u00f6neltildi\u011fini a\u00e7\u0131klam\u0131\u015ft\u0131.<\/p>\n<\/p><\/div>\n","protected":false},"excerpt":{"rendered":"<p>&#13; &#8220;Nicolasito&#8221; lakapl\u0131 Maduro Guerra, ABD merkezli X \u015firketinin sosyal medya platformundaki hesab\u0131ndan yapt\u0131\u011f\u0131 payla\u015f\u0131mda, babas\u0131 Maduro&#8217;nun foto\u011fraf\u0131n\u0131n \u00e7ekime s\u00fcrecine de\u011findi. &#13; &#8220;Size bu foto\u011fraf\u0131n bize nas\u0131l ula\u015ft\u0131\u011f\u0131ndan biraz bahsedece\u011fim.&#8221; diyen Nicolasito, foto\u011fraf\u0131 \u00e7eken ki\u015finin Venezuela&#8217;da 24 Haziran&#8217;da meydana gelen 7,2 ve 7,5 b\u00fcy\u00fckl\u00fc\u011f\u00fcndeki depremler nedeniyle Maduro&#8217;nun moralinin &#8220;\u00e7ok k\u00f6t\u00fc&#8221; oldu\u011funu aktard\u0131\u011f\u0131n\u0131 belirtti. &#13; Nicolasito, [&hellip;]<\/p>\n","protected":false},"author":1,"featured_media":45922,"comment_status":"open","ping_status":"open","sticky":false,"template":"","format":"standard","meta":{"jnews-multi-image_gallery":[],"jnews_single_post":[],"jnews_primary_category":[],"jnews_social_meta":[],"jnews_override_counter":[],"footnotes":""},"categories":[2],"tags":[],"class_list":["post-45921","post","type-post","status-publish","format-standard","has-post-thumbnail","hentry","category-dunya"],"yoast_head":"<!-- This site is optimized with the Yoast SEO plugin v28.4 - https:\/\/yoast.com\/product\/yoast-seo-wordpress\/ -->\n<title>Maduro&#039;nun o\u011flu, babas\u0131n\u0131n al\u0131konulduktan sonraki ilk foto\u011fraf\u0131n\u0131n hikayesini anlatt\u0131 - Kuzeyin Sesi<\/title>\n<meta name=\"robots\" content=\"index, follow, max-snippet:-1, max-image-preview:large, max-video-preview:-1\" \/>\n<link rel=\"canonical\" href=\"https:\/\/kuzeyinsesi.org\/index.php\/2026\/09\/02\/maduronun-oglu-babasinin-alikonulduktan-sonraki-ilk-fotografinin-hikayesini-anlatti\/\" \/>\n<meta property=\"og:locale\" content=\"tr_TR\" \/>\n<meta property=\"og:type\" content=\"article\" \/>\n<meta property=\"og:title\" content=\"Maduro&#039;nun o\u011flu, babas\u0131n\u0131n al\u0131konulduktan sonraki ilk foto\u011fraf\u0131n\u0131n hikayesini anlatt\u0131 - Kuzeyin Sesi\" \/>\n<meta property=\"og:description\" content=\"&#013; &#8220;Nicolasito&#8221; lakapl\u0131 Maduro Guerra, ABD merkezli X \u015firketinin sosyal medya platformundaki hesab\u0131ndan yapt\u0131\u011f\u0131 payla\u015f\u0131mda, babas\u0131 Maduro&#8217;nun foto\u011fraf\u0131n\u0131n \u00e7ekime s\u00fcrecine de\u011findi. &#013; &#8220;Size bu foto\u011fraf\u0131n bize nas\u0131l ula\u015ft\u0131\u011f\u0131ndan biraz bahsedece\u011fim.&#8221; diyen Nicolasito, foto\u011fraf\u0131 \u00e7eken ki\u015finin Venezuela&#8217;da 24 Haziran&#8217;da meydana gelen 7,2 ve 7,5 b\u00fcy\u00fckl\u00fc\u011f\u00fcndeki depremler nedeniyle Maduro&#8217;nun moralinin &#8220;\u00e7ok k\u00f6t\u00fc&#8221; oldu\u011funu aktard\u0131\u011f\u0131n\u0131 belirtti. &#013; Nicolasito, [&hellip;]\" \/>\n<meta property=\"og:url\" content=\"https:\/\/kuzeyinsesi.org\/index.php\/2026\/09\/02\/maduronun-oglu-babasinin-alikonulduktan-sonraki-ilk-fotografinin-hikayesini-anlatti\/\" \/>\n<meta property=\"og:site_name\" content=\"Kuzeyin Sesi\" \/>\n<meta property=\"article:publisher\" content=\"https:\/\/www.facebook.com\/kuzeyinsesii\" \/>\n<meta property=\"article:published_time\" content=\"2026-09-02T03:29:02+00:00\" \/>\n<meta property=\"og:image\" content=\"https:\/\/trthaberstatic.cdn.wp.trt.com.tr\/resimler\/2486000\/maduro-2486286.jpg\" \/>\n<meta name=\"author\" content=\"Kuzeyin Sesi\" \/>\n<meta name=\"twitter:card\" content=\"summary_large_image\" \/>\n<meta name=\"twitter:creator\" content=\"@kuzeyinsesii\" \/>\n<meta name=\"twitter:site\" content=\"@kuzeyinsesii\" \/>\n<meta name=\"twitter:label1\" content=\"Yazan:\" \/>\n\t<meta name=\"twitter:data1\" content=\"Kuzeyin Sesi\" \/>\n\t<meta name=\"twitter:label2\" content=\"Tahmini okuma s\u00fcresi\" \/>\n\t<meta name=\"twitter:data2\" content=\"3 dakika\" \/>\n<script type=\"application\/ld+json\" class=\"yoast-schema-graph\">{\"@context\":\"https:\\\/\\\/schema.org\",\"@graph\":[{\"@type\":\"Article\",\"@id\":\"https:\\\/\\\/kuzeyinsesi.org\\\/index.php\\\/2026\\\/09\\\/02\\\/maduronun-oglu-babasinin-alikonulduktan-sonraki-ilk-fotografinin-hikayesini-anlatti\\\/#article\",\"isPartOf\":{\"@id\":\"https:\\\/\\\/kuzeyinsesi.org\\\/index.php\\\/2026\\\/09\\\/02\\\/maduronun-oglu-babasinin-alikonulduktan-sonraki-ilk-fotografinin-hikayesini-anlatti\\\/\"},\"author\":{\"name\":\"Kuzeyin Sesi\",\"@id\":\"https:\\\/\\\/kuzeyinsesi.org\\\/#\\\/schema\\\/person\\\/9f859689cdf01485597712386e37f5aa\"},\"headline\":\"Maduro&#039;nun o\u011flu, babas\u0131n\u0131n al\u0131konulduktan sonraki ilk foto\u011fraf\u0131n\u0131n hikayesini anlatt\u0131\",\"datePublished\":\"2026-09-02T03:29:02+00:00\",\"mainEntityOfPage\":{\"@id\":\"https:\\\/\\\/kuzeyinsesi.org\\\/index.php\\\/2026\\\/09\\\/02\\\/maduronun-oglu-babasinin-alikonulduktan-sonraki-ilk-fotografinin-hikayesini-anlatti\\\/\"},\"wordCount\":602,\"commentCount\":0,\"image\":{\"@id\":\"https:\\\/\\\/kuzeyinsesi.org\\\/index.php\\\/2026\\\/09\\\/02\\\/maduronun-oglu-babasinin-alikonulduktan-sonraki-ilk-fotografinin-hikayesini-anlatti\\\/#primaryimage\"},\"thumbnailUrl\":\"https:\\\/\\\/kuzeyinsesi.org\\\/wp-content\\\/uploads\\\/2026\\\/09\\\/maduro-2486286.jpg\",\"articleSection\":[\"D\u00fcnya\"],\"inLanguage\":\"tr\",\"potentialAction\":[{\"@type\":\"CommentAction\",\"name\":\"Comment\",\"target\":[\"https:\\\/\\\/kuzeyinsesi.org\\\/index.php\\\/2026\\\/09\\\/02\\\/maduronun-oglu-babasinin-alikonulduktan-sonraki-ilk-fotografinin-hikayesini-anlatti\\\/#respond\"]}]},{\"@type\":\"WebPage\",\"@id\":\"https:\\\/\\\/kuzeyinsesi.org\\\/index.php\\\/2026\\\/09\\\/02\\\/maduronun-oglu-babasinin-alikonulduktan-sonraki-ilk-fotografinin-hikayesini-anlatti\\\/\",\"url\":\"https:\\\/\\\/kuzeyinsesi.org\\\/index.php\\\/2026\\\/09\\\/02\\\/maduronun-oglu-babasinin-alikonulduktan-sonraki-ilk-fotografinin-hikayesini-anlatti\\\/\",\"name\":\"Maduro&#039;nun o\u011flu, babas\u0131n\u0131n al\u0131konulduktan sonraki ilk foto\u011fraf\u0131n\u0131n hikayesini anlatt\u0131 - Kuzeyin Sesi\",\"isPartOf\":{\"@id\":\"https:\\\/\\\/kuzeyinsesi.org\\\/#website\"},\"primaryImageOfPage\":{\"@id\":\"https:\\\/\\\/kuzeyinsesi.org\\\/index.php\\\/2026\\\/09\\\/02\\\/maduronun-oglu-babasinin-alikonulduktan-sonraki-ilk-fotografinin-hikayesini-anlatti\\\/#primaryimage\"},\"image\":{\"@id\":\"https:\\\/\\\/kuzeyinsesi.org\\\/index.php\\\/2026\\\/09\\\/02\\\/maduronun-oglu-babasinin-alikonulduktan-sonraki-ilk-fotografinin-hikayesini-anlatti\\\/#primaryimage\"},\"thumbnailUrl\":\"https:\\\/\\\/kuzeyinsesi.org\\\/wp-content\\\/uploads\\\/2026\\\/09\\\/maduro-2486286.jpg\",\"datePublished\":\"2026-09-02T03:29:02+00:00\",\"author\":{\"@id\":\"https:\\\/\\\/kuzeyinsesi.org\\\/#\\\/schema\\\/person\\\/9f859689cdf01485597712386e37f5aa\"},\"breadcrumb\":{\"@id\":\"https:\\\/\\\/kuzeyinsesi.org\\\/index.php\\\/2026\\\/09\\\/02\\\/maduronun-oglu-babasinin-alikonulduktan-sonraki-ilk-fotografinin-hikayesini-anlatti\\\/#breadcrumb\"},\"inLanguage\":\"tr\",\"potentialAction\":[{\"@type\":\"ReadAction\",\"target\":[\"https:\\\/\\\/kuzeyinsesi.org\\\/index.php\\\/2026\\\/09\\\/02\\\/maduronun-oglu-babasinin-alikonulduktan-sonraki-ilk-fotografinin-hikayesini-anlatti\\\/\"]}]},{\"@type\":\"ImageObject\",\"inLanguage\":\"tr\",\"@id\":\"https:\\\/\\\/kuzeyinsesi.org\\\/index.php\\\/2026\\\/09\\\/02\\\/maduronun-oglu-babasinin-alikonulduktan-sonraki-ilk-fotografinin-hikayesini-anlatti\\\/#primaryimage\",\"url\":\"https:\\\/\\\/kuzeyinsesi.org\\\/wp-content\\\/uploads\\\/2026\\\/09\\\/maduro-2486286.jpg\",\"contentUrl\":\"https:\\\/\\\/kuzeyinsesi.org\\\/wp-content\\\/uploads\\\/2026\\\/09\\\/maduro-2486286.jpg\",\"width\":1280,\"height\":720},{\"@type\":\"BreadcrumbList\",\"@id\":\"https:\\\/\\\/kuzeyinsesi.org\\\/index.php\\\/2026\\\/09\\\/02\\\/maduronun-oglu-babasinin-alikonulduktan-sonraki-ilk-fotografinin-hikayesini-anlatti\\\/#breadcrumb\",\"itemListElement\":[{\"@type\":\"ListItem\",\"position\":1,\"name\":\"Anasayfa\",\"item\":\"https:\\\/\\\/kuzeyinsesi.org\\\/\"},{\"@type\":\"ListItem\",\"position\":2,\"name\":\"Maduro&#039;nun o\u011flu, babas\u0131n\u0131n al\u0131konulduktan sonraki ilk foto\u011fraf\u0131n\u0131n hikayesini anlatt\u0131\"}]},{\"@type\":\"WebSite\",\"@id\":\"https:\\\/\\\/kuzeyinsesi.org\\\/#website\",\"url\":\"https:\\\/\\\/kuzeyinsesi.org\\\/\",\"name\":\"Kuzeyin Sesi\",\"description\":\"Do\u011fru Haberin Adresi\",\"potentialAction\":[{\"@type\":\"SearchAction\",\"target\":{\"@type\":\"EntryPoint\",\"urlTemplate\":\"https:\\\/\\\/kuzeyinsesi.org\\\/?s={search_term_string}\"},\"query-input\":{\"@type\":\"PropertyValueSpecification\",\"valueRequired\":true,\"valueName\":\"search_term_string\"}}],\"inLanguage\":\"tr\"},{\"@type\":\"Person\",\"@id\":\"https:\\\/\\\/kuzeyinsesi.org\\\/#\\\/schema\\\/person\\\/9f859689cdf01485597712386e37f5aa\",\"name\":\"Kuzeyin Sesi\",\"image\":{\"@type\":\"ImageObject\",\"inLanguage\":\"tr\",\"@id\":\"https:\\\/\\\/secure.gravatar.com\\\/avatar\\\/bab33852abfd8b282518d6ed81826833d77c3c882d9ab608add591ccace47a44?s=96&d=mm&r=g\",\"url\":\"https:\\\/\\\/secure.gravatar.com\\\/avatar\\\/bab33852abfd8b282518d6ed81826833d77c3c882d9ab608add591ccace47a44?s=96&d=mm&r=g\",\"contentUrl\":\"https:\\\/\\\/secure.gravatar.com\\\/avatar\\\/bab33852abfd8b282518d6ed81826833d77c3c882d9ab608add591ccace47a44?s=96&d=mm&r=g\",\"caption\":\"Kuzeyin Sesi\"},\"sameAs\":[\"https:\\\/\\\/kuzeyinsesi.org\"],\"url\":\"https:\\\/\\\/kuzeyinsesi.org\\\/index.php\\\/author\\\/guven\\\/\"}]}<\/script>\n<!-- \/ Yoast SEO plugin. -->","yoast_head_json":{"title":"Maduro&#039;nun o\u011flu, babas\u0131n\u0131n al\u0131konulduktan sonraki ilk foto\u011fraf\u0131n\u0131n hikayesini anlatt\u0131 - Kuzeyin Sesi","robots":{"index":"index","follow":"follow","max-snippet":"max-snippet:-1","max-image-preview":"max-image-preview:large","max-video-preview":"max-video-preview:-1"},"canonical":"https:\/\/kuzeyinsesi.org\/index.php\/2026\/09\/02\/maduronun-oglu-babasinin-alikonulduktan-sonraki-ilk-fotografinin-hikayesini-anlatti\/","og_locale":"tr_TR","og_type":"article","og_title":"Maduro&#039;nun o\u011flu, babas\u0131n\u0131n al\u0131konulduktan sonraki ilk foto\u011fraf\u0131n\u0131n hikayesini anlatt\u0131 - Kuzeyin Sesi","og_description":"&#13; &#8220;Nicolasito&#8221; lakapl\u0131 Maduro Guerra, ABD merkezli X \u015firketinin sosyal medya platformundaki hesab\u0131ndan yapt\u0131\u011f\u0131 payla\u015f\u0131mda, babas\u0131 Maduro&#8217;nun foto\u011fraf\u0131n\u0131n \u00e7ekime s\u00fcrecine de\u011findi. &#13; &#8220;Size bu foto\u011fraf\u0131n bize nas\u0131l ula\u015ft\u0131\u011f\u0131ndan biraz bahsedece\u011fim.&#8221; diyen Nicolasito, foto\u011fraf\u0131 \u00e7eken ki\u015finin Venezuela&#8217;da 24 Haziran&#8217;da meydana gelen 7,2 ve 7,5 b\u00fcy\u00fckl\u00fc\u011f\u00fcndeki depremler nedeniyle Maduro&#8217;nun moralinin &#8220;\u00e7ok k\u00f6t\u00fc&#8221; oldu\u011funu aktard\u0131\u011f\u0131n\u0131 belirtti. &#13; Nicolasito, [&hellip;]","og_url":"https:\/\/kuzeyinsesi.org\/index.php\/2026\/09\/02\/maduronun-oglu-babasinin-alikonulduktan-sonraki-ilk-fotografinin-hikayesini-anlatti\/","og_site_name":"Kuzeyin Sesi","article_publisher":"https:\/\/www.facebook.com\/kuzeyinsesii","article_published_time":"2026-09-02T03:29:02+00:00","og_image":[{"url":"https:\/\/trthaberstatic.cdn.wp.trt.com.tr\/resimler\/2486000\/maduro-2486286.jpg","type":"","width":"","height":""}],"author":"Kuzeyin Sesi","twitter_card":"summary_large_image","twitter_creator":"@kuzeyinsesii","twitter_site":"@kuzeyinsesii","twitter_misc":{"Yazan:":"Kuzeyin Sesi","Tahmini okuma s\u00fcresi":"3 dakika"},"schema":{"@context":"https:\/\/schema.org","@graph":[{"@type":"Article","@id":"https:\/\/kuzeyinsesi.org\/index.php\/2026\/09\/02\/maduronun-oglu-babasinin-alikonulduktan-sonraki-ilk-fotografinin-hikayesini-anlatti\/#article","isPartOf":{"@id":"https:\/\/kuzeyinsesi.org\/index.php\/2026\/09\/02\/maduronun-oglu-babasinin-alikonulduktan-sonraki-ilk-fotografinin-hikayesini-anlatti\/"},"author":{"name":"Kuzeyin Sesi","@id":"https:\/\/kuzeyinsesi.org\/#\/schema\/person\/9f859689cdf01485597712386e37f5aa"},"headline":"Maduro&#039;nun o\u011flu, babas\u0131n\u0131n al\u0131konulduktan sonraki ilk foto\u011fraf\u0131n\u0131n hikayesini anlatt\u0131","datePublished":"2026-09-02T03:29:02+00:00","mainEntityOfPage":{"@id":"https:\/\/kuzeyinsesi.org\/index.php\/2026\/09\/02\/maduronun-oglu-babasinin-alikonulduktan-sonraki-ilk-fotografinin-hikayesini-anlatti\/"},"wordCount":602,"commentCount":0,"image":{"@id":"https:\/\/kuzeyinsesi.org\/index.php\/2026\/09\/02\/maduronun-oglu-babasinin-alikonulduktan-sonraki-ilk-fotografinin-hikayesini-anlatti\/#primaryimage"},"thumbnailUrl":"https:\/\/kuzeyinsesi.org\/wp-content\/uploads\/2026\/09\/maduro-2486286.jpg","articleSection":["D\u00fcnya"],"inLanguage":"tr","potentialAction":[{"@type":"CommentAction","name":"Comment","target":["https:\/\/kuzeyinsesi.org\/index.php\/2026\/09\/02\/maduronun-oglu-babasinin-alikonulduktan-sonraki-ilk-fotografinin-hikayesini-anlatti\/#respond"]}]},{"@type":"WebPage","@id":"https:\/\/kuzeyinsesi.org\/index.php\/2026\/09\/02\/maduronun-oglu-babasinin-alikonulduktan-sonraki-ilk-fotografinin-hikayesini-anlatti\/","url":"https:\/\/kuzeyinsesi.org\/index.php\/2026\/09\/02\/maduronun-oglu-babasinin-alikonulduktan-sonraki-ilk-fotografinin-hikayesini-anlatti\/","name":"Maduro&#039;nun o\u011flu, babas\u0131n\u0131n al\u0131konulduktan sonraki ilk foto\u011fraf\u0131n\u0131n hikayesini anlatt\u0131 - Kuzeyin Sesi","isPartOf":{"@id":"https:\/\/kuzeyinsesi.org\/#website"},"primaryImageOfPage":{"@id":"https:\/\/kuzeyinsesi.org\/index.php\/2026\/09\/02\/maduronun-oglu-babasinin-alikonulduktan-sonraki-ilk-fotografinin-hikayesini-anlatti\/#primaryimage"},"image":{"@id":"https:\/\/kuzeyinsesi.org\/index.php\/2026\/09\/02\/maduronun-oglu-babasinin-alikonulduktan-sonraki-ilk-fotografinin-hikayesini-anlatti\/#primaryimage"},"thumbnailUrl":"https:\/\/kuzeyinsesi.org\/wp-content\/uploads\/2026\/09\/maduro-2486286.jpg","datePublished":"2026-09-02T03:29:02+00:00","author":{"@id":"https:\/\/kuzeyinsesi.org\/#\/schema\/person\/9f859689cdf01485597712386e37f5aa"},"breadcrumb":{"@id":"https:\/\/kuzeyinsesi.org\/index.php\/2026\/09\/02\/maduronun-oglu-babasinin-alikonulduktan-sonraki-ilk-fotografinin-hikayesini-anlatti\/#breadcrumb"},"inLanguage":"tr","potentialAction":[{"@type":"ReadAction","target":["https:\/\/kuzeyinsesi.org\/index.php\/2026\/09\/02\/maduronun-oglu-babasinin-alikonulduktan-sonraki-ilk-fotografinin-hikayesini-anlatti\/"]}]},{"@type":"ImageObject","inLanguage":"tr","@id":"https:\/\/kuzeyinsesi.org\/index.php\/2026\/09\/02\/maduronun-oglu-babasinin-alikonulduktan-sonraki-ilk-fotografinin-hikayesini-anlatti\/#primaryimage","url":"https:\/\/kuzeyinsesi.org\/wp-content\/uploads\/2026\/09\/maduro-2486286.jpg","contentUrl":"https:\/\/kuzeyinsesi.org\/wp-content\/uploads\/2026\/09\/maduro-2486286.jpg","width":1280,"height":720},{"@type":"BreadcrumbList","@id":"https:\/\/kuzeyinsesi.org\/index.php\/2026\/09\/02\/maduronun-oglu-babasinin-alikonulduktan-sonraki-ilk-fotografinin-hikayesini-anlatti\/#breadcrumb","itemListElement":[{"@type":"ListItem","position":1,"name":"Anasayfa","item":"https:\/\/kuzeyinsesi.org\/"},{"@type":"ListItem","position":2,"name":"Maduro&#039;nun o\u011flu, babas\u0131n\u0131n al\u0131konulduktan sonraki ilk foto\u011fraf\u0131n\u0131n hikayesini anlatt\u0131"}]},{"@type":"WebSite","@id":"https:\/\/kuzeyinsesi.org\/#website","url":"https:\/\/kuzeyinsesi.org\/","name":"Kuzeyin Sesi","description":"Do\u011fru Haberin Adresi","potentialAction":[{"@type":"SearchAction","target":{"@type":"EntryPoint","urlTemplate":"https:\/\/kuzeyinsesi.org\/?s={search_term_string}"},"query-input":{"@type":"PropertyValueSpecification","valueRequired":true,"valueName":"search_term_string"}}],"inLanguage":"tr"},{"@type":"Person","@id":"https:\/\/kuzeyinsesi.org\/#\/schema\/person\/9f859689cdf01485597712386e37f5aa","name":"Kuzeyin Sesi","image":{"@type":"ImageObject","inLanguage":"tr","@id":"https:\/\/secure.gravatar.com\/avatar\/bab33852abfd8b282518d6ed81826833d77c3c882d9ab608add591ccace47a44?s=96&d=mm&r=g","url":"https:\/\/secure.gravatar.com\/avatar\/bab33852abfd8b282518d6ed81826833d77c3c882d9ab608add591ccace47a44?s=96&d=mm&r=g","contentUrl":"https:\/\/secure.gravatar.com\/avatar\/bab33852abfd8b282518d6ed81826833d77c3c882d9ab608add591ccace47a44?s=96&d=mm&r=g","caption":"Kuzeyin Sesi"},"sameAs":["https:\/\/kuzeyinsesi.org"],"url":"https:\/\/kuzeyinsesi.org\/index.php\/author\/guven\/"}]}},"_links":{"self":[{"href":"https:\/\/kuzeyinsesi.org\/index.php\/wp-json\/wp\/v2\/posts\/45921","targetHints":{"allow":["GET"]}}],"collection":[{"href":"https:\/\/kuzeyinsesi.org\/index.php\/wp-json\/wp\/v2\/posts"}],"about":[{"href":"https:\/\/kuzeyinsesi.org\/index.php\/wp-json\/wp\/v2\/types\/post"}],"author":[{"embeddable":true,"href":"https:\/\/kuzeyinsesi.org\/index.php\/wp-json\/wp\/v2\/users\/1"}],"replies":[{"embeddable":true,"href":"https:\/\/kuzeyinsesi.org\/index.php\/wp-json\/wp\/v2\/comments?post=45921"}],"version-history":[{"count":0,"href":"https:\/\/kuzeyinsesi.org\/index.php\/wp-json\/wp\/v2\/posts\/45921\/revisions"}],"wp:featuredmedia":[{"embeddable":true,"href":"https:\/\/kuzeyinsesi.org\/index.php\/wp-json\/wp\/v2\/media\/45922"}],"wp:attachment":[{"href":"https:\/\/kuzeyinsesi.org\/index.php\/wp-json\/wp\/v2\/media?parent=45921"}],"wp:term":[{"taxonomy":"category","embeddable":true,"href":"https:\/\/kuzeyinsesi.org\/index.php\/wp-json\/wp\/v2\/categories?post=45921"},{"taxonomy":"post_tag","embeddable":true,"href":"https:\/\/kuzeyinsesi.org\/index.php\/wp-json\/wp\/v2\/tags?post=45921"}],"curies":[{"name":"wp","href":"https:\/\/api.w.org\/{rel}","templated":true}]}}