{"id":45909,"date":"2026-09-02T00:17:04","date_gmt":"2026-09-01T21:17:04","guid":{"rendered":"https:\/\/kuzeyinsesi.org\/index.php\/2026\/09\/02\/urdunde-siren-sesleri\/"},"modified":"2026-09-02T00:17:04","modified_gmt":"2026-09-01T21:17:04","slug":"urdunde-siren-sesleri","status":"publish","type":"post","link":"https:\/\/kuzeyinsesi.org\/index.php\/2026\/09\/02\/urdunde-siren-sesleri\/","title":{"rendered":"\u00dcrd\u00fcn&#039;de siren sesleri"},"content":{"rendered":"<p><\/p>\n<div>\n<p>&#13;<br \/>\n\tB\u00f6lge sakinleri, \u0130ran\u2019\u0131n kar\u015f\u0131 sald\u0131r\u0131s\u0131na ba\u015flamas\u0131n\u0131n ard\u0131ndan Mafrak\u2019ta cep telefonlar\u0131na f\u00fcze ve \u015farapnel par\u00e7alar\u0131na kar\u015f\u0131 dikkatli olunmas\u0131 mesaj\u0131 g\u00f6nderildi\u011fini belirtti.<\/p>\n<p>&#13;<br \/>\n\t\u00d6te yandan <a href=\"https:\/\/www.trthaber.com\/etiket\/urdun\/\" target=\"_blank\">\u00dcrd\u00fcn<\/a> devlet televizyonu El-Memleke ise \u0130ran\u2019\u0131n kar\u015f\u0131 sald\u0131r\u0131 ba\u015flatt\u0131\u011f\u0131n\u0131 duyurmas\u0131n\u0131n ard\u0131ndan \u00dcrd\u00fcn\u2019\u00fcn Akabe ve Mafrak kentlerinde sirenlerin devreye girdi\u011fini aktard\u0131.<\/p>\n<p>&#13;<br \/>\n\tAkabe Valili\u011fi daha sonra yapt\u0131\u011f\u0131 a\u00e7\u0131klamada, \u201ctehlikenin sona erdi\u011fini\u201d duyurdu.<\/p>\n<p>&#13;<br \/>\n\t<a href=\"https:\/\/www.trthaber.com\/etiket\/abd\/\" target=\"_blank\">ABD<\/a> Merkez Kuvvetler Komutanl\u0131\u011f\u0131 (CENTCOM), \u0130ran\u2019da Devrim Muhaf\u0131zlar\u0131 Ordusu hedeflerine sald\u0131r\u0131 ba\u015flatt\u0131\u011f\u0131n\u0131 a\u00e7\u0131klam\u0131\u015ft\u0131.<\/p>\n<p>&#13;<br \/>\n\tABD ordusunun sald\u0131r\u0131 ba\u015flatt\u0131\u011f\u0131n\u0131 ilan etmesinin ard\u0131ndan ba\u015fta Ke\u015fm Adas\u0131, Bender Abbas, Sirik, \u00c7abahar ve Kunarek olmak \u00fczere \u0130ran\u2019\u0131n <a href=\"https:\/\/www.trthaber.com\/etiket\/hurmuz-bogazi\/\" target=\"_blank\">H\u00fcrm\u00fcz Bo\u011faz\u0131<\/a> \u00e7evresindeki bir\u00e7ok b\u00f6lgesinde patlama sesleri geldi\u011fi bildirilmi\u015fti.<\/p>\n<p>&#13;<br \/>\n\t<a href=\"https:\/\/www.trthaber.com\/etiket\/iran\/\" target=\"_blank\">\u0130ran<\/a> ordusu, ABD\u2019nin sald\u0131r\u0131lar\u0131na kar\u015f\u0131 f\u00fcze ve insans\u0131z hava ara\u00e7lar\u0131yla misilleme ba\u015flatt\u0131\u011f\u0131n\u0131 duyurmu\u015ftu.<\/p>\n<\/p><\/div>\n","protected":false},"excerpt":{"rendered":"<p>&#13; B\u00f6lge sakinleri, \u0130ran\u2019\u0131n kar\u015f\u0131 sald\u0131r\u0131s\u0131na ba\u015flamas\u0131n\u0131n ard\u0131ndan Mafrak\u2019ta cep telefonlar\u0131na f\u00fcze ve \u015farapnel par\u00e7alar\u0131na kar\u015f\u0131 dikkatli olunmas\u0131 mesaj\u0131 g\u00f6nderildi\u011fini belirtti. &#13; \u00d6te yandan \u00dcrd\u00fcn devlet televizyonu El-Memleke ise \u0130ran\u2019\u0131n kar\u015f\u0131 sald\u0131r\u0131 ba\u015flatt\u0131\u011f\u0131n\u0131 duyurmas\u0131n\u0131n ard\u0131ndan \u00dcrd\u00fcn\u2019\u00fcn Akabe ve Mafrak kentlerinde sirenlerin devreye girdi\u011fini aktard\u0131. &#13; Akabe Valili\u011fi daha sonra yapt\u0131\u011f\u0131 a\u00e7\u0131klamada, \u201ctehlikenin sona erdi\u011fini\u201d duyurdu. [&hellip;]<\/p>\n","protected":false},"author":1,"featured_media":45910,"comment_status":"open","ping_status":"open","sticky":false,"template":"","format":"standard","meta":{"jnews-multi-image_gallery":[],"jnews_single_post":[],"jnews_primary_category":[],"jnews_social_meta":[],"jnews_override_counter":[],"footnotes":""},"categories":[2],"tags":[],"class_list":["post-45909","post","type-post","status-publish","format-standard","has-post-thumbnail","hentry","category-dunya"],"yoast_head":"<!-- This site is optimized with the Yoast SEO plugin v28.4 - https:\/\/yoast.com\/product\/yoast-seo-wordpress\/ -->\n<title>\u00dcrd\u00fcn&#039;de siren sesleri - Kuzeyin Sesi<\/title>\n<meta name=\"robots\" content=\"index, follow, max-snippet:-1, max-image-preview:large, max-video-preview:-1\" \/>\n<link rel=\"canonical\" href=\"https:\/\/kuzeyinsesi.org\/index.php\/2026\/09\/02\/urdunde-siren-sesleri\/\" \/>\n<meta property=\"og:locale\" content=\"tr_TR\" \/>\n<meta property=\"og:type\" content=\"article\" \/>\n<meta property=\"og:title\" content=\"\u00dcrd\u00fcn&#039;de siren sesleri - Kuzeyin Sesi\" \/>\n<meta property=\"og:description\" content=\"&#013; B\u00f6lge sakinleri, \u0130ran\u2019\u0131n kar\u015f\u0131 sald\u0131r\u0131s\u0131na ba\u015flamas\u0131n\u0131n ard\u0131ndan Mafrak\u2019ta cep telefonlar\u0131na f\u00fcze ve \u015farapnel par\u00e7alar\u0131na kar\u015f\u0131 dikkatli olunmas\u0131 mesaj\u0131 g\u00f6nderildi\u011fini belirtti. &#013; \u00d6te yandan \u00dcrd\u00fcn devlet televizyonu El-Memleke ise \u0130ran\u2019\u0131n kar\u015f\u0131 sald\u0131r\u0131 ba\u015flatt\u0131\u011f\u0131n\u0131 duyurmas\u0131n\u0131n ard\u0131ndan \u00dcrd\u00fcn\u2019\u00fcn Akabe ve Mafrak kentlerinde sirenlerin devreye girdi\u011fini aktard\u0131. &#013; Akabe Valili\u011fi daha sonra yapt\u0131\u011f\u0131 a\u00e7\u0131klamada, \u201ctehlikenin sona erdi\u011fini\u201d duyurdu. [&hellip;]\" \/>\n<meta property=\"og:url\" content=\"https:\/\/kuzeyinsesi.org\/index.php\/2026\/09\/02\/urdunde-siren-sesleri\/\" \/>\n<meta property=\"og:site_name\" content=\"Kuzeyin Sesi\" \/>\n<meta property=\"article:publisher\" content=\"https:\/\/www.facebook.com\/kuzeyinsesii\" \/>\n<meta property=\"article:published_time\" content=\"2026-09-01T21:17:04+00:00\" \/>\n<meta property=\"og:image\" content=\"https:\/\/trthaberstatic.cdn.wp.trt.com.tr\/resimler\/1474000\/urdun-1475712.jpg\" \/>\n<meta name=\"author\" content=\"Kuzeyin Sesi\" \/>\n<meta name=\"twitter:card\" content=\"summary_large_image\" \/>\n<meta name=\"twitter:creator\" content=\"@kuzeyinsesii\" \/>\n<meta name=\"twitter:site\" content=\"@kuzeyinsesii\" \/>\n<meta name=\"twitter:label1\" content=\"Yazan:\" \/>\n\t<meta name=\"twitter:data1\" content=\"Kuzeyin Sesi\" \/>\n\t<meta name=\"twitter:label2\" content=\"Tahmini okuma s\u00fcresi\" \/>\n\t<meta name=\"twitter:data2\" content=\"1 dakika\" \/>\n<script type=\"application\/ld+json\" class=\"yoast-schema-graph\">{\"@context\":\"https:\\\/\\\/schema.org\",\"@graph\":[{\"@type\":\"Article\",\"@id\":\"https:\\\/\\\/kuzeyinsesi.org\\\/index.php\\\/2026\\\/09\\\/02\\\/urdunde-siren-sesleri\\\/#article\",\"isPartOf\":{\"@id\":\"https:\\\/\\\/kuzeyinsesi.org\\\/index.php\\\/2026\\\/09\\\/02\\\/urdunde-siren-sesleri\\\/\"},\"author\":{\"name\":\"Kuzeyin Sesi\",\"@id\":\"https:\\\/\\\/kuzeyinsesi.org\\\/#\\\/schema\\\/person\\\/9f859689cdf01485597712386e37f5aa\"},\"headline\":\"\u00dcrd\u00fcn&#039;de siren sesleri\",\"datePublished\":\"2026-09-01T21:17:04+00:00\",\"mainEntityOfPage\":{\"@id\":\"https:\\\/\\\/kuzeyinsesi.org\\\/index.php\\\/2026\\\/09\\\/02\\\/urdunde-siren-sesleri\\\/\"},\"wordCount\":173,\"commentCount\":0,\"image\":{\"@id\":\"https:\\\/\\\/kuzeyinsesi.org\\\/index.php\\\/2026\\\/09\\\/02\\\/urdunde-siren-sesleri\\\/#primaryimage\"},\"thumbnailUrl\":\"https:\\\/\\\/kuzeyinsesi.org\\\/wp-content\\\/uploads\\\/2026\\\/09\\\/urdun-1475712.jpg\",\"articleSection\":[\"D\u00fcnya\"],\"inLanguage\":\"tr\",\"potentialAction\":[{\"@type\":\"CommentAction\",\"name\":\"Comment\",\"target\":[\"https:\\\/\\\/kuzeyinsesi.org\\\/index.php\\\/2026\\\/09\\\/02\\\/urdunde-siren-sesleri\\\/#respond\"]}]},{\"@type\":\"WebPage\",\"@id\":\"https:\\\/\\\/kuzeyinsesi.org\\\/index.php\\\/2026\\\/09\\\/02\\\/urdunde-siren-sesleri\\\/\",\"url\":\"https:\\\/\\\/kuzeyinsesi.org\\\/index.php\\\/2026\\\/09\\\/02\\\/urdunde-siren-sesleri\\\/\",\"name\":\"\u00dcrd\u00fcn&#039;de siren sesleri - Kuzeyin Sesi\",\"isPartOf\":{\"@id\":\"https:\\\/\\\/kuzeyinsesi.org\\\/#website\"},\"primaryImageOfPage\":{\"@id\":\"https:\\\/\\\/kuzeyinsesi.org\\\/index.php\\\/2026\\\/09\\\/02\\\/urdunde-siren-sesleri\\\/#primaryimage\"},\"image\":{\"@id\":\"https:\\\/\\\/kuzeyinsesi.org\\\/index.php\\\/2026\\\/09\\\/02\\\/urdunde-siren-sesleri\\\/#primaryimage\"},\"thumbnailUrl\":\"https:\\\/\\\/kuzeyinsesi.org\\\/wp-content\\\/uploads\\\/2026\\\/09\\\/urdun-1475712.jpg\",\"datePublished\":\"2026-09-01T21:17:04+00:00\",\"author\":{\"@id\":\"https:\\\/\\\/kuzeyinsesi.org\\\/#\\\/schema\\\/person\\\/9f859689cdf01485597712386e37f5aa\"},\"breadcrumb\":{\"@id\":\"https:\\\/\\\/kuzeyinsesi.org\\\/index.php\\\/2026\\\/09\\\/02\\\/urdunde-siren-sesleri\\\/#breadcrumb\"},\"inLanguage\":\"tr\",\"potentialAction\":[{\"@type\":\"ReadAction\",\"target\":[\"https:\\\/\\\/kuzeyinsesi.org\\\/index.php\\\/2026\\\/09\\\/02\\\/urdunde-siren-sesleri\\\/\"]}]},{\"@type\":\"ImageObject\",\"inLanguage\":\"tr\",\"@id\":\"https:\\\/\\\/kuzeyinsesi.org\\\/index.php\\\/2026\\\/09\\\/02\\\/urdunde-siren-sesleri\\\/#primaryimage\",\"url\":\"https:\\\/\\\/kuzeyinsesi.org\\\/wp-content\\\/uploads\\\/2026\\\/09\\\/urdun-1475712.jpg\",\"contentUrl\":\"https:\\\/\\\/kuzeyinsesi.org\\\/wp-content\\\/uploads\\\/2026\\\/09\\\/urdun-1475712.jpg\",\"width\":1280,\"height\":720},{\"@type\":\"BreadcrumbList\",\"@id\":\"https:\\\/\\\/kuzeyinsesi.org\\\/index.php\\\/2026\\\/09\\\/02\\\/urdunde-siren-sesleri\\\/#breadcrumb\",\"itemListElement\":[{\"@type\":\"ListItem\",\"position\":1,\"name\":\"Anasayfa\",\"item\":\"https:\\\/\\\/kuzeyinsesi.org\\\/\"},{\"@type\":\"ListItem\",\"position\":2,\"name\":\"\u00dcrd\u00fcn&#039;de siren sesleri\"}]},{\"@type\":\"WebSite\",\"@id\":\"https:\\\/\\\/kuzeyinsesi.org\\\/#website\",\"url\":\"https:\\\/\\\/kuzeyinsesi.org\\\/\",\"name\":\"Kuzeyin Sesi\",\"description\":\"Do\u011fru Haberin Adresi\",\"potentialAction\":[{\"@type\":\"SearchAction\",\"target\":{\"@type\":\"EntryPoint\",\"urlTemplate\":\"https:\\\/\\\/kuzeyinsesi.org\\\/?s={search_term_string}\"},\"query-input\":{\"@type\":\"PropertyValueSpecification\",\"valueRequired\":true,\"valueName\":\"search_term_string\"}}],\"inLanguage\":\"tr\"},{\"@type\":\"Person\",\"@id\":\"https:\\\/\\\/kuzeyinsesi.org\\\/#\\\/schema\\\/person\\\/9f859689cdf01485597712386e37f5aa\",\"name\":\"Kuzeyin Sesi\",\"image\":{\"@type\":\"ImageObject\",\"inLanguage\":\"tr\",\"@id\":\"https:\\\/\\\/secure.gravatar.com\\\/avatar\\\/bab33852abfd8b282518d6ed81826833d77c3c882d9ab608add591ccace47a44?s=96&d=mm&r=g\",\"url\":\"https:\\\/\\\/secure.gravatar.com\\\/avatar\\\/bab33852abfd8b282518d6ed81826833d77c3c882d9ab608add591ccace47a44?s=96&d=mm&r=g\",\"contentUrl\":\"https:\\\/\\\/secure.gravatar.com\\\/avatar\\\/bab33852abfd8b282518d6ed81826833d77c3c882d9ab608add591ccace47a44?s=96&d=mm&r=g\",\"caption\":\"Kuzeyin Sesi\"},\"sameAs\":[\"https:\\\/\\\/kuzeyinsesi.org\"],\"url\":\"https:\\\/\\\/kuzeyinsesi.org\\\/index.php\\\/author\\\/guven\\\/\"}]}<\/script>\n<!-- \/ Yoast SEO plugin. -->","yoast_head_json":{"title":"\u00dcrd\u00fcn&#039;de siren sesleri - Kuzeyin Sesi","robots":{"index":"index","follow":"follow","max-snippet":"max-snippet:-1","max-image-preview":"max-image-preview:large","max-video-preview":"max-video-preview:-1"},"canonical":"https:\/\/kuzeyinsesi.org\/index.php\/2026\/09\/02\/urdunde-siren-sesleri\/","og_locale":"tr_TR","og_type":"article","og_title":"\u00dcrd\u00fcn&#039;de siren sesleri - Kuzeyin Sesi","og_description":"&#13; B\u00f6lge sakinleri, \u0130ran\u2019\u0131n kar\u015f\u0131 sald\u0131r\u0131s\u0131na ba\u015flamas\u0131n\u0131n ard\u0131ndan Mafrak\u2019ta cep telefonlar\u0131na f\u00fcze ve \u015farapnel par\u00e7alar\u0131na kar\u015f\u0131 dikkatli olunmas\u0131 mesaj\u0131 g\u00f6nderildi\u011fini belirtti. &#13; \u00d6te yandan \u00dcrd\u00fcn devlet televizyonu El-Memleke ise \u0130ran\u2019\u0131n kar\u015f\u0131 sald\u0131r\u0131 ba\u015flatt\u0131\u011f\u0131n\u0131 duyurmas\u0131n\u0131n ard\u0131ndan \u00dcrd\u00fcn\u2019\u00fcn Akabe ve Mafrak kentlerinde sirenlerin devreye girdi\u011fini aktard\u0131. &#13; Akabe Valili\u011fi daha sonra yapt\u0131\u011f\u0131 a\u00e7\u0131klamada, \u201ctehlikenin sona erdi\u011fini\u201d duyurdu. [&hellip;]","og_url":"https:\/\/kuzeyinsesi.org\/index.php\/2026\/09\/02\/urdunde-siren-sesleri\/","og_site_name":"Kuzeyin Sesi","article_publisher":"https:\/\/www.facebook.com\/kuzeyinsesii","article_published_time":"2026-09-01T21:17:04+00:00","og_image":[{"url":"https:\/\/trthaberstatic.cdn.wp.trt.com.tr\/resimler\/1474000\/urdun-1475712.jpg","type":"","width":"","height":""}],"author":"Kuzeyin Sesi","twitter_card":"summary_large_image","twitter_creator":"@kuzeyinsesii","twitter_site":"@kuzeyinsesii","twitter_misc":{"Yazan:":"Kuzeyin Sesi","Tahmini okuma s\u00fcresi":"1 dakika"},"schema":{"@context":"https:\/\/schema.org","@graph":[{"@type":"Article","@id":"https:\/\/kuzeyinsesi.org\/index.php\/2026\/09\/02\/urdunde-siren-sesleri\/#article","isPartOf":{"@id":"https:\/\/kuzeyinsesi.org\/index.php\/2026\/09\/02\/urdunde-siren-sesleri\/"},"author":{"name":"Kuzeyin Sesi","@id":"https:\/\/kuzeyinsesi.org\/#\/schema\/person\/9f859689cdf01485597712386e37f5aa"},"headline":"\u00dcrd\u00fcn&#039;de siren sesleri","datePublished":"2026-09-01T21:17:04+00:00","mainEntityOfPage":{"@id":"https:\/\/kuzeyinsesi.org\/index.php\/2026\/09\/02\/urdunde-siren-sesleri\/"},"wordCount":173,"commentCount":0,"image":{"@id":"https:\/\/kuzeyinsesi.org\/index.php\/2026\/09\/02\/urdunde-siren-sesleri\/#primaryimage"},"thumbnailUrl":"https:\/\/kuzeyinsesi.org\/wp-content\/uploads\/2026\/09\/urdun-1475712.jpg","articleSection":["D\u00fcnya"],"inLanguage":"tr","potentialAction":[{"@type":"CommentAction","name":"Comment","target":["https:\/\/kuzeyinsesi.org\/index.php\/2026\/09\/02\/urdunde-siren-sesleri\/#respond"]}]},{"@type":"WebPage","@id":"https:\/\/kuzeyinsesi.org\/index.php\/2026\/09\/02\/urdunde-siren-sesleri\/","url":"https:\/\/kuzeyinsesi.org\/index.php\/2026\/09\/02\/urdunde-siren-sesleri\/","name":"\u00dcrd\u00fcn&#039;de siren sesleri - Kuzeyin Sesi","isPartOf":{"@id":"https:\/\/kuzeyinsesi.org\/#website"},"primaryImageOfPage":{"@id":"https:\/\/kuzeyinsesi.org\/index.php\/2026\/09\/02\/urdunde-siren-sesleri\/#primaryimage"},"image":{"@id":"https:\/\/kuzeyinsesi.org\/index.php\/2026\/09\/02\/urdunde-siren-sesleri\/#primaryimage"},"thumbnailUrl":"https:\/\/kuzeyinsesi.org\/wp-content\/uploads\/2026\/09\/urdun-1475712.jpg","datePublished":"2026-09-01T21:17:04+00:00","author":{"@id":"https:\/\/kuzeyinsesi.org\/#\/schema\/person\/9f859689cdf01485597712386e37f5aa"},"breadcrumb":{"@id":"https:\/\/kuzeyinsesi.org\/index.php\/2026\/09\/02\/urdunde-siren-sesleri\/#breadcrumb"},"inLanguage":"tr","potentialAction":[{"@type":"ReadAction","target":["https:\/\/kuzeyinsesi.org\/index.php\/2026\/09\/02\/urdunde-siren-sesleri\/"]}]},{"@type":"ImageObject","inLanguage":"tr","@id":"https:\/\/kuzeyinsesi.org\/index.php\/2026\/09\/02\/urdunde-siren-sesleri\/#primaryimage","url":"https:\/\/kuzeyinsesi.org\/wp-content\/uploads\/2026\/09\/urdun-1475712.jpg","contentUrl":"https:\/\/kuzeyinsesi.org\/wp-content\/uploads\/2026\/09\/urdun-1475712.jpg","width":1280,"height":720},{"@type":"BreadcrumbList","@id":"https:\/\/kuzeyinsesi.org\/index.php\/2026\/09\/02\/urdunde-siren-sesleri\/#breadcrumb","itemListElement":[{"@type":"ListItem","position":1,"name":"Anasayfa","item":"https:\/\/kuzeyinsesi.org\/"},{"@type":"ListItem","position":2,"name":"\u00dcrd\u00fcn&#039;de siren sesleri"}]},{"@type":"WebSite","@id":"https:\/\/kuzeyinsesi.org\/#website","url":"https:\/\/kuzeyinsesi.org\/","name":"Kuzeyin Sesi","description":"Do\u011fru Haberin Adresi","potentialAction":[{"@type":"SearchAction","target":{"@type":"EntryPoint","urlTemplate":"https:\/\/kuzeyinsesi.org\/?s={search_term_string}"},"query-input":{"@type":"PropertyValueSpecification","valueRequired":true,"valueName":"search_term_string"}}],"inLanguage":"tr"},{"@type":"Person","@id":"https:\/\/kuzeyinsesi.org\/#\/schema\/person\/9f859689cdf01485597712386e37f5aa","name":"Kuzeyin Sesi","image":{"@type":"ImageObject","inLanguage":"tr","@id":"https:\/\/secure.gravatar.com\/avatar\/bab33852abfd8b282518d6ed81826833d77c3c882d9ab608add591ccace47a44?s=96&d=mm&r=g","url":"https:\/\/secure.gravatar.com\/avatar\/bab33852abfd8b282518d6ed81826833d77c3c882d9ab608add591ccace47a44?s=96&d=mm&r=g","contentUrl":"https:\/\/secure.gravatar.com\/avatar\/bab33852abfd8b282518d6ed81826833d77c3c882d9ab608add591ccace47a44?s=96&d=mm&r=g","caption":"Kuzeyin Sesi"},"sameAs":["https:\/\/kuzeyinsesi.org"],"url":"https:\/\/kuzeyinsesi.org\/index.php\/author\/guven\/"}]}},"_links":{"self":[{"href":"https:\/\/kuzeyinsesi.org\/index.php\/wp-json\/wp\/v2\/posts\/45909","targetHints":{"allow":["GET"]}}],"collection":[{"href":"https:\/\/kuzeyinsesi.org\/index.php\/wp-json\/wp\/v2\/posts"}],"about":[{"href":"https:\/\/kuzeyinsesi.org\/index.php\/wp-json\/wp\/v2\/types\/post"}],"author":[{"embeddable":true,"href":"https:\/\/kuzeyinsesi.org\/index.php\/wp-json\/wp\/v2\/users\/1"}],"replies":[{"embeddable":true,"href":"https:\/\/kuzeyinsesi.org\/index.php\/wp-json\/wp\/v2\/comments?post=45909"}],"version-history":[{"count":0,"href":"https:\/\/kuzeyinsesi.org\/index.php\/wp-json\/wp\/v2\/posts\/45909\/revisions"}],"wp:featuredmedia":[{"embeddable":true,"href":"https:\/\/kuzeyinsesi.org\/index.php\/wp-json\/wp\/v2\/media\/45910"}],"wp:attachment":[{"href":"https:\/\/kuzeyinsesi.org\/index.php\/wp-json\/wp\/v2\/media?parent=45909"}],"wp:term":[{"taxonomy":"category","embeddable":true,"href":"https:\/\/kuzeyinsesi.org\/index.php\/wp-json\/wp\/v2\/categories?post=45909"},{"taxonomy":"post_tag","embeddable":true,"href":"https:\/\/kuzeyinsesi.org\/index.php\/wp-json\/wp\/v2\/tags?post=45909"}],"curies":[{"name":"wp","href":"https:\/\/api.w.org\/{rel}","templated":true}]}}