{"id":45908,"date":"2026-09-01T23:46:04","date_gmt":"2026-09-01T20:46:04","guid":{"rendered":"https:\/\/kuzeyinsesi.org\/index.php\/2026\/09\/01\/iran-devrim-muhafizlari-abdnin-saldirilari-hurmuz-bogazinin-kilidini-daha-da-sikilastiriyor\/"},"modified":"2026-09-01T23:46:04","modified_gmt":"2026-09-01T20:46:04","slug":"iran-devrim-muhafizlari-abdnin-saldirilari-hurmuz-bogazinin-kilidini-daha-da-sikilastiriyor","status":"publish","type":"post","link":"https:\/\/kuzeyinsesi.org\/index.php\/2026\/09\/01\/iran-devrim-muhafizlari-abdnin-saldirilari-hurmuz-bogazinin-kilidini-daha-da-sikilastiriyor\/","title":{"rendered":"\u0130ran Devrim Muhaf\u0131zlar\u0131: ABD&#039;nin sald\u0131r\u0131lar\u0131 H\u00fcrm\u00fcz Bo\u011faz\u0131&#039;n\u0131n kilidini daha da s\u0131k\u0131la\u015ft\u0131r\u0131yor"},"content":{"rendered":"<p><\/p>\n<div>\n<p>&#13;<br \/>\n\t<a href=\"https:\/\/www.trthaber.com\/etiket\/iran\/\" target=\"_blank\">\u0130ran<\/a> resmi haber ajans\u0131 IRNA, Devrim Muhaf\u0131zlar\u0131 taraf\u0131ndan yap\u0131lan a\u00e7\u0131klamay\u0131 yay\u0131mlad\u0131.<\/p>\n<p>&#13;<br \/>\n\tBirka\u00e7 saat \u00f6nce, <a href=\"https:\/\/www.trthaber.com\/etiket\/abd\/\" target=\"_blank\">ABD<\/a> ordusunun, \u00fclkenin g\u00fcneyine y\u00f6nelik sald\u0131r\u0131lar\u0131nda, aralar\u0131nda baz\u0131 sivil b\u00f6lgelerin de bulundu\u011fu \u00e7ok say\u0131da noktan\u0131n bombaland\u0131\u011f\u0131 belirtilen a\u00e7\u0131klamada, &#8220;Bu sald\u0131r\u0131lar, H\u00fcrm\u00fcz Bo\u011faz\u0131&#8217;n\u0131n kilidini daha da s\u0131k\u0131la\u015ft\u0131rd\u0131 ve sava\u015f\u00e7\u0131lar\u0131n H\u00fcrm\u00fcz Bo\u011faz\u0131&#8217;na m\u00fcdahale eden yabanc\u0131 g\u00fc\u00e7leri bast\u0131rma konusundaki kararl\u0131l\u0131\u011f\u0131n\u0131 daha da g\u00fc\u00e7lendirdi.&#8221; ifadeleri kullan\u0131ld\u0131.<\/p>\n<p>&#13;<br \/>\n\tS\u00f6z konusu a\u00e7\u0131klamada, \u0130ran ordusunun ABD ordusuna ait 50&#8217;inci MQ-9 tipi insans\u0131z hava arac\u0131n\u0131 d\u00fc\u015f\u00fcrd\u00fc\u011f\u00fc \u00f6ne s\u00fcr\u00fcld\u00fc.<\/p>\n<p>&#13;<br \/>\n\t\u0130ran ordusunun misilleme sald\u0131r\u0131lar\u0131na ili\u015fkin bilgilerin daha sonra payla\u015f\u0131laca\u011f\u0131 kaydedildi.<\/p>\n<p>&#13;<br \/>\n\tABD Merkez Kuvvetler Komutanl\u0131\u011f\u0131 (CENTCOM), \u0130ran&#8217;da Devrim Muhaf\u0131zlar\u0131 Ordusu hedeflerine sald\u0131r\u0131 ba\u015flatt\u0131klar\u0131n\u0131 a\u00e7\u0131klam\u0131\u015ft\u0131.<\/p>\n<p>&#13;<br \/>\n\tABD ordusunun sald\u0131r\u0131 ba\u015flatt\u0131\u011f\u0131n\u0131 ilan etmesinin ard\u0131ndan \u0130ran bas\u0131n\u0131, Ke\u015fm Adas\u0131, Bender Abbas, Sirik, \u00c7abahar ve Kunarek&#8217;te patlama sesleri duyuldu\u011funu bildirmi\u015fti.<\/p>\n<p>&#13;<br \/>\n\t\u0130ran devlet televizyonu, Kirman eyaletindeki Ciroft Havaalan\u0131&#8217;n\u0131n hedef al\u0131nd\u0131\u011f\u0131n\u0131 duyurmu\u015ftu.<\/p>\n<p>&#13;<br \/>\n\tH\u00fcrm\u00fczgan Vali Yard\u0131mc\u0131s\u0131 Ahmed Nefisi, ABD&#8217;nin Sirik il\u00e7esine ba\u011fl\u0131 Kuhe\u015ftek kentinde bir konutu ve d\u00fc\u011f\u00fcn t\u00f6renini hedef ald\u0131\u011f\u0131n\u0131 belirtmi\u015fti.<\/p>\n<\/p><\/div>\n","protected":false},"excerpt":{"rendered":"<p>&#13; \u0130ran resmi haber ajans\u0131 IRNA, Devrim Muhaf\u0131zlar\u0131 taraf\u0131ndan yap\u0131lan a\u00e7\u0131klamay\u0131 yay\u0131mlad\u0131. &#13; Birka\u00e7 saat \u00f6nce, ABD ordusunun, \u00fclkenin g\u00fcneyine y\u00f6nelik sald\u0131r\u0131lar\u0131nda, aralar\u0131nda baz\u0131 sivil b\u00f6lgelerin de bulundu\u011fu \u00e7ok say\u0131da noktan\u0131n bombaland\u0131\u011f\u0131 belirtilen a\u00e7\u0131klamada, &#8220;Bu sald\u0131r\u0131lar, H\u00fcrm\u00fcz Bo\u011faz\u0131&#8217;n\u0131n kilidini daha da s\u0131k\u0131la\u015ft\u0131rd\u0131 ve sava\u015f\u00e7\u0131lar\u0131n H\u00fcrm\u00fcz Bo\u011faz\u0131&#8217;na m\u00fcdahale eden yabanc\u0131 g\u00fc\u00e7leri bast\u0131rma konusundaki kararl\u0131l\u0131\u011f\u0131n\u0131 daha da [&hellip;]<\/p>\n","protected":false},"author":1,"featured_media":37115,"comment_status":"open","ping_status":"open","sticky":false,"template":"","format":"standard","meta":{"jnews-multi-image_gallery":[],"jnews_single_post":[],"jnews_primary_category":[],"jnews_social_meta":[],"jnews_override_counter":[],"footnotes":""},"categories":[2],"tags":[],"class_list":["post-45908","post","type-post","status-publish","format-standard","has-post-thumbnail","hentry","category-dunya"],"yoast_head":"<!-- This site is optimized with the Yoast SEO plugin v28.4 - https:\/\/yoast.com\/product\/yoast-seo-wordpress\/ -->\n<title>\u0130ran Devrim Muhaf\u0131zlar\u0131: ABD&#039;nin sald\u0131r\u0131lar\u0131 H\u00fcrm\u00fcz Bo\u011faz\u0131&#039;n\u0131n kilidini daha da s\u0131k\u0131la\u015ft\u0131r\u0131yor - Kuzeyin Sesi<\/title>\n<meta name=\"robots\" content=\"index, follow, max-snippet:-1, max-image-preview:large, max-video-preview:-1\" \/>\n<link rel=\"canonical\" href=\"https:\/\/kuzeyinsesi.org\/index.php\/2026\/09\/01\/iran-devrim-muhafizlari-abdnin-saldirilari-hurmuz-bogazinin-kilidini-daha-da-sikilastiriyor\/\" \/>\n<meta property=\"og:locale\" content=\"tr_TR\" \/>\n<meta property=\"og:type\" content=\"article\" \/>\n<meta property=\"og:title\" content=\"\u0130ran Devrim Muhaf\u0131zlar\u0131: ABD&#039;nin sald\u0131r\u0131lar\u0131 H\u00fcrm\u00fcz Bo\u011faz\u0131&#039;n\u0131n kilidini daha da s\u0131k\u0131la\u015ft\u0131r\u0131yor - Kuzeyin Sesi\" \/>\n<meta property=\"og:description\" content=\"&#013; \u0130ran resmi haber ajans\u0131 IRNA, Devrim Muhaf\u0131zlar\u0131 taraf\u0131ndan yap\u0131lan a\u00e7\u0131klamay\u0131 yay\u0131mlad\u0131. &#013; Birka\u00e7 saat \u00f6nce, ABD ordusunun, \u00fclkenin g\u00fcneyine y\u00f6nelik sald\u0131r\u0131lar\u0131nda, aralar\u0131nda baz\u0131 sivil b\u00f6lgelerin de bulundu\u011fu \u00e7ok say\u0131da noktan\u0131n bombaland\u0131\u011f\u0131 belirtilen a\u00e7\u0131klamada, &#8220;Bu sald\u0131r\u0131lar, H\u00fcrm\u00fcz Bo\u011faz\u0131&#8217;n\u0131n kilidini daha da s\u0131k\u0131la\u015ft\u0131rd\u0131 ve sava\u015f\u00e7\u0131lar\u0131n H\u00fcrm\u00fcz Bo\u011faz\u0131&#8217;na m\u00fcdahale eden yabanc\u0131 g\u00fc\u00e7leri bast\u0131rma konusundaki kararl\u0131l\u0131\u011f\u0131n\u0131 daha da [&hellip;]\" \/>\n<meta property=\"og:url\" content=\"https:\/\/kuzeyinsesi.org\/index.php\/2026\/09\/01\/iran-devrim-muhafizlari-abdnin-saldirilari-hurmuz-bogazinin-kilidini-daha-da-sikilastiriyor\/\" \/>\n<meta property=\"og:site_name\" content=\"Kuzeyin Sesi\" \/>\n<meta property=\"article:publisher\" content=\"https:\/\/www.facebook.com\/kuzeyinsesii\" \/>\n<meta property=\"article:published_time\" content=\"2026-09-01T20:46:04+00:00\" \/>\n<meta property=\"og:image\" content=\"https:\/\/trthaberstatic.cdn.wp.trt.com.tr\/resimler\/2442000\/hurmuz-a-2443244.jpg\" \/>\n<meta name=\"author\" content=\"Kuzeyin Sesi\" \/>\n<meta name=\"twitter:card\" content=\"summary_large_image\" \/>\n<meta name=\"twitter:creator\" content=\"@kuzeyinsesii\" \/>\n<meta name=\"twitter:site\" content=\"@kuzeyinsesii\" \/>\n<meta name=\"twitter:label1\" content=\"Yazan:\" \/>\n\t<meta name=\"twitter:data1\" content=\"Kuzeyin Sesi\" \/>\n\t<meta name=\"twitter:label2\" content=\"Tahmini okuma s\u00fcresi\" \/>\n\t<meta name=\"twitter:data2\" content=\"1 dakika\" \/>\n<script type=\"application\/ld+json\" class=\"yoast-schema-graph\">{\"@context\":\"https:\\\/\\\/schema.org\",\"@graph\":[{\"@type\":\"Article\",\"@id\":\"https:\\\/\\\/kuzeyinsesi.org\\\/index.php\\\/2026\\\/09\\\/01\\\/iran-devrim-muhafizlari-abdnin-saldirilari-hurmuz-bogazinin-kilidini-daha-da-sikilastiriyor\\\/#article\",\"isPartOf\":{\"@id\":\"https:\\\/\\\/kuzeyinsesi.org\\\/index.php\\\/2026\\\/09\\\/01\\\/iran-devrim-muhafizlari-abdnin-saldirilari-hurmuz-bogazinin-kilidini-daha-da-sikilastiriyor\\\/\"},\"author\":{\"name\":\"Kuzeyin Sesi\",\"@id\":\"https:\\\/\\\/kuzeyinsesi.org\\\/#\\\/schema\\\/person\\\/9f859689cdf01485597712386e37f5aa\"},\"headline\":\"\u0130ran Devrim Muhaf\u0131zlar\u0131: ABD&#039;nin sald\u0131r\u0131lar\u0131 H\u00fcrm\u00fcz Bo\u011faz\u0131&#039;n\u0131n kilidini daha da s\u0131k\u0131la\u015ft\u0131r\u0131yor\",\"datePublished\":\"2026-09-01T20:46:04+00:00\",\"mainEntityOfPage\":{\"@id\":\"https:\\\/\\\/kuzeyinsesi.org\\\/index.php\\\/2026\\\/09\\\/01\\\/iran-devrim-muhafizlari-abdnin-saldirilari-hurmuz-bogazinin-kilidini-daha-da-sikilastiriyor\\\/\"},\"wordCount\":257,\"commentCount\":0,\"image\":{\"@id\":\"https:\\\/\\\/kuzeyinsesi.org\\\/index.php\\\/2026\\\/09\\\/01\\\/iran-devrim-muhafizlari-abdnin-saldirilari-hurmuz-bogazinin-kilidini-daha-da-sikilastiriyor\\\/#primaryimage\"},\"thumbnailUrl\":\"https:\\\/\\\/kuzeyinsesi.org\\\/wp-content\\\/uploads\\\/2026\\\/04\\\/hurmuz-a-2443244.jpg\",\"articleSection\":[\"D\u00fcnya\"],\"inLanguage\":\"tr\",\"potentialAction\":[{\"@type\":\"CommentAction\",\"name\":\"Comment\",\"target\":[\"https:\\\/\\\/kuzeyinsesi.org\\\/index.php\\\/2026\\\/09\\\/01\\\/iran-devrim-muhafizlari-abdnin-saldirilari-hurmuz-bogazinin-kilidini-daha-da-sikilastiriyor\\\/#respond\"]}]},{\"@type\":\"WebPage\",\"@id\":\"https:\\\/\\\/kuzeyinsesi.org\\\/index.php\\\/2026\\\/09\\\/01\\\/iran-devrim-muhafizlari-abdnin-saldirilari-hurmuz-bogazinin-kilidini-daha-da-sikilastiriyor\\\/\",\"url\":\"https:\\\/\\\/kuzeyinsesi.org\\\/index.php\\\/2026\\\/09\\\/01\\\/iran-devrim-muhafizlari-abdnin-saldirilari-hurmuz-bogazinin-kilidini-daha-da-sikilastiriyor\\\/\",\"name\":\"\u0130ran Devrim Muhaf\u0131zlar\u0131: ABD&#039;nin sald\u0131r\u0131lar\u0131 H\u00fcrm\u00fcz Bo\u011faz\u0131&#039;n\u0131n kilidini daha da s\u0131k\u0131la\u015ft\u0131r\u0131yor - Kuzeyin Sesi\",\"isPartOf\":{\"@id\":\"https:\\\/\\\/kuzeyinsesi.org\\\/#website\"},\"primaryImageOfPage\":{\"@id\":\"https:\\\/\\\/kuzeyinsesi.org\\\/index.php\\\/2026\\\/09\\\/01\\\/iran-devrim-muhafizlari-abdnin-saldirilari-hurmuz-bogazinin-kilidini-daha-da-sikilastiriyor\\\/#primaryimage\"},\"image\":{\"@id\":\"https:\\\/\\\/kuzeyinsesi.org\\\/index.php\\\/2026\\\/09\\\/01\\\/iran-devrim-muhafizlari-abdnin-saldirilari-hurmuz-bogazinin-kilidini-daha-da-sikilastiriyor\\\/#primaryimage\"},\"thumbnailUrl\":\"https:\\\/\\\/kuzeyinsesi.org\\\/wp-content\\\/uploads\\\/2026\\\/04\\\/hurmuz-a-2443244.jpg\",\"datePublished\":\"2026-09-01T20:46:04+00:00\",\"author\":{\"@id\":\"https:\\\/\\\/kuzeyinsesi.org\\\/#\\\/schema\\\/person\\\/9f859689cdf01485597712386e37f5aa\"},\"breadcrumb\":{\"@id\":\"https:\\\/\\\/kuzeyinsesi.org\\\/index.php\\\/2026\\\/09\\\/01\\\/iran-devrim-muhafizlari-abdnin-saldirilari-hurmuz-bogazinin-kilidini-daha-da-sikilastiriyor\\\/#breadcrumb\"},\"inLanguage\":\"tr\",\"potentialAction\":[{\"@type\":\"ReadAction\",\"target\":[\"https:\\\/\\\/kuzeyinsesi.org\\\/index.php\\\/2026\\\/09\\\/01\\\/iran-devrim-muhafizlari-abdnin-saldirilari-hurmuz-bogazinin-kilidini-daha-da-sikilastiriyor\\\/\"]}]},{\"@type\":\"ImageObject\",\"inLanguage\":\"tr\",\"@id\":\"https:\\\/\\\/kuzeyinsesi.org\\\/index.php\\\/2026\\\/09\\\/01\\\/iran-devrim-muhafizlari-abdnin-saldirilari-hurmuz-bogazinin-kilidini-daha-da-sikilastiriyor\\\/#primaryimage\",\"url\":\"https:\\\/\\\/kuzeyinsesi.org\\\/wp-content\\\/uploads\\\/2026\\\/04\\\/hurmuz-a-2443244.jpg\",\"contentUrl\":\"https:\\\/\\\/kuzeyinsesi.org\\\/wp-content\\\/uploads\\\/2026\\\/04\\\/hurmuz-a-2443244.jpg\",\"width\":1280,\"height\":720},{\"@type\":\"BreadcrumbList\",\"@id\":\"https:\\\/\\\/kuzeyinsesi.org\\\/index.php\\\/2026\\\/09\\\/01\\\/iran-devrim-muhafizlari-abdnin-saldirilari-hurmuz-bogazinin-kilidini-daha-da-sikilastiriyor\\\/#breadcrumb\",\"itemListElement\":[{\"@type\":\"ListItem\",\"position\":1,\"name\":\"Anasayfa\",\"item\":\"https:\\\/\\\/kuzeyinsesi.org\\\/\"},{\"@type\":\"ListItem\",\"position\":2,\"name\":\"\u0130ran Devrim Muhaf\u0131zlar\u0131: ABD&#039;nin sald\u0131r\u0131lar\u0131 H\u00fcrm\u00fcz Bo\u011faz\u0131&#039;n\u0131n kilidini daha da s\u0131k\u0131la\u015ft\u0131r\u0131yor\"}]},{\"@type\":\"WebSite\",\"@id\":\"https:\\\/\\\/kuzeyinsesi.org\\\/#website\",\"url\":\"https:\\\/\\\/kuzeyinsesi.org\\\/\",\"name\":\"Kuzeyin Sesi\",\"description\":\"Do\u011fru Haberin Adresi\",\"potentialAction\":[{\"@type\":\"SearchAction\",\"target\":{\"@type\":\"EntryPoint\",\"urlTemplate\":\"https:\\\/\\\/kuzeyinsesi.org\\\/?s={search_term_string}\"},\"query-input\":{\"@type\":\"PropertyValueSpecification\",\"valueRequired\":true,\"valueName\":\"search_term_string\"}}],\"inLanguage\":\"tr\"},{\"@type\":\"Person\",\"@id\":\"https:\\\/\\\/kuzeyinsesi.org\\\/#\\\/schema\\\/person\\\/9f859689cdf01485597712386e37f5aa\",\"name\":\"Kuzeyin Sesi\",\"image\":{\"@type\":\"ImageObject\",\"inLanguage\":\"tr\",\"@id\":\"https:\\\/\\\/secure.gravatar.com\\\/avatar\\\/bab33852abfd8b282518d6ed81826833d77c3c882d9ab608add591ccace47a44?s=96&d=mm&r=g\",\"url\":\"https:\\\/\\\/secure.gravatar.com\\\/avatar\\\/bab33852abfd8b282518d6ed81826833d77c3c882d9ab608add591ccace47a44?s=96&d=mm&r=g\",\"contentUrl\":\"https:\\\/\\\/secure.gravatar.com\\\/avatar\\\/bab33852abfd8b282518d6ed81826833d77c3c882d9ab608add591ccace47a44?s=96&d=mm&r=g\",\"caption\":\"Kuzeyin Sesi\"},\"sameAs\":[\"https:\\\/\\\/kuzeyinsesi.org\"],\"url\":\"https:\\\/\\\/kuzeyinsesi.org\\\/index.php\\\/author\\\/guven\\\/\"}]}<\/script>\n<!-- \/ Yoast SEO plugin. -->","yoast_head_json":{"title":"\u0130ran Devrim Muhaf\u0131zlar\u0131: ABD&#039;nin sald\u0131r\u0131lar\u0131 H\u00fcrm\u00fcz Bo\u011faz\u0131&#039;n\u0131n kilidini daha da s\u0131k\u0131la\u015ft\u0131r\u0131yor - Kuzeyin Sesi","robots":{"index":"index","follow":"follow","max-snippet":"max-snippet:-1","max-image-preview":"max-image-preview:large","max-video-preview":"max-video-preview:-1"},"canonical":"https:\/\/kuzeyinsesi.org\/index.php\/2026\/09\/01\/iran-devrim-muhafizlari-abdnin-saldirilari-hurmuz-bogazinin-kilidini-daha-da-sikilastiriyor\/","og_locale":"tr_TR","og_type":"article","og_title":"\u0130ran Devrim Muhaf\u0131zlar\u0131: ABD&#039;nin sald\u0131r\u0131lar\u0131 H\u00fcrm\u00fcz Bo\u011faz\u0131&#039;n\u0131n kilidini daha da s\u0131k\u0131la\u015ft\u0131r\u0131yor - Kuzeyin Sesi","og_description":"&#13; \u0130ran resmi haber ajans\u0131 IRNA, Devrim Muhaf\u0131zlar\u0131 taraf\u0131ndan yap\u0131lan a\u00e7\u0131klamay\u0131 yay\u0131mlad\u0131. &#13; Birka\u00e7 saat \u00f6nce, ABD ordusunun, \u00fclkenin g\u00fcneyine y\u00f6nelik sald\u0131r\u0131lar\u0131nda, aralar\u0131nda baz\u0131 sivil b\u00f6lgelerin de bulundu\u011fu \u00e7ok say\u0131da noktan\u0131n bombaland\u0131\u011f\u0131 belirtilen a\u00e7\u0131klamada, &#8220;Bu sald\u0131r\u0131lar, H\u00fcrm\u00fcz Bo\u011faz\u0131&#8217;n\u0131n kilidini daha da s\u0131k\u0131la\u015ft\u0131rd\u0131 ve sava\u015f\u00e7\u0131lar\u0131n H\u00fcrm\u00fcz Bo\u011faz\u0131&#8217;na m\u00fcdahale eden yabanc\u0131 g\u00fc\u00e7leri bast\u0131rma konusundaki kararl\u0131l\u0131\u011f\u0131n\u0131 daha da [&hellip;]","og_url":"https:\/\/kuzeyinsesi.org\/index.php\/2026\/09\/01\/iran-devrim-muhafizlari-abdnin-saldirilari-hurmuz-bogazinin-kilidini-daha-da-sikilastiriyor\/","og_site_name":"Kuzeyin Sesi","article_publisher":"https:\/\/www.facebook.com\/kuzeyinsesii","article_published_time":"2026-09-01T20:46:04+00:00","og_image":[{"url":"https:\/\/trthaberstatic.cdn.wp.trt.com.tr\/resimler\/2442000\/hurmuz-a-2443244.jpg","type":"","width":"","height":""}],"author":"Kuzeyin Sesi","twitter_card":"summary_large_image","twitter_creator":"@kuzeyinsesii","twitter_site":"@kuzeyinsesii","twitter_misc":{"Yazan:":"Kuzeyin Sesi","Tahmini okuma s\u00fcresi":"1 dakika"},"schema":{"@context":"https:\/\/schema.org","@graph":[{"@type":"Article","@id":"https:\/\/kuzeyinsesi.org\/index.php\/2026\/09\/01\/iran-devrim-muhafizlari-abdnin-saldirilari-hurmuz-bogazinin-kilidini-daha-da-sikilastiriyor\/#article","isPartOf":{"@id":"https:\/\/kuzeyinsesi.org\/index.php\/2026\/09\/01\/iran-devrim-muhafizlari-abdnin-saldirilari-hurmuz-bogazinin-kilidini-daha-da-sikilastiriyor\/"},"author":{"name":"Kuzeyin Sesi","@id":"https:\/\/kuzeyinsesi.org\/#\/schema\/person\/9f859689cdf01485597712386e37f5aa"},"headline":"\u0130ran Devrim Muhaf\u0131zlar\u0131: ABD&#039;nin sald\u0131r\u0131lar\u0131 H\u00fcrm\u00fcz Bo\u011faz\u0131&#039;n\u0131n kilidini daha da s\u0131k\u0131la\u015ft\u0131r\u0131yor","datePublished":"2026-09-01T20:46:04+00:00","mainEntityOfPage":{"@id":"https:\/\/kuzeyinsesi.org\/index.php\/2026\/09\/01\/iran-devrim-muhafizlari-abdnin-saldirilari-hurmuz-bogazinin-kilidini-daha-da-sikilastiriyor\/"},"wordCount":257,"commentCount":0,"image":{"@id":"https:\/\/kuzeyinsesi.org\/index.php\/2026\/09\/01\/iran-devrim-muhafizlari-abdnin-saldirilari-hurmuz-bogazinin-kilidini-daha-da-sikilastiriyor\/#primaryimage"},"thumbnailUrl":"https:\/\/kuzeyinsesi.org\/wp-content\/uploads\/2026\/04\/hurmuz-a-2443244.jpg","articleSection":["D\u00fcnya"],"inLanguage":"tr","potentialAction":[{"@type":"CommentAction","name":"Comment","target":["https:\/\/kuzeyinsesi.org\/index.php\/2026\/09\/01\/iran-devrim-muhafizlari-abdnin-saldirilari-hurmuz-bogazinin-kilidini-daha-da-sikilastiriyor\/#respond"]}]},{"@type":"WebPage","@id":"https:\/\/kuzeyinsesi.org\/index.php\/2026\/09\/01\/iran-devrim-muhafizlari-abdnin-saldirilari-hurmuz-bogazinin-kilidini-daha-da-sikilastiriyor\/","url":"https:\/\/kuzeyinsesi.org\/index.php\/2026\/09\/01\/iran-devrim-muhafizlari-abdnin-saldirilari-hurmuz-bogazinin-kilidini-daha-da-sikilastiriyor\/","name":"\u0130ran Devrim Muhaf\u0131zlar\u0131: ABD&#039;nin sald\u0131r\u0131lar\u0131 H\u00fcrm\u00fcz Bo\u011faz\u0131&#039;n\u0131n kilidini daha da s\u0131k\u0131la\u015ft\u0131r\u0131yor - Kuzeyin Sesi","isPartOf":{"@id":"https:\/\/kuzeyinsesi.org\/#website"},"primaryImageOfPage":{"@id":"https:\/\/kuzeyinsesi.org\/index.php\/2026\/09\/01\/iran-devrim-muhafizlari-abdnin-saldirilari-hurmuz-bogazinin-kilidini-daha-da-sikilastiriyor\/#primaryimage"},"image":{"@id":"https:\/\/kuzeyinsesi.org\/index.php\/2026\/09\/01\/iran-devrim-muhafizlari-abdnin-saldirilari-hurmuz-bogazinin-kilidini-daha-da-sikilastiriyor\/#primaryimage"},"thumbnailUrl":"https:\/\/kuzeyinsesi.org\/wp-content\/uploads\/2026\/04\/hurmuz-a-2443244.jpg","datePublished":"2026-09-01T20:46:04+00:00","author":{"@id":"https:\/\/kuzeyinsesi.org\/#\/schema\/person\/9f859689cdf01485597712386e37f5aa"},"breadcrumb":{"@id":"https:\/\/kuzeyinsesi.org\/index.php\/2026\/09\/01\/iran-devrim-muhafizlari-abdnin-saldirilari-hurmuz-bogazinin-kilidini-daha-da-sikilastiriyor\/#breadcrumb"},"inLanguage":"tr","potentialAction":[{"@type":"ReadAction","target":["https:\/\/kuzeyinsesi.org\/index.php\/2026\/09\/01\/iran-devrim-muhafizlari-abdnin-saldirilari-hurmuz-bogazinin-kilidini-daha-da-sikilastiriyor\/"]}]},{"@type":"ImageObject","inLanguage":"tr","@id":"https:\/\/kuzeyinsesi.org\/index.php\/2026\/09\/01\/iran-devrim-muhafizlari-abdnin-saldirilari-hurmuz-bogazinin-kilidini-daha-da-sikilastiriyor\/#primaryimage","url":"https:\/\/kuzeyinsesi.org\/wp-content\/uploads\/2026\/04\/hurmuz-a-2443244.jpg","contentUrl":"https:\/\/kuzeyinsesi.org\/wp-content\/uploads\/2026\/04\/hurmuz-a-2443244.jpg","width":1280,"height":720},{"@type":"BreadcrumbList","@id":"https:\/\/kuzeyinsesi.org\/index.php\/2026\/09\/01\/iran-devrim-muhafizlari-abdnin-saldirilari-hurmuz-bogazinin-kilidini-daha-da-sikilastiriyor\/#breadcrumb","itemListElement":[{"@type":"ListItem","position":1,"name":"Anasayfa","item":"https:\/\/kuzeyinsesi.org\/"},{"@type":"ListItem","position":2,"name":"\u0130ran Devrim Muhaf\u0131zlar\u0131: ABD&#039;nin sald\u0131r\u0131lar\u0131 H\u00fcrm\u00fcz Bo\u011faz\u0131&#039;n\u0131n kilidini daha da s\u0131k\u0131la\u015ft\u0131r\u0131yor"}]},{"@type":"WebSite","@id":"https:\/\/kuzeyinsesi.org\/#website","url":"https:\/\/kuzeyinsesi.org\/","name":"Kuzeyin Sesi","description":"Do\u011fru Haberin Adresi","potentialAction":[{"@type":"SearchAction","target":{"@type":"EntryPoint","urlTemplate":"https:\/\/kuzeyinsesi.org\/?s={search_term_string}"},"query-input":{"@type":"PropertyValueSpecification","valueRequired":true,"valueName":"search_term_string"}}],"inLanguage":"tr"},{"@type":"Person","@id":"https:\/\/kuzeyinsesi.org\/#\/schema\/person\/9f859689cdf01485597712386e37f5aa","name":"Kuzeyin Sesi","image":{"@type":"ImageObject","inLanguage":"tr","@id":"https:\/\/secure.gravatar.com\/avatar\/bab33852abfd8b282518d6ed81826833d77c3c882d9ab608add591ccace47a44?s=96&d=mm&r=g","url":"https:\/\/secure.gravatar.com\/avatar\/bab33852abfd8b282518d6ed81826833d77c3c882d9ab608add591ccace47a44?s=96&d=mm&r=g","contentUrl":"https:\/\/secure.gravatar.com\/avatar\/bab33852abfd8b282518d6ed81826833d77c3c882d9ab608add591ccace47a44?s=96&d=mm&r=g","caption":"Kuzeyin Sesi"},"sameAs":["https:\/\/kuzeyinsesi.org"],"url":"https:\/\/kuzeyinsesi.org\/index.php\/author\/guven\/"}]}},"_links":{"self":[{"href":"https:\/\/kuzeyinsesi.org\/index.php\/wp-json\/wp\/v2\/posts\/45908","targetHints":{"allow":["GET"]}}],"collection":[{"href":"https:\/\/kuzeyinsesi.org\/index.php\/wp-json\/wp\/v2\/posts"}],"about":[{"href":"https:\/\/kuzeyinsesi.org\/index.php\/wp-json\/wp\/v2\/types\/post"}],"author":[{"embeddable":true,"href":"https:\/\/kuzeyinsesi.org\/index.php\/wp-json\/wp\/v2\/users\/1"}],"replies":[{"embeddable":true,"href":"https:\/\/kuzeyinsesi.org\/index.php\/wp-json\/wp\/v2\/comments?post=45908"}],"version-history":[{"count":0,"href":"https:\/\/kuzeyinsesi.org\/index.php\/wp-json\/wp\/v2\/posts\/45908\/revisions"}],"wp:featuredmedia":[{"embeddable":true,"href":"https:\/\/kuzeyinsesi.org\/index.php\/wp-json\/wp\/v2\/media\/37115"}],"wp:attachment":[{"href":"https:\/\/kuzeyinsesi.org\/index.php\/wp-json\/wp\/v2\/media?parent=45908"}],"wp:term":[{"taxonomy":"category","embeddable":true,"href":"https:\/\/kuzeyinsesi.org\/index.php\/wp-json\/wp\/v2\/categories?post=45908"},{"taxonomy":"post_tag","embeddable":true,"href":"https:\/\/kuzeyinsesi.org\/index.php\/wp-json\/wp\/v2\/tags?post=45908"}],"curies":[{"name":"wp","href":"https:\/\/api.w.org\/{rel}","templated":true}]}}