{"id":45906,"date":"2026-09-01T22:44:04","date_gmt":"2026-09-01T19:44:04","guid":{"rendered":"https:\/\/kuzeyinsesi.org\/index.php\/2026\/09\/01\/trumptan-irana-misilleme-tehdidi\/"},"modified":"2026-09-01T22:44:04","modified_gmt":"2026-09-01T19:44:04","slug":"trumptan-irana-misilleme-tehdidi","status":"publish","type":"post","link":"https:\/\/kuzeyinsesi.org\/index.php\/2026\/09\/01\/trumptan-irana-misilleme-tehdidi\/","title":{"rendered":"Trump&#039;tan \u0130ran&#039;a misilleme tehdidi"},"content":{"rendered":"<p><\/p>\n<div>\n<p>&#13;<br \/>\n\t<a href=\"https:\/\/www.trthaber.com\/etiket\/abd\/\" target=\"_blank\">ABD<\/a> Ba\u015fkan\u0131 Trump, sosyal <a href=\"https:\/\/www.trthaber.com\/etiket\/medya\/\" target=\"_blank\">medya<\/a> hesab\u0131ndan yapt\u0131\u011f\u0131 payla\u015f\u0131mda, \u0130ran&#8217;a y\u00f6nelik yeni sald\u0131r\u0131lar d\u00fczenlediklerini duyurdu.<\/p>\n<p>&#13;<br \/>\n\tTrump, &#8220;\u015eu anda ABD, <a href=\"https:\/\/www.trthaber.com\/etiket\/hurmuz-bogazi\/\" target=\"_blank\">H\u00fcrm\u00fcz Bo\u011faz\u0131<\/a> yak\u0131nlar\u0131ndaki <a href=\"https:\/\/www.trthaber.com\/etiket\/iran\/\" target=\"_blank\">\u0130ran<\/a> hedeflerine sald\u0131r\u0131yor. Bunlar geni\u015f \u00e7apl\u0131 ve g\u00fc\u00e7l\u00fc sald\u0131r\u0131lar.&#8221; ifadesini kulland\u0131.<\/p>\n<p>&#13;<br \/>\n\tABD Ba\u015fkan\u0131, s\u00f6z konusu sald\u0131r\u0131lar\u0131n, \u0130ran&#8217;\u0131n, H\u00fcrm\u00fcz Bo\u011faz\u0131&#8217;na yeniden deniz may\u0131nlar\u0131 d\u00f6\u015feme giri\u015fimlerine ve \u00dcrd\u00fcn&#8217;deki Amerikan \u00fcss\u00fcne 8 f\u00fcze f\u0131rlatmas\u0131na kar\u015f\u0131l\u0131k oldu\u011funu savundu.<\/p>\n<p>&#13;<br \/>\n\tTahran&#8217;\u0131 misilleme yapmamas\u0131 konusunda uyaran Trump, &#8220;E\u011fer ba\u015far\u0131s\u0131z \u0130ran devleti, bu son derece hakl\u0131 sald\u0131r\u0131ya misilleme yaparsa, \u00e7ok daha sert ve daha b\u00fcy\u00fck \u00e7apl\u0131 bir sald\u0131r\u0131yla tekrar vurulacak.&#8221; de\u011ferlendirmesini yapt\u0131.<\/p>\n<p>&#13;<br \/>\n\t\u0130ran&#8217;a y\u00f6nelik &#8220;en b\u00fcy\u00fck&#8221; sald\u0131r\u0131n\u0131n halen ger\u00e7ekle\u015ftirilmedi\u011fini ifade eden Trump, bu t\u00fcr bir sald\u0131r\u0131n\u0131n \u0130ran&#8217;a \u00e7ok b\u00fcy\u00fck tahribat getirece\u011fini savundu.<\/p>\n<p>&#13;<br \/>\n\tABD Merkez Kuvvetler Komutanl\u0131\u011f\u0131n\u0131n (CENTCOM) <a href=\"https:\/\/www.trthaber.com\/etiket\/sosyal-medya\/\" target=\"_blank\">sosyal medya<\/a> hesab\u0131ndan yap\u0131lan a\u00e7\u0131klamada, \u0130ran&#8217;\u0131n H\u00fcrm\u00fcz Bo\u011faz\u0131&#8217;nda ticari gemilere ve b\u00f6lgedeki ABD personeline &#8220;sald\u0131r\u0131 giri\u015fimlerinde&#8221; bulundu\u011fu gerek\u00e7esiyle Devrim Muhaf\u0131zlar\u0131 Ordusu hedeflerine sald\u0131r\u0131 ba\u015flat\u0131ld\u0131\u011f\u0131 ifade edilmi\u015fti.<\/p>\n<p>&#13;<br \/>\n\t\u0130ran ordusu da ABD&#8217;ye kar\u015f\u0131 misillemede bulunaca\u011f\u0131n\u0131 a\u00e7\u0131klam\u0131\u015ft\u0131.<\/p>\n<\/p><\/div>\n","protected":false},"excerpt":{"rendered":"<p>&#13; ABD Ba\u015fkan\u0131 Trump, sosyal medya hesab\u0131ndan yapt\u0131\u011f\u0131 payla\u015f\u0131mda, \u0130ran&#8217;a y\u00f6nelik yeni sald\u0131r\u0131lar d\u00fczenlediklerini duyurdu. &#13; Trump, &#8220;\u015eu anda ABD, H\u00fcrm\u00fcz Bo\u011faz\u0131 yak\u0131nlar\u0131ndaki \u0130ran hedeflerine sald\u0131r\u0131yor. Bunlar geni\u015f \u00e7apl\u0131 ve g\u00fc\u00e7l\u00fc sald\u0131r\u0131lar.&#8221; ifadesini kulland\u0131. &#13; ABD Ba\u015fkan\u0131, s\u00f6z konusu sald\u0131r\u0131lar\u0131n, \u0130ran&#8217;\u0131n, H\u00fcrm\u00fcz Bo\u011faz\u0131&#8217;na yeniden deniz may\u0131nlar\u0131 d\u00f6\u015feme giri\u015fimlerine ve \u00dcrd\u00fcn&#8217;deki Amerikan \u00fcss\u00fcne 8 f\u00fcze f\u0131rlatmas\u0131na [&hellip;]<\/p>\n","protected":false},"author":1,"featured_media":43857,"comment_status":"open","ping_status":"open","sticky":false,"template":"","format":"standard","meta":{"jnews-multi-image_gallery":[],"jnews_single_post":[],"jnews_primary_category":[],"jnews_social_meta":[],"jnews_override_counter":[],"footnotes":""},"categories":[2],"tags":[],"class_list":["post-45906","post","type-post","status-publish","format-standard","has-post-thumbnail","hentry","category-dunya"],"yoast_head":"<!-- This site is optimized with the Yoast SEO plugin v28.4 - https:\/\/yoast.com\/product\/yoast-seo-wordpress\/ -->\n<title>Trump&#039;tan \u0130ran&#039;a misilleme tehdidi - Kuzeyin Sesi<\/title>\n<meta name=\"robots\" content=\"index, follow, max-snippet:-1, max-image-preview:large, max-video-preview:-1\" \/>\n<link rel=\"canonical\" href=\"https:\/\/kuzeyinsesi.org\/index.php\/2026\/09\/01\/trumptan-irana-misilleme-tehdidi\/\" \/>\n<meta property=\"og:locale\" content=\"tr_TR\" \/>\n<meta property=\"og:type\" content=\"article\" \/>\n<meta property=\"og:title\" content=\"Trump&#039;tan \u0130ran&#039;a misilleme tehdidi - Kuzeyin Sesi\" \/>\n<meta property=\"og:description\" content=\"&#013; ABD Ba\u015fkan\u0131 Trump, sosyal medya hesab\u0131ndan yapt\u0131\u011f\u0131 payla\u015f\u0131mda, \u0130ran&#8217;a y\u00f6nelik yeni sald\u0131r\u0131lar d\u00fczenlediklerini duyurdu. &#013; Trump, &#8220;\u015eu anda ABD, H\u00fcrm\u00fcz Bo\u011faz\u0131 yak\u0131nlar\u0131ndaki \u0130ran hedeflerine sald\u0131r\u0131yor. Bunlar geni\u015f \u00e7apl\u0131 ve g\u00fc\u00e7l\u00fc sald\u0131r\u0131lar.&#8221; ifadesini kulland\u0131. &#013; ABD Ba\u015fkan\u0131, s\u00f6z konusu sald\u0131r\u0131lar\u0131n, \u0130ran&#8217;\u0131n, H\u00fcrm\u00fcz Bo\u011faz\u0131&#8217;na yeniden deniz may\u0131nlar\u0131 d\u00f6\u015feme giri\u015fimlerine ve \u00dcrd\u00fcn&#8217;deki Amerikan \u00fcss\u00fcne 8 f\u00fcze f\u0131rlatmas\u0131na [&hellip;]\" \/>\n<meta property=\"og:url\" content=\"https:\/\/kuzeyinsesi.org\/index.php\/2026\/09\/01\/trumptan-irana-misilleme-tehdidi\/\" \/>\n<meta property=\"og:site_name\" content=\"Kuzeyin Sesi\" \/>\n<meta property=\"article:publisher\" content=\"https:\/\/www.facebook.com\/kuzeyinsesii\" \/>\n<meta property=\"article:published_time\" content=\"2026-09-01T19:44:04+00:00\" \/>\n<meta property=\"og:image\" content=\"https:\/\/trthaberstatic.cdn.wp.trt.com.tr\/resimler\/2476000\/trump-re-2477374.jpg\" \/>\n<meta name=\"author\" content=\"Kuzeyin Sesi\" \/>\n<meta name=\"twitter:card\" content=\"summary_large_image\" \/>\n<meta name=\"twitter:creator\" content=\"@kuzeyinsesii\" \/>\n<meta name=\"twitter:site\" content=\"@kuzeyinsesii\" \/>\n<meta name=\"twitter:label1\" content=\"Yazan:\" \/>\n\t<meta name=\"twitter:data1\" content=\"Kuzeyin Sesi\" \/>\n\t<meta name=\"twitter:label2\" content=\"Tahmini okuma s\u00fcresi\" \/>\n\t<meta name=\"twitter:data2\" content=\"1 dakika\" \/>\n<script type=\"application\/ld+json\" class=\"yoast-schema-graph\">{\"@context\":\"https:\\\/\\\/schema.org\",\"@graph\":[{\"@type\":\"Article\",\"@id\":\"https:\\\/\\\/kuzeyinsesi.org\\\/index.php\\\/2026\\\/09\\\/01\\\/trumptan-irana-misilleme-tehdidi\\\/#article\",\"isPartOf\":{\"@id\":\"https:\\\/\\\/kuzeyinsesi.org\\\/index.php\\\/2026\\\/09\\\/01\\\/trumptan-irana-misilleme-tehdidi\\\/\"},\"author\":{\"name\":\"Kuzeyin Sesi\",\"@id\":\"https:\\\/\\\/kuzeyinsesi.org\\\/#\\\/schema\\\/person\\\/9f859689cdf01485597712386e37f5aa\"},\"headline\":\"Trump&#039;tan \u0130ran&#039;a misilleme tehdidi\",\"datePublished\":\"2026-09-01T19:44:04+00:00\",\"mainEntityOfPage\":{\"@id\":\"https:\\\/\\\/kuzeyinsesi.org\\\/index.php\\\/2026\\\/09\\\/01\\\/trumptan-irana-misilleme-tehdidi\\\/\"},\"wordCount\":242,\"commentCount\":0,\"image\":{\"@id\":\"https:\\\/\\\/kuzeyinsesi.org\\\/index.php\\\/2026\\\/09\\\/01\\\/trumptan-irana-misilleme-tehdidi\\\/#primaryimage\"},\"thumbnailUrl\":\"https:\\\/\\\/kuzeyinsesi.org\\\/wp-content\\\/uploads\\\/2026\\\/07\\\/trump-re-2477374.jpg\",\"articleSection\":[\"D\u00fcnya\"],\"inLanguage\":\"tr\",\"potentialAction\":[{\"@type\":\"CommentAction\",\"name\":\"Comment\",\"target\":[\"https:\\\/\\\/kuzeyinsesi.org\\\/index.php\\\/2026\\\/09\\\/01\\\/trumptan-irana-misilleme-tehdidi\\\/#respond\"]}]},{\"@type\":\"WebPage\",\"@id\":\"https:\\\/\\\/kuzeyinsesi.org\\\/index.php\\\/2026\\\/09\\\/01\\\/trumptan-irana-misilleme-tehdidi\\\/\",\"url\":\"https:\\\/\\\/kuzeyinsesi.org\\\/index.php\\\/2026\\\/09\\\/01\\\/trumptan-irana-misilleme-tehdidi\\\/\",\"name\":\"Trump&#039;tan \u0130ran&#039;a misilleme tehdidi - Kuzeyin Sesi\",\"isPartOf\":{\"@id\":\"https:\\\/\\\/kuzeyinsesi.org\\\/#website\"},\"primaryImageOfPage\":{\"@id\":\"https:\\\/\\\/kuzeyinsesi.org\\\/index.php\\\/2026\\\/09\\\/01\\\/trumptan-irana-misilleme-tehdidi\\\/#primaryimage\"},\"image\":{\"@id\":\"https:\\\/\\\/kuzeyinsesi.org\\\/index.php\\\/2026\\\/09\\\/01\\\/trumptan-irana-misilleme-tehdidi\\\/#primaryimage\"},\"thumbnailUrl\":\"https:\\\/\\\/kuzeyinsesi.org\\\/wp-content\\\/uploads\\\/2026\\\/07\\\/trump-re-2477374.jpg\",\"datePublished\":\"2026-09-01T19:44:04+00:00\",\"author\":{\"@id\":\"https:\\\/\\\/kuzeyinsesi.org\\\/#\\\/schema\\\/person\\\/9f859689cdf01485597712386e37f5aa\"},\"breadcrumb\":{\"@id\":\"https:\\\/\\\/kuzeyinsesi.org\\\/index.php\\\/2026\\\/09\\\/01\\\/trumptan-irana-misilleme-tehdidi\\\/#breadcrumb\"},\"inLanguage\":\"tr\",\"potentialAction\":[{\"@type\":\"ReadAction\",\"target\":[\"https:\\\/\\\/kuzeyinsesi.org\\\/index.php\\\/2026\\\/09\\\/01\\\/trumptan-irana-misilleme-tehdidi\\\/\"]}]},{\"@type\":\"ImageObject\",\"inLanguage\":\"tr\",\"@id\":\"https:\\\/\\\/kuzeyinsesi.org\\\/index.php\\\/2026\\\/09\\\/01\\\/trumptan-irana-misilleme-tehdidi\\\/#primaryimage\",\"url\":\"https:\\\/\\\/kuzeyinsesi.org\\\/wp-content\\\/uploads\\\/2026\\\/07\\\/trump-re-2477374.jpg\",\"contentUrl\":\"https:\\\/\\\/kuzeyinsesi.org\\\/wp-content\\\/uploads\\\/2026\\\/07\\\/trump-re-2477374.jpg\",\"width\":1280,\"height\":720},{\"@type\":\"BreadcrumbList\",\"@id\":\"https:\\\/\\\/kuzeyinsesi.org\\\/index.php\\\/2026\\\/09\\\/01\\\/trumptan-irana-misilleme-tehdidi\\\/#breadcrumb\",\"itemListElement\":[{\"@type\":\"ListItem\",\"position\":1,\"name\":\"Anasayfa\",\"item\":\"https:\\\/\\\/kuzeyinsesi.org\\\/\"},{\"@type\":\"ListItem\",\"position\":2,\"name\":\"Trump&#039;tan \u0130ran&#039;a misilleme tehdidi\"}]},{\"@type\":\"WebSite\",\"@id\":\"https:\\\/\\\/kuzeyinsesi.org\\\/#website\",\"url\":\"https:\\\/\\\/kuzeyinsesi.org\\\/\",\"name\":\"Kuzeyin Sesi\",\"description\":\"Do\u011fru Haberin Adresi\",\"potentialAction\":[{\"@type\":\"SearchAction\",\"target\":{\"@type\":\"EntryPoint\",\"urlTemplate\":\"https:\\\/\\\/kuzeyinsesi.org\\\/?s={search_term_string}\"},\"query-input\":{\"@type\":\"PropertyValueSpecification\",\"valueRequired\":true,\"valueName\":\"search_term_string\"}}],\"inLanguage\":\"tr\"},{\"@type\":\"Person\",\"@id\":\"https:\\\/\\\/kuzeyinsesi.org\\\/#\\\/schema\\\/person\\\/9f859689cdf01485597712386e37f5aa\",\"name\":\"Kuzeyin Sesi\",\"image\":{\"@type\":\"ImageObject\",\"inLanguage\":\"tr\",\"@id\":\"https:\\\/\\\/secure.gravatar.com\\\/avatar\\\/bab33852abfd8b282518d6ed81826833d77c3c882d9ab608add591ccace47a44?s=96&d=mm&r=g\",\"url\":\"https:\\\/\\\/secure.gravatar.com\\\/avatar\\\/bab33852abfd8b282518d6ed81826833d77c3c882d9ab608add591ccace47a44?s=96&d=mm&r=g\",\"contentUrl\":\"https:\\\/\\\/secure.gravatar.com\\\/avatar\\\/bab33852abfd8b282518d6ed81826833d77c3c882d9ab608add591ccace47a44?s=96&d=mm&r=g\",\"caption\":\"Kuzeyin Sesi\"},\"sameAs\":[\"https:\\\/\\\/kuzeyinsesi.org\"],\"url\":\"https:\\\/\\\/kuzeyinsesi.org\\\/index.php\\\/author\\\/guven\\\/\"}]}<\/script>\n<!-- \/ Yoast SEO plugin. -->","yoast_head_json":{"title":"Trump&#039;tan \u0130ran&#039;a misilleme tehdidi - Kuzeyin Sesi","robots":{"index":"index","follow":"follow","max-snippet":"max-snippet:-1","max-image-preview":"max-image-preview:large","max-video-preview":"max-video-preview:-1"},"canonical":"https:\/\/kuzeyinsesi.org\/index.php\/2026\/09\/01\/trumptan-irana-misilleme-tehdidi\/","og_locale":"tr_TR","og_type":"article","og_title":"Trump&#039;tan \u0130ran&#039;a misilleme tehdidi - Kuzeyin Sesi","og_description":"&#13; ABD Ba\u015fkan\u0131 Trump, sosyal medya hesab\u0131ndan yapt\u0131\u011f\u0131 payla\u015f\u0131mda, \u0130ran&#8217;a y\u00f6nelik yeni sald\u0131r\u0131lar d\u00fczenlediklerini duyurdu. &#13; Trump, &#8220;\u015eu anda ABD, H\u00fcrm\u00fcz Bo\u011faz\u0131 yak\u0131nlar\u0131ndaki \u0130ran hedeflerine sald\u0131r\u0131yor. Bunlar geni\u015f \u00e7apl\u0131 ve g\u00fc\u00e7l\u00fc sald\u0131r\u0131lar.&#8221; ifadesini kulland\u0131. &#13; ABD Ba\u015fkan\u0131, s\u00f6z konusu sald\u0131r\u0131lar\u0131n, \u0130ran&#8217;\u0131n, H\u00fcrm\u00fcz Bo\u011faz\u0131&#8217;na yeniden deniz may\u0131nlar\u0131 d\u00f6\u015feme giri\u015fimlerine ve \u00dcrd\u00fcn&#8217;deki Amerikan \u00fcss\u00fcne 8 f\u00fcze f\u0131rlatmas\u0131na [&hellip;]","og_url":"https:\/\/kuzeyinsesi.org\/index.php\/2026\/09\/01\/trumptan-irana-misilleme-tehdidi\/","og_site_name":"Kuzeyin Sesi","article_publisher":"https:\/\/www.facebook.com\/kuzeyinsesii","article_published_time":"2026-09-01T19:44:04+00:00","og_image":[{"url":"https:\/\/trthaberstatic.cdn.wp.trt.com.tr\/resimler\/2476000\/trump-re-2477374.jpg","type":"","width":"","height":""}],"author":"Kuzeyin Sesi","twitter_card":"summary_large_image","twitter_creator":"@kuzeyinsesii","twitter_site":"@kuzeyinsesii","twitter_misc":{"Yazan:":"Kuzeyin Sesi","Tahmini okuma s\u00fcresi":"1 dakika"},"schema":{"@context":"https:\/\/schema.org","@graph":[{"@type":"Article","@id":"https:\/\/kuzeyinsesi.org\/index.php\/2026\/09\/01\/trumptan-irana-misilleme-tehdidi\/#article","isPartOf":{"@id":"https:\/\/kuzeyinsesi.org\/index.php\/2026\/09\/01\/trumptan-irana-misilleme-tehdidi\/"},"author":{"name":"Kuzeyin Sesi","@id":"https:\/\/kuzeyinsesi.org\/#\/schema\/person\/9f859689cdf01485597712386e37f5aa"},"headline":"Trump&#039;tan \u0130ran&#039;a misilleme tehdidi","datePublished":"2026-09-01T19:44:04+00:00","mainEntityOfPage":{"@id":"https:\/\/kuzeyinsesi.org\/index.php\/2026\/09\/01\/trumptan-irana-misilleme-tehdidi\/"},"wordCount":242,"commentCount":0,"image":{"@id":"https:\/\/kuzeyinsesi.org\/index.php\/2026\/09\/01\/trumptan-irana-misilleme-tehdidi\/#primaryimage"},"thumbnailUrl":"https:\/\/kuzeyinsesi.org\/wp-content\/uploads\/2026\/07\/trump-re-2477374.jpg","articleSection":["D\u00fcnya"],"inLanguage":"tr","potentialAction":[{"@type":"CommentAction","name":"Comment","target":["https:\/\/kuzeyinsesi.org\/index.php\/2026\/09\/01\/trumptan-irana-misilleme-tehdidi\/#respond"]}]},{"@type":"WebPage","@id":"https:\/\/kuzeyinsesi.org\/index.php\/2026\/09\/01\/trumptan-irana-misilleme-tehdidi\/","url":"https:\/\/kuzeyinsesi.org\/index.php\/2026\/09\/01\/trumptan-irana-misilleme-tehdidi\/","name":"Trump&#039;tan \u0130ran&#039;a misilleme tehdidi - Kuzeyin Sesi","isPartOf":{"@id":"https:\/\/kuzeyinsesi.org\/#website"},"primaryImageOfPage":{"@id":"https:\/\/kuzeyinsesi.org\/index.php\/2026\/09\/01\/trumptan-irana-misilleme-tehdidi\/#primaryimage"},"image":{"@id":"https:\/\/kuzeyinsesi.org\/index.php\/2026\/09\/01\/trumptan-irana-misilleme-tehdidi\/#primaryimage"},"thumbnailUrl":"https:\/\/kuzeyinsesi.org\/wp-content\/uploads\/2026\/07\/trump-re-2477374.jpg","datePublished":"2026-09-01T19:44:04+00:00","author":{"@id":"https:\/\/kuzeyinsesi.org\/#\/schema\/person\/9f859689cdf01485597712386e37f5aa"},"breadcrumb":{"@id":"https:\/\/kuzeyinsesi.org\/index.php\/2026\/09\/01\/trumptan-irana-misilleme-tehdidi\/#breadcrumb"},"inLanguage":"tr","potentialAction":[{"@type":"ReadAction","target":["https:\/\/kuzeyinsesi.org\/index.php\/2026\/09\/01\/trumptan-irana-misilleme-tehdidi\/"]}]},{"@type":"ImageObject","inLanguage":"tr","@id":"https:\/\/kuzeyinsesi.org\/index.php\/2026\/09\/01\/trumptan-irana-misilleme-tehdidi\/#primaryimage","url":"https:\/\/kuzeyinsesi.org\/wp-content\/uploads\/2026\/07\/trump-re-2477374.jpg","contentUrl":"https:\/\/kuzeyinsesi.org\/wp-content\/uploads\/2026\/07\/trump-re-2477374.jpg","width":1280,"height":720},{"@type":"BreadcrumbList","@id":"https:\/\/kuzeyinsesi.org\/index.php\/2026\/09\/01\/trumptan-irana-misilleme-tehdidi\/#breadcrumb","itemListElement":[{"@type":"ListItem","position":1,"name":"Anasayfa","item":"https:\/\/kuzeyinsesi.org\/"},{"@type":"ListItem","position":2,"name":"Trump&#039;tan \u0130ran&#039;a misilleme tehdidi"}]},{"@type":"WebSite","@id":"https:\/\/kuzeyinsesi.org\/#website","url":"https:\/\/kuzeyinsesi.org\/","name":"Kuzeyin Sesi","description":"Do\u011fru Haberin Adresi","potentialAction":[{"@type":"SearchAction","target":{"@type":"EntryPoint","urlTemplate":"https:\/\/kuzeyinsesi.org\/?s={search_term_string}"},"query-input":{"@type":"PropertyValueSpecification","valueRequired":true,"valueName":"search_term_string"}}],"inLanguage":"tr"},{"@type":"Person","@id":"https:\/\/kuzeyinsesi.org\/#\/schema\/person\/9f859689cdf01485597712386e37f5aa","name":"Kuzeyin Sesi","image":{"@type":"ImageObject","inLanguage":"tr","@id":"https:\/\/secure.gravatar.com\/avatar\/bab33852abfd8b282518d6ed81826833d77c3c882d9ab608add591ccace47a44?s=96&d=mm&r=g","url":"https:\/\/secure.gravatar.com\/avatar\/bab33852abfd8b282518d6ed81826833d77c3c882d9ab608add591ccace47a44?s=96&d=mm&r=g","contentUrl":"https:\/\/secure.gravatar.com\/avatar\/bab33852abfd8b282518d6ed81826833d77c3c882d9ab608add591ccace47a44?s=96&d=mm&r=g","caption":"Kuzeyin Sesi"},"sameAs":["https:\/\/kuzeyinsesi.org"],"url":"https:\/\/kuzeyinsesi.org\/index.php\/author\/guven\/"}]}},"_links":{"self":[{"href":"https:\/\/kuzeyinsesi.org\/index.php\/wp-json\/wp\/v2\/posts\/45906","targetHints":{"allow":["GET"]}}],"collection":[{"href":"https:\/\/kuzeyinsesi.org\/index.php\/wp-json\/wp\/v2\/posts"}],"about":[{"href":"https:\/\/kuzeyinsesi.org\/index.php\/wp-json\/wp\/v2\/types\/post"}],"author":[{"embeddable":true,"href":"https:\/\/kuzeyinsesi.org\/index.php\/wp-json\/wp\/v2\/users\/1"}],"replies":[{"embeddable":true,"href":"https:\/\/kuzeyinsesi.org\/index.php\/wp-json\/wp\/v2\/comments?post=45906"}],"version-history":[{"count":0,"href":"https:\/\/kuzeyinsesi.org\/index.php\/wp-json\/wp\/v2\/posts\/45906\/revisions"}],"wp:featuredmedia":[{"embeddable":true,"href":"https:\/\/kuzeyinsesi.org\/index.php\/wp-json\/wp\/v2\/media\/43857"}],"wp:attachment":[{"href":"https:\/\/kuzeyinsesi.org\/index.php\/wp-json\/wp\/v2\/media?parent=45906"}],"wp:term":[{"taxonomy":"category","embeddable":true,"href":"https:\/\/kuzeyinsesi.org\/index.php\/wp-json\/wp\/v2\/categories?post=45906"},{"taxonomy":"post_tag","embeddable":true,"href":"https:\/\/kuzeyinsesi.org\/index.php\/wp-json\/wp\/v2\/tags?post=45906"}],"curies":[{"name":"wp","href":"https:\/\/api.w.org\/{rel}","templated":true}]}}