{"id":45904,"date":"2026-09-01T22:13:04","date_gmt":"2026-09-01T19:13:04","guid":{"rendered":"https:\/\/kuzeyinsesi.org\/index.php\/2026\/09\/01\/kanadada-uzerinde-agaclar-olan-yuzen-bir-ada-kesfedildi\/"},"modified":"2026-09-01T22:13:04","modified_gmt":"2026-09-01T19:13:04","slug":"kanadada-uzerinde-agaclar-olan-yuzen-bir-ada-kesfedildi","status":"publish","type":"post","link":"https:\/\/kuzeyinsesi.org\/index.php\/2026\/09\/01\/kanadada-uzerinde-agaclar-olan-yuzen-bir-ada-kesfedildi\/","title":{"rendered":"Kanadada \u00fczerinde a\u011fa\u00e7lar olan y\u00fczen bir ada ke\u015ffedildi"},"content":{"rendered":"<p><\/p>\n<div>\n<p>&#13;<br \/>\n\tKanada\u2019n\u0131n British Columbia b\u00f6lgesindeki dev yapay g\u00f6l Williston G\u00f6l\u00fc&#8217;nde teknesiyle a\u00e7\u0131lan Rocky Avery adl\u0131 b\u00f6lge sakini, suyun \u00fczerinde serbest\u00e7e dola\u015fan ve \u00fczerinde yemye\u015fil a\u011fa\u00e7lar\u0131n bulundu\u011fu ilgin\u00e7 bir k\u00fctle g\u00f6r\u00fcnt\u00fcledi. Sosyal medyada payla\u015f\u0131lan bu kay\u0131tlar, hem yerel halk\u0131n hem de g\u00f6ldeki baraj\u0131 i\u015fleten <a href=\"https:\/\/www.trthaber.com\/etiket\/enerji\/\" target=\"_blank\">enerji<\/a> \u015firketinin dikkatini \u00e7ekti.<\/p>\n<h2>&#13;<br \/>\n\tG\u00f6r\u00fcnt\u00fcler <a href=\"https:\/\/www.trthaber.com\/etiket\/yapay-zeka\/\" target=\"_blank\">yapay zeka<\/a> san\u0131ld\u0131, ger\u00e7ek uyduyla kan\u0131tland\u0131<\/h2>\n<p>&#13;<br \/>\n\tG\u00f6r\u00fcnt\u00fclerin internette h\u0131zla yay\u0131lmas\u0131 ilk etapta \u015f\u00fcpheyle kar\u015f\u0131lansa da Avrupa <a href=\"https:\/\/www.trthaber.com\/etiket\/uzay\/\" target=\"_blank\">Uzay<\/a> Ajans\u0131\u2019na ait Sentinel-2 uydusundan al\u0131nan g\u00f6r\u00fcnt\u00fcler y\u00fczen k\u00fctlenin varl\u0131\u011f\u0131n\u0131 kesin olarak do\u011frulad\u0131. Uydudan yap\u0131lan incelemelerde, Temmuz ay\u0131nda W.A.C. Bennett Baraj\u0131\u2019n\u0131n yakla\u015f\u0131k 100 kilometre bat\u0131s\u0131nda ye\u015fil renkli k\u00fc\u00e7\u00fck bir adac\u0131\u011f\u0131n s\u00fcr\u00fcklendi\u011fi net \u015fekilde g\u00f6r\u00fcld\u00fc. Bir s\u00fcre g\u00f6zden kaybolan k\u00fctle, A\u011fustos ay\u0131 sonunda g\u00f6le ba\u011flanan Ospika Nehri yak\u0131nlar\u0131nda tekrar tespit edildi.<\/p>\n<h2>&#13;<br \/>\n\t<a href=\"https:\/\/www.trthaber.com\/etiket\/su\/\" target=\"_blank\">Su<\/a> seviyesindeki rekor art\u0131\u015f k\u0131y\u0131 par\u00e7as\u0131n\u0131 kopard\u0131<\/h2>\n<p>&#13;<br \/>\n\tYap\u0131sal olarak bir adadan ziyade bitki \u00f6rt\u00fcs\u00fcyle kapl\u0131 devasa bir sala benzeyen bu k\u00fctlenin k\u00f6klerinin birbirine kenetlendi\u011fi organik bir tabakadan olu\u015ftu\u011fu d\u00fc\u015f\u00fcn\u00fcl\u00fcyor. Baraj yetkilileri, g\u00f6l\u00fcn 14 y\u0131l aradan sonra ilk kez tam doluluk kapasitesine ula\u015ft\u0131\u011f\u0131na dikkat \u00e7ekerek, y\u00fckselen suyun k\u0131y\u0131da y\u0131llar i\u00e7inde birikmi\u015f korunakl\u0131 bir alan\u0131 gev\u015fetip g\u00f6le ta\u015f\u0131m\u0131\u015f olabilece\u011fini belirtiyor.<\/p>\n<h2>&#13;<br \/>\n\tTekne sahipleri i\u00e7in s\u00fcr\u00fcklenen tehlike<\/h2>\n<p>&#13;<br \/>\n\t\u015eu an i\u00e7in b\u00f6lgedeki hidroelektrik santraline bir risk olu\u015fturmad\u0131\u011f\u0131 bildirilen y\u00fczen ada, d\u00fcnyan\u0131n en b\u00fcy\u00fck yapay g\u00f6llerinden biri olan Williston G\u00f6l\u00fc&#8217;nde s\u00fcr\u00fcklenmeyi s\u00fcrd\u00fcr\u00fcyor. \u0130\u015faretlenmemi\u015f ve s\u00fcrekli yer de\u011fi\u015ftiren bir engel olmas\u0131 sebebiyle, b\u00f6lgedeki bal\u0131k\u00e7\u0131lar ve tekne kullan\u0131c\u0131lar\u0131n\u0131n g\u00f6lde dikkatli seyretmeleri tavsiye ediliyor.<\/p>\n<\/p><\/div>\n","protected":false},"excerpt":{"rendered":"<p>&#13; Kanada\u2019n\u0131n British Columbia b\u00f6lgesindeki dev yapay g\u00f6l Williston G\u00f6l\u00fc&#8217;nde teknesiyle a\u00e7\u0131lan Rocky Avery adl\u0131 b\u00f6lge sakini, suyun \u00fczerinde serbest\u00e7e dola\u015fan ve \u00fczerinde yemye\u015fil a\u011fa\u00e7lar\u0131n bulundu\u011fu ilgin\u00e7 bir k\u00fctle g\u00f6r\u00fcnt\u00fcledi. Sosyal medyada payla\u015f\u0131lan bu kay\u0131tlar, hem yerel halk\u0131n hem de g\u00f6ldeki baraj\u0131 i\u015fleten enerji \u015firketinin dikkatini \u00e7ekti. &#13; G\u00f6r\u00fcnt\u00fcler yapay zeka san\u0131ld\u0131, ger\u00e7ek uyduyla kan\u0131tland\u0131 [&hellip;]<\/p>\n","protected":false},"author":1,"featured_media":45905,"comment_status":"open","ping_status":"open","sticky":false,"template":"","format":"standard","meta":{"jnews-multi-image_gallery":[],"jnews_single_post":[],"jnews_primary_category":[],"jnews_social_meta":[],"jnews_override_counter":[],"footnotes":""},"categories":[2],"tags":[],"class_list":["post-45904","post","type-post","status-publish","format-standard","has-post-thumbnail","hentry","category-dunya"],"yoast_head":"<!-- This site is optimized with the Yoast SEO plugin v28.4 - https:\/\/yoast.com\/product\/yoast-seo-wordpress\/ -->\n<title>Kanadada \u00fczerinde a\u011fa\u00e7lar olan y\u00fczen bir ada ke\u015ffedildi - Kuzeyin Sesi<\/title>\n<meta name=\"robots\" content=\"index, follow, max-snippet:-1, max-image-preview:large, max-video-preview:-1\" \/>\n<link rel=\"canonical\" href=\"https:\/\/kuzeyinsesi.org\/index.php\/2026\/09\/01\/kanadada-uzerinde-agaclar-olan-yuzen-bir-ada-kesfedildi\/\" \/>\n<meta property=\"og:locale\" content=\"tr_TR\" \/>\n<meta property=\"og:type\" content=\"article\" \/>\n<meta property=\"og:title\" content=\"Kanadada \u00fczerinde a\u011fa\u00e7lar olan y\u00fczen bir ada ke\u015ffedildi - Kuzeyin Sesi\" \/>\n<meta property=\"og:description\" content=\"&#013; Kanada\u2019n\u0131n British Columbia b\u00f6lgesindeki dev yapay g\u00f6l Williston G\u00f6l\u00fc&#8217;nde teknesiyle a\u00e7\u0131lan Rocky Avery adl\u0131 b\u00f6lge sakini, suyun \u00fczerinde serbest\u00e7e dola\u015fan ve \u00fczerinde yemye\u015fil a\u011fa\u00e7lar\u0131n bulundu\u011fu ilgin\u00e7 bir k\u00fctle g\u00f6r\u00fcnt\u00fcledi. Sosyal medyada payla\u015f\u0131lan bu kay\u0131tlar, hem yerel halk\u0131n hem de g\u00f6ldeki baraj\u0131 i\u015fleten enerji \u015firketinin dikkatini \u00e7ekti. &#013; G\u00f6r\u00fcnt\u00fcler yapay zeka san\u0131ld\u0131, ger\u00e7ek uyduyla kan\u0131tland\u0131 [&hellip;]\" \/>\n<meta property=\"og:url\" content=\"https:\/\/kuzeyinsesi.org\/index.php\/2026\/09\/01\/kanadada-uzerinde-agaclar-olan-yuzen-bir-ada-kesfedildi\/\" \/>\n<meta property=\"og:site_name\" content=\"Kuzeyin Sesi\" \/>\n<meta property=\"article:publisher\" content=\"https:\/\/www.facebook.com\/kuzeyinsesii\" \/>\n<meta property=\"article:published_time\" content=\"2026-09-01T19:13:04+00:00\" \/>\n<meta property=\"og:image\" content=\"https:\/\/trthaberstatic.cdn.wp.trt.com.tr\/resimler\/2486000\/ada-kanada-2486149.jpg\" \/>\n<meta name=\"author\" content=\"Kuzeyin Sesi\" \/>\n<meta name=\"twitter:card\" content=\"summary_large_image\" \/>\n<meta name=\"twitter:creator\" content=\"@kuzeyinsesii\" \/>\n<meta name=\"twitter:site\" content=\"@kuzeyinsesii\" \/>\n<meta name=\"twitter:label1\" content=\"Yazan:\" \/>\n\t<meta name=\"twitter:data1\" content=\"Kuzeyin Sesi\" \/>\n\t<meta name=\"twitter:label2\" content=\"Tahmini okuma s\u00fcresi\" \/>\n\t<meta name=\"twitter:data2\" content=\"2 dakika\" \/>\n<script type=\"application\/ld+json\" class=\"yoast-schema-graph\">{\"@context\":\"https:\\\/\\\/schema.org\",\"@graph\":[{\"@type\":\"Article\",\"@id\":\"https:\\\/\\\/kuzeyinsesi.org\\\/index.php\\\/2026\\\/09\\\/01\\\/kanadada-uzerinde-agaclar-olan-yuzen-bir-ada-kesfedildi\\\/#article\",\"isPartOf\":{\"@id\":\"https:\\\/\\\/kuzeyinsesi.org\\\/index.php\\\/2026\\\/09\\\/01\\\/kanadada-uzerinde-agaclar-olan-yuzen-bir-ada-kesfedildi\\\/\"},\"author\":{\"name\":\"Kuzeyin Sesi\",\"@id\":\"https:\\\/\\\/kuzeyinsesi.org\\\/#\\\/schema\\\/person\\\/9f859689cdf01485597712386e37f5aa\"},\"headline\":\"Kanadada \u00fczerinde a\u011fa\u00e7lar olan y\u00fczen bir ada ke\u015ffedildi\",\"datePublished\":\"2026-09-01T19:13:04+00:00\",\"mainEntityOfPage\":{\"@id\":\"https:\\\/\\\/kuzeyinsesi.org\\\/index.php\\\/2026\\\/09\\\/01\\\/kanadada-uzerinde-agaclar-olan-yuzen-bir-ada-kesfedildi\\\/\"},\"wordCount\":356,\"commentCount\":0,\"image\":{\"@id\":\"https:\\\/\\\/kuzeyinsesi.org\\\/index.php\\\/2026\\\/09\\\/01\\\/kanadada-uzerinde-agaclar-olan-yuzen-bir-ada-kesfedildi\\\/#primaryimage\"},\"thumbnailUrl\":\"https:\\\/\\\/kuzeyinsesi.org\\\/wp-content\\\/uploads\\\/2026\\\/09\\\/ada-kanada-2486149.jpg\",\"articleSection\":[\"D\u00fcnya\"],\"inLanguage\":\"tr\",\"potentialAction\":[{\"@type\":\"CommentAction\",\"name\":\"Comment\",\"target\":[\"https:\\\/\\\/kuzeyinsesi.org\\\/index.php\\\/2026\\\/09\\\/01\\\/kanadada-uzerinde-agaclar-olan-yuzen-bir-ada-kesfedildi\\\/#respond\"]}]},{\"@type\":\"WebPage\",\"@id\":\"https:\\\/\\\/kuzeyinsesi.org\\\/index.php\\\/2026\\\/09\\\/01\\\/kanadada-uzerinde-agaclar-olan-yuzen-bir-ada-kesfedildi\\\/\",\"url\":\"https:\\\/\\\/kuzeyinsesi.org\\\/index.php\\\/2026\\\/09\\\/01\\\/kanadada-uzerinde-agaclar-olan-yuzen-bir-ada-kesfedildi\\\/\",\"name\":\"Kanadada \u00fczerinde a\u011fa\u00e7lar olan y\u00fczen bir ada ke\u015ffedildi - Kuzeyin Sesi\",\"isPartOf\":{\"@id\":\"https:\\\/\\\/kuzeyinsesi.org\\\/#website\"},\"primaryImageOfPage\":{\"@id\":\"https:\\\/\\\/kuzeyinsesi.org\\\/index.php\\\/2026\\\/09\\\/01\\\/kanadada-uzerinde-agaclar-olan-yuzen-bir-ada-kesfedildi\\\/#primaryimage\"},\"image\":{\"@id\":\"https:\\\/\\\/kuzeyinsesi.org\\\/index.php\\\/2026\\\/09\\\/01\\\/kanadada-uzerinde-agaclar-olan-yuzen-bir-ada-kesfedildi\\\/#primaryimage\"},\"thumbnailUrl\":\"https:\\\/\\\/kuzeyinsesi.org\\\/wp-content\\\/uploads\\\/2026\\\/09\\\/ada-kanada-2486149.jpg\",\"datePublished\":\"2026-09-01T19:13:04+00:00\",\"author\":{\"@id\":\"https:\\\/\\\/kuzeyinsesi.org\\\/#\\\/schema\\\/person\\\/9f859689cdf01485597712386e37f5aa\"},\"breadcrumb\":{\"@id\":\"https:\\\/\\\/kuzeyinsesi.org\\\/index.php\\\/2026\\\/09\\\/01\\\/kanadada-uzerinde-agaclar-olan-yuzen-bir-ada-kesfedildi\\\/#breadcrumb\"},\"inLanguage\":\"tr\",\"potentialAction\":[{\"@type\":\"ReadAction\",\"target\":[\"https:\\\/\\\/kuzeyinsesi.org\\\/index.php\\\/2026\\\/09\\\/01\\\/kanadada-uzerinde-agaclar-olan-yuzen-bir-ada-kesfedildi\\\/\"]}]},{\"@type\":\"ImageObject\",\"inLanguage\":\"tr\",\"@id\":\"https:\\\/\\\/kuzeyinsesi.org\\\/index.php\\\/2026\\\/09\\\/01\\\/kanadada-uzerinde-agaclar-olan-yuzen-bir-ada-kesfedildi\\\/#primaryimage\",\"url\":\"https:\\\/\\\/kuzeyinsesi.org\\\/wp-content\\\/uploads\\\/2026\\\/09\\\/ada-kanada-2486149.jpg\",\"contentUrl\":\"https:\\\/\\\/kuzeyinsesi.org\\\/wp-content\\\/uploads\\\/2026\\\/09\\\/ada-kanada-2486149.jpg\",\"width\":1280,\"height\":720},{\"@type\":\"BreadcrumbList\",\"@id\":\"https:\\\/\\\/kuzeyinsesi.org\\\/index.php\\\/2026\\\/09\\\/01\\\/kanadada-uzerinde-agaclar-olan-yuzen-bir-ada-kesfedildi\\\/#breadcrumb\",\"itemListElement\":[{\"@type\":\"ListItem\",\"position\":1,\"name\":\"Anasayfa\",\"item\":\"https:\\\/\\\/kuzeyinsesi.org\\\/\"},{\"@type\":\"ListItem\",\"position\":2,\"name\":\"Kanadada \u00fczerinde a\u011fa\u00e7lar olan y\u00fczen bir ada ke\u015ffedildi\"}]},{\"@type\":\"WebSite\",\"@id\":\"https:\\\/\\\/kuzeyinsesi.org\\\/#website\",\"url\":\"https:\\\/\\\/kuzeyinsesi.org\\\/\",\"name\":\"Kuzeyin Sesi\",\"description\":\"Do\u011fru Haberin Adresi\",\"potentialAction\":[{\"@type\":\"SearchAction\",\"target\":{\"@type\":\"EntryPoint\",\"urlTemplate\":\"https:\\\/\\\/kuzeyinsesi.org\\\/?s={search_term_string}\"},\"query-input\":{\"@type\":\"PropertyValueSpecification\",\"valueRequired\":true,\"valueName\":\"search_term_string\"}}],\"inLanguage\":\"tr\"},{\"@type\":\"Person\",\"@id\":\"https:\\\/\\\/kuzeyinsesi.org\\\/#\\\/schema\\\/person\\\/9f859689cdf01485597712386e37f5aa\",\"name\":\"Kuzeyin Sesi\",\"image\":{\"@type\":\"ImageObject\",\"inLanguage\":\"tr\",\"@id\":\"https:\\\/\\\/secure.gravatar.com\\\/avatar\\\/bab33852abfd8b282518d6ed81826833d77c3c882d9ab608add591ccace47a44?s=96&d=mm&r=g\",\"url\":\"https:\\\/\\\/secure.gravatar.com\\\/avatar\\\/bab33852abfd8b282518d6ed81826833d77c3c882d9ab608add591ccace47a44?s=96&d=mm&r=g\",\"contentUrl\":\"https:\\\/\\\/secure.gravatar.com\\\/avatar\\\/bab33852abfd8b282518d6ed81826833d77c3c882d9ab608add591ccace47a44?s=96&d=mm&r=g\",\"caption\":\"Kuzeyin Sesi\"},\"sameAs\":[\"https:\\\/\\\/kuzeyinsesi.org\"],\"url\":\"https:\\\/\\\/kuzeyinsesi.org\\\/index.php\\\/author\\\/guven\\\/\"}]}<\/script>\n<!-- \/ Yoast SEO plugin. -->","yoast_head_json":{"title":"Kanadada \u00fczerinde a\u011fa\u00e7lar olan y\u00fczen bir ada ke\u015ffedildi - Kuzeyin Sesi","robots":{"index":"index","follow":"follow","max-snippet":"max-snippet:-1","max-image-preview":"max-image-preview:large","max-video-preview":"max-video-preview:-1"},"canonical":"https:\/\/kuzeyinsesi.org\/index.php\/2026\/09\/01\/kanadada-uzerinde-agaclar-olan-yuzen-bir-ada-kesfedildi\/","og_locale":"tr_TR","og_type":"article","og_title":"Kanadada \u00fczerinde a\u011fa\u00e7lar olan y\u00fczen bir ada ke\u015ffedildi - Kuzeyin Sesi","og_description":"&#13; Kanada\u2019n\u0131n British Columbia b\u00f6lgesindeki dev yapay g\u00f6l Williston G\u00f6l\u00fc&#8217;nde teknesiyle a\u00e7\u0131lan Rocky Avery adl\u0131 b\u00f6lge sakini, suyun \u00fczerinde serbest\u00e7e dola\u015fan ve \u00fczerinde yemye\u015fil a\u011fa\u00e7lar\u0131n bulundu\u011fu ilgin\u00e7 bir k\u00fctle g\u00f6r\u00fcnt\u00fcledi. Sosyal medyada payla\u015f\u0131lan bu kay\u0131tlar, hem yerel halk\u0131n hem de g\u00f6ldeki baraj\u0131 i\u015fleten enerji \u015firketinin dikkatini \u00e7ekti. &#13; G\u00f6r\u00fcnt\u00fcler yapay zeka san\u0131ld\u0131, ger\u00e7ek uyduyla kan\u0131tland\u0131 [&hellip;]","og_url":"https:\/\/kuzeyinsesi.org\/index.php\/2026\/09\/01\/kanadada-uzerinde-agaclar-olan-yuzen-bir-ada-kesfedildi\/","og_site_name":"Kuzeyin Sesi","article_publisher":"https:\/\/www.facebook.com\/kuzeyinsesii","article_published_time":"2026-09-01T19:13:04+00:00","og_image":[{"url":"https:\/\/trthaberstatic.cdn.wp.trt.com.tr\/resimler\/2486000\/ada-kanada-2486149.jpg","type":"","width":"","height":""}],"author":"Kuzeyin Sesi","twitter_card":"summary_large_image","twitter_creator":"@kuzeyinsesii","twitter_site":"@kuzeyinsesii","twitter_misc":{"Yazan:":"Kuzeyin Sesi","Tahmini okuma s\u00fcresi":"2 dakika"},"schema":{"@context":"https:\/\/schema.org","@graph":[{"@type":"Article","@id":"https:\/\/kuzeyinsesi.org\/index.php\/2026\/09\/01\/kanadada-uzerinde-agaclar-olan-yuzen-bir-ada-kesfedildi\/#article","isPartOf":{"@id":"https:\/\/kuzeyinsesi.org\/index.php\/2026\/09\/01\/kanadada-uzerinde-agaclar-olan-yuzen-bir-ada-kesfedildi\/"},"author":{"name":"Kuzeyin Sesi","@id":"https:\/\/kuzeyinsesi.org\/#\/schema\/person\/9f859689cdf01485597712386e37f5aa"},"headline":"Kanadada \u00fczerinde a\u011fa\u00e7lar olan y\u00fczen bir ada ke\u015ffedildi","datePublished":"2026-09-01T19:13:04+00:00","mainEntityOfPage":{"@id":"https:\/\/kuzeyinsesi.org\/index.php\/2026\/09\/01\/kanadada-uzerinde-agaclar-olan-yuzen-bir-ada-kesfedildi\/"},"wordCount":356,"commentCount":0,"image":{"@id":"https:\/\/kuzeyinsesi.org\/index.php\/2026\/09\/01\/kanadada-uzerinde-agaclar-olan-yuzen-bir-ada-kesfedildi\/#primaryimage"},"thumbnailUrl":"https:\/\/kuzeyinsesi.org\/wp-content\/uploads\/2026\/09\/ada-kanada-2486149.jpg","articleSection":["D\u00fcnya"],"inLanguage":"tr","potentialAction":[{"@type":"CommentAction","name":"Comment","target":["https:\/\/kuzeyinsesi.org\/index.php\/2026\/09\/01\/kanadada-uzerinde-agaclar-olan-yuzen-bir-ada-kesfedildi\/#respond"]}]},{"@type":"WebPage","@id":"https:\/\/kuzeyinsesi.org\/index.php\/2026\/09\/01\/kanadada-uzerinde-agaclar-olan-yuzen-bir-ada-kesfedildi\/","url":"https:\/\/kuzeyinsesi.org\/index.php\/2026\/09\/01\/kanadada-uzerinde-agaclar-olan-yuzen-bir-ada-kesfedildi\/","name":"Kanadada \u00fczerinde a\u011fa\u00e7lar olan y\u00fczen bir ada ke\u015ffedildi - Kuzeyin Sesi","isPartOf":{"@id":"https:\/\/kuzeyinsesi.org\/#website"},"primaryImageOfPage":{"@id":"https:\/\/kuzeyinsesi.org\/index.php\/2026\/09\/01\/kanadada-uzerinde-agaclar-olan-yuzen-bir-ada-kesfedildi\/#primaryimage"},"image":{"@id":"https:\/\/kuzeyinsesi.org\/index.php\/2026\/09\/01\/kanadada-uzerinde-agaclar-olan-yuzen-bir-ada-kesfedildi\/#primaryimage"},"thumbnailUrl":"https:\/\/kuzeyinsesi.org\/wp-content\/uploads\/2026\/09\/ada-kanada-2486149.jpg","datePublished":"2026-09-01T19:13:04+00:00","author":{"@id":"https:\/\/kuzeyinsesi.org\/#\/schema\/person\/9f859689cdf01485597712386e37f5aa"},"breadcrumb":{"@id":"https:\/\/kuzeyinsesi.org\/index.php\/2026\/09\/01\/kanadada-uzerinde-agaclar-olan-yuzen-bir-ada-kesfedildi\/#breadcrumb"},"inLanguage":"tr","potentialAction":[{"@type":"ReadAction","target":["https:\/\/kuzeyinsesi.org\/index.php\/2026\/09\/01\/kanadada-uzerinde-agaclar-olan-yuzen-bir-ada-kesfedildi\/"]}]},{"@type":"ImageObject","inLanguage":"tr","@id":"https:\/\/kuzeyinsesi.org\/index.php\/2026\/09\/01\/kanadada-uzerinde-agaclar-olan-yuzen-bir-ada-kesfedildi\/#primaryimage","url":"https:\/\/kuzeyinsesi.org\/wp-content\/uploads\/2026\/09\/ada-kanada-2486149.jpg","contentUrl":"https:\/\/kuzeyinsesi.org\/wp-content\/uploads\/2026\/09\/ada-kanada-2486149.jpg","width":1280,"height":720},{"@type":"BreadcrumbList","@id":"https:\/\/kuzeyinsesi.org\/index.php\/2026\/09\/01\/kanadada-uzerinde-agaclar-olan-yuzen-bir-ada-kesfedildi\/#breadcrumb","itemListElement":[{"@type":"ListItem","position":1,"name":"Anasayfa","item":"https:\/\/kuzeyinsesi.org\/"},{"@type":"ListItem","position":2,"name":"Kanadada \u00fczerinde a\u011fa\u00e7lar olan y\u00fczen bir ada ke\u015ffedildi"}]},{"@type":"WebSite","@id":"https:\/\/kuzeyinsesi.org\/#website","url":"https:\/\/kuzeyinsesi.org\/","name":"Kuzeyin Sesi","description":"Do\u011fru Haberin Adresi","potentialAction":[{"@type":"SearchAction","target":{"@type":"EntryPoint","urlTemplate":"https:\/\/kuzeyinsesi.org\/?s={search_term_string}"},"query-input":{"@type":"PropertyValueSpecification","valueRequired":true,"valueName":"search_term_string"}}],"inLanguage":"tr"},{"@type":"Person","@id":"https:\/\/kuzeyinsesi.org\/#\/schema\/person\/9f859689cdf01485597712386e37f5aa","name":"Kuzeyin Sesi","image":{"@type":"ImageObject","inLanguage":"tr","@id":"https:\/\/secure.gravatar.com\/avatar\/bab33852abfd8b282518d6ed81826833d77c3c882d9ab608add591ccace47a44?s=96&d=mm&r=g","url":"https:\/\/secure.gravatar.com\/avatar\/bab33852abfd8b282518d6ed81826833d77c3c882d9ab608add591ccace47a44?s=96&d=mm&r=g","contentUrl":"https:\/\/secure.gravatar.com\/avatar\/bab33852abfd8b282518d6ed81826833d77c3c882d9ab608add591ccace47a44?s=96&d=mm&r=g","caption":"Kuzeyin Sesi"},"sameAs":["https:\/\/kuzeyinsesi.org"],"url":"https:\/\/kuzeyinsesi.org\/index.php\/author\/guven\/"}]}},"_links":{"self":[{"href":"https:\/\/kuzeyinsesi.org\/index.php\/wp-json\/wp\/v2\/posts\/45904","targetHints":{"allow":["GET"]}}],"collection":[{"href":"https:\/\/kuzeyinsesi.org\/index.php\/wp-json\/wp\/v2\/posts"}],"about":[{"href":"https:\/\/kuzeyinsesi.org\/index.php\/wp-json\/wp\/v2\/types\/post"}],"author":[{"embeddable":true,"href":"https:\/\/kuzeyinsesi.org\/index.php\/wp-json\/wp\/v2\/users\/1"}],"replies":[{"embeddable":true,"href":"https:\/\/kuzeyinsesi.org\/index.php\/wp-json\/wp\/v2\/comments?post=45904"}],"version-history":[{"count":0,"href":"https:\/\/kuzeyinsesi.org\/index.php\/wp-json\/wp\/v2\/posts\/45904\/revisions"}],"wp:featuredmedia":[{"embeddable":true,"href":"https:\/\/kuzeyinsesi.org\/index.php\/wp-json\/wp\/v2\/media\/45905"}],"wp:attachment":[{"href":"https:\/\/kuzeyinsesi.org\/index.php\/wp-json\/wp\/v2\/media?parent=45904"}],"wp:term":[{"taxonomy":"category","embeddable":true,"href":"https:\/\/kuzeyinsesi.org\/index.php\/wp-json\/wp\/v2\/categories?post=45904"},{"taxonomy":"post_tag","embeddable":true,"href":"https:\/\/kuzeyinsesi.org\/index.php\/wp-json\/wp\/v2\/tags?post=45904"}],"curies":[{"name":"wp","href":"https:\/\/api.w.org\/{rel}","templated":true}]}}