{"id":45891,"date":"2026-09-01T18:36:03","date_gmt":"2026-09-01T15:36:03","guid":{"rendered":"https:\/\/kuzeyinsesi.org\/index.php\/2026\/09\/01\/eski-ingiltere-basbakani-starmer-milletvekilliginden-de-istifa-etti\/"},"modified":"2026-09-01T18:36:03","modified_gmt":"2026-09-01T15:36:03","slug":"eski-ingiltere-basbakani-starmer-milletvekilliginden-de-istifa-etti","status":"publish","type":"post","link":"https:\/\/kuzeyinsesi.org\/index.php\/2026\/09\/01\/eski-ingiltere-basbakani-starmer-milletvekilliginden-de-istifa-etti\/","title":{"rendered":"Eski \u0130ngiltere Ba\u015fbakan\u0131 Starmer milletvekilli\u011finden de istifa etti"},"content":{"rendered":"<p><\/p>\n<div>\n<p>&#13;<br \/>\n\tEski Ba\u015fbakan Starmer, <a href=\"https:\/\/www.trthaber.com\/etiket\/abd\/\" target=\"_blank\">ABD<\/a> merkezli X \u015firketinin sosyal <a href=\"https:\/\/www.trthaber.com\/etiket\/medya\/\" target=\"_blank\">medya<\/a> platformundaki hesab\u0131ndan yapt\u0131\u011f\u0131 payla\u015f\u0131mda, bug\u00fcn itibar\u0131yla \u0130ngiltere Londra&#8217;n\u0131n Holborn and St Pancras b\u00f6lgesi milletvekilli\u011finden istifa etti\u011fini a\u00e7\u0131klad\u0131.<\/p>\n<p>&#13;<br \/>\n\tMilletvekilli\u011fini 11 y\u0131l\u0131n ard\u0131ndan b\u0131rakarak uluslararas\u0131 ili\u015fkiler ve savunma ile kad\u0131nlara ve \u00e7ocuklara kar\u015f\u0131 \u015fiddet konular\u0131na odaklanaca\u011f\u0131n\u0131 belirten Starmer, b\u00f6lgenin yerel sorunlar\u0131 i\u00e7in bug\u00fcne kadar yapt\u0131klar\u0131 kar\u015f\u0131s\u0131nda gurur duydu\u011funu ifade etti.<\/p>\n<p>&#13;<br \/>\n\tStarmer, partisinin ve g\u00f6n\u00fcll\u00fclerin ba\u015fbakanl\u0131\u011fa kadar her a\u015famada arkas\u0131nda durdu\u011funu, kendisinin yerine se\u00e7ilmek i\u00e7in yar\u0131\u015facak <a href=\"https:\/\/www.trthaber.com\/etiket\/isci\/\" target=\"_blank\">\u0130\u015f\u00e7i<\/a> Partisi aday\u0131na da tam destek verece\u011fini vurgulad\u0131.<\/p>\n<h2>&#13;<br \/>\n\tG\u00f6revi b\u0131rakmas\u0131 istenmi\u015fti<\/h2>\n<p>&#13;<br \/>\n\tEkonomi politikalar\u0131, Jeffrey Epstein ba\u011flant\u0131l\u0131 Peter Mandelson&#8217;u Washington B\u00fcy\u00fckel\u00e7isi atamas\u0131 ve may\u0131staki yerel <a href=\"https:\/\/www.trthaber.com\/etiket\/secim\/\" target=\"_blank\">se\u00e7im<\/a> ma\u011flubiyeti nedeniyle b\u00fcy\u00fck ele\u015ftiriler alan ve g\u00f6revi b\u0131rakmaya \u00e7a\u011fr\u0131lan Starmer, haziran ay\u0131nda \u0130\u015f\u00e7i Partisi liderli\u011finden ayr\u0131ld\u0131\u011f\u0131n\u0131 ve yeni lider se\u00e7ilene kadar ba\u015fbakanl\u0131k g\u00f6revini s\u00fcrd\u00fcrece\u011fini a\u00e7\u0131klam\u0131\u015ft\u0131.<\/p>\n<p>&#13;<br \/>\n\t\u0130\u015f\u00e7i Partisi, 17 Temmuz&#8217;da se\u00e7ime tek aday olarak giren Makerfield Milletvekili ve eski Manchester Belediye Ba\u015fkan\u0131 Andy Burnham&#8217;\u0131n yeni lider oldu\u011funu duyurmu\u015ftu.<\/p>\n<p>&#13;<br \/>\n\tStarmer, 20 Temmuz&#8217;da ba\u015fbakanl\u0131ktan istifa etmi\u015f, <a href=\"https:\/\/www.trthaber.com\/etiket\/ingiltere\/\" target=\"_blank\">\u0130ngiltere<\/a> Kral\u0131 3. Charles da ayn\u0131 g\u00fcn h\u00fck\u00fcmeti kurma yetkisi ve ba\u015fbakanl\u0131\u011f\u0131 Burnham&#8217;a vermi\u015fti.<\/p>\n<\/p><\/div>\n","protected":false},"excerpt":{"rendered":"<p>&#13; Eski Ba\u015fbakan Starmer, ABD merkezli X \u015firketinin sosyal medya platformundaki hesab\u0131ndan yapt\u0131\u011f\u0131 payla\u015f\u0131mda, bug\u00fcn itibar\u0131yla \u0130ngiltere Londra&#8217;n\u0131n Holborn and St Pancras b\u00f6lgesi milletvekilli\u011finden istifa etti\u011fini a\u00e7\u0131klad\u0131. &#13; Milletvekilli\u011fini 11 y\u0131l\u0131n ard\u0131ndan b\u0131rakarak uluslararas\u0131 ili\u015fkiler ve savunma ile kad\u0131nlara ve \u00e7ocuklara kar\u015f\u0131 \u015fiddet konular\u0131na odaklanaca\u011f\u0131n\u0131 belirten Starmer, b\u00f6lgenin yerel sorunlar\u0131 i\u00e7in bug\u00fcne kadar yapt\u0131klar\u0131 kar\u015f\u0131s\u0131nda [&hellip;]<\/p>\n","protected":false},"author":1,"featured_media":43727,"comment_status":"open","ping_status":"open","sticky":false,"template":"","format":"standard","meta":{"jnews-multi-image_gallery":[],"jnews_single_post":[],"jnews_primary_category":[],"jnews_social_meta":[],"jnews_override_counter":[],"footnotes":""},"categories":[2],"tags":[],"class_list":["post-45891","post","type-post","status-publish","format-standard","has-post-thumbnail","hentry","category-dunya"],"yoast_head":"<!-- This site is optimized with the Yoast SEO plugin v28.3 - https:\/\/yoast.com\/product\/yoast-seo-wordpress\/ -->\n<title>Eski \u0130ngiltere Ba\u015fbakan\u0131 Starmer milletvekilli\u011finden de istifa etti - Kuzeyin Sesi<\/title>\n<meta name=\"robots\" content=\"index, follow, max-snippet:-1, max-image-preview:large, max-video-preview:-1\" \/>\n<link rel=\"canonical\" href=\"https:\/\/kuzeyinsesi.org\/index.php\/2026\/09\/01\/eski-ingiltere-basbakani-starmer-milletvekilliginden-de-istifa-etti\/\" \/>\n<meta property=\"og:locale\" content=\"tr_TR\" \/>\n<meta property=\"og:type\" content=\"article\" \/>\n<meta property=\"og:title\" content=\"Eski \u0130ngiltere Ba\u015fbakan\u0131 Starmer milletvekilli\u011finden de istifa etti - Kuzeyin Sesi\" \/>\n<meta property=\"og:description\" content=\"&#013; Eski Ba\u015fbakan Starmer, ABD merkezli X \u015firketinin sosyal medya platformundaki hesab\u0131ndan yapt\u0131\u011f\u0131 payla\u015f\u0131mda, bug\u00fcn itibar\u0131yla \u0130ngiltere Londra&#8217;n\u0131n Holborn and St Pancras b\u00f6lgesi milletvekilli\u011finden istifa etti\u011fini a\u00e7\u0131klad\u0131. &#013; Milletvekilli\u011fini 11 y\u0131l\u0131n ard\u0131ndan b\u0131rakarak uluslararas\u0131 ili\u015fkiler ve savunma ile kad\u0131nlara ve \u00e7ocuklara kar\u015f\u0131 \u015fiddet konular\u0131na odaklanaca\u011f\u0131n\u0131 belirten Starmer, b\u00f6lgenin yerel sorunlar\u0131 i\u00e7in bug\u00fcne kadar yapt\u0131klar\u0131 kar\u015f\u0131s\u0131nda [&hellip;]\" \/>\n<meta property=\"og:url\" content=\"https:\/\/kuzeyinsesi.org\/index.php\/2026\/09\/01\/eski-ingiltere-basbakani-starmer-milletvekilliginden-de-istifa-etti\/\" \/>\n<meta property=\"og:site_name\" content=\"Kuzeyin Sesi\" \/>\n<meta property=\"article:publisher\" content=\"https:\/\/www.facebook.com\/kuzeyinsesii\" \/>\n<meta property=\"article:published_time\" content=\"2026-09-01T15:36:03+00:00\" \/>\n<meta property=\"og:image\" content=\"https:\/\/trthaberstatic.cdn.wp.trt.com.tr\/resimler\/2470000\/keir-starmer-2470574.jpg\" \/>\n<meta name=\"author\" content=\"Kuzeyin Sesi\" \/>\n<meta name=\"twitter:card\" content=\"summary_large_image\" \/>\n<meta name=\"twitter:creator\" content=\"@kuzeyinsesii\" \/>\n<meta name=\"twitter:site\" content=\"@kuzeyinsesii\" \/>\n<meta name=\"twitter:label1\" content=\"Yazan:\" \/>\n\t<meta name=\"twitter:data1\" content=\"Kuzeyin Sesi\" \/>\n\t<meta name=\"twitter:label2\" content=\"Tahmini okuma s\u00fcresi\" \/>\n\t<meta name=\"twitter:data2\" content=\"1 dakika\" \/>\n<script type=\"application\/ld+json\" class=\"yoast-schema-graph\">{\"@context\":\"https:\\\/\\\/schema.org\",\"@graph\":[{\"@type\":\"Article\",\"@id\":\"https:\\\/\\\/kuzeyinsesi.org\\\/index.php\\\/2026\\\/09\\\/01\\\/eski-ingiltere-basbakani-starmer-milletvekilliginden-de-istifa-etti\\\/#article\",\"isPartOf\":{\"@id\":\"https:\\\/\\\/kuzeyinsesi.org\\\/index.php\\\/2026\\\/09\\\/01\\\/eski-ingiltere-basbakani-starmer-milletvekilliginden-de-istifa-etti\\\/\"},\"author\":{\"name\":\"Kuzeyin Sesi\",\"@id\":\"https:\\\/\\\/kuzeyinsesi.org\\\/#\\\/schema\\\/person\\\/9f859689cdf01485597712386e37f5aa\"},\"headline\":\"Eski \u0130ngiltere Ba\u015fbakan\u0131 Starmer milletvekilli\u011finden de istifa etti\",\"datePublished\":\"2026-09-01T15:36:03+00:00\",\"mainEntityOfPage\":{\"@id\":\"https:\\\/\\\/kuzeyinsesi.org\\\/index.php\\\/2026\\\/09\\\/01\\\/eski-ingiltere-basbakani-starmer-milletvekilliginden-de-istifa-etti\\\/\"},\"wordCount\":257,\"commentCount\":0,\"image\":{\"@id\":\"https:\\\/\\\/kuzeyinsesi.org\\\/index.php\\\/2026\\\/09\\\/01\\\/eski-ingiltere-basbakani-starmer-milletvekilliginden-de-istifa-etti\\\/#primaryimage\"},\"thumbnailUrl\":\"https:\\\/\\\/kuzeyinsesi.org\\\/wp-content\\\/uploads\\\/2026\\\/07\\\/keir-starmer-2470574.jpg\",\"articleSection\":[\"D\u00fcnya\"],\"inLanguage\":\"tr\",\"potentialAction\":[{\"@type\":\"CommentAction\",\"name\":\"Comment\",\"target\":[\"https:\\\/\\\/kuzeyinsesi.org\\\/index.php\\\/2026\\\/09\\\/01\\\/eski-ingiltere-basbakani-starmer-milletvekilliginden-de-istifa-etti\\\/#respond\"]}]},{\"@type\":\"WebPage\",\"@id\":\"https:\\\/\\\/kuzeyinsesi.org\\\/index.php\\\/2026\\\/09\\\/01\\\/eski-ingiltere-basbakani-starmer-milletvekilliginden-de-istifa-etti\\\/\",\"url\":\"https:\\\/\\\/kuzeyinsesi.org\\\/index.php\\\/2026\\\/09\\\/01\\\/eski-ingiltere-basbakani-starmer-milletvekilliginden-de-istifa-etti\\\/\",\"name\":\"Eski \u0130ngiltere Ba\u015fbakan\u0131 Starmer milletvekilli\u011finden de istifa etti - Kuzeyin Sesi\",\"isPartOf\":{\"@id\":\"https:\\\/\\\/kuzeyinsesi.org\\\/#website\"},\"primaryImageOfPage\":{\"@id\":\"https:\\\/\\\/kuzeyinsesi.org\\\/index.php\\\/2026\\\/09\\\/01\\\/eski-ingiltere-basbakani-starmer-milletvekilliginden-de-istifa-etti\\\/#primaryimage\"},\"image\":{\"@id\":\"https:\\\/\\\/kuzeyinsesi.org\\\/index.php\\\/2026\\\/09\\\/01\\\/eski-ingiltere-basbakani-starmer-milletvekilliginden-de-istifa-etti\\\/#primaryimage\"},\"thumbnailUrl\":\"https:\\\/\\\/kuzeyinsesi.org\\\/wp-content\\\/uploads\\\/2026\\\/07\\\/keir-starmer-2470574.jpg\",\"datePublished\":\"2026-09-01T15:36:03+00:00\",\"author\":{\"@id\":\"https:\\\/\\\/kuzeyinsesi.org\\\/#\\\/schema\\\/person\\\/9f859689cdf01485597712386e37f5aa\"},\"breadcrumb\":{\"@id\":\"https:\\\/\\\/kuzeyinsesi.org\\\/index.php\\\/2026\\\/09\\\/01\\\/eski-ingiltere-basbakani-starmer-milletvekilliginden-de-istifa-etti\\\/#breadcrumb\"},\"inLanguage\":\"tr\",\"potentialAction\":[{\"@type\":\"ReadAction\",\"target\":[\"https:\\\/\\\/kuzeyinsesi.org\\\/index.php\\\/2026\\\/09\\\/01\\\/eski-ingiltere-basbakani-starmer-milletvekilliginden-de-istifa-etti\\\/\"]}]},{\"@type\":\"ImageObject\",\"inLanguage\":\"tr\",\"@id\":\"https:\\\/\\\/kuzeyinsesi.org\\\/index.php\\\/2026\\\/09\\\/01\\\/eski-ingiltere-basbakani-starmer-milletvekilliginden-de-istifa-etti\\\/#primaryimage\",\"url\":\"https:\\\/\\\/kuzeyinsesi.org\\\/wp-content\\\/uploads\\\/2026\\\/07\\\/keir-starmer-2470574.jpg\",\"contentUrl\":\"https:\\\/\\\/kuzeyinsesi.org\\\/wp-content\\\/uploads\\\/2026\\\/07\\\/keir-starmer-2470574.jpg\",\"width\":1280,\"height\":720},{\"@type\":\"BreadcrumbList\",\"@id\":\"https:\\\/\\\/kuzeyinsesi.org\\\/index.php\\\/2026\\\/09\\\/01\\\/eski-ingiltere-basbakani-starmer-milletvekilliginden-de-istifa-etti\\\/#breadcrumb\",\"itemListElement\":[{\"@type\":\"ListItem\",\"position\":1,\"name\":\"Anasayfa\",\"item\":\"https:\\\/\\\/kuzeyinsesi.org\\\/\"},{\"@type\":\"ListItem\",\"position\":2,\"name\":\"Eski \u0130ngiltere Ba\u015fbakan\u0131 Starmer milletvekilli\u011finden de istifa etti\"}]},{\"@type\":\"WebSite\",\"@id\":\"https:\\\/\\\/kuzeyinsesi.org\\\/#website\",\"url\":\"https:\\\/\\\/kuzeyinsesi.org\\\/\",\"name\":\"Kuzeyin Sesi\",\"description\":\"Do\u011fru Haberin Adresi\",\"potentialAction\":[{\"@type\":\"SearchAction\",\"target\":{\"@type\":\"EntryPoint\",\"urlTemplate\":\"https:\\\/\\\/kuzeyinsesi.org\\\/?s={search_term_string}\"},\"query-input\":{\"@type\":\"PropertyValueSpecification\",\"valueRequired\":true,\"valueName\":\"search_term_string\"}}],\"inLanguage\":\"tr\"},{\"@type\":\"Person\",\"@id\":\"https:\\\/\\\/kuzeyinsesi.org\\\/#\\\/schema\\\/person\\\/9f859689cdf01485597712386e37f5aa\",\"name\":\"Kuzeyin Sesi\",\"image\":{\"@type\":\"ImageObject\",\"inLanguage\":\"tr\",\"@id\":\"https:\\\/\\\/secure.gravatar.com\\\/avatar\\\/bab33852abfd8b282518d6ed81826833d77c3c882d9ab608add591ccace47a44?s=96&d=mm&r=g\",\"url\":\"https:\\\/\\\/secure.gravatar.com\\\/avatar\\\/bab33852abfd8b282518d6ed81826833d77c3c882d9ab608add591ccace47a44?s=96&d=mm&r=g\",\"contentUrl\":\"https:\\\/\\\/secure.gravatar.com\\\/avatar\\\/bab33852abfd8b282518d6ed81826833d77c3c882d9ab608add591ccace47a44?s=96&d=mm&r=g\",\"caption\":\"Kuzeyin Sesi\"},\"sameAs\":[\"https:\\\/\\\/kuzeyinsesi.org\"],\"url\":\"https:\\\/\\\/kuzeyinsesi.org\\\/index.php\\\/author\\\/guven\\\/\"}]}<\/script>\n<!-- \/ Yoast SEO plugin. -->","yoast_head_json":{"title":"Eski \u0130ngiltere Ba\u015fbakan\u0131 Starmer milletvekilli\u011finden de istifa etti - Kuzeyin Sesi","robots":{"index":"index","follow":"follow","max-snippet":"max-snippet:-1","max-image-preview":"max-image-preview:large","max-video-preview":"max-video-preview:-1"},"canonical":"https:\/\/kuzeyinsesi.org\/index.php\/2026\/09\/01\/eski-ingiltere-basbakani-starmer-milletvekilliginden-de-istifa-etti\/","og_locale":"tr_TR","og_type":"article","og_title":"Eski \u0130ngiltere Ba\u015fbakan\u0131 Starmer milletvekilli\u011finden de istifa etti - Kuzeyin Sesi","og_description":"&#13; Eski Ba\u015fbakan Starmer, ABD merkezli X \u015firketinin sosyal medya platformundaki hesab\u0131ndan yapt\u0131\u011f\u0131 payla\u015f\u0131mda, bug\u00fcn itibar\u0131yla \u0130ngiltere Londra&#8217;n\u0131n Holborn and St Pancras b\u00f6lgesi milletvekilli\u011finden istifa etti\u011fini a\u00e7\u0131klad\u0131. &#13; Milletvekilli\u011fini 11 y\u0131l\u0131n ard\u0131ndan b\u0131rakarak uluslararas\u0131 ili\u015fkiler ve savunma ile kad\u0131nlara ve \u00e7ocuklara kar\u015f\u0131 \u015fiddet konular\u0131na odaklanaca\u011f\u0131n\u0131 belirten Starmer, b\u00f6lgenin yerel sorunlar\u0131 i\u00e7in bug\u00fcne kadar yapt\u0131klar\u0131 kar\u015f\u0131s\u0131nda [&hellip;]","og_url":"https:\/\/kuzeyinsesi.org\/index.php\/2026\/09\/01\/eski-ingiltere-basbakani-starmer-milletvekilliginden-de-istifa-etti\/","og_site_name":"Kuzeyin Sesi","article_publisher":"https:\/\/www.facebook.com\/kuzeyinsesii","article_published_time":"2026-09-01T15:36:03+00:00","og_image":[{"url":"https:\/\/trthaberstatic.cdn.wp.trt.com.tr\/resimler\/2470000\/keir-starmer-2470574.jpg","type":"","width":"","height":""}],"author":"Kuzeyin Sesi","twitter_card":"summary_large_image","twitter_creator":"@kuzeyinsesii","twitter_site":"@kuzeyinsesii","twitter_misc":{"Yazan:":"Kuzeyin Sesi","Tahmini okuma s\u00fcresi":"1 dakika"},"schema":{"@context":"https:\/\/schema.org","@graph":[{"@type":"Article","@id":"https:\/\/kuzeyinsesi.org\/index.php\/2026\/09\/01\/eski-ingiltere-basbakani-starmer-milletvekilliginden-de-istifa-etti\/#article","isPartOf":{"@id":"https:\/\/kuzeyinsesi.org\/index.php\/2026\/09\/01\/eski-ingiltere-basbakani-starmer-milletvekilliginden-de-istifa-etti\/"},"author":{"name":"Kuzeyin Sesi","@id":"https:\/\/kuzeyinsesi.org\/#\/schema\/person\/9f859689cdf01485597712386e37f5aa"},"headline":"Eski \u0130ngiltere Ba\u015fbakan\u0131 Starmer milletvekilli\u011finden de istifa etti","datePublished":"2026-09-01T15:36:03+00:00","mainEntityOfPage":{"@id":"https:\/\/kuzeyinsesi.org\/index.php\/2026\/09\/01\/eski-ingiltere-basbakani-starmer-milletvekilliginden-de-istifa-etti\/"},"wordCount":257,"commentCount":0,"image":{"@id":"https:\/\/kuzeyinsesi.org\/index.php\/2026\/09\/01\/eski-ingiltere-basbakani-starmer-milletvekilliginden-de-istifa-etti\/#primaryimage"},"thumbnailUrl":"https:\/\/kuzeyinsesi.org\/wp-content\/uploads\/2026\/07\/keir-starmer-2470574.jpg","articleSection":["D\u00fcnya"],"inLanguage":"tr","potentialAction":[{"@type":"CommentAction","name":"Comment","target":["https:\/\/kuzeyinsesi.org\/index.php\/2026\/09\/01\/eski-ingiltere-basbakani-starmer-milletvekilliginden-de-istifa-etti\/#respond"]}]},{"@type":"WebPage","@id":"https:\/\/kuzeyinsesi.org\/index.php\/2026\/09\/01\/eski-ingiltere-basbakani-starmer-milletvekilliginden-de-istifa-etti\/","url":"https:\/\/kuzeyinsesi.org\/index.php\/2026\/09\/01\/eski-ingiltere-basbakani-starmer-milletvekilliginden-de-istifa-etti\/","name":"Eski \u0130ngiltere Ba\u015fbakan\u0131 Starmer milletvekilli\u011finden de istifa etti - Kuzeyin Sesi","isPartOf":{"@id":"https:\/\/kuzeyinsesi.org\/#website"},"primaryImageOfPage":{"@id":"https:\/\/kuzeyinsesi.org\/index.php\/2026\/09\/01\/eski-ingiltere-basbakani-starmer-milletvekilliginden-de-istifa-etti\/#primaryimage"},"image":{"@id":"https:\/\/kuzeyinsesi.org\/index.php\/2026\/09\/01\/eski-ingiltere-basbakani-starmer-milletvekilliginden-de-istifa-etti\/#primaryimage"},"thumbnailUrl":"https:\/\/kuzeyinsesi.org\/wp-content\/uploads\/2026\/07\/keir-starmer-2470574.jpg","datePublished":"2026-09-01T15:36:03+00:00","author":{"@id":"https:\/\/kuzeyinsesi.org\/#\/schema\/person\/9f859689cdf01485597712386e37f5aa"},"breadcrumb":{"@id":"https:\/\/kuzeyinsesi.org\/index.php\/2026\/09\/01\/eski-ingiltere-basbakani-starmer-milletvekilliginden-de-istifa-etti\/#breadcrumb"},"inLanguage":"tr","potentialAction":[{"@type":"ReadAction","target":["https:\/\/kuzeyinsesi.org\/index.php\/2026\/09\/01\/eski-ingiltere-basbakani-starmer-milletvekilliginden-de-istifa-etti\/"]}]},{"@type":"ImageObject","inLanguage":"tr","@id":"https:\/\/kuzeyinsesi.org\/index.php\/2026\/09\/01\/eski-ingiltere-basbakani-starmer-milletvekilliginden-de-istifa-etti\/#primaryimage","url":"https:\/\/kuzeyinsesi.org\/wp-content\/uploads\/2026\/07\/keir-starmer-2470574.jpg","contentUrl":"https:\/\/kuzeyinsesi.org\/wp-content\/uploads\/2026\/07\/keir-starmer-2470574.jpg","width":1280,"height":720},{"@type":"BreadcrumbList","@id":"https:\/\/kuzeyinsesi.org\/index.php\/2026\/09\/01\/eski-ingiltere-basbakani-starmer-milletvekilliginden-de-istifa-etti\/#breadcrumb","itemListElement":[{"@type":"ListItem","position":1,"name":"Anasayfa","item":"https:\/\/kuzeyinsesi.org\/"},{"@type":"ListItem","position":2,"name":"Eski \u0130ngiltere Ba\u015fbakan\u0131 Starmer milletvekilli\u011finden de istifa etti"}]},{"@type":"WebSite","@id":"https:\/\/kuzeyinsesi.org\/#website","url":"https:\/\/kuzeyinsesi.org\/","name":"Kuzeyin Sesi","description":"Do\u011fru Haberin Adresi","potentialAction":[{"@type":"SearchAction","target":{"@type":"EntryPoint","urlTemplate":"https:\/\/kuzeyinsesi.org\/?s={search_term_string}"},"query-input":{"@type":"PropertyValueSpecification","valueRequired":true,"valueName":"search_term_string"}}],"inLanguage":"tr"},{"@type":"Person","@id":"https:\/\/kuzeyinsesi.org\/#\/schema\/person\/9f859689cdf01485597712386e37f5aa","name":"Kuzeyin Sesi","image":{"@type":"ImageObject","inLanguage":"tr","@id":"https:\/\/secure.gravatar.com\/avatar\/bab33852abfd8b282518d6ed81826833d77c3c882d9ab608add591ccace47a44?s=96&d=mm&r=g","url":"https:\/\/secure.gravatar.com\/avatar\/bab33852abfd8b282518d6ed81826833d77c3c882d9ab608add591ccace47a44?s=96&d=mm&r=g","contentUrl":"https:\/\/secure.gravatar.com\/avatar\/bab33852abfd8b282518d6ed81826833d77c3c882d9ab608add591ccace47a44?s=96&d=mm&r=g","caption":"Kuzeyin Sesi"},"sameAs":["https:\/\/kuzeyinsesi.org"],"url":"https:\/\/kuzeyinsesi.org\/index.php\/author\/guven\/"}]}},"_links":{"self":[{"href":"https:\/\/kuzeyinsesi.org\/index.php\/wp-json\/wp\/v2\/posts\/45891","targetHints":{"allow":["GET"]}}],"collection":[{"href":"https:\/\/kuzeyinsesi.org\/index.php\/wp-json\/wp\/v2\/posts"}],"about":[{"href":"https:\/\/kuzeyinsesi.org\/index.php\/wp-json\/wp\/v2\/types\/post"}],"author":[{"embeddable":true,"href":"https:\/\/kuzeyinsesi.org\/index.php\/wp-json\/wp\/v2\/users\/1"}],"replies":[{"embeddable":true,"href":"https:\/\/kuzeyinsesi.org\/index.php\/wp-json\/wp\/v2\/comments?post=45891"}],"version-history":[{"count":0,"href":"https:\/\/kuzeyinsesi.org\/index.php\/wp-json\/wp\/v2\/posts\/45891\/revisions"}],"wp:featuredmedia":[{"embeddable":true,"href":"https:\/\/kuzeyinsesi.org\/index.php\/wp-json\/wp\/v2\/media\/43727"}],"wp:attachment":[{"href":"https:\/\/kuzeyinsesi.org\/index.php\/wp-json\/wp\/v2\/media?parent=45891"}],"wp:term":[{"taxonomy":"category","embeddable":true,"href":"https:\/\/kuzeyinsesi.org\/index.php\/wp-json\/wp\/v2\/categories?post=45891"},{"taxonomy":"post_tag","embeddable":true,"href":"https:\/\/kuzeyinsesi.org\/index.php\/wp-json\/wp\/v2\/tags?post=45891"}],"curies":[{"name":"wp","href":"https:\/\/api.w.org\/{rel}","templated":true}]}}