{"id":45889,"date":"2026-09-01T18:05:05","date_gmt":"2026-09-01T15:05:05","guid":{"rendered":"https:\/\/kuzeyinsesi.org\/index.php\/2026\/09\/01\/putin-turkiye-dis-politika-ve-ekonomi-alanlarinda-ayricalikli-ortaklarimizdan-biri\/"},"modified":"2026-09-01T18:05:05","modified_gmt":"2026-09-01T15:05:05","slug":"putin-turkiye-dis-politika-ve-ekonomi-alanlarinda-ayricalikli-ortaklarimizdan-biri","status":"publish","type":"post","link":"https:\/\/kuzeyinsesi.org\/index.php\/2026\/09\/01\/putin-turkiye-dis-politika-ve-ekonomi-alanlarinda-ayricalikli-ortaklarimizdan-biri\/","title":{"rendered":"Putin: T\u00fcrkiye, d\u0131\u015f politika ve ekonomi alanlar\u0131nda ayr\u0131cal\u0131kl\u0131 ortaklar\u0131m\u0131zdan biri"},"content":{"rendered":"<p><\/p>\n<div>\n<p>&#13;<br \/>\n\tPutin, \u015eanghay \u0130\u015f birli\u011fi \u00d6rg\u00fct\u00fc (\u015e\u0130\u00d6) Devlet Ba\u015fkanlar\u0131 Zirvesi kapsam\u0131nda, Cumhurba\u015fkan\u0131 Recep Tayyip Erdo\u011fan ile bir araya geldi.<\/p>\n<p>&#13;<br \/>\n\tG\u00f6r\u00fc\u015fmenin ba\u015f\u0131nda konu\u015fan Putin, Erdo\u011fan ile uzun s\u00fcredir g\u00f6r\u00fc\u015fmediklerini belirterek, &#8220;Yeniden g\u00f6r\u00fc\u015fmekten memnuniyet duydum. \u0130kili ili\u015fkilerimizi kontrol alt\u0131nda tutuyoruz.&#8221; diye konu\u015ftu.<\/p>\n<p>&#13;<br \/>\n\tPutin, Rusya ile T\u00fcrkiye aras\u0131ndaki ili\u015fkilere de\u011finerek, &#8220;T\u00fcrkiye, d\u0131\u015f politika ve ekonomi alanlar\u0131nda ayr\u0131cal\u0131kl\u0131 ortaklar\u0131m\u0131zdan biri. H\u00fck\u00fcmetleraras\u0131 Komisyon aktif \u015fekilde \u00e7al\u0131\u015f\u0131yor. \u0130lginiz sayesinde ekonomik i\u015fbirli\u011fi y\u00fcksek seviyede kal\u0131yor. Ortak projeler hayata ge\u00e7irilmeye devam ediyor. Bunlardan biri Akkuyu N\u00fckleer G\u00fc\u00e7 Santrali. Santralin ilk \u00fcnitesini bu y\u0131l devreye sokma hedefi koydunuz. Bu b\u00f6yle olacak.&#8221; dedi.<\/p>\n<p>&#13;<br \/>\n\tT\u00fcrkiye ile k\u00fclt\u00fcr ve insani alanlarda da i\u015fbirli\u011fi potansiyelinin y\u00fcksek oldu\u011funu dile getiren Putin, &#8220;T\u00fcrkiye&#8217;ye Rus turist ak\u0131\u015f\u0131 art\u0131yor. Ge\u00e7en y\u0131l 7 milyona yak\u0131n Rus turist T\u00fcrkiye\u2019yi ziyaret etti. Bug\u00fcn, kar\u015f\u0131l\u0131kl\u0131 \u00e7\u0131karlar\u0131m\u0131z\u0131 ilgilendiren bu ve di\u011fer konular\u0131 g\u00f6r\u00fc\u015fmek i\u00e7in f\u0131rsat\u0131m\u0131z var. G\u00f6r\u00fc\u015fmemize \u00e7ok sevindim.&#8221; ifadelerini kulland\u0131.<\/p>\n<\/p><\/div>\n","protected":false},"excerpt":{"rendered":"<p>&#13; Putin, \u015eanghay \u0130\u015f birli\u011fi \u00d6rg\u00fct\u00fc (\u015e\u0130\u00d6) Devlet Ba\u015fkanlar\u0131 Zirvesi kapsam\u0131nda, Cumhurba\u015fkan\u0131 Recep Tayyip Erdo\u011fan ile bir araya geldi. &#13; G\u00f6r\u00fc\u015fmenin ba\u015f\u0131nda konu\u015fan Putin, Erdo\u011fan ile uzun s\u00fcredir g\u00f6r\u00fc\u015fmediklerini belirterek, &#8220;Yeniden g\u00f6r\u00fc\u015fmekten memnuniyet duydum. \u0130kili ili\u015fkilerimizi kontrol alt\u0131nda tutuyoruz.&#8221; diye konu\u015ftu. &#13; Putin, Rusya ile T\u00fcrkiye aras\u0131ndaki ili\u015fkilere de\u011finerek, &#8220;T\u00fcrkiye, d\u0131\u015f politika ve ekonomi alanlar\u0131nda [&hellip;]<\/p>\n","protected":false},"author":1,"featured_media":45890,"comment_status":"open","ping_status":"open","sticky":false,"template":"","format":"standard","meta":{"jnews-multi-image_gallery":[],"jnews_single_post":[],"jnews_primary_category":[],"jnews_social_meta":[],"jnews_override_counter":[],"footnotes":""},"categories":[2],"tags":[],"class_list":["post-45889","post","type-post","status-publish","format-standard","has-post-thumbnail","hentry","category-dunya"],"yoast_head":"<!-- This site is optimized with the Yoast SEO plugin v28.3 - https:\/\/yoast.com\/product\/yoast-seo-wordpress\/ -->\n<title>Putin: T\u00fcrkiye, d\u0131\u015f politika ve ekonomi alanlar\u0131nda ayr\u0131cal\u0131kl\u0131 ortaklar\u0131m\u0131zdan biri - Kuzeyin Sesi<\/title>\n<meta name=\"robots\" content=\"index, follow, max-snippet:-1, max-image-preview:large, max-video-preview:-1\" \/>\n<link rel=\"canonical\" href=\"https:\/\/kuzeyinsesi.org\/index.php\/2026\/09\/01\/putin-turkiye-dis-politika-ve-ekonomi-alanlarinda-ayricalikli-ortaklarimizdan-biri\/\" \/>\n<meta property=\"og:locale\" content=\"tr_TR\" \/>\n<meta property=\"og:type\" content=\"article\" \/>\n<meta property=\"og:title\" content=\"Putin: T\u00fcrkiye, d\u0131\u015f politika ve ekonomi alanlar\u0131nda ayr\u0131cal\u0131kl\u0131 ortaklar\u0131m\u0131zdan biri - Kuzeyin Sesi\" \/>\n<meta property=\"og:description\" content=\"&#013; Putin, \u015eanghay \u0130\u015f birli\u011fi \u00d6rg\u00fct\u00fc (\u015e\u0130\u00d6) Devlet Ba\u015fkanlar\u0131 Zirvesi kapsam\u0131nda, Cumhurba\u015fkan\u0131 Recep Tayyip Erdo\u011fan ile bir araya geldi. &#013; G\u00f6r\u00fc\u015fmenin ba\u015f\u0131nda konu\u015fan Putin, Erdo\u011fan ile uzun s\u00fcredir g\u00f6r\u00fc\u015fmediklerini belirterek, &#8220;Yeniden g\u00f6r\u00fc\u015fmekten memnuniyet duydum. \u0130kili ili\u015fkilerimizi kontrol alt\u0131nda tutuyoruz.&#8221; diye konu\u015ftu. &#013; Putin, Rusya ile T\u00fcrkiye aras\u0131ndaki ili\u015fkilere de\u011finerek, &#8220;T\u00fcrkiye, d\u0131\u015f politika ve ekonomi alanlar\u0131nda [&hellip;]\" \/>\n<meta property=\"og:url\" content=\"https:\/\/kuzeyinsesi.org\/index.php\/2026\/09\/01\/putin-turkiye-dis-politika-ve-ekonomi-alanlarinda-ayricalikli-ortaklarimizdan-biri\/\" \/>\n<meta property=\"og:site_name\" content=\"Kuzeyin Sesi\" \/>\n<meta property=\"article:publisher\" content=\"https:\/\/www.facebook.com\/kuzeyinsesii\" \/>\n<meta property=\"article:published_time\" content=\"2026-09-01T15:05:05+00:00\" \/>\n<meta property=\"og:image\" content=\"https:\/\/trthaberstatic.cdn.wp.trt.com.tr\/resimler\/2486000\/putin-erdogan-aa-2486269.jpg\" \/>\n<meta name=\"author\" content=\"Kuzeyin Sesi\" \/>\n<meta name=\"twitter:card\" content=\"summary_large_image\" \/>\n<meta name=\"twitter:creator\" content=\"@kuzeyinsesii\" \/>\n<meta name=\"twitter:site\" content=\"@kuzeyinsesii\" \/>\n<meta name=\"twitter:label1\" content=\"Yazan:\" \/>\n\t<meta name=\"twitter:data1\" content=\"Kuzeyin Sesi\" \/>\n\t<meta name=\"twitter:label2\" content=\"Tahmini okuma s\u00fcresi\" \/>\n\t<meta name=\"twitter:data2\" content=\"1 dakika\" \/>\n<script type=\"application\/ld+json\" class=\"yoast-schema-graph\">{\"@context\":\"https:\\\/\\\/schema.org\",\"@graph\":[{\"@type\":\"Article\",\"@id\":\"https:\\\/\\\/kuzeyinsesi.org\\\/index.php\\\/2026\\\/09\\\/01\\\/putin-turkiye-dis-politika-ve-ekonomi-alanlarinda-ayricalikli-ortaklarimizdan-biri\\\/#article\",\"isPartOf\":{\"@id\":\"https:\\\/\\\/kuzeyinsesi.org\\\/index.php\\\/2026\\\/09\\\/01\\\/putin-turkiye-dis-politika-ve-ekonomi-alanlarinda-ayricalikli-ortaklarimizdan-biri\\\/\"},\"author\":{\"name\":\"Kuzeyin Sesi\",\"@id\":\"https:\\\/\\\/kuzeyinsesi.org\\\/#\\\/schema\\\/person\\\/9f859689cdf01485597712386e37f5aa\"},\"headline\":\"Putin: T\u00fcrkiye, d\u0131\u015f politika ve ekonomi alanlar\u0131nda ayr\u0131cal\u0131kl\u0131 ortaklar\u0131m\u0131zdan biri\",\"datePublished\":\"2026-09-01T15:05:05+00:00\",\"mainEntityOfPage\":{\"@id\":\"https:\\\/\\\/kuzeyinsesi.org\\\/index.php\\\/2026\\\/09\\\/01\\\/putin-turkiye-dis-politika-ve-ekonomi-alanlarinda-ayricalikli-ortaklarimizdan-biri\\\/\"},\"wordCount\":220,\"commentCount\":0,\"image\":{\"@id\":\"https:\\\/\\\/kuzeyinsesi.org\\\/index.php\\\/2026\\\/09\\\/01\\\/putin-turkiye-dis-politika-ve-ekonomi-alanlarinda-ayricalikli-ortaklarimizdan-biri\\\/#primaryimage\"},\"thumbnailUrl\":\"https:\\\/\\\/kuzeyinsesi.org\\\/wp-content\\\/uploads\\\/2026\\\/09\\\/putin-erdogan-aa-2486269.jpg\",\"articleSection\":[\"D\u00fcnya\"],\"inLanguage\":\"tr\",\"potentialAction\":[{\"@type\":\"CommentAction\",\"name\":\"Comment\",\"target\":[\"https:\\\/\\\/kuzeyinsesi.org\\\/index.php\\\/2026\\\/09\\\/01\\\/putin-turkiye-dis-politika-ve-ekonomi-alanlarinda-ayricalikli-ortaklarimizdan-biri\\\/#respond\"]}]},{\"@type\":\"WebPage\",\"@id\":\"https:\\\/\\\/kuzeyinsesi.org\\\/index.php\\\/2026\\\/09\\\/01\\\/putin-turkiye-dis-politika-ve-ekonomi-alanlarinda-ayricalikli-ortaklarimizdan-biri\\\/\",\"url\":\"https:\\\/\\\/kuzeyinsesi.org\\\/index.php\\\/2026\\\/09\\\/01\\\/putin-turkiye-dis-politika-ve-ekonomi-alanlarinda-ayricalikli-ortaklarimizdan-biri\\\/\",\"name\":\"Putin: T\u00fcrkiye, d\u0131\u015f politika ve ekonomi alanlar\u0131nda ayr\u0131cal\u0131kl\u0131 ortaklar\u0131m\u0131zdan biri - Kuzeyin Sesi\",\"isPartOf\":{\"@id\":\"https:\\\/\\\/kuzeyinsesi.org\\\/#website\"},\"primaryImageOfPage\":{\"@id\":\"https:\\\/\\\/kuzeyinsesi.org\\\/index.php\\\/2026\\\/09\\\/01\\\/putin-turkiye-dis-politika-ve-ekonomi-alanlarinda-ayricalikli-ortaklarimizdan-biri\\\/#primaryimage\"},\"image\":{\"@id\":\"https:\\\/\\\/kuzeyinsesi.org\\\/index.php\\\/2026\\\/09\\\/01\\\/putin-turkiye-dis-politika-ve-ekonomi-alanlarinda-ayricalikli-ortaklarimizdan-biri\\\/#primaryimage\"},\"thumbnailUrl\":\"https:\\\/\\\/kuzeyinsesi.org\\\/wp-content\\\/uploads\\\/2026\\\/09\\\/putin-erdogan-aa-2486269.jpg\",\"datePublished\":\"2026-09-01T15:05:05+00:00\",\"author\":{\"@id\":\"https:\\\/\\\/kuzeyinsesi.org\\\/#\\\/schema\\\/person\\\/9f859689cdf01485597712386e37f5aa\"},\"breadcrumb\":{\"@id\":\"https:\\\/\\\/kuzeyinsesi.org\\\/index.php\\\/2026\\\/09\\\/01\\\/putin-turkiye-dis-politika-ve-ekonomi-alanlarinda-ayricalikli-ortaklarimizdan-biri\\\/#breadcrumb\"},\"inLanguage\":\"tr\",\"potentialAction\":[{\"@type\":\"ReadAction\",\"target\":[\"https:\\\/\\\/kuzeyinsesi.org\\\/index.php\\\/2026\\\/09\\\/01\\\/putin-turkiye-dis-politika-ve-ekonomi-alanlarinda-ayricalikli-ortaklarimizdan-biri\\\/\"]}]},{\"@type\":\"ImageObject\",\"inLanguage\":\"tr\",\"@id\":\"https:\\\/\\\/kuzeyinsesi.org\\\/index.php\\\/2026\\\/09\\\/01\\\/putin-turkiye-dis-politika-ve-ekonomi-alanlarinda-ayricalikli-ortaklarimizdan-biri\\\/#primaryimage\",\"url\":\"https:\\\/\\\/kuzeyinsesi.org\\\/wp-content\\\/uploads\\\/2026\\\/09\\\/putin-erdogan-aa-2486269.jpg\",\"contentUrl\":\"https:\\\/\\\/kuzeyinsesi.org\\\/wp-content\\\/uploads\\\/2026\\\/09\\\/putin-erdogan-aa-2486269.jpg\",\"width\":1280,\"height\":720},{\"@type\":\"BreadcrumbList\",\"@id\":\"https:\\\/\\\/kuzeyinsesi.org\\\/index.php\\\/2026\\\/09\\\/01\\\/putin-turkiye-dis-politika-ve-ekonomi-alanlarinda-ayricalikli-ortaklarimizdan-biri\\\/#breadcrumb\",\"itemListElement\":[{\"@type\":\"ListItem\",\"position\":1,\"name\":\"Anasayfa\",\"item\":\"https:\\\/\\\/kuzeyinsesi.org\\\/\"},{\"@type\":\"ListItem\",\"position\":2,\"name\":\"Putin: T\u00fcrkiye, d\u0131\u015f politika ve ekonomi alanlar\u0131nda ayr\u0131cal\u0131kl\u0131 ortaklar\u0131m\u0131zdan biri\"}]},{\"@type\":\"WebSite\",\"@id\":\"https:\\\/\\\/kuzeyinsesi.org\\\/#website\",\"url\":\"https:\\\/\\\/kuzeyinsesi.org\\\/\",\"name\":\"Kuzeyin Sesi\",\"description\":\"Do\u011fru Haberin Adresi\",\"potentialAction\":[{\"@type\":\"SearchAction\",\"target\":{\"@type\":\"EntryPoint\",\"urlTemplate\":\"https:\\\/\\\/kuzeyinsesi.org\\\/?s={search_term_string}\"},\"query-input\":{\"@type\":\"PropertyValueSpecification\",\"valueRequired\":true,\"valueName\":\"search_term_string\"}}],\"inLanguage\":\"tr\"},{\"@type\":\"Person\",\"@id\":\"https:\\\/\\\/kuzeyinsesi.org\\\/#\\\/schema\\\/person\\\/9f859689cdf01485597712386e37f5aa\",\"name\":\"Kuzeyin Sesi\",\"image\":{\"@type\":\"ImageObject\",\"inLanguage\":\"tr\",\"@id\":\"https:\\\/\\\/secure.gravatar.com\\\/avatar\\\/bab33852abfd8b282518d6ed81826833d77c3c882d9ab608add591ccace47a44?s=96&d=mm&r=g\",\"url\":\"https:\\\/\\\/secure.gravatar.com\\\/avatar\\\/bab33852abfd8b282518d6ed81826833d77c3c882d9ab608add591ccace47a44?s=96&d=mm&r=g\",\"contentUrl\":\"https:\\\/\\\/secure.gravatar.com\\\/avatar\\\/bab33852abfd8b282518d6ed81826833d77c3c882d9ab608add591ccace47a44?s=96&d=mm&r=g\",\"caption\":\"Kuzeyin Sesi\"},\"sameAs\":[\"https:\\\/\\\/kuzeyinsesi.org\"],\"url\":\"https:\\\/\\\/kuzeyinsesi.org\\\/index.php\\\/author\\\/guven\\\/\"}]}<\/script>\n<!-- \/ Yoast SEO plugin. -->","yoast_head_json":{"title":"Putin: T\u00fcrkiye, d\u0131\u015f politika ve ekonomi alanlar\u0131nda ayr\u0131cal\u0131kl\u0131 ortaklar\u0131m\u0131zdan biri - Kuzeyin Sesi","robots":{"index":"index","follow":"follow","max-snippet":"max-snippet:-1","max-image-preview":"max-image-preview:large","max-video-preview":"max-video-preview:-1"},"canonical":"https:\/\/kuzeyinsesi.org\/index.php\/2026\/09\/01\/putin-turkiye-dis-politika-ve-ekonomi-alanlarinda-ayricalikli-ortaklarimizdan-biri\/","og_locale":"tr_TR","og_type":"article","og_title":"Putin: T\u00fcrkiye, d\u0131\u015f politika ve ekonomi alanlar\u0131nda ayr\u0131cal\u0131kl\u0131 ortaklar\u0131m\u0131zdan biri - Kuzeyin Sesi","og_description":"&#13; Putin, \u015eanghay \u0130\u015f birli\u011fi \u00d6rg\u00fct\u00fc (\u015e\u0130\u00d6) Devlet Ba\u015fkanlar\u0131 Zirvesi kapsam\u0131nda, Cumhurba\u015fkan\u0131 Recep Tayyip Erdo\u011fan ile bir araya geldi. &#13; G\u00f6r\u00fc\u015fmenin ba\u015f\u0131nda konu\u015fan Putin, Erdo\u011fan ile uzun s\u00fcredir g\u00f6r\u00fc\u015fmediklerini belirterek, &#8220;Yeniden g\u00f6r\u00fc\u015fmekten memnuniyet duydum. \u0130kili ili\u015fkilerimizi kontrol alt\u0131nda tutuyoruz.&#8221; diye konu\u015ftu. &#13; Putin, Rusya ile T\u00fcrkiye aras\u0131ndaki ili\u015fkilere de\u011finerek, &#8220;T\u00fcrkiye, d\u0131\u015f politika ve ekonomi alanlar\u0131nda [&hellip;]","og_url":"https:\/\/kuzeyinsesi.org\/index.php\/2026\/09\/01\/putin-turkiye-dis-politika-ve-ekonomi-alanlarinda-ayricalikli-ortaklarimizdan-biri\/","og_site_name":"Kuzeyin Sesi","article_publisher":"https:\/\/www.facebook.com\/kuzeyinsesii","article_published_time":"2026-09-01T15:05:05+00:00","og_image":[{"url":"https:\/\/trthaberstatic.cdn.wp.trt.com.tr\/resimler\/2486000\/putin-erdogan-aa-2486269.jpg","type":"","width":"","height":""}],"author":"Kuzeyin Sesi","twitter_card":"summary_large_image","twitter_creator":"@kuzeyinsesii","twitter_site":"@kuzeyinsesii","twitter_misc":{"Yazan:":"Kuzeyin Sesi","Tahmini okuma s\u00fcresi":"1 dakika"},"schema":{"@context":"https:\/\/schema.org","@graph":[{"@type":"Article","@id":"https:\/\/kuzeyinsesi.org\/index.php\/2026\/09\/01\/putin-turkiye-dis-politika-ve-ekonomi-alanlarinda-ayricalikli-ortaklarimizdan-biri\/#article","isPartOf":{"@id":"https:\/\/kuzeyinsesi.org\/index.php\/2026\/09\/01\/putin-turkiye-dis-politika-ve-ekonomi-alanlarinda-ayricalikli-ortaklarimizdan-biri\/"},"author":{"name":"Kuzeyin Sesi","@id":"https:\/\/kuzeyinsesi.org\/#\/schema\/person\/9f859689cdf01485597712386e37f5aa"},"headline":"Putin: T\u00fcrkiye, d\u0131\u015f politika ve ekonomi alanlar\u0131nda ayr\u0131cal\u0131kl\u0131 ortaklar\u0131m\u0131zdan biri","datePublished":"2026-09-01T15:05:05+00:00","mainEntityOfPage":{"@id":"https:\/\/kuzeyinsesi.org\/index.php\/2026\/09\/01\/putin-turkiye-dis-politika-ve-ekonomi-alanlarinda-ayricalikli-ortaklarimizdan-biri\/"},"wordCount":220,"commentCount":0,"image":{"@id":"https:\/\/kuzeyinsesi.org\/index.php\/2026\/09\/01\/putin-turkiye-dis-politika-ve-ekonomi-alanlarinda-ayricalikli-ortaklarimizdan-biri\/#primaryimage"},"thumbnailUrl":"https:\/\/kuzeyinsesi.org\/wp-content\/uploads\/2026\/09\/putin-erdogan-aa-2486269.jpg","articleSection":["D\u00fcnya"],"inLanguage":"tr","potentialAction":[{"@type":"CommentAction","name":"Comment","target":["https:\/\/kuzeyinsesi.org\/index.php\/2026\/09\/01\/putin-turkiye-dis-politika-ve-ekonomi-alanlarinda-ayricalikli-ortaklarimizdan-biri\/#respond"]}]},{"@type":"WebPage","@id":"https:\/\/kuzeyinsesi.org\/index.php\/2026\/09\/01\/putin-turkiye-dis-politika-ve-ekonomi-alanlarinda-ayricalikli-ortaklarimizdan-biri\/","url":"https:\/\/kuzeyinsesi.org\/index.php\/2026\/09\/01\/putin-turkiye-dis-politika-ve-ekonomi-alanlarinda-ayricalikli-ortaklarimizdan-biri\/","name":"Putin: T\u00fcrkiye, d\u0131\u015f politika ve ekonomi alanlar\u0131nda ayr\u0131cal\u0131kl\u0131 ortaklar\u0131m\u0131zdan biri - Kuzeyin Sesi","isPartOf":{"@id":"https:\/\/kuzeyinsesi.org\/#website"},"primaryImageOfPage":{"@id":"https:\/\/kuzeyinsesi.org\/index.php\/2026\/09\/01\/putin-turkiye-dis-politika-ve-ekonomi-alanlarinda-ayricalikli-ortaklarimizdan-biri\/#primaryimage"},"image":{"@id":"https:\/\/kuzeyinsesi.org\/index.php\/2026\/09\/01\/putin-turkiye-dis-politika-ve-ekonomi-alanlarinda-ayricalikli-ortaklarimizdan-biri\/#primaryimage"},"thumbnailUrl":"https:\/\/kuzeyinsesi.org\/wp-content\/uploads\/2026\/09\/putin-erdogan-aa-2486269.jpg","datePublished":"2026-09-01T15:05:05+00:00","author":{"@id":"https:\/\/kuzeyinsesi.org\/#\/schema\/person\/9f859689cdf01485597712386e37f5aa"},"breadcrumb":{"@id":"https:\/\/kuzeyinsesi.org\/index.php\/2026\/09\/01\/putin-turkiye-dis-politika-ve-ekonomi-alanlarinda-ayricalikli-ortaklarimizdan-biri\/#breadcrumb"},"inLanguage":"tr","potentialAction":[{"@type":"ReadAction","target":["https:\/\/kuzeyinsesi.org\/index.php\/2026\/09\/01\/putin-turkiye-dis-politika-ve-ekonomi-alanlarinda-ayricalikli-ortaklarimizdan-biri\/"]}]},{"@type":"ImageObject","inLanguage":"tr","@id":"https:\/\/kuzeyinsesi.org\/index.php\/2026\/09\/01\/putin-turkiye-dis-politika-ve-ekonomi-alanlarinda-ayricalikli-ortaklarimizdan-biri\/#primaryimage","url":"https:\/\/kuzeyinsesi.org\/wp-content\/uploads\/2026\/09\/putin-erdogan-aa-2486269.jpg","contentUrl":"https:\/\/kuzeyinsesi.org\/wp-content\/uploads\/2026\/09\/putin-erdogan-aa-2486269.jpg","width":1280,"height":720},{"@type":"BreadcrumbList","@id":"https:\/\/kuzeyinsesi.org\/index.php\/2026\/09\/01\/putin-turkiye-dis-politika-ve-ekonomi-alanlarinda-ayricalikli-ortaklarimizdan-biri\/#breadcrumb","itemListElement":[{"@type":"ListItem","position":1,"name":"Anasayfa","item":"https:\/\/kuzeyinsesi.org\/"},{"@type":"ListItem","position":2,"name":"Putin: T\u00fcrkiye, d\u0131\u015f politika ve ekonomi alanlar\u0131nda ayr\u0131cal\u0131kl\u0131 ortaklar\u0131m\u0131zdan biri"}]},{"@type":"WebSite","@id":"https:\/\/kuzeyinsesi.org\/#website","url":"https:\/\/kuzeyinsesi.org\/","name":"Kuzeyin Sesi","description":"Do\u011fru Haberin Adresi","potentialAction":[{"@type":"SearchAction","target":{"@type":"EntryPoint","urlTemplate":"https:\/\/kuzeyinsesi.org\/?s={search_term_string}"},"query-input":{"@type":"PropertyValueSpecification","valueRequired":true,"valueName":"search_term_string"}}],"inLanguage":"tr"},{"@type":"Person","@id":"https:\/\/kuzeyinsesi.org\/#\/schema\/person\/9f859689cdf01485597712386e37f5aa","name":"Kuzeyin Sesi","image":{"@type":"ImageObject","inLanguage":"tr","@id":"https:\/\/secure.gravatar.com\/avatar\/bab33852abfd8b282518d6ed81826833d77c3c882d9ab608add591ccace47a44?s=96&d=mm&r=g","url":"https:\/\/secure.gravatar.com\/avatar\/bab33852abfd8b282518d6ed81826833d77c3c882d9ab608add591ccace47a44?s=96&d=mm&r=g","contentUrl":"https:\/\/secure.gravatar.com\/avatar\/bab33852abfd8b282518d6ed81826833d77c3c882d9ab608add591ccace47a44?s=96&d=mm&r=g","caption":"Kuzeyin Sesi"},"sameAs":["https:\/\/kuzeyinsesi.org"],"url":"https:\/\/kuzeyinsesi.org\/index.php\/author\/guven\/"}]}},"_links":{"self":[{"href":"https:\/\/kuzeyinsesi.org\/index.php\/wp-json\/wp\/v2\/posts\/45889","targetHints":{"allow":["GET"]}}],"collection":[{"href":"https:\/\/kuzeyinsesi.org\/index.php\/wp-json\/wp\/v2\/posts"}],"about":[{"href":"https:\/\/kuzeyinsesi.org\/index.php\/wp-json\/wp\/v2\/types\/post"}],"author":[{"embeddable":true,"href":"https:\/\/kuzeyinsesi.org\/index.php\/wp-json\/wp\/v2\/users\/1"}],"replies":[{"embeddable":true,"href":"https:\/\/kuzeyinsesi.org\/index.php\/wp-json\/wp\/v2\/comments?post=45889"}],"version-history":[{"count":0,"href":"https:\/\/kuzeyinsesi.org\/index.php\/wp-json\/wp\/v2\/posts\/45889\/revisions"}],"wp:featuredmedia":[{"embeddable":true,"href":"https:\/\/kuzeyinsesi.org\/index.php\/wp-json\/wp\/v2\/media\/45890"}],"wp:attachment":[{"href":"https:\/\/kuzeyinsesi.org\/index.php\/wp-json\/wp\/v2\/media?parent=45889"}],"wp:term":[{"taxonomy":"category","embeddable":true,"href":"https:\/\/kuzeyinsesi.org\/index.php\/wp-json\/wp\/v2\/categories?post=45889"},{"taxonomy":"post_tag","embeddable":true,"href":"https:\/\/kuzeyinsesi.org\/index.php\/wp-json\/wp\/v2\/tags?post=45889"}],"curies":[{"name":"wp","href":"https:\/\/api.w.org\/{rel}","templated":true}]}}