{"id":45886,"date":"2026-09-01T17:03:03","date_gmt":"2026-09-01T14:03:03","guid":{"rendered":"https:\/\/kuzeyinsesi.org\/index.php\/2026\/09\/01\/iran-hicbir-saldiriyi-karsiliksiz-birakmayiz\/"},"modified":"2026-09-01T17:03:03","modified_gmt":"2026-09-01T14:03:03","slug":"iran-hicbir-saldiriyi-karsiliksiz-birakmayiz","status":"publish","type":"post","link":"https:\/\/kuzeyinsesi.org\/index.php\/2026\/09\/01\/iran-hicbir-saldiriyi-karsiliksiz-birakmayiz\/","title":{"rendered":"\u0130ran: Hi\u00e7bir sald\u0131r\u0131y\u0131 kar\u015f\u0131l\u0131ks\u0131z b\u0131rakmay\u0131z"},"content":{"rendered":"<p><\/p>\n<div>\n<p>&#13;<br \/>\n\t<a href=\"https:\/\/www.trthaber.com\/etiket\/iran\/\" target=\"_blank\">\u0130ran<\/a> devlet televizyonuna g\u00f6re\u00a0\u0130ran <a href=\"https:\/\/www.trthaber.com\/etiket\/disisleri-bakanligi\/\" target=\"_blank\">D\u0131\u015fi\u015fleri Bakanl\u0131\u011f\u0131<\/a> S\u00f6zc\u00fcs\u00fc \u0130smail Bekayi, haftal\u0131k bas\u0131n toplant\u0131s\u0131nda ABD\u2019nin Lark Adas\u0131\u2019na y\u00f6nelik sald\u0131r\u0131s\u0131n\u0131n \u0130ran a\u00e7\u0131s\u0131ndan yeni bir durum olmad\u0131\u011f\u0131n\u0131 belirtti.<\/p>\n<p>&#13;<br \/>\n\t&#8220;Silahl\u0131 Kuvvetlerimiz hi\u00e7bir sald\u0131r\u0131y\u0131 kar\u015f\u0131l\u0131ks\u0131z b\u0131rakmayacak&#8221; ifadelerini kullanan \u0130ranl\u0131 S\u00f6zc\u00fc, Washington y\u00f6netiminin a\u015f\u0131r\u0131 taleplerde bulunmay\u0131 al\u0131\u015fkanl\u0131k haline getirdi\u011fini ve m\u00fczakere kavram\u0131n\u0131 &#8220;dikte&#8221; ile kar\u0131\u015ft\u0131rd\u0131\u011f\u0131n\u0131 s\u00f6yledi.<\/p>\n<h2>&#13;<br \/>\n\t\u0130slamabad Mutabakat\u0131\u2019n\u0131n ak\u0131beti, mevcut ko\u015fullara g\u00f6re belirlenecek<\/h2>\n<p>&#13;<br \/>\n\t\u0130slamabad\u2019da <a href=\"https:\/\/www.trthaber.com\/etiket\/abd\/\" target=\"_blank\">ABD<\/a> Ba\u015fkan\u0131 <a href=\"https:\/\/www.trthaber.com\/etiket\/donald-trump\/\" target=\"_blank\">Donald Trump<\/a> taraf\u0131ndan imzalanan mutabakat\u0131n ge\u00e7erli olup olmad\u0131\u011f\u0131 sorusu \u00fczerine Bekayi, &#8220;ABD, mutabakat kapsam\u0131nda taahh\u00fctlerini yerine getirmeyi kabul etti. Ancak imzadan yakla\u015f\u0131k 21-22 g\u00fcn sonra bilin\u00e7li \u015fekilde bu taahh\u00fcd\u00fc ihlal etti. Washington\u2019un bu a\u011f\u0131r ve kapsaml\u0131 ihlal nedeniyle hesap vermesi gerekir&#8221; dedi.<\/p>\n<p>&#13;<br \/>\n\t\u0130ran&#8217;\u0131n zaman\u0131n gerekleri ve mevcut ko\u015fullar\u0131 dikkate alarak \u0130slamabad s\u00fcrecinin nas\u0131l devam edece\u011fine karar verece\u011fini vurgulayan Bekayi, ABD\u2019nin yapt\u0131r\u0131mlar\u0131 ve deniz ablukas\u0131n\u0131n s\u00fcrd\u00fc\u011f\u00fcn\u00fc, Washington\u2019un ekonomik sava\u015f\u0131 da t\u0131rmand\u0131rd\u0131\u011f\u0131n\u0131 kaydetti.<\/p>\n<p>&#13;<br \/>\n\tBekayi ayr\u0131ca <a href=\"https:\/\/www.trthaber.com\/etiket\/pakistan\/\" target=\"_blank\">Pakistan<\/a> <a href=\"https:\/\/www.trthaber.com\/etiket\/genelkurmay\/\" target=\"_blank\">Genelkurmay<\/a> Ba\u015fkan\u0131 As\u0131m M\u00fcnir\u2019in \u0130ran ziyaretinin, Pakistan\u2019\u0131n dost ve kom\u015fu \u00fclke olarak gerilimin azalt\u0131lmas\u0131na y\u00f6nelik \u00e7abalar\u0131 kapsam\u0131nda ger\u00e7ekle\u015fti\u011fini aktararak M\u00fcnir\u2019in \u0130ran\u2019a ne olumlu ne de olumsuz bir mesaj getirdi\u011fini s\u00f6yledi.<\/p>\n<h2>&#13;<br \/>\n\t&#8220;Kuh-e Keleng\u2019de n\u00fckleer faaliyet y\u00fcr\u00fctm\u00fcyoruz&#8221;<\/h2>\n<p>&#13;<br \/>\n\t\u0130ranl\u0131 S\u00f6zc\u00fc Bekayi, \u0130ran ile Uluslararas\u0131 Atom Enerjisi Ajans\u0131 (UAEA) aras\u0131ndaki temaslar\u0131n ola\u011fan \u00e7er\u00e7evede s\u00fcrd\u00fc\u011f\u00fcn\u00fc dile getirdi.<\/p>\n<p>&#13;<br \/>\n\t\u0130ran\u2019\u0131n Viyana\u2019daki UAEA temsilcili\u011finin gerekti\u011finde Ajans\u0131n ilgili taraflar\u0131yla g\u00f6r\u00fc\u015ft\u00fc\u011f\u00fcn\u00fc belirten Bekayi, ancak \u0130ran ile UAEA aras\u0131nda yeni bir m\u00fczakere s\u00fcrecinin bulunmad\u0131\u011f\u0131n\u0131 ifade etti.<\/p>\n<p>&#13;<br \/>\n\tKuh-e Keleng b\u00f6lgesindeki n\u00fckleer faaliyet iddialar\u0131na ili\u015fkin ise Bekayi, &#8220;Biz daha \u00f6nce de bu b\u00f6lgede n\u00fckleer faaliyet y\u00fcr\u00fctmedi\u011fimizi s\u00f6ylemi\u015ftik&#8221; ifadesini kulland\u0131.<br \/>&#13;<br \/>\n\t\u00a0<\/p>\n<\/p><\/div>\n","protected":false},"excerpt":{"rendered":"<p>&#13; \u0130ran devlet televizyonuna g\u00f6re\u00a0\u0130ran D\u0131\u015fi\u015fleri Bakanl\u0131\u011f\u0131 S\u00f6zc\u00fcs\u00fc \u0130smail Bekayi, haftal\u0131k bas\u0131n toplant\u0131s\u0131nda ABD\u2019nin Lark Adas\u0131\u2019na y\u00f6nelik sald\u0131r\u0131s\u0131n\u0131n \u0130ran a\u00e7\u0131s\u0131ndan yeni bir durum olmad\u0131\u011f\u0131n\u0131 belirtti. &#13; &#8220;Silahl\u0131 Kuvvetlerimiz hi\u00e7bir sald\u0131r\u0131y\u0131 kar\u015f\u0131l\u0131ks\u0131z b\u0131rakmayacak&#8221; ifadelerini kullanan \u0130ranl\u0131 S\u00f6zc\u00fc, Washington y\u00f6netiminin a\u015f\u0131r\u0131 taleplerde bulunmay\u0131 al\u0131\u015fkanl\u0131k haline getirdi\u011fini ve m\u00fczakere kavram\u0131n\u0131 &#8220;dikte&#8221; ile kar\u0131\u015ft\u0131rd\u0131\u011f\u0131n\u0131 s\u00f6yledi. &#13; \u0130slamabad Mutabakat\u0131\u2019n\u0131n ak\u0131beti, [&hellip;]<\/p>\n","protected":false},"author":1,"featured_media":38933,"comment_status":"open","ping_status":"open","sticky":false,"template":"","format":"standard","meta":{"jnews-multi-image_gallery":[],"jnews_single_post":[],"jnews_primary_category":[],"jnews_social_meta":[],"jnews_override_counter":[],"footnotes":""},"categories":[2],"tags":[],"class_list":["post-45886","post","type-post","status-publish","format-standard","has-post-thumbnail","hentry","category-dunya"],"yoast_head":"<!-- This site is optimized with the Yoast SEO plugin v28.3 - https:\/\/yoast.com\/product\/yoast-seo-wordpress\/ -->\n<title>\u0130ran: Hi\u00e7bir sald\u0131r\u0131y\u0131 kar\u015f\u0131l\u0131ks\u0131z b\u0131rakmay\u0131z - Kuzeyin Sesi<\/title>\n<meta name=\"robots\" content=\"index, follow, max-snippet:-1, max-image-preview:large, max-video-preview:-1\" \/>\n<link rel=\"canonical\" href=\"https:\/\/kuzeyinsesi.org\/index.php\/2026\/09\/01\/iran-hicbir-saldiriyi-karsiliksiz-birakmayiz\/\" \/>\n<meta property=\"og:locale\" content=\"tr_TR\" \/>\n<meta property=\"og:type\" content=\"article\" \/>\n<meta property=\"og:title\" content=\"\u0130ran: Hi\u00e7bir sald\u0131r\u0131y\u0131 kar\u015f\u0131l\u0131ks\u0131z b\u0131rakmay\u0131z - Kuzeyin Sesi\" \/>\n<meta property=\"og:description\" content=\"&#013; \u0130ran devlet televizyonuna g\u00f6re\u00a0\u0130ran D\u0131\u015fi\u015fleri Bakanl\u0131\u011f\u0131 S\u00f6zc\u00fcs\u00fc \u0130smail Bekayi, haftal\u0131k bas\u0131n toplant\u0131s\u0131nda ABD\u2019nin Lark Adas\u0131\u2019na y\u00f6nelik sald\u0131r\u0131s\u0131n\u0131n \u0130ran a\u00e7\u0131s\u0131ndan yeni bir durum olmad\u0131\u011f\u0131n\u0131 belirtti. &#013; &#8220;Silahl\u0131 Kuvvetlerimiz hi\u00e7bir sald\u0131r\u0131y\u0131 kar\u015f\u0131l\u0131ks\u0131z b\u0131rakmayacak&#8221; ifadelerini kullanan \u0130ranl\u0131 S\u00f6zc\u00fc, Washington y\u00f6netiminin a\u015f\u0131r\u0131 taleplerde bulunmay\u0131 al\u0131\u015fkanl\u0131k haline getirdi\u011fini ve m\u00fczakere kavram\u0131n\u0131 &#8220;dikte&#8221; ile kar\u0131\u015ft\u0131rd\u0131\u011f\u0131n\u0131 s\u00f6yledi. &#013; \u0130slamabad Mutabakat\u0131\u2019n\u0131n ak\u0131beti, [&hellip;]\" \/>\n<meta property=\"og:url\" content=\"https:\/\/kuzeyinsesi.org\/index.php\/2026\/09\/01\/iran-hicbir-saldiriyi-karsiliksiz-birakmayiz\/\" \/>\n<meta property=\"og:site_name\" content=\"Kuzeyin Sesi\" \/>\n<meta property=\"article:publisher\" content=\"https:\/\/www.facebook.com\/kuzeyinsesii\" \/>\n<meta property=\"article:published_time\" content=\"2026-09-01T14:03:03+00:00\" \/>\n<meta property=\"og:image\" content=\"https:\/\/trthaberstatic.cdn.wp.trt.com.tr\/resimler\/2442000\/2442138.jpg\" \/>\n<meta name=\"author\" content=\"Kuzeyin Sesi\" \/>\n<meta name=\"twitter:card\" content=\"summary_large_image\" \/>\n<meta name=\"twitter:creator\" content=\"@kuzeyinsesii\" \/>\n<meta name=\"twitter:site\" content=\"@kuzeyinsesii\" \/>\n<meta name=\"twitter:label1\" content=\"Yazan:\" \/>\n\t<meta name=\"twitter:data1\" content=\"Kuzeyin Sesi\" \/>\n\t<meta name=\"twitter:label2\" content=\"Tahmini okuma s\u00fcresi\" \/>\n\t<meta name=\"twitter:data2\" content=\"2 dakika\" \/>\n<script type=\"application\/ld+json\" class=\"yoast-schema-graph\">{\"@context\":\"https:\\\/\\\/schema.org\",\"@graph\":[{\"@type\":\"Article\",\"@id\":\"https:\\\/\\\/kuzeyinsesi.org\\\/index.php\\\/2026\\\/09\\\/01\\\/iran-hicbir-saldiriyi-karsiliksiz-birakmayiz\\\/#article\",\"isPartOf\":{\"@id\":\"https:\\\/\\\/kuzeyinsesi.org\\\/index.php\\\/2026\\\/09\\\/01\\\/iran-hicbir-saldiriyi-karsiliksiz-birakmayiz\\\/\"},\"author\":{\"name\":\"Kuzeyin Sesi\",\"@id\":\"https:\\\/\\\/kuzeyinsesi.org\\\/#\\\/schema\\\/person\\\/9f859689cdf01485597712386e37f5aa\"},\"headline\":\"\u0130ran: Hi\u00e7bir sald\u0131r\u0131y\u0131 kar\u015f\u0131l\u0131ks\u0131z b\u0131rakmay\u0131z\",\"datePublished\":\"2026-09-01T14:03:03+00:00\",\"mainEntityOfPage\":{\"@id\":\"https:\\\/\\\/kuzeyinsesi.org\\\/index.php\\\/2026\\\/09\\\/01\\\/iran-hicbir-saldiriyi-karsiliksiz-birakmayiz\\\/\"},\"wordCount\":372,\"commentCount\":0,\"image\":{\"@id\":\"https:\\\/\\\/kuzeyinsesi.org\\\/index.php\\\/2026\\\/09\\\/01\\\/iran-hicbir-saldiriyi-karsiliksiz-birakmayiz\\\/#primaryimage\"},\"thumbnailUrl\":\"https:\\\/\\\/kuzeyinsesi.org\\\/wp-content\\\/uploads\\\/2026\\\/05\\\/2442138.jpg\",\"articleSection\":[\"D\u00fcnya\"],\"inLanguage\":\"tr\",\"potentialAction\":[{\"@type\":\"CommentAction\",\"name\":\"Comment\",\"target\":[\"https:\\\/\\\/kuzeyinsesi.org\\\/index.php\\\/2026\\\/09\\\/01\\\/iran-hicbir-saldiriyi-karsiliksiz-birakmayiz\\\/#respond\"]}]},{\"@type\":\"WebPage\",\"@id\":\"https:\\\/\\\/kuzeyinsesi.org\\\/index.php\\\/2026\\\/09\\\/01\\\/iran-hicbir-saldiriyi-karsiliksiz-birakmayiz\\\/\",\"url\":\"https:\\\/\\\/kuzeyinsesi.org\\\/index.php\\\/2026\\\/09\\\/01\\\/iran-hicbir-saldiriyi-karsiliksiz-birakmayiz\\\/\",\"name\":\"\u0130ran: Hi\u00e7bir sald\u0131r\u0131y\u0131 kar\u015f\u0131l\u0131ks\u0131z b\u0131rakmay\u0131z - Kuzeyin Sesi\",\"isPartOf\":{\"@id\":\"https:\\\/\\\/kuzeyinsesi.org\\\/#website\"},\"primaryImageOfPage\":{\"@id\":\"https:\\\/\\\/kuzeyinsesi.org\\\/index.php\\\/2026\\\/09\\\/01\\\/iran-hicbir-saldiriyi-karsiliksiz-birakmayiz\\\/#primaryimage\"},\"image\":{\"@id\":\"https:\\\/\\\/kuzeyinsesi.org\\\/index.php\\\/2026\\\/09\\\/01\\\/iran-hicbir-saldiriyi-karsiliksiz-birakmayiz\\\/#primaryimage\"},\"thumbnailUrl\":\"https:\\\/\\\/kuzeyinsesi.org\\\/wp-content\\\/uploads\\\/2026\\\/05\\\/2442138.jpg\",\"datePublished\":\"2026-09-01T14:03:03+00:00\",\"author\":{\"@id\":\"https:\\\/\\\/kuzeyinsesi.org\\\/#\\\/schema\\\/person\\\/9f859689cdf01485597712386e37f5aa\"},\"breadcrumb\":{\"@id\":\"https:\\\/\\\/kuzeyinsesi.org\\\/index.php\\\/2026\\\/09\\\/01\\\/iran-hicbir-saldiriyi-karsiliksiz-birakmayiz\\\/#breadcrumb\"},\"inLanguage\":\"tr\",\"potentialAction\":[{\"@type\":\"ReadAction\",\"target\":[\"https:\\\/\\\/kuzeyinsesi.org\\\/index.php\\\/2026\\\/09\\\/01\\\/iran-hicbir-saldiriyi-karsiliksiz-birakmayiz\\\/\"]}]},{\"@type\":\"ImageObject\",\"inLanguage\":\"tr\",\"@id\":\"https:\\\/\\\/kuzeyinsesi.org\\\/index.php\\\/2026\\\/09\\\/01\\\/iran-hicbir-saldiriyi-karsiliksiz-birakmayiz\\\/#primaryimage\",\"url\":\"https:\\\/\\\/kuzeyinsesi.org\\\/wp-content\\\/uploads\\\/2026\\\/05\\\/2442138.jpg\",\"contentUrl\":\"https:\\\/\\\/kuzeyinsesi.org\\\/wp-content\\\/uploads\\\/2026\\\/05\\\/2442138.jpg\",\"width\":1280,\"height\":720},{\"@type\":\"BreadcrumbList\",\"@id\":\"https:\\\/\\\/kuzeyinsesi.org\\\/index.php\\\/2026\\\/09\\\/01\\\/iran-hicbir-saldiriyi-karsiliksiz-birakmayiz\\\/#breadcrumb\",\"itemListElement\":[{\"@type\":\"ListItem\",\"position\":1,\"name\":\"Anasayfa\",\"item\":\"https:\\\/\\\/kuzeyinsesi.org\\\/\"},{\"@type\":\"ListItem\",\"position\":2,\"name\":\"\u0130ran: Hi\u00e7bir sald\u0131r\u0131y\u0131 kar\u015f\u0131l\u0131ks\u0131z b\u0131rakmay\u0131z\"}]},{\"@type\":\"WebSite\",\"@id\":\"https:\\\/\\\/kuzeyinsesi.org\\\/#website\",\"url\":\"https:\\\/\\\/kuzeyinsesi.org\\\/\",\"name\":\"Kuzeyin Sesi\",\"description\":\"Do\u011fru Haberin Adresi\",\"potentialAction\":[{\"@type\":\"SearchAction\",\"target\":{\"@type\":\"EntryPoint\",\"urlTemplate\":\"https:\\\/\\\/kuzeyinsesi.org\\\/?s={search_term_string}\"},\"query-input\":{\"@type\":\"PropertyValueSpecification\",\"valueRequired\":true,\"valueName\":\"search_term_string\"}}],\"inLanguage\":\"tr\"},{\"@type\":\"Person\",\"@id\":\"https:\\\/\\\/kuzeyinsesi.org\\\/#\\\/schema\\\/person\\\/9f859689cdf01485597712386e37f5aa\",\"name\":\"Kuzeyin Sesi\",\"image\":{\"@type\":\"ImageObject\",\"inLanguage\":\"tr\",\"@id\":\"https:\\\/\\\/secure.gravatar.com\\\/avatar\\\/bab33852abfd8b282518d6ed81826833d77c3c882d9ab608add591ccace47a44?s=96&d=mm&r=g\",\"url\":\"https:\\\/\\\/secure.gravatar.com\\\/avatar\\\/bab33852abfd8b282518d6ed81826833d77c3c882d9ab608add591ccace47a44?s=96&d=mm&r=g\",\"contentUrl\":\"https:\\\/\\\/secure.gravatar.com\\\/avatar\\\/bab33852abfd8b282518d6ed81826833d77c3c882d9ab608add591ccace47a44?s=96&d=mm&r=g\",\"caption\":\"Kuzeyin Sesi\"},\"sameAs\":[\"https:\\\/\\\/kuzeyinsesi.org\"],\"url\":\"https:\\\/\\\/kuzeyinsesi.org\\\/index.php\\\/author\\\/guven\\\/\"}]}<\/script>\n<!-- \/ Yoast SEO plugin. -->","yoast_head_json":{"title":"\u0130ran: Hi\u00e7bir sald\u0131r\u0131y\u0131 kar\u015f\u0131l\u0131ks\u0131z b\u0131rakmay\u0131z - Kuzeyin Sesi","robots":{"index":"index","follow":"follow","max-snippet":"max-snippet:-1","max-image-preview":"max-image-preview:large","max-video-preview":"max-video-preview:-1"},"canonical":"https:\/\/kuzeyinsesi.org\/index.php\/2026\/09\/01\/iran-hicbir-saldiriyi-karsiliksiz-birakmayiz\/","og_locale":"tr_TR","og_type":"article","og_title":"\u0130ran: Hi\u00e7bir sald\u0131r\u0131y\u0131 kar\u015f\u0131l\u0131ks\u0131z b\u0131rakmay\u0131z - Kuzeyin Sesi","og_description":"&#13; \u0130ran devlet televizyonuna g\u00f6re\u00a0\u0130ran D\u0131\u015fi\u015fleri Bakanl\u0131\u011f\u0131 S\u00f6zc\u00fcs\u00fc \u0130smail Bekayi, haftal\u0131k bas\u0131n toplant\u0131s\u0131nda ABD\u2019nin Lark Adas\u0131\u2019na y\u00f6nelik sald\u0131r\u0131s\u0131n\u0131n \u0130ran a\u00e7\u0131s\u0131ndan yeni bir durum olmad\u0131\u011f\u0131n\u0131 belirtti. &#13; &#8220;Silahl\u0131 Kuvvetlerimiz hi\u00e7bir sald\u0131r\u0131y\u0131 kar\u015f\u0131l\u0131ks\u0131z b\u0131rakmayacak&#8221; ifadelerini kullanan \u0130ranl\u0131 S\u00f6zc\u00fc, Washington y\u00f6netiminin a\u015f\u0131r\u0131 taleplerde bulunmay\u0131 al\u0131\u015fkanl\u0131k haline getirdi\u011fini ve m\u00fczakere kavram\u0131n\u0131 &#8220;dikte&#8221; ile kar\u0131\u015ft\u0131rd\u0131\u011f\u0131n\u0131 s\u00f6yledi. &#13; \u0130slamabad Mutabakat\u0131\u2019n\u0131n ak\u0131beti, [&hellip;]","og_url":"https:\/\/kuzeyinsesi.org\/index.php\/2026\/09\/01\/iran-hicbir-saldiriyi-karsiliksiz-birakmayiz\/","og_site_name":"Kuzeyin Sesi","article_publisher":"https:\/\/www.facebook.com\/kuzeyinsesii","article_published_time":"2026-09-01T14:03:03+00:00","og_image":[{"url":"https:\/\/trthaberstatic.cdn.wp.trt.com.tr\/resimler\/2442000\/2442138.jpg","type":"","width":"","height":""}],"author":"Kuzeyin Sesi","twitter_card":"summary_large_image","twitter_creator":"@kuzeyinsesii","twitter_site":"@kuzeyinsesii","twitter_misc":{"Yazan:":"Kuzeyin Sesi","Tahmini okuma s\u00fcresi":"2 dakika"},"schema":{"@context":"https:\/\/schema.org","@graph":[{"@type":"Article","@id":"https:\/\/kuzeyinsesi.org\/index.php\/2026\/09\/01\/iran-hicbir-saldiriyi-karsiliksiz-birakmayiz\/#article","isPartOf":{"@id":"https:\/\/kuzeyinsesi.org\/index.php\/2026\/09\/01\/iran-hicbir-saldiriyi-karsiliksiz-birakmayiz\/"},"author":{"name":"Kuzeyin Sesi","@id":"https:\/\/kuzeyinsesi.org\/#\/schema\/person\/9f859689cdf01485597712386e37f5aa"},"headline":"\u0130ran: Hi\u00e7bir sald\u0131r\u0131y\u0131 kar\u015f\u0131l\u0131ks\u0131z b\u0131rakmay\u0131z","datePublished":"2026-09-01T14:03:03+00:00","mainEntityOfPage":{"@id":"https:\/\/kuzeyinsesi.org\/index.php\/2026\/09\/01\/iran-hicbir-saldiriyi-karsiliksiz-birakmayiz\/"},"wordCount":372,"commentCount":0,"image":{"@id":"https:\/\/kuzeyinsesi.org\/index.php\/2026\/09\/01\/iran-hicbir-saldiriyi-karsiliksiz-birakmayiz\/#primaryimage"},"thumbnailUrl":"https:\/\/kuzeyinsesi.org\/wp-content\/uploads\/2026\/05\/2442138.jpg","articleSection":["D\u00fcnya"],"inLanguage":"tr","potentialAction":[{"@type":"CommentAction","name":"Comment","target":["https:\/\/kuzeyinsesi.org\/index.php\/2026\/09\/01\/iran-hicbir-saldiriyi-karsiliksiz-birakmayiz\/#respond"]}]},{"@type":"WebPage","@id":"https:\/\/kuzeyinsesi.org\/index.php\/2026\/09\/01\/iran-hicbir-saldiriyi-karsiliksiz-birakmayiz\/","url":"https:\/\/kuzeyinsesi.org\/index.php\/2026\/09\/01\/iran-hicbir-saldiriyi-karsiliksiz-birakmayiz\/","name":"\u0130ran: Hi\u00e7bir sald\u0131r\u0131y\u0131 kar\u015f\u0131l\u0131ks\u0131z b\u0131rakmay\u0131z - Kuzeyin Sesi","isPartOf":{"@id":"https:\/\/kuzeyinsesi.org\/#website"},"primaryImageOfPage":{"@id":"https:\/\/kuzeyinsesi.org\/index.php\/2026\/09\/01\/iran-hicbir-saldiriyi-karsiliksiz-birakmayiz\/#primaryimage"},"image":{"@id":"https:\/\/kuzeyinsesi.org\/index.php\/2026\/09\/01\/iran-hicbir-saldiriyi-karsiliksiz-birakmayiz\/#primaryimage"},"thumbnailUrl":"https:\/\/kuzeyinsesi.org\/wp-content\/uploads\/2026\/05\/2442138.jpg","datePublished":"2026-09-01T14:03:03+00:00","author":{"@id":"https:\/\/kuzeyinsesi.org\/#\/schema\/person\/9f859689cdf01485597712386e37f5aa"},"breadcrumb":{"@id":"https:\/\/kuzeyinsesi.org\/index.php\/2026\/09\/01\/iran-hicbir-saldiriyi-karsiliksiz-birakmayiz\/#breadcrumb"},"inLanguage":"tr","potentialAction":[{"@type":"ReadAction","target":["https:\/\/kuzeyinsesi.org\/index.php\/2026\/09\/01\/iran-hicbir-saldiriyi-karsiliksiz-birakmayiz\/"]}]},{"@type":"ImageObject","inLanguage":"tr","@id":"https:\/\/kuzeyinsesi.org\/index.php\/2026\/09\/01\/iran-hicbir-saldiriyi-karsiliksiz-birakmayiz\/#primaryimage","url":"https:\/\/kuzeyinsesi.org\/wp-content\/uploads\/2026\/05\/2442138.jpg","contentUrl":"https:\/\/kuzeyinsesi.org\/wp-content\/uploads\/2026\/05\/2442138.jpg","width":1280,"height":720},{"@type":"BreadcrumbList","@id":"https:\/\/kuzeyinsesi.org\/index.php\/2026\/09\/01\/iran-hicbir-saldiriyi-karsiliksiz-birakmayiz\/#breadcrumb","itemListElement":[{"@type":"ListItem","position":1,"name":"Anasayfa","item":"https:\/\/kuzeyinsesi.org\/"},{"@type":"ListItem","position":2,"name":"\u0130ran: Hi\u00e7bir sald\u0131r\u0131y\u0131 kar\u015f\u0131l\u0131ks\u0131z b\u0131rakmay\u0131z"}]},{"@type":"WebSite","@id":"https:\/\/kuzeyinsesi.org\/#website","url":"https:\/\/kuzeyinsesi.org\/","name":"Kuzeyin Sesi","description":"Do\u011fru Haberin Adresi","potentialAction":[{"@type":"SearchAction","target":{"@type":"EntryPoint","urlTemplate":"https:\/\/kuzeyinsesi.org\/?s={search_term_string}"},"query-input":{"@type":"PropertyValueSpecification","valueRequired":true,"valueName":"search_term_string"}}],"inLanguage":"tr"},{"@type":"Person","@id":"https:\/\/kuzeyinsesi.org\/#\/schema\/person\/9f859689cdf01485597712386e37f5aa","name":"Kuzeyin Sesi","image":{"@type":"ImageObject","inLanguage":"tr","@id":"https:\/\/secure.gravatar.com\/avatar\/bab33852abfd8b282518d6ed81826833d77c3c882d9ab608add591ccace47a44?s=96&d=mm&r=g","url":"https:\/\/secure.gravatar.com\/avatar\/bab33852abfd8b282518d6ed81826833d77c3c882d9ab608add591ccace47a44?s=96&d=mm&r=g","contentUrl":"https:\/\/secure.gravatar.com\/avatar\/bab33852abfd8b282518d6ed81826833d77c3c882d9ab608add591ccace47a44?s=96&d=mm&r=g","caption":"Kuzeyin Sesi"},"sameAs":["https:\/\/kuzeyinsesi.org"],"url":"https:\/\/kuzeyinsesi.org\/index.php\/author\/guven\/"}]}},"_links":{"self":[{"href":"https:\/\/kuzeyinsesi.org\/index.php\/wp-json\/wp\/v2\/posts\/45886","targetHints":{"allow":["GET"]}}],"collection":[{"href":"https:\/\/kuzeyinsesi.org\/index.php\/wp-json\/wp\/v2\/posts"}],"about":[{"href":"https:\/\/kuzeyinsesi.org\/index.php\/wp-json\/wp\/v2\/types\/post"}],"author":[{"embeddable":true,"href":"https:\/\/kuzeyinsesi.org\/index.php\/wp-json\/wp\/v2\/users\/1"}],"replies":[{"embeddable":true,"href":"https:\/\/kuzeyinsesi.org\/index.php\/wp-json\/wp\/v2\/comments?post=45886"}],"version-history":[{"count":0,"href":"https:\/\/kuzeyinsesi.org\/index.php\/wp-json\/wp\/v2\/posts\/45886\/revisions"}],"wp:featuredmedia":[{"embeddable":true,"href":"https:\/\/kuzeyinsesi.org\/index.php\/wp-json\/wp\/v2\/media\/38933"}],"wp:attachment":[{"href":"https:\/\/kuzeyinsesi.org\/index.php\/wp-json\/wp\/v2\/media?parent=45886"}],"wp:term":[{"taxonomy":"category","embeddable":true,"href":"https:\/\/kuzeyinsesi.org\/index.php\/wp-json\/wp\/v2\/categories?post=45886"},{"taxonomy":"post_tag","embeddable":true,"href":"https:\/\/kuzeyinsesi.org\/index.php\/wp-json\/wp\/v2\/tags?post=45886"}],"curies":[{"name":"wp","href":"https:\/\/api.w.org\/{rel}","templated":true}]}}