{"id":45885,"date":"2026-09-01T16:32:05","date_gmt":"2026-09-01T13:32:05","guid":{"rendered":"https:\/\/kuzeyinsesi.org\/index.php\/2026\/09\/01\/abd-venezueladaki-17-petrol-sahasinda-kontrol-sahibi-olacak\/"},"modified":"2026-09-01T16:32:05","modified_gmt":"2026-09-01T13:32:05","slug":"abd-venezueladaki-17-petrol-sahasinda-kontrol-sahibi-olacak","status":"publish","type":"post","link":"https:\/\/kuzeyinsesi.org\/index.php\/2026\/09\/01\/abd-venezueladaki-17-petrol-sahasinda-kontrol-sahibi-olacak\/","title":{"rendered":"ABD, Venezuela&#039;daki 17 petrol sahas\u0131nda kontrol sahibi olacak"},"content":{"rendered":"<p><\/p>\n<div>\n<p>&#13;<br \/>\n\tBeyaz Saray, Venezuela&#8217;daki 65 milyar varilden fazla <a href=\"https:\/\/www.trthaber.com\/etiket\/petrol\/\" target=\"_blank\">petrol<\/a> rezervinin kontrol\u00fcne ili\u015fkin Washington ile Caracas aras\u0131nda imzalanan petrol anla\u015fmas\u0131na dair a\u00e7\u0131klama yapt\u0131.<\/p>\n<p>&#13;<br \/>\n\tA\u00e7\u0131klamada, anla\u015fman\u0131n, &#8220;ABD&#8217;nin <a href=\"https:\/\/www.trthaber.com\/etiket\/enerji\/\" target=\"_blank\">enerji<\/a> \u00fcst\u00fcnl\u00fc\u011f\u00fcn\u00fc g\u00fcvence alt\u0131na almak ve Venezuela&#8217;n\u0131n ekonomik toparlanmas\u0131n\u0131 desteklemek&#8221; amac\u0131yla imzaland\u0131\u011f\u0131 belirtildi.<\/p>\n<p>&#13;<br \/>\n\tAnla\u015fman\u0131n ABD&#8217;ye, rezerv b\u00fcy\u00fckl\u00fc\u011f\u00fc bak\u0131m\u0131ndan d\u00fcnyan\u0131n en b\u00fcy\u00fck ikinci \u00f6zel petrol \u015firketi olmas\u0131 beklenen yeni Venezuelal\u0131 \u015firkette g\u00fc\u00e7l\u00fc y\u00f6netim yetkileri ve ekonomik pay\u0131n yan\u0131 s\u0131ra d\u00fc\u015f\u00fck maliyetle petrol sat\u0131n alma hakk\u0131 da sa\u011flad\u0131\u011f\u0131 ifade edildi.<\/p>\n<h2>&#13;<br \/>\n\t100 y\u0131ll\u0131k imtiyaz hakk\u0131<\/h2>\n<p>&#13;<br \/>\n\tAnla\u015fman\u0131n <a href=\"https:\/\/www.trthaber.com\/etiket\/abd\/\" target=\"_blank\">ABD<\/a> D\u0131\u015fi\u015fleri Bakan\u0131 Marco Rubio ve Savunma Bakan\u0131 Pete Hegseth taraf\u0131ndan imzaland\u0131\u011f\u0131 aktar\u0131lan a\u00e7\u0131klamada, Washington&#8217;\u0131n, 65 milyar varilden fazla kan\u0131tlanm\u0131\u015f rezerve sahip 17 petrol sahas\u0131 i\u00e7in 100 y\u0131ll\u0131k imtiyaz elde etti\u011fi kaydedildi.<\/p>\n<p>&#13;<br \/>\n\tA\u00e7\u0131klamada, Venezuela&#8217;daki milyonlarca varil ham petrol\u00fcn, ABD&#8217;deki rafinerilerde i\u015flenece\u011fi ve \u00fcretimde ise Amerikan <a href=\"https:\/\/www.trthaber.com\/etiket\/sondaj\/\" target=\"_blank\">sondaj<\/a> ekipmanlar\u0131 ve altyap\u0131s\u0131n\u0131n kullan\u0131laca\u011f\u0131 vurguland\u0131.<\/p>\n<p>&#13;<br \/>\n\tB\u00f6ylece ABD&#8217;de milyarlarca dolarl\u0131k yat\u0131r\u0131m\u0131n ve binlerce istihdam\u0131n desteklenece\u011fine i\u015faret edilen a\u00e7\u0131klamada, s\u00f6z konusu anla\u015fma ABD Ba\u015fkan\u0131 <a href=\"https:\/\/www.trthaber.com\/etiket\/donald-trump\/\" target=\"_blank\">Donald Trump<\/a> y\u00f6netiminin Venezuela&#8217;ya y\u00f6nelik &#8220;istikrar, yeniden in\u015fa ve demokratik ge\u00e7i\u015f plan\u0131n\u0131n \u00f6nemli bir par\u00e7as\u0131&#8221; olarak nitelendirildi.<\/p>\n<\/p><\/div>\n","protected":false},"excerpt":{"rendered":"<p>&#13; Beyaz Saray, Venezuela&#8217;daki 65 milyar varilden fazla petrol rezervinin kontrol\u00fcne ili\u015fkin Washington ile Caracas aras\u0131nda imzalanan petrol anla\u015fmas\u0131na dair a\u00e7\u0131klama yapt\u0131. &#13; A\u00e7\u0131klamada, anla\u015fman\u0131n, &#8220;ABD&#8217;nin enerji \u00fcst\u00fcnl\u00fc\u011f\u00fcn\u00fc g\u00fcvence alt\u0131na almak ve Venezuela&#8217;n\u0131n ekonomik toparlanmas\u0131n\u0131 desteklemek&#8221; amac\u0131yla imzaland\u0131\u011f\u0131 belirtildi. &#13; Anla\u015fman\u0131n ABD&#8217;ye, rezerv b\u00fcy\u00fckl\u00fc\u011f\u00fc bak\u0131m\u0131ndan d\u00fcnyan\u0131n en b\u00fcy\u00fck ikinci \u00f6zel petrol \u015firketi olmas\u0131 beklenen yeni [&hellip;]<\/p>\n","protected":false},"author":1,"featured_media":31872,"comment_status":"open","ping_status":"open","sticky":false,"template":"","format":"standard","meta":{"jnews-multi-image_gallery":[],"jnews_single_post":[],"jnews_primary_category":[],"jnews_social_meta":[],"jnews_override_counter":[],"footnotes":""},"categories":[2],"tags":[],"class_list":["post-45885","post","type-post","status-publish","format-standard","has-post-thumbnail","hentry","category-dunya"],"yoast_head":"<!-- This site is optimized with the Yoast SEO plugin v28.3 - https:\/\/yoast.com\/product\/yoast-seo-wordpress\/ -->\n<title>ABD, Venezuela&#039;daki 17 petrol sahas\u0131nda kontrol sahibi olacak - Kuzeyin Sesi<\/title>\n<meta name=\"robots\" content=\"index, follow, max-snippet:-1, max-image-preview:large, max-video-preview:-1\" \/>\n<link rel=\"canonical\" href=\"https:\/\/kuzeyinsesi.org\/index.php\/2026\/09\/01\/abd-venezueladaki-17-petrol-sahasinda-kontrol-sahibi-olacak\/\" \/>\n<meta property=\"og:locale\" content=\"tr_TR\" \/>\n<meta property=\"og:type\" content=\"article\" \/>\n<meta property=\"og:title\" content=\"ABD, Venezuela&#039;daki 17 petrol sahas\u0131nda kontrol sahibi olacak - Kuzeyin Sesi\" \/>\n<meta property=\"og:description\" content=\"&#013; Beyaz Saray, Venezuela&#8217;daki 65 milyar varilden fazla petrol rezervinin kontrol\u00fcne ili\u015fkin Washington ile Caracas aras\u0131nda imzalanan petrol anla\u015fmas\u0131na dair a\u00e7\u0131klama yapt\u0131. &#013; A\u00e7\u0131klamada, anla\u015fman\u0131n, &#8220;ABD&#8217;nin enerji \u00fcst\u00fcnl\u00fc\u011f\u00fcn\u00fc g\u00fcvence alt\u0131na almak ve Venezuela&#8217;n\u0131n ekonomik toparlanmas\u0131n\u0131 desteklemek&#8221; amac\u0131yla imzaland\u0131\u011f\u0131 belirtildi. &#013; Anla\u015fman\u0131n ABD&#8217;ye, rezerv b\u00fcy\u00fckl\u00fc\u011f\u00fc bak\u0131m\u0131ndan d\u00fcnyan\u0131n en b\u00fcy\u00fck ikinci \u00f6zel petrol \u015firketi olmas\u0131 beklenen yeni [&hellip;]\" \/>\n<meta property=\"og:url\" content=\"https:\/\/kuzeyinsesi.org\/index.php\/2026\/09\/01\/abd-venezueladaki-17-petrol-sahasinda-kontrol-sahibi-olacak\/\" \/>\n<meta property=\"og:site_name\" content=\"Kuzeyin Sesi\" \/>\n<meta property=\"article:publisher\" content=\"https:\/\/www.facebook.com\/kuzeyinsesii\" \/>\n<meta property=\"article:published_time\" content=\"2026-09-01T13:32:05+00:00\" \/>\n<meta property=\"og:image\" content=\"https:\/\/trthaberstatic.cdn.wp.trt.com.tr\/resimler\/2200000\/petrol-2201740.jpg\" \/>\n<meta name=\"author\" content=\"Kuzeyin Sesi\" \/>\n<meta name=\"twitter:card\" content=\"summary_large_image\" \/>\n<meta name=\"twitter:creator\" content=\"@kuzeyinsesii\" \/>\n<meta name=\"twitter:site\" content=\"@kuzeyinsesii\" \/>\n<meta name=\"twitter:label1\" content=\"Yazan:\" \/>\n\t<meta name=\"twitter:data1\" content=\"Kuzeyin Sesi\" \/>\n\t<meta name=\"twitter:label2\" content=\"Tahmini okuma s\u00fcresi\" \/>\n\t<meta name=\"twitter:data2\" content=\"1 dakika\" \/>\n<script type=\"application\/ld+json\" class=\"yoast-schema-graph\">{\"@context\":\"https:\\\/\\\/schema.org\",\"@graph\":[{\"@type\":\"Article\",\"@id\":\"https:\\\/\\\/kuzeyinsesi.org\\\/index.php\\\/2026\\\/09\\\/01\\\/abd-venezueladaki-17-petrol-sahasinda-kontrol-sahibi-olacak\\\/#article\",\"isPartOf\":{\"@id\":\"https:\\\/\\\/kuzeyinsesi.org\\\/index.php\\\/2026\\\/09\\\/01\\\/abd-venezueladaki-17-petrol-sahasinda-kontrol-sahibi-olacak\\\/\"},\"author\":{\"name\":\"Kuzeyin Sesi\",\"@id\":\"https:\\\/\\\/kuzeyinsesi.org\\\/#\\\/schema\\\/person\\\/9f859689cdf01485597712386e37f5aa\"},\"headline\":\"ABD, Venezuela&#039;daki 17 petrol sahas\u0131nda kontrol sahibi olacak\",\"datePublished\":\"2026-09-01T13:32:05+00:00\",\"mainEntityOfPage\":{\"@id\":\"https:\\\/\\\/kuzeyinsesi.org\\\/index.php\\\/2026\\\/09\\\/01\\\/abd-venezueladaki-17-petrol-sahasinda-kontrol-sahibi-olacak\\\/\"},\"wordCount\":249,\"commentCount\":0,\"image\":{\"@id\":\"https:\\\/\\\/kuzeyinsesi.org\\\/index.php\\\/2026\\\/09\\\/01\\\/abd-venezueladaki-17-petrol-sahasinda-kontrol-sahibi-olacak\\\/#primaryimage\"},\"thumbnailUrl\":\"https:\\\/\\\/kuzeyinsesi.org\\\/wp-content\\\/uploads\\\/2025\\\/09\\\/petrol-2201740.jpg\",\"articleSection\":[\"D\u00fcnya\"],\"inLanguage\":\"tr\",\"potentialAction\":[{\"@type\":\"CommentAction\",\"name\":\"Comment\",\"target\":[\"https:\\\/\\\/kuzeyinsesi.org\\\/index.php\\\/2026\\\/09\\\/01\\\/abd-venezueladaki-17-petrol-sahasinda-kontrol-sahibi-olacak\\\/#respond\"]}]},{\"@type\":\"WebPage\",\"@id\":\"https:\\\/\\\/kuzeyinsesi.org\\\/index.php\\\/2026\\\/09\\\/01\\\/abd-venezueladaki-17-petrol-sahasinda-kontrol-sahibi-olacak\\\/\",\"url\":\"https:\\\/\\\/kuzeyinsesi.org\\\/index.php\\\/2026\\\/09\\\/01\\\/abd-venezueladaki-17-petrol-sahasinda-kontrol-sahibi-olacak\\\/\",\"name\":\"ABD, Venezuela&#039;daki 17 petrol sahas\u0131nda kontrol sahibi olacak - Kuzeyin Sesi\",\"isPartOf\":{\"@id\":\"https:\\\/\\\/kuzeyinsesi.org\\\/#website\"},\"primaryImageOfPage\":{\"@id\":\"https:\\\/\\\/kuzeyinsesi.org\\\/index.php\\\/2026\\\/09\\\/01\\\/abd-venezueladaki-17-petrol-sahasinda-kontrol-sahibi-olacak\\\/#primaryimage\"},\"image\":{\"@id\":\"https:\\\/\\\/kuzeyinsesi.org\\\/index.php\\\/2026\\\/09\\\/01\\\/abd-venezueladaki-17-petrol-sahasinda-kontrol-sahibi-olacak\\\/#primaryimage\"},\"thumbnailUrl\":\"https:\\\/\\\/kuzeyinsesi.org\\\/wp-content\\\/uploads\\\/2025\\\/09\\\/petrol-2201740.jpg\",\"datePublished\":\"2026-09-01T13:32:05+00:00\",\"author\":{\"@id\":\"https:\\\/\\\/kuzeyinsesi.org\\\/#\\\/schema\\\/person\\\/9f859689cdf01485597712386e37f5aa\"},\"breadcrumb\":{\"@id\":\"https:\\\/\\\/kuzeyinsesi.org\\\/index.php\\\/2026\\\/09\\\/01\\\/abd-venezueladaki-17-petrol-sahasinda-kontrol-sahibi-olacak\\\/#breadcrumb\"},\"inLanguage\":\"tr\",\"potentialAction\":[{\"@type\":\"ReadAction\",\"target\":[\"https:\\\/\\\/kuzeyinsesi.org\\\/index.php\\\/2026\\\/09\\\/01\\\/abd-venezueladaki-17-petrol-sahasinda-kontrol-sahibi-olacak\\\/\"]}]},{\"@type\":\"ImageObject\",\"inLanguage\":\"tr\",\"@id\":\"https:\\\/\\\/kuzeyinsesi.org\\\/index.php\\\/2026\\\/09\\\/01\\\/abd-venezueladaki-17-petrol-sahasinda-kontrol-sahibi-olacak\\\/#primaryimage\",\"url\":\"https:\\\/\\\/kuzeyinsesi.org\\\/wp-content\\\/uploads\\\/2025\\\/09\\\/petrol-2201740.jpg\",\"contentUrl\":\"https:\\\/\\\/kuzeyinsesi.org\\\/wp-content\\\/uploads\\\/2025\\\/09\\\/petrol-2201740.jpg\",\"width\":1280,\"height\":720},{\"@type\":\"BreadcrumbList\",\"@id\":\"https:\\\/\\\/kuzeyinsesi.org\\\/index.php\\\/2026\\\/09\\\/01\\\/abd-venezueladaki-17-petrol-sahasinda-kontrol-sahibi-olacak\\\/#breadcrumb\",\"itemListElement\":[{\"@type\":\"ListItem\",\"position\":1,\"name\":\"Anasayfa\",\"item\":\"https:\\\/\\\/kuzeyinsesi.org\\\/\"},{\"@type\":\"ListItem\",\"position\":2,\"name\":\"ABD, Venezuela&#039;daki 17 petrol sahas\u0131nda kontrol sahibi olacak\"}]},{\"@type\":\"WebSite\",\"@id\":\"https:\\\/\\\/kuzeyinsesi.org\\\/#website\",\"url\":\"https:\\\/\\\/kuzeyinsesi.org\\\/\",\"name\":\"Kuzeyin Sesi\",\"description\":\"Do\u011fru Haberin Adresi\",\"potentialAction\":[{\"@type\":\"SearchAction\",\"target\":{\"@type\":\"EntryPoint\",\"urlTemplate\":\"https:\\\/\\\/kuzeyinsesi.org\\\/?s={search_term_string}\"},\"query-input\":{\"@type\":\"PropertyValueSpecification\",\"valueRequired\":true,\"valueName\":\"search_term_string\"}}],\"inLanguage\":\"tr\"},{\"@type\":\"Person\",\"@id\":\"https:\\\/\\\/kuzeyinsesi.org\\\/#\\\/schema\\\/person\\\/9f859689cdf01485597712386e37f5aa\",\"name\":\"Kuzeyin Sesi\",\"image\":{\"@type\":\"ImageObject\",\"inLanguage\":\"tr\",\"@id\":\"https:\\\/\\\/secure.gravatar.com\\\/avatar\\\/bab33852abfd8b282518d6ed81826833d77c3c882d9ab608add591ccace47a44?s=96&d=mm&r=g\",\"url\":\"https:\\\/\\\/secure.gravatar.com\\\/avatar\\\/bab33852abfd8b282518d6ed81826833d77c3c882d9ab608add591ccace47a44?s=96&d=mm&r=g\",\"contentUrl\":\"https:\\\/\\\/secure.gravatar.com\\\/avatar\\\/bab33852abfd8b282518d6ed81826833d77c3c882d9ab608add591ccace47a44?s=96&d=mm&r=g\",\"caption\":\"Kuzeyin Sesi\"},\"sameAs\":[\"https:\\\/\\\/kuzeyinsesi.org\"],\"url\":\"https:\\\/\\\/kuzeyinsesi.org\\\/index.php\\\/author\\\/guven\\\/\"}]}<\/script>\n<!-- \/ Yoast SEO plugin. -->","yoast_head_json":{"title":"ABD, Venezuela&#039;daki 17 petrol sahas\u0131nda kontrol sahibi olacak - Kuzeyin Sesi","robots":{"index":"index","follow":"follow","max-snippet":"max-snippet:-1","max-image-preview":"max-image-preview:large","max-video-preview":"max-video-preview:-1"},"canonical":"https:\/\/kuzeyinsesi.org\/index.php\/2026\/09\/01\/abd-venezueladaki-17-petrol-sahasinda-kontrol-sahibi-olacak\/","og_locale":"tr_TR","og_type":"article","og_title":"ABD, Venezuela&#039;daki 17 petrol sahas\u0131nda kontrol sahibi olacak - Kuzeyin Sesi","og_description":"&#13; Beyaz Saray, Venezuela&#8217;daki 65 milyar varilden fazla petrol rezervinin kontrol\u00fcne ili\u015fkin Washington ile Caracas aras\u0131nda imzalanan petrol anla\u015fmas\u0131na dair a\u00e7\u0131klama yapt\u0131. &#13; A\u00e7\u0131klamada, anla\u015fman\u0131n, &#8220;ABD&#8217;nin enerji \u00fcst\u00fcnl\u00fc\u011f\u00fcn\u00fc g\u00fcvence alt\u0131na almak ve Venezuela&#8217;n\u0131n ekonomik toparlanmas\u0131n\u0131 desteklemek&#8221; amac\u0131yla imzaland\u0131\u011f\u0131 belirtildi. &#13; Anla\u015fman\u0131n ABD&#8217;ye, rezerv b\u00fcy\u00fckl\u00fc\u011f\u00fc bak\u0131m\u0131ndan d\u00fcnyan\u0131n en b\u00fcy\u00fck ikinci \u00f6zel petrol \u015firketi olmas\u0131 beklenen yeni [&hellip;]","og_url":"https:\/\/kuzeyinsesi.org\/index.php\/2026\/09\/01\/abd-venezueladaki-17-petrol-sahasinda-kontrol-sahibi-olacak\/","og_site_name":"Kuzeyin Sesi","article_publisher":"https:\/\/www.facebook.com\/kuzeyinsesii","article_published_time":"2026-09-01T13:32:05+00:00","og_image":[{"url":"https:\/\/trthaberstatic.cdn.wp.trt.com.tr\/resimler\/2200000\/petrol-2201740.jpg","type":"","width":"","height":""}],"author":"Kuzeyin Sesi","twitter_card":"summary_large_image","twitter_creator":"@kuzeyinsesii","twitter_site":"@kuzeyinsesii","twitter_misc":{"Yazan:":"Kuzeyin Sesi","Tahmini okuma s\u00fcresi":"1 dakika"},"schema":{"@context":"https:\/\/schema.org","@graph":[{"@type":"Article","@id":"https:\/\/kuzeyinsesi.org\/index.php\/2026\/09\/01\/abd-venezueladaki-17-petrol-sahasinda-kontrol-sahibi-olacak\/#article","isPartOf":{"@id":"https:\/\/kuzeyinsesi.org\/index.php\/2026\/09\/01\/abd-venezueladaki-17-petrol-sahasinda-kontrol-sahibi-olacak\/"},"author":{"name":"Kuzeyin Sesi","@id":"https:\/\/kuzeyinsesi.org\/#\/schema\/person\/9f859689cdf01485597712386e37f5aa"},"headline":"ABD, Venezuela&#039;daki 17 petrol sahas\u0131nda kontrol sahibi olacak","datePublished":"2026-09-01T13:32:05+00:00","mainEntityOfPage":{"@id":"https:\/\/kuzeyinsesi.org\/index.php\/2026\/09\/01\/abd-venezueladaki-17-petrol-sahasinda-kontrol-sahibi-olacak\/"},"wordCount":249,"commentCount":0,"image":{"@id":"https:\/\/kuzeyinsesi.org\/index.php\/2026\/09\/01\/abd-venezueladaki-17-petrol-sahasinda-kontrol-sahibi-olacak\/#primaryimage"},"thumbnailUrl":"https:\/\/kuzeyinsesi.org\/wp-content\/uploads\/2025\/09\/petrol-2201740.jpg","articleSection":["D\u00fcnya"],"inLanguage":"tr","potentialAction":[{"@type":"CommentAction","name":"Comment","target":["https:\/\/kuzeyinsesi.org\/index.php\/2026\/09\/01\/abd-venezueladaki-17-petrol-sahasinda-kontrol-sahibi-olacak\/#respond"]}]},{"@type":"WebPage","@id":"https:\/\/kuzeyinsesi.org\/index.php\/2026\/09\/01\/abd-venezueladaki-17-petrol-sahasinda-kontrol-sahibi-olacak\/","url":"https:\/\/kuzeyinsesi.org\/index.php\/2026\/09\/01\/abd-venezueladaki-17-petrol-sahasinda-kontrol-sahibi-olacak\/","name":"ABD, Venezuela&#039;daki 17 petrol sahas\u0131nda kontrol sahibi olacak - Kuzeyin Sesi","isPartOf":{"@id":"https:\/\/kuzeyinsesi.org\/#website"},"primaryImageOfPage":{"@id":"https:\/\/kuzeyinsesi.org\/index.php\/2026\/09\/01\/abd-venezueladaki-17-petrol-sahasinda-kontrol-sahibi-olacak\/#primaryimage"},"image":{"@id":"https:\/\/kuzeyinsesi.org\/index.php\/2026\/09\/01\/abd-venezueladaki-17-petrol-sahasinda-kontrol-sahibi-olacak\/#primaryimage"},"thumbnailUrl":"https:\/\/kuzeyinsesi.org\/wp-content\/uploads\/2025\/09\/petrol-2201740.jpg","datePublished":"2026-09-01T13:32:05+00:00","author":{"@id":"https:\/\/kuzeyinsesi.org\/#\/schema\/person\/9f859689cdf01485597712386e37f5aa"},"breadcrumb":{"@id":"https:\/\/kuzeyinsesi.org\/index.php\/2026\/09\/01\/abd-venezueladaki-17-petrol-sahasinda-kontrol-sahibi-olacak\/#breadcrumb"},"inLanguage":"tr","potentialAction":[{"@type":"ReadAction","target":["https:\/\/kuzeyinsesi.org\/index.php\/2026\/09\/01\/abd-venezueladaki-17-petrol-sahasinda-kontrol-sahibi-olacak\/"]}]},{"@type":"ImageObject","inLanguage":"tr","@id":"https:\/\/kuzeyinsesi.org\/index.php\/2026\/09\/01\/abd-venezueladaki-17-petrol-sahasinda-kontrol-sahibi-olacak\/#primaryimage","url":"https:\/\/kuzeyinsesi.org\/wp-content\/uploads\/2025\/09\/petrol-2201740.jpg","contentUrl":"https:\/\/kuzeyinsesi.org\/wp-content\/uploads\/2025\/09\/petrol-2201740.jpg","width":1280,"height":720},{"@type":"BreadcrumbList","@id":"https:\/\/kuzeyinsesi.org\/index.php\/2026\/09\/01\/abd-venezueladaki-17-petrol-sahasinda-kontrol-sahibi-olacak\/#breadcrumb","itemListElement":[{"@type":"ListItem","position":1,"name":"Anasayfa","item":"https:\/\/kuzeyinsesi.org\/"},{"@type":"ListItem","position":2,"name":"ABD, Venezuela&#039;daki 17 petrol sahas\u0131nda kontrol sahibi olacak"}]},{"@type":"WebSite","@id":"https:\/\/kuzeyinsesi.org\/#website","url":"https:\/\/kuzeyinsesi.org\/","name":"Kuzeyin Sesi","description":"Do\u011fru Haberin Adresi","potentialAction":[{"@type":"SearchAction","target":{"@type":"EntryPoint","urlTemplate":"https:\/\/kuzeyinsesi.org\/?s={search_term_string}"},"query-input":{"@type":"PropertyValueSpecification","valueRequired":true,"valueName":"search_term_string"}}],"inLanguage":"tr"},{"@type":"Person","@id":"https:\/\/kuzeyinsesi.org\/#\/schema\/person\/9f859689cdf01485597712386e37f5aa","name":"Kuzeyin Sesi","image":{"@type":"ImageObject","inLanguage":"tr","@id":"https:\/\/secure.gravatar.com\/avatar\/bab33852abfd8b282518d6ed81826833d77c3c882d9ab608add591ccace47a44?s=96&d=mm&r=g","url":"https:\/\/secure.gravatar.com\/avatar\/bab33852abfd8b282518d6ed81826833d77c3c882d9ab608add591ccace47a44?s=96&d=mm&r=g","contentUrl":"https:\/\/secure.gravatar.com\/avatar\/bab33852abfd8b282518d6ed81826833d77c3c882d9ab608add591ccace47a44?s=96&d=mm&r=g","caption":"Kuzeyin Sesi"},"sameAs":["https:\/\/kuzeyinsesi.org"],"url":"https:\/\/kuzeyinsesi.org\/index.php\/author\/guven\/"}]}},"_links":{"self":[{"href":"https:\/\/kuzeyinsesi.org\/index.php\/wp-json\/wp\/v2\/posts\/45885","targetHints":{"allow":["GET"]}}],"collection":[{"href":"https:\/\/kuzeyinsesi.org\/index.php\/wp-json\/wp\/v2\/posts"}],"about":[{"href":"https:\/\/kuzeyinsesi.org\/index.php\/wp-json\/wp\/v2\/types\/post"}],"author":[{"embeddable":true,"href":"https:\/\/kuzeyinsesi.org\/index.php\/wp-json\/wp\/v2\/users\/1"}],"replies":[{"embeddable":true,"href":"https:\/\/kuzeyinsesi.org\/index.php\/wp-json\/wp\/v2\/comments?post=45885"}],"version-history":[{"count":0,"href":"https:\/\/kuzeyinsesi.org\/index.php\/wp-json\/wp\/v2\/posts\/45885\/revisions"}],"wp:featuredmedia":[{"embeddable":true,"href":"https:\/\/kuzeyinsesi.org\/index.php\/wp-json\/wp\/v2\/media\/31872"}],"wp:attachment":[{"href":"https:\/\/kuzeyinsesi.org\/index.php\/wp-json\/wp\/v2\/media?parent=45885"}],"wp:term":[{"taxonomy":"category","embeddable":true,"href":"https:\/\/kuzeyinsesi.org\/index.php\/wp-json\/wp\/v2\/categories?post=45885"},{"taxonomy":"post_tag","embeddable":true,"href":"https:\/\/kuzeyinsesi.org\/index.php\/wp-json\/wp\/v2\/tags?post=45885"}],"curies":[{"name":"wp","href":"https:\/\/api.w.org\/{rel}","templated":true}]}}