{"id":45879,"date":"2026-09-01T15:30:07","date_gmt":"2026-09-01T12:30:07","guid":{"rendered":"https:\/\/kuzeyinsesi.org\/index.php\/2026\/09\/01\/plutonun-gezgenlik-tartismasi-20-yil-sonra-tekrar-gundemde\/"},"modified":"2026-09-01T15:30:07","modified_gmt":"2026-09-01T12:30:07","slug":"plutonun-gezgenlik-tartismasi-20-yil-sonra-tekrar-gundemde","status":"publish","type":"post","link":"https:\/\/kuzeyinsesi.org\/index.php\/2026\/09\/01\/plutonun-gezgenlik-tartismasi-20-yil-sonra-tekrar-gundemde\/","title":{"rendered":"Pl\u00fctonun gezgenlik tart\u0131\u015fmas\u0131 20 y\u0131l sonra tekrar g\u00fcndemde"},"content":{"rendered":"<p><\/p>\n<div>\n<p>&#13;<br \/>\n\tUluslararas\u0131 Astronomi Birli\u011fi&#8217;nin (IAU) A\u011fustos 2006&#8217;da yapt\u0131\u011f\u0131 oylaman\u0131n ard\u0131ndan Pl\u00fcton, b\u00fcy\u00fck gezegen stat\u00fcs\u00fcnden \u00e7\u0131kar\u0131larak c\u00fcce gezegen olarak s\u0131n\u0131fland\u0131r\u0131ld\u0131.<\/p>\n<p>&#13;<br \/>\n\tB\u00f6ylece G\u00fcne\u015f Sistemi&#8217;ndeki gezegen say\u0131s\u0131 dokuzdan sekize indi. O d\u00f6nemde \u00e7ok say\u0131da bilim insan\u0131 bu karardan rahats\u0131zd\u0131. Karar\u0131n temelinde ise Pl\u00fcton&#8217;a benzer b\u00fcy\u00fckl\u00fckteki Eris adl\u0131 g\u00f6k cisminin ke\u015ffedilmesi ve bunun ard\u0131ndan &#8220;Pl\u00fcton gezegense Eris de gezegen olmal\u0131&#8221; tart\u0131\u015fmas\u0131n\u0131n ba\u015flamas\u0131 yat\u0131yordu.<\/p>\n<h2>&#13;<br \/>\n\tGezegen i\u00e7in yeni tan\u0131m olu\u015fturuldu<\/h2>\n<p>&#13;<br \/>\n\tIAU, bir \u00e7\u00f6z\u00fcm aray\u0131\u015f\u0131yla gezegen i\u00e7in \u00fc\u00e7 maddelik bir tan\u0131m olu\u015fturdu. Ancak Pl\u00fcton&#8217;un bu kriterlerden &#8220;y\u00f6r\u00fcngesindeki b\u00f6lgeyi temizleme&#8221; \u015fart\u0131n\u0131 kar\u015f\u0131lamad\u0131\u011f\u0131 gerek\u00e7esiyle gezegenlikten \u00e7\u0131kar\u0131lmas\u0131, tart\u0131\u015fmay\u0131 sona erdirmedi. Aradan ge\u00e7en 20 y\u0131lda Pl\u00fcton&#8217;un gezegenlik stat\u00fcs\u00fc, bilim d\u00fcnyas\u0131nda ve kamuoyunda tart\u0131\u015f\u0131lmaya devam etti.<\/p>\n<p>&#13;<br \/>\n\tPl\u00fcton&#8217;un gezegenlikten \u00e7\u0131kar\u0131lmas\u0131na kar\u015f\u0131 \u00e7\u0131kanlar, karar\u0131n bilimsel gerek\u00e7elerinin yan\u0131 s\u0131ra oylaman\u0131n nas\u0131l yap\u0131ld\u0131\u011f\u0131na ve gezegen tan\u0131m\u0131n\u0131n kendisine de itiraz ediyor. Baz\u0131 bilim insanlar\u0131, Pl\u00fcton&#8217;un fiziksel \u00f6zelliklerinin gezegen kabul edilmesi i\u00e7in yeterli oldu\u011funu savunurken, baz\u0131lar\u0131 IAU&#8217;nun belirledi\u011fi kriterlerin bilimsel a\u00e7\u0131dan yetersiz oldu\u011funu d\u00fc\u015f\u00fcn\u00fcyor.<\/p>\n<p>&#13;<br \/>\n\tCentral Florida \u00dcniversitesi Stephen W. Hawking Mikrogravite <a href=\"https:\/\/www.trthaber.com\/etiket\/arastirma\/\" target=\"_blank\">Ara\u015ft\u0131rma<\/a> ve <a href=\"https:\/\/www.trthaber.com\/etiket\/egitim\/\" target=\"_blank\">E\u011fitim<\/a> Merkezi Direkt\u00f6r\u00fc Philip Metzger, &#8220;Olu\u015fturduklar\u0131 gezegen tan\u0131m\u0131n\u0131 hi\u00e7bir \u015fekilde kullanamazs\u0131n\u0131z. Bu tan\u0131m, gezegen kavram\u0131n\u0131 bilimde tamamen kullan\u0131\u015fs\u0131z hale getiriyor&#8221; dedi.<\/p>\n<p>&#13;<br \/>\n\tMetzger, Pl\u00fcton&#8217;un gezegenlikten \u00e7\u0131kar\u0131lmas\u0131n\u0131n b\u00fcy\u00fck bir hata oldu\u011funu d\u00fc\u015f\u00fcnen bilim insanlar\u0131ndan biri.<\/p>\n<h2>&#13;<br \/>\n\tPl\u00fcton direni\u015fi<\/h2>\n<p>&#13;<br \/>\n\tBaz\u0131lar\u0131 i\u00e7inse IAU&#8217;nun karar\u0131 ve karar\u0131n al\u0131n\u0131\u015f \u015fekli tart\u0131\u015fman\u0131n merkezinde yer al\u0131yor. Yazar, oyuncu ve amat\u00f6r astronom Laurel Kornfeld, &#8220;Pl\u00fcton&#8217;u savunmaya ba\u015flamam, oylaman\u0131n yap\u0131ld\u0131\u011f\u0131 g\u00fcn oldu. &#8216;Bir dakika, bu yanl\u0131\u015f&#8217; diye d\u00fc\u015f\u00fcnd\u00fcm.&#8221; dedi.<\/p>\n<p>&#13;<br \/>\n\tKornfeld, \u00fczerinde &#8220;Pl\u00fcton Direni\u015fi, 20 y\u0131l: 2006-2026&#8221; yaz\u0131l\u0131 bir ti\u015f\u00f6rtle Pl\u00fcton&#8217;un yeniden gezegen ilan edilmesini savunuyor.<\/p>\n<p>&#13;<br \/>\n\tPl\u00fcton&#8217;un yeniden gezegen ilan edilmesi kampanyas\u0131, tutkulu savunucular\u0131, devam eden tart\u0131\u015fmalar\u0131, zaman zaman d\u00fczenlenen protestolar\u0131 ve dilek\u00e7eleriyle b\u00fcy\u00fck \u00f6l\u00e7\u00fcde <a href=\"https:\/\/www.trthaber.com\/etiket\/abd\/\" target=\"_blank\">ABD<\/a> ile s\u0131n\u0131rl\u0131 g\u00f6r\u00fcn\u00fcyor.<\/p>\n<p>&#13;<br \/>\n\tMetzger, &#8220;Bu daha \u00e7ok ABD&#8217;de bir mesele. Bunu ke\u015ffeden bizdik&#8221; dedi.<\/p>\n<h2>&#13;<br \/>\n\t&#8216;Pl\u00fcton&#8217;u yeniden gezegen yap\u0131n&#8217;<\/h2>\n<p>&#13;<br \/>\n\tPl\u00fcton&#8217;un gezegenlikten \u00e7\u0131kar\u0131lmas\u0131n\u0131n ABD a\u00e7\u0131s\u0131ndan bir gurur meselesi olup olmad\u0131\u011f\u0131 sorusuna ise &#8220;Halk aras\u0131nda biraz \u00f6yle oldu\u011funu kabul edebilirim, bilim insanlar\u0131 aras\u0131nda de\u011fil.&#8221; yan\u0131t\u0131n\u0131 verdi.<\/p>\n<p>&#13;<br \/>\n\tSon d\u00f6nemde kampanya pop\u00fclist bir nitelik de kazand\u0131. ABD Ba\u015fkan\u0131 Donald Trump&#8217;\u0131n atad\u0131\u011f\u0131 <a href=\"https:\/\/www.trthaber.com\/etiket\/nasa\/\" target=\"_blank\">NASA<\/a> Y\u00f6neticisi Jared Isaacman, nisanda Kongre komitesinde yapt\u0131\u011f\u0131 konu\u015fmada Pl\u00fcton&#8217;un stat\u00fcs\u00fcn\u00fcn yeniden de\u011ferlendirilmesinden yana oldu\u011funu s\u00f6yledi ve &#8220;Pl\u00fcton&#8217;u yeniden gezegen yap\u0131n&#8221; kampanyas\u0131n\u0131 destekledi\u011fini belirtti.<\/p>\n<\/p><\/div>\n","protected":false},"excerpt":{"rendered":"<p>&#13; Uluslararas\u0131 Astronomi Birli\u011fi&#8217;nin (IAU) A\u011fustos 2006&#8217;da yapt\u0131\u011f\u0131 oylaman\u0131n ard\u0131ndan Pl\u00fcton, b\u00fcy\u00fck gezegen stat\u00fcs\u00fcnden \u00e7\u0131kar\u0131larak c\u00fcce gezegen olarak s\u0131n\u0131fland\u0131r\u0131ld\u0131. &#13; B\u00f6ylece G\u00fcne\u015f Sistemi&#8217;ndeki gezegen say\u0131s\u0131 dokuzdan sekize indi. O d\u00f6nemde \u00e7ok say\u0131da bilim insan\u0131 bu karardan rahats\u0131zd\u0131. Karar\u0131n temelinde ise Pl\u00fcton&#8217;a benzer b\u00fcy\u00fckl\u00fckteki Eris adl\u0131 g\u00f6k cisminin ke\u015ffedilmesi ve bunun ard\u0131ndan &#8220;Pl\u00fcton gezegense Eris de [&hellip;]<\/p>\n","protected":false},"author":1,"featured_media":45880,"comment_status":"open","ping_status":"open","sticky":false,"template":"","format":"standard","meta":{"jnews-multi-image_gallery":[],"jnews_single_post":[],"jnews_primary_category":[],"jnews_social_meta":[],"jnews_override_counter":[],"footnotes":""},"categories":[2],"tags":[],"class_list":["post-45879","post","type-post","status-publish","format-standard","has-post-thumbnail","hentry","category-dunya"],"yoast_head":"<!-- This site is optimized with the Yoast SEO plugin v28.3 - https:\/\/yoast.com\/product\/yoast-seo-wordpress\/ -->\n<title>Pl\u00fctonun gezgenlik tart\u0131\u015fmas\u0131 20 y\u0131l sonra tekrar g\u00fcndemde - Kuzeyin Sesi<\/title>\n<meta name=\"robots\" content=\"index, follow, max-snippet:-1, max-image-preview:large, max-video-preview:-1\" \/>\n<link rel=\"canonical\" href=\"https:\/\/kuzeyinsesi.org\/index.php\/2026\/09\/01\/plutonun-gezgenlik-tartismasi-20-yil-sonra-tekrar-gundemde\/\" \/>\n<meta property=\"og:locale\" content=\"tr_TR\" \/>\n<meta property=\"og:type\" content=\"article\" \/>\n<meta property=\"og:title\" content=\"Pl\u00fctonun gezgenlik tart\u0131\u015fmas\u0131 20 y\u0131l sonra tekrar g\u00fcndemde - Kuzeyin Sesi\" \/>\n<meta property=\"og:description\" content=\"&#013; Uluslararas\u0131 Astronomi Birli\u011fi&#8217;nin (IAU) A\u011fustos 2006&#8217;da yapt\u0131\u011f\u0131 oylaman\u0131n ard\u0131ndan Pl\u00fcton, b\u00fcy\u00fck gezegen stat\u00fcs\u00fcnden \u00e7\u0131kar\u0131larak c\u00fcce gezegen olarak s\u0131n\u0131fland\u0131r\u0131ld\u0131. &#013; B\u00f6ylece G\u00fcne\u015f Sistemi&#8217;ndeki gezegen say\u0131s\u0131 dokuzdan sekize indi. O d\u00f6nemde \u00e7ok say\u0131da bilim insan\u0131 bu karardan rahats\u0131zd\u0131. Karar\u0131n temelinde ise Pl\u00fcton&#8217;a benzer b\u00fcy\u00fckl\u00fckteki Eris adl\u0131 g\u00f6k cisminin ke\u015ffedilmesi ve bunun ard\u0131ndan &#8220;Pl\u00fcton gezegense Eris de [&hellip;]\" \/>\n<meta property=\"og:url\" content=\"https:\/\/kuzeyinsesi.org\/index.php\/2026\/09\/01\/plutonun-gezgenlik-tartismasi-20-yil-sonra-tekrar-gundemde\/\" \/>\n<meta property=\"og:site_name\" content=\"Kuzeyin Sesi\" \/>\n<meta property=\"article:publisher\" content=\"https:\/\/www.facebook.com\/kuzeyinsesii\" \/>\n<meta property=\"article:published_time\" content=\"2026-09-01T12:30:07+00:00\" \/>\n<meta property=\"og:image\" content=\"https:\/\/trthaberstatic.cdn.wp.trt.com.tr\/resimler\/2214000\/pluton-2214708.jpg\" \/>\n<meta name=\"author\" content=\"Kuzeyin Sesi\" \/>\n<meta name=\"twitter:card\" content=\"summary_large_image\" \/>\n<meta name=\"twitter:creator\" content=\"@kuzeyinsesii\" \/>\n<meta name=\"twitter:site\" content=\"@kuzeyinsesii\" \/>\n<meta name=\"twitter:label1\" content=\"Yazan:\" \/>\n\t<meta name=\"twitter:data1\" content=\"Kuzeyin Sesi\" \/>\n\t<meta name=\"twitter:label2\" content=\"Tahmini okuma s\u00fcresi\" \/>\n\t<meta name=\"twitter:data2\" content=\"3 dakika\" \/>\n<script type=\"application\/ld+json\" class=\"yoast-schema-graph\">{\"@context\":\"https:\\\/\\\/schema.org\",\"@graph\":[{\"@type\":\"Article\",\"@id\":\"https:\\\/\\\/kuzeyinsesi.org\\\/index.php\\\/2026\\\/09\\\/01\\\/plutonun-gezgenlik-tartismasi-20-yil-sonra-tekrar-gundemde\\\/#article\",\"isPartOf\":{\"@id\":\"https:\\\/\\\/kuzeyinsesi.org\\\/index.php\\\/2026\\\/09\\\/01\\\/plutonun-gezgenlik-tartismasi-20-yil-sonra-tekrar-gundemde\\\/\"},\"author\":{\"name\":\"Kuzeyin Sesi\",\"@id\":\"https:\\\/\\\/kuzeyinsesi.org\\\/#\\\/schema\\\/person\\\/9f859689cdf01485597712386e37f5aa\"},\"headline\":\"Pl\u00fctonun gezgenlik tart\u0131\u015fmas\u0131 20 y\u0131l sonra tekrar g\u00fcndemde\",\"datePublished\":\"2026-09-01T12:30:07+00:00\",\"mainEntityOfPage\":{\"@id\":\"https:\\\/\\\/kuzeyinsesi.org\\\/index.php\\\/2026\\\/09\\\/01\\\/plutonun-gezgenlik-tartismasi-20-yil-sonra-tekrar-gundemde\\\/\"},\"wordCount\":535,\"commentCount\":0,\"image\":{\"@id\":\"https:\\\/\\\/kuzeyinsesi.org\\\/index.php\\\/2026\\\/09\\\/01\\\/plutonun-gezgenlik-tartismasi-20-yil-sonra-tekrar-gundemde\\\/#primaryimage\"},\"thumbnailUrl\":\"https:\\\/\\\/kuzeyinsesi.org\\\/wp-content\\\/uploads\\\/2026\\\/09\\\/pluton-2214708.jpg\",\"articleSection\":[\"D\u00fcnya\"],\"inLanguage\":\"tr\",\"potentialAction\":[{\"@type\":\"CommentAction\",\"name\":\"Comment\",\"target\":[\"https:\\\/\\\/kuzeyinsesi.org\\\/index.php\\\/2026\\\/09\\\/01\\\/plutonun-gezgenlik-tartismasi-20-yil-sonra-tekrar-gundemde\\\/#respond\"]}]},{\"@type\":\"WebPage\",\"@id\":\"https:\\\/\\\/kuzeyinsesi.org\\\/index.php\\\/2026\\\/09\\\/01\\\/plutonun-gezgenlik-tartismasi-20-yil-sonra-tekrar-gundemde\\\/\",\"url\":\"https:\\\/\\\/kuzeyinsesi.org\\\/index.php\\\/2026\\\/09\\\/01\\\/plutonun-gezgenlik-tartismasi-20-yil-sonra-tekrar-gundemde\\\/\",\"name\":\"Pl\u00fctonun gezgenlik tart\u0131\u015fmas\u0131 20 y\u0131l sonra tekrar g\u00fcndemde - Kuzeyin Sesi\",\"isPartOf\":{\"@id\":\"https:\\\/\\\/kuzeyinsesi.org\\\/#website\"},\"primaryImageOfPage\":{\"@id\":\"https:\\\/\\\/kuzeyinsesi.org\\\/index.php\\\/2026\\\/09\\\/01\\\/plutonun-gezgenlik-tartismasi-20-yil-sonra-tekrar-gundemde\\\/#primaryimage\"},\"image\":{\"@id\":\"https:\\\/\\\/kuzeyinsesi.org\\\/index.php\\\/2026\\\/09\\\/01\\\/plutonun-gezgenlik-tartismasi-20-yil-sonra-tekrar-gundemde\\\/#primaryimage\"},\"thumbnailUrl\":\"https:\\\/\\\/kuzeyinsesi.org\\\/wp-content\\\/uploads\\\/2026\\\/09\\\/pluton-2214708.jpg\",\"datePublished\":\"2026-09-01T12:30:07+00:00\",\"author\":{\"@id\":\"https:\\\/\\\/kuzeyinsesi.org\\\/#\\\/schema\\\/person\\\/9f859689cdf01485597712386e37f5aa\"},\"breadcrumb\":{\"@id\":\"https:\\\/\\\/kuzeyinsesi.org\\\/index.php\\\/2026\\\/09\\\/01\\\/plutonun-gezgenlik-tartismasi-20-yil-sonra-tekrar-gundemde\\\/#breadcrumb\"},\"inLanguage\":\"tr\",\"potentialAction\":[{\"@type\":\"ReadAction\",\"target\":[\"https:\\\/\\\/kuzeyinsesi.org\\\/index.php\\\/2026\\\/09\\\/01\\\/plutonun-gezgenlik-tartismasi-20-yil-sonra-tekrar-gundemde\\\/\"]}]},{\"@type\":\"ImageObject\",\"inLanguage\":\"tr\",\"@id\":\"https:\\\/\\\/kuzeyinsesi.org\\\/index.php\\\/2026\\\/09\\\/01\\\/plutonun-gezgenlik-tartismasi-20-yil-sonra-tekrar-gundemde\\\/#primaryimage\",\"url\":\"https:\\\/\\\/kuzeyinsesi.org\\\/wp-content\\\/uploads\\\/2026\\\/09\\\/pluton-2214708.jpg\",\"contentUrl\":\"https:\\\/\\\/kuzeyinsesi.org\\\/wp-content\\\/uploads\\\/2026\\\/09\\\/pluton-2214708.jpg\",\"width\":1280,\"height\":720},{\"@type\":\"BreadcrumbList\",\"@id\":\"https:\\\/\\\/kuzeyinsesi.org\\\/index.php\\\/2026\\\/09\\\/01\\\/plutonun-gezgenlik-tartismasi-20-yil-sonra-tekrar-gundemde\\\/#breadcrumb\",\"itemListElement\":[{\"@type\":\"ListItem\",\"position\":1,\"name\":\"Anasayfa\",\"item\":\"https:\\\/\\\/kuzeyinsesi.org\\\/\"},{\"@type\":\"ListItem\",\"position\":2,\"name\":\"Pl\u00fctonun gezgenlik tart\u0131\u015fmas\u0131 20 y\u0131l sonra tekrar g\u00fcndemde\"}]},{\"@type\":\"WebSite\",\"@id\":\"https:\\\/\\\/kuzeyinsesi.org\\\/#website\",\"url\":\"https:\\\/\\\/kuzeyinsesi.org\\\/\",\"name\":\"Kuzeyin Sesi\",\"description\":\"Do\u011fru Haberin Adresi\",\"potentialAction\":[{\"@type\":\"SearchAction\",\"target\":{\"@type\":\"EntryPoint\",\"urlTemplate\":\"https:\\\/\\\/kuzeyinsesi.org\\\/?s={search_term_string}\"},\"query-input\":{\"@type\":\"PropertyValueSpecification\",\"valueRequired\":true,\"valueName\":\"search_term_string\"}}],\"inLanguage\":\"tr\"},{\"@type\":\"Person\",\"@id\":\"https:\\\/\\\/kuzeyinsesi.org\\\/#\\\/schema\\\/person\\\/9f859689cdf01485597712386e37f5aa\",\"name\":\"Kuzeyin Sesi\",\"image\":{\"@type\":\"ImageObject\",\"inLanguage\":\"tr\",\"@id\":\"https:\\\/\\\/secure.gravatar.com\\\/avatar\\\/bab33852abfd8b282518d6ed81826833d77c3c882d9ab608add591ccace47a44?s=96&d=mm&r=g\",\"url\":\"https:\\\/\\\/secure.gravatar.com\\\/avatar\\\/bab33852abfd8b282518d6ed81826833d77c3c882d9ab608add591ccace47a44?s=96&d=mm&r=g\",\"contentUrl\":\"https:\\\/\\\/secure.gravatar.com\\\/avatar\\\/bab33852abfd8b282518d6ed81826833d77c3c882d9ab608add591ccace47a44?s=96&d=mm&r=g\",\"caption\":\"Kuzeyin Sesi\"},\"sameAs\":[\"https:\\\/\\\/kuzeyinsesi.org\"],\"url\":\"https:\\\/\\\/kuzeyinsesi.org\\\/index.php\\\/author\\\/guven\\\/\"}]}<\/script>\n<!-- \/ Yoast SEO plugin. -->","yoast_head_json":{"title":"Pl\u00fctonun gezgenlik tart\u0131\u015fmas\u0131 20 y\u0131l sonra tekrar g\u00fcndemde - Kuzeyin Sesi","robots":{"index":"index","follow":"follow","max-snippet":"max-snippet:-1","max-image-preview":"max-image-preview:large","max-video-preview":"max-video-preview:-1"},"canonical":"https:\/\/kuzeyinsesi.org\/index.php\/2026\/09\/01\/plutonun-gezgenlik-tartismasi-20-yil-sonra-tekrar-gundemde\/","og_locale":"tr_TR","og_type":"article","og_title":"Pl\u00fctonun gezgenlik tart\u0131\u015fmas\u0131 20 y\u0131l sonra tekrar g\u00fcndemde - Kuzeyin Sesi","og_description":"&#13; Uluslararas\u0131 Astronomi Birli\u011fi&#8217;nin (IAU) A\u011fustos 2006&#8217;da yapt\u0131\u011f\u0131 oylaman\u0131n ard\u0131ndan Pl\u00fcton, b\u00fcy\u00fck gezegen stat\u00fcs\u00fcnden \u00e7\u0131kar\u0131larak c\u00fcce gezegen olarak s\u0131n\u0131fland\u0131r\u0131ld\u0131. &#13; B\u00f6ylece G\u00fcne\u015f Sistemi&#8217;ndeki gezegen say\u0131s\u0131 dokuzdan sekize indi. O d\u00f6nemde \u00e7ok say\u0131da bilim insan\u0131 bu karardan rahats\u0131zd\u0131. Karar\u0131n temelinde ise Pl\u00fcton&#8217;a benzer b\u00fcy\u00fckl\u00fckteki Eris adl\u0131 g\u00f6k cisminin ke\u015ffedilmesi ve bunun ard\u0131ndan &#8220;Pl\u00fcton gezegense Eris de [&hellip;]","og_url":"https:\/\/kuzeyinsesi.org\/index.php\/2026\/09\/01\/plutonun-gezgenlik-tartismasi-20-yil-sonra-tekrar-gundemde\/","og_site_name":"Kuzeyin Sesi","article_publisher":"https:\/\/www.facebook.com\/kuzeyinsesii","article_published_time":"2026-09-01T12:30:07+00:00","og_image":[{"url":"https:\/\/trthaberstatic.cdn.wp.trt.com.tr\/resimler\/2214000\/pluton-2214708.jpg","type":"","width":"","height":""}],"author":"Kuzeyin Sesi","twitter_card":"summary_large_image","twitter_creator":"@kuzeyinsesii","twitter_site":"@kuzeyinsesii","twitter_misc":{"Yazan:":"Kuzeyin Sesi","Tahmini okuma s\u00fcresi":"3 dakika"},"schema":{"@context":"https:\/\/schema.org","@graph":[{"@type":"Article","@id":"https:\/\/kuzeyinsesi.org\/index.php\/2026\/09\/01\/plutonun-gezgenlik-tartismasi-20-yil-sonra-tekrar-gundemde\/#article","isPartOf":{"@id":"https:\/\/kuzeyinsesi.org\/index.php\/2026\/09\/01\/plutonun-gezgenlik-tartismasi-20-yil-sonra-tekrar-gundemde\/"},"author":{"name":"Kuzeyin Sesi","@id":"https:\/\/kuzeyinsesi.org\/#\/schema\/person\/9f859689cdf01485597712386e37f5aa"},"headline":"Pl\u00fctonun gezgenlik tart\u0131\u015fmas\u0131 20 y\u0131l sonra tekrar g\u00fcndemde","datePublished":"2026-09-01T12:30:07+00:00","mainEntityOfPage":{"@id":"https:\/\/kuzeyinsesi.org\/index.php\/2026\/09\/01\/plutonun-gezgenlik-tartismasi-20-yil-sonra-tekrar-gundemde\/"},"wordCount":535,"commentCount":0,"image":{"@id":"https:\/\/kuzeyinsesi.org\/index.php\/2026\/09\/01\/plutonun-gezgenlik-tartismasi-20-yil-sonra-tekrar-gundemde\/#primaryimage"},"thumbnailUrl":"https:\/\/kuzeyinsesi.org\/wp-content\/uploads\/2026\/09\/pluton-2214708.jpg","articleSection":["D\u00fcnya"],"inLanguage":"tr","potentialAction":[{"@type":"CommentAction","name":"Comment","target":["https:\/\/kuzeyinsesi.org\/index.php\/2026\/09\/01\/plutonun-gezgenlik-tartismasi-20-yil-sonra-tekrar-gundemde\/#respond"]}]},{"@type":"WebPage","@id":"https:\/\/kuzeyinsesi.org\/index.php\/2026\/09\/01\/plutonun-gezgenlik-tartismasi-20-yil-sonra-tekrar-gundemde\/","url":"https:\/\/kuzeyinsesi.org\/index.php\/2026\/09\/01\/plutonun-gezgenlik-tartismasi-20-yil-sonra-tekrar-gundemde\/","name":"Pl\u00fctonun gezgenlik tart\u0131\u015fmas\u0131 20 y\u0131l sonra tekrar g\u00fcndemde - Kuzeyin Sesi","isPartOf":{"@id":"https:\/\/kuzeyinsesi.org\/#website"},"primaryImageOfPage":{"@id":"https:\/\/kuzeyinsesi.org\/index.php\/2026\/09\/01\/plutonun-gezgenlik-tartismasi-20-yil-sonra-tekrar-gundemde\/#primaryimage"},"image":{"@id":"https:\/\/kuzeyinsesi.org\/index.php\/2026\/09\/01\/plutonun-gezgenlik-tartismasi-20-yil-sonra-tekrar-gundemde\/#primaryimage"},"thumbnailUrl":"https:\/\/kuzeyinsesi.org\/wp-content\/uploads\/2026\/09\/pluton-2214708.jpg","datePublished":"2026-09-01T12:30:07+00:00","author":{"@id":"https:\/\/kuzeyinsesi.org\/#\/schema\/person\/9f859689cdf01485597712386e37f5aa"},"breadcrumb":{"@id":"https:\/\/kuzeyinsesi.org\/index.php\/2026\/09\/01\/plutonun-gezgenlik-tartismasi-20-yil-sonra-tekrar-gundemde\/#breadcrumb"},"inLanguage":"tr","potentialAction":[{"@type":"ReadAction","target":["https:\/\/kuzeyinsesi.org\/index.php\/2026\/09\/01\/plutonun-gezgenlik-tartismasi-20-yil-sonra-tekrar-gundemde\/"]}]},{"@type":"ImageObject","inLanguage":"tr","@id":"https:\/\/kuzeyinsesi.org\/index.php\/2026\/09\/01\/plutonun-gezgenlik-tartismasi-20-yil-sonra-tekrar-gundemde\/#primaryimage","url":"https:\/\/kuzeyinsesi.org\/wp-content\/uploads\/2026\/09\/pluton-2214708.jpg","contentUrl":"https:\/\/kuzeyinsesi.org\/wp-content\/uploads\/2026\/09\/pluton-2214708.jpg","width":1280,"height":720},{"@type":"BreadcrumbList","@id":"https:\/\/kuzeyinsesi.org\/index.php\/2026\/09\/01\/plutonun-gezgenlik-tartismasi-20-yil-sonra-tekrar-gundemde\/#breadcrumb","itemListElement":[{"@type":"ListItem","position":1,"name":"Anasayfa","item":"https:\/\/kuzeyinsesi.org\/"},{"@type":"ListItem","position":2,"name":"Pl\u00fctonun gezgenlik tart\u0131\u015fmas\u0131 20 y\u0131l sonra tekrar g\u00fcndemde"}]},{"@type":"WebSite","@id":"https:\/\/kuzeyinsesi.org\/#website","url":"https:\/\/kuzeyinsesi.org\/","name":"Kuzeyin Sesi","description":"Do\u011fru Haberin Adresi","potentialAction":[{"@type":"SearchAction","target":{"@type":"EntryPoint","urlTemplate":"https:\/\/kuzeyinsesi.org\/?s={search_term_string}"},"query-input":{"@type":"PropertyValueSpecification","valueRequired":true,"valueName":"search_term_string"}}],"inLanguage":"tr"},{"@type":"Person","@id":"https:\/\/kuzeyinsesi.org\/#\/schema\/person\/9f859689cdf01485597712386e37f5aa","name":"Kuzeyin Sesi","image":{"@type":"ImageObject","inLanguage":"tr","@id":"https:\/\/secure.gravatar.com\/avatar\/bab33852abfd8b282518d6ed81826833d77c3c882d9ab608add591ccace47a44?s=96&d=mm&r=g","url":"https:\/\/secure.gravatar.com\/avatar\/bab33852abfd8b282518d6ed81826833d77c3c882d9ab608add591ccace47a44?s=96&d=mm&r=g","contentUrl":"https:\/\/secure.gravatar.com\/avatar\/bab33852abfd8b282518d6ed81826833d77c3c882d9ab608add591ccace47a44?s=96&d=mm&r=g","caption":"Kuzeyin Sesi"},"sameAs":["https:\/\/kuzeyinsesi.org"],"url":"https:\/\/kuzeyinsesi.org\/index.php\/author\/guven\/"}]}},"_links":{"self":[{"href":"https:\/\/kuzeyinsesi.org\/index.php\/wp-json\/wp\/v2\/posts\/45879","targetHints":{"allow":["GET"]}}],"collection":[{"href":"https:\/\/kuzeyinsesi.org\/index.php\/wp-json\/wp\/v2\/posts"}],"about":[{"href":"https:\/\/kuzeyinsesi.org\/index.php\/wp-json\/wp\/v2\/types\/post"}],"author":[{"embeddable":true,"href":"https:\/\/kuzeyinsesi.org\/index.php\/wp-json\/wp\/v2\/users\/1"}],"replies":[{"embeddable":true,"href":"https:\/\/kuzeyinsesi.org\/index.php\/wp-json\/wp\/v2\/comments?post=45879"}],"version-history":[{"count":0,"href":"https:\/\/kuzeyinsesi.org\/index.php\/wp-json\/wp\/v2\/posts\/45879\/revisions"}],"wp:featuredmedia":[{"embeddable":true,"href":"https:\/\/kuzeyinsesi.org\/index.php\/wp-json\/wp\/v2\/media\/45880"}],"wp:attachment":[{"href":"https:\/\/kuzeyinsesi.org\/index.php\/wp-json\/wp\/v2\/media?parent=45879"}],"wp:term":[{"taxonomy":"category","embeddable":true,"href":"https:\/\/kuzeyinsesi.org\/index.php\/wp-json\/wp\/v2\/categories?post=45879"},{"taxonomy":"post_tag","embeddable":true,"href":"https:\/\/kuzeyinsesi.org\/index.php\/wp-json\/wp\/v2\/tags?post=45879"}],"curies":[{"name":"wp","href":"https:\/\/api.w.org\/{rel}","templated":true}]}}