{"id":45873,"date":"2026-09-01T13:57:03","date_gmt":"2026-09-01T10:57:03","guid":{"rendered":"https:\/\/kuzeyinsesi.org\/index.php\/2026\/09\/01\/misir-kralicesinin-673-pirlantali-kolyesi-calindi\/"},"modified":"2026-09-01T13:57:03","modified_gmt":"2026-09-01T10:57:03","slug":"misir-kralicesinin-673-pirlantali-kolyesi-calindi","status":"publish","type":"post","link":"https:\/\/kuzeyinsesi.org\/index.php\/2026\/09\/01\/misir-kralicesinin-673-pirlantali-kolyesi-calindi\/","title":{"rendered":"M\u0131s\u0131r krali\u00e7esinin 673 p\u0131rlantal\u0131 kolyesi \u00e7al\u0131nd\u0131"},"content":{"rendered":"<div>\n<p>&#13;<br \/>\n\t<a href=\"https:\/\/www.trthaber.com\/etiket\/avusturya\/\" target=\"_blank\">Avusturya<\/a> polisi, Viyana&#8217;daki bir m\u00fczeye \u00f6d\u00fcn\u00e7 verilen ve bir d\u00f6nem <a href=\"https:\/\/www.trthaber.com\/etiket\/misir\/\" target=\"_blank\">M\u0131s\u0131r<\/a> Krali\u00e7esi Nazl\u0131&#8217;ya ait olan, 673 p\u0131rlantayla s\u00fcsl\u00fc 200 karatl\u0131k <a href=\"https:\/\/www.trthaber.com\/etiket\/platin\/\" target=\"_blank\">platin<\/a> kolyeyi \u00e7ald\u0131klar\u0131 \u00f6ne s\u00fcr\u00fclen iki ki\u015fiyi ar\u0131yor.<\/p>\n<p>&#13;<br \/>\n\tYetkililer, Uygulamal\u0131 Sanatlar M\u00fczesi&#8217;nde (MAK) d\u00fczenlenen <a href=\"https:\/\/www.trthaber.com\/etiket\/hirsizlik\/\" target=\"_blank\">h\u0131rs\u0131zl\u0131k<\/a> s\u0131ras\u0131nda g\u00fcvenlik kameralar\u0131na yans\u0131yan \u015f\u00fcphelilerin foto\u011fraflar\u0131n\u0131 yay\u0131mlad\u0131.<\/p>\n<h2>&#13;<br \/>\n\tVitrini \u00e7eki\u00e7le k\u0131rd\u0131lar<\/h2>\n<p>&#13;<br \/>\n\tY\u00fczleri maskesiz olan iki ki\u015fi, per\u015fembe g\u00fcn\u00fc \u00f6\u011fleden sonra m\u00fczenin a\u00e7\u0131k oldu\u011fu saatlerde <a href=\"https:\/\/www.trthaber.com\/etiket\/sergi\/\" target=\"_blank\">sergi<\/a> i\u00e7in bilet ald\u0131ktan sonra cam vitrini \u00e7eki\u00e7le k\u0131rarak kolyeyi \u00e7ald\u0131. \u00a0<\/p>\n<p>&#13;<br \/>\n\t<a href=\"https:\/\/www.trthaber.com\/etiket\/polis\/\" target=\"_blank\">Polis<\/a> ekipleri \u015f\u00fcphelileri bulmak i\u00e7in kent merkezinde arama ba\u015flat\u0131rken, iz s\u00fcrme k\u00f6pe\u011fi de arama \u00e7al\u0131\u015fmalar\u0131nda kullan\u0131ld\u0131. Kronen gazetesi, soru\u015fturmac\u0131lar\u0131n iki ki\u015finin muhtemelen bir su\u00e7 \u00f6rg\u00fct\u00fc ad\u0131na &#8220;sipari\u015f \u00fczerine&#8221; hareket etti\u011fine inand\u0131\u011f\u0131n\u0131 yazd\u0131.<\/p>\n<p>&#13;<br \/>\n\tMAK, kolyenin hazirandan bu yana sergilenen ve Frans\u0131z m\u00fccevher tasar\u0131mc\u0131s\u0131 <a href=\"https:\/\/www.trthaber.com\/etiket\/van\/\" target=\"_blank\">Van<\/a> Cleef &amp; Arpels&#8217;in 300&#8217;den fazla eserinin yer ald\u0131\u011f\u0131 bir m\u00fccevher sergisinden \u00e7al\u0131nd\u0131\u011f\u0131n\u0131 bildirdi. Olayda yaralanan olmazken, h\u0131rs\u0131zl\u0131k s\u0131ras\u0131nda salonda \u00e7ok say\u0131da ki\u015finin bulundu\u011fu belirtildi.<br \/>&#13;<br \/>\n\t\u00a0 \u00a0 \u00a0 \u00a0 \u00a0 \u00a0 \u00a0 \u00a0 \u00a0 \u00a0 \u00a0 \u00a0 \u00a0 \u00a0 \u00a0 \u00a0 \u00a0 \u00a0 \u00a0 \u00a0 \u00a0 \u00a0 \u00a0 \u00a0 \u00a0 \u00a0<\/p>\n<p><\/p>\n<h2>&#13;<br \/>\n\tD\u00fc\u011f\u00fcnde tak\u0131lm\u0131\u015ft\u0131<\/h2>\n<p>&#13;<br \/>\n\tSergiye ili\u015fkin belgelerde, kolyenin M\u0131s\u0131r Krali\u00e7esi Nazl\u0131&#8217;ya ait oldu\u011fu ve Nazl\u0131&#8217;n\u0131n bu kolyeyi 1939&#8217;da k\u0131z\u0131 Fevziye&#8217;nin, daha sonra <a href=\"https:\/\/www.trthaber.com\/etiket\/iran\/\" target=\"_blank\">\u0130ran<\/a> \u015eah\u0131 olan d\u00f6nemin Veliaht Prensi Muhammed R\u0131za Pehlevi ile yapt\u0131\u011f\u0131 d\u00fc\u011f\u00fcnde takt\u0131\u011f\u0131 kaydedildi.<\/p>\n<p>&#13;<br \/>\n\tKolyenin 2015&#8217;te New York&#8217;taki Sotheby&#8217;s m\u00fczayede evinde 4,3 milyon dolara sat\u0131ld\u0131\u011f\u0131 belirtildi.<\/p>\n<p>&#13;<br \/>\n\tMAK, serginin kendi koleksiyonundaki eserlerin yan\u0131 s\u0131ra Van Cleef &amp; Arpels&#8217;in 120 y\u0131ll\u0131k tarihini kapsayan yakla\u015f\u0131k 200 &#8220;e\u015fsiz ve nadiren g\u00f6r\u00fclen objeyi&#8221; bir araya getirdi\u011fini a\u00e7\u0131klad\u0131.<\/p>\n<p>&#13;<br \/>\n\tCuma g\u00fcn\u00fc yap\u0131lmas\u0131 planlanan rehberli turun iptal edildi\u011fi, 27 Eyl\u00fcl&#8217;de sona ermesi planlanan serginin ise ge\u00e7ici olarak kapat\u0131ld\u0131\u011f\u0131 bildirildi.<br \/>&#13;<br \/>\n\t\u00a0 \u00a0 \u00a0 \u00a0 \u00a0 \u00a0 \u00a0 \u00a0 \u00a0 \u00a0 \u00a0 \u00a0 \u00a0 \u00a0 \u00a0 \u00a0 \u00a0 \u00a0 \u00a0 \u00a0 \u00a0 \u00a0 \u00a0 \u00a0 \u00a0 \u00a0\u00a0<\/p>\n<p><img decoding=\"async\" alt=\"M\u0131s\u0131r krali\u00e7esinin 673 p\u0131rlantal\u0131 kolyesi \u00e7al\u0131nd\u0131\" src=\"https:\/\/www.trthaber.com\/dosyalar\/images\/2936.jpg\"\/><\/p>\n<h2>&#13;<br \/>\n\tAvrupa m\u00fczelerinde h\u0131s\u0131zl\u0131k art\u0131yor<\/h2>\n<p>&#13;<br \/>\n\tAvrupa&#8217;daki m\u00fczeler, ge\u00e7en ekim ay\u0131nda h\u0131rs\u0131zlar\u0131n Paris&#8217;teki Louvre M\u00fczesinden yakla\u015f\u0131k 88 milyon euro de\u011ferindeki kraliyet m\u00fccevherlerini \u00e7almas\u0131n\u0131n ard\u0131ndan bir dizi y\u00fcksek profilli soygunun hedefi oldu.<\/p>\n<h2>&#13;<br \/>\n\t\u0130spanya&#8217;da <a href=\"https:\/\/www.trthaber.com\/etiket\/altin\/\" target=\"_blank\">alt\u0131n<\/a> eserler \u00e7al\u0131nd\u0131<\/h2>\n<p>&#13;<br \/>\n\t\u0130spanya&#8217;da per\u015fembe g\u00fcn\u00fc h\u0131rs\u0131zlar, Avrupa&#8217;n\u0131n en \u00f6nemli tarih \u00f6ncesi hazinelerinden biri olarak nitelendirilen Tun\u00e7 \u00c7a\u011f\u0131&#8217;na ait alt\u0131n eserlerden olu\u015fan Villena Hazinesi&#8217;ni \u00e7ald\u0131.<\/p>\n<p>&#13;<br \/>\n\tBu ay ayr\u0131ca, R\u00f6nesans sanat\u00e7\u0131s\u0131 Antonello da Messina&#8217;n\u0131n en \u00f6nemli d\u00f6rt eseri, \u0130talya&#8217;n\u0131n Sicilya Adas\u0131&#8217;ndaki Messina kentinde bulunan bir m\u00fczeden \u00e7al\u0131nd\u0131.<\/p>\n<h2>&#13;<br \/>\n\tH\u0131rs\u0131zl\u0131k i\u00e7in \u00e7e\u015fitli silahlar\u00a0kullan\u0131l\u0131yor<\/h2>\n<p>&#13;<br \/>\n\tEuropol&#8217;\u00fcn bu ay yay\u0131mlad\u0131\u011f\u0131 raporda da Avrupa&#8217;daki <a href=\"https:\/\/www.trthaber.com\/etiket\/muze\/\" target=\"_blank\">m\u00fcze<\/a> soygunlar\u0131n\u0131n giderek daha \u015fiddetli hale geldi\u011fi, h\u0131rs\u0131zlar\u0131n hedef ald\u0131klar\u0131 eserleri ele ge\u00e7irmek i\u00e7in silah, balyoz, balta ve hatta patlay\u0131c\u0131lar kulland\u0131\u011f\u0131 belirtildi.\u00a0<\/p>\n<\/p><\/div>\n","protected":false},"excerpt":{"rendered":"<p>&#13; Avusturya polisi, Viyana&#8217;daki bir m\u00fczeye \u00f6d\u00fcn\u00e7 verilen ve bir d\u00f6nem M\u0131s\u0131r Krali\u00e7esi Nazl\u0131&#8217;ya ait olan, 673 p\u0131rlantayla s\u00fcsl\u00fc 200 karatl\u0131k platin kolyeyi \u00e7ald\u0131klar\u0131 \u00f6ne s\u00fcr\u00fclen iki ki\u015fiyi ar\u0131yor. &#13; Yetkililer, Uygulamal\u0131 Sanatlar M\u00fczesi&#8217;nde (MAK) d\u00fczenlenen h\u0131rs\u0131zl\u0131k s\u0131ras\u0131nda g\u00fcvenlik kameralar\u0131na yans\u0131yan \u015f\u00fcphelilerin foto\u011fraflar\u0131n\u0131 yay\u0131mlad\u0131. &#13; Vitrini \u00e7eki\u00e7le k\u0131rd\u0131lar &#13; Y\u00fczleri maskesiz olan iki ki\u015fi, per\u015fembe [&hellip;]<\/p>\n","protected":false},"author":1,"featured_media":45874,"comment_status":"open","ping_status":"open","sticky":false,"template":"","format":"standard","meta":{"jnews-multi-image_gallery":[],"jnews_single_post":[],"jnews_primary_category":[],"jnews_social_meta":[],"jnews_override_counter":[],"footnotes":""},"categories":[2],"tags":[],"class_list":["post-45873","post","type-post","status-publish","format-standard","has-post-thumbnail","hentry","category-dunya"],"yoast_head":"<!-- This site is optimized with the Yoast SEO plugin v28.3 - https:\/\/yoast.com\/product\/yoast-seo-wordpress\/ -->\n<title>M\u0131s\u0131r krali\u00e7esinin 673 p\u0131rlantal\u0131 kolyesi \u00e7al\u0131nd\u0131 - Kuzeyin Sesi<\/title>\n<meta name=\"robots\" content=\"index, follow, max-snippet:-1, max-image-preview:large, max-video-preview:-1\" \/>\n<link rel=\"canonical\" href=\"https:\/\/kuzeyinsesi.org\/index.php\/2026\/09\/01\/misir-kralicesinin-673-pirlantali-kolyesi-calindi\/\" \/>\n<meta property=\"og:locale\" content=\"tr_TR\" \/>\n<meta property=\"og:type\" content=\"article\" \/>\n<meta property=\"og:title\" content=\"M\u0131s\u0131r krali\u00e7esinin 673 p\u0131rlantal\u0131 kolyesi \u00e7al\u0131nd\u0131 - Kuzeyin Sesi\" \/>\n<meta property=\"og:description\" content=\"&#013; Avusturya polisi, Viyana&#8217;daki bir m\u00fczeye \u00f6d\u00fcn\u00e7 verilen ve bir d\u00f6nem M\u0131s\u0131r Krali\u00e7esi Nazl\u0131&#8217;ya ait olan, 673 p\u0131rlantayla s\u00fcsl\u00fc 200 karatl\u0131k platin kolyeyi \u00e7ald\u0131klar\u0131 \u00f6ne s\u00fcr\u00fclen iki ki\u015fiyi ar\u0131yor. &#013; Yetkililer, Uygulamal\u0131 Sanatlar M\u00fczesi&#8217;nde (MAK) d\u00fczenlenen h\u0131rs\u0131zl\u0131k s\u0131ras\u0131nda g\u00fcvenlik kameralar\u0131na yans\u0131yan \u015f\u00fcphelilerin foto\u011fraflar\u0131n\u0131 yay\u0131mlad\u0131. &#013; Vitrini \u00e7eki\u00e7le k\u0131rd\u0131lar &#013; Y\u00fczleri maskesiz olan iki ki\u015fi, per\u015fembe [&hellip;]\" \/>\n<meta property=\"og:url\" content=\"https:\/\/kuzeyinsesi.org\/index.php\/2026\/09\/01\/misir-kralicesinin-673-pirlantali-kolyesi-calindi\/\" \/>\n<meta property=\"og:site_name\" content=\"Kuzeyin Sesi\" \/>\n<meta property=\"article:publisher\" content=\"https:\/\/www.facebook.com\/kuzeyinsesii\" \/>\n<meta property=\"article:published_time\" content=\"2026-09-01T10:57:03+00:00\" \/>\n<meta property=\"og:image\" content=\"https:\/\/www.trthaber.com\/dosyalar\/images\/5252.jpg\" \/>\n<meta name=\"author\" content=\"Kuzeyin Sesi\" \/>\n<meta name=\"twitter:card\" content=\"summary_large_image\" \/>\n<meta name=\"twitter:creator\" content=\"@kuzeyinsesii\" \/>\n<meta name=\"twitter:site\" content=\"@kuzeyinsesii\" \/>\n<meta name=\"twitter:label1\" content=\"Yazan:\" \/>\n\t<meta name=\"twitter:data1\" content=\"Kuzeyin Sesi\" \/>\n\t<meta name=\"twitter:label2\" content=\"Tahmini okuma s\u00fcresi\" \/>\n\t<meta name=\"twitter:data2\" content=\"2 dakika\" \/>\n<script type=\"application\/ld+json\" class=\"yoast-schema-graph\">{\"@context\":\"https:\\\/\\\/schema.org\",\"@graph\":[{\"@type\":\"Article\",\"@id\":\"https:\\\/\\\/kuzeyinsesi.org\\\/index.php\\\/2026\\\/09\\\/01\\\/misir-kralicesinin-673-pirlantali-kolyesi-calindi\\\/#article\",\"isPartOf\":{\"@id\":\"https:\\\/\\\/kuzeyinsesi.org\\\/index.php\\\/2026\\\/09\\\/01\\\/misir-kralicesinin-673-pirlantali-kolyesi-calindi\\\/\"},\"author\":{\"name\":\"Kuzeyin Sesi\",\"@id\":\"https:\\\/\\\/kuzeyinsesi.org\\\/#\\\/schema\\\/person\\\/9f859689cdf01485597712386e37f5aa\"},\"headline\":\"M\u0131s\u0131r krali\u00e7esinin 673 p\u0131rlantal\u0131 kolyesi \u00e7al\u0131nd\u0131\",\"datePublished\":\"2026-09-01T10:57:03+00:00\",\"mainEntityOfPage\":{\"@id\":\"https:\\\/\\\/kuzeyinsesi.org\\\/index.php\\\/2026\\\/09\\\/01\\\/misir-kralicesinin-673-pirlantali-kolyesi-calindi\\\/\"},\"wordCount\":522,\"commentCount\":0,\"image\":{\"@id\":\"https:\\\/\\\/kuzeyinsesi.org\\\/index.php\\\/2026\\\/09\\\/01\\\/misir-kralicesinin-673-pirlantali-kolyesi-calindi\\\/#primaryimage\"},\"thumbnailUrl\":\"https:\\\/\\\/kuzeyinsesi.org\\\/wp-content\\\/uploads\\\/2026\\\/09\\\/5252.jpg\",\"articleSection\":[\"D\u00fcnya\"],\"inLanguage\":\"tr\",\"potentialAction\":[{\"@type\":\"CommentAction\",\"name\":\"Comment\",\"target\":[\"https:\\\/\\\/kuzeyinsesi.org\\\/index.php\\\/2026\\\/09\\\/01\\\/misir-kralicesinin-673-pirlantali-kolyesi-calindi\\\/#respond\"]}]},{\"@type\":\"WebPage\",\"@id\":\"https:\\\/\\\/kuzeyinsesi.org\\\/index.php\\\/2026\\\/09\\\/01\\\/misir-kralicesinin-673-pirlantali-kolyesi-calindi\\\/\",\"url\":\"https:\\\/\\\/kuzeyinsesi.org\\\/index.php\\\/2026\\\/09\\\/01\\\/misir-kralicesinin-673-pirlantali-kolyesi-calindi\\\/\",\"name\":\"M\u0131s\u0131r krali\u00e7esinin 673 p\u0131rlantal\u0131 kolyesi \u00e7al\u0131nd\u0131 - Kuzeyin Sesi\",\"isPartOf\":{\"@id\":\"https:\\\/\\\/kuzeyinsesi.org\\\/#website\"},\"primaryImageOfPage\":{\"@id\":\"https:\\\/\\\/kuzeyinsesi.org\\\/index.php\\\/2026\\\/09\\\/01\\\/misir-kralicesinin-673-pirlantali-kolyesi-calindi\\\/#primaryimage\"},\"image\":{\"@id\":\"https:\\\/\\\/kuzeyinsesi.org\\\/index.php\\\/2026\\\/09\\\/01\\\/misir-kralicesinin-673-pirlantali-kolyesi-calindi\\\/#primaryimage\"},\"thumbnailUrl\":\"https:\\\/\\\/kuzeyinsesi.org\\\/wp-content\\\/uploads\\\/2026\\\/09\\\/5252.jpg\",\"datePublished\":\"2026-09-01T10:57:03+00:00\",\"author\":{\"@id\":\"https:\\\/\\\/kuzeyinsesi.org\\\/#\\\/schema\\\/person\\\/9f859689cdf01485597712386e37f5aa\"},\"breadcrumb\":{\"@id\":\"https:\\\/\\\/kuzeyinsesi.org\\\/index.php\\\/2026\\\/09\\\/01\\\/misir-kralicesinin-673-pirlantali-kolyesi-calindi\\\/#breadcrumb\"},\"inLanguage\":\"tr\",\"potentialAction\":[{\"@type\":\"ReadAction\",\"target\":[\"https:\\\/\\\/kuzeyinsesi.org\\\/index.php\\\/2026\\\/09\\\/01\\\/misir-kralicesinin-673-pirlantali-kolyesi-calindi\\\/\"]}]},{\"@type\":\"ImageObject\",\"inLanguage\":\"tr\",\"@id\":\"https:\\\/\\\/kuzeyinsesi.org\\\/index.php\\\/2026\\\/09\\\/01\\\/misir-kralicesinin-673-pirlantali-kolyesi-calindi\\\/#primaryimage\",\"url\":\"https:\\\/\\\/kuzeyinsesi.org\\\/wp-content\\\/uploads\\\/2026\\\/09\\\/5252.jpg\",\"contentUrl\":\"https:\\\/\\\/kuzeyinsesi.org\\\/wp-content\\\/uploads\\\/2026\\\/09\\\/5252.jpg\",\"width\":753,\"height\":484},{\"@type\":\"BreadcrumbList\",\"@id\":\"https:\\\/\\\/kuzeyinsesi.org\\\/index.php\\\/2026\\\/09\\\/01\\\/misir-kralicesinin-673-pirlantali-kolyesi-calindi\\\/#breadcrumb\",\"itemListElement\":[{\"@type\":\"ListItem\",\"position\":1,\"name\":\"Anasayfa\",\"item\":\"https:\\\/\\\/kuzeyinsesi.org\\\/\"},{\"@type\":\"ListItem\",\"position\":2,\"name\":\"M\u0131s\u0131r krali\u00e7esinin 673 p\u0131rlantal\u0131 kolyesi \u00e7al\u0131nd\u0131\"}]},{\"@type\":\"WebSite\",\"@id\":\"https:\\\/\\\/kuzeyinsesi.org\\\/#website\",\"url\":\"https:\\\/\\\/kuzeyinsesi.org\\\/\",\"name\":\"Kuzeyin Sesi\",\"description\":\"Do\u011fru Haberin Adresi\",\"potentialAction\":[{\"@type\":\"SearchAction\",\"target\":{\"@type\":\"EntryPoint\",\"urlTemplate\":\"https:\\\/\\\/kuzeyinsesi.org\\\/?s={search_term_string}\"},\"query-input\":{\"@type\":\"PropertyValueSpecification\",\"valueRequired\":true,\"valueName\":\"search_term_string\"}}],\"inLanguage\":\"tr\"},{\"@type\":\"Person\",\"@id\":\"https:\\\/\\\/kuzeyinsesi.org\\\/#\\\/schema\\\/person\\\/9f859689cdf01485597712386e37f5aa\",\"name\":\"Kuzeyin Sesi\",\"image\":{\"@type\":\"ImageObject\",\"inLanguage\":\"tr\",\"@id\":\"https:\\\/\\\/secure.gravatar.com\\\/avatar\\\/bab33852abfd8b282518d6ed81826833d77c3c882d9ab608add591ccace47a44?s=96&d=mm&r=g\",\"url\":\"https:\\\/\\\/secure.gravatar.com\\\/avatar\\\/bab33852abfd8b282518d6ed81826833d77c3c882d9ab608add591ccace47a44?s=96&d=mm&r=g\",\"contentUrl\":\"https:\\\/\\\/secure.gravatar.com\\\/avatar\\\/bab33852abfd8b282518d6ed81826833d77c3c882d9ab608add591ccace47a44?s=96&d=mm&r=g\",\"caption\":\"Kuzeyin Sesi\"},\"sameAs\":[\"https:\\\/\\\/kuzeyinsesi.org\"],\"url\":\"https:\\\/\\\/kuzeyinsesi.org\\\/index.php\\\/author\\\/guven\\\/\"}]}<\/script>\n<!-- \/ Yoast SEO plugin. -->","yoast_head_json":{"title":"M\u0131s\u0131r krali\u00e7esinin 673 p\u0131rlantal\u0131 kolyesi \u00e7al\u0131nd\u0131 - Kuzeyin Sesi","robots":{"index":"index","follow":"follow","max-snippet":"max-snippet:-1","max-image-preview":"max-image-preview:large","max-video-preview":"max-video-preview:-1"},"canonical":"https:\/\/kuzeyinsesi.org\/index.php\/2026\/09\/01\/misir-kralicesinin-673-pirlantali-kolyesi-calindi\/","og_locale":"tr_TR","og_type":"article","og_title":"M\u0131s\u0131r krali\u00e7esinin 673 p\u0131rlantal\u0131 kolyesi \u00e7al\u0131nd\u0131 - Kuzeyin Sesi","og_description":"&#13; Avusturya polisi, Viyana&#8217;daki bir m\u00fczeye \u00f6d\u00fcn\u00e7 verilen ve bir d\u00f6nem M\u0131s\u0131r Krali\u00e7esi Nazl\u0131&#8217;ya ait olan, 673 p\u0131rlantayla s\u00fcsl\u00fc 200 karatl\u0131k platin kolyeyi \u00e7ald\u0131klar\u0131 \u00f6ne s\u00fcr\u00fclen iki ki\u015fiyi ar\u0131yor. &#13; Yetkililer, Uygulamal\u0131 Sanatlar M\u00fczesi&#8217;nde (MAK) d\u00fczenlenen h\u0131rs\u0131zl\u0131k s\u0131ras\u0131nda g\u00fcvenlik kameralar\u0131na yans\u0131yan \u015f\u00fcphelilerin foto\u011fraflar\u0131n\u0131 yay\u0131mlad\u0131. &#13; Vitrini \u00e7eki\u00e7le k\u0131rd\u0131lar &#13; Y\u00fczleri maskesiz olan iki ki\u015fi, per\u015fembe [&hellip;]","og_url":"https:\/\/kuzeyinsesi.org\/index.php\/2026\/09\/01\/misir-kralicesinin-673-pirlantali-kolyesi-calindi\/","og_site_name":"Kuzeyin Sesi","article_publisher":"https:\/\/www.facebook.com\/kuzeyinsesii","article_published_time":"2026-09-01T10:57:03+00:00","og_image":[{"url":"https:\/\/www.trthaber.com\/dosyalar\/images\/5252.jpg","type":"","width":"","height":""}],"author":"Kuzeyin Sesi","twitter_card":"summary_large_image","twitter_creator":"@kuzeyinsesii","twitter_site":"@kuzeyinsesii","twitter_misc":{"Yazan:":"Kuzeyin Sesi","Tahmini okuma s\u00fcresi":"2 dakika"},"schema":{"@context":"https:\/\/schema.org","@graph":[{"@type":"Article","@id":"https:\/\/kuzeyinsesi.org\/index.php\/2026\/09\/01\/misir-kralicesinin-673-pirlantali-kolyesi-calindi\/#article","isPartOf":{"@id":"https:\/\/kuzeyinsesi.org\/index.php\/2026\/09\/01\/misir-kralicesinin-673-pirlantali-kolyesi-calindi\/"},"author":{"name":"Kuzeyin Sesi","@id":"https:\/\/kuzeyinsesi.org\/#\/schema\/person\/9f859689cdf01485597712386e37f5aa"},"headline":"M\u0131s\u0131r krali\u00e7esinin 673 p\u0131rlantal\u0131 kolyesi \u00e7al\u0131nd\u0131","datePublished":"2026-09-01T10:57:03+00:00","mainEntityOfPage":{"@id":"https:\/\/kuzeyinsesi.org\/index.php\/2026\/09\/01\/misir-kralicesinin-673-pirlantali-kolyesi-calindi\/"},"wordCount":522,"commentCount":0,"image":{"@id":"https:\/\/kuzeyinsesi.org\/index.php\/2026\/09\/01\/misir-kralicesinin-673-pirlantali-kolyesi-calindi\/#primaryimage"},"thumbnailUrl":"https:\/\/kuzeyinsesi.org\/wp-content\/uploads\/2026\/09\/5252.jpg","articleSection":["D\u00fcnya"],"inLanguage":"tr","potentialAction":[{"@type":"CommentAction","name":"Comment","target":["https:\/\/kuzeyinsesi.org\/index.php\/2026\/09\/01\/misir-kralicesinin-673-pirlantali-kolyesi-calindi\/#respond"]}]},{"@type":"WebPage","@id":"https:\/\/kuzeyinsesi.org\/index.php\/2026\/09\/01\/misir-kralicesinin-673-pirlantali-kolyesi-calindi\/","url":"https:\/\/kuzeyinsesi.org\/index.php\/2026\/09\/01\/misir-kralicesinin-673-pirlantali-kolyesi-calindi\/","name":"M\u0131s\u0131r krali\u00e7esinin 673 p\u0131rlantal\u0131 kolyesi \u00e7al\u0131nd\u0131 - Kuzeyin Sesi","isPartOf":{"@id":"https:\/\/kuzeyinsesi.org\/#website"},"primaryImageOfPage":{"@id":"https:\/\/kuzeyinsesi.org\/index.php\/2026\/09\/01\/misir-kralicesinin-673-pirlantali-kolyesi-calindi\/#primaryimage"},"image":{"@id":"https:\/\/kuzeyinsesi.org\/index.php\/2026\/09\/01\/misir-kralicesinin-673-pirlantali-kolyesi-calindi\/#primaryimage"},"thumbnailUrl":"https:\/\/kuzeyinsesi.org\/wp-content\/uploads\/2026\/09\/5252.jpg","datePublished":"2026-09-01T10:57:03+00:00","author":{"@id":"https:\/\/kuzeyinsesi.org\/#\/schema\/person\/9f859689cdf01485597712386e37f5aa"},"breadcrumb":{"@id":"https:\/\/kuzeyinsesi.org\/index.php\/2026\/09\/01\/misir-kralicesinin-673-pirlantali-kolyesi-calindi\/#breadcrumb"},"inLanguage":"tr","potentialAction":[{"@type":"ReadAction","target":["https:\/\/kuzeyinsesi.org\/index.php\/2026\/09\/01\/misir-kralicesinin-673-pirlantali-kolyesi-calindi\/"]}]},{"@type":"ImageObject","inLanguage":"tr","@id":"https:\/\/kuzeyinsesi.org\/index.php\/2026\/09\/01\/misir-kralicesinin-673-pirlantali-kolyesi-calindi\/#primaryimage","url":"https:\/\/kuzeyinsesi.org\/wp-content\/uploads\/2026\/09\/5252.jpg","contentUrl":"https:\/\/kuzeyinsesi.org\/wp-content\/uploads\/2026\/09\/5252.jpg","width":753,"height":484},{"@type":"BreadcrumbList","@id":"https:\/\/kuzeyinsesi.org\/index.php\/2026\/09\/01\/misir-kralicesinin-673-pirlantali-kolyesi-calindi\/#breadcrumb","itemListElement":[{"@type":"ListItem","position":1,"name":"Anasayfa","item":"https:\/\/kuzeyinsesi.org\/"},{"@type":"ListItem","position":2,"name":"M\u0131s\u0131r krali\u00e7esinin 673 p\u0131rlantal\u0131 kolyesi \u00e7al\u0131nd\u0131"}]},{"@type":"WebSite","@id":"https:\/\/kuzeyinsesi.org\/#website","url":"https:\/\/kuzeyinsesi.org\/","name":"Kuzeyin Sesi","description":"Do\u011fru Haberin Adresi","potentialAction":[{"@type":"SearchAction","target":{"@type":"EntryPoint","urlTemplate":"https:\/\/kuzeyinsesi.org\/?s={search_term_string}"},"query-input":{"@type":"PropertyValueSpecification","valueRequired":true,"valueName":"search_term_string"}}],"inLanguage":"tr"},{"@type":"Person","@id":"https:\/\/kuzeyinsesi.org\/#\/schema\/person\/9f859689cdf01485597712386e37f5aa","name":"Kuzeyin Sesi","image":{"@type":"ImageObject","inLanguage":"tr","@id":"https:\/\/secure.gravatar.com\/avatar\/bab33852abfd8b282518d6ed81826833d77c3c882d9ab608add591ccace47a44?s=96&d=mm&r=g","url":"https:\/\/secure.gravatar.com\/avatar\/bab33852abfd8b282518d6ed81826833d77c3c882d9ab608add591ccace47a44?s=96&d=mm&r=g","contentUrl":"https:\/\/secure.gravatar.com\/avatar\/bab33852abfd8b282518d6ed81826833d77c3c882d9ab608add591ccace47a44?s=96&d=mm&r=g","caption":"Kuzeyin Sesi"},"sameAs":["https:\/\/kuzeyinsesi.org"],"url":"https:\/\/kuzeyinsesi.org\/index.php\/author\/guven\/"}]}},"_links":{"self":[{"href":"https:\/\/kuzeyinsesi.org\/index.php\/wp-json\/wp\/v2\/posts\/45873","targetHints":{"allow":["GET"]}}],"collection":[{"href":"https:\/\/kuzeyinsesi.org\/index.php\/wp-json\/wp\/v2\/posts"}],"about":[{"href":"https:\/\/kuzeyinsesi.org\/index.php\/wp-json\/wp\/v2\/types\/post"}],"author":[{"embeddable":true,"href":"https:\/\/kuzeyinsesi.org\/index.php\/wp-json\/wp\/v2\/users\/1"}],"replies":[{"embeddable":true,"href":"https:\/\/kuzeyinsesi.org\/index.php\/wp-json\/wp\/v2\/comments?post=45873"}],"version-history":[{"count":0,"href":"https:\/\/kuzeyinsesi.org\/index.php\/wp-json\/wp\/v2\/posts\/45873\/revisions"}],"wp:featuredmedia":[{"embeddable":true,"href":"https:\/\/kuzeyinsesi.org\/index.php\/wp-json\/wp\/v2\/media\/45874"}],"wp:attachment":[{"href":"https:\/\/kuzeyinsesi.org\/index.php\/wp-json\/wp\/v2\/media?parent=45873"}],"wp:term":[{"taxonomy":"category","embeddable":true,"href":"https:\/\/kuzeyinsesi.org\/index.php\/wp-json\/wp\/v2\/categories?post=45873"},{"taxonomy":"post_tag","embeddable":true,"href":"https:\/\/kuzeyinsesi.org\/index.php\/wp-json\/wp\/v2\/tags?post=45873"}],"curies":[{"name":"wp","href":"https:\/\/api.w.org\/{rel}","templated":true}]}}