{"id":45864,"date":"2026-09-01T12:14:18","date_gmt":"2026-09-01T09:14:18","guid":{"rendered":"https:\/\/kuzeyinsesi.org\/?p=45864"},"modified":"2026-09-01T12:14:18","modified_gmt":"2026-09-01T09:14:18","slug":"ataoglu-yapilan-istisareler-sonucunda-ucak-bileti-fiyatlarinda-dusus-yasandi","status":"publish","type":"post","link":"https:\/\/kuzeyinsesi.org\/index.php\/2026\/09\/01\/ataoglu-yapilan-istisareler-sonucunda-ucak-bileti-fiyatlarinda-dusus-yasandi\/","title":{"rendered":"Atao\u011flu: Yap\u0131lan isti\u015fareler sonucunda u\u00e7ak bileti fiyatlar\u0131nda d\u00fc\u015f\u00fc\u015f ya\u015fand\u0131"},"content":{"rendered":"<p class=\"isSelectedEnd\">Ba\u015fbakan Yard\u0131mc\u0131s\u0131, Turizm, K\u00fclt\u00fcr, Gen\u00e7lik ve \u00c7evre Bakan\u0131 <strong>Fikri Atao\u011flu<\/strong>, gemi seferlerinin durdurulmas\u0131n\u0131n ard\u0131ndan y\u00fckselen u\u00e7ak bileti fiyatlar\u0131n\u0131n yap\u0131lan g\u00f6r\u00fc\u015fmeler sonucunda d\u00fc\u015f\u00fcr\u00fcld\u00fc\u011f\u00fcn\u00fc a\u00e7\u0131klad\u0131. Atao\u011flu, f\u0131rsat\u00e7\u0131l\u0131\u011f\u0131n \u00f6n\u00fcne ge\u00e7ilmesi amac\u0131yla al\u0131nabilecek \u00f6nlemlerin <strong>Bakanlar Kurulu g\u00fcndemine ta\u015f\u0131naca\u011f\u0131n\u0131<\/strong> belirtti.<\/p>\n<h2>\u201cF\u0130YATLARIN ARTIRILMASI YER\u0130NE \u0130ND\u0130R\u0130M BEKLERD\u0130K\u201d<\/h2>\n<p class=\"isSelectedEnd\">BRTK canl\u0131 yay\u0131n\u0131nda a\u00e7\u0131klamalarda bulunan Atao\u011flu, u\u00e7ak bileti fiyatlar\u0131ndaki art\u0131\u015f\u0131n Cumhurba\u015fkan\u0131 ve T\u00fcrkiye\u2019den yetkililerle g\u00f6r\u00fc\u015f\u00fcld\u00fc\u011f\u00fcn\u00fc s\u00f6yledi.<\/p>\n<p class=\"isSelectedEnd\">Yap\u0131lan isti\u015farelerin ard\u0131ndan fiyatlarda d\u00fc\u015f\u00fc\u015f ya\u015fand\u0131\u011f\u0131n\u0131 kaydeden Atao\u011flu, gemi seferlerinin durduruldu\u011fu bir d\u00f6nemde u\u00e7ak bileti fiyatlar\u0131n\u0131n art\u0131r\u0131lmas\u0131n\u0131 <strong>\u201ckabul edilemez\u201d<\/strong> olarak nitelendirdi.<\/p>\n<p class=\"isSelectedEnd\">Atao\u011flu, <strong>\u201cFiyatlar\u0131n art\u0131r\u0131lmas\u0131 yerine indirim yapmalar\u0131n\u0131 beklerdik\u201d<\/strong> dedi.<\/p>\n<h2>FIRSAT\u00c7ILI\u011eA KAR\u015eI \u00d6NLEM G\u00dcNDEMDE<\/h2>\n<p class=\"isSelectedEnd\">Ya\u015fanan fiyat art\u0131\u015flar\u0131n\u0131n yeniden tekrarlanmamas\u0131 i\u00e7in gerekli ad\u0131mlar\u0131n at\u0131laca\u011f\u0131n\u0131 belirten Atao\u011flu, f\u0131rsat\u00e7\u0131l\u0131k yapanlara y\u00f6nelik al\u0131nabilecek \u00f6nlemlerin <strong>Bakanlar Kurulu\u2019nda g\u00fcndeme getirilece\u011fini<\/strong> a\u00e7\u0131klad\u0131.<\/p>\n<p class=\"isSelectedEnd\">Atao\u011flu, benzer durumlarda vatanda\u015flar\u0131n ma\u011fdur edilmesinin \u00f6n\u00fcne ge\u00e7ilmesi i\u00e7in gereken \u00e7al\u0131\u015fmalar\u0131n yap\u0131laca\u011f\u0131n\u0131 ifade etti.<\/p>\n<h2>HAVA YOLU \u015e\u0130RKETLER\u0130NE \u00c7A\u011eRI<\/h2>\n<p class=\"isSelectedEnd\">Hava yolu \u015firketlerine de \u00e7a\u011fr\u0131da bulunan Atao\u011flu, ola\u011fan\u00fcst\u00fc ko\u015fullar\u0131n ticari f\u0131rsata d\u00f6n\u00fc\u015ft\u00fcr\u00fclmemesi gerekti\u011fini vurgulad\u0131.<\/p>\n<p>\u015eirketlerden f\u0131rsat\u00e7\u0131l\u0131ktan uzak durmalar\u0131n\u0131 ve <strong>\u201cellerini ta\u015f\u0131n alt\u0131na koymalar\u0131n\u0131\u201d<\/strong> isteyen Atao\u011flu, vatanda\u015flar\u0131n ula\u015f\u0131m konusunda ya\u015fad\u0131\u011f\u0131 ma\u011fduriyetin azalt\u0131lmas\u0131 gerekti\u011fini belirtti.<\/p>\n","protected":false},"excerpt":{"rendered":"<p>Ba\u015fbakan Yard\u0131mc\u0131s\u0131, Turizm, K\u00fclt\u00fcr, Gen\u00e7lik ve \u00c7evre Bakan\u0131 Fikri Atao\u011flu, gemi seferlerinin durdurulmas\u0131n\u0131n ard\u0131ndan y\u00fckselen u\u00e7ak bileti fiyatlar\u0131n\u0131n yap\u0131lan g\u00f6r\u00fc\u015fmeler sonucunda d\u00fc\u015f\u00fcr\u00fcld\u00fc\u011f\u00fcn\u00fc a\u00e7\u0131klad\u0131. Atao\u011flu, f\u0131rsat\u00e7\u0131l\u0131\u011f\u0131n \u00f6n\u00fcne ge\u00e7ilmesi amac\u0131yla al\u0131nabilecek \u00f6nlemlerin Bakanlar Kurulu g\u00fcndemine ta\u015f\u0131naca\u011f\u0131n\u0131 belirtti. \u201cF\u0130YATLARIN ARTIRILMASI YER\u0130NE \u0130ND\u0130R\u0130M BEKLERD\u0130K\u201d BRTK canl\u0131 yay\u0131n\u0131nda a\u00e7\u0131klamalarda bulunan Atao\u011flu, u\u00e7ak bileti fiyatlar\u0131ndaki art\u0131\u015f\u0131n Cumhurba\u015fkan\u0131 ve T\u00fcrkiye\u2019den yetkililerle g\u00f6r\u00fc\u015f\u00fcld\u00fc\u011f\u00fcn\u00fc [&hellip;]<\/p>\n","protected":false},"author":1,"featured_media":45865,"comment_status":"open","ping_status":"open","sticky":false,"template":"","format":"standard","meta":{"jnews-multi-image_gallery":[],"jnews_single_post":{"subtitle":"","format":"standard","override":[{"template":"1","parallax":"1","fullscreen":"1","layout":"right-sidebar","sidebar":"default-sidebar","second_sidebar":"default-sidebar","sticky_sidebar":"1","share_position":"top","share_float_style":"share-monocrhome","show_featured":"1","show_post_author":"1","show_post_author_image":"1","show_post_date":"1","post_date_format":"default","post_date_format_custom":"Y\/m\/d","show_post_category":"1","show_post_reading_time":"0","post_reading_time_wpm":"300","post_calculate_word_method":"str_word_count","show_zoom_button":"0","zoom_button_out_step":"2","zoom_button_in_step":"3","show_post_tag":"1","show_prev_next_post":"1","show_popup_post":"1","show_comment_section":"1","number_popup_post":"1","show_author_box":"0","show_post_related":"0","show_inline_post_related":"0"}],"image_override":[{"single_post_thumbnail_size":"crop-500","single_post_gallery_size":"crop-500"}],"trending_post_position":"meta","trending_post_label":"Trending","sponsored_post_label":"Sponsored by","disable_ad":"0"},"jnews_primary_category":[],"jnews_social_meta":[],"jnews_override_counter":{"view_counter_number":"0","share_counter_number":"0","like_counter_number":"0","dislike_counter_number":"0"},"footnotes":""},"categories":[1],"tags":[3815,4430,7033,7032,7031],"class_list":["post-45864","post","type-post","status-publish","format-standard","has-post-thumbnail","hentry","category-kibris","tag-bakanlar-kurulu","tag-fikri-ataoglu","tag-gemi-seferleri","tag-hava-yolu-sirketleri","tag-ucak-biletleri"],"yoast_head":"<!-- This site is optimized with the Yoast SEO plugin v28.4 - https:\/\/yoast.com\/product\/yoast-seo-wordpress\/ -->\n<title>Atao\u011flu: Yap\u0131lan isti\u015fareler sonucunda u\u00e7ak bileti fiyatlar\u0131nda d\u00fc\u015f\u00fc\u015f ya\u015fand\u0131 - Kuzeyin Sesi<\/title>\n<meta name=\"robots\" content=\"index, follow, max-snippet:-1, max-image-preview:large, max-video-preview:-1\" \/>\n<link rel=\"canonical\" href=\"https:\/\/kuzeyinsesi.org\/index.php\/2026\/09\/01\/ataoglu-yapilan-istisareler-sonucunda-ucak-bileti-fiyatlarinda-dusus-yasandi\/\" \/>\n<meta property=\"og:locale\" content=\"tr_TR\" \/>\n<meta property=\"og:type\" content=\"article\" \/>\n<meta property=\"og:title\" content=\"Atao\u011flu: Yap\u0131lan isti\u015fareler sonucunda u\u00e7ak bileti fiyatlar\u0131nda d\u00fc\u015f\u00fc\u015f ya\u015fand\u0131 - Kuzeyin Sesi\" \/>\n<meta property=\"og:description\" content=\"Ba\u015fbakan Yard\u0131mc\u0131s\u0131, Turizm, K\u00fclt\u00fcr, Gen\u00e7lik ve \u00c7evre Bakan\u0131 Fikri Atao\u011flu, gemi seferlerinin durdurulmas\u0131n\u0131n ard\u0131ndan y\u00fckselen u\u00e7ak bileti fiyatlar\u0131n\u0131n yap\u0131lan g\u00f6r\u00fc\u015fmeler sonucunda d\u00fc\u015f\u00fcr\u00fcld\u00fc\u011f\u00fcn\u00fc a\u00e7\u0131klad\u0131. Atao\u011flu, f\u0131rsat\u00e7\u0131l\u0131\u011f\u0131n \u00f6n\u00fcne ge\u00e7ilmesi amac\u0131yla al\u0131nabilecek \u00f6nlemlerin Bakanlar Kurulu g\u00fcndemine ta\u015f\u0131naca\u011f\u0131n\u0131 belirtti. \u201cF\u0130YATLARIN ARTIRILMASI YER\u0130NE \u0130ND\u0130R\u0130M BEKLERD\u0130K\u201d BRTK canl\u0131 yay\u0131n\u0131nda a\u00e7\u0131klamalarda bulunan Atao\u011flu, u\u00e7ak bileti fiyatlar\u0131ndaki art\u0131\u015f\u0131n Cumhurba\u015fkan\u0131 ve T\u00fcrkiye\u2019den yetkililerle g\u00f6r\u00fc\u015f\u00fcld\u00fc\u011f\u00fcn\u00fc [&hellip;]\" \/>\n<meta property=\"og:url\" content=\"https:\/\/kuzeyinsesi.org\/index.php\/2026\/09\/01\/ataoglu-yapilan-istisareler-sonucunda-ucak-bileti-fiyatlarinda-dusus-yasandi\/\" \/>\n<meta property=\"og:site_name\" content=\"Kuzeyin Sesi\" \/>\n<meta property=\"article:publisher\" content=\"https:\/\/www.facebook.com\/kuzeyinsesii\" \/>\n<meta property=\"article:published_time\" content=\"2026-09-01T09:14:18+00:00\" \/>\n<meta property=\"og:image\" content=\"https:\/\/kuzeyinsesi.org\/wp-content\/uploads\/2026\/09\/Kuzeyinsesikj-2026-09-01T121209.514.jpg\" \/>\n\t<meta property=\"og:image:width\" content=\"1600\" \/>\n\t<meta property=\"og:image:height\" content=\"900\" \/>\n\t<meta property=\"og:image:type\" content=\"image\/jpeg\" \/>\n<meta name=\"author\" content=\"Kuzeyin Sesi\" \/>\n<meta name=\"twitter:card\" content=\"summary_large_image\" \/>\n<meta name=\"twitter:creator\" content=\"@kuzeyinsesii\" \/>\n<meta name=\"twitter:site\" content=\"@kuzeyinsesii\" \/>\n<meta name=\"twitter:label1\" content=\"Yazan:\" \/>\n\t<meta name=\"twitter:data1\" content=\"Kuzeyin Sesi\" \/>\n\t<meta name=\"twitter:label2\" content=\"Tahmini okuma s\u00fcresi\" \/>\n\t<meta name=\"twitter:data2\" content=\"2 dakika\" \/>\n<script type=\"application\/ld+json\" class=\"yoast-schema-graph\">{\"@context\":\"https:\\\/\\\/schema.org\",\"@graph\":[{\"@type\":\"Article\",\"@id\":\"https:\\\/\\\/kuzeyinsesi.org\\\/index.php\\\/2026\\\/09\\\/01\\\/ataoglu-yapilan-istisareler-sonucunda-ucak-bileti-fiyatlarinda-dusus-yasandi\\\/#article\",\"isPartOf\":{\"@id\":\"https:\\\/\\\/kuzeyinsesi.org\\\/index.php\\\/2026\\\/09\\\/01\\\/ataoglu-yapilan-istisareler-sonucunda-ucak-bileti-fiyatlarinda-dusus-yasandi\\\/\"},\"author\":{\"name\":\"Kuzeyin Sesi\",\"@id\":\"https:\\\/\\\/kuzeyinsesi.org\\\/#\\\/schema\\\/person\\\/9f859689cdf01485597712386e37f5aa\"},\"headline\":\"Atao\u011flu: Yap\u0131lan isti\u015fareler sonucunda u\u00e7ak bileti fiyatlar\u0131nda d\u00fc\u015f\u00fc\u015f ya\u015fand\u0131\",\"datePublished\":\"2026-09-01T09:14:18+00:00\",\"mainEntityOfPage\":{\"@id\":\"https:\\\/\\\/kuzeyinsesi.org\\\/index.php\\\/2026\\\/09\\\/01\\\/ataoglu-yapilan-istisareler-sonucunda-ucak-bileti-fiyatlarinda-dusus-yasandi\\\/\"},\"wordCount\":310,\"commentCount\":0,\"image\":{\"@id\":\"https:\\\/\\\/kuzeyinsesi.org\\\/index.php\\\/2026\\\/09\\\/01\\\/ataoglu-yapilan-istisareler-sonucunda-ucak-bileti-fiyatlarinda-dusus-yasandi\\\/#primaryimage\"},\"thumbnailUrl\":\"https:\\\/\\\/kuzeyinsesi.org\\\/wp-content\\\/uploads\\\/2026\\\/09\\\/Kuzeyinsesikj-2026-09-01T121209.514.jpg\",\"keywords\":[\"Bakanlar Kurulu\",\"Fikri Atao\u011flu\",\"Gemi Seferleri\",\"Hava Yolu \u015eirketleri\",\"U\u00e7ak Biletleri\"],\"articleSection\":[\"K\u0131br\u0131s\"],\"inLanguage\":\"tr\",\"potentialAction\":[{\"@type\":\"CommentAction\",\"name\":\"Comment\",\"target\":[\"https:\\\/\\\/kuzeyinsesi.org\\\/index.php\\\/2026\\\/09\\\/01\\\/ataoglu-yapilan-istisareler-sonucunda-ucak-bileti-fiyatlarinda-dusus-yasandi\\\/#respond\"]}]},{\"@type\":\"WebPage\",\"@id\":\"https:\\\/\\\/kuzeyinsesi.org\\\/index.php\\\/2026\\\/09\\\/01\\\/ataoglu-yapilan-istisareler-sonucunda-ucak-bileti-fiyatlarinda-dusus-yasandi\\\/\",\"url\":\"https:\\\/\\\/kuzeyinsesi.org\\\/index.php\\\/2026\\\/09\\\/01\\\/ataoglu-yapilan-istisareler-sonucunda-ucak-bileti-fiyatlarinda-dusus-yasandi\\\/\",\"name\":\"Atao\u011flu: Yap\u0131lan isti\u015fareler sonucunda u\u00e7ak bileti fiyatlar\u0131nda d\u00fc\u015f\u00fc\u015f ya\u015fand\u0131 - Kuzeyin Sesi\",\"isPartOf\":{\"@id\":\"https:\\\/\\\/kuzeyinsesi.org\\\/#website\"},\"primaryImageOfPage\":{\"@id\":\"https:\\\/\\\/kuzeyinsesi.org\\\/index.php\\\/2026\\\/09\\\/01\\\/ataoglu-yapilan-istisareler-sonucunda-ucak-bileti-fiyatlarinda-dusus-yasandi\\\/#primaryimage\"},\"image\":{\"@id\":\"https:\\\/\\\/kuzeyinsesi.org\\\/index.php\\\/2026\\\/09\\\/01\\\/ataoglu-yapilan-istisareler-sonucunda-ucak-bileti-fiyatlarinda-dusus-yasandi\\\/#primaryimage\"},\"thumbnailUrl\":\"https:\\\/\\\/kuzeyinsesi.org\\\/wp-content\\\/uploads\\\/2026\\\/09\\\/Kuzeyinsesikj-2026-09-01T121209.514.jpg\",\"datePublished\":\"2026-09-01T09:14:18+00:00\",\"author\":{\"@id\":\"https:\\\/\\\/kuzeyinsesi.org\\\/#\\\/schema\\\/person\\\/9f859689cdf01485597712386e37f5aa\"},\"breadcrumb\":{\"@id\":\"https:\\\/\\\/kuzeyinsesi.org\\\/index.php\\\/2026\\\/09\\\/01\\\/ataoglu-yapilan-istisareler-sonucunda-ucak-bileti-fiyatlarinda-dusus-yasandi\\\/#breadcrumb\"},\"inLanguage\":\"tr\",\"potentialAction\":[{\"@type\":\"ReadAction\",\"target\":[\"https:\\\/\\\/kuzeyinsesi.org\\\/index.php\\\/2026\\\/09\\\/01\\\/ataoglu-yapilan-istisareler-sonucunda-ucak-bileti-fiyatlarinda-dusus-yasandi\\\/\"]}]},{\"@type\":\"ImageObject\",\"inLanguage\":\"tr\",\"@id\":\"https:\\\/\\\/kuzeyinsesi.org\\\/index.php\\\/2026\\\/09\\\/01\\\/ataoglu-yapilan-istisareler-sonucunda-ucak-bileti-fiyatlarinda-dusus-yasandi\\\/#primaryimage\",\"url\":\"https:\\\/\\\/kuzeyinsesi.org\\\/wp-content\\\/uploads\\\/2026\\\/09\\\/Kuzeyinsesikj-2026-09-01T121209.514.jpg\",\"contentUrl\":\"https:\\\/\\\/kuzeyinsesi.org\\\/wp-content\\\/uploads\\\/2026\\\/09\\\/Kuzeyinsesikj-2026-09-01T121209.514.jpg\",\"width\":1600,\"height\":900},{\"@type\":\"BreadcrumbList\",\"@id\":\"https:\\\/\\\/kuzeyinsesi.org\\\/index.php\\\/2026\\\/09\\\/01\\\/ataoglu-yapilan-istisareler-sonucunda-ucak-bileti-fiyatlarinda-dusus-yasandi\\\/#breadcrumb\",\"itemListElement\":[{\"@type\":\"ListItem\",\"position\":1,\"name\":\"Anasayfa\",\"item\":\"https:\\\/\\\/kuzeyinsesi.org\\\/\"},{\"@type\":\"ListItem\",\"position\":2,\"name\":\"Atao\u011flu: Yap\u0131lan isti\u015fareler sonucunda u\u00e7ak bileti fiyatlar\u0131nda d\u00fc\u015f\u00fc\u015f ya\u015fand\u0131\"}]},{\"@type\":\"WebSite\",\"@id\":\"https:\\\/\\\/kuzeyinsesi.org\\\/#website\",\"url\":\"https:\\\/\\\/kuzeyinsesi.org\\\/\",\"name\":\"Kuzeyin Sesi\",\"description\":\"Do\u011fru Haberin Adresi\",\"potentialAction\":[{\"@type\":\"SearchAction\",\"target\":{\"@type\":\"EntryPoint\",\"urlTemplate\":\"https:\\\/\\\/kuzeyinsesi.org\\\/?s={search_term_string}\"},\"query-input\":{\"@type\":\"PropertyValueSpecification\",\"valueRequired\":true,\"valueName\":\"search_term_string\"}}],\"inLanguage\":\"tr\"},{\"@type\":\"Person\",\"@id\":\"https:\\\/\\\/kuzeyinsesi.org\\\/#\\\/schema\\\/person\\\/9f859689cdf01485597712386e37f5aa\",\"name\":\"Kuzeyin Sesi\",\"image\":{\"@type\":\"ImageObject\",\"inLanguage\":\"tr\",\"@id\":\"https:\\\/\\\/secure.gravatar.com\\\/avatar\\\/bab33852abfd8b282518d6ed81826833d77c3c882d9ab608add591ccace47a44?s=96&d=mm&r=g\",\"url\":\"https:\\\/\\\/secure.gravatar.com\\\/avatar\\\/bab33852abfd8b282518d6ed81826833d77c3c882d9ab608add591ccace47a44?s=96&d=mm&r=g\",\"contentUrl\":\"https:\\\/\\\/secure.gravatar.com\\\/avatar\\\/bab33852abfd8b282518d6ed81826833d77c3c882d9ab608add591ccace47a44?s=96&d=mm&r=g\",\"caption\":\"Kuzeyin Sesi\"},\"sameAs\":[\"https:\\\/\\\/kuzeyinsesi.org\"],\"url\":\"https:\\\/\\\/kuzeyinsesi.org\\\/index.php\\\/author\\\/guven\\\/\"}]}<\/script>\n<!-- \/ Yoast SEO plugin. -->","yoast_head_json":{"title":"Atao\u011flu: Yap\u0131lan isti\u015fareler sonucunda u\u00e7ak bileti fiyatlar\u0131nda d\u00fc\u015f\u00fc\u015f ya\u015fand\u0131 - Kuzeyin Sesi","robots":{"index":"index","follow":"follow","max-snippet":"max-snippet:-1","max-image-preview":"max-image-preview:large","max-video-preview":"max-video-preview:-1"},"canonical":"https:\/\/kuzeyinsesi.org\/index.php\/2026\/09\/01\/ataoglu-yapilan-istisareler-sonucunda-ucak-bileti-fiyatlarinda-dusus-yasandi\/","og_locale":"tr_TR","og_type":"article","og_title":"Atao\u011flu: Yap\u0131lan isti\u015fareler sonucunda u\u00e7ak bileti fiyatlar\u0131nda d\u00fc\u015f\u00fc\u015f ya\u015fand\u0131 - Kuzeyin Sesi","og_description":"Ba\u015fbakan Yard\u0131mc\u0131s\u0131, Turizm, K\u00fclt\u00fcr, Gen\u00e7lik ve \u00c7evre Bakan\u0131 Fikri Atao\u011flu, gemi seferlerinin durdurulmas\u0131n\u0131n ard\u0131ndan y\u00fckselen u\u00e7ak bileti fiyatlar\u0131n\u0131n yap\u0131lan g\u00f6r\u00fc\u015fmeler sonucunda d\u00fc\u015f\u00fcr\u00fcld\u00fc\u011f\u00fcn\u00fc a\u00e7\u0131klad\u0131. Atao\u011flu, f\u0131rsat\u00e7\u0131l\u0131\u011f\u0131n \u00f6n\u00fcne ge\u00e7ilmesi amac\u0131yla al\u0131nabilecek \u00f6nlemlerin Bakanlar Kurulu g\u00fcndemine ta\u015f\u0131naca\u011f\u0131n\u0131 belirtti. \u201cF\u0130YATLARIN ARTIRILMASI YER\u0130NE \u0130ND\u0130R\u0130M BEKLERD\u0130K\u201d BRTK canl\u0131 yay\u0131n\u0131nda a\u00e7\u0131klamalarda bulunan Atao\u011flu, u\u00e7ak bileti fiyatlar\u0131ndaki art\u0131\u015f\u0131n Cumhurba\u015fkan\u0131 ve T\u00fcrkiye\u2019den yetkililerle g\u00f6r\u00fc\u015f\u00fcld\u00fc\u011f\u00fcn\u00fc [&hellip;]","og_url":"https:\/\/kuzeyinsesi.org\/index.php\/2026\/09\/01\/ataoglu-yapilan-istisareler-sonucunda-ucak-bileti-fiyatlarinda-dusus-yasandi\/","og_site_name":"Kuzeyin Sesi","article_publisher":"https:\/\/www.facebook.com\/kuzeyinsesii","article_published_time":"2026-09-01T09:14:18+00:00","og_image":[{"width":1600,"height":900,"url":"https:\/\/kuzeyinsesi.org\/wp-content\/uploads\/2026\/09\/Kuzeyinsesikj-2026-09-01T121209.514.jpg","type":"image\/jpeg"}],"author":"Kuzeyin Sesi","twitter_card":"summary_large_image","twitter_creator":"@kuzeyinsesii","twitter_site":"@kuzeyinsesii","twitter_misc":{"Yazan:":"Kuzeyin Sesi","Tahmini okuma s\u00fcresi":"2 dakika"},"schema":{"@context":"https:\/\/schema.org","@graph":[{"@type":"Article","@id":"https:\/\/kuzeyinsesi.org\/index.php\/2026\/09\/01\/ataoglu-yapilan-istisareler-sonucunda-ucak-bileti-fiyatlarinda-dusus-yasandi\/#article","isPartOf":{"@id":"https:\/\/kuzeyinsesi.org\/index.php\/2026\/09\/01\/ataoglu-yapilan-istisareler-sonucunda-ucak-bileti-fiyatlarinda-dusus-yasandi\/"},"author":{"name":"Kuzeyin Sesi","@id":"https:\/\/kuzeyinsesi.org\/#\/schema\/person\/9f859689cdf01485597712386e37f5aa"},"headline":"Atao\u011flu: Yap\u0131lan isti\u015fareler sonucunda u\u00e7ak bileti fiyatlar\u0131nda d\u00fc\u015f\u00fc\u015f ya\u015fand\u0131","datePublished":"2026-09-01T09:14:18+00:00","mainEntityOfPage":{"@id":"https:\/\/kuzeyinsesi.org\/index.php\/2026\/09\/01\/ataoglu-yapilan-istisareler-sonucunda-ucak-bileti-fiyatlarinda-dusus-yasandi\/"},"wordCount":310,"commentCount":0,"image":{"@id":"https:\/\/kuzeyinsesi.org\/index.php\/2026\/09\/01\/ataoglu-yapilan-istisareler-sonucunda-ucak-bileti-fiyatlarinda-dusus-yasandi\/#primaryimage"},"thumbnailUrl":"https:\/\/kuzeyinsesi.org\/wp-content\/uploads\/2026\/09\/Kuzeyinsesikj-2026-09-01T121209.514.jpg","keywords":["Bakanlar Kurulu","Fikri Atao\u011flu","Gemi Seferleri","Hava Yolu \u015eirketleri","U\u00e7ak Biletleri"],"articleSection":["K\u0131br\u0131s"],"inLanguage":"tr","potentialAction":[{"@type":"CommentAction","name":"Comment","target":["https:\/\/kuzeyinsesi.org\/index.php\/2026\/09\/01\/ataoglu-yapilan-istisareler-sonucunda-ucak-bileti-fiyatlarinda-dusus-yasandi\/#respond"]}]},{"@type":"WebPage","@id":"https:\/\/kuzeyinsesi.org\/index.php\/2026\/09\/01\/ataoglu-yapilan-istisareler-sonucunda-ucak-bileti-fiyatlarinda-dusus-yasandi\/","url":"https:\/\/kuzeyinsesi.org\/index.php\/2026\/09\/01\/ataoglu-yapilan-istisareler-sonucunda-ucak-bileti-fiyatlarinda-dusus-yasandi\/","name":"Atao\u011flu: Yap\u0131lan isti\u015fareler sonucunda u\u00e7ak bileti fiyatlar\u0131nda d\u00fc\u015f\u00fc\u015f ya\u015fand\u0131 - Kuzeyin Sesi","isPartOf":{"@id":"https:\/\/kuzeyinsesi.org\/#website"},"primaryImageOfPage":{"@id":"https:\/\/kuzeyinsesi.org\/index.php\/2026\/09\/01\/ataoglu-yapilan-istisareler-sonucunda-ucak-bileti-fiyatlarinda-dusus-yasandi\/#primaryimage"},"image":{"@id":"https:\/\/kuzeyinsesi.org\/index.php\/2026\/09\/01\/ataoglu-yapilan-istisareler-sonucunda-ucak-bileti-fiyatlarinda-dusus-yasandi\/#primaryimage"},"thumbnailUrl":"https:\/\/kuzeyinsesi.org\/wp-content\/uploads\/2026\/09\/Kuzeyinsesikj-2026-09-01T121209.514.jpg","datePublished":"2026-09-01T09:14:18+00:00","author":{"@id":"https:\/\/kuzeyinsesi.org\/#\/schema\/person\/9f859689cdf01485597712386e37f5aa"},"breadcrumb":{"@id":"https:\/\/kuzeyinsesi.org\/index.php\/2026\/09\/01\/ataoglu-yapilan-istisareler-sonucunda-ucak-bileti-fiyatlarinda-dusus-yasandi\/#breadcrumb"},"inLanguage":"tr","potentialAction":[{"@type":"ReadAction","target":["https:\/\/kuzeyinsesi.org\/index.php\/2026\/09\/01\/ataoglu-yapilan-istisareler-sonucunda-ucak-bileti-fiyatlarinda-dusus-yasandi\/"]}]},{"@type":"ImageObject","inLanguage":"tr","@id":"https:\/\/kuzeyinsesi.org\/index.php\/2026\/09\/01\/ataoglu-yapilan-istisareler-sonucunda-ucak-bileti-fiyatlarinda-dusus-yasandi\/#primaryimage","url":"https:\/\/kuzeyinsesi.org\/wp-content\/uploads\/2026\/09\/Kuzeyinsesikj-2026-09-01T121209.514.jpg","contentUrl":"https:\/\/kuzeyinsesi.org\/wp-content\/uploads\/2026\/09\/Kuzeyinsesikj-2026-09-01T121209.514.jpg","width":1600,"height":900},{"@type":"BreadcrumbList","@id":"https:\/\/kuzeyinsesi.org\/index.php\/2026\/09\/01\/ataoglu-yapilan-istisareler-sonucunda-ucak-bileti-fiyatlarinda-dusus-yasandi\/#breadcrumb","itemListElement":[{"@type":"ListItem","position":1,"name":"Anasayfa","item":"https:\/\/kuzeyinsesi.org\/"},{"@type":"ListItem","position":2,"name":"Atao\u011flu: Yap\u0131lan isti\u015fareler sonucunda u\u00e7ak bileti fiyatlar\u0131nda d\u00fc\u015f\u00fc\u015f ya\u015fand\u0131"}]},{"@type":"WebSite","@id":"https:\/\/kuzeyinsesi.org\/#website","url":"https:\/\/kuzeyinsesi.org\/","name":"Kuzeyin Sesi","description":"Do\u011fru Haberin Adresi","potentialAction":[{"@type":"SearchAction","target":{"@type":"EntryPoint","urlTemplate":"https:\/\/kuzeyinsesi.org\/?s={search_term_string}"},"query-input":{"@type":"PropertyValueSpecification","valueRequired":true,"valueName":"search_term_string"}}],"inLanguage":"tr"},{"@type":"Person","@id":"https:\/\/kuzeyinsesi.org\/#\/schema\/person\/9f859689cdf01485597712386e37f5aa","name":"Kuzeyin Sesi","image":{"@type":"ImageObject","inLanguage":"tr","@id":"https:\/\/secure.gravatar.com\/avatar\/bab33852abfd8b282518d6ed81826833d77c3c882d9ab608add591ccace47a44?s=96&d=mm&r=g","url":"https:\/\/secure.gravatar.com\/avatar\/bab33852abfd8b282518d6ed81826833d77c3c882d9ab608add591ccace47a44?s=96&d=mm&r=g","contentUrl":"https:\/\/secure.gravatar.com\/avatar\/bab33852abfd8b282518d6ed81826833d77c3c882d9ab608add591ccace47a44?s=96&d=mm&r=g","caption":"Kuzeyin Sesi"},"sameAs":["https:\/\/kuzeyinsesi.org"],"url":"https:\/\/kuzeyinsesi.org\/index.php\/author\/guven\/"}]}},"_links":{"self":[{"href":"https:\/\/kuzeyinsesi.org\/index.php\/wp-json\/wp\/v2\/posts\/45864","targetHints":{"allow":["GET"]}}],"collection":[{"href":"https:\/\/kuzeyinsesi.org\/index.php\/wp-json\/wp\/v2\/posts"}],"about":[{"href":"https:\/\/kuzeyinsesi.org\/index.php\/wp-json\/wp\/v2\/types\/post"}],"author":[{"embeddable":true,"href":"https:\/\/kuzeyinsesi.org\/index.php\/wp-json\/wp\/v2\/users\/1"}],"replies":[{"embeddable":true,"href":"https:\/\/kuzeyinsesi.org\/index.php\/wp-json\/wp\/v2\/comments?post=45864"}],"version-history":[{"count":1,"href":"https:\/\/kuzeyinsesi.org\/index.php\/wp-json\/wp\/v2\/posts\/45864\/revisions"}],"predecessor-version":[{"id":45866,"href":"https:\/\/kuzeyinsesi.org\/index.php\/wp-json\/wp\/v2\/posts\/45864\/revisions\/45866"}],"wp:featuredmedia":[{"embeddable":true,"href":"https:\/\/kuzeyinsesi.org\/index.php\/wp-json\/wp\/v2\/media\/45865"}],"wp:attachment":[{"href":"https:\/\/kuzeyinsesi.org\/index.php\/wp-json\/wp\/v2\/media?parent=45864"}],"wp:term":[{"taxonomy":"category","embeddable":true,"href":"https:\/\/kuzeyinsesi.org\/index.php\/wp-json\/wp\/v2\/categories?post=45864"},{"taxonomy":"post_tag","embeddable":true,"href":"https:\/\/kuzeyinsesi.org\/index.php\/wp-json\/wp\/v2\/tags?post=45864"}],"curies":[{"name":"wp","href":"https:\/\/api.w.org\/{rel}","templated":true}]}}