{"id":45859,"date":"2026-09-01T11:27:22","date_gmt":"2026-09-01T08:27:22","guid":{"rendered":"https:\/\/kuzeyinsesi.org\/?p=45859"},"modified":"2026-09-01T11:27:22","modified_gmt":"2026-09-01T08:27:22","slug":"ustel-tcg-isin-deniz-altinda-calismalara-basladi","status":"publish","type":"post","link":"https:\/\/kuzeyinsesi.org\/index.php\/2026\/09\/01\/ustel-tcg-isin-deniz-altinda-calismalara-basladi\/","title":{"rendered":"\u00dcstel: TCG I\u015eIN deniz alt\u0131nda \u00e7al\u0131\u015fmalara ba\u015flad\u0131"},"content":{"rendered":"<p class=\"isSelectedEnd\">Ba\u015fbakan <strong>\u00dcnal \u00dcstel<\/strong>, Girne a\u00e7\u0131klar\u0131nda ya\u015fanan gemi facias\u0131n\u0131n ard\u0131ndan ba\u015flat\u0131lan arama-kurtarma \u00e7al\u0131\u015fmalar\u0131n\u0131n \u00fc\u00e7\u00fcnc\u00fc g\u00fcn\u00fcnde de kesintisiz s\u00fcrd\u00fc\u011f\u00fcn\u00fc a\u00e7\u0131klad\u0131. \u00dcstel, bat\u0131\u011f\u0131n bulundu\u011fu y\u00fcksek derinlikte \u00e7al\u0131\u015fma ve g\u00f6r\u00fcnt\u00fcleme yapabilecek teknik imkanlara sahip <strong>TCG I\u015eIN\u2019\u0131n b\u00f6lgeye ula\u015farak deniz alt\u0131ndaki ilk \u00e7al\u0131\u015fmalar\u0131na ba\u015flad\u0131\u011f\u0131n\u0131<\/strong> bildirdi.<\/p>\n<h2>\u201c\u015eU ANA KADAR YEN\u0130 B\u0130R GEL\u0130\u015eME BULUNMAMAKTADIR\u201d<\/h2>\n<p class=\"isSelectedEnd\">Arama-kurtarma faaliyetlerinin gece boyunca kesintisiz devam etti\u011fini belirten \u00dcstel, g\u00fcn\u00fcn ilk \u0131\u015f\u0131klar\u0131yla birlikte \u00e7al\u0131\u015fmalar\u0131n yeniden g\u00fcnd\u00fcz safhas\u0131na ge\u00e7ti\u011fini kaydetti.<\/p>\n<p class=\"isSelectedEnd\">Kay\u0131p vatanda\u015flara ili\u015fkin hen\u00fcz yeni bir geli\u015fme olmad\u0131\u011f\u0131n\u0131 a\u00e7\u0131klayan \u00dcstel, <strong>\u201c\u015eu ana kadar kay\u0131p vatanda\u015flar\u0131m\u0131za ili\u015fkin yeni bir geli\u015fme bulunmamaktad\u0131r. Ancak ekiplerimiz belirlenen t\u00fcm alanlarda, havadan ve denizden arama faaliyetlerini b\u00fcy\u00fck bir titizlikle s\u00fcrd\u00fcrmektedir\u201d<\/strong> dedi.<\/p>\n<h2>TCG I\u015eIN BATIKTA \u0130LK \u00c7ALI\u015eMALARINA BA\u015eLADI<\/h2>\n<p class=\"isSelectedEnd\">Bat\u0131\u011f\u0131n bulundu\u011fu y\u00fcksek derinlikte \u00e7al\u0131\u015fma ve g\u00f6r\u00fcnt\u00fcleme yapabilecek teknik imkanlara sahip <strong>TCG I\u015eIN\u2019\u0131n b\u00f6lgeye ula\u015ft\u0131\u011f\u0131n\u0131<\/strong> belirten \u00dcstel, geminin deniz alt\u0131ndaki ilk \u00e7al\u0131\u015fmalar\u0131na ba\u015flad\u0131\u011f\u0131n\u0131 a\u00e7\u0131klad\u0131.<\/p>\n<p class=\"isSelectedEnd\">\u00c7al\u0131\u015fmalar kapsam\u0131nda <strong>bat\u0131\u011fa ve kay\u0131p ki\u015filere ula\u015f\u0131lmas\u0131 ile geminin mevcut durumunun g\u00f6r\u00fcnt\u00fclenmesi<\/strong> hedefleniyor.<\/p>\n<p class=\"isSelectedEnd\">\u00dcstel, elde edilecek her g\u00f6r\u00fcnt\u00fc, veri ve bulgunun ilgili birimler taraf\u0131ndan titizlikle de\u011ferlendirilece\u011fini ifade etti.<\/p>\n<h2>T\u00dcRK\u0130YE \u0130LE KOORD\u0130NASYON \u0130\u00c7\u0130NDE \u00c7ALI\u015eILIYOR<\/h2>\n<p class=\"isSelectedEnd\">Devletin t\u00fcm kurumlar\u0131yla sahada oldu\u011funu vurgulayan \u00dcstel, T\u00fcrkiye Cumhuriyeti ile tam koordinasyon i\u00e7erisinde \u00e7al\u0131\u015fmalar\u0131n s\u00fcrd\u00fcr\u00fcld\u00fc\u011f\u00fcn\u00fc belirtti.<\/p>\n<p class=\"isSelectedEnd\">K\u0131br\u0131s T\u00fcrk Bar\u0131\u015f Kuvvetleri Komutanl\u0131\u011f\u0131, G\u00fcvenlik Kuvvetleri Komutanl\u0131\u011f\u0131, T\u00fcrk Silahl\u0131 Kuvvetleri, Sahil G\u00fcvenlik, Polis ve Sivil Savunma ba\u015fta olmak \u00fczere ilgili t\u00fcm birimlerin ortak \u00e7al\u0131\u015fma y\u00fcr\u00fctt\u00fc\u011f\u00fcn\u00fc kaydetti.<\/p>\n<h2>\u201cEN B\u00dcY\u00dcK \u00d6NCEL\u0130\u011e\u0130M\u0130Z KAYIPLARIMIZA ULA\u015eMAK\u201d<\/h2>\n<p class=\"isSelectedEnd\">Arama-kurtarma \u00e7al\u0131\u015fmalar\u0131ndaki en b\u00fcy\u00fck \u00f6nceli\u011fin kay\u0131p ki\u015filere ula\u015fmak oldu\u011funu vurgulayan \u00dcstel, facian\u0131n nas\u0131l meydana geldi\u011finin t\u00fcm y\u00f6nleriyle ortaya \u00e7\u0131kar\u0131lmas\u0131 amac\u0131yla ba\u015flat\u0131lan <strong>adli ve teknik \u00e7al\u0131\u015fmalar\u0131n da devam etti\u011fini<\/strong> s\u00f6yledi.<\/p>\n<p>\u00dcstel, <strong>\u201cKay\u0131plar\u0131m\u0131za ula\u015fmak i\u00e7in umudumuzu koruyor, ekiplerimizin \u00e7al\u0131\u015fmalar\u0131ndan gelecek iyi bir haberi bekliyoruz\u201d<\/strong> ifadelerini kulland\u0131.<\/p>\n","protected":false},"excerpt":{"rendered":"<p>Ba\u015fbakan \u00dcnal \u00dcstel, Girne a\u00e7\u0131klar\u0131nda ya\u015fanan gemi facias\u0131n\u0131n ard\u0131ndan ba\u015flat\u0131lan arama-kurtarma \u00e7al\u0131\u015fmalar\u0131n\u0131n \u00fc\u00e7\u00fcnc\u00fc g\u00fcn\u00fcnde de kesintisiz s\u00fcrd\u00fc\u011f\u00fcn\u00fc a\u00e7\u0131klad\u0131. \u00dcstel, bat\u0131\u011f\u0131n bulundu\u011fu y\u00fcksek derinlikte \u00e7al\u0131\u015fma ve g\u00f6r\u00fcnt\u00fcleme yapabilecek teknik imkanlara sahip TCG I\u015eIN\u2019\u0131n b\u00f6lgeye ula\u015farak deniz alt\u0131ndaki ilk \u00e7al\u0131\u015fmalar\u0131na ba\u015flad\u0131\u011f\u0131n\u0131 bildirdi. \u201c\u015eU ANA KADAR YEN\u0130 B\u0130R GEL\u0130\u015eME BULUNMAMAKTADIR\u201d Arama-kurtarma faaliyetlerinin gece boyunca kesintisiz devam etti\u011fini belirten [&hellip;]<\/p>\n","protected":false},"author":1,"featured_media":45860,"comment_status":"open","ping_status":"open","sticky":false,"template":"","format":"standard","meta":{"jnews-multi-image_gallery":[],"jnews_single_post":{"subtitle":"","format":"standard","override":[{"template":"1","parallax":"1","fullscreen":"1","layout":"right-sidebar","sidebar":"default-sidebar","second_sidebar":"default-sidebar","sticky_sidebar":"1","share_position":"top","share_float_style":"share-monocrhome","show_featured":"1","show_post_author":"1","show_post_author_image":"1","show_post_date":"1","post_date_format":"default","post_date_format_custom":"Y\/m\/d","show_post_category":"1","show_post_reading_time":"0","post_reading_time_wpm":"300","post_calculate_word_method":"str_word_count","show_zoom_button":"0","zoom_button_out_step":"2","zoom_button_in_step":"3","show_post_tag":"1","show_prev_next_post":"1","show_popup_post":"1","show_comment_section":"1","number_popup_post":"1","show_author_box":"0","show_post_related":"0","show_inline_post_related":"0"}],"image_override":[{"single_post_thumbnail_size":"crop-500","single_post_gallery_size":"crop-500"}],"trending_post_position":"meta","trending_post_label":"Trending","sponsored_post_label":"Sponsored by","disable_ad":"0"},"jnews_primary_category":[],"jnews_social_meta":[],"jnews_override_counter":{"view_counter_number":"0","share_counter_number":"0","like_counter_number":"0","dislike_counter_number":"0"},"footnotes":""},"categories":[1],"tags":[3331,7028,395,7030,209],"class_list":["post-45859","post","type-post","status-publish","format-standard","has-post-thumbnail","hentry","category-kibris","tag-arama-kurtarma","tag-filo-jet","tag-girne","tag-tcg-isin","tag-unal-ustel"],"yoast_head":"<!-- This site is optimized with the Yoast SEO plugin v28.4 - https:\/\/yoast.com\/product\/yoast-seo-wordpress\/ -->\n<title>\u00dcstel: TCG I\u015eIN deniz alt\u0131nda \u00e7al\u0131\u015fmalara ba\u015flad\u0131 - Kuzeyin Sesi<\/title>\n<meta name=\"robots\" content=\"index, follow, max-snippet:-1, max-image-preview:large, max-video-preview:-1\" \/>\n<link rel=\"canonical\" href=\"https:\/\/kuzeyinsesi.org\/index.php\/2026\/09\/01\/ustel-tcg-isin-deniz-altinda-calismalara-basladi\/\" \/>\n<meta property=\"og:locale\" content=\"tr_TR\" \/>\n<meta property=\"og:type\" content=\"article\" \/>\n<meta property=\"og:title\" content=\"\u00dcstel: TCG I\u015eIN deniz alt\u0131nda \u00e7al\u0131\u015fmalara ba\u015flad\u0131 - Kuzeyin Sesi\" \/>\n<meta property=\"og:description\" content=\"Ba\u015fbakan \u00dcnal \u00dcstel, Girne a\u00e7\u0131klar\u0131nda ya\u015fanan gemi facias\u0131n\u0131n ard\u0131ndan ba\u015flat\u0131lan arama-kurtarma \u00e7al\u0131\u015fmalar\u0131n\u0131n \u00fc\u00e7\u00fcnc\u00fc g\u00fcn\u00fcnde de kesintisiz s\u00fcrd\u00fc\u011f\u00fcn\u00fc a\u00e7\u0131klad\u0131. \u00dcstel, bat\u0131\u011f\u0131n bulundu\u011fu y\u00fcksek derinlikte \u00e7al\u0131\u015fma ve g\u00f6r\u00fcnt\u00fcleme yapabilecek teknik imkanlara sahip TCG I\u015eIN\u2019\u0131n b\u00f6lgeye ula\u015farak deniz alt\u0131ndaki ilk \u00e7al\u0131\u015fmalar\u0131na ba\u015flad\u0131\u011f\u0131n\u0131 bildirdi. \u201c\u015eU ANA KADAR YEN\u0130 B\u0130R GEL\u0130\u015eME BULUNMAMAKTADIR\u201d Arama-kurtarma faaliyetlerinin gece boyunca kesintisiz devam etti\u011fini belirten [&hellip;]\" \/>\n<meta property=\"og:url\" content=\"https:\/\/kuzeyinsesi.org\/index.php\/2026\/09\/01\/ustel-tcg-isin-deniz-altinda-calismalara-basladi\/\" \/>\n<meta property=\"og:site_name\" content=\"Kuzeyin Sesi\" \/>\n<meta property=\"article:publisher\" content=\"https:\/\/www.facebook.com\/kuzeyinsesii\" \/>\n<meta property=\"article:published_time\" content=\"2026-09-01T08:27:22+00:00\" \/>\n<meta property=\"og:image\" content=\"https:\/\/kuzeyinsesi.org\/wp-content\/uploads\/2026\/09\/Kuzeyinsesikj-2026-09-01T112701.699.jpg\" \/>\n\t<meta property=\"og:image:width\" content=\"1600\" \/>\n\t<meta property=\"og:image:height\" content=\"900\" \/>\n\t<meta property=\"og:image:type\" content=\"image\/jpeg\" \/>\n<meta name=\"author\" content=\"Kuzeyin Sesi\" \/>\n<meta name=\"twitter:card\" content=\"summary_large_image\" \/>\n<meta name=\"twitter:creator\" content=\"@kuzeyinsesii\" \/>\n<meta name=\"twitter:site\" content=\"@kuzeyinsesii\" \/>\n<meta name=\"twitter:label1\" content=\"Yazan:\" \/>\n\t<meta name=\"twitter:data1\" content=\"Kuzeyin Sesi\" \/>\n\t<meta name=\"twitter:label2\" content=\"Tahmini okuma s\u00fcresi\" \/>\n\t<meta name=\"twitter:data2\" content=\"2 dakika\" \/>\n<script type=\"application\/ld+json\" class=\"yoast-schema-graph\">{\"@context\":\"https:\\\/\\\/schema.org\",\"@graph\":[{\"@type\":\"Article\",\"@id\":\"https:\\\/\\\/kuzeyinsesi.org\\\/index.php\\\/2026\\\/09\\\/01\\\/ustel-tcg-isin-deniz-altinda-calismalara-basladi\\\/#article\",\"isPartOf\":{\"@id\":\"https:\\\/\\\/kuzeyinsesi.org\\\/index.php\\\/2026\\\/09\\\/01\\\/ustel-tcg-isin-deniz-altinda-calismalara-basladi\\\/\"},\"author\":{\"name\":\"Kuzeyin Sesi\",\"@id\":\"https:\\\/\\\/kuzeyinsesi.org\\\/#\\\/schema\\\/person\\\/9f859689cdf01485597712386e37f5aa\"},\"headline\":\"\u00dcstel: TCG I\u015eIN deniz alt\u0131nda \u00e7al\u0131\u015fmalara ba\u015flad\u0131\",\"datePublished\":\"2026-09-01T08:27:22+00:00\",\"mainEntityOfPage\":{\"@id\":\"https:\\\/\\\/kuzeyinsesi.org\\\/index.php\\\/2026\\\/09\\\/01\\\/ustel-tcg-isin-deniz-altinda-calismalara-basladi\\\/\"},\"wordCount\":428,\"commentCount\":0,\"image\":{\"@id\":\"https:\\\/\\\/kuzeyinsesi.org\\\/index.php\\\/2026\\\/09\\\/01\\\/ustel-tcg-isin-deniz-altinda-calismalara-basladi\\\/#primaryimage\"},\"thumbnailUrl\":\"https:\\\/\\\/kuzeyinsesi.org\\\/wp-content\\\/uploads\\\/2026\\\/09\\\/Kuzeyinsesikj-2026-09-01T112701.699.jpg\",\"keywords\":[\"arama kurtarma\",\"F\u0130LO JET\",\"Girne\",\"TCG I\u015eIN\",\"\u00dcnal \u00dcstel\"],\"articleSection\":[\"K\u0131br\u0131s\"],\"inLanguage\":\"tr\",\"potentialAction\":[{\"@type\":\"CommentAction\",\"name\":\"Comment\",\"target\":[\"https:\\\/\\\/kuzeyinsesi.org\\\/index.php\\\/2026\\\/09\\\/01\\\/ustel-tcg-isin-deniz-altinda-calismalara-basladi\\\/#respond\"]}]},{\"@type\":\"WebPage\",\"@id\":\"https:\\\/\\\/kuzeyinsesi.org\\\/index.php\\\/2026\\\/09\\\/01\\\/ustel-tcg-isin-deniz-altinda-calismalara-basladi\\\/\",\"url\":\"https:\\\/\\\/kuzeyinsesi.org\\\/index.php\\\/2026\\\/09\\\/01\\\/ustel-tcg-isin-deniz-altinda-calismalara-basladi\\\/\",\"name\":\"\u00dcstel: TCG I\u015eIN deniz alt\u0131nda \u00e7al\u0131\u015fmalara ba\u015flad\u0131 - Kuzeyin Sesi\",\"isPartOf\":{\"@id\":\"https:\\\/\\\/kuzeyinsesi.org\\\/#website\"},\"primaryImageOfPage\":{\"@id\":\"https:\\\/\\\/kuzeyinsesi.org\\\/index.php\\\/2026\\\/09\\\/01\\\/ustel-tcg-isin-deniz-altinda-calismalara-basladi\\\/#primaryimage\"},\"image\":{\"@id\":\"https:\\\/\\\/kuzeyinsesi.org\\\/index.php\\\/2026\\\/09\\\/01\\\/ustel-tcg-isin-deniz-altinda-calismalara-basladi\\\/#primaryimage\"},\"thumbnailUrl\":\"https:\\\/\\\/kuzeyinsesi.org\\\/wp-content\\\/uploads\\\/2026\\\/09\\\/Kuzeyinsesikj-2026-09-01T112701.699.jpg\",\"datePublished\":\"2026-09-01T08:27:22+00:00\",\"author\":{\"@id\":\"https:\\\/\\\/kuzeyinsesi.org\\\/#\\\/schema\\\/person\\\/9f859689cdf01485597712386e37f5aa\"},\"breadcrumb\":{\"@id\":\"https:\\\/\\\/kuzeyinsesi.org\\\/index.php\\\/2026\\\/09\\\/01\\\/ustel-tcg-isin-deniz-altinda-calismalara-basladi\\\/#breadcrumb\"},\"inLanguage\":\"tr\",\"potentialAction\":[{\"@type\":\"ReadAction\",\"target\":[\"https:\\\/\\\/kuzeyinsesi.org\\\/index.php\\\/2026\\\/09\\\/01\\\/ustel-tcg-isin-deniz-altinda-calismalara-basladi\\\/\"]}]},{\"@type\":\"ImageObject\",\"inLanguage\":\"tr\",\"@id\":\"https:\\\/\\\/kuzeyinsesi.org\\\/index.php\\\/2026\\\/09\\\/01\\\/ustel-tcg-isin-deniz-altinda-calismalara-basladi\\\/#primaryimage\",\"url\":\"https:\\\/\\\/kuzeyinsesi.org\\\/wp-content\\\/uploads\\\/2026\\\/09\\\/Kuzeyinsesikj-2026-09-01T112701.699.jpg\",\"contentUrl\":\"https:\\\/\\\/kuzeyinsesi.org\\\/wp-content\\\/uploads\\\/2026\\\/09\\\/Kuzeyinsesikj-2026-09-01T112701.699.jpg\",\"width\":1600,\"height\":900},{\"@type\":\"BreadcrumbList\",\"@id\":\"https:\\\/\\\/kuzeyinsesi.org\\\/index.php\\\/2026\\\/09\\\/01\\\/ustel-tcg-isin-deniz-altinda-calismalara-basladi\\\/#breadcrumb\",\"itemListElement\":[{\"@type\":\"ListItem\",\"position\":1,\"name\":\"Anasayfa\",\"item\":\"https:\\\/\\\/kuzeyinsesi.org\\\/\"},{\"@type\":\"ListItem\",\"position\":2,\"name\":\"\u00dcstel: TCG I\u015eIN deniz alt\u0131nda \u00e7al\u0131\u015fmalara ba\u015flad\u0131\"}]},{\"@type\":\"WebSite\",\"@id\":\"https:\\\/\\\/kuzeyinsesi.org\\\/#website\",\"url\":\"https:\\\/\\\/kuzeyinsesi.org\\\/\",\"name\":\"Kuzeyin Sesi\",\"description\":\"Do\u011fru Haberin Adresi\",\"potentialAction\":[{\"@type\":\"SearchAction\",\"target\":{\"@type\":\"EntryPoint\",\"urlTemplate\":\"https:\\\/\\\/kuzeyinsesi.org\\\/?s={search_term_string}\"},\"query-input\":{\"@type\":\"PropertyValueSpecification\",\"valueRequired\":true,\"valueName\":\"search_term_string\"}}],\"inLanguage\":\"tr\"},{\"@type\":\"Person\",\"@id\":\"https:\\\/\\\/kuzeyinsesi.org\\\/#\\\/schema\\\/person\\\/9f859689cdf01485597712386e37f5aa\",\"name\":\"Kuzeyin Sesi\",\"image\":{\"@type\":\"ImageObject\",\"inLanguage\":\"tr\",\"@id\":\"https:\\\/\\\/secure.gravatar.com\\\/avatar\\\/bab33852abfd8b282518d6ed81826833d77c3c882d9ab608add591ccace47a44?s=96&d=mm&r=g\",\"url\":\"https:\\\/\\\/secure.gravatar.com\\\/avatar\\\/bab33852abfd8b282518d6ed81826833d77c3c882d9ab608add591ccace47a44?s=96&d=mm&r=g\",\"contentUrl\":\"https:\\\/\\\/secure.gravatar.com\\\/avatar\\\/bab33852abfd8b282518d6ed81826833d77c3c882d9ab608add591ccace47a44?s=96&d=mm&r=g\",\"caption\":\"Kuzeyin Sesi\"},\"sameAs\":[\"https:\\\/\\\/kuzeyinsesi.org\"],\"url\":\"https:\\\/\\\/kuzeyinsesi.org\\\/index.php\\\/author\\\/guven\\\/\"}]}<\/script>\n<!-- \/ Yoast SEO plugin. -->","yoast_head_json":{"title":"\u00dcstel: TCG I\u015eIN deniz alt\u0131nda \u00e7al\u0131\u015fmalara ba\u015flad\u0131 - Kuzeyin Sesi","robots":{"index":"index","follow":"follow","max-snippet":"max-snippet:-1","max-image-preview":"max-image-preview:large","max-video-preview":"max-video-preview:-1"},"canonical":"https:\/\/kuzeyinsesi.org\/index.php\/2026\/09\/01\/ustel-tcg-isin-deniz-altinda-calismalara-basladi\/","og_locale":"tr_TR","og_type":"article","og_title":"\u00dcstel: TCG I\u015eIN deniz alt\u0131nda \u00e7al\u0131\u015fmalara ba\u015flad\u0131 - Kuzeyin Sesi","og_description":"Ba\u015fbakan \u00dcnal \u00dcstel, Girne a\u00e7\u0131klar\u0131nda ya\u015fanan gemi facias\u0131n\u0131n ard\u0131ndan ba\u015flat\u0131lan arama-kurtarma \u00e7al\u0131\u015fmalar\u0131n\u0131n \u00fc\u00e7\u00fcnc\u00fc g\u00fcn\u00fcnde de kesintisiz s\u00fcrd\u00fc\u011f\u00fcn\u00fc a\u00e7\u0131klad\u0131. \u00dcstel, bat\u0131\u011f\u0131n bulundu\u011fu y\u00fcksek derinlikte \u00e7al\u0131\u015fma ve g\u00f6r\u00fcnt\u00fcleme yapabilecek teknik imkanlara sahip TCG I\u015eIN\u2019\u0131n b\u00f6lgeye ula\u015farak deniz alt\u0131ndaki ilk \u00e7al\u0131\u015fmalar\u0131na ba\u015flad\u0131\u011f\u0131n\u0131 bildirdi. \u201c\u015eU ANA KADAR YEN\u0130 B\u0130R GEL\u0130\u015eME BULUNMAMAKTADIR\u201d Arama-kurtarma faaliyetlerinin gece boyunca kesintisiz devam etti\u011fini belirten [&hellip;]","og_url":"https:\/\/kuzeyinsesi.org\/index.php\/2026\/09\/01\/ustel-tcg-isin-deniz-altinda-calismalara-basladi\/","og_site_name":"Kuzeyin Sesi","article_publisher":"https:\/\/www.facebook.com\/kuzeyinsesii","article_published_time":"2026-09-01T08:27:22+00:00","og_image":[{"width":1600,"height":900,"url":"https:\/\/kuzeyinsesi.org\/wp-content\/uploads\/2026\/09\/Kuzeyinsesikj-2026-09-01T112701.699.jpg","type":"image\/jpeg"}],"author":"Kuzeyin Sesi","twitter_card":"summary_large_image","twitter_creator":"@kuzeyinsesii","twitter_site":"@kuzeyinsesii","twitter_misc":{"Yazan:":"Kuzeyin Sesi","Tahmini okuma s\u00fcresi":"2 dakika"},"schema":{"@context":"https:\/\/schema.org","@graph":[{"@type":"Article","@id":"https:\/\/kuzeyinsesi.org\/index.php\/2026\/09\/01\/ustel-tcg-isin-deniz-altinda-calismalara-basladi\/#article","isPartOf":{"@id":"https:\/\/kuzeyinsesi.org\/index.php\/2026\/09\/01\/ustel-tcg-isin-deniz-altinda-calismalara-basladi\/"},"author":{"name":"Kuzeyin Sesi","@id":"https:\/\/kuzeyinsesi.org\/#\/schema\/person\/9f859689cdf01485597712386e37f5aa"},"headline":"\u00dcstel: TCG I\u015eIN deniz alt\u0131nda \u00e7al\u0131\u015fmalara ba\u015flad\u0131","datePublished":"2026-09-01T08:27:22+00:00","mainEntityOfPage":{"@id":"https:\/\/kuzeyinsesi.org\/index.php\/2026\/09\/01\/ustel-tcg-isin-deniz-altinda-calismalara-basladi\/"},"wordCount":428,"commentCount":0,"image":{"@id":"https:\/\/kuzeyinsesi.org\/index.php\/2026\/09\/01\/ustel-tcg-isin-deniz-altinda-calismalara-basladi\/#primaryimage"},"thumbnailUrl":"https:\/\/kuzeyinsesi.org\/wp-content\/uploads\/2026\/09\/Kuzeyinsesikj-2026-09-01T112701.699.jpg","keywords":["arama kurtarma","F\u0130LO JET","Girne","TCG I\u015eIN","\u00dcnal \u00dcstel"],"articleSection":["K\u0131br\u0131s"],"inLanguage":"tr","potentialAction":[{"@type":"CommentAction","name":"Comment","target":["https:\/\/kuzeyinsesi.org\/index.php\/2026\/09\/01\/ustel-tcg-isin-deniz-altinda-calismalara-basladi\/#respond"]}]},{"@type":"WebPage","@id":"https:\/\/kuzeyinsesi.org\/index.php\/2026\/09\/01\/ustel-tcg-isin-deniz-altinda-calismalara-basladi\/","url":"https:\/\/kuzeyinsesi.org\/index.php\/2026\/09\/01\/ustel-tcg-isin-deniz-altinda-calismalara-basladi\/","name":"\u00dcstel: TCG I\u015eIN deniz alt\u0131nda \u00e7al\u0131\u015fmalara ba\u015flad\u0131 - Kuzeyin Sesi","isPartOf":{"@id":"https:\/\/kuzeyinsesi.org\/#website"},"primaryImageOfPage":{"@id":"https:\/\/kuzeyinsesi.org\/index.php\/2026\/09\/01\/ustel-tcg-isin-deniz-altinda-calismalara-basladi\/#primaryimage"},"image":{"@id":"https:\/\/kuzeyinsesi.org\/index.php\/2026\/09\/01\/ustel-tcg-isin-deniz-altinda-calismalara-basladi\/#primaryimage"},"thumbnailUrl":"https:\/\/kuzeyinsesi.org\/wp-content\/uploads\/2026\/09\/Kuzeyinsesikj-2026-09-01T112701.699.jpg","datePublished":"2026-09-01T08:27:22+00:00","author":{"@id":"https:\/\/kuzeyinsesi.org\/#\/schema\/person\/9f859689cdf01485597712386e37f5aa"},"breadcrumb":{"@id":"https:\/\/kuzeyinsesi.org\/index.php\/2026\/09\/01\/ustel-tcg-isin-deniz-altinda-calismalara-basladi\/#breadcrumb"},"inLanguage":"tr","potentialAction":[{"@type":"ReadAction","target":["https:\/\/kuzeyinsesi.org\/index.php\/2026\/09\/01\/ustel-tcg-isin-deniz-altinda-calismalara-basladi\/"]}]},{"@type":"ImageObject","inLanguage":"tr","@id":"https:\/\/kuzeyinsesi.org\/index.php\/2026\/09\/01\/ustel-tcg-isin-deniz-altinda-calismalara-basladi\/#primaryimage","url":"https:\/\/kuzeyinsesi.org\/wp-content\/uploads\/2026\/09\/Kuzeyinsesikj-2026-09-01T112701.699.jpg","contentUrl":"https:\/\/kuzeyinsesi.org\/wp-content\/uploads\/2026\/09\/Kuzeyinsesikj-2026-09-01T112701.699.jpg","width":1600,"height":900},{"@type":"BreadcrumbList","@id":"https:\/\/kuzeyinsesi.org\/index.php\/2026\/09\/01\/ustel-tcg-isin-deniz-altinda-calismalara-basladi\/#breadcrumb","itemListElement":[{"@type":"ListItem","position":1,"name":"Anasayfa","item":"https:\/\/kuzeyinsesi.org\/"},{"@type":"ListItem","position":2,"name":"\u00dcstel: TCG I\u015eIN deniz alt\u0131nda \u00e7al\u0131\u015fmalara ba\u015flad\u0131"}]},{"@type":"WebSite","@id":"https:\/\/kuzeyinsesi.org\/#website","url":"https:\/\/kuzeyinsesi.org\/","name":"Kuzeyin Sesi","description":"Do\u011fru Haberin Adresi","potentialAction":[{"@type":"SearchAction","target":{"@type":"EntryPoint","urlTemplate":"https:\/\/kuzeyinsesi.org\/?s={search_term_string}"},"query-input":{"@type":"PropertyValueSpecification","valueRequired":true,"valueName":"search_term_string"}}],"inLanguage":"tr"},{"@type":"Person","@id":"https:\/\/kuzeyinsesi.org\/#\/schema\/person\/9f859689cdf01485597712386e37f5aa","name":"Kuzeyin Sesi","image":{"@type":"ImageObject","inLanguage":"tr","@id":"https:\/\/secure.gravatar.com\/avatar\/bab33852abfd8b282518d6ed81826833d77c3c882d9ab608add591ccace47a44?s=96&d=mm&r=g","url":"https:\/\/secure.gravatar.com\/avatar\/bab33852abfd8b282518d6ed81826833d77c3c882d9ab608add591ccace47a44?s=96&d=mm&r=g","contentUrl":"https:\/\/secure.gravatar.com\/avatar\/bab33852abfd8b282518d6ed81826833d77c3c882d9ab608add591ccace47a44?s=96&d=mm&r=g","caption":"Kuzeyin Sesi"},"sameAs":["https:\/\/kuzeyinsesi.org"],"url":"https:\/\/kuzeyinsesi.org\/index.php\/author\/guven\/"}]}},"_links":{"self":[{"href":"https:\/\/kuzeyinsesi.org\/index.php\/wp-json\/wp\/v2\/posts\/45859","targetHints":{"allow":["GET"]}}],"collection":[{"href":"https:\/\/kuzeyinsesi.org\/index.php\/wp-json\/wp\/v2\/posts"}],"about":[{"href":"https:\/\/kuzeyinsesi.org\/index.php\/wp-json\/wp\/v2\/types\/post"}],"author":[{"embeddable":true,"href":"https:\/\/kuzeyinsesi.org\/index.php\/wp-json\/wp\/v2\/users\/1"}],"replies":[{"embeddable":true,"href":"https:\/\/kuzeyinsesi.org\/index.php\/wp-json\/wp\/v2\/comments?post=45859"}],"version-history":[{"count":1,"href":"https:\/\/kuzeyinsesi.org\/index.php\/wp-json\/wp\/v2\/posts\/45859\/revisions"}],"predecessor-version":[{"id":45861,"href":"https:\/\/kuzeyinsesi.org\/index.php\/wp-json\/wp\/v2\/posts\/45859\/revisions\/45861"}],"wp:featuredmedia":[{"embeddable":true,"href":"https:\/\/kuzeyinsesi.org\/index.php\/wp-json\/wp\/v2\/media\/45860"}],"wp:attachment":[{"href":"https:\/\/kuzeyinsesi.org\/index.php\/wp-json\/wp\/v2\/media?parent=45859"}],"wp:term":[{"taxonomy":"category","embeddable":true,"href":"https:\/\/kuzeyinsesi.org\/index.php\/wp-json\/wp\/v2\/categories?post=45859"},{"taxonomy":"post_tag","embeddable":true,"href":"https:\/\/kuzeyinsesi.org\/index.php\/wp-json\/wp\/v2\/tags?post=45859"}],"curies":[{"name":"wp","href":"https:\/\/api.w.org\/{rel}","templated":true}]}}