{"id":45857,"date":"2026-09-01T11:22:04","date_gmt":"2026-09-01T08:22:04","guid":{"rendered":"https:\/\/kuzeyinsesi.org\/index.php\/2026\/09\/01\/iran-merkez-bankasi-baskani-iranin-dovizi-var-ve-hem-de-yeterince-var\/"},"modified":"2026-09-01T11:22:04","modified_gmt":"2026-09-01T08:22:04","slug":"iran-merkez-bankasi-baskani-iranin-dovizi-var-ve-hem-de-yeterince-var","status":"publish","type":"post","link":"https:\/\/kuzeyinsesi.org\/index.php\/2026\/09\/01\/iran-merkez-bankasi-baskani-iranin-dovizi-var-ve-hem-de-yeterince-var\/","title":{"rendered":"\u0130ran Merkez Bankas\u0131 Ba\u015fkan\u0131: \u0130ran\u0131n d\u00f6vizi var ve hem de yeterince var"},"content":{"rendered":"<p><\/p>\n<div>\n<p>&#13;<br \/>\n\tMehr Haber Ajans\u0131&#8217;na g\u00f6re, Himmeti, Tahran&#8217;da d\u00fczenlenen 36. \u0130slami <a href=\"https:\/\/www.trthaber.com\/etiket\/bankacilik\/\" target=\"_blank\">Bankac\u0131l\u0131k<\/a> Konferans\u0131\u2019nda \u00fclkesinin ekonomik durumuna ili\u015fkin de\u011ferlendirmelerde bulundu.<\/p>\n<p>&#13;<br \/>\n\t\u0130ran\u2019a uygulanan yapt\u0131r\u0131mlar\u0131n ve ekonomik ku\u015fatman\u0131n \u00e7ok geni\u015f kapsaml\u0131 oldu\u011funu belirten Himmeti, \u00fclkenin ihtiya\u00e7 duydu\u011fu d\u00f6vizin temin edilmesi, halk\u0131n ge\u00e7im ihtiya\u00e7lar\u0131n\u0131n kar\u015f\u0131lanmas\u0131 ve fabrikalar ile \u00fcretim birimlerinin temel ihtiya\u00e7lar\u0131n\u0131n giderilmesi gerekti\u011fini dile getirdi.<\/p>\n<p>&#13;<br \/>\n\t\u0130ran\u2019\u0131n alacaklar\u0131n\u0131n ve d\u00f6viz kaynaklar\u0131n\u0131n tahsilat s\u00fcrecinin devam etti\u011fini, \u00fclkenin i\u00e7 rezervlere de sahip oldu\u011funu ifade eden Himmeti, ayr\u0131ca \u00e7e\u015fitli nedenlerle ayr\u0131nt\u0131lar\u0131 a\u00e7\u0131klanamayan baz\u0131 kaynaklar\u0131n da bulundu\u011funu belirtti.<\/p>\n<p>&#13;<br \/>\n\t<a href=\"https:\/\/www.trthaber.com\/etiket\/abd\/\" target=\"_blank\">ABD<\/a> Ba\u015fkan\u0131 Trump&#8217;a hitaben &#8220;\u0130ran\u2019\u0131n d\u00f6vizi var ve hem de yeterince var.&#8221; ifadelerini kullanan Himmeti, \u00fclke ekonomisinin \u00e7\u00f6kt\u00fc\u011f\u00fc y\u00f6n\u00fcndeki iddialar\u0131n do\u011fru olmad\u0131\u011f\u0131n\u0131 vurgulad\u0131.<\/p>\n<p>&#13;<br \/>\n\t<a href=\"https:\/\/www.trthaber.com\/etiket\/iran\/\" target=\"_blank\">\u0130ran<\/a> <a href=\"https:\/\/www.trthaber.com\/etiket\/merkez-bankasi\/\" target=\"_blank\">Merkez Bankas\u0131<\/a> Ba\u015fkan\u0131 Himmeti, &#8220;d\u00fc\u015fmanlar\u0131n\u0131n&#8221; her hafta \u00fclkesine yeni yapt\u0131r\u0131mlar uygulad\u0131\u011f\u0131n\u0131 ancak \u00fclkedeki ekonomik sistemin faaliyetlerini s\u00fcrd\u00fcrd\u00fc\u011f\u00fcn\u00fc belirterek, piyasaya 2 milyar dolara kadar d\u00f6viz arz etmeye haz\u0131r olduklar\u0131n\u0131 a\u00e7\u0131klad\u0131.<\/p>\n<p>&#13;<br \/>\n\tD\u00f6viz piyasas\u0131nda olu\u015fan dalgalanman\u0131n yat\u0131\u015faca\u011f\u0131n\u0131 savunan Himmeti, son d\u00f6nemde d\u00f6viz kurunda ya\u015fanan art\u0131\u015f\u0131n ger\u00e7ek ekonomik fakt\u00f6rlerden \u00e7ok &#8220;psikolojik ortamdan&#8221; kaynakland\u0131\u011f\u0131n\u0131 savundu.<\/p>\n<p>&#13;<br \/>\n\tSava\u015f\u0131n ve baz\u0131 altyap\u0131lara verilen zararlar\u0131n i\u015fsizli\u011fi art\u0131rd\u0131\u011f\u0131na i\u015faret eden Himmeti, k\u00fc\u00e7\u00fck ve orta \u00f6l\u00e7ekli \u00fcretim birimlerinin finansman\u0131na \u00f6ncelik verildi\u011fini vurgulad\u0131.<\/p>\n<p>&#13;<br \/>\n\tABD Ba\u015fkan\u0131 Trump, sosyal <a href=\"https:\/\/www.trthaber.com\/etiket\/medya\/\" target=\"_blank\">medya<\/a> hesab\u0131ndan \u0130ran&#8217;a ili\u015fkin a\u00e7\u0131klamada bulunmu\u015f, \u0130ran&#8217;\u0131n &#8220;resmen \u00e7\u00f6km\u00fc\u015f bir ulus&#8221; oldu\u011funu ve &#8220;\u00f6ld\u00fc\u011f\u00fcn\u00fc&#8221; ileri s\u00fcrm\u00fc\u015ft\u00fc.<\/p>\n<p>&#13;<br \/>\n\tTrump, &#8220;Onlar\u0131n (\u0130ran\u2019\u0131n) donanmas\u0131 yok, hava kuvvetleri yok, d\u00f6vizi yok, askerlerine veya polislerine maa\u015f \u00f6demiyorlar.&#8221; ifadelerini kullanm\u0131\u015ft\u0131<\/p>\n<\/p><\/div>\n","protected":false},"excerpt":{"rendered":"<p>&#13; Mehr Haber Ajans\u0131&#8217;na g\u00f6re, Himmeti, Tahran&#8217;da d\u00fczenlenen 36. \u0130slami Bankac\u0131l\u0131k Konferans\u0131\u2019nda \u00fclkesinin ekonomik durumuna ili\u015fkin de\u011ferlendirmelerde bulundu. &#13; \u0130ran\u2019a uygulanan yapt\u0131r\u0131mlar\u0131n ve ekonomik ku\u015fatman\u0131n \u00e7ok geni\u015f kapsaml\u0131 oldu\u011funu belirten Himmeti, \u00fclkenin ihtiya\u00e7 duydu\u011fu d\u00f6vizin temin edilmesi, halk\u0131n ge\u00e7im ihtiya\u00e7lar\u0131n\u0131n kar\u015f\u0131lanmas\u0131 ve fabrikalar ile \u00fcretim birimlerinin temel ihtiya\u00e7lar\u0131n\u0131n giderilmesi gerekti\u011fini dile getirdi. &#13; \u0130ran\u2019\u0131n alacaklar\u0131n\u0131n [&hellip;]<\/p>\n","protected":false},"author":1,"featured_media":45858,"comment_status":"open","ping_status":"open","sticky":false,"template":"","format":"standard","meta":{"jnews-multi-image_gallery":[],"jnews_single_post":[],"jnews_primary_category":[],"jnews_social_meta":[],"jnews_override_counter":[],"footnotes":""},"categories":[2],"tags":[],"class_list":["post-45857","post","type-post","status-publish","format-standard","has-post-thumbnail","hentry","category-dunya"],"yoast_head":"<!-- This site is optimized with the Yoast SEO plugin v28.3 - https:\/\/yoast.com\/product\/yoast-seo-wordpress\/ -->\n<title>\u0130ran Merkez Bankas\u0131 Ba\u015fkan\u0131: \u0130ran\u0131n d\u00f6vizi var ve hem de yeterince var - Kuzeyin Sesi<\/title>\n<meta name=\"robots\" content=\"index, follow, max-snippet:-1, max-image-preview:large, max-video-preview:-1\" \/>\n<link rel=\"canonical\" href=\"https:\/\/kuzeyinsesi.org\/index.php\/2026\/09\/01\/iran-merkez-bankasi-baskani-iranin-dovizi-var-ve-hem-de-yeterince-var\/\" \/>\n<meta property=\"og:locale\" content=\"tr_TR\" \/>\n<meta property=\"og:type\" content=\"article\" \/>\n<meta property=\"og:title\" content=\"\u0130ran Merkez Bankas\u0131 Ba\u015fkan\u0131: \u0130ran\u0131n d\u00f6vizi var ve hem de yeterince var - Kuzeyin Sesi\" \/>\n<meta property=\"og:description\" content=\"&#013; Mehr Haber Ajans\u0131&#8217;na g\u00f6re, Himmeti, Tahran&#8217;da d\u00fczenlenen 36. \u0130slami Bankac\u0131l\u0131k Konferans\u0131\u2019nda \u00fclkesinin ekonomik durumuna ili\u015fkin de\u011ferlendirmelerde bulundu. &#013; \u0130ran\u2019a uygulanan yapt\u0131r\u0131mlar\u0131n ve ekonomik ku\u015fatman\u0131n \u00e7ok geni\u015f kapsaml\u0131 oldu\u011funu belirten Himmeti, \u00fclkenin ihtiya\u00e7 duydu\u011fu d\u00f6vizin temin edilmesi, halk\u0131n ge\u00e7im ihtiya\u00e7lar\u0131n\u0131n kar\u015f\u0131lanmas\u0131 ve fabrikalar ile \u00fcretim birimlerinin temel ihtiya\u00e7lar\u0131n\u0131n giderilmesi gerekti\u011fini dile getirdi. &#013; \u0130ran\u2019\u0131n alacaklar\u0131n\u0131n [&hellip;]\" \/>\n<meta property=\"og:url\" content=\"https:\/\/kuzeyinsesi.org\/index.php\/2026\/09\/01\/iran-merkez-bankasi-baskani-iranin-dovizi-var-ve-hem-de-yeterince-var\/\" \/>\n<meta property=\"og:site_name\" content=\"Kuzeyin Sesi\" \/>\n<meta property=\"article:publisher\" content=\"https:\/\/www.facebook.com\/kuzeyinsesii\" \/>\n<meta property=\"article:published_time\" content=\"2026-09-01T08:22:04+00:00\" \/>\n<meta property=\"og:image\" content=\"https:\/\/trthaberstatic.cdn.wp.trt.com.tr\/resimler\/1506000\/iran-bayragi-1506923.jpg\" \/>\n<meta name=\"author\" content=\"Kuzeyin Sesi\" \/>\n<meta name=\"twitter:card\" content=\"summary_large_image\" \/>\n<meta name=\"twitter:creator\" content=\"@kuzeyinsesii\" \/>\n<meta name=\"twitter:site\" content=\"@kuzeyinsesii\" \/>\n<meta name=\"twitter:label1\" content=\"Yazan:\" \/>\n\t<meta name=\"twitter:data1\" content=\"Kuzeyin Sesi\" \/>\n\t<meta name=\"twitter:label2\" content=\"Tahmini okuma s\u00fcresi\" \/>\n\t<meta name=\"twitter:data2\" content=\"2 dakika\" \/>\n<script type=\"application\/ld+json\" class=\"yoast-schema-graph\">{\"@context\":\"https:\\\/\\\/schema.org\",\"@graph\":[{\"@type\":\"Article\",\"@id\":\"https:\\\/\\\/kuzeyinsesi.org\\\/index.php\\\/2026\\\/09\\\/01\\\/iran-merkez-bankasi-baskani-iranin-dovizi-var-ve-hem-de-yeterince-var\\\/#article\",\"isPartOf\":{\"@id\":\"https:\\\/\\\/kuzeyinsesi.org\\\/index.php\\\/2026\\\/09\\\/01\\\/iran-merkez-bankasi-baskani-iranin-dovizi-var-ve-hem-de-yeterince-var\\\/\"},\"author\":{\"name\":\"Kuzeyin Sesi\",\"@id\":\"https:\\\/\\\/kuzeyinsesi.org\\\/#\\\/schema\\\/person\\\/9f859689cdf01485597712386e37f5aa\"},\"headline\":\"\u0130ran Merkez Bankas\u0131 Ba\u015fkan\u0131: \u0130ran\u0131n d\u00f6vizi var ve hem de yeterince var\",\"datePublished\":\"2026-09-01T08:22:04+00:00\",\"mainEntityOfPage\":{\"@id\":\"https:\\\/\\\/kuzeyinsesi.org\\\/index.php\\\/2026\\\/09\\\/01\\\/iran-merkez-bankasi-baskani-iranin-dovizi-var-ve-hem-de-yeterince-var\\\/\"},\"wordCount\":329,\"commentCount\":0,\"image\":{\"@id\":\"https:\\\/\\\/kuzeyinsesi.org\\\/index.php\\\/2026\\\/09\\\/01\\\/iran-merkez-bankasi-baskani-iranin-dovizi-var-ve-hem-de-yeterince-var\\\/#primaryimage\"},\"thumbnailUrl\":\"https:\\\/\\\/kuzeyinsesi.org\\\/wp-content\\\/uploads\\\/2026\\\/09\\\/iran-bayragi-1506923.jpg\",\"articleSection\":[\"D\u00fcnya\"],\"inLanguage\":\"tr\",\"potentialAction\":[{\"@type\":\"CommentAction\",\"name\":\"Comment\",\"target\":[\"https:\\\/\\\/kuzeyinsesi.org\\\/index.php\\\/2026\\\/09\\\/01\\\/iran-merkez-bankasi-baskani-iranin-dovizi-var-ve-hem-de-yeterince-var\\\/#respond\"]}]},{\"@type\":\"WebPage\",\"@id\":\"https:\\\/\\\/kuzeyinsesi.org\\\/index.php\\\/2026\\\/09\\\/01\\\/iran-merkez-bankasi-baskani-iranin-dovizi-var-ve-hem-de-yeterince-var\\\/\",\"url\":\"https:\\\/\\\/kuzeyinsesi.org\\\/index.php\\\/2026\\\/09\\\/01\\\/iran-merkez-bankasi-baskani-iranin-dovizi-var-ve-hem-de-yeterince-var\\\/\",\"name\":\"\u0130ran Merkez Bankas\u0131 Ba\u015fkan\u0131: \u0130ran\u0131n d\u00f6vizi var ve hem de yeterince var - Kuzeyin Sesi\",\"isPartOf\":{\"@id\":\"https:\\\/\\\/kuzeyinsesi.org\\\/#website\"},\"primaryImageOfPage\":{\"@id\":\"https:\\\/\\\/kuzeyinsesi.org\\\/index.php\\\/2026\\\/09\\\/01\\\/iran-merkez-bankasi-baskani-iranin-dovizi-var-ve-hem-de-yeterince-var\\\/#primaryimage\"},\"image\":{\"@id\":\"https:\\\/\\\/kuzeyinsesi.org\\\/index.php\\\/2026\\\/09\\\/01\\\/iran-merkez-bankasi-baskani-iranin-dovizi-var-ve-hem-de-yeterince-var\\\/#primaryimage\"},\"thumbnailUrl\":\"https:\\\/\\\/kuzeyinsesi.org\\\/wp-content\\\/uploads\\\/2026\\\/09\\\/iran-bayragi-1506923.jpg\",\"datePublished\":\"2026-09-01T08:22:04+00:00\",\"author\":{\"@id\":\"https:\\\/\\\/kuzeyinsesi.org\\\/#\\\/schema\\\/person\\\/9f859689cdf01485597712386e37f5aa\"},\"breadcrumb\":{\"@id\":\"https:\\\/\\\/kuzeyinsesi.org\\\/index.php\\\/2026\\\/09\\\/01\\\/iran-merkez-bankasi-baskani-iranin-dovizi-var-ve-hem-de-yeterince-var\\\/#breadcrumb\"},\"inLanguage\":\"tr\",\"potentialAction\":[{\"@type\":\"ReadAction\",\"target\":[\"https:\\\/\\\/kuzeyinsesi.org\\\/index.php\\\/2026\\\/09\\\/01\\\/iran-merkez-bankasi-baskani-iranin-dovizi-var-ve-hem-de-yeterince-var\\\/\"]}]},{\"@type\":\"ImageObject\",\"inLanguage\":\"tr\",\"@id\":\"https:\\\/\\\/kuzeyinsesi.org\\\/index.php\\\/2026\\\/09\\\/01\\\/iran-merkez-bankasi-baskani-iranin-dovizi-var-ve-hem-de-yeterince-var\\\/#primaryimage\",\"url\":\"https:\\\/\\\/kuzeyinsesi.org\\\/wp-content\\\/uploads\\\/2026\\\/09\\\/iran-bayragi-1506923.jpg\",\"contentUrl\":\"https:\\\/\\\/kuzeyinsesi.org\\\/wp-content\\\/uploads\\\/2026\\\/09\\\/iran-bayragi-1506923.jpg\",\"width\":1280,\"height\":720},{\"@type\":\"BreadcrumbList\",\"@id\":\"https:\\\/\\\/kuzeyinsesi.org\\\/index.php\\\/2026\\\/09\\\/01\\\/iran-merkez-bankasi-baskani-iranin-dovizi-var-ve-hem-de-yeterince-var\\\/#breadcrumb\",\"itemListElement\":[{\"@type\":\"ListItem\",\"position\":1,\"name\":\"Anasayfa\",\"item\":\"https:\\\/\\\/kuzeyinsesi.org\\\/\"},{\"@type\":\"ListItem\",\"position\":2,\"name\":\"\u0130ran Merkez Bankas\u0131 Ba\u015fkan\u0131: \u0130ran\u0131n d\u00f6vizi var ve hem de yeterince var\"}]},{\"@type\":\"WebSite\",\"@id\":\"https:\\\/\\\/kuzeyinsesi.org\\\/#website\",\"url\":\"https:\\\/\\\/kuzeyinsesi.org\\\/\",\"name\":\"Kuzeyin Sesi\",\"description\":\"Do\u011fru Haberin Adresi\",\"potentialAction\":[{\"@type\":\"SearchAction\",\"target\":{\"@type\":\"EntryPoint\",\"urlTemplate\":\"https:\\\/\\\/kuzeyinsesi.org\\\/?s={search_term_string}\"},\"query-input\":{\"@type\":\"PropertyValueSpecification\",\"valueRequired\":true,\"valueName\":\"search_term_string\"}}],\"inLanguage\":\"tr\"},{\"@type\":\"Person\",\"@id\":\"https:\\\/\\\/kuzeyinsesi.org\\\/#\\\/schema\\\/person\\\/9f859689cdf01485597712386e37f5aa\",\"name\":\"Kuzeyin Sesi\",\"image\":{\"@type\":\"ImageObject\",\"inLanguage\":\"tr\",\"@id\":\"https:\\\/\\\/secure.gravatar.com\\\/avatar\\\/bab33852abfd8b282518d6ed81826833d77c3c882d9ab608add591ccace47a44?s=96&d=mm&r=g\",\"url\":\"https:\\\/\\\/secure.gravatar.com\\\/avatar\\\/bab33852abfd8b282518d6ed81826833d77c3c882d9ab608add591ccace47a44?s=96&d=mm&r=g\",\"contentUrl\":\"https:\\\/\\\/secure.gravatar.com\\\/avatar\\\/bab33852abfd8b282518d6ed81826833d77c3c882d9ab608add591ccace47a44?s=96&d=mm&r=g\",\"caption\":\"Kuzeyin Sesi\"},\"sameAs\":[\"https:\\\/\\\/kuzeyinsesi.org\"],\"url\":\"https:\\\/\\\/kuzeyinsesi.org\\\/index.php\\\/author\\\/guven\\\/\"}]}<\/script>\n<!-- \/ Yoast SEO plugin. -->","yoast_head_json":{"title":"\u0130ran Merkez Bankas\u0131 Ba\u015fkan\u0131: \u0130ran\u0131n d\u00f6vizi var ve hem de yeterince var - Kuzeyin Sesi","robots":{"index":"index","follow":"follow","max-snippet":"max-snippet:-1","max-image-preview":"max-image-preview:large","max-video-preview":"max-video-preview:-1"},"canonical":"https:\/\/kuzeyinsesi.org\/index.php\/2026\/09\/01\/iran-merkez-bankasi-baskani-iranin-dovizi-var-ve-hem-de-yeterince-var\/","og_locale":"tr_TR","og_type":"article","og_title":"\u0130ran Merkez Bankas\u0131 Ba\u015fkan\u0131: \u0130ran\u0131n d\u00f6vizi var ve hem de yeterince var - Kuzeyin Sesi","og_description":"&#13; Mehr Haber Ajans\u0131&#8217;na g\u00f6re, Himmeti, Tahran&#8217;da d\u00fczenlenen 36. \u0130slami Bankac\u0131l\u0131k Konferans\u0131\u2019nda \u00fclkesinin ekonomik durumuna ili\u015fkin de\u011ferlendirmelerde bulundu. &#13; \u0130ran\u2019a uygulanan yapt\u0131r\u0131mlar\u0131n ve ekonomik ku\u015fatman\u0131n \u00e7ok geni\u015f kapsaml\u0131 oldu\u011funu belirten Himmeti, \u00fclkenin ihtiya\u00e7 duydu\u011fu d\u00f6vizin temin edilmesi, halk\u0131n ge\u00e7im ihtiya\u00e7lar\u0131n\u0131n kar\u015f\u0131lanmas\u0131 ve fabrikalar ile \u00fcretim birimlerinin temel ihtiya\u00e7lar\u0131n\u0131n giderilmesi gerekti\u011fini dile getirdi. &#13; \u0130ran\u2019\u0131n alacaklar\u0131n\u0131n [&hellip;]","og_url":"https:\/\/kuzeyinsesi.org\/index.php\/2026\/09\/01\/iran-merkez-bankasi-baskani-iranin-dovizi-var-ve-hem-de-yeterince-var\/","og_site_name":"Kuzeyin Sesi","article_publisher":"https:\/\/www.facebook.com\/kuzeyinsesii","article_published_time":"2026-09-01T08:22:04+00:00","og_image":[{"url":"https:\/\/trthaberstatic.cdn.wp.trt.com.tr\/resimler\/1506000\/iran-bayragi-1506923.jpg","type":"","width":"","height":""}],"author":"Kuzeyin Sesi","twitter_card":"summary_large_image","twitter_creator":"@kuzeyinsesii","twitter_site":"@kuzeyinsesii","twitter_misc":{"Yazan:":"Kuzeyin Sesi","Tahmini okuma s\u00fcresi":"2 dakika"},"schema":{"@context":"https:\/\/schema.org","@graph":[{"@type":"Article","@id":"https:\/\/kuzeyinsesi.org\/index.php\/2026\/09\/01\/iran-merkez-bankasi-baskani-iranin-dovizi-var-ve-hem-de-yeterince-var\/#article","isPartOf":{"@id":"https:\/\/kuzeyinsesi.org\/index.php\/2026\/09\/01\/iran-merkez-bankasi-baskani-iranin-dovizi-var-ve-hem-de-yeterince-var\/"},"author":{"name":"Kuzeyin Sesi","@id":"https:\/\/kuzeyinsesi.org\/#\/schema\/person\/9f859689cdf01485597712386e37f5aa"},"headline":"\u0130ran Merkez Bankas\u0131 Ba\u015fkan\u0131: \u0130ran\u0131n d\u00f6vizi var ve hem de yeterince var","datePublished":"2026-09-01T08:22:04+00:00","mainEntityOfPage":{"@id":"https:\/\/kuzeyinsesi.org\/index.php\/2026\/09\/01\/iran-merkez-bankasi-baskani-iranin-dovizi-var-ve-hem-de-yeterince-var\/"},"wordCount":329,"commentCount":0,"image":{"@id":"https:\/\/kuzeyinsesi.org\/index.php\/2026\/09\/01\/iran-merkez-bankasi-baskani-iranin-dovizi-var-ve-hem-de-yeterince-var\/#primaryimage"},"thumbnailUrl":"https:\/\/kuzeyinsesi.org\/wp-content\/uploads\/2026\/09\/iran-bayragi-1506923.jpg","articleSection":["D\u00fcnya"],"inLanguage":"tr","potentialAction":[{"@type":"CommentAction","name":"Comment","target":["https:\/\/kuzeyinsesi.org\/index.php\/2026\/09\/01\/iran-merkez-bankasi-baskani-iranin-dovizi-var-ve-hem-de-yeterince-var\/#respond"]}]},{"@type":"WebPage","@id":"https:\/\/kuzeyinsesi.org\/index.php\/2026\/09\/01\/iran-merkez-bankasi-baskani-iranin-dovizi-var-ve-hem-de-yeterince-var\/","url":"https:\/\/kuzeyinsesi.org\/index.php\/2026\/09\/01\/iran-merkez-bankasi-baskani-iranin-dovizi-var-ve-hem-de-yeterince-var\/","name":"\u0130ran Merkez Bankas\u0131 Ba\u015fkan\u0131: \u0130ran\u0131n d\u00f6vizi var ve hem de yeterince var - Kuzeyin Sesi","isPartOf":{"@id":"https:\/\/kuzeyinsesi.org\/#website"},"primaryImageOfPage":{"@id":"https:\/\/kuzeyinsesi.org\/index.php\/2026\/09\/01\/iran-merkez-bankasi-baskani-iranin-dovizi-var-ve-hem-de-yeterince-var\/#primaryimage"},"image":{"@id":"https:\/\/kuzeyinsesi.org\/index.php\/2026\/09\/01\/iran-merkez-bankasi-baskani-iranin-dovizi-var-ve-hem-de-yeterince-var\/#primaryimage"},"thumbnailUrl":"https:\/\/kuzeyinsesi.org\/wp-content\/uploads\/2026\/09\/iran-bayragi-1506923.jpg","datePublished":"2026-09-01T08:22:04+00:00","author":{"@id":"https:\/\/kuzeyinsesi.org\/#\/schema\/person\/9f859689cdf01485597712386e37f5aa"},"breadcrumb":{"@id":"https:\/\/kuzeyinsesi.org\/index.php\/2026\/09\/01\/iran-merkez-bankasi-baskani-iranin-dovizi-var-ve-hem-de-yeterince-var\/#breadcrumb"},"inLanguage":"tr","potentialAction":[{"@type":"ReadAction","target":["https:\/\/kuzeyinsesi.org\/index.php\/2026\/09\/01\/iran-merkez-bankasi-baskani-iranin-dovizi-var-ve-hem-de-yeterince-var\/"]}]},{"@type":"ImageObject","inLanguage":"tr","@id":"https:\/\/kuzeyinsesi.org\/index.php\/2026\/09\/01\/iran-merkez-bankasi-baskani-iranin-dovizi-var-ve-hem-de-yeterince-var\/#primaryimage","url":"https:\/\/kuzeyinsesi.org\/wp-content\/uploads\/2026\/09\/iran-bayragi-1506923.jpg","contentUrl":"https:\/\/kuzeyinsesi.org\/wp-content\/uploads\/2026\/09\/iran-bayragi-1506923.jpg","width":1280,"height":720},{"@type":"BreadcrumbList","@id":"https:\/\/kuzeyinsesi.org\/index.php\/2026\/09\/01\/iran-merkez-bankasi-baskani-iranin-dovizi-var-ve-hem-de-yeterince-var\/#breadcrumb","itemListElement":[{"@type":"ListItem","position":1,"name":"Anasayfa","item":"https:\/\/kuzeyinsesi.org\/"},{"@type":"ListItem","position":2,"name":"\u0130ran Merkez Bankas\u0131 Ba\u015fkan\u0131: \u0130ran\u0131n d\u00f6vizi var ve hem de yeterince var"}]},{"@type":"WebSite","@id":"https:\/\/kuzeyinsesi.org\/#website","url":"https:\/\/kuzeyinsesi.org\/","name":"Kuzeyin Sesi","description":"Do\u011fru Haberin Adresi","potentialAction":[{"@type":"SearchAction","target":{"@type":"EntryPoint","urlTemplate":"https:\/\/kuzeyinsesi.org\/?s={search_term_string}"},"query-input":{"@type":"PropertyValueSpecification","valueRequired":true,"valueName":"search_term_string"}}],"inLanguage":"tr"},{"@type":"Person","@id":"https:\/\/kuzeyinsesi.org\/#\/schema\/person\/9f859689cdf01485597712386e37f5aa","name":"Kuzeyin Sesi","image":{"@type":"ImageObject","inLanguage":"tr","@id":"https:\/\/secure.gravatar.com\/avatar\/bab33852abfd8b282518d6ed81826833d77c3c882d9ab608add591ccace47a44?s=96&d=mm&r=g","url":"https:\/\/secure.gravatar.com\/avatar\/bab33852abfd8b282518d6ed81826833d77c3c882d9ab608add591ccace47a44?s=96&d=mm&r=g","contentUrl":"https:\/\/secure.gravatar.com\/avatar\/bab33852abfd8b282518d6ed81826833d77c3c882d9ab608add591ccace47a44?s=96&d=mm&r=g","caption":"Kuzeyin Sesi"},"sameAs":["https:\/\/kuzeyinsesi.org"],"url":"https:\/\/kuzeyinsesi.org\/index.php\/author\/guven\/"}]}},"_links":{"self":[{"href":"https:\/\/kuzeyinsesi.org\/index.php\/wp-json\/wp\/v2\/posts\/45857","targetHints":{"allow":["GET"]}}],"collection":[{"href":"https:\/\/kuzeyinsesi.org\/index.php\/wp-json\/wp\/v2\/posts"}],"about":[{"href":"https:\/\/kuzeyinsesi.org\/index.php\/wp-json\/wp\/v2\/types\/post"}],"author":[{"embeddable":true,"href":"https:\/\/kuzeyinsesi.org\/index.php\/wp-json\/wp\/v2\/users\/1"}],"replies":[{"embeddable":true,"href":"https:\/\/kuzeyinsesi.org\/index.php\/wp-json\/wp\/v2\/comments?post=45857"}],"version-history":[{"count":0,"href":"https:\/\/kuzeyinsesi.org\/index.php\/wp-json\/wp\/v2\/posts\/45857\/revisions"}],"wp:featuredmedia":[{"embeddable":true,"href":"https:\/\/kuzeyinsesi.org\/index.php\/wp-json\/wp\/v2\/media\/45858"}],"wp:attachment":[{"href":"https:\/\/kuzeyinsesi.org\/index.php\/wp-json\/wp\/v2\/media?parent=45857"}],"wp:term":[{"taxonomy":"category","embeddable":true,"href":"https:\/\/kuzeyinsesi.org\/index.php\/wp-json\/wp\/v2\/categories?post=45857"},{"taxonomy":"post_tag","embeddable":true,"href":"https:\/\/kuzeyinsesi.org\/index.php\/wp-json\/wp\/v2\/tags?post=45857"}],"curies":[{"name":"wp","href":"https:\/\/api.w.org\/{rel}","templated":true}]}}