{"id":45856,"date":"2026-09-01T10:51:04","date_gmt":"2026-09-01T07:51:04","guid":{"rendered":"https:\/\/kuzeyinsesi.org\/index.php\/2026\/09\/01\/pezeskiyan-abd-taahhutlerine-donerse-iran-da-derhal-adim-atacaktir\/"},"modified":"2026-09-01T10:51:04","modified_gmt":"2026-09-01T07:51:04","slug":"pezeskiyan-abd-taahhutlerine-donerse-iran-da-derhal-adim-atacaktir","status":"publish","type":"post","link":"https:\/\/kuzeyinsesi.org\/index.php\/2026\/09\/01\/pezeskiyan-abd-taahhutlerine-donerse-iran-da-derhal-adim-atacaktir\/","title":{"rendered":"Peze\u015fkiyan: ABD taahh\u00fctlerine d\u00f6nerse \u0130ran da derhal ad\u0131m atacakt\u0131r"},"content":{"rendered":"<p><\/p>\n<div>\n<p>&#13;<br \/>\n\t<a href=\"https:\/\/www.trthaber.com\/etiket\/iran\/\" target=\"_blank\">\u0130ran<\/a> Cumhurba\u015fkanl\u0131\u011f\u0131ndan yap\u0131lan a\u00e7\u0131klamaya g\u00f6re, Peze\u015fkiyan, K\u0131rg\u0131zistan&#8217;\u0131n ba\u015fkenti Bi\u015fkek&#8217;te d\u00fczenlenen \u015eanghay \u0130\u015fbirli\u011fi \u00d6rg\u00fct\u00fcn\u00fcn (\u015e\u0130\u00d6) Devlet Ba\u015fkanlar\u0131 Zirvesi&#8217;nde b\u00f6lgedeki son geli\u015fmelere ili\u015fkin konu\u015ftu.<\/p>\n<p>&#13;<br \/>\n\tABD&#8217;nin \u00fclkesine y\u00f6nelik sald\u0131r\u0131lar\u0131 hakk\u0131nda a\u00e7\u0131klamalarda bulunan Peze\u015fkiyan, s\u00f6z konusu sald\u0131r\u0131lar\u0131, \u015e\u0130\u00d6&#8217;n\u00fcn bir \u00fcyesine ve kadim bir medeniyete y\u00f6nelik sald\u0131r\u0131 olarak nitelendirdi.<\/p>\n<p>&#13;<br \/>\n\t<a href=\"https:\/\/www.trthaber.com\/etiket\/pakistan\/\" target=\"_blank\">Pakistan<\/a> ve Katar\u2019\u0131n arabuluculu\u011funda yakla\u015f\u0131k 3 ay s\u00fcren m\u00fczakerelerin ard\u0131ndan &#8220;\u0130slamabad Mutabakat Zapt\u0131&#8221; olarak bilinen anla\u015fmaya ula\u015f\u0131ld\u0131\u011f\u0131n\u0131 hat\u0131rlatan Peze\u015fkiyan, Washington y\u00f6netiminin taahh\u00fctlerini ihlal etmesinden \u015fikayet etti.<\/p>\n<p>&#13;<br \/>\n\tABD\u2019nin, kendi ba\u015fkan\u0131n\u0131n imzas\u0131n\u0131 ta\u015f\u0131yan bu belgeye ba\u011fl\u0131l\u0131\u011f\u0131n\u0131n 2 haftadan k\u0131sa s\u00fcrd\u00fc\u011f\u00fcn\u00fc, ard\u0131ndan bu \u00fclkenin a\u015f\u0131r\u0131 taleplerde bulunmaya ba\u015flad\u0131\u011f\u0131n\u0131 dile getiren \u0130ran Cumhurba\u015fkan\u0131, ABD\u2019nin taahh\u00fctlerini ihlal etmesiyle \u0130ran\u2019\u0131n &#8220;orant\u0131l\u0131 kar\u015f\u0131l\u0131k&#8221; verdi\u011fini belirtti.<\/p>\n<p>&#13;<br \/>\n\tPeze\u015fkiyan, &#8220;ABD, taahh\u00fctlerine geri d\u00f6nerse, \u0130ran \u0130slam Cumhuriyeti de derhal ad\u0131m atacakt\u0131r.&#8221; ifadelerini kulland\u0131.<\/p>\n<h2>&#13;<br \/>\n\t&#8220;Geli\u015fmeler t\u00fcm b\u00f6lgeyi tehdit ediyor&#8221;<\/h2>\n<p>&#13;<br \/>\n\t\u0130ran Cumhurba\u015fkan\u0131 Peze\u015fkiyan, \u0130ran, L\u00fcbnan, <a href=\"https:\/\/www.trthaber.com\/etiket\/gazze\/\" target=\"_blank\">Gazze<\/a> ve Bat\u0131 \u015eeria&#8217;da son d\u00f6nemde ya\u015fanan geli\u015fmelerin uluslararas\u0131 <a href=\"https:\/\/www.trthaber.com\/etiket\/hukuk\/\" target=\"_blank\">hukuk<\/a> kurallar\u0131n\u0131n <a href=\"https:\/\/www.trthaber.com\/etiket\/goz\/\" target=\"_blank\">g\u00f6z<\/a> ard\u0131 edilmesinin ve g\u00fcce ve bask\u0131ya dayal\u0131 yakla\u015f\u0131mlar\u0131n s\u00fcrd\u00fcr\u00fclmesinin yaln\u0131zca s\u00f6z\u00fc edilen b\u00f6lgelerin g\u00fcvenli\u011fini de\u011fil, t\u00fcm b\u00f6lgenin ve d\u00fcnyan\u0131n istikrar\u0131n\u0131 da tehdit etti\u011fini kaydetti.<\/p>\n<p>&#13;<br \/>\n\t\u015e\u0130\u00d6&#8217;n\u00fcn &#8220;diyalo\u011fu s\u00fcrd\u00fcrme ve etkili i\u015fbirli\u011fi mekanizmalar\u0131 olu\u015fturma&#8221; konusundaki \u00e7al\u0131\u015fmalar\u0131na ili\u015fkin de\u011ferlendirmelerde bulunan Peze\u015fkiyan, \u015f\u00f6yle devam etti:<\/p>\n<p>&#13;<br \/>\n\t<em>&#8220;Ter\u00f6rizm, a\u015f\u0131r\u0131l\u0131k\u00e7\u0131l\u0131k ve yeni ortaya \u00e7\u0131kan g\u00fcvenlik tehditlerine kar\u015f\u0131 m\u00fccadele, \u00f6rg\u00fct\u00fcn kurumsal ve uzmanl\u0131k kapasitesinin g\u00fc\u00e7lendirilmesini gerektirmektedir. \u0130ran, bu do\u011frultuda, \u015e\u0130\u00d6 Stratejik G\u00fcvenlik Ara\u015ft\u0131rmalar\u0131 Merkezi&#8217;nin kurulmas\u0131n\u0131 \u00f6nermi\u015ftir. Bu merkez, \u00fcye \u00fclkelerin bilimsel ve uzmanl\u0131k kapasitesinden yararlanarak yeni ortaya \u00e7\u0131kan tehditlerin belirlenmesine, g\u00fcvenlik alan\u0131ndaki geli\u015fmelerin de\u011ferlendirilmesine ve b\u00f6lgesel g\u00fcvenlik ile istikrar\u0131n g\u00fc\u00e7lendirilmesine y\u00f6nelik uzman tavsiyeleri sunulmas\u0131na katk\u0131 sa\u011flayacakt\u0131r.&#8221;<\/em><\/p>\n<p>&#13;<br \/>\n\tMesud Peze\u015fkiyan, bunlara ek olarak \u0130ran&#8217;\u0131n, parlamentolar aras\u0131 diyalo\u011fun g\u00fc\u00e7lendirilmesi, yasama alan\u0131ndaki deneyimlerin payla\u015f\u0131lmas\u0131 ve \u00fcye \u00fclkeler aras\u0131ndaki i\u015fbirli\u011finin desteklenmesi amac\u0131yla \u015e\u0130\u00d6 \u00fcyesi \u00fclkelerin parlamenterler meclisinin kurulmas\u0131 giri\u015fimini de sundu\u011funu kaydetti.<\/p>\n<\/p><\/div>\n","protected":false},"excerpt":{"rendered":"<p>&#13; \u0130ran Cumhurba\u015fkanl\u0131\u011f\u0131ndan yap\u0131lan a\u00e7\u0131klamaya g\u00f6re, Peze\u015fkiyan, K\u0131rg\u0131zistan&#8217;\u0131n ba\u015fkenti Bi\u015fkek&#8217;te d\u00fczenlenen \u015eanghay \u0130\u015fbirli\u011fi \u00d6rg\u00fct\u00fcn\u00fcn (\u015e\u0130\u00d6) Devlet Ba\u015fkanlar\u0131 Zirvesi&#8217;nde b\u00f6lgedeki son geli\u015fmelere ili\u015fkin konu\u015ftu. &#13; ABD&#8217;nin \u00fclkesine y\u00f6nelik sald\u0131r\u0131lar\u0131 hakk\u0131nda a\u00e7\u0131klamalarda bulunan Peze\u015fkiyan, s\u00f6z konusu sald\u0131r\u0131lar\u0131, \u015e\u0130\u00d6&#8217;n\u00fcn bir \u00fcyesine ve kadim bir medeniyete y\u00f6nelik sald\u0131r\u0131 olarak nitelendirdi. &#13; Pakistan ve Katar\u2019\u0131n arabuluculu\u011funda yakla\u015f\u0131k 3 ay s\u00fcren [&hellip;]<\/p>\n","protected":false},"author":1,"featured_media":37032,"comment_status":"open","ping_status":"open","sticky":false,"template":"","format":"standard","meta":{"jnews-multi-image_gallery":[],"jnews_single_post":[],"jnews_primary_category":[],"jnews_social_meta":[],"jnews_override_counter":[],"footnotes":""},"categories":[2],"tags":[],"class_list":["post-45856","post","type-post","status-publish","format-standard","has-post-thumbnail","hentry","category-dunya"],"yoast_head":"<!-- This site is optimized with the Yoast SEO plugin v28.3 - https:\/\/yoast.com\/product\/yoast-seo-wordpress\/ -->\n<title>Peze\u015fkiyan: ABD taahh\u00fctlerine d\u00f6nerse \u0130ran da derhal ad\u0131m atacakt\u0131r - Kuzeyin Sesi<\/title>\n<meta name=\"robots\" content=\"index, follow, max-snippet:-1, max-image-preview:large, max-video-preview:-1\" \/>\n<link rel=\"canonical\" href=\"https:\/\/kuzeyinsesi.org\/index.php\/2026\/09\/01\/pezeskiyan-abd-taahhutlerine-donerse-iran-da-derhal-adim-atacaktir\/\" \/>\n<meta property=\"og:locale\" content=\"tr_TR\" \/>\n<meta property=\"og:type\" content=\"article\" \/>\n<meta property=\"og:title\" content=\"Peze\u015fkiyan: ABD taahh\u00fctlerine d\u00f6nerse \u0130ran da derhal ad\u0131m atacakt\u0131r - Kuzeyin Sesi\" \/>\n<meta property=\"og:description\" content=\"&#013; \u0130ran Cumhurba\u015fkanl\u0131\u011f\u0131ndan yap\u0131lan a\u00e7\u0131klamaya g\u00f6re, Peze\u015fkiyan, K\u0131rg\u0131zistan&#8217;\u0131n ba\u015fkenti Bi\u015fkek&#8217;te d\u00fczenlenen \u015eanghay \u0130\u015fbirli\u011fi \u00d6rg\u00fct\u00fcn\u00fcn (\u015e\u0130\u00d6) Devlet Ba\u015fkanlar\u0131 Zirvesi&#8217;nde b\u00f6lgedeki son geli\u015fmelere ili\u015fkin konu\u015ftu. &#013; ABD&#8217;nin \u00fclkesine y\u00f6nelik sald\u0131r\u0131lar\u0131 hakk\u0131nda a\u00e7\u0131klamalarda bulunan Peze\u015fkiyan, s\u00f6z konusu sald\u0131r\u0131lar\u0131, \u015e\u0130\u00d6&#8217;n\u00fcn bir \u00fcyesine ve kadim bir medeniyete y\u00f6nelik sald\u0131r\u0131 olarak nitelendirdi. &#013; Pakistan ve Katar\u2019\u0131n arabuluculu\u011funda yakla\u015f\u0131k 3 ay s\u00fcren [&hellip;]\" \/>\n<meta property=\"og:url\" content=\"https:\/\/kuzeyinsesi.org\/index.php\/2026\/09\/01\/pezeskiyan-abd-taahhutlerine-donerse-iran-da-derhal-adim-atacaktir\/\" \/>\n<meta property=\"og:site_name\" content=\"Kuzeyin Sesi\" \/>\n<meta property=\"article:publisher\" content=\"https:\/\/www.facebook.com\/kuzeyinsesii\" \/>\n<meta property=\"article:published_time\" content=\"2026-09-01T07:51:04+00:00\" \/>\n<meta property=\"og:image\" content=\"https:\/\/trthaberstatic.cdn.wp.trt.com.tr\/resimler\/2452000\/pezeskiyanaa-2453016.jpg\" \/>\n<meta name=\"author\" content=\"Kuzeyin Sesi\" \/>\n<meta name=\"twitter:card\" content=\"summary_large_image\" \/>\n<meta name=\"twitter:creator\" content=\"@kuzeyinsesii\" \/>\n<meta name=\"twitter:site\" content=\"@kuzeyinsesii\" \/>\n<meta name=\"twitter:label1\" content=\"Yazan:\" \/>\n\t<meta name=\"twitter:data1\" content=\"Kuzeyin Sesi\" \/>\n\t<meta name=\"twitter:label2\" content=\"Tahmini okuma s\u00fcresi\" \/>\n\t<meta name=\"twitter:data2\" content=\"2 dakika\" \/>\n<script type=\"application\/ld+json\" class=\"yoast-schema-graph\">{\"@context\":\"https:\\\/\\\/schema.org\",\"@graph\":[{\"@type\":\"Article\",\"@id\":\"https:\\\/\\\/kuzeyinsesi.org\\\/index.php\\\/2026\\\/09\\\/01\\\/pezeskiyan-abd-taahhutlerine-donerse-iran-da-derhal-adim-atacaktir\\\/#article\",\"isPartOf\":{\"@id\":\"https:\\\/\\\/kuzeyinsesi.org\\\/index.php\\\/2026\\\/09\\\/01\\\/pezeskiyan-abd-taahhutlerine-donerse-iran-da-derhal-adim-atacaktir\\\/\"},\"author\":{\"name\":\"Kuzeyin Sesi\",\"@id\":\"https:\\\/\\\/kuzeyinsesi.org\\\/#\\\/schema\\\/person\\\/9f859689cdf01485597712386e37f5aa\"},\"headline\":\"Peze\u015fkiyan: ABD taahh\u00fctlerine d\u00f6nerse \u0130ran da derhal ad\u0131m atacakt\u0131r\",\"datePublished\":\"2026-09-01T07:51:04+00:00\",\"mainEntityOfPage\":{\"@id\":\"https:\\\/\\\/kuzeyinsesi.org\\\/index.php\\\/2026\\\/09\\\/01\\\/pezeskiyan-abd-taahhutlerine-donerse-iran-da-derhal-adim-atacaktir\\\/\"},\"wordCount\":443,\"commentCount\":0,\"image\":{\"@id\":\"https:\\\/\\\/kuzeyinsesi.org\\\/index.php\\\/2026\\\/09\\\/01\\\/pezeskiyan-abd-taahhutlerine-donerse-iran-da-derhal-adim-atacaktir\\\/#primaryimage\"},\"thumbnailUrl\":\"https:\\\/\\\/kuzeyinsesi.org\\\/wp-content\\\/uploads\\\/2026\\\/04\\\/pezeskiyanaa-2453016.jpg\",\"articleSection\":[\"D\u00fcnya\"],\"inLanguage\":\"tr\",\"potentialAction\":[{\"@type\":\"CommentAction\",\"name\":\"Comment\",\"target\":[\"https:\\\/\\\/kuzeyinsesi.org\\\/index.php\\\/2026\\\/09\\\/01\\\/pezeskiyan-abd-taahhutlerine-donerse-iran-da-derhal-adim-atacaktir\\\/#respond\"]}]},{\"@type\":\"WebPage\",\"@id\":\"https:\\\/\\\/kuzeyinsesi.org\\\/index.php\\\/2026\\\/09\\\/01\\\/pezeskiyan-abd-taahhutlerine-donerse-iran-da-derhal-adim-atacaktir\\\/\",\"url\":\"https:\\\/\\\/kuzeyinsesi.org\\\/index.php\\\/2026\\\/09\\\/01\\\/pezeskiyan-abd-taahhutlerine-donerse-iran-da-derhal-adim-atacaktir\\\/\",\"name\":\"Peze\u015fkiyan: ABD taahh\u00fctlerine d\u00f6nerse \u0130ran da derhal ad\u0131m atacakt\u0131r - Kuzeyin Sesi\",\"isPartOf\":{\"@id\":\"https:\\\/\\\/kuzeyinsesi.org\\\/#website\"},\"primaryImageOfPage\":{\"@id\":\"https:\\\/\\\/kuzeyinsesi.org\\\/index.php\\\/2026\\\/09\\\/01\\\/pezeskiyan-abd-taahhutlerine-donerse-iran-da-derhal-adim-atacaktir\\\/#primaryimage\"},\"image\":{\"@id\":\"https:\\\/\\\/kuzeyinsesi.org\\\/index.php\\\/2026\\\/09\\\/01\\\/pezeskiyan-abd-taahhutlerine-donerse-iran-da-derhal-adim-atacaktir\\\/#primaryimage\"},\"thumbnailUrl\":\"https:\\\/\\\/kuzeyinsesi.org\\\/wp-content\\\/uploads\\\/2026\\\/04\\\/pezeskiyanaa-2453016.jpg\",\"datePublished\":\"2026-09-01T07:51:04+00:00\",\"author\":{\"@id\":\"https:\\\/\\\/kuzeyinsesi.org\\\/#\\\/schema\\\/person\\\/9f859689cdf01485597712386e37f5aa\"},\"breadcrumb\":{\"@id\":\"https:\\\/\\\/kuzeyinsesi.org\\\/index.php\\\/2026\\\/09\\\/01\\\/pezeskiyan-abd-taahhutlerine-donerse-iran-da-derhal-adim-atacaktir\\\/#breadcrumb\"},\"inLanguage\":\"tr\",\"potentialAction\":[{\"@type\":\"ReadAction\",\"target\":[\"https:\\\/\\\/kuzeyinsesi.org\\\/index.php\\\/2026\\\/09\\\/01\\\/pezeskiyan-abd-taahhutlerine-donerse-iran-da-derhal-adim-atacaktir\\\/\"]}]},{\"@type\":\"ImageObject\",\"inLanguage\":\"tr\",\"@id\":\"https:\\\/\\\/kuzeyinsesi.org\\\/index.php\\\/2026\\\/09\\\/01\\\/pezeskiyan-abd-taahhutlerine-donerse-iran-da-derhal-adim-atacaktir\\\/#primaryimage\",\"url\":\"https:\\\/\\\/kuzeyinsesi.org\\\/wp-content\\\/uploads\\\/2026\\\/04\\\/pezeskiyanaa-2453016.jpg\",\"contentUrl\":\"https:\\\/\\\/kuzeyinsesi.org\\\/wp-content\\\/uploads\\\/2026\\\/04\\\/pezeskiyanaa-2453016.jpg\",\"width\":1280,\"height\":720},{\"@type\":\"BreadcrumbList\",\"@id\":\"https:\\\/\\\/kuzeyinsesi.org\\\/index.php\\\/2026\\\/09\\\/01\\\/pezeskiyan-abd-taahhutlerine-donerse-iran-da-derhal-adim-atacaktir\\\/#breadcrumb\",\"itemListElement\":[{\"@type\":\"ListItem\",\"position\":1,\"name\":\"Anasayfa\",\"item\":\"https:\\\/\\\/kuzeyinsesi.org\\\/\"},{\"@type\":\"ListItem\",\"position\":2,\"name\":\"Peze\u015fkiyan: ABD taahh\u00fctlerine d\u00f6nerse \u0130ran da derhal ad\u0131m atacakt\u0131r\"}]},{\"@type\":\"WebSite\",\"@id\":\"https:\\\/\\\/kuzeyinsesi.org\\\/#website\",\"url\":\"https:\\\/\\\/kuzeyinsesi.org\\\/\",\"name\":\"Kuzeyin Sesi\",\"description\":\"Do\u011fru Haberin Adresi\",\"potentialAction\":[{\"@type\":\"SearchAction\",\"target\":{\"@type\":\"EntryPoint\",\"urlTemplate\":\"https:\\\/\\\/kuzeyinsesi.org\\\/?s={search_term_string}\"},\"query-input\":{\"@type\":\"PropertyValueSpecification\",\"valueRequired\":true,\"valueName\":\"search_term_string\"}}],\"inLanguage\":\"tr\"},{\"@type\":\"Person\",\"@id\":\"https:\\\/\\\/kuzeyinsesi.org\\\/#\\\/schema\\\/person\\\/9f859689cdf01485597712386e37f5aa\",\"name\":\"Kuzeyin Sesi\",\"image\":{\"@type\":\"ImageObject\",\"inLanguage\":\"tr\",\"@id\":\"https:\\\/\\\/secure.gravatar.com\\\/avatar\\\/bab33852abfd8b282518d6ed81826833d77c3c882d9ab608add591ccace47a44?s=96&d=mm&r=g\",\"url\":\"https:\\\/\\\/secure.gravatar.com\\\/avatar\\\/bab33852abfd8b282518d6ed81826833d77c3c882d9ab608add591ccace47a44?s=96&d=mm&r=g\",\"contentUrl\":\"https:\\\/\\\/secure.gravatar.com\\\/avatar\\\/bab33852abfd8b282518d6ed81826833d77c3c882d9ab608add591ccace47a44?s=96&d=mm&r=g\",\"caption\":\"Kuzeyin Sesi\"},\"sameAs\":[\"https:\\\/\\\/kuzeyinsesi.org\"],\"url\":\"https:\\\/\\\/kuzeyinsesi.org\\\/index.php\\\/author\\\/guven\\\/\"}]}<\/script>\n<!-- \/ Yoast SEO plugin. -->","yoast_head_json":{"title":"Peze\u015fkiyan: ABD taahh\u00fctlerine d\u00f6nerse \u0130ran da derhal ad\u0131m atacakt\u0131r - Kuzeyin Sesi","robots":{"index":"index","follow":"follow","max-snippet":"max-snippet:-1","max-image-preview":"max-image-preview:large","max-video-preview":"max-video-preview:-1"},"canonical":"https:\/\/kuzeyinsesi.org\/index.php\/2026\/09\/01\/pezeskiyan-abd-taahhutlerine-donerse-iran-da-derhal-adim-atacaktir\/","og_locale":"tr_TR","og_type":"article","og_title":"Peze\u015fkiyan: ABD taahh\u00fctlerine d\u00f6nerse \u0130ran da derhal ad\u0131m atacakt\u0131r - Kuzeyin Sesi","og_description":"&#13; \u0130ran Cumhurba\u015fkanl\u0131\u011f\u0131ndan yap\u0131lan a\u00e7\u0131klamaya g\u00f6re, Peze\u015fkiyan, K\u0131rg\u0131zistan&#8217;\u0131n ba\u015fkenti Bi\u015fkek&#8217;te d\u00fczenlenen \u015eanghay \u0130\u015fbirli\u011fi \u00d6rg\u00fct\u00fcn\u00fcn (\u015e\u0130\u00d6) Devlet Ba\u015fkanlar\u0131 Zirvesi&#8217;nde b\u00f6lgedeki son geli\u015fmelere ili\u015fkin konu\u015ftu. &#13; ABD&#8217;nin \u00fclkesine y\u00f6nelik sald\u0131r\u0131lar\u0131 hakk\u0131nda a\u00e7\u0131klamalarda bulunan Peze\u015fkiyan, s\u00f6z konusu sald\u0131r\u0131lar\u0131, \u015e\u0130\u00d6&#8217;n\u00fcn bir \u00fcyesine ve kadim bir medeniyete y\u00f6nelik sald\u0131r\u0131 olarak nitelendirdi. &#13; Pakistan ve Katar\u2019\u0131n arabuluculu\u011funda yakla\u015f\u0131k 3 ay s\u00fcren [&hellip;]","og_url":"https:\/\/kuzeyinsesi.org\/index.php\/2026\/09\/01\/pezeskiyan-abd-taahhutlerine-donerse-iran-da-derhal-adim-atacaktir\/","og_site_name":"Kuzeyin Sesi","article_publisher":"https:\/\/www.facebook.com\/kuzeyinsesii","article_published_time":"2026-09-01T07:51:04+00:00","og_image":[{"url":"https:\/\/trthaberstatic.cdn.wp.trt.com.tr\/resimler\/2452000\/pezeskiyanaa-2453016.jpg","type":"","width":"","height":""}],"author":"Kuzeyin Sesi","twitter_card":"summary_large_image","twitter_creator":"@kuzeyinsesii","twitter_site":"@kuzeyinsesii","twitter_misc":{"Yazan:":"Kuzeyin Sesi","Tahmini okuma s\u00fcresi":"2 dakika"},"schema":{"@context":"https:\/\/schema.org","@graph":[{"@type":"Article","@id":"https:\/\/kuzeyinsesi.org\/index.php\/2026\/09\/01\/pezeskiyan-abd-taahhutlerine-donerse-iran-da-derhal-adim-atacaktir\/#article","isPartOf":{"@id":"https:\/\/kuzeyinsesi.org\/index.php\/2026\/09\/01\/pezeskiyan-abd-taahhutlerine-donerse-iran-da-derhal-adim-atacaktir\/"},"author":{"name":"Kuzeyin Sesi","@id":"https:\/\/kuzeyinsesi.org\/#\/schema\/person\/9f859689cdf01485597712386e37f5aa"},"headline":"Peze\u015fkiyan: ABD taahh\u00fctlerine d\u00f6nerse \u0130ran da derhal ad\u0131m atacakt\u0131r","datePublished":"2026-09-01T07:51:04+00:00","mainEntityOfPage":{"@id":"https:\/\/kuzeyinsesi.org\/index.php\/2026\/09\/01\/pezeskiyan-abd-taahhutlerine-donerse-iran-da-derhal-adim-atacaktir\/"},"wordCount":443,"commentCount":0,"image":{"@id":"https:\/\/kuzeyinsesi.org\/index.php\/2026\/09\/01\/pezeskiyan-abd-taahhutlerine-donerse-iran-da-derhal-adim-atacaktir\/#primaryimage"},"thumbnailUrl":"https:\/\/kuzeyinsesi.org\/wp-content\/uploads\/2026\/04\/pezeskiyanaa-2453016.jpg","articleSection":["D\u00fcnya"],"inLanguage":"tr","potentialAction":[{"@type":"CommentAction","name":"Comment","target":["https:\/\/kuzeyinsesi.org\/index.php\/2026\/09\/01\/pezeskiyan-abd-taahhutlerine-donerse-iran-da-derhal-adim-atacaktir\/#respond"]}]},{"@type":"WebPage","@id":"https:\/\/kuzeyinsesi.org\/index.php\/2026\/09\/01\/pezeskiyan-abd-taahhutlerine-donerse-iran-da-derhal-adim-atacaktir\/","url":"https:\/\/kuzeyinsesi.org\/index.php\/2026\/09\/01\/pezeskiyan-abd-taahhutlerine-donerse-iran-da-derhal-adim-atacaktir\/","name":"Peze\u015fkiyan: ABD taahh\u00fctlerine d\u00f6nerse \u0130ran da derhal ad\u0131m atacakt\u0131r - Kuzeyin Sesi","isPartOf":{"@id":"https:\/\/kuzeyinsesi.org\/#website"},"primaryImageOfPage":{"@id":"https:\/\/kuzeyinsesi.org\/index.php\/2026\/09\/01\/pezeskiyan-abd-taahhutlerine-donerse-iran-da-derhal-adim-atacaktir\/#primaryimage"},"image":{"@id":"https:\/\/kuzeyinsesi.org\/index.php\/2026\/09\/01\/pezeskiyan-abd-taahhutlerine-donerse-iran-da-derhal-adim-atacaktir\/#primaryimage"},"thumbnailUrl":"https:\/\/kuzeyinsesi.org\/wp-content\/uploads\/2026\/04\/pezeskiyanaa-2453016.jpg","datePublished":"2026-09-01T07:51:04+00:00","author":{"@id":"https:\/\/kuzeyinsesi.org\/#\/schema\/person\/9f859689cdf01485597712386e37f5aa"},"breadcrumb":{"@id":"https:\/\/kuzeyinsesi.org\/index.php\/2026\/09\/01\/pezeskiyan-abd-taahhutlerine-donerse-iran-da-derhal-adim-atacaktir\/#breadcrumb"},"inLanguage":"tr","potentialAction":[{"@type":"ReadAction","target":["https:\/\/kuzeyinsesi.org\/index.php\/2026\/09\/01\/pezeskiyan-abd-taahhutlerine-donerse-iran-da-derhal-adim-atacaktir\/"]}]},{"@type":"ImageObject","inLanguage":"tr","@id":"https:\/\/kuzeyinsesi.org\/index.php\/2026\/09\/01\/pezeskiyan-abd-taahhutlerine-donerse-iran-da-derhal-adim-atacaktir\/#primaryimage","url":"https:\/\/kuzeyinsesi.org\/wp-content\/uploads\/2026\/04\/pezeskiyanaa-2453016.jpg","contentUrl":"https:\/\/kuzeyinsesi.org\/wp-content\/uploads\/2026\/04\/pezeskiyanaa-2453016.jpg","width":1280,"height":720},{"@type":"BreadcrumbList","@id":"https:\/\/kuzeyinsesi.org\/index.php\/2026\/09\/01\/pezeskiyan-abd-taahhutlerine-donerse-iran-da-derhal-adim-atacaktir\/#breadcrumb","itemListElement":[{"@type":"ListItem","position":1,"name":"Anasayfa","item":"https:\/\/kuzeyinsesi.org\/"},{"@type":"ListItem","position":2,"name":"Peze\u015fkiyan: ABD taahh\u00fctlerine d\u00f6nerse \u0130ran da derhal ad\u0131m atacakt\u0131r"}]},{"@type":"WebSite","@id":"https:\/\/kuzeyinsesi.org\/#website","url":"https:\/\/kuzeyinsesi.org\/","name":"Kuzeyin Sesi","description":"Do\u011fru Haberin Adresi","potentialAction":[{"@type":"SearchAction","target":{"@type":"EntryPoint","urlTemplate":"https:\/\/kuzeyinsesi.org\/?s={search_term_string}"},"query-input":{"@type":"PropertyValueSpecification","valueRequired":true,"valueName":"search_term_string"}}],"inLanguage":"tr"},{"@type":"Person","@id":"https:\/\/kuzeyinsesi.org\/#\/schema\/person\/9f859689cdf01485597712386e37f5aa","name":"Kuzeyin Sesi","image":{"@type":"ImageObject","inLanguage":"tr","@id":"https:\/\/secure.gravatar.com\/avatar\/bab33852abfd8b282518d6ed81826833d77c3c882d9ab608add591ccace47a44?s=96&d=mm&r=g","url":"https:\/\/secure.gravatar.com\/avatar\/bab33852abfd8b282518d6ed81826833d77c3c882d9ab608add591ccace47a44?s=96&d=mm&r=g","contentUrl":"https:\/\/secure.gravatar.com\/avatar\/bab33852abfd8b282518d6ed81826833d77c3c882d9ab608add591ccace47a44?s=96&d=mm&r=g","caption":"Kuzeyin Sesi"},"sameAs":["https:\/\/kuzeyinsesi.org"],"url":"https:\/\/kuzeyinsesi.org\/index.php\/author\/guven\/"}]}},"_links":{"self":[{"href":"https:\/\/kuzeyinsesi.org\/index.php\/wp-json\/wp\/v2\/posts\/45856","targetHints":{"allow":["GET"]}}],"collection":[{"href":"https:\/\/kuzeyinsesi.org\/index.php\/wp-json\/wp\/v2\/posts"}],"about":[{"href":"https:\/\/kuzeyinsesi.org\/index.php\/wp-json\/wp\/v2\/types\/post"}],"author":[{"embeddable":true,"href":"https:\/\/kuzeyinsesi.org\/index.php\/wp-json\/wp\/v2\/users\/1"}],"replies":[{"embeddable":true,"href":"https:\/\/kuzeyinsesi.org\/index.php\/wp-json\/wp\/v2\/comments?post=45856"}],"version-history":[{"count":0,"href":"https:\/\/kuzeyinsesi.org\/index.php\/wp-json\/wp\/v2\/posts\/45856\/revisions"}],"wp:featuredmedia":[{"embeddable":true,"href":"https:\/\/kuzeyinsesi.org\/index.php\/wp-json\/wp\/v2\/media\/37032"}],"wp:attachment":[{"href":"https:\/\/kuzeyinsesi.org\/index.php\/wp-json\/wp\/v2\/media?parent=45856"}],"wp:term":[{"taxonomy":"category","embeddable":true,"href":"https:\/\/kuzeyinsesi.org\/index.php\/wp-json\/wp\/v2\/categories?post=45856"},{"taxonomy":"post_tag","embeddable":true,"href":"https:\/\/kuzeyinsesi.org\/index.php\/wp-json\/wp\/v2\/tags?post=45856"}],"curies":[{"name":"wp","href":"https:\/\/api.w.org\/{rel}","templated":true}]}}