{"id":45851,"date":"2026-09-01T09:20:57","date_gmt":"2026-09-01T06:20:57","guid":{"rendered":"https:\/\/kuzeyinsesi.org\/?p=45851"},"modified":"2026-09-01T09:20:57","modified_gmt":"2026-09-01T06:20:57","slug":"sila-usar-incirliden-ustele-kriz-yonetimi-elestirisi-sayilari-bir-turlu-denklestiremedi","status":"publish","type":"post","link":"https:\/\/kuzeyinsesi.org\/index.php\/2026\/09\/01\/sila-usar-incirliden-ustele-kriz-yonetimi-elestirisi-sayilari-bir-turlu-denklestiremedi\/","title":{"rendered":"S\u0131la Usar \u0130ncirli\u2019den \u00dcstel\u2019e kriz y\u00f6netimi ele\u015ftirisi: Say\u0131lar\u0131 bir t\u00fcrl\u00fc denkle\u015ftiremedi"},"content":{"rendered":"<p class=\"isSelectedEnd\">CTP Genel Ba\u015fkan\u0131 <strong>S\u0131la Usar \u0130ncirli<\/strong>, Girne a\u00e7\u0131klar\u0131nda ya\u015fanan gemi facias\u0131n\u0131n ard\u0131ndan Ba\u015fbakan <strong>\u00dcnal \u00dcstel<\/strong> taraf\u0131ndan kamuoyuyla payla\u015f\u0131lan bilgilere ili\u015fkin ele\u015ftirilerde bulundu. \u0130ncirli, kay\u0131p ve kurtar\u0131lan ki\u015filere ili\u015fkin a\u00e7\u0131klanan rakamlar\u0131n de\u011fi\u015fti\u011fini savunarak, <strong>\u201c\u0130nsan ya\u015fam\u0131n\u0131 ifade eden say\u0131lar\u0131 bir t\u00fcrl\u00fc denkle\u015ftiremedi\u201d<\/strong> dedi.<\/p>\n<h2>\u201cKE\u015eKE BU A\u00c7IKLAMAYI YAPMASAYDI\u201d<\/h2>\n<p class=\"isSelectedEnd\">Sosyal medya hesab\u0131ndan a\u00e7\u0131klama yapan \u0130ncirli, Ba\u015fbakan \u00dcstel\u2019in kamuoyunu bilgilendirmek amac\u0131yla yapt\u0131\u011f\u0131 a\u00e7\u0131klamay\u0131 ele\u015ftirerek, <strong>\u201cS\u00f6z\u00fcm ona kamuoyunu ayd\u0131nlatmak i\u00e7in Say\u0131n \u00dcstel bug\u00fcn bir a\u00e7\u0131klama yapt\u0131. Ke\u015fke yapmasayd\u0131\u201d<\/strong> ifadelerini kulland\u0131.<\/p>\n<p class=\"isSelectedEnd\">Kay\u0131p, kurtar\u0131lan ve kimli\u011fi teyit edilemeyen ki\u015filere ili\u015fkin a\u00e7\u0131klanan rakamlar\u0131n de\u011fi\u015fmesine tepki g\u00f6steren \u0130ncirli, kriz d\u00f6nemlerinde kamuoyunun do\u011fru ve net \u015fekilde bilgilendirilmesinin \u00f6nemine dikkat \u00e7ekti.<\/p>\n<h2>\u201c\u00c7OK ZAYIF B\u0130R G\u00d6R\u00dcNT\u00dc VER\u0130YORUZ\u201d<\/h2>\n<p class=\"isSelectedEnd\">Facian\u0131n yabanc\u0131 bas\u0131n taraf\u0131ndan da yak\u0131ndan takip edildi\u011fini belirten \u0130ncirli, <strong>\u201cYabanc\u0131 bas\u0131n\u0131n da yak\u0131ndan takip etti\u011fi b\u00f6ylesi b\u00fcy\u00fck bir faciada \u00e7ok zay\u0131f bir g\u00f6r\u00fcnt\u00fc veriyoruz\u201d<\/strong> de\u011ferlendirmesinde bulundu.<\/p>\n<p class=\"isSelectedEnd\">\u0130ncirli, ya\u015fananlar\u0131n kriz y\u00f6netimi konusunda ciddi sorunlar bulundu\u011funu g\u00f6sterdi\u011fini savundu.<\/p>\n<h2>\u201cDEVLET\u0130N KURUMSAL YAPISI C\u0130DD\u0130 \u015eEK\u0130LDE A\u015eINDI\u201d<\/h2>\n<p class=\"isSelectedEnd\">Ele\u015ftirilerini devlet kurumlar\u0131n\u0131n i\u015fleyi\u015fi \u00fczerinden s\u00fcrd\u00fcren \u0130ncirli, son yedi y\u0131lda kurumsal yap\u0131n\u0131n zay\u0131flad\u0131\u011f\u0131n\u0131 \u00f6ne s\u00fcrd\u00fc.<\/p>\n<p>\u0130ncirli, <strong>\u201cDevletin kurumsal yap\u0131s\u0131 ciddi \u015fekilde a\u015f\u0131nd\u0131. Kriz y\u00f6netimi yapma kapasitesi ise hi\u00e7 kalmad\u0131\u201d<\/strong> ifadelerini kullanarak, devletin kurumsal yap\u0131s\u0131n\u0131n yeniden in\u015fa edilmesi gerekti\u011fini savundu.<\/p>\n","protected":false},"excerpt":{"rendered":"<p>CTP Genel Ba\u015fkan\u0131 S\u0131la Usar \u0130ncirli, Girne a\u00e7\u0131klar\u0131nda ya\u015fanan gemi facias\u0131n\u0131n ard\u0131ndan Ba\u015fbakan \u00dcnal \u00dcstel taraf\u0131ndan kamuoyuyla payla\u015f\u0131lan bilgilere ili\u015fkin ele\u015ftirilerde bulundu. \u0130ncirli, kay\u0131p ve kurtar\u0131lan ki\u015filere ili\u015fkin a\u00e7\u0131klanan rakamlar\u0131n de\u011fi\u015fti\u011fini savunarak, \u201c\u0130nsan ya\u015fam\u0131n\u0131 ifade eden say\u0131lar\u0131 bir t\u00fcrl\u00fc denkle\u015ftiremedi\u201d dedi. \u201cKE\u015eKE BU A\u00c7IKLAMAYI YAPMASAYDI\u201d Sosyal medya hesab\u0131ndan a\u00e7\u0131klama yapan \u0130ncirli, Ba\u015fbakan \u00dcstel\u2019in kamuoyunu bilgilendirmek [&hellip;]<\/p>\n","protected":false},"author":1,"featured_media":45852,"comment_status":"open","ping_status":"open","sticky":false,"template":"","format":"standard","meta":{"jnews-multi-image_gallery":[],"jnews_single_post":{"subtitle":"","format":"standard","override":[{"template":"1","parallax":"1","fullscreen":"1","layout":"right-sidebar","sidebar":"default-sidebar","second_sidebar":"default-sidebar","sticky_sidebar":"1","share_position":"top","share_float_style":"share-monocrhome","show_featured":"1","show_post_author":"1","show_post_author_image":"1","show_post_date":"1","post_date_format":"default","post_date_format_custom":"Y\/m\/d","show_post_category":"1","show_post_reading_time":"0","post_reading_time_wpm":"300","post_calculate_word_method":"str_word_count","show_zoom_button":"0","zoom_button_out_step":"2","zoom_button_in_step":"3","show_post_tag":"1","show_prev_next_post":"1","show_popup_post":"1","show_comment_section":"1","number_popup_post":"1","show_author_box":"0","show_post_related":"0","show_inline_post_related":"0"}],"image_override":[{"single_post_thumbnail_size":"crop-500","single_post_gallery_size":"crop-500"}],"trending_post_position":"meta","trending_post_label":"Trending","sponsored_post_label":"Sponsored by","disable_ad":"0"},"jnews_primary_category":[],"jnews_social_meta":[],"jnews_override_counter":{"view_counter_number":"0","share_counter_number":"0","like_counter_number":"0","dislike_counter_number":"0"},"footnotes":""},"categories":[1],"tags":[136,7027,4283,554,209],"class_list":["post-45851","post","type-post","status-publish","format-standard","has-post-thumbnail","hentry","category-kibris","tag-ctp","tag-gemi-faciasi","tag-kriz-yonetimi","tag-sila-usar-incirli","tag-unal-ustel"],"yoast_head":"<!-- This site is optimized with the Yoast SEO plugin v28.4 - https:\/\/yoast.com\/product\/yoast-seo-wordpress\/ -->\n<title>S\u0131la Usar \u0130ncirli\u2019den \u00dcstel\u2019e kriz y\u00f6netimi ele\u015ftirisi: Say\u0131lar\u0131 bir t\u00fcrl\u00fc denkle\u015ftiremedi - Kuzeyin Sesi<\/title>\n<meta name=\"robots\" content=\"index, follow, max-snippet:-1, max-image-preview:large, max-video-preview:-1\" \/>\n<link rel=\"canonical\" href=\"https:\/\/kuzeyinsesi.org\/index.php\/2026\/09\/01\/sila-usar-incirliden-ustele-kriz-yonetimi-elestirisi-sayilari-bir-turlu-denklestiremedi\/\" \/>\n<meta property=\"og:locale\" content=\"tr_TR\" \/>\n<meta property=\"og:type\" content=\"article\" \/>\n<meta property=\"og:title\" content=\"S\u0131la Usar \u0130ncirli\u2019den \u00dcstel\u2019e kriz y\u00f6netimi ele\u015ftirisi: Say\u0131lar\u0131 bir t\u00fcrl\u00fc denkle\u015ftiremedi - Kuzeyin Sesi\" \/>\n<meta property=\"og:description\" content=\"CTP Genel Ba\u015fkan\u0131 S\u0131la Usar \u0130ncirli, Girne a\u00e7\u0131klar\u0131nda ya\u015fanan gemi facias\u0131n\u0131n ard\u0131ndan Ba\u015fbakan \u00dcnal \u00dcstel taraf\u0131ndan kamuoyuyla payla\u015f\u0131lan bilgilere ili\u015fkin ele\u015ftirilerde bulundu. \u0130ncirli, kay\u0131p ve kurtar\u0131lan ki\u015filere ili\u015fkin a\u00e7\u0131klanan rakamlar\u0131n de\u011fi\u015fti\u011fini savunarak, \u201c\u0130nsan ya\u015fam\u0131n\u0131 ifade eden say\u0131lar\u0131 bir t\u00fcrl\u00fc denkle\u015ftiremedi\u201d dedi. \u201cKE\u015eKE BU A\u00c7IKLAMAYI YAPMASAYDI\u201d Sosyal medya hesab\u0131ndan a\u00e7\u0131klama yapan \u0130ncirli, Ba\u015fbakan \u00dcstel\u2019in kamuoyunu bilgilendirmek [&hellip;]\" \/>\n<meta property=\"og:url\" content=\"https:\/\/kuzeyinsesi.org\/index.php\/2026\/09\/01\/sila-usar-incirliden-ustele-kriz-yonetimi-elestirisi-sayilari-bir-turlu-denklestiremedi\/\" \/>\n<meta property=\"og:site_name\" content=\"Kuzeyin Sesi\" \/>\n<meta property=\"article:publisher\" content=\"https:\/\/www.facebook.com\/kuzeyinsesii\" \/>\n<meta property=\"article:published_time\" content=\"2026-09-01T06:20:57+00:00\" \/>\n<meta property=\"og:image\" content=\"https:\/\/kuzeyinsesi.org\/wp-content\/uploads\/2026\/09\/Kuzeyinsesikj-2026-09-01T091828.253.jpg\" \/>\n\t<meta property=\"og:image:width\" content=\"1600\" \/>\n\t<meta property=\"og:image:height\" content=\"900\" \/>\n\t<meta property=\"og:image:type\" content=\"image\/jpeg\" \/>\n<meta name=\"author\" content=\"Kuzeyin Sesi\" \/>\n<meta name=\"twitter:card\" content=\"summary_large_image\" \/>\n<meta name=\"twitter:creator\" content=\"@kuzeyinsesii\" \/>\n<meta name=\"twitter:site\" content=\"@kuzeyinsesii\" \/>\n<meta name=\"twitter:label1\" content=\"Yazan:\" \/>\n\t<meta name=\"twitter:data1\" content=\"Kuzeyin Sesi\" \/>\n\t<meta name=\"twitter:label2\" content=\"Tahmini okuma s\u00fcresi\" \/>\n\t<meta name=\"twitter:data2\" content=\"2 dakika\" \/>\n<script type=\"application\/ld+json\" class=\"yoast-schema-graph\">{\"@context\":\"https:\\\/\\\/schema.org\",\"@graph\":[{\"@type\":\"Article\",\"@id\":\"https:\\\/\\\/kuzeyinsesi.org\\\/index.php\\\/2026\\\/09\\\/01\\\/sila-usar-incirliden-ustele-kriz-yonetimi-elestirisi-sayilari-bir-turlu-denklestiremedi\\\/#article\",\"isPartOf\":{\"@id\":\"https:\\\/\\\/kuzeyinsesi.org\\\/index.php\\\/2026\\\/09\\\/01\\\/sila-usar-incirliden-ustele-kriz-yonetimi-elestirisi-sayilari-bir-turlu-denklestiremedi\\\/\"},\"author\":{\"name\":\"Kuzeyin Sesi\",\"@id\":\"https:\\\/\\\/kuzeyinsesi.org\\\/#\\\/schema\\\/person\\\/9f859689cdf01485597712386e37f5aa\"},\"headline\":\"S\u0131la Usar \u0130ncirli\u2019den \u00dcstel\u2019e kriz y\u00f6netimi ele\u015ftirisi: Say\u0131lar\u0131 bir t\u00fcrl\u00fc denkle\u015ftiremedi\",\"datePublished\":\"2026-09-01T06:20:57+00:00\",\"mainEntityOfPage\":{\"@id\":\"https:\\\/\\\/kuzeyinsesi.org\\\/index.php\\\/2026\\\/09\\\/01\\\/sila-usar-incirliden-ustele-kriz-yonetimi-elestirisi-sayilari-bir-turlu-denklestiremedi\\\/\"},\"wordCount\":312,\"commentCount\":0,\"image\":{\"@id\":\"https:\\\/\\\/kuzeyinsesi.org\\\/index.php\\\/2026\\\/09\\\/01\\\/sila-usar-incirliden-ustele-kriz-yonetimi-elestirisi-sayilari-bir-turlu-denklestiremedi\\\/#primaryimage\"},\"thumbnailUrl\":\"https:\\\/\\\/kuzeyinsesi.org\\\/wp-content\\\/uploads\\\/2026\\\/09\\\/Kuzeyinsesikj-2026-09-01T091828.253.jpg\",\"keywords\":[\"CTP\",\"Gemi Facias\u0131\",\"kriz y\u00f6netimi\",\"S\u0131la Usar \u0130ncirli\",\"\u00dcnal \u00dcstel\"],\"articleSection\":[\"K\u0131br\u0131s\"],\"inLanguage\":\"tr\",\"potentialAction\":[{\"@type\":\"CommentAction\",\"name\":\"Comment\",\"target\":[\"https:\\\/\\\/kuzeyinsesi.org\\\/index.php\\\/2026\\\/09\\\/01\\\/sila-usar-incirliden-ustele-kriz-yonetimi-elestirisi-sayilari-bir-turlu-denklestiremedi\\\/#respond\"]}]},{\"@type\":\"WebPage\",\"@id\":\"https:\\\/\\\/kuzeyinsesi.org\\\/index.php\\\/2026\\\/09\\\/01\\\/sila-usar-incirliden-ustele-kriz-yonetimi-elestirisi-sayilari-bir-turlu-denklestiremedi\\\/\",\"url\":\"https:\\\/\\\/kuzeyinsesi.org\\\/index.php\\\/2026\\\/09\\\/01\\\/sila-usar-incirliden-ustele-kriz-yonetimi-elestirisi-sayilari-bir-turlu-denklestiremedi\\\/\",\"name\":\"S\u0131la Usar \u0130ncirli\u2019den \u00dcstel\u2019e kriz y\u00f6netimi ele\u015ftirisi: Say\u0131lar\u0131 bir t\u00fcrl\u00fc denkle\u015ftiremedi - Kuzeyin Sesi\",\"isPartOf\":{\"@id\":\"https:\\\/\\\/kuzeyinsesi.org\\\/#website\"},\"primaryImageOfPage\":{\"@id\":\"https:\\\/\\\/kuzeyinsesi.org\\\/index.php\\\/2026\\\/09\\\/01\\\/sila-usar-incirliden-ustele-kriz-yonetimi-elestirisi-sayilari-bir-turlu-denklestiremedi\\\/#primaryimage\"},\"image\":{\"@id\":\"https:\\\/\\\/kuzeyinsesi.org\\\/index.php\\\/2026\\\/09\\\/01\\\/sila-usar-incirliden-ustele-kriz-yonetimi-elestirisi-sayilari-bir-turlu-denklestiremedi\\\/#primaryimage\"},\"thumbnailUrl\":\"https:\\\/\\\/kuzeyinsesi.org\\\/wp-content\\\/uploads\\\/2026\\\/09\\\/Kuzeyinsesikj-2026-09-01T091828.253.jpg\",\"datePublished\":\"2026-09-01T06:20:57+00:00\",\"author\":{\"@id\":\"https:\\\/\\\/kuzeyinsesi.org\\\/#\\\/schema\\\/person\\\/9f859689cdf01485597712386e37f5aa\"},\"breadcrumb\":{\"@id\":\"https:\\\/\\\/kuzeyinsesi.org\\\/index.php\\\/2026\\\/09\\\/01\\\/sila-usar-incirliden-ustele-kriz-yonetimi-elestirisi-sayilari-bir-turlu-denklestiremedi\\\/#breadcrumb\"},\"inLanguage\":\"tr\",\"potentialAction\":[{\"@type\":\"ReadAction\",\"target\":[\"https:\\\/\\\/kuzeyinsesi.org\\\/index.php\\\/2026\\\/09\\\/01\\\/sila-usar-incirliden-ustele-kriz-yonetimi-elestirisi-sayilari-bir-turlu-denklestiremedi\\\/\"]}]},{\"@type\":\"ImageObject\",\"inLanguage\":\"tr\",\"@id\":\"https:\\\/\\\/kuzeyinsesi.org\\\/index.php\\\/2026\\\/09\\\/01\\\/sila-usar-incirliden-ustele-kriz-yonetimi-elestirisi-sayilari-bir-turlu-denklestiremedi\\\/#primaryimage\",\"url\":\"https:\\\/\\\/kuzeyinsesi.org\\\/wp-content\\\/uploads\\\/2026\\\/09\\\/Kuzeyinsesikj-2026-09-01T091828.253.jpg\",\"contentUrl\":\"https:\\\/\\\/kuzeyinsesi.org\\\/wp-content\\\/uploads\\\/2026\\\/09\\\/Kuzeyinsesikj-2026-09-01T091828.253.jpg\",\"width\":1600,\"height\":900},{\"@type\":\"BreadcrumbList\",\"@id\":\"https:\\\/\\\/kuzeyinsesi.org\\\/index.php\\\/2026\\\/09\\\/01\\\/sila-usar-incirliden-ustele-kriz-yonetimi-elestirisi-sayilari-bir-turlu-denklestiremedi\\\/#breadcrumb\",\"itemListElement\":[{\"@type\":\"ListItem\",\"position\":1,\"name\":\"Anasayfa\",\"item\":\"https:\\\/\\\/kuzeyinsesi.org\\\/\"},{\"@type\":\"ListItem\",\"position\":2,\"name\":\"S\u0131la Usar \u0130ncirli\u2019den \u00dcstel\u2019e kriz y\u00f6netimi ele\u015ftirisi: Say\u0131lar\u0131 bir t\u00fcrl\u00fc denkle\u015ftiremedi\"}]},{\"@type\":\"WebSite\",\"@id\":\"https:\\\/\\\/kuzeyinsesi.org\\\/#website\",\"url\":\"https:\\\/\\\/kuzeyinsesi.org\\\/\",\"name\":\"Kuzeyin Sesi\",\"description\":\"Do\u011fru Haberin Adresi\",\"potentialAction\":[{\"@type\":\"SearchAction\",\"target\":{\"@type\":\"EntryPoint\",\"urlTemplate\":\"https:\\\/\\\/kuzeyinsesi.org\\\/?s={search_term_string}\"},\"query-input\":{\"@type\":\"PropertyValueSpecification\",\"valueRequired\":true,\"valueName\":\"search_term_string\"}}],\"inLanguage\":\"tr\"},{\"@type\":\"Person\",\"@id\":\"https:\\\/\\\/kuzeyinsesi.org\\\/#\\\/schema\\\/person\\\/9f859689cdf01485597712386e37f5aa\",\"name\":\"Kuzeyin Sesi\",\"image\":{\"@type\":\"ImageObject\",\"inLanguage\":\"tr\",\"@id\":\"https:\\\/\\\/secure.gravatar.com\\\/avatar\\\/bab33852abfd8b282518d6ed81826833d77c3c882d9ab608add591ccace47a44?s=96&d=mm&r=g\",\"url\":\"https:\\\/\\\/secure.gravatar.com\\\/avatar\\\/bab33852abfd8b282518d6ed81826833d77c3c882d9ab608add591ccace47a44?s=96&d=mm&r=g\",\"contentUrl\":\"https:\\\/\\\/secure.gravatar.com\\\/avatar\\\/bab33852abfd8b282518d6ed81826833d77c3c882d9ab608add591ccace47a44?s=96&d=mm&r=g\",\"caption\":\"Kuzeyin Sesi\"},\"sameAs\":[\"https:\\\/\\\/kuzeyinsesi.org\"],\"url\":\"https:\\\/\\\/kuzeyinsesi.org\\\/index.php\\\/author\\\/guven\\\/\"}]}<\/script>\n<!-- \/ Yoast SEO plugin. -->","yoast_head_json":{"title":"S\u0131la Usar \u0130ncirli\u2019den \u00dcstel\u2019e kriz y\u00f6netimi ele\u015ftirisi: Say\u0131lar\u0131 bir t\u00fcrl\u00fc denkle\u015ftiremedi - Kuzeyin Sesi","robots":{"index":"index","follow":"follow","max-snippet":"max-snippet:-1","max-image-preview":"max-image-preview:large","max-video-preview":"max-video-preview:-1"},"canonical":"https:\/\/kuzeyinsesi.org\/index.php\/2026\/09\/01\/sila-usar-incirliden-ustele-kriz-yonetimi-elestirisi-sayilari-bir-turlu-denklestiremedi\/","og_locale":"tr_TR","og_type":"article","og_title":"S\u0131la Usar \u0130ncirli\u2019den \u00dcstel\u2019e kriz y\u00f6netimi ele\u015ftirisi: Say\u0131lar\u0131 bir t\u00fcrl\u00fc denkle\u015ftiremedi - Kuzeyin Sesi","og_description":"CTP Genel Ba\u015fkan\u0131 S\u0131la Usar \u0130ncirli, Girne a\u00e7\u0131klar\u0131nda ya\u015fanan gemi facias\u0131n\u0131n ard\u0131ndan Ba\u015fbakan \u00dcnal \u00dcstel taraf\u0131ndan kamuoyuyla payla\u015f\u0131lan bilgilere ili\u015fkin ele\u015ftirilerde bulundu. \u0130ncirli, kay\u0131p ve kurtar\u0131lan ki\u015filere ili\u015fkin a\u00e7\u0131klanan rakamlar\u0131n de\u011fi\u015fti\u011fini savunarak, \u201c\u0130nsan ya\u015fam\u0131n\u0131 ifade eden say\u0131lar\u0131 bir t\u00fcrl\u00fc denkle\u015ftiremedi\u201d dedi. \u201cKE\u015eKE BU A\u00c7IKLAMAYI YAPMASAYDI\u201d Sosyal medya hesab\u0131ndan a\u00e7\u0131klama yapan \u0130ncirli, Ba\u015fbakan \u00dcstel\u2019in kamuoyunu bilgilendirmek [&hellip;]","og_url":"https:\/\/kuzeyinsesi.org\/index.php\/2026\/09\/01\/sila-usar-incirliden-ustele-kriz-yonetimi-elestirisi-sayilari-bir-turlu-denklestiremedi\/","og_site_name":"Kuzeyin Sesi","article_publisher":"https:\/\/www.facebook.com\/kuzeyinsesii","article_published_time":"2026-09-01T06:20:57+00:00","og_image":[{"width":1600,"height":900,"url":"https:\/\/kuzeyinsesi.org\/wp-content\/uploads\/2026\/09\/Kuzeyinsesikj-2026-09-01T091828.253.jpg","type":"image\/jpeg"}],"author":"Kuzeyin Sesi","twitter_card":"summary_large_image","twitter_creator":"@kuzeyinsesii","twitter_site":"@kuzeyinsesii","twitter_misc":{"Yazan:":"Kuzeyin Sesi","Tahmini okuma s\u00fcresi":"2 dakika"},"schema":{"@context":"https:\/\/schema.org","@graph":[{"@type":"Article","@id":"https:\/\/kuzeyinsesi.org\/index.php\/2026\/09\/01\/sila-usar-incirliden-ustele-kriz-yonetimi-elestirisi-sayilari-bir-turlu-denklestiremedi\/#article","isPartOf":{"@id":"https:\/\/kuzeyinsesi.org\/index.php\/2026\/09\/01\/sila-usar-incirliden-ustele-kriz-yonetimi-elestirisi-sayilari-bir-turlu-denklestiremedi\/"},"author":{"name":"Kuzeyin Sesi","@id":"https:\/\/kuzeyinsesi.org\/#\/schema\/person\/9f859689cdf01485597712386e37f5aa"},"headline":"S\u0131la Usar \u0130ncirli\u2019den \u00dcstel\u2019e kriz y\u00f6netimi ele\u015ftirisi: Say\u0131lar\u0131 bir t\u00fcrl\u00fc denkle\u015ftiremedi","datePublished":"2026-09-01T06:20:57+00:00","mainEntityOfPage":{"@id":"https:\/\/kuzeyinsesi.org\/index.php\/2026\/09\/01\/sila-usar-incirliden-ustele-kriz-yonetimi-elestirisi-sayilari-bir-turlu-denklestiremedi\/"},"wordCount":312,"commentCount":0,"image":{"@id":"https:\/\/kuzeyinsesi.org\/index.php\/2026\/09\/01\/sila-usar-incirliden-ustele-kriz-yonetimi-elestirisi-sayilari-bir-turlu-denklestiremedi\/#primaryimage"},"thumbnailUrl":"https:\/\/kuzeyinsesi.org\/wp-content\/uploads\/2026\/09\/Kuzeyinsesikj-2026-09-01T091828.253.jpg","keywords":["CTP","Gemi Facias\u0131","kriz y\u00f6netimi","S\u0131la Usar \u0130ncirli","\u00dcnal \u00dcstel"],"articleSection":["K\u0131br\u0131s"],"inLanguage":"tr","potentialAction":[{"@type":"CommentAction","name":"Comment","target":["https:\/\/kuzeyinsesi.org\/index.php\/2026\/09\/01\/sila-usar-incirliden-ustele-kriz-yonetimi-elestirisi-sayilari-bir-turlu-denklestiremedi\/#respond"]}]},{"@type":"WebPage","@id":"https:\/\/kuzeyinsesi.org\/index.php\/2026\/09\/01\/sila-usar-incirliden-ustele-kriz-yonetimi-elestirisi-sayilari-bir-turlu-denklestiremedi\/","url":"https:\/\/kuzeyinsesi.org\/index.php\/2026\/09\/01\/sila-usar-incirliden-ustele-kriz-yonetimi-elestirisi-sayilari-bir-turlu-denklestiremedi\/","name":"S\u0131la Usar \u0130ncirli\u2019den \u00dcstel\u2019e kriz y\u00f6netimi ele\u015ftirisi: Say\u0131lar\u0131 bir t\u00fcrl\u00fc denkle\u015ftiremedi - Kuzeyin Sesi","isPartOf":{"@id":"https:\/\/kuzeyinsesi.org\/#website"},"primaryImageOfPage":{"@id":"https:\/\/kuzeyinsesi.org\/index.php\/2026\/09\/01\/sila-usar-incirliden-ustele-kriz-yonetimi-elestirisi-sayilari-bir-turlu-denklestiremedi\/#primaryimage"},"image":{"@id":"https:\/\/kuzeyinsesi.org\/index.php\/2026\/09\/01\/sila-usar-incirliden-ustele-kriz-yonetimi-elestirisi-sayilari-bir-turlu-denklestiremedi\/#primaryimage"},"thumbnailUrl":"https:\/\/kuzeyinsesi.org\/wp-content\/uploads\/2026\/09\/Kuzeyinsesikj-2026-09-01T091828.253.jpg","datePublished":"2026-09-01T06:20:57+00:00","author":{"@id":"https:\/\/kuzeyinsesi.org\/#\/schema\/person\/9f859689cdf01485597712386e37f5aa"},"breadcrumb":{"@id":"https:\/\/kuzeyinsesi.org\/index.php\/2026\/09\/01\/sila-usar-incirliden-ustele-kriz-yonetimi-elestirisi-sayilari-bir-turlu-denklestiremedi\/#breadcrumb"},"inLanguage":"tr","potentialAction":[{"@type":"ReadAction","target":["https:\/\/kuzeyinsesi.org\/index.php\/2026\/09\/01\/sila-usar-incirliden-ustele-kriz-yonetimi-elestirisi-sayilari-bir-turlu-denklestiremedi\/"]}]},{"@type":"ImageObject","inLanguage":"tr","@id":"https:\/\/kuzeyinsesi.org\/index.php\/2026\/09\/01\/sila-usar-incirliden-ustele-kriz-yonetimi-elestirisi-sayilari-bir-turlu-denklestiremedi\/#primaryimage","url":"https:\/\/kuzeyinsesi.org\/wp-content\/uploads\/2026\/09\/Kuzeyinsesikj-2026-09-01T091828.253.jpg","contentUrl":"https:\/\/kuzeyinsesi.org\/wp-content\/uploads\/2026\/09\/Kuzeyinsesikj-2026-09-01T091828.253.jpg","width":1600,"height":900},{"@type":"BreadcrumbList","@id":"https:\/\/kuzeyinsesi.org\/index.php\/2026\/09\/01\/sila-usar-incirliden-ustele-kriz-yonetimi-elestirisi-sayilari-bir-turlu-denklestiremedi\/#breadcrumb","itemListElement":[{"@type":"ListItem","position":1,"name":"Anasayfa","item":"https:\/\/kuzeyinsesi.org\/"},{"@type":"ListItem","position":2,"name":"S\u0131la Usar \u0130ncirli\u2019den \u00dcstel\u2019e kriz y\u00f6netimi ele\u015ftirisi: Say\u0131lar\u0131 bir t\u00fcrl\u00fc denkle\u015ftiremedi"}]},{"@type":"WebSite","@id":"https:\/\/kuzeyinsesi.org\/#website","url":"https:\/\/kuzeyinsesi.org\/","name":"Kuzeyin Sesi","description":"Do\u011fru Haberin Adresi","potentialAction":[{"@type":"SearchAction","target":{"@type":"EntryPoint","urlTemplate":"https:\/\/kuzeyinsesi.org\/?s={search_term_string}"},"query-input":{"@type":"PropertyValueSpecification","valueRequired":true,"valueName":"search_term_string"}}],"inLanguage":"tr"},{"@type":"Person","@id":"https:\/\/kuzeyinsesi.org\/#\/schema\/person\/9f859689cdf01485597712386e37f5aa","name":"Kuzeyin Sesi","image":{"@type":"ImageObject","inLanguage":"tr","@id":"https:\/\/secure.gravatar.com\/avatar\/bab33852abfd8b282518d6ed81826833d77c3c882d9ab608add591ccace47a44?s=96&d=mm&r=g","url":"https:\/\/secure.gravatar.com\/avatar\/bab33852abfd8b282518d6ed81826833d77c3c882d9ab608add591ccace47a44?s=96&d=mm&r=g","contentUrl":"https:\/\/secure.gravatar.com\/avatar\/bab33852abfd8b282518d6ed81826833d77c3c882d9ab608add591ccace47a44?s=96&d=mm&r=g","caption":"Kuzeyin Sesi"},"sameAs":["https:\/\/kuzeyinsesi.org"],"url":"https:\/\/kuzeyinsesi.org\/index.php\/author\/guven\/"}]}},"_links":{"self":[{"href":"https:\/\/kuzeyinsesi.org\/index.php\/wp-json\/wp\/v2\/posts\/45851","targetHints":{"allow":["GET"]}}],"collection":[{"href":"https:\/\/kuzeyinsesi.org\/index.php\/wp-json\/wp\/v2\/posts"}],"about":[{"href":"https:\/\/kuzeyinsesi.org\/index.php\/wp-json\/wp\/v2\/types\/post"}],"author":[{"embeddable":true,"href":"https:\/\/kuzeyinsesi.org\/index.php\/wp-json\/wp\/v2\/users\/1"}],"replies":[{"embeddable":true,"href":"https:\/\/kuzeyinsesi.org\/index.php\/wp-json\/wp\/v2\/comments?post=45851"}],"version-history":[{"count":1,"href":"https:\/\/kuzeyinsesi.org\/index.php\/wp-json\/wp\/v2\/posts\/45851\/revisions"}],"predecessor-version":[{"id":45853,"href":"https:\/\/kuzeyinsesi.org\/index.php\/wp-json\/wp\/v2\/posts\/45851\/revisions\/45853"}],"wp:featuredmedia":[{"embeddable":true,"href":"https:\/\/kuzeyinsesi.org\/index.php\/wp-json\/wp\/v2\/media\/45852"}],"wp:attachment":[{"href":"https:\/\/kuzeyinsesi.org\/index.php\/wp-json\/wp\/v2\/media?parent=45851"}],"wp:term":[{"taxonomy":"category","embeddable":true,"href":"https:\/\/kuzeyinsesi.org\/index.php\/wp-json\/wp\/v2\/categories?post=45851"},{"taxonomy":"post_tag","embeddable":true,"href":"https:\/\/kuzeyinsesi.org\/index.php\/wp-json\/wp\/v2\/tags?post=45851"}],"curies":[{"name":"wp","href":"https:\/\/api.w.org\/{rel}","templated":true}]}}