{"id":45830,"date":"2026-08-31T15:58:59","date_gmt":"2026-08-31T12:58:59","guid":{"rendered":"https:\/\/kuzeyinsesi.org\/?p=45830"},"modified":"2026-08-31T15:58:59","modified_gmt":"2026-08-31T12:58:59","slug":"erhurman-turkiyeden-gelecek-gemi-ile-batiga-ulasilmasi-hedefleniyor","status":"publish","type":"post","link":"https:\/\/kuzeyinsesi.org\/index.php\/2026\/08\/31\/erhurman-turkiyeden-gelecek-gemi-ile-batiga-ulasilmasi-hedefleniyor\/","title":{"rendered":"Erh\u00fcrman: T\u00fcrkiye\u2019den gelecek gemi ile bat\u0131\u011fa ula\u015f\u0131lmas\u0131 hedefleniyor"},"content":{"rendered":"<p class=\"isSelectedEnd\">Cumhurba\u015fkan\u0131 <strong>Tufan Erh\u00fcrman<\/strong>, Girne a\u00e7\u0131klar\u0131nda ya\u015fanan gemi facias\u0131n\u0131n ard\u0131ndan Girne Turizm Liman\u0131\u2019nda bekleyen kay\u0131p yak\u0131nlar\u0131n\u0131 ziyaret etti. Erh\u00fcrman, mevcut imkanlarla denizin dibindeki bat\u0131\u011fa m\u00fcdahale edilemedi\u011fini belirterek, <strong>T\u00fcrkiye\u2019den gelecek geminin b\u00f6lgeye ula\u015fmas\u0131n\u0131n ard\u0131ndan bat\u0131\u011fa eri\u015filmesinin hedeflendi\u011fini<\/strong> s\u00f6yledi.<\/p>\n<h2>\u201cT\u00dcM \u0130DD\u0130ALAR ARA\u015eTIRILACAK\u201d<\/h2>\n<p class=\"isSelectedEnd\">Kazaya ili\u015fkin hem idari hem de yarg\u0131sal soru\u015fturmalar\u0131n devam etti\u011fini belirten Erh\u00fcrman, kamuoyunda g\u00fcndeme gelen iddialar\u0131n hen\u00fcz kesinle\u015fmi\u015f bilgiler olarak de\u011ferlendirilmemesi gerekti\u011fine dikkat \u00e7ekti.<\/p>\n<p class=\"isSelectedEnd\">Erh\u00fcrman, <strong>\u201c\u0130ddialar var. Hepsi \u015fu an iddia a\u015famas\u0131nda. Spek\u00fclasyon do\u011fru de\u011fil. T\u00fcm iddialar ara\u015ft\u0131r\u0131lacak. Bas\u0131n bilgilendirilecek\u201d<\/strong> dedi.<\/p>\n<p class=\"isSelectedEnd\">Kaptan ve gemiyle ilgili g\u00fcndeme gelen \u00e7e\u015fitli iddialar\u0131n da soru\u015fturma kapsam\u0131nda dosyaland\u0131\u011f\u0131n\u0131 kaydeden Erh\u00fcrman, <strong>\u201cSpek\u00fclasyonlarla konu\u015fmak ciddiyete yak\u0131\u015fmaz. \u0130dari ve yarg\u0131sal baca\u011f\u0131 ay\u0131rmak \u00f6nemli\u201d<\/strong> ifadelerini kulland\u0131.<\/p>\n<h2>\u201cSON ANA KADAR ULA\u015eMAYA \u00c7ALI\u015eACA\u011eIZ\u201d<\/h2>\n<p class=\"isSelectedEnd\">Kay\u0131p ki\u015filere ula\u015f\u0131lmas\u0131 i\u00e7in \u00e7al\u0131\u015fmalar\u0131n devam etti\u011fini belirten Erh\u00fcrman, devletin t\u00fcm imkanlar\u0131yla arama-kurtarma faaliyetlerini s\u00fcrd\u00fcrece\u011fini vurgulad\u0131.<\/p>\n<p class=\"isSelectedEnd\">Erh\u00fcrman, <strong>\u201cUmudumuzu yitirmek istemiyoruz. \u0130nsanlar\u0131m\u0131za ula\u015fmakla y\u00fck\u00fcml\u00fc say\u0131yoruz kendimizi. Son ana kadar t\u00fcm insanlar\u0131m\u0131za ula\u015fmaya \u00e7al\u0131\u015faca\u011f\u0131z\u201d<\/strong> dedi.<\/p>\n<h2>\u201cA\u0130LELER DAHA SIK B\u0130LG\u0130 \u0130ST\u0130YOR\u201d<\/h2>\n<p class=\"isSelectedEnd\">Girne Turizm Liman\u0131\u2019nda bekleyen kay\u0131p yak\u0131nlar\u0131yla g\u00f6r\u00fc\u015fen Erh\u00fcrman, ailelerin geli\u015fmeler konusunda daha s\u0131k bilgilendirilme talebinin hakl\u0131 oldu\u011funu ifade etti.<\/p>\n<p class=\"isSelectedEnd\">Baz\u0131 ailelerin bilgi alma s\u00fcrecinde T\u00fcrkiye\u2019nin Lefko\u015fa B\u00fcy\u00fckel\u00e7ili\u011fi ile Polis Genel M\u00fcd\u00fcrl\u00fc\u011f\u00fc\u2019n\u00fcn devreye girdi\u011fini aktaran Erh\u00fcrman, <strong>\u201c\u0130nsanlar\u0131m\u0131z hakl\u0131 olarak daha s\u0131k bilgi istiyorlar. Ben de bu ama\u00e7la gelip aileleri g\u00f6rmek istedim\u201d<\/strong> diye konu\u015ftu.<\/p>\n<p class=\"isSelectedEnd\">Kay\u0131p ki\u015filerin isimlerinin kamuoyuna a\u00e7\u0131klanmas\u0131 yerine, kriz masas\u0131n\u0131n ailelere tek tek bilgi vermesinin tercih edildi\u011fini de belirtti.<\/p>\n<h2>BATI\u011eA ULA\u015eILMASI \u0130\u00c7\u0130N T\u00dcRK\u0130YE\u2019DEN GELECEK GEM\u0130 BEKLEN\u0130YOR<\/h2>\n<p class=\"isSelectedEnd\">Mevcut imkanlarla denizin dibindeki bat\u0131\u011fa m\u00fcdahale edilmesinin m\u00fcmk\u00fcn olmad\u0131\u011f\u0131n\u0131 ifade eden Erh\u00fcrman, T\u00fcrkiye\u2019den gelecek geminin b\u00f6lgeye ula\u015fmas\u0131yla \u00e7al\u0131\u015fmalarda yeni bir a\u015famaya ge\u00e7ilmesinin hedeflendi\u011fini s\u00f6yledi.<\/p>\n<p class=\"isSelectedEnd\">Erh\u00fcrman, <strong>\u201cD\u00fcn gece itibar\u0131yla yeni bir geli\u015fme yok\u201d<\/strong> dedi.<\/p>\n<p>Kay\u0131p ki\u015fi say\u0131s\u0131n\u0131n <strong>18<\/strong> oldu\u011funu belirten Erh\u00fcrman, say\u0131 ve mevcut duruma ili\u015fkin daha net bilgilerin yar\u0131n kamuoyuyla payla\u015f\u0131laca\u011f\u0131n\u0131 kaydetti.<\/p>\n","protected":false},"excerpt":{"rendered":"<p>Cumhurba\u015fkan\u0131 Tufan Erh\u00fcrman, Girne a\u00e7\u0131klar\u0131nda ya\u015fanan gemi facias\u0131n\u0131n ard\u0131ndan Girne Turizm Liman\u0131\u2019nda bekleyen kay\u0131p yak\u0131nlar\u0131n\u0131 ziyaret etti. Erh\u00fcrman, mevcut imkanlarla denizin dibindeki bat\u0131\u011fa m\u00fcdahale edilemedi\u011fini belirterek, T\u00fcrkiye\u2019den gelecek geminin b\u00f6lgeye ula\u015fmas\u0131n\u0131n ard\u0131ndan bat\u0131\u011fa eri\u015filmesinin hedeflendi\u011fini s\u00f6yledi. \u201cT\u00dcM \u0130DD\u0130ALAR ARA\u015eTIRILACAK\u201d Kazaya ili\u015fkin hem idari hem de yarg\u0131sal soru\u015fturmalar\u0131n devam etti\u011fini belirten Erh\u00fcrman, kamuoyunda g\u00fcndeme gelen iddialar\u0131n [&hellip;]<\/p>\n","protected":false},"author":1,"featured_media":45831,"comment_status":"open","ping_status":"open","sticky":false,"template":"","format":"standard","meta":{"jnews-multi-image_gallery":[],"jnews_single_post":{"subtitle":"","format":"standard","override":[{"template":"1","parallax":"1","fullscreen":"1","layout":"right-sidebar","sidebar":"default-sidebar","second_sidebar":"default-sidebar","sticky_sidebar":"1","share_position":"top","share_float_style":"share-monocrhome","show_featured":"1","show_post_author":"1","show_post_author_image":"1","show_post_date":"1","post_date_format":"default","post_date_format_custom":"Y\/m\/d","show_post_category":"1","show_post_reading_time":"0","post_reading_time_wpm":"300","post_calculate_word_method":"str_word_count","show_zoom_button":"0","zoom_button_out_step":"2","zoom_button_in_step":"3","show_post_tag":"1","show_prev_next_post":"1","show_popup_post":"1","show_comment_section":"1","number_popup_post":"1","show_author_box":"0","show_post_related":"0","show_inline_post_related":"0"}],"image_override":[{"single_post_thumbnail_size":"crop-500","single_post_gallery_size":"crop-500"}],"trending_post_position":"meta","trending_post_label":"Trending","sponsored_post_label":"Sponsored by","disable_ad":"0"},"jnews_primary_category":[],"jnews_social_meta":[],"jnews_override_counter":{"view_counter_number":"0","share_counter_number":"0","like_counter_number":"0","dislike_counter_number":"0"},"footnotes":""},"categories":[1],"tags":[3331,7028,7027,395,47],"class_list":["post-45830","post","type-post","status-publish","format-standard","has-post-thumbnail","hentry","category-kibris","tag-arama-kurtarma","tag-filo-jet","tag-gemi-faciasi","tag-girne","tag-tufan-erhurman"],"yoast_head":"<!-- This site is optimized with the Yoast SEO plugin v28.3 - https:\/\/yoast.com\/product\/yoast-seo-wordpress\/ -->\n<title>Erh\u00fcrman: T\u00fcrkiye\u2019den gelecek gemi ile bat\u0131\u011fa ula\u015f\u0131lmas\u0131 hedefleniyor - Kuzeyin Sesi<\/title>\n<meta name=\"robots\" content=\"index, follow, max-snippet:-1, max-image-preview:large, max-video-preview:-1\" \/>\n<link rel=\"canonical\" href=\"https:\/\/kuzeyinsesi.org\/index.php\/2026\/08\/31\/erhurman-turkiyeden-gelecek-gemi-ile-batiga-ulasilmasi-hedefleniyor\/\" \/>\n<meta property=\"og:locale\" content=\"tr_TR\" \/>\n<meta property=\"og:type\" content=\"article\" \/>\n<meta property=\"og:title\" content=\"Erh\u00fcrman: T\u00fcrkiye\u2019den gelecek gemi ile bat\u0131\u011fa ula\u015f\u0131lmas\u0131 hedefleniyor - Kuzeyin Sesi\" \/>\n<meta property=\"og:description\" content=\"Cumhurba\u015fkan\u0131 Tufan Erh\u00fcrman, Girne a\u00e7\u0131klar\u0131nda ya\u015fanan gemi facias\u0131n\u0131n ard\u0131ndan Girne Turizm Liman\u0131\u2019nda bekleyen kay\u0131p yak\u0131nlar\u0131n\u0131 ziyaret etti. Erh\u00fcrman, mevcut imkanlarla denizin dibindeki bat\u0131\u011fa m\u00fcdahale edilemedi\u011fini belirterek, T\u00fcrkiye\u2019den gelecek geminin b\u00f6lgeye ula\u015fmas\u0131n\u0131n ard\u0131ndan bat\u0131\u011fa eri\u015filmesinin hedeflendi\u011fini s\u00f6yledi. \u201cT\u00dcM \u0130DD\u0130ALAR ARA\u015eTIRILACAK\u201d Kazaya ili\u015fkin hem idari hem de yarg\u0131sal soru\u015fturmalar\u0131n devam etti\u011fini belirten Erh\u00fcrman, kamuoyunda g\u00fcndeme gelen iddialar\u0131n [&hellip;]\" \/>\n<meta property=\"og:url\" content=\"https:\/\/kuzeyinsesi.org\/index.php\/2026\/08\/31\/erhurman-turkiyeden-gelecek-gemi-ile-batiga-ulasilmasi-hedefleniyor\/\" \/>\n<meta property=\"og:site_name\" content=\"Kuzeyin Sesi\" \/>\n<meta property=\"article:publisher\" content=\"https:\/\/www.facebook.com\/kuzeyinsesii\" \/>\n<meta property=\"article:published_time\" content=\"2026-08-31T12:58:59+00:00\" \/>\n<meta property=\"og:image\" content=\"https:\/\/kuzeyinsesi.org\/wp-content\/uploads\/2026\/08\/Kuzeyinsesikj-2026-08-31T154345.082.jpg\" \/>\n\t<meta property=\"og:image:width\" content=\"1600\" \/>\n\t<meta property=\"og:image:height\" content=\"900\" \/>\n\t<meta property=\"og:image:type\" content=\"image\/jpeg\" \/>\n<meta name=\"author\" content=\"Kuzeyin Sesi\" \/>\n<meta name=\"twitter:card\" content=\"summary_large_image\" \/>\n<meta name=\"twitter:creator\" content=\"@kuzeyinsesii\" \/>\n<meta name=\"twitter:site\" content=\"@kuzeyinsesii\" \/>\n<meta name=\"twitter:label1\" content=\"Yazan:\" \/>\n\t<meta name=\"twitter:data1\" content=\"Kuzeyin Sesi\" \/>\n\t<meta name=\"twitter:label2\" content=\"Tahmini okuma s\u00fcresi\" \/>\n\t<meta name=\"twitter:data2\" content=\"2 dakika\" \/>\n<script type=\"application\/ld+json\" class=\"yoast-schema-graph\">{\"@context\":\"https:\\\/\\\/schema.org\",\"@graph\":[{\"@type\":\"Article\",\"@id\":\"https:\\\/\\\/kuzeyinsesi.org\\\/index.php\\\/2026\\\/08\\\/31\\\/erhurman-turkiyeden-gelecek-gemi-ile-batiga-ulasilmasi-hedefleniyor\\\/#article\",\"isPartOf\":{\"@id\":\"https:\\\/\\\/kuzeyinsesi.org\\\/index.php\\\/2026\\\/08\\\/31\\\/erhurman-turkiyeden-gelecek-gemi-ile-batiga-ulasilmasi-hedefleniyor\\\/\"},\"author\":{\"name\":\"Kuzeyin Sesi\",\"@id\":\"https:\\\/\\\/kuzeyinsesi.org\\\/#\\\/schema\\\/person\\\/9f859689cdf01485597712386e37f5aa\"},\"headline\":\"Erh\u00fcrman: T\u00fcrkiye\u2019den gelecek gemi ile bat\u0131\u011fa ula\u015f\u0131lmas\u0131 hedefleniyor\",\"datePublished\":\"2026-08-31T12:58:59+00:00\",\"mainEntityOfPage\":{\"@id\":\"https:\\\/\\\/kuzeyinsesi.org\\\/index.php\\\/2026\\\/08\\\/31\\\/erhurman-turkiyeden-gelecek-gemi-ile-batiga-ulasilmasi-hedefleniyor\\\/\"},\"wordCount\":459,\"commentCount\":0,\"image\":{\"@id\":\"https:\\\/\\\/kuzeyinsesi.org\\\/index.php\\\/2026\\\/08\\\/31\\\/erhurman-turkiyeden-gelecek-gemi-ile-batiga-ulasilmasi-hedefleniyor\\\/#primaryimage\"},\"thumbnailUrl\":\"https:\\\/\\\/kuzeyinsesi.org\\\/wp-content\\\/uploads\\\/2026\\\/08\\\/Kuzeyinsesikj-2026-08-31T154345.082.jpg\",\"keywords\":[\"arama kurtarma\",\"F\u0130LO JET\",\"Gemi Facias\u0131\",\"Girne\",\"Tufan Erh\u00fcrman\"],\"articleSection\":[\"K\u0131br\u0131s\"],\"inLanguage\":\"tr\",\"potentialAction\":[{\"@type\":\"CommentAction\",\"name\":\"Comment\",\"target\":[\"https:\\\/\\\/kuzeyinsesi.org\\\/index.php\\\/2026\\\/08\\\/31\\\/erhurman-turkiyeden-gelecek-gemi-ile-batiga-ulasilmasi-hedefleniyor\\\/#respond\"]}]},{\"@type\":\"WebPage\",\"@id\":\"https:\\\/\\\/kuzeyinsesi.org\\\/index.php\\\/2026\\\/08\\\/31\\\/erhurman-turkiyeden-gelecek-gemi-ile-batiga-ulasilmasi-hedefleniyor\\\/\",\"url\":\"https:\\\/\\\/kuzeyinsesi.org\\\/index.php\\\/2026\\\/08\\\/31\\\/erhurman-turkiyeden-gelecek-gemi-ile-batiga-ulasilmasi-hedefleniyor\\\/\",\"name\":\"Erh\u00fcrman: T\u00fcrkiye\u2019den gelecek gemi ile bat\u0131\u011fa ula\u015f\u0131lmas\u0131 hedefleniyor - Kuzeyin Sesi\",\"isPartOf\":{\"@id\":\"https:\\\/\\\/kuzeyinsesi.org\\\/#website\"},\"primaryImageOfPage\":{\"@id\":\"https:\\\/\\\/kuzeyinsesi.org\\\/index.php\\\/2026\\\/08\\\/31\\\/erhurman-turkiyeden-gelecek-gemi-ile-batiga-ulasilmasi-hedefleniyor\\\/#primaryimage\"},\"image\":{\"@id\":\"https:\\\/\\\/kuzeyinsesi.org\\\/index.php\\\/2026\\\/08\\\/31\\\/erhurman-turkiyeden-gelecek-gemi-ile-batiga-ulasilmasi-hedefleniyor\\\/#primaryimage\"},\"thumbnailUrl\":\"https:\\\/\\\/kuzeyinsesi.org\\\/wp-content\\\/uploads\\\/2026\\\/08\\\/Kuzeyinsesikj-2026-08-31T154345.082.jpg\",\"datePublished\":\"2026-08-31T12:58:59+00:00\",\"author\":{\"@id\":\"https:\\\/\\\/kuzeyinsesi.org\\\/#\\\/schema\\\/person\\\/9f859689cdf01485597712386e37f5aa\"},\"breadcrumb\":{\"@id\":\"https:\\\/\\\/kuzeyinsesi.org\\\/index.php\\\/2026\\\/08\\\/31\\\/erhurman-turkiyeden-gelecek-gemi-ile-batiga-ulasilmasi-hedefleniyor\\\/#breadcrumb\"},\"inLanguage\":\"tr\",\"potentialAction\":[{\"@type\":\"ReadAction\",\"target\":[\"https:\\\/\\\/kuzeyinsesi.org\\\/index.php\\\/2026\\\/08\\\/31\\\/erhurman-turkiyeden-gelecek-gemi-ile-batiga-ulasilmasi-hedefleniyor\\\/\"]}]},{\"@type\":\"ImageObject\",\"inLanguage\":\"tr\",\"@id\":\"https:\\\/\\\/kuzeyinsesi.org\\\/index.php\\\/2026\\\/08\\\/31\\\/erhurman-turkiyeden-gelecek-gemi-ile-batiga-ulasilmasi-hedefleniyor\\\/#primaryimage\",\"url\":\"https:\\\/\\\/kuzeyinsesi.org\\\/wp-content\\\/uploads\\\/2026\\\/08\\\/Kuzeyinsesikj-2026-08-31T154345.082.jpg\",\"contentUrl\":\"https:\\\/\\\/kuzeyinsesi.org\\\/wp-content\\\/uploads\\\/2026\\\/08\\\/Kuzeyinsesikj-2026-08-31T154345.082.jpg\",\"width\":1600,\"height\":900},{\"@type\":\"BreadcrumbList\",\"@id\":\"https:\\\/\\\/kuzeyinsesi.org\\\/index.php\\\/2026\\\/08\\\/31\\\/erhurman-turkiyeden-gelecek-gemi-ile-batiga-ulasilmasi-hedefleniyor\\\/#breadcrumb\",\"itemListElement\":[{\"@type\":\"ListItem\",\"position\":1,\"name\":\"Anasayfa\",\"item\":\"https:\\\/\\\/kuzeyinsesi.org\\\/\"},{\"@type\":\"ListItem\",\"position\":2,\"name\":\"Erh\u00fcrman: T\u00fcrkiye\u2019den gelecek gemi ile bat\u0131\u011fa ula\u015f\u0131lmas\u0131 hedefleniyor\"}]},{\"@type\":\"WebSite\",\"@id\":\"https:\\\/\\\/kuzeyinsesi.org\\\/#website\",\"url\":\"https:\\\/\\\/kuzeyinsesi.org\\\/\",\"name\":\"Kuzeyin Sesi\",\"description\":\"Do\u011fru Haberin Adresi\",\"potentialAction\":[{\"@type\":\"SearchAction\",\"target\":{\"@type\":\"EntryPoint\",\"urlTemplate\":\"https:\\\/\\\/kuzeyinsesi.org\\\/?s={search_term_string}\"},\"query-input\":{\"@type\":\"PropertyValueSpecification\",\"valueRequired\":true,\"valueName\":\"search_term_string\"}}],\"inLanguage\":\"tr\"},{\"@type\":\"Person\",\"@id\":\"https:\\\/\\\/kuzeyinsesi.org\\\/#\\\/schema\\\/person\\\/9f859689cdf01485597712386e37f5aa\",\"name\":\"Kuzeyin Sesi\",\"image\":{\"@type\":\"ImageObject\",\"inLanguage\":\"tr\",\"@id\":\"https:\\\/\\\/secure.gravatar.com\\\/avatar\\\/bab33852abfd8b282518d6ed81826833d77c3c882d9ab608add591ccace47a44?s=96&d=mm&r=g\",\"url\":\"https:\\\/\\\/secure.gravatar.com\\\/avatar\\\/bab33852abfd8b282518d6ed81826833d77c3c882d9ab608add591ccace47a44?s=96&d=mm&r=g\",\"contentUrl\":\"https:\\\/\\\/secure.gravatar.com\\\/avatar\\\/bab33852abfd8b282518d6ed81826833d77c3c882d9ab608add591ccace47a44?s=96&d=mm&r=g\",\"caption\":\"Kuzeyin Sesi\"},\"sameAs\":[\"https:\\\/\\\/kuzeyinsesi.org\"],\"url\":\"https:\\\/\\\/kuzeyinsesi.org\\\/index.php\\\/author\\\/guven\\\/\"}]}<\/script>\n<!-- \/ Yoast SEO plugin. -->","yoast_head_json":{"title":"Erh\u00fcrman: T\u00fcrkiye\u2019den gelecek gemi ile bat\u0131\u011fa ula\u015f\u0131lmas\u0131 hedefleniyor - Kuzeyin Sesi","robots":{"index":"index","follow":"follow","max-snippet":"max-snippet:-1","max-image-preview":"max-image-preview:large","max-video-preview":"max-video-preview:-1"},"canonical":"https:\/\/kuzeyinsesi.org\/index.php\/2026\/08\/31\/erhurman-turkiyeden-gelecek-gemi-ile-batiga-ulasilmasi-hedefleniyor\/","og_locale":"tr_TR","og_type":"article","og_title":"Erh\u00fcrman: T\u00fcrkiye\u2019den gelecek gemi ile bat\u0131\u011fa ula\u015f\u0131lmas\u0131 hedefleniyor - Kuzeyin Sesi","og_description":"Cumhurba\u015fkan\u0131 Tufan Erh\u00fcrman, Girne a\u00e7\u0131klar\u0131nda ya\u015fanan gemi facias\u0131n\u0131n ard\u0131ndan Girne Turizm Liman\u0131\u2019nda bekleyen kay\u0131p yak\u0131nlar\u0131n\u0131 ziyaret etti. Erh\u00fcrman, mevcut imkanlarla denizin dibindeki bat\u0131\u011fa m\u00fcdahale edilemedi\u011fini belirterek, T\u00fcrkiye\u2019den gelecek geminin b\u00f6lgeye ula\u015fmas\u0131n\u0131n ard\u0131ndan bat\u0131\u011fa eri\u015filmesinin hedeflendi\u011fini s\u00f6yledi. \u201cT\u00dcM \u0130DD\u0130ALAR ARA\u015eTIRILACAK\u201d Kazaya ili\u015fkin hem idari hem de yarg\u0131sal soru\u015fturmalar\u0131n devam etti\u011fini belirten Erh\u00fcrman, kamuoyunda g\u00fcndeme gelen iddialar\u0131n [&hellip;]","og_url":"https:\/\/kuzeyinsesi.org\/index.php\/2026\/08\/31\/erhurman-turkiyeden-gelecek-gemi-ile-batiga-ulasilmasi-hedefleniyor\/","og_site_name":"Kuzeyin Sesi","article_publisher":"https:\/\/www.facebook.com\/kuzeyinsesii","article_published_time":"2026-08-31T12:58:59+00:00","og_image":[{"width":1600,"height":900,"url":"https:\/\/kuzeyinsesi.org\/wp-content\/uploads\/2026\/08\/Kuzeyinsesikj-2026-08-31T154345.082.jpg","type":"image\/jpeg"}],"author":"Kuzeyin Sesi","twitter_card":"summary_large_image","twitter_creator":"@kuzeyinsesii","twitter_site":"@kuzeyinsesii","twitter_misc":{"Yazan:":"Kuzeyin Sesi","Tahmini okuma s\u00fcresi":"2 dakika"},"schema":{"@context":"https:\/\/schema.org","@graph":[{"@type":"Article","@id":"https:\/\/kuzeyinsesi.org\/index.php\/2026\/08\/31\/erhurman-turkiyeden-gelecek-gemi-ile-batiga-ulasilmasi-hedefleniyor\/#article","isPartOf":{"@id":"https:\/\/kuzeyinsesi.org\/index.php\/2026\/08\/31\/erhurman-turkiyeden-gelecek-gemi-ile-batiga-ulasilmasi-hedefleniyor\/"},"author":{"name":"Kuzeyin Sesi","@id":"https:\/\/kuzeyinsesi.org\/#\/schema\/person\/9f859689cdf01485597712386e37f5aa"},"headline":"Erh\u00fcrman: T\u00fcrkiye\u2019den gelecek gemi ile bat\u0131\u011fa ula\u015f\u0131lmas\u0131 hedefleniyor","datePublished":"2026-08-31T12:58:59+00:00","mainEntityOfPage":{"@id":"https:\/\/kuzeyinsesi.org\/index.php\/2026\/08\/31\/erhurman-turkiyeden-gelecek-gemi-ile-batiga-ulasilmasi-hedefleniyor\/"},"wordCount":459,"commentCount":0,"image":{"@id":"https:\/\/kuzeyinsesi.org\/index.php\/2026\/08\/31\/erhurman-turkiyeden-gelecek-gemi-ile-batiga-ulasilmasi-hedefleniyor\/#primaryimage"},"thumbnailUrl":"https:\/\/kuzeyinsesi.org\/wp-content\/uploads\/2026\/08\/Kuzeyinsesikj-2026-08-31T154345.082.jpg","keywords":["arama kurtarma","F\u0130LO JET","Gemi Facias\u0131","Girne","Tufan Erh\u00fcrman"],"articleSection":["K\u0131br\u0131s"],"inLanguage":"tr","potentialAction":[{"@type":"CommentAction","name":"Comment","target":["https:\/\/kuzeyinsesi.org\/index.php\/2026\/08\/31\/erhurman-turkiyeden-gelecek-gemi-ile-batiga-ulasilmasi-hedefleniyor\/#respond"]}]},{"@type":"WebPage","@id":"https:\/\/kuzeyinsesi.org\/index.php\/2026\/08\/31\/erhurman-turkiyeden-gelecek-gemi-ile-batiga-ulasilmasi-hedefleniyor\/","url":"https:\/\/kuzeyinsesi.org\/index.php\/2026\/08\/31\/erhurman-turkiyeden-gelecek-gemi-ile-batiga-ulasilmasi-hedefleniyor\/","name":"Erh\u00fcrman: T\u00fcrkiye\u2019den gelecek gemi ile bat\u0131\u011fa ula\u015f\u0131lmas\u0131 hedefleniyor - Kuzeyin Sesi","isPartOf":{"@id":"https:\/\/kuzeyinsesi.org\/#website"},"primaryImageOfPage":{"@id":"https:\/\/kuzeyinsesi.org\/index.php\/2026\/08\/31\/erhurman-turkiyeden-gelecek-gemi-ile-batiga-ulasilmasi-hedefleniyor\/#primaryimage"},"image":{"@id":"https:\/\/kuzeyinsesi.org\/index.php\/2026\/08\/31\/erhurman-turkiyeden-gelecek-gemi-ile-batiga-ulasilmasi-hedefleniyor\/#primaryimage"},"thumbnailUrl":"https:\/\/kuzeyinsesi.org\/wp-content\/uploads\/2026\/08\/Kuzeyinsesikj-2026-08-31T154345.082.jpg","datePublished":"2026-08-31T12:58:59+00:00","author":{"@id":"https:\/\/kuzeyinsesi.org\/#\/schema\/person\/9f859689cdf01485597712386e37f5aa"},"breadcrumb":{"@id":"https:\/\/kuzeyinsesi.org\/index.php\/2026\/08\/31\/erhurman-turkiyeden-gelecek-gemi-ile-batiga-ulasilmasi-hedefleniyor\/#breadcrumb"},"inLanguage":"tr","potentialAction":[{"@type":"ReadAction","target":["https:\/\/kuzeyinsesi.org\/index.php\/2026\/08\/31\/erhurman-turkiyeden-gelecek-gemi-ile-batiga-ulasilmasi-hedefleniyor\/"]}]},{"@type":"ImageObject","inLanguage":"tr","@id":"https:\/\/kuzeyinsesi.org\/index.php\/2026\/08\/31\/erhurman-turkiyeden-gelecek-gemi-ile-batiga-ulasilmasi-hedefleniyor\/#primaryimage","url":"https:\/\/kuzeyinsesi.org\/wp-content\/uploads\/2026\/08\/Kuzeyinsesikj-2026-08-31T154345.082.jpg","contentUrl":"https:\/\/kuzeyinsesi.org\/wp-content\/uploads\/2026\/08\/Kuzeyinsesikj-2026-08-31T154345.082.jpg","width":1600,"height":900},{"@type":"BreadcrumbList","@id":"https:\/\/kuzeyinsesi.org\/index.php\/2026\/08\/31\/erhurman-turkiyeden-gelecek-gemi-ile-batiga-ulasilmasi-hedefleniyor\/#breadcrumb","itemListElement":[{"@type":"ListItem","position":1,"name":"Anasayfa","item":"https:\/\/kuzeyinsesi.org\/"},{"@type":"ListItem","position":2,"name":"Erh\u00fcrman: T\u00fcrkiye\u2019den gelecek gemi ile bat\u0131\u011fa ula\u015f\u0131lmas\u0131 hedefleniyor"}]},{"@type":"WebSite","@id":"https:\/\/kuzeyinsesi.org\/#website","url":"https:\/\/kuzeyinsesi.org\/","name":"Kuzeyin Sesi","description":"Do\u011fru Haberin Adresi","potentialAction":[{"@type":"SearchAction","target":{"@type":"EntryPoint","urlTemplate":"https:\/\/kuzeyinsesi.org\/?s={search_term_string}"},"query-input":{"@type":"PropertyValueSpecification","valueRequired":true,"valueName":"search_term_string"}}],"inLanguage":"tr"},{"@type":"Person","@id":"https:\/\/kuzeyinsesi.org\/#\/schema\/person\/9f859689cdf01485597712386e37f5aa","name":"Kuzeyin Sesi","image":{"@type":"ImageObject","inLanguage":"tr","@id":"https:\/\/secure.gravatar.com\/avatar\/bab33852abfd8b282518d6ed81826833d77c3c882d9ab608add591ccace47a44?s=96&d=mm&r=g","url":"https:\/\/secure.gravatar.com\/avatar\/bab33852abfd8b282518d6ed81826833d77c3c882d9ab608add591ccace47a44?s=96&d=mm&r=g","contentUrl":"https:\/\/secure.gravatar.com\/avatar\/bab33852abfd8b282518d6ed81826833d77c3c882d9ab608add591ccace47a44?s=96&d=mm&r=g","caption":"Kuzeyin Sesi"},"sameAs":["https:\/\/kuzeyinsesi.org"],"url":"https:\/\/kuzeyinsesi.org\/index.php\/author\/guven\/"}]}},"_links":{"self":[{"href":"https:\/\/kuzeyinsesi.org\/index.php\/wp-json\/wp\/v2\/posts\/45830","targetHints":{"allow":["GET"]}}],"collection":[{"href":"https:\/\/kuzeyinsesi.org\/index.php\/wp-json\/wp\/v2\/posts"}],"about":[{"href":"https:\/\/kuzeyinsesi.org\/index.php\/wp-json\/wp\/v2\/types\/post"}],"author":[{"embeddable":true,"href":"https:\/\/kuzeyinsesi.org\/index.php\/wp-json\/wp\/v2\/users\/1"}],"replies":[{"embeddable":true,"href":"https:\/\/kuzeyinsesi.org\/index.php\/wp-json\/wp\/v2\/comments?post=45830"}],"version-history":[{"count":1,"href":"https:\/\/kuzeyinsesi.org\/index.php\/wp-json\/wp\/v2\/posts\/45830\/revisions"}],"predecessor-version":[{"id":45832,"href":"https:\/\/kuzeyinsesi.org\/index.php\/wp-json\/wp\/v2\/posts\/45830\/revisions\/45832"}],"wp:featuredmedia":[{"embeddable":true,"href":"https:\/\/kuzeyinsesi.org\/index.php\/wp-json\/wp\/v2\/media\/45831"}],"wp:attachment":[{"href":"https:\/\/kuzeyinsesi.org\/index.php\/wp-json\/wp\/v2\/media?parent=45830"}],"wp:term":[{"taxonomy":"category","embeddable":true,"href":"https:\/\/kuzeyinsesi.org\/index.php\/wp-json\/wp\/v2\/categories?post=45830"},{"taxonomy":"post_tag","embeddable":true,"href":"https:\/\/kuzeyinsesi.org\/index.php\/wp-json\/wp\/v2\/tags?post=45830"}],"curies":[{"name":"wp","href":"https:\/\/api.w.org\/{rel}","templated":true}]}}