{"id":4582,"date":"2024-06-11T16:43:34","date_gmt":"2024-06-11T13:43:34","guid":{"rendered":"https:\/\/kuzeyinsesi.com\/index.php\/2024\/06\/11\/aytacoglunun-eylulun-zeytin-agaci-icin-tanitim-etkinligi-duzenlendi\/"},"modified":"2024-06-11T16:43:34","modified_gmt":"2024-06-11T13:43:34","slug":"aytacoglunun-eylulun-zeytin-agaci-icin-tanitim-etkinligi-duzenlendi","status":"publish","type":"post","link":"https:\/\/kuzeyinsesi.org\/index.php\/2024\/06\/11\/aytacoglunun-eylulun-zeytin-agaci-icin-tanitim-etkinligi-duzenlendi\/","title":{"rendered":"Ayta\u00e7o\u011flu\u2019nun \u201cEyl\u00fcl\u2019\u00fcn Zeytin A\u011fac\u0131\u201d i\u00e7in tan\u0131t\u0131m etkinli\u011fi d\u00fczenlendi"},"content":{"rendered":"<div>\n<div class=\"mariselle-image-container center\">\n                                            <\/div>\n<p>\u0130mren Ayta\u00e7o\u011flu\u2019nun kaleme ald\u0131\u011f\u0131, \u201cEyl\u00fcl\u2019\u00fcn Zeytin A\u011fac\u0131\u201d, Lefko\u015fa\u2019da R\u00fcstem Kitap Evi\u2019nde tan\u0131t\u0131ld\u0131. <\/p>\n<p>DA\u00dc\u2019den verilen bilgiye g\u00f6re, Ayta\u00e7o\u011flu\u2019nun ilk \u00e7ocuk kitab\u0131 Do\u011fu Akdeniz \u00dcniversitesi (DA\u00dc) Yay\u0131n Evi taraf\u0131ndan bas\u0131ld\u0131. Tan\u0131t\u0131m ve imza etkinli\u011finde yazar \u0130mren Ayta\u00e7o\u011flu\u2019yla s\u00f6yle\u015fi de d\u00fczenlendi.<\/p>\n<p>Yazar \u0130mren Ayta\u00e7o\u011flu, \u201cEyl\u00fcl\u2019\u00fcn Zeytin A\u011fac\u0131\u201d ile K\u0131br\u0131s\u2019\u0131n zengin k\u00fclt\u00fcrel dokusunu \u00e7ocuklar\u0131n d\u00fcnyas\u0131na ta\u015f\u0131yor. Kitap, zeytin a\u011fac\u0131n\u0131n alt\u0131nda b\u00fcy\u00fcyen k\u00fc\u00e7\u00fck Eyl\u00fcl\u2019\u00fcn, do\u011fa ile kurdu\u011fu \u00f6zel ba\u011f ve ailesine olan sevgisini i\u015flerken, karde\u015fi \u00c7a\u011fla ile olan ili\u015fkisini de mercek alt\u0131na al\u0131yor. Hik\u00e2ye, sevgi, dayan\u0131\u015fma ve do\u011fan\u0131n mucizeleri \u00fczerine d\u00fc\u015f\u00fcnd\u00fcr\u00fcc\u00fc ve \u00f6\u011fretici bir anlat\u0131 sunuyor. Kitap, \u00e7ocuklar\u0131n do\u011fa ile kurdu\u011fu ba\u011f\u0131 g\u00fc\u00e7lendirirken, aile i\u00e7indeki sevgi ve dayan\u0131\u015fman\u0131n da \u00f6nemine dikkat \u00e7ekiyor.<\/p>\n<\/p><\/div>\n<p><script async\n                    defer\n                    crossorigin=\"anonymous\"\n                    src=\"https:\/\/connect.facebook.net\/tr_TR\/sdk.js#xfbml=1&#038;version=v3.3\"\n            ><\/script><\/p>\n","protected":false},"excerpt":{"rendered":"<p>\u0130mren Ayta\u00e7o\u011flu\u2019nun kaleme ald\u0131\u011f\u0131, \u201cEyl\u00fcl\u2019\u00fcn Zeytin A\u011fac\u0131\u201d, Lefko\u015fa\u2019da R\u00fcstem Kitap Evi\u2019nde tan\u0131t\u0131ld\u0131. DA\u00dc\u2019den verilen bilgiye g\u00f6re, Ayta\u00e7o\u011flu\u2019nun ilk \u00e7ocuk kitab\u0131 Do\u011fu Akdeniz \u00dcniversitesi (DA\u00dc) Yay\u0131n Evi taraf\u0131ndan bas\u0131ld\u0131. Tan\u0131t\u0131m ve imza etkinli\u011finde yazar \u0130mren Ayta\u00e7o\u011flu\u2019yla s\u00f6yle\u015fi de d\u00fczenlendi. Yazar \u0130mren Ayta\u00e7o\u011flu, \u201cEyl\u00fcl\u2019\u00fcn Zeytin A\u011fac\u0131\u201d ile K\u0131br\u0131s\u2019\u0131n zengin k\u00fclt\u00fcrel dokusunu \u00e7ocuklar\u0131n d\u00fcnyas\u0131na ta\u015f\u0131yor. Kitap, zeytin a\u011fac\u0131n\u0131n [&hellip;]<\/p>\n","protected":false},"author":1,"featured_media":4583,"comment_status":"open","ping_status":"open","sticky":false,"template":"","format":"standard","meta":{"jnews-multi-image_gallery":[],"jnews_single_post":[],"jnews_primary_category":[],"jnews_social_meta":[],"jnews_override_counter":[],"footnotes":""},"categories":[6],"tags":[],"class_list":["post-4582","post","type-post","status-publish","format-standard","has-post-thumbnail","hentry","category-yasam"],"yoast_head":"<!-- This site is optimized with the Yoast SEO plugin v27.5 - https:\/\/yoast.com\/product\/yoast-seo-wordpress\/ -->\n<title>Ayta\u00e7o\u011flu\u2019nun \u201cEyl\u00fcl\u2019\u00fcn Zeytin A\u011fac\u0131\u201d i\u00e7in tan\u0131t\u0131m etkinli\u011fi d\u00fczenlendi - Kuzeyin Sesi<\/title>\n<meta name=\"robots\" content=\"index, follow, max-snippet:-1, max-image-preview:large, max-video-preview:-1\" \/>\n<link rel=\"canonical\" href=\"https:\/\/kuzeyinsesi.org\/index.php\/2024\/06\/11\/aytacoglunun-eylulun-zeytin-agaci-icin-tanitim-etkinligi-duzenlendi\/\" \/>\n<meta property=\"og:locale\" content=\"tr_TR\" \/>\n<meta property=\"og:type\" content=\"article\" \/>\n<meta property=\"og:title\" content=\"Ayta\u00e7o\u011flu\u2019nun \u201cEyl\u00fcl\u2019\u00fcn Zeytin A\u011fac\u0131\u201d i\u00e7in tan\u0131t\u0131m etkinli\u011fi d\u00fczenlendi - Kuzeyin Sesi\" \/>\n<meta property=\"og:description\" content=\"\u0130mren Ayta\u00e7o\u011flu\u2019nun kaleme ald\u0131\u011f\u0131, \u201cEyl\u00fcl\u2019\u00fcn Zeytin A\u011fac\u0131\u201d, Lefko\u015fa\u2019da R\u00fcstem Kitap Evi\u2019nde tan\u0131t\u0131ld\u0131. DA\u00dc\u2019den verilen bilgiye g\u00f6re, Ayta\u00e7o\u011flu\u2019nun ilk \u00e7ocuk kitab\u0131 Do\u011fu Akdeniz \u00dcniversitesi (DA\u00dc) Yay\u0131n Evi taraf\u0131ndan bas\u0131ld\u0131. Tan\u0131t\u0131m ve imza etkinli\u011finde yazar \u0130mren Ayta\u00e7o\u011flu\u2019yla s\u00f6yle\u015fi de d\u00fczenlendi. Yazar \u0130mren Ayta\u00e7o\u011flu, \u201cEyl\u00fcl\u2019\u00fcn Zeytin A\u011fac\u0131\u201d ile K\u0131br\u0131s\u2019\u0131n zengin k\u00fclt\u00fcrel dokusunu \u00e7ocuklar\u0131n d\u00fcnyas\u0131na ta\u015f\u0131yor. Kitap, zeytin a\u011fac\u0131n\u0131n [&hellip;]\" \/>\n<meta property=\"og:url\" content=\"https:\/\/kuzeyinsesi.org\/index.php\/2024\/06\/11\/aytacoglunun-eylulun-zeytin-agaci-icin-tanitim-etkinligi-duzenlendi\/\" \/>\n<meta property=\"og:site_name\" content=\"Kuzeyin Sesi\" \/>\n<meta property=\"article:publisher\" content=\"https:\/\/www.facebook.com\/kuzeyinsesii\" \/>\n<meta property=\"article:published_time\" content=\"2024-06-11T13:43:34+00:00\" \/>\n<meta property=\"og:image\" content=\"https:\/\/kuzeyinsesi.org\/wp-content\/uploads\/2024\/06\/dau-yayinevi-kitap-tanitimi1-1.jpg\" \/>\n\t<meta property=\"og:image:width\" content=\"1800\" \/>\n\t<meta property=\"og:image:height\" content=\"1350\" \/>\n\t<meta property=\"og:image:type\" content=\"image\/jpeg\" \/>\n<meta name=\"author\" content=\"Kuzeyin Sesi\" \/>\n<meta name=\"twitter:card\" content=\"summary_large_image\" \/>\n<meta name=\"twitter:creator\" content=\"@kuzeyinsesii\" \/>\n<meta name=\"twitter:site\" content=\"@kuzeyinsesii\" \/>\n<meta name=\"twitter:label1\" content=\"Yazan:\" \/>\n\t<meta name=\"twitter:data1\" content=\"Kuzeyin Sesi\" \/>\n\t<meta name=\"twitter:label2\" content=\"Tahmini okuma s\u00fcresi\" \/>\n\t<meta name=\"twitter:data2\" content=\"1 dakika\" \/>\n<script type=\"application\/ld+json\" class=\"yoast-schema-graph\">{\"@context\":\"https:\\\/\\\/schema.org\",\"@graph\":[{\"@type\":\"Article\",\"@id\":\"https:\\\/\\\/kuzeyinsesi.org\\\/index.php\\\/2024\\\/06\\\/11\\\/aytacoglunun-eylulun-zeytin-agaci-icin-tanitim-etkinligi-duzenlendi\\\/#article\",\"isPartOf\":{\"@id\":\"https:\\\/\\\/kuzeyinsesi.org\\\/index.php\\\/2024\\\/06\\\/11\\\/aytacoglunun-eylulun-zeytin-agaci-icin-tanitim-etkinligi-duzenlendi\\\/\"},\"author\":{\"name\":\"Kuzeyin Sesi\",\"@id\":\"https:\\\/\\\/kuzeyinsesi.org\\\/#\\\/schema\\\/person\\\/9f859689cdf01485597712386e37f5aa\"},\"headline\":\"Ayta\u00e7o\u011flu\u2019nun \u201cEyl\u00fcl\u2019\u00fcn Zeytin A\u011fac\u0131\u201d i\u00e7in tan\u0131t\u0131m etkinli\u011fi d\u00fczenlendi\",\"datePublished\":\"2024-06-11T13:43:34+00:00\",\"mainEntityOfPage\":{\"@id\":\"https:\\\/\\\/kuzeyinsesi.org\\\/index.php\\\/2024\\\/06\\\/11\\\/aytacoglunun-eylulun-zeytin-agaci-icin-tanitim-etkinligi-duzenlendi\\\/\"},\"wordCount\":201,\"commentCount\":0,\"image\":{\"@id\":\"https:\\\/\\\/kuzeyinsesi.org\\\/index.php\\\/2024\\\/06\\\/11\\\/aytacoglunun-eylulun-zeytin-agaci-icin-tanitim-etkinligi-duzenlendi\\\/#primaryimage\"},\"thumbnailUrl\":\"https:\\\/\\\/kuzeyinsesi.org\\\/wp-content\\\/uploads\\\/2024\\\/06\\\/dau-yayinevi-kitap-tanitimi1-1.jpg\",\"articleSection\":[\"Ya\u015fam\"],\"inLanguage\":\"tr\",\"potentialAction\":[{\"@type\":\"CommentAction\",\"name\":\"Comment\",\"target\":[\"https:\\\/\\\/kuzeyinsesi.org\\\/index.php\\\/2024\\\/06\\\/11\\\/aytacoglunun-eylulun-zeytin-agaci-icin-tanitim-etkinligi-duzenlendi\\\/#respond\"]}]},{\"@type\":\"WebPage\",\"@id\":\"https:\\\/\\\/kuzeyinsesi.org\\\/index.php\\\/2024\\\/06\\\/11\\\/aytacoglunun-eylulun-zeytin-agaci-icin-tanitim-etkinligi-duzenlendi\\\/\",\"url\":\"https:\\\/\\\/kuzeyinsesi.org\\\/index.php\\\/2024\\\/06\\\/11\\\/aytacoglunun-eylulun-zeytin-agaci-icin-tanitim-etkinligi-duzenlendi\\\/\",\"name\":\"Ayta\u00e7o\u011flu\u2019nun \u201cEyl\u00fcl\u2019\u00fcn Zeytin A\u011fac\u0131\u201d i\u00e7in tan\u0131t\u0131m etkinli\u011fi d\u00fczenlendi - Kuzeyin Sesi\",\"isPartOf\":{\"@id\":\"https:\\\/\\\/kuzeyinsesi.org\\\/#website\"},\"primaryImageOfPage\":{\"@id\":\"https:\\\/\\\/kuzeyinsesi.org\\\/index.php\\\/2024\\\/06\\\/11\\\/aytacoglunun-eylulun-zeytin-agaci-icin-tanitim-etkinligi-duzenlendi\\\/#primaryimage\"},\"image\":{\"@id\":\"https:\\\/\\\/kuzeyinsesi.org\\\/index.php\\\/2024\\\/06\\\/11\\\/aytacoglunun-eylulun-zeytin-agaci-icin-tanitim-etkinligi-duzenlendi\\\/#primaryimage\"},\"thumbnailUrl\":\"https:\\\/\\\/kuzeyinsesi.org\\\/wp-content\\\/uploads\\\/2024\\\/06\\\/dau-yayinevi-kitap-tanitimi1-1.jpg\",\"datePublished\":\"2024-06-11T13:43:34+00:00\",\"author\":{\"@id\":\"https:\\\/\\\/kuzeyinsesi.org\\\/#\\\/schema\\\/person\\\/9f859689cdf01485597712386e37f5aa\"},\"breadcrumb\":{\"@id\":\"https:\\\/\\\/kuzeyinsesi.org\\\/index.php\\\/2024\\\/06\\\/11\\\/aytacoglunun-eylulun-zeytin-agaci-icin-tanitim-etkinligi-duzenlendi\\\/#breadcrumb\"},\"inLanguage\":\"tr\",\"potentialAction\":[{\"@type\":\"ReadAction\",\"target\":[\"https:\\\/\\\/kuzeyinsesi.org\\\/index.php\\\/2024\\\/06\\\/11\\\/aytacoglunun-eylulun-zeytin-agaci-icin-tanitim-etkinligi-duzenlendi\\\/\"]}]},{\"@type\":\"ImageObject\",\"inLanguage\":\"tr\",\"@id\":\"https:\\\/\\\/kuzeyinsesi.org\\\/index.php\\\/2024\\\/06\\\/11\\\/aytacoglunun-eylulun-zeytin-agaci-icin-tanitim-etkinligi-duzenlendi\\\/#primaryimage\",\"url\":\"https:\\\/\\\/kuzeyinsesi.org\\\/wp-content\\\/uploads\\\/2024\\\/06\\\/dau-yayinevi-kitap-tanitimi1-1.jpg\",\"contentUrl\":\"https:\\\/\\\/kuzeyinsesi.org\\\/wp-content\\\/uploads\\\/2024\\\/06\\\/dau-yayinevi-kitap-tanitimi1-1.jpg\",\"width\":1800,\"height\":1350},{\"@type\":\"BreadcrumbList\",\"@id\":\"https:\\\/\\\/kuzeyinsesi.org\\\/index.php\\\/2024\\\/06\\\/11\\\/aytacoglunun-eylulun-zeytin-agaci-icin-tanitim-etkinligi-duzenlendi\\\/#breadcrumb\",\"itemListElement\":[{\"@type\":\"ListItem\",\"position\":1,\"name\":\"Anasayfa\",\"item\":\"https:\\\/\\\/kuzeyinsesi.org\\\/\"},{\"@type\":\"ListItem\",\"position\":2,\"name\":\"Ayta\u00e7o\u011flu\u2019nun \u201cEyl\u00fcl\u2019\u00fcn Zeytin A\u011fac\u0131\u201d i\u00e7in tan\u0131t\u0131m etkinli\u011fi d\u00fczenlendi\"}]},{\"@type\":\"WebSite\",\"@id\":\"https:\\\/\\\/kuzeyinsesi.org\\\/#website\",\"url\":\"https:\\\/\\\/kuzeyinsesi.org\\\/\",\"name\":\"Kuzeyin Sesi\",\"description\":\"Do\u011fru Haberin Adresi\",\"potentialAction\":[{\"@type\":\"SearchAction\",\"target\":{\"@type\":\"EntryPoint\",\"urlTemplate\":\"https:\\\/\\\/kuzeyinsesi.org\\\/?s={search_term_string}\"},\"query-input\":{\"@type\":\"PropertyValueSpecification\",\"valueRequired\":true,\"valueName\":\"search_term_string\"}}],\"inLanguage\":\"tr\"},{\"@type\":\"Person\",\"@id\":\"https:\\\/\\\/kuzeyinsesi.org\\\/#\\\/schema\\\/person\\\/9f859689cdf01485597712386e37f5aa\",\"name\":\"Kuzeyin Sesi\",\"image\":{\"@type\":\"ImageObject\",\"inLanguage\":\"tr\",\"@id\":\"https:\\\/\\\/secure.gravatar.com\\\/avatar\\\/bab33852abfd8b282518d6ed81826833d77c3c882d9ab608add591ccace47a44?s=96&d=mm&r=g\",\"url\":\"https:\\\/\\\/secure.gravatar.com\\\/avatar\\\/bab33852abfd8b282518d6ed81826833d77c3c882d9ab608add591ccace47a44?s=96&d=mm&r=g\",\"contentUrl\":\"https:\\\/\\\/secure.gravatar.com\\\/avatar\\\/bab33852abfd8b282518d6ed81826833d77c3c882d9ab608add591ccace47a44?s=96&d=mm&r=g\",\"caption\":\"Kuzeyin Sesi\"},\"sameAs\":[\"https:\\\/\\\/kuzeyinsesi.org\"],\"url\":\"https:\\\/\\\/kuzeyinsesi.org\\\/index.php\\\/author\\\/guven\\\/\"}]}<\/script>\n<!-- \/ Yoast SEO plugin. -->","yoast_head_json":{"title":"Ayta\u00e7o\u011flu\u2019nun \u201cEyl\u00fcl\u2019\u00fcn Zeytin A\u011fac\u0131\u201d i\u00e7in tan\u0131t\u0131m etkinli\u011fi d\u00fczenlendi - Kuzeyin Sesi","robots":{"index":"index","follow":"follow","max-snippet":"max-snippet:-1","max-image-preview":"max-image-preview:large","max-video-preview":"max-video-preview:-1"},"canonical":"https:\/\/kuzeyinsesi.org\/index.php\/2024\/06\/11\/aytacoglunun-eylulun-zeytin-agaci-icin-tanitim-etkinligi-duzenlendi\/","og_locale":"tr_TR","og_type":"article","og_title":"Ayta\u00e7o\u011flu\u2019nun \u201cEyl\u00fcl\u2019\u00fcn Zeytin A\u011fac\u0131\u201d i\u00e7in tan\u0131t\u0131m etkinli\u011fi d\u00fczenlendi - Kuzeyin Sesi","og_description":"\u0130mren Ayta\u00e7o\u011flu\u2019nun kaleme ald\u0131\u011f\u0131, \u201cEyl\u00fcl\u2019\u00fcn Zeytin A\u011fac\u0131\u201d, Lefko\u015fa\u2019da R\u00fcstem Kitap Evi\u2019nde tan\u0131t\u0131ld\u0131. DA\u00dc\u2019den verilen bilgiye g\u00f6re, Ayta\u00e7o\u011flu\u2019nun ilk \u00e7ocuk kitab\u0131 Do\u011fu Akdeniz \u00dcniversitesi (DA\u00dc) Yay\u0131n Evi taraf\u0131ndan bas\u0131ld\u0131. Tan\u0131t\u0131m ve imza etkinli\u011finde yazar \u0130mren Ayta\u00e7o\u011flu\u2019yla s\u00f6yle\u015fi de d\u00fczenlendi. Yazar \u0130mren Ayta\u00e7o\u011flu, \u201cEyl\u00fcl\u2019\u00fcn Zeytin A\u011fac\u0131\u201d ile K\u0131br\u0131s\u2019\u0131n zengin k\u00fclt\u00fcrel dokusunu \u00e7ocuklar\u0131n d\u00fcnyas\u0131na ta\u015f\u0131yor. Kitap, zeytin a\u011fac\u0131n\u0131n [&hellip;]","og_url":"https:\/\/kuzeyinsesi.org\/index.php\/2024\/06\/11\/aytacoglunun-eylulun-zeytin-agaci-icin-tanitim-etkinligi-duzenlendi\/","og_site_name":"Kuzeyin Sesi","article_publisher":"https:\/\/www.facebook.com\/kuzeyinsesii","article_published_time":"2024-06-11T13:43:34+00:00","og_image":[{"width":1800,"height":1350,"url":"https:\/\/kuzeyinsesi.org\/wp-content\/uploads\/2024\/06\/dau-yayinevi-kitap-tanitimi1-1.jpg","type":"image\/jpeg"}],"author":"Kuzeyin Sesi","twitter_card":"summary_large_image","twitter_creator":"@kuzeyinsesii","twitter_site":"@kuzeyinsesii","twitter_misc":{"Yazan:":"Kuzeyin Sesi","Tahmini okuma s\u00fcresi":"1 dakika"},"schema":{"@context":"https:\/\/schema.org","@graph":[{"@type":"Article","@id":"https:\/\/kuzeyinsesi.org\/index.php\/2024\/06\/11\/aytacoglunun-eylulun-zeytin-agaci-icin-tanitim-etkinligi-duzenlendi\/#article","isPartOf":{"@id":"https:\/\/kuzeyinsesi.org\/index.php\/2024\/06\/11\/aytacoglunun-eylulun-zeytin-agaci-icin-tanitim-etkinligi-duzenlendi\/"},"author":{"name":"Kuzeyin Sesi","@id":"https:\/\/kuzeyinsesi.org\/#\/schema\/person\/9f859689cdf01485597712386e37f5aa"},"headline":"Ayta\u00e7o\u011flu\u2019nun \u201cEyl\u00fcl\u2019\u00fcn Zeytin A\u011fac\u0131\u201d i\u00e7in tan\u0131t\u0131m etkinli\u011fi d\u00fczenlendi","datePublished":"2024-06-11T13:43:34+00:00","mainEntityOfPage":{"@id":"https:\/\/kuzeyinsesi.org\/index.php\/2024\/06\/11\/aytacoglunun-eylulun-zeytin-agaci-icin-tanitim-etkinligi-duzenlendi\/"},"wordCount":201,"commentCount":0,"image":{"@id":"https:\/\/kuzeyinsesi.org\/index.php\/2024\/06\/11\/aytacoglunun-eylulun-zeytin-agaci-icin-tanitim-etkinligi-duzenlendi\/#primaryimage"},"thumbnailUrl":"https:\/\/kuzeyinsesi.org\/wp-content\/uploads\/2024\/06\/dau-yayinevi-kitap-tanitimi1-1.jpg","articleSection":["Ya\u015fam"],"inLanguage":"tr","potentialAction":[{"@type":"CommentAction","name":"Comment","target":["https:\/\/kuzeyinsesi.org\/index.php\/2024\/06\/11\/aytacoglunun-eylulun-zeytin-agaci-icin-tanitim-etkinligi-duzenlendi\/#respond"]}]},{"@type":"WebPage","@id":"https:\/\/kuzeyinsesi.org\/index.php\/2024\/06\/11\/aytacoglunun-eylulun-zeytin-agaci-icin-tanitim-etkinligi-duzenlendi\/","url":"https:\/\/kuzeyinsesi.org\/index.php\/2024\/06\/11\/aytacoglunun-eylulun-zeytin-agaci-icin-tanitim-etkinligi-duzenlendi\/","name":"Ayta\u00e7o\u011flu\u2019nun \u201cEyl\u00fcl\u2019\u00fcn Zeytin A\u011fac\u0131\u201d i\u00e7in tan\u0131t\u0131m etkinli\u011fi d\u00fczenlendi - Kuzeyin Sesi","isPartOf":{"@id":"https:\/\/kuzeyinsesi.org\/#website"},"primaryImageOfPage":{"@id":"https:\/\/kuzeyinsesi.org\/index.php\/2024\/06\/11\/aytacoglunun-eylulun-zeytin-agaci-icin-tanitim-etkinligi-duzenlendi\/#primaryimage"},"image":{"@id":"https:\/\/kuzeyinsesi.org\/index.php\/2024\/06\/11\/aytacoglunun-eylulun-zeytin-agaci-icin-tanitim-etkinligi-duzenlendi\/#primaryimage"},"thumbnailUrl":"https:\/\/kuzeyinsesi.org\/wp-content\/uploads\/2024\/06\/dau-yayinevi-kitap-tanitimi1-1.jpg","datePublished":"2024-06-11T13:43:34+00:00","author":{"@id":"https:\/\/kuzeyinsesi.org\/#\/schema\/person\/9f859689cdf01485597712386e37f5aa"},"breadcrumb":{"@id":"https:\/\/kuzeyinsesi.org\/index.php\/2024\/06\/11\/aytacoglunun-eylulun-zeytin-agaci-icin-tanitim-etkinligi-duzenlendi\/#breadcrumb"},"inLanguage":"tr","potentialAction":[{"@type":"ReadAction","target":["https:\/\/kuzeyinsesi.org\/index.php\/2024\/06\/11\/aytacoglunun-eylulun-zeytin-agaci-icin-tanitim-etkinligi-duzenlendi\/"]}]},{"@type":"ImageObject","inLanguage":"tr","@id":"https:\/\/kuzeyinsesi.org\/index.php\/2024\/06\/11\/aytacoglunun-eylulun-zeytin-agaci-icin-tanitim-etkinligi-duzenlendi\/#primaryimage","url":"https:\/\/kuzeyinsesi.org\/wp-content\/uploads\/2024\/06\/dau-yayinevi-kitap-tanitimi1-1.jpg","contentUrl":"https:\/\/kuzeyinsesi.org\/wp-content\/uploads\/2024\/06\/dau-yayinevi-kitap-tanitimi1-1.jpg","width":1800,"height":1350},{"@type":"BreadcrumbList","@id":"https:\/\/kuzeyinsesi.org\/index.php\/2024\/06\/11\/aytacoglunun-eylulun-zeytin-agaci-icin-tanitim-etkinligi-duzenlendi\/#breadcrumb","itemListElement":[{"@type":"ListItem","position":1,"name":"Anasayfa","item":"https:\/\/kuzeyinsesi.org\/"},{"@type":"ListItem","position":2,"name":"Ayta\u00e7o\u011flu\u2019nun \u201cEyl\u00fcl\u2019\u00fcn Zeytin A\u011fac\u0131\u201d i\u00e7in tan\u0131t\u0131m etkinli\u011fi d\u00fczenlendi"}]},{"@type":"WebSite","@id":"https:\/\/kuzeyinsesi.org\/#website","url":"https:\/\/kuzeyinsesi.org\/","name":"Kuzeyin Sesi","description":"Do\u011fru Haberin Adresi","potentialAction":[{"@type":"SearchAction","target":{"@type":"EntryPoint","urlTemplate":"https:\/\/kuzeyinsesi.org\/?s={search_term_string}"},"query-input":{"@type":"PropertyValueSpecification","valueRequired":true,"valueName":"search_term_string"}}],"inLanguage":"tr"},{"@type":"Person","@id":"https:\/\/kuzeyinsesi.org\/#\/schema\/person\/9f859689cdf01485597712386e37f5aa","name":"Kuzeyin Sesi","image":{"@type":"ImageObject","inLanguage":"tr","@id":"https:\/\/secure.gravatar.com\/avatar\/bab33852abfd8b282518d6ed81826833d77c3c882d9ab608add591ccace47a44?s=96&d=mm&r=g","url":"https:\/\/secure.gravatar.com\/avatar\/bab33852abfd8b282518d6ed81826833d77c3c882d9ab608add591ccace47a44?s=96&d=mm&r=g","contentUrl":"https:\/\/secure.gravatar.com\/avatar\/bab33852abfd8b282518d6ed81826833d77c3c882d9ab608add591ccace47a44?s=96&d=mm&r=g","caption":"Kuzeyin Sesi"},"sameAs":["https:\/\/kuzeyinsesi.org"],"url":"https:\/\/kuzeyinsesi.org\/index.php\/author\/guven\/"}]}},"_links":{"self":[{"href":"https:\/\/kuzeyinsesi.org\/index.php\/wp-json\/wp\/v2\/posts\/4582","targetHints":{"allow":["GET"]}}],"collection":[{"href":"https:\/\/kuzeyinsesi.org\/index.php\/wp-json\/wp\/v2\/posts"}],"about":[{"href":"https:\/\/kuzeyinsesi.org\/index.php\/wp-json\/wp\/v2\/types\/post"}],"author":[{"embeddable":true,"href":"https:\/\/kuzeyinsesi.org\/index.php\/wp-json\/wp\/v2\/users\/1"}],"replies":[{"embeddable":true,"href":"https:\/\/kuzeyinsesi.org\/index.php\/wp-json\/wp\/v2\/comments?post=4582"}],"version-history":[{"count":0,"href":"https:\/\/kuzeyinsesi.org\/index.php\/wp-json\/wp\/v2\/posts\/4582\/revisions"}],"wp:featuredmedia":[{"embeddable":true,"href":"https:\/\/kuzeyinsesi.org\/index.php\/wp-json\/wp\/v2\/media\/4583"}],"wp:attachment":[{"href":"https:\/\/kuzeyinsesi.org\/index.php\/wp-json\/wp\/v2\/media?parent=4582"}],"wp:term":[{"taxonomy":"category","embeddable":true,"href":"https:\/\/kuzeyinsesi.org\/index.php\/wp-json\/wp\/v2\/categories?post=4582"},{"taxonomy":"post_tag","embeddable":true,"href":"https:\/\/kuzeyinsesi.org\/index.php\/wp-json\/wp\/v2\/tags?post=4582"}],"curies":[{"name":"wp","href":"https:\/\/api.w.org\/{rel}","templated":true}]}}