{"id":45819,"date":"2026-08-31T14:04:01","date_gmt":"2026-08-31T11:04:01","guid":{"rendered":"https:\/\/kuzeyinsesi.org\/?p=45819"},"modified":"2026-08-31T14:06:04","modified_gmt":"2026-08-31T11:06:04","slug":"45819","status":"publish","type":"post","link":"https:\/\/kuzeyinsesi.org\/index.php\/2026\/08\/31\/45819\/","title":{"rendered":"\u00dcstel: Hi\u00e7bir ihmalin \u00fczeri \u00f6rt\u00fclmeyecek, sorumlular hesap verecek"},"content":{"rendered":"<p class=\"isSelectedEnd\">Ba\u015fbakan <strong>\u00dcnal \u00dcstel<\/strong>, Girne a\u00e7\u0131klar\u0131nda ya\u015fanan gemi facias\u0131na ili\u015fkin y\u00fcr\u00fct\u00fclen \u00e7al\u0131\u015fmalar hakk\u0131nda kapsaml\u0131 a\u00e7\u0131klama yapt\u0131. Arama-kurtarma faaliyetlerinin havadan, denizden ve karadan <strong>7 g\u00fcn 24 saat esas\u0131na g\u00f6re<\/strong> devam edece\u011fini belirten \u00dcstel, facian\u0131n t\u00fcm y\u00f6nleriyle ara\u015ft\u0131r\u0131ld\u0131\u011f\u0131n\u0131 vurgulad\u0131. \u00dcstel, <strong>\u201cKimin ihmali, kusuru veya sorumlulu\u011fu varsa ortaya \u00e7\u0131kar\u0131lacakt\u0131r\u201d<\/strong> dedi.<\/p>\n<p class=\"isSelectedEnd\">Devletin t\u00fcm imkanlar\u0131n\u0131n T\u00fcrkiye Cumhuriyeti\u2019nin deste\u011fiyle ilk andan itibaren seferber edildi\u011fini kaydeden \u00dcstel, \u015fu an en b\u00fcy\u00fck \u00f6nceli\u011fin kay\u0131p ki\u015filere ula\u015fmak oldu\u011funu s\u00f6yledi.<\/p>\n<h2>15 GEM\u0130, 8 HEL\u0130KOPTER VE \u0130HA\u2019LARLA ARAMA<\/h2>\n<p class=\"isSelectedEnd\">Arama-kurtarma \u00e7al\u0131\u015fmalar\u0131n\u0131n olu\u015fturulan plan do\u011frultusunda kesintisiz s\u00fcrd\u00fc\u011f\u00fcn\u00fc aktaran \u00dcstel, denizde <strong>15 geminin<\/strong> g\u00f6rev yapt\u0131\u011f\u0131n\u0131 a\u00e7\u0131klad\u0131. Deniz ak\u0131nt\u0131lar\u0131 ve muhtemel s\u00fcr\u00fcklenme alanlar\u0131n\u0131n dikkate al\u0131nd\u0131\u011f\u0131n\u0131, arama b\u00f6lgelerinin de buna g\u00f6re belirlendi\u011fini ifade etti.<\/p>\n<p class=\"isSelectedEnd\">Havadan <strong>8 helikopterin d\u00f6n\u00fc\u015f\u00fcml\u00fc olarak g\u00f6rev yapt\u0131\u011f\u0131n\u0131<\/strong> belirten \u00dcstel, \u0130HA\u2019lar\u0131n da b\u00f6lgedeki tarama \u00e7al\u0131\u015fmalar\u0131n\u0131 s\u00fcrd\u00fcrd\u00fc\u011f\u00fcn\u00fc s\u00f6yledi. Polis Genel M\u00fcd\u00fcrl\u00fc\u011f\u00fc ekiplerinin ise Girne\u2019nin do\u011fu ve bat\u0131s\u0131ndaki k\u0131y\u0131 \u015feridinde kapsaml\u0131 arama ger\u00e7ekle\u015ftirdi\u011fini kaydetti.<\/p>\n<h2>SAT KOMANDOLARI DA \u00c7ALI\u015eMALARA KATILDI<\/h2>\n<p class=\"isSelectedEnd\">T\u00fcrkiye\u2019den gelen SAT komandolar\u0131n\u0131n arama-kurtarma \u00e7al\u0131\u015fmalar\u0131na dahil oldu\u011funu a\u00e7\u0131klayan \u00dcstel, b\u00f6lgeye ula\u015facak ek arama-kurtarma gemisiyle birlikte deniz alt\u0131ndaki faaliyetlerin de g\u00fc\u00e7lendirilece\u011fini belirtti.<\/p>\n<p class=\"isSelectedEnd\">\u00dcstel, \u00e7al\u0131\u015fmalar\u0131n durmaks\u0131z\u0131n devam edece\u011finin alt\u0131n\u0131 \u00e7izerek, <strong>\u201cArama-kurtarma \u00e7al\u0131\u015fmalar\u0131m\u0131z sonuna kadar, gece g\u00fcnd\u00fcz demeden devam edecektir\u201d<\/strong> ifadelerini kulland\u0131.<\/p>\n<h2>\u201cHIZLI M\u00dcDAHALE DAHA A\u011eIR B\u0130R TABLONUN \u00d6N\u00dcNE GE\u00c7T\u0130\u201d<\/h2>\n<p class=\"isSelectedEnd\">Kazan\u0131n Girne a\u00e7\u0131klar\u0131nda meydana gelmesinin ekiplerin olay yerine k\u0131sa s\u00fcrede ula\u015fabilmesine imkan sa\u011flad\u0131\u011f\u0131n\u0131 belirten \u00dcstel, Sahil G\u00fcvenlik, g\u00fcvenlik g\u00fc\u00e7leri, Sivil Savunma ve di\u011fer arama-kurtarma unsurlar\u0131n\u0131n h\u0131zl\u0131 m\u00fcdahalesi sayesinde \u00e7ok say\u0131da ki\u015finin sa\u011f olarak kurtar\u0131ld\u0131\u011f\u0131n\u0131 s\u00f6yledi.<\/p>\n<p class=\"isSelectedEnd\">Kazan\u0131n k\u0131y\u0131dan daha uzak bir noktada ya\u015fanmas\u0131 halinde m\u00fcdahale s\u00fcresinin uzayabilece\u011fine dikkat \u00e7eken \u00dcstel, ilk dakikalardaki h\u0131zl\u0131 m\u00fcdahalenin \u00e7ok daha a\u011f\u0131r bir tablonun ortaya \u00e7\u0131kmas\u0131n\u0131n \u00f6n\u00fcne ge\u00e7ti\u011fini de\u011ferlendirdiklerini ifade etti.<\/p>\n<h2>L\u0130MAN YETK\u0130L\u0130LER\u0130 G\u00d6REVDEN UZAKLA\u015eTIRILDI<\/h2>\n<p class=\"isSelectedEnd\">Bir yandan kay\u0131p ki\u015filere ula\u015fmak i\u00e7in \u00e7al\u0131\u015fmalar s\u00fcrerken, di\u011fer yandan facian\u0131n nas\u0131l ve neden meydana geldi\u011finin belirlenmesi amac\u0131yla adli ve idari s\u00fcre\u00e7lerin devam etti\u011fini a\u00e7\u0131klayan \u00dcstel, gemi kaptan\u0131 ve \u015firket yetkilisinin de aralar\u0131nda bulundu\u011fu <strong>9 \u00e7al\u0131\u015fan\u0131n g\u00f6zalt\u0131na al\u0131narak mahkemeye \u00e7\u0131kar\u0131ld\u0131\u011f\u0131n\u0131<\/strong> belirtti.<\/p>\n<p class=\"isSelectedEnd\">\u00dcstel ayr\u0131ca geminin sefere \u00e7\u0131k\u0131\u015f\u0131na izin veren ilgili liman yetkililerinin <strong>g\u00f6revden uzakla\u015ft\u0131r\u0131ld\u0131\u011f\u0131n\u0131 ve haklar\u0131nda soru\u015fturma ba\u015flat\u0131ld\u0131\u011f\u0131n\u0131<\/strong> a\u00e7\u0131klad\u0131. S\u00f6z konusu g\u00f6revlilerin yerlerine yeni sorumlular\u0131n atand\u0131\u011f\u0131n\u0131 da kaydetti.<\/p>\n<h2>\u201cK\u0130M OLURSA OLSUN ADALET \u00d6N\u00dcNDE HESAP VERECEK\u201d<\/h2>\n<p class=\"isSelectedEnd\">Faciaya ili\u015fkin y\u00fcr\u00fct\u00fclen soru\u015fturma konusunda net bir mesaj veren \u00dcstel, <strong>\u201cBu faciada kimin ihmali, kusuru veya sorumlulu\u011fu varsa ortaya \u00e7\u0131kar\u0131lacakt\u0131r. Soru\u015fturma sonucunda sorumlulu\u011fu tespit edilenler, kim olursa olsun adalet \u00f6n\u00fcnde hesap verecek, bu facia cezas\u0131z kalmayacakt\u0131r\u201d<\/strong> dedi.<\/p>\n<p class=\"isSelectedEnd\">Adli ve idari s\u00fcre\u00e7lerin ayn\u0131 kararl\u0131l\u0131kla s\u00fcrd\u00fcr\u00fclece\u011fini vurgulayan \u00dcstel, ger\u00e7eklerin b\u00fct\u00fcn y\u00f6nleriyle ortaya \u00e7\u0131kar\u0131laca\u011f\u0131n\u0131 ifade etti.<\/p>\n<p>Ba\u015fbakan \u00dcstel, faciada hayat\u0131n\u0131 kaybeden <strong>8 ki\u015fiye<\/strong> Allah\u2019tan rahmet, aileleri ve yak\u0131nlar\u0131na ba\u015fsa\u011fl\u0131\u011f\u0131 dilerken, kay\u0131p ki\u015filere en k\u0131sa s\u00fcrede ula\u015f\u0131lmas\u0131 temennisinde bulundu.<\/p>\n","protected":false},"excerpt":{"rendered":"<p>Ba\u015fbakan \u00dcnal \u00dcstel, Girne a\u00e7\u0131klar\u0131nda ya\u015fanan gemi facias\u0131na ili\u015fkin y\u00fcr\u00fct\u00fclen \u00e7al\u0131\u015fmalar hakk\u0131nda kapsaml\u0131 a\u00e7\u0131klama yapt\u0131. Arama-kurtarma faaliyetlerinin havadan, denizden ve karadan 7 g\u00fcn 24 saat esas\u0131na g\u00f6re devam edece\u011fini belirten \u00dcstel, facian\u0131n t\u00fcm y\u00f6nleriyle ara\u015ft\u0131r\u0131ld\u0131\u011f\u0131n\u0131 vurgulad\u0131. \u00dcstel, \u201cKimin ihmali, kusuru veya sorumlulu\u011fu varsa ortaya \u00e7\u0131kar\u0131lacakt\u0131r\u201d dedi. Devletin t\u00fcm imkanlar\u0131n\u0131n T\u00fcrkiye Cumhuriyeti\u2019nin deste\u011fiyle ilk andan itibaren [&hellip;]<\/p>\n","protected":false},"author":1,"featured_media":45820,"comment_status":"open","ping_status":"open","sticky":false,"template":"","format":"standard","meta":{"jnews-multi-image_gallery":[],"jnews_single_post":{"subtitle":"","format":"standard","override":[{"template":"1","parallax":"1","fullscreen":"1","layout":"right-sidebar","sidebar":"default-sidebar","second_sidebar":"default-sidebar","sticky_sidebar":"1","share_position":"top","share_float_style":"share-monocrhome","show_featured":"1","show_post_author":"1","show_post_author_image":"1","show_post_date":"1","post_date_format":"default","post_date_format_custom":"Y\/m\/d","show_post_category":"1","show_post_reading_time":"0","post_reading_time_wpm":"300","post_calculate_word_method":"str_word_count","show_zoom_button":"0","zoom_button_out_step":"2","zoom_button_in_step":"3","show_post_tag":"1","show_prev_next_post":"1","show_popup_post":"1","show_comment_section":"1","number_popup_post":"1","show_author_box":"0","show_post_related":"0","show_inline_post_related":"0"}],"image_override":[{"single_post_thumbnail_size":"crop-500","single_post_gallery_size":"crop-500"}],"trending_post_position":"meta","trending_post_label":"Trending","sponsored_post_label":"Sponsored by","disable_ad":"0"},"jnews_primary_category":[],"jnews_social_meta":[],"jnews_override_counter":{"view_counter_number":"0","share_counter_number":"0","like_counter_number":"0","dislike_counter_number":"0"},"footnotes":""},"categories":[1],"tags":[3331,7028,7027,395,209],"class_list":["post-45819","post","type-post","status-publish","format-standard","has-post-thumbnail","hentry","category-kibris","tag-arama-kurtarma","tag-filo-jet","tag-gemi-faciasi","tag-girne","tag-unal-ustel"],"yoast_head":"<!-- This site is optimized with the Yoast SEO plugin v28.3 - https:\/\/yoast.com\/product\/yoast-seo-wordpress\/ -->\n<title>\u00dcstel: Hi\u00e7bir ihmalin \u00fczeri \u00f6rt\u00fclmeyecek, sorumlular hesap verecek - Kuzeyin Sesi<\/title>\n<meta name=\"robots\" content=\"index, follow, max-snippet:-1, max-image-preview:large, max-video-preview:-1\" \/>\n<link rel=\"canonical\" href=\"https:\/\/kuzeyinsesi.org\/index.php\/2026\/08\/31\/45819\/\" \/>\n<meta property=\"og:locale\" content=\"tr_TR\" \/>\n<meta property=\"og:type\" content=\"article\" \/>\n<meta property=\"og:title\" content=\"\u00dcstel: Hi\u00e7bir ihmalin \u00fczeri \u00f6rt\u00fclmeyecek, sorumlular hesap verecek - Kuzeyin Sesi\" \/>\n<meta property=\"og:description\" content=\"Ba\u015fbakan \u00dcnal \u00dcstel, Girne a\u00e7\u0131klar\u0131nda ya\u015fanan gemi facias\u0131na ili\u015fkin y\u00fcr\u00fct\u00fclen \u00e7al\u0131\u015fmalar hakk\u0131nda kapsaml\u0131 a\u00e7\u0131klama yapt\u0131. Arama-kurtarma faaliyetlerinin havadan, denizden ve karadan 7 g\u00fcn 24 saat esas\u0131na g\u00f6re devam edece\u011fini belirten \u00dcstel, facian\u0131n t\u00fcm y\u00f6nleriyle ara\u015ft\u0131r\u0131ld\u0131\u011f\u0131n\u0131 vurgulad\u0131. \u00dcstel, \u201cKimin ihmali, kusuru veya sorumlulu\u011fu varsa ortaya \u00e7\u0131kar\u0131lacakt\u0131r\u201d dedi. Devletin t\u00fcm imkanlar\u0131n\u0131n T\u00fcrkiye Cumhuriyeti\u2019nin deste\u011fiyle ilk andan itibaren [&hellip;]\" \/>\n<meta property=\"og:url\" content=\"https:\/\/kuzeyinsesi.org\/index.php\/2026\/08\/31\/45819\/\" \/>\n<meta property=\"og:site_name\" content=\"Kuzeyin Sesi\" \/>\n<meta property=\"article:publisher\" content=\"https:\/\/www.facebook.com\/kuzeyinsesii\" \/>\n<meta property=\"article:published_time\" content=\"2026-08-31T11:04:01+00:00\" \/>\n<meta property=\"article:modified_time\" content=\"2026-08-31T11:06:04+00:00\" \/>\n<meta property=\"og:image\" content=\"https:\/\/kuzeyinsesi.org\/wp-content\/uploads\/2026\/08\/Kuzeyinsesikj-2026-08-31T135709.757.jpg\" \/>\n\t<meta property=\"og:image:width\" content=\"1600\" \/>\n\t<meta property=\"og:image:height\" content=\"900\" \/>\n\t<meta property=\"og:image:type\" content=\"image\/jpeg\" \/>\n<meta name=\"author\" content=\"Kuzeyin Sesi\" \/>\n<meta name=\"twitter:card\" content=\"summary_large_image\" \/>\n<meta name=\"twitter:creator\" content=\"@kuzeyinsesii\" \/>\n<meta name=\"twitter:site\" content=\"@kuzeyinsesii\" \/>\n<meta name=\"twitter:label1\" content=\"Yazan:\" \/>\n\t<meta name=\"twitter:data1\" content=\"Kuzeyin Sesi\" \/>\n\t<meta name=\"twitter:label2\" content=\"Tahmini okuma s\u00fcresi\" \/>\n\t<meta name=\"twitter:data2\" content=\"3 dakika\" \/>\n<script type=\"application\/ld+json\" class=\"yoast-schema-graph\">{\"@context\":\"https:\\\/\\\/schema.org\",\"@graph\":[{\"@type\":\"Article\",\"@id\":\"https:\\\/\\\/kuzeyinsesi.org\\\/index.php\\\/2026\\\/08\\\/31\\\/45819\\\/#article\",\"isPartOf\":{\"@id\":\"https:\\\/\\\/kuzeyinsesi.org\\\/index.php\\\/2026\\\/08\\\/31\\\/45819\\\/\"},\"author\":{\"name\":\"Kuzeyin Sesi\",\"@id\":\"https:\\\/\\\/kuzeyinsesi.org\\\/#\\\/schema\\\/person\\\/9f859689cdf01485597712386e37f5aa\"},\"headline\":\"\u00dcstel: Hi\u00e7bir ihmalin \u00fczeri \u00f6rt\u00fclmeyecek, sorumlular hesap verecek\",\"datePublished\":\"2026-08-31T11:04:01+00:00\",\"dateModified\":\"2026-08-31T11:06:04+00:00\",\"mainEntityOfPage\":{\"@id\":\"https:\\\/\\\/kuzeyinsesi.org\\\/index.php\\\/2026\\\/08\\\/31\\\/45819\\\/\"},\"wordCount\":653,\"commentCount\":0,\"image\":{\"@id\":\"https:\\\/\\\/kuzeyinsesi.org\\\/index.php\\\/2026\\\/08\\\/31\\\/45819\\\/#primaryimage\"},\"thumbnailUrl\":\"https:\\\/\\\/kuzeyinsesi.org\\\/wp-content\\\/uploads\\\/2026\\\/08\\\/Kuzeyinsesikj-2026-08-31T135709.757.jpg\",\"keywords\":[\"arama kurtarma\",\"F\u0130LO JET\",\"Gemi Facias\u0131\",\"Girne\",\"\u00dcnal \u00dcstel\"],\"articleSection\":[\"K\u0131br\u0131s\"],\"inLanguage\":\"tr\",\"potentialAction\":[{\"@type\":\"CommentAction\",\"name\":\"Comment\",\"target\":[\"https:\\\/\\\/kuzeyinsesi.org\\\/index.php\\\/2026\\\/08\\\/31\\\/45819\\\/#respond\"]}]},{\"@type\":\"WebPage\",\"@id\":\"https:\\\/\\\/kuzeyinsesi.org\\\/index.php\\\/2026\\\/08\\\/31\\\/45819\\\/\",\"url\":\"https:\\\/\\\/kuzeyinsesi.org\\\/index.php\\\/2026\\\/08\\\/31\\\/45819\\\/\",\"name\":\"\u00dcstel: Hi\u00e7bir ihmalin \u00fczeri \u00f6rt\u00fclmeyecek, sorumlular hesap verecek - Kuzeyin Sesi\",\"isPartOf\":{\"@id\":\"https:\\\/\\\/kuzeyinsesi.org\\\/#website\"},\"primaryImageOfPage\":{\"@id\":\"https:\\\/\\\/kuzeyinsesi.org\\\/index.php\\\/2026\\\/08\\\/31\\\/45819\\\/#primaryimage\"},\"image\":{\"@id\":\"https:\\\/\\\/kuzeyinsesi.org\\\/index.php\\\/2026\\\/08\\\/31\\\/45819\\\/#primaryimage\"},\"thumbnailUrl\":\"https:\\\/\\\/kuzeyinsesi.org\\\/wp-content\\\/uploads\\\/2026\\\/08\\\/Kuzeyinsesikj-2026-08-31T135709.757.jpg\",\"datePublished\":\"2026-08-31T11:04:01+00:00\",\"dateModified\":\"2026-08-31T11:06:04+00:00\",\"author\":{\"@id\":\"https:\\\/\\\/kuzeyinsesi.org\\\/#\\\/schema\\\/person\\\/9f859689cdf01485597712386e37f5aa\"},\"breadcrumb\":{\"@id\":\"https:\\\/\\\/kuzeyinsesi.org\\\/index.php\\\/2026\\\/08\\\/31\\\/45819\\\/#breadcrumb\"},\"inLanguage\":\"tr\",\"potentialAction\":[{\"@type\":\"ReadAction\",\"target\":[\"https:\\\/\\\/kuzeyinsesi.org\\\/index.php\\\/2026\\\/08\\\/31\\\/45819\\\/\"]}]},{\"@type\":\"ImageObject\",\"inLanguage\":\"tr\",\"@id\":\"https:\\\/\\\/kuzeyinsesi.org\\\/index.php\\\/2026\\\/08\\\/31\\\/45819\\\/#primaryimage\",\"url\":\"https:\\\/\\\/kuzeyinsesi.org\\\/wp-content\\\/uploads\\\/2026\\\/08\\\/Kuzeyinsesikj-2026-08-31T135709.757.jpg\",\"contentUrl\":\"https:\\\/\\\/kuzeyinsesi.org\\\/wp-content\\\/uploads\\\/2026\\\/08\\\/Kuzeyinsesikj-2026-08-31T135709.757.jpg\",\"width\":1600,\"height\":900},{\"@type\":\"BreadcrumbList\",\"@id\":\"https:\\\/\\\/kuzeyinsesi.org\\\/index.php\\\/2026\\\/08\\\/31\\\/45819\\\/#breadcrumb\",\"itemListElement\":[{\"@type\":\"ListItem\",\"position\":1,\"name\":\"Anasayfa\",\"item\":\"https:\\\/\\\/kuzeyinsesi.org\\\/\"},{\"@type\":\"ListItem\",\"position\":2,\"name\":\"\u00dcstel: Hi\u00e7bir ihmalin \u00fczeri \u00f6rt\u00fclmeyecek, sorumlular hesap verecek\"}]},{\"@type\":\"WebSite\",\"@id\":\"https:\\\/\\\/kuzeyinsesi.org\\\/#website\",\"url\":\"https:\\\/\\\/kuzeyinsesi.org\\\/\",\"name\":\"Kuzeyin Sesi\",\"description\":\"Do\u011fru Haberin Adresi\",\"potentialAction\":[{\"@type\":\"SearchAction\",\"target\":{\"@type\":\"EntryPoint\",\"urlTemplate\":\"https:\\\/\\\/kuzeyinsesi.org\\\/?s={search_term_string}\"},\"query-input\":{\"@type\":\"PropertyValueSpecification\",\"valueRequired\":true,\"valueName\":\"search_term_string\"}}],\"inLanguage\":\"tr\"},{\"@type\":\"Person\",\"@id\":\"https:\\\/\\\/kuzeyinsesi.org\\\/#\\\/schema\\\/person\\\/9f859689cdf01485597712386e37f5aa\",\"name\":\"Kuzeyin Sesi\",\"image\":{\"@type\":\"ImageObject\",\"inLanguage\":\"tr\",\"@id\":\"https:\\\/\\\/secure.gravatar.com\\\/avatar\\\/bab33852abfd8b282518d6ed81826833d77c3c882d9ab608add591ccace47a44?s=96&d=mm&r=g\",\"url\":\"https:\\\/\\\/secure.gravatar.com\\\/avatar\\\/bab33852abfd8b282518d6ed81826833d77c3c882d9ab608add591ccace47a44?s=96&d=mm&r=g\",\"contentUrl\":\"https:\\\/\\\/secure.gravatar.com\\\/avatar\\\/bab33852abfd8b282518d6ed81826833d77c3c882d9ab608add591ccace47a44?s=96&d=mm&r=g\",\"caption\":\"Kuzeyin Sesi\"},\"sameAs\":[\"https:\\\/\\\/kuzeyinsesi.org\"],\"url\":\"https:\\\/\\\/kuzeyinsesi.org\\\/index.php\\\/author\\\/guven\\\/\"}]}<\/script>\n<!-- \/ Yoast SEO plugin. -->","yoast_head_json":{"title":"\u00dcstel: Hi\u00e7bir ihmalin \u00fczeri \u00f6rt\u00fclmeyecek, sorumlular hesap verecek - Kuzeyin Sesi","robots":{"index":"index","follow":"follow","max-snippet":"max-snippet:-1","max-image-preview":"max-image-preview:large","max-video-preview":"max-video-preview:-1"},"canonical":"https:\/\/kuzeyinsesi.org\/index.php\/2026\/08\/31\/45819\/","og_locale":"tr_TR","og_type":"article","og_title":"\u00dcstel: Hi\u00e7bir ihmalin \u00fczeri \u00f6rt\u00fclmeyecek, sorumlular hesap verecek - Kuzeyin Sesi","og_description":"Ba\u015fbakan \u00dcnal \u00dcstel, Girne a\u00e7\u0131klar\u0131nda ya\u015fanan gemi facias\u0131na ili\u015fkin y\u00fcr\u00fct\u00fclen \u00e7al\u0131\u015fmalar hakk\u0131nda kapsaml\u0131 a\u00e7\u0131klama yapt\u0131. Arama-kurtarma faaliyetlerinin havadan, denizden ve karadan 7 g\u00fcn 24 saat esas\u0131na g\u00f6re devam edece\u011fini belirten \u00dcstel, facian\u0131n t\u00fcm y\u00f6nleriyle ara\u015ft\u0131r\u0131ld\u0131\u011f\u0131n\u0131 vurgulad\u0131. \u00dcstel, \u201cKimin ihmali, kusuru veya sorumlulu\u011fu varsa ortaya \u00e7\u0131kar\u0131lacakt\u0131r\u201d dedi. Devletin t\u00fcm imkanlar\u0131n\u0131n T\u00fcrkiye Cumhuriyeti\u2019nin deste\u011fiyle ilk andan itibaren [&hellip;]","og_url":"https:\/\/kuzeyinsesi.org\/index.php\/2026\/08\/31\/45819\/","og_site_name":"Kuzeyin Sesi","article_publisher":"https:\/\/www.facebook.com\/kuzeyinsesii","article_published_time":"2026-08-31T11:04:01+00:00","article_modified_time":"2026-08-31T11:06:04+00:00","og_image":[{"width":1600,"height":900,"url":"https:\/\/kuzeyinsesi.org\/wp-content\/uploads\/2026\/08\/Kuzeyinsesikj-2026-08-31T135709.757.jpg","type":"image\/jpeg"}],"author":"Kuzeyin Sesi","twitter_card":"summary_large_image","twitter_creator":"@kuzeyinsesii","twitter_site":"@kuzeyinsesii","twitter_misc":{"Yazan:":"Kuzeyin Sesi","Tahmini okuma s\u00fcresi":"3 dakika"},"schema":{"@context":"https:\/\/schema.org","@graph":[{"@type":"Article","@id":"https:\/\/kuzeyinsesi.org\/index.php\/2026\/08\/31\/45819\/#article","isPartOf":{"@id":"https:\/\/kuzeyinsesi.org\/index.php\/2026\/08\/31\/45819\/"},"author":{"name":"Kuzeyin Sesi","@id":"https:\/\/kuzeyinsesi.org\/#\/schema\/person\/9f859689cdf01485597712386e37f5aa"},"headline":"\u00dcstel: Hi\u00e7bir ihmalin \u00fczeri \u00f6rt\u00fclmeyecek, sorumlular hesap verecek","datePublished":"2026-08-31T11:04:01+00:00","dateModified":"2026-08-31T11:06:04+00:00","mainEntityOfPage":{"@id":"https:\/\/kuzeyinsesi.org\/index.php\/2026\/08\/31\/45819\/"},"wordCount":653,"commentCount":0,"image":{"@id":"https:\/\/kuzeyinsesi.org\/index.php\/2026\/08\/31\/45819\/#primaryimage"},"thumbnailUrl":"https:\/\/kuzeyinsesi.org\/wp-content\/uploads\/2026\/08\/Kuzeyinsesikj-2026-08-31T135709.757.jpg","keywords":["arama kurtarma","F\u0130LO JET","Gemi Facias\u0131","Girne","\u00dcnal \u00dcstel"],"articleSection":["K\u0131br\u0131s"],"inLanguage":"tr","potentialAction":[{"@type":"CommentAction","name":"Comment","target":["https:\/\/kuzeyinsesi.org\/index.php\/2026\/08\/31\/45819\/#respond"]}]},{"@type":"WebPage","@id":"https:\/\/kuzeyinsesi.org\/index.php\/2026\/08\/31\/45819\/","url":"https:\/\/kuzeyinsesi.org\/index.php\/2026\/08\/31\/45819\/","name":"\u00dcstel: Hi\u00e7bir ihmalin \u00fczeri \u00f6rt\u00fclmeyecek, sorumlular hesap verecek - Kuzeyin Sesi","isPartOf":{"@id":"https:\/\/kuzeyinsesi.org\/#website"},"primaryImageOfPage":{"@id":"https:\/\/kuzeyinsesi.org\/index.php\/2026\/08\/31\/45819\/#primaryimage"},"image":{"@id":"https:\/\/kuzeyinsesi.org\/index.php\/2026\/08\/31\/45819\/#primaryimage"},"thumbnailUrl":"https:\/\/kuzeyinsesi.org\/wp-content\/uploads\/2026\/08\/Kuzeyinsesikj-2026-08-31T135709.757.jpg","datePublished":"2026-08-31T11:04:01+00:00","dateModified":"2026-08-31T11:06:04+00:00","author":{"@id":"https:\/\/kuzeyinsesi.org\/#\/schema\/person\/9f859689cdf01485597712386e37f5aa"},"breadcrumb":{"@id":"https:\/\/kuzeyinsesi.org\/index.php\/2026\/08\/31\/45819\/#breadcrumb"},"inLanguage":"tr","potentialAction":[{"@type":"ReadAction","target":["https:\/\/kuzeyinsesi.org\/index.php\/2026\/08\/31\/45819\/"]}]},{"@type":"ImageObject","inLanguage":"tr","@id":"https:\/\/kuzeyinsesi.org\/index.php\/2026\/08\/31\/45819\/#primaryimage","url":"https:\/\/kuzeyinsesi.org\/wp-content\/uploads\/2026\/08\/Kuzeyinsesikj-2026-08-31T135709.757.jpg","contentUrl":"https:\/\/kuzeyinsesi.org\/wp-content\/uploads\/2026\/08\/Kuzeyinsesikj-2026-08-31T135709.757.jpg","width":1600,"height":900},{"@type":"BreadcrumbList","@id":"https:\/\/kuzeyinsesi.org\/index.php\/2026\/08\/31\/45819\/#breadcrumb","itemListElement":[{"@type":"ListItem","position":1,"name":"Anasayfa","item":"https:\/\/kuzeyinsesi.org\/"},{"@type":"ListItem","position":2,"name":"\u00dcstel: Hi\u00e7bir ihmalin \u00fczeri \u00f6rt\u00fclmeyecek, sorumlular hesap verecek"}]},{"@type":"WebSite","@id":"https:\/\/kuzeyinsesi.org\/#website","url":"https:\/\/kuzeyinsesi.org\/","name":"Kuzeyin Sesi","description":"Do\u011fru Haberin Adresi","potentialAction":[{"@type":"SearchAction","target":{"@type":"EntryPoint","urlTemplate":"https:\/\/kuzeyinsesi.org\/?s={search_term_string}"},"query-input":{"@type":"PropertyValueSpecification","valueRequired":true,"valueName":"search_term_string"}}],"inLanguage":"tr"},{"@type":"Person","@id":"https:\/\/kuzeyinsesi.org\/#\/schema\/person\/9f859689cdf01485597712386e37f5aa","name":"Kuzeyin Sesi","image":{"@type":"ImageObject","inLanguage":"tr","@id":"https:\/\/secure.gravatar.com\/avatar\/bab33852abfd8b282518d6ed81826833d77c3c882d9ab608add591ccace47a44?s=96&d=mm&r=g","url":"https:\/\/secure.gravatar.com\/avatar\/bab33852abfd8b282518d6ed81826833d77c3c882d9ab608add591ccace47a44?s=96&d=mm&r=g","contentUrl":"https:\/\/secure.gravatar.com\/avatar\/bab33852abfd8b282518d6ed81826833d77c3c882d9ab608add591ccace47a44?s=96&d=mm&r=g","caption":"Kuzeyin Sesi"},"sameAs":["https:\/\/kuzeyinsesi.org"],"url":"https:\/\/kuzeyinsesi.org\/index.php\/author\/guven\/"}]}},"_links":{"self":[{"href":"https:\/\/kuzeyinsesi.org\/index.php\/wp-json\/wp\/v2\/posts\/45819","targetHints":{"allow":["GET"]}}],"collection":[{"href":"https:\/\/kuzeyinsesi.org\/index.php\/wp-json\/wp\/v2\/posts"}],"about":[{"href":"https:\/\/kuzeyinsesi.org\/index.php\/wp-json\/wp\/v2\/types\/post"}],"author":[{"embeddable":true,"href":"https:\/\/kuzeyinsesi.org\/index.php\/wp-json\/wp\/v2\/users\/1"}],"replies":[{"embeddable":true,"href":"https:\/\/kuzeyinsesi.org\/index.php\/wp-json\/wp\/v2\/comments?post=45819"}],"version-history":[{"count":2,"href":"https:\/\/kuzeyinsesi.org\/index.php\/wp-json\/wp\/v2\/posts\/45819\/revisions"}],"predecessor-version":[{"id":45822,"href":"https:\/\/kuzeyinsesi.org\/index.php\/wp-json\/wp\/v2\/posts\/45819\/revisions\/45822"}],"wp:featuredmedia":[{"embeddable":true,"href":"https:\/\/kuzeyinsesi.org\/index.php\/wp-json\/wp\/v2\/media\/45820"}],"wp:attachment":[{"href":"https:\/\/kuzeyinsesi.org\/index.php\/wp-json\/wp\/v2\/media?parent=45819"}],"wp:term":[{"taxonomy":"category","embeddable":true,"href":"https:\/\/kuzeyinsesi.org\/index.php\/wp-json\/wp\/v2\/categories?post=45819"},{"taxonomy":"post_tag","embeddable":true,"href":"https:\/\/kuzeyinsesi.org\/index.php\/wp-json\/wp\/v2\/tags?post=45819"}],"curies":[{"name":"wp","href":"https:\/\/api.w.org\/{rel}","templated":true}]}}