{"id":45816,"date":"2026-08-31T13:32:55","date_gmt":"2026-08-31T10:32:55","guid":{"rendered":"https:\/\/kuzeyinsesi.org\/?p=45816"},"modified":"2026-08-31T13:32:55","modified_gmt":"2026-08-31T10:32:55","slug":"erhurman-yasananlar-idari-acidan-bir-donum-noktasi-olmak-zorunda","status":"publish","type":"post","link":"https:\/\/kuzeyinsesi.org\/index.php\/2026\/08\/31\/erhurman-yasananlar-idari-acidan-bir-donum-noktasi-olmak-zorunda\/","title":{"rendered":"Erh\u00fcrman: Ya\u015fananlar idari a\u00e7\u0131dan bir d\u00f6n\u00fcm noktas\u0131 olmak zorunda"},"content":{"rendered":"<p class=\"isSelectedEnd\">Cumhurba\u015fkan\u0131 <strong>Tufan Erh\u00fcrman<\/strong>, Girne a\u00e7\u0131klar\u0131nda meydana gelen gemi facias\u0131n\u0131n ard\u0131ndan yapt\u0131\u011f\u0131 a\u00e7\u0131klamada, olay\u0131n t\u00fcm y\u00f6nleriyle ara\u015ft\u0131r\u0131laca\u011f\u0131n\u0131 belirterek, <strong>\u201cBu kez ya\u015fananlar, idari a\u00e7\u0131dan bir d\u00f6n\u00fcm noktas\u0131 olmak zorundad\u0131r\u201d<\/strong> dedi.<\/p>\n<p class=\"isSelectedEnd\">Erh\u00fcrman, faciada hata, ihmal veya kusuru bulunanlar\u0131n ortaya \u00e7\u0131kar\u0131lmas\u0131 ve sonu\u00e7lar\u0131n kamuoyuyla payla\u015f\u0131lmas\u0131 gerekti\u011fini vurgulad\u0131.<\/p>\n<h2>\u201cBU YA\u015eANANLAR B\u0130R HAFTA SONRA UNUTULMAYACAK\u201d<\/h2>\n<p class=\"isSelectedEnd\">Kay\u0131p yak\u0131nlar\u0131n\u0131n ya\u015fad\u0131\u011f\u0131 ac\u0131ya dikkat \u00e7eken Erh\u00fcrman, <strong>\u201cAnnelerini arayan \u00e7ocuklar\u0131n, \u00e7ocuklar\u0131n\u0131 arayan annelerin feryatlar\u0131 kulaklar\u0131m\u0131zdan gitmeyecek\u201d<\/strong> ifadelerini kulland\u0131.<\/p>\n<p class=\"isSelectedEnd\">Ya\u015fananlar\u0131n k\u0131sa s\u00fcre i\u00e7erisinde g\u00fcndemden d\u00fc\u015fmesine izin verilmemesi gerekti\u011fini belirten Erh\u00fcrman, facian\u0131n \u00f6ncesi ve sonras\u0131yla eksiksiz \u015fekilde ara\u015ft\u0131r\u0131laca\u011f\u0131n\u0131 s\u00f6yledi.<\/p>\n<p class=\"isSelectedEnd\">Erh\u00fcrman, <strong>\u201c\u00d6ncesinde, sonras\u0131nda, hangi a\u015famada olursa olsun, hata, yanl\u0131\u015f, ihmal, kusur, ne varsa hepsi ortaya \u00e7\u0131kar\u0131lacak ve kamuoyuyla payla\u015f\u0131lacak\u201d<\/strong> dedi.<\/p>\n<h2>\u201cYANITSIZ BIRAKMAMAK \u0130DAREN\u0130N G\u00d6REV\u0130D\u0130R\u201d<\/h2>\n<p class=\"isSelectedEnd\">Gazeteciler ve uzmanlar taraf\u0131ndan kazaya ili\u015fkin g\u00fcndeme getirilen sorular\u0131n \u00f6nemli oldu\u011funu belirten Erh\u00fcrman, kamuoyunun do\u011fru ve zaman\u0131nda bilgilendirilmesinin idarenin sorumlulu\u011fu oldu\u011funu vurgulad\u0131.<\/p>\n<p class=\"isSelectedEnd\">Erh\u00fcrman, <strong>\u201cPek \u00e7ok gazeteci ve uzman sorular s\u0131ral\u0131yor. \u00c7ok da do\u011fru yap\u0131yor. Yan\u0131ts\u0131z b\u0131rakmamak idarenin g\u00f6revidir\u201d<\/strong> ifadelerini kulland\u0131.<\/p>\n<p class=\"isSelectedEnd\">Net bilgilere ula\u015f\u0131ld\u0131k\u00e7a kamuoyundaki sorular\u0131n m\u00fcmk\u00fcn oldu\u011funca h\u0131zl\u0131 ve do\u011fru \u015fekilde yan\u0131tlanmas\u0131 gerekti\u011fini kaydetti.<\/p>\n<h2>ARAMA-KURTARMA \u00c7ALI\u015eMALARI S\u00dcR\u00dcYOR<\/h2>\n<p class=\"isSelectedEnd\">Arama-kurtarma \u00e7al\u0131\u015fmalar\u0131n\u0131n aral\u0131ks\u0131z devam etti\u011fini belirten Erh\u00fcrman, <strong>\u201cSon ana kadar da aral\u0131ks\u0131z devam edecek\u201d<\/strong> dedi.<\/p>\n<p class=\"isSelectedEnd\">Erh\u00fcrman, halen ula\u015f\u0131lamayan ki\u015filerin ailelerine sab\u0131r dilerken, sahada g\u00f6rev yapan ekiplere de \u00e7al\u0131\u015fmalar\u0131nda kolayl\u0131klar diledi.<\/p>\n<h2>\u201cB\u0130R D\u00d6N\u00dcM NOKTASI OLMAK ZORUNDA\u201d<\/h2>\n<p class=\"isSelectedEnd\">Facian\u0131n ard\u0131ndan kamuoyunda dile getirilen \u201cKa\u00e7\u0131nc\u0131 kez?\u201d sorusuna da de\u011finen Erh\u00fcrman, <strong>\u201c\u2018Ka\u00e7\u0131nc\u0131 kez\u2019 sorusunu duyuyorum ama bu kez ya\u015fananlar, art\u0131k, idari a\u00e7\u0131dan bir d\u00f6n\u00fcm noktas\u0131 olmak zorundad\u0131r\u201d<\/strong> ifadelerini kulland\u0131.<\/p>\n<p>Erh\u00fcrman a\u00e7\u0131klamas\u0131n\u0131, <strong>\u201cAc\u0131m\u0131z s\u00f6zc\u00fcklerle anlat\u0131lamayacak kadar b\u00fcy\u00fckt\u00fcr. Yak\u0131nlar\u0131n\u0131 kaybedenlere ba\u015fsa\u011fl\u0131\u011f\u0131, hen\u00fcz ula\u015famad\u0131\u011f\u0131m\u0131z insanlar\u0131m\u0131z\u0131n ailelerine sab\u0131r, sahada cansiperane \u00e7aba g\u00f6steren g\u00f6revlilerimize kolayl\u0131klar diliyorum. Hepimizin ba\u015f\u0131 sa\u011f olsun\u201d<\/strong> s\u00f6zleriyle tamamlad\u0131.<\/p>\n","protected":false},"excerpt":{"rendered":"<p>Cumhurba\u015fkan\u0131 Tufan Erh\u00fcrman, Girne a\u00e7\u0131klar\u0131nda meydana gelen gemi facias\u0131n\u0131n ard\u0131ndan yapt\u0131\u011f\u0131 a\u00e7\u0131klamada, olay\u0131n t\u00fcm y\u00f6nleriyle ara\u015ft\u0131r\u0131laca\u011f\u0131n\u0131 belirterek, \u201cBu kez ya\u015fananlar, idari a\u00e7\u0131dan bir d\u00f6n\u00fcm noktas\u0131 olmak zorundad\u0131r\u201d dedi. Erh\u00fcrman, faciada hata, ihmal veya kusuru bulunanlar\u0131n ortaya \u00e7\u0131kar\u0131lmas\u0131 ve sonu\u00e7lar\u0131n kamuoyuyla payla\u015f\u0131lmas\u0131 gerekti\u011fini vurgulad\u0131. \u201cBU YA\u015eANANLAR B\u0130R HAFTA SONRA UNUTULMAYACAK\u201d Kay\u0131p yak\u0131nlar\u0131n\u0131n ya\u015fad\u0131\u011f\u0131 ac\u0131ya dikkat \u00e7eken [&hellip;]<\/p>\n","protected":false},"author":1,"featured_media":45817,"comment_status":"open","ping_status":"open","sticky":false,"template":"","format":"standard","meta":{"jnews-multi-image_gallery":[],"jnews_single_post":{"subtitle":"","format":"standard","override":[{"template":"1","parallax":"1","fullscreen":"1","layout":"right-sidebar","sidebar":"default-sidebar","second_sidebar":"default-sidebar","sticky_sidebar":"1","share_position":"top","share_float_style":"share-monocrhome","show_featured":"1","show_post_author":"1","show_post_author_image":"1","show_post_date":"1","post_date_format":"default","post_date_format_custom":"Y\/m\/d","show_post_category":"1","show_post_reading_time":"0","post_reading_time_wpm":"300","post_calculate_word_method":"str_word_count","show_zoom_button":"0","zoom_button_out_step":"2","zoom_button_in_step":"3","show_post_tag":"1","show_prev_next_post":"1","show_popup_post":"1","show_comment_section":"1","number_popup_post":"1","show_author_box":"0","show_post_related":"0","show_inline_post_related":"0"}],"image_override":[{"single_post_thumbnail_size":"crop-500","single_post_gallery_size":"crop-500"}],"trending_post_position":"meta","trending_post_label":"Trending","sponsored_post_label":"Sponsored by","disable_ad":"0"},"jnews_primary_category":[],"jnews_social_meta":[],"jnews_override_counter":{"view_counter_number":"0","share_counter_number":"0","like_counter_number":"0","dislike_counter_number":"0"},"footnotes":""},"categories":[1],"tags":[3331,751,7027,395,47],"class_list":["post-45816","post","type-post","status-publish","format-standard","has-post-thumbnail","hentry","category-kibris","tag-arama-kurtarma","tag-cumhurbaskanligi","tag-gemi-faciasi","tag-girne","tag-tufan-erhurman"],"yoast_head":"<!-- This site is optimized with the Yoast SEO plugin v28.3 - https:\/\/yoast.com\/product\/yoast-seo-wordpress\/ -->\n<title>Erh\u00fcrman: Ya\u015fananlar idari a\u00e7\u0131dan bir d\u00f6n\u00fcm noktas\u0131 olmak zorunda - Kuzeyin Sesi<\/title>\n<meta name=\"robots\" content=\"index, follow, max-snippet:-1, max-image-preview:large, max-video-preview:-1\" \/>\n<link rel=\"canonical\" href=\"https:\/\/kuzeyinsesi.org\/index.php\/2026\/08\/31\/erhurman-yasananlar-idari-acidan-bir-donum-noktasi-olmak-zorunda\/\" \/>\n<meta property=\"og:locale\" content=\"tr_TR\" \/>\n<meta property=\"og:type\" content=\"article\" \/>\n<meta property=\"og:title\" content=\"Erh\u00fcrman: Ya\u015fananlar idari a\u00e7\u0131dan bir d\u00f6n\u00fcm noktas\u0131 olmak zorunda - Kuzeyin Sesi\" \/>\n<meta property=\"og:description\" content=\"Cumhurba\u015fkan\u0131 Tufan Erh\u00fcrman, Girne a\u00e7\u0131klar\u0131nda meydana gelen gemi facias\u0131n\u0131n ard\u0131ndan yapt\u0131\u011f\u0131 a\u00e7\u0131klamada, olay\u0131n t\u00fcm y\u00f6nleriyle ara\u015ft\u0131r\u0131laca\u011f\u0131n\u0131 belirterek, \u201cBu kez ya\u015fananlar, idari a\u00e7\u0131dan bir d\u00f6n\u00fcm noktas\u0131 olmak zorundad\u0131r\u201d dedi. Erh\u00fcrman, faciada hata, ihmal veya kusuru bulunanlar\u0131n ortaya \u00e7\u0131kar\u0131lmas\u0131 ve sonu\u00e7lar\u0131n kamuoyuyla payla\u015f\u0131lmas\u0131 gerekti\u011fini vurgulad\u0131. \u201cBU YA\u015eANANLAR B\u0130R HAFTA SONRA UNUTULMAYACAK\u201d Kay\u0131p yak\u0131nlar\u0131n\u0131n ya\u015fad\u0131\u011f\u0131 ac\u0131ya dikkat \u00e7eken [&hellip;]\" \/>\n<meta property=\"og:url\" content=\"https:\/\/kuzeyinsesi.org\/index.php\/2026\/08\/31\/erhurman-yasananlar-idari-acidan-bir-donum-noktasi-olmak-zorunda\/\" \/>\n<meta property=\"og:site_name\" content=\"Kuzeyin Sesi\" \/>\n<meta property=\"article:publisher\" content=\"https:\/\/www.facebook.com\/kuzeyinsesii\" \/>\n<meta property=\"article:published_time\" content=\"2026-08-31T10:32:55+00:00\" \/>\n<meta property=\"og:image\" content=\"https:\/\/kuzeyinsesi.org\/wp-content\/uploads\/2026\/08\/Kuzeyinsesikj-2026-08-31T132326.414.jpg\" \/>\n\t<meta property=\"og:image:width\" content=\"1600\" \/>\n\t<meta property=\"og:image:height\" content=\"900\" \/>\n\t<meta property=\"og:image:type\" content=\"image\/jpeg\" \/>\n<meta name=\"author\" content=\"Kuzeyin Sesi\" \/>\n<meta name=\"twitter:card\" content=\"summary_large_image\" \/>\n<meta name=\"twitter:creator\" content=\"@kuzeyinsesii\" \/>\n<meta name=\"twitter:site\" content=\"@kuzeyinsesii\" \/>\n<meta name=\"twitter:label1\" content=\"Yazan:\" \/>\n\t<meta name=\"twitter:data1\" content=\"Kuzeyin Sesi\" \/>\n\t<meta name=\"twitter:label2\" content=\"Tahmini okuma s\u00fcresi\" \/>\n\t<meta name=\"twitter:data2\" content=\"2 dakika\" \/>\n<script type=\"application\/ld+json\" class=\"yoast-schema-graph\">{\"@context\":\"https:\\\/\\\/schema.org\",\"@graph\":[{\"@type\":\"Article\",\"@id\":\"https:\\\/\\\/kuzeyinsesi.org\\\/index.php\\\/2026\\\/08\\\/31\\\/erhurman-yasananlar-idari-acidan-bir-donum-noktasi-olmak-zorunda\\\/#article\",\"isPartOf\":{\"@id\":\"https:\\\/\\\/kuzeyinsesi.org\\\/index.php\\\/2026\\\/08\\\/31\\\/erhurman-yasananlar-idari-acidan-bir-donum-noktasi-olmak-zorunda\\\/\"},\"author\":{\"name\":\"Kuzeyin Sesi\",\"@id\":\"https:\\\/\\\/kuzeyinsesi.org\\\/#\\\/schema\\\/person\\\/9f859689cdf01485597712386e37f5aa\"},\"headline\":\"Erh\u00fcrman: Ya\u015fananlar idari a\u00e7\u0131dan bir d\u00f6n\u00fcm noktas\u0131 olmak zorunda\",\"datePublished\":\"2026-08-31T10:32:55+00:00\",\"mainEntityOfPage\":{\"@id\":\"https:\\\/\\\/kuzeyinsesi.org\\\/index.php\\\/2026\\\/08\\\/31\\\/erhurman-yasananlar-idari-acidan-bir-donum-noktasi-olmak-zorunda\\\/\"},\"wordCount\":430,\"commentCount\":0,\"image\":{\"@id\":\"https:\\\/\\\/kuzeyinsesi.org\\\/index.php\\\/2026\\\/08\\\/31\\\/erhurman-yasananlar-idari-acidan-bir-donum-noktasi-olmak-zorunda\\\/#primaryimage\"},\"thumbnailUrl\":\"https:\\\/\\\/kuzeyinsesi.org\\\/wp-content\\\/uploads\\\/2026\\\/08\\\/Kuzeyinsesikj-2026-08-31T132326.414.jpg\",\"keywords\":[\"arama kurtarma\",\"Cumhurba\u015fkanl\u0131\u011f\u0131\",\"Gemi Facias\u0131\",\"Girne\",\"Tufan Erh\u00fcrman\"],\"articleSection\":[\"K\u0131br\u0131s\"],\"inLanguage\":\"tr\",\"potentialAction\":[{\"@type\":\"CommentAction\",\"name\":\"Comment\",\"target\":[\"https:\\\/\\\/kuzeyinsesi.org\\\/index.php\\\/2026\\\/08\\\/31\\\/erhurman-yasananlar-idari-acidan-bir-donum-noktasi-olmak-zorunda\\\/#respond\"]}]},{\"@type\":\"WebPage\",\"@id\":\"https:\\\/\\\/kuzeyinsesi.org\\\/index.php\\\/2026\\\/08\\\/31\\\/erhurman-yasananlar-idari-acidan-bir-donum-noktasi-olmak-zorunda\\\/\",\"url\":\"https:\\\/\\\/kuzeyinsesi.org\\\/index.php\\\/2026\\\/08\\\/31\\\/erhurman-yasananlar-idari-acidan-bir-donum-noktasi-olmak-zorunda\\\/\",\"name\":\"Erh\u00fcrman: Ya\u015fananlar idari a\u00e7\u0131dan bir d\u00f6n\u00fcm noktas\u0131 olmak zorunda - Kuzeyin Sesi\",\"isPartOf\":{\"@id\":\"https:\\\/\\\/kuzeyinsesi.org\\\/#website\"},\"primaryImageOfPage\":{\"@id\":\"https:\\\/\\\/kuzeyinsesi.org\\\/index.php\\\/2026\\\/08\\\/31\\\/erhurman-yasananlar-idari-acidan-bir-donum-noktasi-olmak-zorunda\\\/#primaryimage\"},\"image\":{\"@id\":\"https:\\\/\\\/kuzeyinsesi.org\\\/index.php\\\/2026\\\/08\\\/31\\\/erhurman-yasananlar-idari-acidan-bir-donum-noktasi-olmak-zorunda\\\/#primaryimage\"},\"thumbnailUrl\":\"https:\\\/\\\/kuzeyinsesi.org\\\/wp-content\\\/uploads\\\/2026\\\/08\\\/Kuzeyinsesikj-2026-08-31T132326.414.jpg\",\"datePublished\":\"2026-08-31T10:32:55+00:00\",\"author\":{\"@id\":\"https:\\\/\\\/kuzeyinsesi.org\\\/#\\\/schema\\\/person\\\/9f859689cdf01485597712386e37f5aa\"},\"breadcrumb\":{\"@id\":\"https:\\\/\\\/kuzeyinsesi.org\\\/index.php\\\/2026\\\/08\\\/31\\\/erhurman-yasananlar-idari-acidan-bir-donum-noktasi-olmak-zorunda\\\/#breadcrumb\"},\"inLanguage\":\"tr\",\"potentialAction\":[{\"@type\":\"ReadAction\",\"target\":[\"https:\\\/\\\/kuzeyinsesi.org\\\/index.php\\\/2026\\\/08\\\/31\\\/erhurman-yasananlar-idari-acidan-bir-donum-noktasi-olmak-zorunda\\\/\"]}]},{\"@type\":\"ImageObject\",\"inLanguage\":\"tr\",\"@id\":\"https:\\\/\\\/kuzeyinsesi.org\\\/index.php\\\/2026\\\/08\\\/31\\\/erhurman-yasananlar-idari-acidan-bir-donum-noktasi-olmak-zorunda\\\/#primaryimage\",\"url\":\"https:\\\/\\\/kuzeyinsesi.org\\\/wp-content\\\/uploads\\\/2026\\\/08\\\/Kuzeyinsesikj-2026-08-31T132326.414.jpg\",\"contentUrl\":\"https:\\\/\\\/kuzeyinsesi.org\\\/wp-content\\\/uploads\\\/2026\\\/08\\\/Kuzeyinsesikj-2026-08-31T132326.414.jpg\",\"width\":1600,\"height\":900},{\"@type\":\"BreadcrumbList\",\"@id\":\"https:\\\/\\\/kuzeyinsesi.org\\\/index.php\\\/2026\\\/08\\\/31\\\/erhurman-yasananlar-idari-acidan-bir-donum-noktasi-olmak-zorunda\\\/#breadcrumb\",\"itemListElement\":[{\"@type\":\"ListItem\",\"position\":1,\"name\":\"Anasayfa\",\"item\":\"https:\\\/\\\/kuzeyinsesi.org\\\/\"},{\"@type\":\"ListItem\",\"position\":2,\"name\":\"Erh\u00fcrman: Ya\u015fananlar idari a\u00e7\u0131dan bir d\u00f6n\u00fcm noktas\u0131 olmak zorunda\"}]},{\"@type\":\"WebSite\",\"@id\":\"https:\\\/\\\/kuzeyinsesi.org\\\/#website\",\"url\":\"https:\\\/\\\/kuzeyinsesi.org\\\/\",\"name\":\"Kuzeyin Sesi\",\"description\":\"Do\u011fru Haberin Adresi\",\"potentialAction\":[{\"@type\":\"SearchAction\",\"target\":{\"@type\":\"EntryPoint\",\"urlTemplate\":\"https:\\\/\\\/kuzeyinsesi.org\\\/?s={search_term_string}\"},\"query-input\":{\"@type\":\"PropertyValueSpecification\",\"valueRequired\":true,\"valueName\":\"search_term_string\"}}],\"inLanguage\":\"tr\"},{\"@type\":\"Person\",\"@id\":\"https:\\\/\\\/kuzeyinsesi.org\\\/#\\\/schema\\\/person\\\/9f859689cdf01485597712386e37f5aa\",\"name\":\"Kuzeyin Sesi\",\"image\":{\"@type\":\"ImageObject\",\"inLanguage\":\"tr\",\"@id\":\"https:\\\/\\\/secure.gravatar.com\\\/avatar\\\/bab33852abfd8b282518d6ed81826833d77c3c882d9ab608add591ccace47a44?s=96&d=mm&r=g\",\"url\":\"https:\\\/\\\/secure.gravatar.com\\\/avatar\\\/bab33852abfd8b282518d6ed81826833d77c3c882d9ab608add591ccace47a44?s=96&d=mm&r=g\",\"contentUrl\":\"https:\\\/\\\/secure.gravatar.com\\\/avatar\\\/bab33852abfd8b282518d6ed81826833d77c3c882d9ab608add591ccace47a44?s=96&d=mm&r=g\",\"caption\":\"Kuzeyin Sesi\"},\"sameAs\":[\"https:\\\/\\\/kuzeyinsesi.org\"],\"url\":\"https:\\\/\\\/kuzeyinsesi.org\\\/index.php\\\/author\\\/guven\\\/\"}]}<\/script>\n<!-- \/ Yoast SEO plugin. -->","yoast_head_json":{"title":"Erh\u00fcrman: Ya\u015fananlar idari a\u00e7\u0131dan bir d\u00f6n\u00fcm noktas\u0131 olmak zorunda - Kuzeyin Sesi","robots":{"index":"index","follow":"follow","max-snippet":"max-snippet:-1","max-image-preview":"max-image-preview:large","max-video-preview":"max-video-preview:-1"},"canonical":"https:\/\/kuzeyinsesi.org\/index.php\/2026\/08\/31\/erhurman-yasananlar-idari-acidan-bir-donum-noktasi-olmak-zorunda\/","og_locale":"tr_TR","og_type":"article","og_title":"Erh\u00fcrman: Ya\u015fananlar idari a\u00e7\u0131dan bir d\u00f6n\u00fcm noktas\u0131 olmak zorunda - Kuzeyin Sesi","og_description":"Cumhurba\u015fkan\u0131 Tufan Erh\u00fcrman, Girne a\u00e7\u0131klar\u0131nda meydana gelen gemi facias\u0131n\u0131n ard\u0131ndan yapt\u0131\u011f\u0131 a\u00e7\u0131klamada, olay\u0131n t\u00fcm y\u00f6nleriyle ara\u015ft\u0131r\u0131laca\u011f\u0131n\u0131 belirterek, \u201cBu kez ya\u015fananlar, idari a\u00e7\u0131dan bir d\u00f6n\u00fcm noktas\u0131 olmak zorundad\u0131r\u201d dedi. Erh\u00fcrman, faciada hata, ihmal veya kusuru bulunanlar\u0131n ortaya \u00e7\u0131kar\u0131lmas\u0131 ve sonu\u00e7lar\u0131n kamuoyuyla payla\u015f\u0131lmas\u0131 gerekti\u011fini vurgulad\u0131. \u201cBU YA\u015eANANLAR B\u0130R HAFTA SONRA UNUTULMAYACAK\u201d Kay\u0131p yak\u0131nlar\u0131n\u0131n ya\u015fad\u0131\u011f\u0131 ac\u0131ya dikkat \u00e7eken [&hellip;]","og_url":"https:\/\/kuzeyinsesi.org\/index.php\/2026\/08\/31\/erhurman-yasananlar-idari-acidan-bir-donum-noktasi-olmak-zorunda\/","og_site_name":"Kuzeyin Sesi","article_publisher":"https:\/\/www.facebook.com\/kuzeyinsesii","article_published_time":"2026-08-31T10:32:55+00:00","og_image":[{"width":1600,"height":900,"url":"https:\/\/kuzeyinsesi.org\/wp-content\/uploads\/2026\/08\/Kuzeyinsesikj-2026-08-31T132326.414.jpg","type":"image\/jpeg"}],"author":"Kuzeyin Sesi","twitter_card":"summary_large_image","twitter_creator":"@kuzeyinsesii","twitter_site":"@kuzeyinsesii","twitter_misc":{"Yazan:":"Kuzeyin Sesi","Tahmini okuma s\u00fcresi":"2 dakika"},"schema":{"@context":"https:\/\/schema.org","@graph":[{"@type":"Article","@id":"https:\/\/kuzeyinsesi.org\/index.php\/2026\/08\/31\/erhurman-yasananlar-idari-acidan-bir-donum-noktasi-olmak-zorunda\/#article","isPartOf":{"@id":"https:\/\/kuzeyinsesi.org\/index.php\/2026\/08\/31\/erhurman-yasananlar-idari-acidan-bir-donum-noktasi-olmak-zorunda\/"},"author":{"name":"Kuzeyin Sesi","@id":"https:\/\/kuzeyinsesi.org\/#\/schema\/person\/9f859689cdf01485597712386e37f5aa"},"headline":"Erh\u00fcrman: Ya\u015fananlar idari a\u00e7\u0131dan bir d\u00f6n\u00fcm noktas\u0131 olmak zorunda","datePublished":"2026-08-31T10:32:55+00:00","mainEntityOfPage":{"@id":"https:\/\/kuzeyinsesi.org\/index.php\/2026\/08\/31\/erhurman-yasananlar-idari-acidan-bir-donum-noktasi-olmak-zorunda\/"},"wordCount":430,"commentCount":0,"image":{"@id":"https:\/\/kuzeyinsesi.org\/index.php\/2026\/08\/31\/erhurman-yasananlar-idari-acidan-bir-donum-noktasi-olmak-zorunda\/#primaryimage"},"thumbnailUrl":"https:\/\/kuzeyinsesi.org\/wp-content\/uploads\/2026\/08\/Kuzeyinsesikj-2026-08-31T132326.414.jpg","keywords":["arama kurtarma","Cumhurba\u015fkanl\u0131\u011f\u0131","Gemi Facias\u0131","Girne","Tufan Erh\u00fcrman"],"articleSection":["K\u0131br\u0131s"],"inLanguage":"tr","potentialAction":[{"@type":"CommentAction","name":"Comment","target":["https:\/\/kuzeyinsesi.org\/index.php\/2026\/08\/31\/erhurman-yasananlar-idari-acidan-bir-donum-noktasi-olmak-zorunda\/#respond"]}]},{"@type":"WebPage","@id":"https:\/\/kuzeyinsesi.org\/index.php\/2026\/08\/31\/erhurman-yasananlar-idari-acidan-bir-donum-noktasi-olmak-zorunda\/","url":"https:\/\/kuzeyinsesi.org\/index.php\/2026\/08\/31\/erhurman-yasananlar-idari-acidan-bir-donum-noktasi-olmak-zorunda\/","name":"Erh\u00fcrman: Ya\u015fananlar idari a\u00e7\u0131dan bir d\u00f6n\u00fcm noktas\u0131 olmak zorunda - Kuzeyin Sesi","isPartOf":{"@id":"https:\/\/kuzeyinsesi.org\/#website"},"primaryImageOfPage":{"@id":"https:\/\/kuzeyinsesi.org\/index.php\/2026\/08\/31\/erhurman-yasananlar-idari-acidan-bir-donum-noktasi-olmak-zorunda\/#primaryimage"},"image":{"@id":"https:\/\/kuzeyinsesi.org\/index.php\/2026\/08\/31\/erhurman-yasananlar-idari-acidan-bir-donum-noktasi-olmak-zorunda\/#primaryimage"},"thumbnailUrl":"https:\/\/kuzeyinsesi.org\/wp-content\/uploads\/2026\/08\/Kuzeyinsesikj-2026-08-31T132326.414.jpg","datePublished":"2026-08-31T10:32:55+00:00","author":{"@id":"https:\/\/kuzeyinsesi.org\/#\/schema\/person\/9f859689cdf01485597712386e37f5aa"},"breadcrumb":{"@id":"https:\/\/kuzeyinsesi.org\/index.php\/2026\/08\/31\/erhurman-yasananlar-idari-acidan-bir-donum-noktasi-olmak-zorunda\/#breadcrumb"},"inLanguage":"tr","potentialAction":[{"@type":"ReadAction","target":["https:\/\/kuzeyinsesi.org\/index.php\/2026\/08\/31\/erhurman-yasananlar-idari-acidan-bir-donum-noktasi-olmak-zorunda\/"]}]},{"@type":"ImageObject","inLanguage":"tr","@id":"https:\/\/kuzeyinsesi.org\/index.php\/2026\/08\/31\/erhurman-yasananlar-idari-acidan-bir-donum-noktasi-olmak-zorunda\/#primaryimage","url":"https:\/\/kuzeyinsesi.org\/wp-content\/uploads\/2026\/08\/Kuzeyinsesikj-2026-08-31T132326.414.jpg","contentUrl":"https:\/\/kuzeyinsesi.org\/wp-content\/uploads\/2026\/08\/Kuzeyinsesikj-2026-08-31T132326.414.jpg","width":1600,"height":900},{"@type":"BreadcrumbList","@id":"https:\/\/kuzeyinsesi.org\/index.php\/2026\/08\/31\/erhurman-yasananlar-idari-acidan-bir-donum-noktasi-olmak-zorunda\/#breadcrumb","itemListElement":[{"@type":"ListItem","position":1,"name":"Anasayfa","item":"https:\/\/kuzeyinsesi.org\/"},{"@type":"ListItem","position":2,"name":"Erh\u00fcrman: Ya\u015fananlar idari a\u00e7\u0131dan bir d\u00f6n\u00fcm noktas\u0131 olmak zorunda"}]},{"@type":"WebSite","@id":"https:\/\/kuzeyinsesi.org\/#website","url":"https:\/\/kuzeyinsesi.org\/","name":"Kuzeyin Sesi","description":"Do\u011fru Haberin Adresi","potentialAction":[{"@type":"SearchAction","target":{"@type":"EntryPoint","urlTemplate":"https:\/\/kuzeyinsesi.org\/?s={search_term_string}"},"query-input":{"@type":"PropertyValueSpecification","valueRequired":true,"valueName":"search_term_string"}}],"inLanguage":"tr"},{"@type":"Person","@id":"https:\/\/kuzeyinsesi.org\/#\/schema\/person\/9f859689cdf01485597712386e37f5aa","name":"Kuzeyin Sesi","image":{"@type":"ImageObject","inLanguage":"tr","@id":"https:\/\/secure.gravatar.com\/avatar\/bab33852abfd8b282518d6ed81826833d77c3c882d9ab608add591ccace47a44?s=96&d=mm&r=g","url":"https:\/\/secure.gravatar.com\/avatar\/bab33852abfd8b282518d6ed81826833d77c3c882d9ab608add591ccace47a44?s=96&d=mm&r=g","contentUrl":"https:\/\/secure.gravatar.com\/avatar\/bab33852abfd8b282518d6ed81826833d77c3c882d9ab608add591ccace47a44?s=96&d=mm&r=g","caption":"Kuzeyin Sesi"},"sameAs":["https:\/\/kuzeyinsesi.org"],"url":"https:\/\/kuzeyinsesi.org\/index.php\/author\/guven\/"}]}},"_links":{"self":[{"href":"https:\/\/kuzeyinsesi.org\/index.php\/wp-json\/wp\/v2\/posts\/45816","targetHints":{"allow":["GET"]}}],"collection":[{"href":"https:\/\/kuzeyinsesi.org\/index.php\/wp-json\/wp\/v2\/posts"}],"about":[{"href":"https:\/\/kuzeyinsesi.org\/index.php\/wp-json\/wp\/v2\/types\/post"}],"author":[{"embeddable":true,"href":"https:\/\/kuzeyinsesi.org\/index.php\/wp-json\/wp\/v2\/users\/1"}],"replies":[{"embeddable":true,"href":"https:\/\/kuzeyinsesi.org\/index.php\/wp-json\/wp\/v2\/comments?post=45816"}],"version-history":[{"count":1,"href":"https:\/\/kuzeyinsesi.org\/index.php\/wp-json\/wp\/v2\/posts\/45816\/revisions"}],"predecessor-version":[{"id":45818,"href":"https:\/\/kuzeyinsesi.org\/index.php\/wp-json\/wp\/v2\/posts\/45816\/revisions\/45818"}],"wp:featuredmedia":[{"embeddable":true,"href":"https:\/\/kuzeyinsesi.org\/index.php\/wp-json\/wp\/v2\/media\/45817"}],"wp:attachment":[{"href":"https:\/\/kuzeyinsesi.org\/index.php\/wp-json\/wp\/v2\/media?parent=45816"}],"wp:term":[{"taxonomy":"category","embeddable":true,"href":"https:\/\/kuzeyinsesi.org\/index.php\/wp-json\/wp\/v2\/categories?post=45816"},{"taxonomy":"post_tag","embeddable":true,"href":"https:\/\/kuzeyinsesi.org\/index.php\/wp-json\/wp\/v2\/tags?post=45816"}],"curies":[{"name":"wp","href":"https:\/\/api.w.org\/{rel}","templated":true}]}}