{"id":45808,"date":"2026-08-31T11:30:50","date_gmt":"2026-08-31T08:30:50","guid":{"rendered":"https:\/\/kuzeyinsesi.org\/?p=45808"},"modified":"2026-08-31T11:30:50","modified_gmt":"2026-08-31T08:30:50","slug":"ozturkler-gemi-kazasiyla-ilgili-tum-iddialar-arastirilacak","status":"publish","type":"post","link":"https:\/\/kuzeyinsesi.org\/index.php\/2026\/08\/31\/ozturkler-gemi-kazasiyla-ilgili-tum-iddialar-arastirilacak\/","title":{"rendered":"\u00d6zt\u00fcrkler: Gemi kazas\u0131yla ilgili t\u00fcm iddialar ara\u015ft\u0131r\u0131lacak"},"content":{"rendered":"<p data-start=\"88\" data-end=\"406\">Cumhuriyet Meclisi Ba\u015fkan\u0131 <strong data-start=\"115\" data-end=\"133\">Ziya \u00d6zt\u00fcrkler<\/strong>, Girne a\u00e7\u0131klar\u0131nda ya\u015fanan gemi kazas\u0131na ili\u015fkin ortaya at\u0131lan t\u00fcm iddialar\u0131n ara\u015ft\u0131r\u0131laca\u011f\u0131n\u0131 belirterek, herhangi bir sorumsuzluk tespit edilmesi halinde gere\u011finin yap\u0131laca\u011f\u0131n\u0131 s\u00f6yledi. \u00d6zt\u00fcrkler, s\u00fcrecin Meclis\u2019te de ele al\u0131naca\u011f\u0131n\u0131 ve takip\u00e7isi olacaklar\u0131n\u0131 vurgulad\u0131.<\/p>\n<h2 data-section-id=\"biv5co\" data-start=\"408\" data-end=\"438\">KONU MECL\u0130S\u2019TE ELE ALINACAK<\/h2>\n<p data-start=\"440\" data-end=\"585\">BRTK canl\u0131 yay\u0131n\u0131na kat\u0131lan \u00d6zt\u00fcrkler, gemi kazas\u0131n\u0131n ard\u0131ndan y\u00fcr\u00fct\u00fclen s\u00fcrecin do\u011fru ve sa\u011fl\u0131kl\u0131 \u015fekilde ilerletilmesinin \u00f6nemine dikkat \u00e7ekti.<\/p>\n<p data-start=\"587\" data-end=\"746\">Kazaya ili\u015fkin g\u00fcndeme gelen iddialar\u0131n ara\u015ft\u0131r\u0131laca\u011f\u0131n\u0131 ifade eden \u00d6zt\u00fcrkler, <strong data-start=\"666\" data-end=\"732\">\u201cSorumsuzluk varsa gere\u011fi yap\u0131lacak, bunun takip\u00e7isi olaca\u011f\u0131z\u201d<\/strong> mesaj\u0131 verdi.<\/p>\n<h2 data-section-id=\"e18862\" data-start=\"748\" data-end=\"786\">\u201cS\u00dcRE\u00c7 DO\u011eRU \u015eEK\u0130LDE \u0130LERLET\u0130LMEL\u0130\u201d<\/h2>\n<p data-start=\"788\" data-end=\"936\">Ya\u015fanan krizin do\u011fru \u015fekilde y\u00f6netilmesi ve sonu\u00e7land\u0131r\u0131lmas\u0131 gerekti\u011fini belirten \u00d6zt\u00fcrkler, olay\u0131n t\u00fcm y\u00f6nleriyle irdelenmesi gerekti\u011fini s\u00f6yledi.<\/p>\n<p data-start=\"938\" data-end=\"1073\">\u00d6zt\u00fcrkler, konunun <strong data-start=\"957\" data-end=\"1001\">Cumhuriyet Meclisi\u2019nde de g\u00f6r\u00fc\u015f\u00fclece\u011fini<\/strong> belirterek, kazaya ili\u015fkin s\u00fcrecin yak\u0131ndan takip edilece\u011fini kaydetti.<\/p>\n<p data-start=\"1075\" data-end=\"1215\">Cumhuriyet Meclisi Ba\u015fkan\u0131 \u00d6zt\u00fcrkler ayr\u0131ca hayat\u0131n\u0131 kaybedenler i\u00e7in ba\u015fsa\u011fl\u0131\u011f\u0131, kazadan etkilenenlere ise ge\u00e7mi\u015f olsun dileklerini iletti.<\/p>\n","protected":false},"excerpt":{"rendered":"<p>Cumhuriyet Meclisi Ba\u015fkan\u0131 Ziya \u00d6zt\u00fcrkler, Girne a\u00e7\u0131klar\u0131nda ya\u015fanan gemi kazas\u0131na ili\u015fkin ortaya at\u0131lan t\u00fcm iddialar\u0131n ara\u015ft\u0131r\u0131laca\u011f\u0131n\u0131 belirterek, herhangi bir sorumsuzluk tespit edilmesi halinde gere\u011finin yap\u0131laca\u011f\u0131n\u0131 s\u00f6yledi. \u00d6zt\u00fcrkler, s\u00fcrecin Meclis\u2019te de ele al\u0131naca\u011f\u0131n\u0131 ve takip\u00e7isi olacaklar\u0131n\u0131 vurgulad\u0131. KONU MECL\u0130S\u2019TE ELE ALINACAK BRTK canl\u0131 yay\u0131n\u0131na kat\u0131lan \u00d6zt\u00fcrkler, gemi kazas\u0131n\u0131n ard\u0131ndan y\u00fcr\u00fct\u00fclen s\u00fcrecin do\u011fru ve sa\u011fl\u0131kl\u0131 \u015fekilde ilerletilmesinin [&hellip;]<\/p>\n","protected":false},"author":1,"featured_media":45809,"comment_status":"open","ping_status":"open","sticky":false,"template":"","format":"standard","meta":{"jnews-multi-image_gallery":[],"jnews_single_post":{"subtitle":"","format":"standard","override":[{"template":"1","parallax":"1","fullscreen":"1","layout":"right-sidebar","sidebar":"default-sidebar","second_sidebar":"default-sidebar","sticky_sidebar":"1","share_position":"top","share_float_style":"share-monocrhome","show_featured":"1","show_post_author":"1","show_post_author_image":"1","show_post_date":"1","post_date_format":"default","post_date_format_custom":"Y\/m\/d","show_post_category":"1","show_post_reading_time":"0","post_reading_time_wpm":"300","post_calculate_word_method":"str_word_count","show_zoom_button":"0","zoom_button_out_step":"2","zoom_button_in_step":"3","show_post_tag":"1","show_prev_next_post":"1","show_popup_post":"1","show_comment_section":"1","number_popup_post":"1","show_author_box":"0","show_post_related":"0","show_inline_post_related":"0"}],"image_override":[{"single_post_thumbnail_size":"crop-500","single_post_gallery_size":"crop-500"}],"trending_post_position":"meta","trending_post_label":"Trending","sponsored_post_label":"Sponsored by","disable_ad":"0"},"jnews_primary_category":[],"jnews_social_meta":[],"jnews_override_counter":{"view_counter_number":"0","share_counter_number":"0","like_counter_number":"0","dislike_counter_number":"0"},"footnotes":""},"categories":[1],"tags":[2072,7029,395,202,2074],"class_list":["post-45808","post","type-post","status-publish","format-standard","has-post-thumbnail","hentry","category-kibris","tag-cumhuriyet-meclisi","tag-gemi-kazasi","tag-girne","tag-kktc","tag-ziya-ozturkler"],"yoast_head":"<!-- This site is optimized with the Yoast SEO plugin v28.3 - https:\/\/yoast.com\/product\/yoast-seo-wordpress\/ -->\n<title>\u00d6zt\u00fcrkler: Gemi kazas\u0131yla ilgili t\u00fcm iddialar ara\u015ft\u0131r\u0131lacak - Kuzeyin Sesi<\/title>\n<meta name=\"robots\" content=\"index, follow, max-snippet:-1, max-image-preview:large, max-video-preview:-1\" \/>\n<link rel=\"canonical\" href=\"https:\/\/kuzeyinsesi.org\/index.php\/2026\/08\/31\/ozturkler-gemi-kazasiyla-ilgili-tum-iddialar-arastirilacak\/\" \/>\n<meta property=\"og:locale\" content=\"tr_TR\" \/>\n<meta property=\"og:type\" content=\"article\" \/>\n<meta property=\"og:title\" content=\"\u00d6zt\u00fcrkler: Gemi kazas\u0131yla ilgili t\u00fcm iddialar ara\u015ft\u0131r\u0131lacak - Kuzeyin Sesi\" \/>\n<meta property=\"og:description\" content=\"Cumhuriyet Meclisi Ba\u015fkan\u0131 Ziya \u00d6zt\u00fcrkler, Girne a\u00e7\u0131klar\u0131nda ya\u015fanan gemi kazas\u0131na ili\u015fkin ortaya at\u0131lan t\u00fcm iddialar\u0131n ara\u015ft\u0131r\u0131laca\u011f\u0131n\u0131 belirterek, herhangi bir sorumsuzluk tespit edilmesi halinde gere\u011finin yap\u0131laca\u011f\u0131n\u0131 s\u00f6yledi. \u00d6zt\u00fcrkler, s\u00fcrecin Meclis\u2019te de ele al\u0131naca\u011f\u0131n\u0131 ve takip\u00e7isi olacaklar\u0131n\u0131 vurgulad\u0131. KONU MECL\u0130S\u2019TE ELE ALINACAK BRTK canl\u0131 yay\u0131n\u0131na kat\u0131lan \u00d6zt\u00fcrkler, gemi kazas\u0131n\u0131n ard\u0131ndan y\u00fcr\u00fct\u00fclen s\u00fcrecin do\u011fru ve sa\u011fl\u0131kl\u0131 \u015fekilde ilerletilmesinin [&hellip;]\" \/>\n<meta property=\"og:url\" content=\"https:\/\/kuzeyinsesi.org\/index.php\/2026\/08\/31\/ozturkler-gemi-kazasiyla-ilgili-tum-iddialar-arastirilacak\/\" \/>\n<meta property=\"og:site_name\" content=\"Kuzeyin Sesi\" \/>\n<meta property=\"article:publisher\" content=\"https:\/\/www.facebook.com\/kuzeyinsesii\" \/>\n<meta property=\"article:published_time\" content=\"2026-08-31T08:30:50+00:00\" \/>\n<meta property=\"og:image\" content=\"https:\/\/kuzeyinsesi.org\/wp-content\/uploads\/2026\/08\/Kuzeyinsesikj-2026-08-31T110916.202.jpg\" \/>\n\t<meta property=\"og:image:width\" content=\"1600\" \/>\n\t<meta property=\"og:image:height\" content=\"900\" \/>\n\t<meta property=\"og:image:type\" content=\"image\/jpeg\" \/>\n<meta name=\"author\" content=\"Kuzeyin Sesi\" \/>\n<meta name=\"twitter:card\" content=\"summary_large_image\" \/>\n<meta name=\"twitter:creator\" content=\"@kuzeyinsesii\" \/>\n<meta name=\"twitter:site\" content=\"@kuzeyinsesii\" \/>\n<meta name=\"twitter:label1\" content=\"Yazan:\" \/>\n\t<meta name=\"twitter:data1\" content=\"Kuzeyin Sesi\" \/>\n\t<meta name=\"twitter:label2\" content=\"Tahmini okuma s\u00fcresi\" \/>\n\t<meta name=\"twitter:data2\" content=\"1 dakika\" \/>\n<script type=\"application\/ld+json\" class=\"yoast-schema-graph\">{\"@context\":\"https:\\\/\\\/schema.org\",\"@graph\":[{\"@type\":\"Article\",\"@id\":\"https:\\\/\\\/kuzeyinsesi.org\\\/index.php\\\/2026\\\/08\\\/31\\\/ozturkler-gemi-kazasiyla-ilgili-tum-iddialar-arastirilacak\\\/#article\",\"isPartOf\":{\"@id\":\"https:\\\/\\\/kuzeyinsesi.org\\\/index.php\\\/2026\\\/08\\\/31\\\/ozturkler-gemi-kazasiyla-ilgili-tum-iddialar-arastirilacak\\\/\"},\"author\":{\"name\":\"Kuzeyin Sesi\",\"@id\":\"https:\\\/\\\/kuzeyinsesi.org\\\/#\\\/schema\\\/person\\\/9f859689cdf01485597712386e37f5aa\"},\"headline\":\"\u00d6zt\u00fcrkler: Gemi kazas\u0131yla ilgili t\u00fcm iddialar ara\u015ft\u0131r\u0131lacak\",\"datePublished\":\"2026-08-31T08:30:50+00:00\",\"mainEntityOfPage\":{\"@id\":\"https:\\\/\\\/kuzeyinsesi.org\\\/index.php\\\/2026\\\/08\\\/31\\\/ozturkler-gemi-kazasiyla-ilgili-tum-iddialar-arastirilacak\\\/\"},\"wordCount\":226,\"commentCount\":0,\"image\":{\"@id\":\"https:\\\/\\\/kuzeyinsesi.org\\\/index.php\\\/2026\\\/08\\\/31\\\/ozturkler-gemi-kazasiyla-ilgili-tum-iddialar-arastirilacak\\\/#primaryimage\"},\"thumbnailUrl\":\"https:\\\/\\\/kuzeyinsesi.org\\\/wp-content\\\/uploads\\\/2026\\\/08\\\/Kuzeyinsesikj-2026-08-31T110916.202.jpg\",\"keywords\":[\"Cumhuriyet Meclisi\",\"Gemi Kazas\u0131\",\"Girne\",\"KKTC\",\"Ziya \u00d6zt\u00fcrkler\"],\"articleSection\":[\"K\u0131br\u0131s\"],\"inLanguage\":\"tr\",\"potentialAction\":[{\"@type\":\"CommentAction\",\"name\":\"Comment\",\"target\":[\"https:\\\/\\\/kuzeyinsesi.org\\\/index.php\\\/2026\\\/08\\\/31\\\/ozturkler-gemi-kazasiyla-ilgili-tum-iddialar-arastirilacak\\\/#respond\"]}]},{\"@type\":\"WebPage\",\"@id\":\"https:\\\/\\\/kuzeyinsesi.org\\\/index.php\\\/2026\\\/08\\\/31\\\/ozturkler-gemi-kazasiyla-ilgili-tum-iddialar-arastirilacak\\\/\",\"url\":\"https:\\\/\\\/kuzeyinsesi.org\\\/index.php\\\/2026\\\/08\\\/31\\\/ozturkler-gemi-kazasiyla-ilgili-tum-iddialar-arastirilacak\\\/\",\"name\":\"\u00d6zt\u00fcrkler: Gemi kazas\u0131yla ilgili t\u00fcm iddialar ara\u015ft\u0131r\u0131lacak - Kuzeyin Sesi\",\"isPartOf\":{\"@id\":\"https:\\\/\\\/kuzeyinsesi.org\\\/#website\"},\"primaryImageOfPage\":{\"@id\":\"https:\\\/\\\/kuzeyinsesi.org\\\/index.php\\\/2026\\\/08\\\/31\\\/ozturkler-gemi-kazasiyla-ilgili-tum-iddialar-arastirilacak\\\/#primaryimage\"},\"image\":{\"@id\":\"https:\\\/\\\/kuzeyinsesi.org\\\/index.php\\\/2026\\\/08\\\/31\\\/ozturkler-gemi-kazasiyla-ilgili-tum-iddialar-arastirilacak\\\/#primaryimage\"},\"thumbnailUrl\":\"https:\\\/\\\/kuzeyinsesi.org\\\/wp-content\\\/uploads\\\/2026\\\/08\\\/Kuzeyinsesikj-2026-08-31T110916.202.jpg\",\"datePublished\":\"2026-08-31T08:30:50+00:00\",\"author\":{\"@id\":\"https:\\\/\\\/kuzeyinsesi.org\\\/#\\\/schema\\\/person\\\/9f859689cdf01485597712386e37f5aa\"},\"breadcrumb\":{\"@id\":\"https:\\\/\\\/kuzeyinsesi.org\\\/index.php\\\/2026\\\/08\\\/31\\\/ozturkler-gemi-kazasiyla-ilgili-tum-iddialar-arastirilacak\\\/#breadcrumb\"},\"inLanguage\":\"tr\",\"potentialAction\":[{\"@type\":\"ReadAction\",\"target\":[\"https:\\\/\\\/kuzeyinsesi.org\\\/index.php\\\/2026\\\/08\\\/31\\\/ozturkler-gemi-kazasiyla-ilgili-tum-iddialar-arastirilacak\\\/\"]}]},{\"@type\":\"ImageObject\",\"inLanguage\":\"tr\",\"@id\":\"https:\\\/\\\/kuzeyinsesi.org\\\/index.php\\\/2026\\\/08\\\/31\\\/ozturkler-gemi-kazasiyla-ilgili-tum-iddialar-arastirilacak\\\/#primaryimage\",\"url\":\"https:\\\/\\\/kuzeyinsesi.org\\\/wp-content\\\/uploads\\\/2026\\\/08\\\/Kuzeyinsesikj-2026-08-31T110916.202.jpg\",\"contentUrl\":\"https:\\\/\\\/kuzeyinsesi.org\\\/wp-content\\\/uploads\\\/2026\\\/08\\\/Kuzeyinsesikj-2026-08-31T110916.202.jpg\",\"width\":1600,\"height\":900},{\"@type\":\"BreadcrumbList\",\"@id\":\"https:\\\/\\\/kuzeyinsesi.org\\\/index.php\\\/2026\\\/08\\\/31\\\/ozturkler-gemi-kazasiyla-ilgili-tum-iddialar-arastirilacak\\\/#breadcrumb\",\"itemListElement\":[{\"@type\":\"ListItem\",\"position\":1,\"name\":\"Anasayfa\",\"item\":\"https:\\\/\\\/kuzeyinsesi.org\\\/\"},{\"@type\":\"ListItem\",\"position\":2,\"name\":\"\u00d6zt\u00fcrkler: Gemi kazas\u0131yla ilgili t\u00fcm iddialar ara\u015ft\u0131r\u0131lacak\"}]},{\"@type\":\"WebSite\",\"@id\":\"https:\\\/\\\/kuzeyinsesi.org\\\/#website\",\"url\":\"https:\\\/\\\/kuzeyinsesi.org\\\/\",\"name\":\"Kuzeyin Sesi\",\"description\":\"Do\u011fru Haberin Adresi\",\"potentialAction\":[{\"@type\":\"SearchAction\",\"target\":{\"@type\":\"EntryPoint\",\"urlTemplate\":\"https:\\\/\\\/kuzeyinsesi.org\\\/?s={search_term_string}\"},\"query-input\":{\"@type\":\"PropertyValueSpecification\",\"valueRequired\":true,\"valueName\":\"search_term_string\"}}],\"inLanguage\":\"tr\"},{\"@type\":\"Person\",\"@id\":\"https:\\\/\\\/kuzeyinsesi.org\\\/#\\\/schema\\\/person\\\/9f859689cdf01485597712386e37f5aa\",\"name\":\"Kuzeyin Sesi\",\"image\":{\"@type\":\"ImageObject\",\"inLanguage\":\"tr\",\"@id\":\"https:\\\/\\\/secure.gravatar.com\\\/avatar\\\/bab33852abfd8b282518d6ed81826833d77c3c882d9ab608add591ccace47a44?s=96&d=mm&r=g\",\"url\":\"https:\\\/\\\/secure.gravatar.com\\\/avatar\\\/bab33852abfd8b282518d6ed81826833d77c3c882d9ab608add591ccace47a44?s=96&d=mm&r=g\",\"contentUrl\":\"https:\\\/\\\/secure.gravatar.com\\\/avatar\\\/bab33852abfd8b282518d6ed81826833d77c3c882d9ab608add591ccace47a44?s=96&d=mm&r=g\",\"caption\":\"Kuzeyin Sesi\"},\"sameAs\":[\"https:\\\/\\\/kuzeyinsesi.org\"],\"url\":\"https:\\\/\\\/kuzeyinsesi.org\\\/index.php\\\/author\\\/guven\\\/\"}]}<\/script>\n<!-- \/ Yoast SEO plugin. -->","yoast_head_json":{"title":"\u00d6zt\u00fcrkler: Gemi kazas\u0131yla ilgili t\u00fcm iddialar ara\u015ft\u0131r\u0131lacak - Kuzeyin Sesi","robots":{"index":"index","follow":"follow","max-snippet":"max-snippet:-1","max-image-preview":"max-image-preview:large","max-video-preview":"max-video-preview:-1"},"canonical":"https:\/\/kuzeyinsesi.org\/index.php\/2026\/08\/31\/ozturkler-gemi-kazasiyla-ilgili-tum-iddialar-arastirilacak\/","og_locale":"tr_TR","og_type":"article","og_title":"\u00d6zt\u00fcrkler: Gemi kazas\u0131yla ilgili t\u00fcm iddialar ara\u015ft\u0131r\u0131lacak - Kuzeyin Sesi","og_description":"Cumhuriyet Meclisi Ba\u015fkan\u0131 Ziya \u00d6zt\u00fcrkler, Girne a\u00e7\u0131klar\u0131nda ya\u015fanan gemi kazas\u0131na ili\u015fkin ortaya at\u0131lan t\u00fcm iddialar\u0131n ara\u015ft\u0131r\u0131laca\u011f\u0131n\u0131 belirterek, herhangi bir sorumsuzluk tespit edilmesi halinde gere\u011finin yap\u0131laca\u011f\u0131n\u0131 s\u00f6yledi. \u00d6zt\u00fcrkler, s\u00fcrecin Meclis\u2019te de ele al\u0131naca\u011f\u0131n\u0131 ve takip\u00e7isi olacaklar\u0131n\u0131 vurgulad\u0131. KONU MECL\u0130S\u2019TE ELE ALINACAK BRTK canl\u0131 yay\u0131n\u0131na kat\u0131lan \u00d6zt\u00fcrkler, gemi kazas\u0131n\u0131n ard\u0131ndan y\u00fcr\u00fct\u00fclen s\u00fcrecin do\u011fru ve sa\u011fl\u0131kl\u0131 \u015fekilde ilerletilmesinin [&hellip;]","og_url":"https:\/\/kuzeyinsesi.org\/index.php\/2026\/08\/31\/ozturkler-gemi-kazasiyla-ilgili-tum-iddialar-arastirilacak\/","og_site_name":"Kuzeyin Sesi","article_publisher":"https:\/\/www.facebook.com\/kuzeyinsesii","article_published_time":"2026-08-31T08:30:50+00:00","og_image":[{"width":1600,"height":900,"url":"https:\/\/kuzeyinsesi.org\/wp-content\/uploads\/2026\/08\/Kuzeyinsesikj-2026-08-31T110916.202.jpg","type":"image\/jpeg"}],"author":"Kuzeyin Sesi","twitter_card":"summary_large_image","twitter_creator":"@kuzeyinsesii","twitter_site":"@kuzeyinsesii","twitter_misc":{"Yazan:":"Kuzeyin Sesi","Tahmini okuma s\u00fcresi":"1 dakika"},"schema":{"@context":"https:\/\/schema.org","@graph":[{"@type":"Article","@id":"https:\/\/kuzeyinsesi.org\/index.php\/2026\/08\/31\/ozturkler-gemi-kazasiyla-ilgili-tum-iddialar-arastirilacak\/#article","isPartOf":{"@id":"https:\/\/kuzeyinsesi.org\/index.php\/2026\/08\/31\/ozturkler-gemi-kazasiyla-ilgili-tum-iddialar-arastirilacak\/"},"author":{"name":"Kuzeyin Sesi","@id":"https:\/\/kuzeyinsesi.org\/#\/schema\/person\/9f859689cdf01485597712386e37f5aa"},"headline":"\u00d6zt\u00fcrkler: Gemi kazas\u0131yla ilgili t\u00fcm iddialar ara\u015ft\u0131r\u0131lacak","datePublished":"2026-08-31T08:30:50+00:00","mainEntityOfPage":{"@id":"https:\/\/kuzeyinsesi.org\/index.php\/2026\/08\/31\/ozturkler-gemi-kazasiyla-ilgili-tum-iddialar-arastirilacak\/"},"wordCount":226,"commentCount":0,"image":{"@id":"https:\/\/kuzeyinsesi.org\/index.php\/2026\/08\/31\/ozturkler-gemi-kazasiyla-ilgili-tum-iddialar-arastirilacak\/#primaryimage"},"thumbnailUrl":"https:\/\/kuzeyinsesi.org\/wp-content\/uploads\/2026\/08\/Kuzeyinsesikj-2026-08-31T110916.202.jpg","keywords":["Cumhuriyet Meclisi","Gemi Kazas\u0131","Girne","KKTC","Ziya \u00d6zt\u00fcrkler"],"articleSection":["K\u0131br\u0131s"],"inLanguage":"tr","potentialAction":[{"@type":"CommentAction","name":"Comment","target":["https:\/\/kuzeyinsesi.org\/index.php\/2026\/08\/31\/ozturkler-gemi-kazasiyla-ilgili-tum-iddialar-arastirilacak\/#respond"]}]},{"@type":"WebPage","@id":"https:\/\/kuzeyinsesi.org\/index.php\/2026\/08\/31\/ozturkler-gemi-kazasiyla-ilgili-tum-iddialar-arastirilacak\/","url":"https:\/\/kuzeyinsesi.org\/index.php\/2026\/08\/31\/ozturkler-gemi-kazasiyla-ilgili-tum-iddialar-arastirilacak\/","name":"\u00d6zt\u00fcrkler: Gemi kazas\u0131yla ilgili t\u00fcm iddialar ara\u015ft\u0131r\u0131lacak - Kuzeyin Sesi","isPartOf":{"@id":"https:\/\/kuzeyinsesi.org\/#website"},"primaryImageOfPage":{"@id":"https:\/\/kuzeyinsesi.org\/index.php\/2026\/08\/31\/ozturkler-gemi-kazasiyla-ilgili-tum-iddialar-arastirilacak\/#primaryimage"},"image":{"@id":"https:\/\/kuzeyinsesi.org\/index.php\/2026\/08\/31\/ozturkler-gemi-kazasiyla-ilgili-tum-iddialar-arastirilacak\/#primaryimage"},"thumbnailUrl":"https:\/\/kuzeyinsesi.org\/wp-content\/uploads\/2026\/08\/Kuzeyinsesikj-2026-08-31T110916.202.jpg","datePublished":"2026-08-31T08:30:50+00:00","author":{"@id":"https:\/\/kuzeyinsesi.org\/#\/schema\/person\/9f859689cdf01485597712386e37f5aa"},"breadcrumb":{"@id":"https:\/\/kuzeyinsesi.org\/index.php\/2026\/08\/31\/ozturkler-gemi-kazasiyla-ilgili-tum-iddialar-arastirilacak\/#breadcrumb"},"inLanguage":"tr","potentialAction":[{"@type":"ReadAction","target":["https:\/\/kuzeyinsesi.org\/index.php\/2026\/08\/31\/ozturkler-gemi-kazasiyla-ilgili-tum-iddialar-arastirilacak\/"]}]},{"@type":"ImageObject","inLanguage":"tr","@id":"https:\/\/kuzeyinsesi.org\/index.php\/2026\/08\/31\/ozturkler-gemi-kazasiyla-ilgili-tum-iddialar-arastirilacak\/#primaryimage","url":"https:\/\/kuzeyinsesi.org\/wp-content\/uploads\/2026\/08\/Kuzeyinsesikj-2026-08-31T110916.202.jpg","contentUrl":"https:\/\/kuzeyinsesi.org\/wp-content\/uploads\/2026\/08\/Kuzeyinsesikj-2026-08-31T110916.202.jpg","width":1600,"height":900},{"@type":"BreadcrumbList","@id":"https:\/\/kuzeyinsesi.org\/index.php\/2026\/08\/31\/ozturkler-gemi-kazasiyla-ilgili-tum-iddialar-arastirilacak\/#breadcrumb","itemListElement":[{"@type":"ListItem","position":1,"name":"Anasayfa","item":"https:\/\/kuzeyinsesi.org\/"},{"@type":"ListItem","position":2,"name":"\u00d6zt\u00fcrkler: Gemi kazas\u0131yla ilgili t\u00fcm iddialar ara\u015ft\u0131r\u0131lacak"}]},{"@type":"WebSite","@id":"https:\/\/kuzeyinsesi.org\/#website","url":"https:\/\/kuzeyinsesi.org\/","name":"Kuzeyin Sesi","description":"Do\u011fru Haberin Adresi","potentialAction":[{"@type":"SearchAction","target":{"@type":"EntryPoint","urlTemplate":"https:\/\/kuzeyinsesi.org\/?s={search_term_string}"},"query-input":{"@type":"PropertyValueSpecification","valueRequired":true,"valueName":"search_term_string"}}],"inLanguage":"tr"},{"@type":"Person","@id":"https:\/\/kuzeyinsesi.org\/#\/schema\/person\/9f859689cdf01485597712386e37f5aa","name":"Kuzeyin Sesi","image":{"@type":"ImageObject","inLanguage":"tr","@id":"https:\/\/secure.gravatar.com\/avatar\/bab33852abfd8b282518d6ed81826833d77c3c882d9ab608add591ccace47a44?s=96&d=mm&r=g","url":"https:\/\/secure.gravatar.com\/avatar\/bab33852abfd8b282518d6ed81826833d77c3c882d9ab608add591ccace47a44?s=96&d=mm&r=g","contentUrl":"https:\/\/secure.gravatar.com\/avatar\/bab33852abfd8b282518d6ed81826833d77c3c882d9ab608add591ccace47a44?s=96&d=mm&r=g","caption":"Kuzeyin Sesi"},"sameAs":["https:\/\/kuzeyinsesi.org"],"url":"https:\/\/kuzeyinsesi.org\/index.php\/author\/guven\/"}]}},"_links":{"self":[{"href":"https:\/\/kuzeyinsesi.org\/index.php\/wp-json\/wp\/v2\/posts\/45808","targetHints":{"allow":["GET"]}}],"collection":[{"href":"https:\/\/kuzeyinsesi.org\/index.php\/wp-json\/wp\/v2\/posts"}],"about":[{"href":"https:\/\/kuzeyinsesi.org\/index.php\/wp-json\/wp\/v2\/types\/post"}],"author":[{"embeddable":true,"href":"https:\/\/kuzeyinsesi.org\/index.php\/wp-json\/wp\/v2\/users\/1"}],"replies":[{"embeddable":true,"href":"https:\/\/kuzeyinsesi.org\/index.php\/wp-json\/wp\/v2\/comments?post=45808"}],"version-history":[{"count":1,"href":"https:\/\/kuzeyinsesi.org\/index.php\/wp-json\/wp\/v2\/posts\/45808\/revisions"}],"predecessor-version":[{"id":45810,"href":"https:\/\/kuzeyinsesi.org\/index.php\/wp-json\/wp\/v2\/posts\/45808\/revisions\/45810"}],"wp:featuredmedia":[{"embeddable":true,"href":"https:\/\/kuzeyinsesi.org\/index.php\/wp-json\/wp\/v2\/media\/45809"}],"wp:attachment":[{"href":"https:\/\/kuzeyinsesi.org\/index.php\/wp-json\/wp\/v2\/media?parent=45808"}],"wp:term":[{"taxonomy":"category","embeddable":true,"href":"https:\/\/kuzeyinsesi.org\/index.php\/wp-json\/wp\/v2\/categories?post=45808"},{"taxonomy":"post_tag","embeddable":true,"href":"https:\/\/kuzeyinsesi.org\/index.php\/wp-json\/wp\/v2\/tags?post=45808"}],"curies":[{"name":"wp","href":"https:\/\/api.w.org\/{rel}","templated":true}]}}