{"id":45802,"date":"2026-08-31T10:30:20","date_gmt":"2026-08-31T07:30:20","guid":{"rendered":"https:\/\/kuzeyinsesi.org\/?p=45802"},"modified":"2026-08-31T10:30:20","modified_gmt":"2026-08-31T07:30:20","slug":"akpinardan-filo-jet-faciasi-icin-kapsamli-soru-onergesi-belgeleriyle-kamuoyuna-cevap-verilmeli","status":"publish","type":"post","link":"https:\/\/kuzeyinsesi.org\/index.php\/2026\/08\/31\/akpinardan-filo-jet-faciasi-icin-kapsamli-soru-onergesi-belgeleriyle-kamuoyuna-cevap-verilmeli\/","title":{"rendered":"Akp\u0131nar\u2019dan F\u0130LO JET facias\u0131 i\u00e7in kapsaml\u0131 soru \u00f6nergesi: Belgeleriyle kamuoyuna cevap verilmeli"},"content":{"rendered":"<p data-start=\"125\" data-end=\"459\">Demokrat Parti Genel Sekreteri ve Girne Milletvekili <strong data-start=\"178\" data-end=\"196\">Serhat Akp\u0131nar<\/strong>, 30 A\u011fustos\u2019ta Girne\u2019den hareket ettikten k\u0131sa s\u00fcre sonra su alarak alabora olan ve denizin yakla\u015f\u0131k 514 metre derinli\u011fine batan <strong data-start=\"326\" data-end=\"338\">F\u0130LO JET<\/strong> isimli yolcu gemisiyle ilgili kapsaml\u0131 bir yaz\u0131l\u0131 soru haz\u0131rlayarak Cumhuriyet Meclisi Ba\u015fkanl\u0131\u011f\u0131\u2019na sundu\u011funu a\u00e7\u0131klad\u0131.<\/p>\n<p data-start=\"461\" data-end=\"711\">Akp\u0131nar, kazan\u0131n kesin nedeninin ancak ba\u011f\u0131ms\u0131z, bilimsel ve kapsaml\u0131 bir teknik incelemeyle ortaya \u00e7\u0131kar\u0131labilece\u011fini vurgulayarak, soru\u015fturma tamamlanmadan herhangi bir ki\u015fi veya kurumun pe\u015finen sorumlu ilan edilmesinin do\u011fru olmayaca\u011f\u0131n\u0131 belirtti.<\/p>\n<h2 data-section-id=\"1xj1mmt\" data-start=\"713\" data-end=\"773\">\u201c267 \u0130NSANIN HAYATINI TA\u015eIYAN GEM\u0130YE NASIL \u0130Z\u0130N VER\u0130LD\u0130?\u201d<\/h2>\n<p data-start=\"775\" data-end=\"1004\">Gemide bulunan 267 ki\u015finin can g\u00fcvenli\u011fine dikkat \u00e7eken Akp\u0131nar, geminin hangi teknik belgeler, denetimler ve idari de\u011ferlendirmeler sonucunda Girne Liman\u0131\u2019ndan sefere \u00e7\u0131kmas\u0131na izin verildi\u011finin a\u00e7\u0131kl\u0131\u011fa kavu\u015fturulmas\u0131n\u0131 istedi.<\/p>\n<p data-start=\"1006\" data-end=\"1350\">Bunun milletvekillerinin kamu ad\u0131na ta\u015f\u0131d\u0131\u011f\u0131 denetim sorumlulu\u011funun bir gere\u011fi oldu\u011funu ifade eden Akp\u0131nar, F\u0130LO JET\u2019in <strong data-start=\"1126\" data-end=\"1298\">hat ve sefer izinlerinden klas ve g\u00fcvenlik sertifikalar\u0131na, teknik denetimlerinden al\u00fcminyum g\u00f6vdenin yap\u0131sal durumuna, stabilite hesaplar\u0131ndan yolcu kapasitesine kadar<\/strong> bir\u00e7ok ba\u015fl\u0131\u011f\u0131n ara\u015ft\u0131r\u0131lmas\u0131 gerekti\u011fini kaydetti.<\/p>\n<h2 data-section-id=\"1pqvmyl\" data-start=\"1352\" data-end=\"1390\">BATI\u011eIN ROV \u0130LE \u0130NCELENMES\u0130 \u00c7A\u011eRISI<\/h2>\n<p data-start=\"1392\" data-end=\"1605\">Akp\u0131nar, geminin yakla\u015f\u0131k 514 metre derinlikte bulunmas\u0131n\u0131n teknik incelemeye engel olmamas\u0131 gerekti\u011fini belirterek, bat\u0131\u011f\u0131n <strong data-start=\"1517\" data-end=\"1581\">ROV ve uygun sualt\u0131 g\u00f6r\u00fcnt\u00fcleme teknolojileriyle incelenmesi<\/strong> gerekti\u011fini ifade etti.<\/p>\n<p data-start=\"1607\" data-end=\"1857\">Bat\u0131\u011f\u0131n deniz taban\u0131ndaki konumu, g\u00f6vde b\u00fct\u00fcnl\u00fc\u011f\u00fc, olas\u0131 k\u0131r\u0131lma ve deformasyonlar, su giri\u015f noktalar\u0131 ile enkaz da\u011f\u0131l\u0131m\u0131n\u0131n delil b\u00fct\u00fcnl\u00fc\u011f\u00fc korunarak kay\u0131t alt\u0131na al\u0131nmas\u0131 gerekti\u011fini belirten Akp\u0131nar, bu konular\u0131n da Bakanl\u0131\u011fa soruldu\u011funu a\u00e7\u0131klad\u0131.<\/p>\n<h2 data-section-id=\"zij439\" data-start=\"1859\" data-end=\"1902\">T\u00dcRK LOYDU DENET\u0130MLER\u0130N\u0130 G\u00dcNDEME GET\u0130RD\u0130<\/h2>\n<p data-start=\"1904\" data-end=\"2216\">Akp\u0131nar, geminin ge\u00e7mi\u015f teknik kay\u0131tlar\u0131n\u0131n yan\u0131 s\u0131ra \u0130stanbul 17. Asliye Ticaret Mahkemesi\u2019nin Denizcilik \u0130htisas Mahkemesi s\u0131fat\u0131yla g\u00f6rd\u00fc\u011f\u00fc dosyada yer ald\u0131\u011f\u0131 belirtilen <strong data-start=\"2077\" data-end=\"2178\">T\u00fcrk Loydu denetimleri ile 29 maddelik kusur, eksiklik ve kural uygunsuzlu\u011funa ili\u015fkin kay\u0131tlar\u0131n<\/strong> a\u00e7\u0131kl\u0131\u011fa kavu\u015fturulmas\u0131n\u0131 talep etti.<\/p>\n<p data-start=\"2218\" data-end=\"2432\">S\u00f6z konusu eksikliklerin daha sonra hangi teknik incelemeler sonucunda giderildi\u011finin ve ilgili makamlar\u0131n bu kay\u0131tlardan haberdar olup olmad\u0131\u011f\u0131n\u0131n ortaya \u00e7\u0131kar\u0131lmas\u0131n\u0131n kamuoyu a\u00e7\u0131s\u0131ndan \u00f6nemli oldu\u011funu vurgulad\u0131.<\/p>\n<h2 data-section-id=\"1czljoz\" data-start=\"2434\" data-end=\"2466\">\u201cAMACIMIZ SU\u00c7LU ARAMAK DE\u011e\u0130L\u201d<\/h2>\n<p data-start=\"2468\" data-end=\"2712\">Akp\u0131nar, a\u00e7\u0131klamas\u0131nda ama\u00e7lar\u0131n\u0131n herhangi bir ki\u015fi veya kurumu su\u00e7lamak olmad\u0131\u011f\u0131n\u0131n alt\u0131n\u0131 \u00e7izerek, <strong data-start=\"2570\" data-end=\"2706\">\u201cBuradaki amac\u0131m\u0131z su\u00e7lu aramak de\u011fildir. Ger\u00e7e\u011fi ve devletin denetim s\u00fcre\u00e7lerinin eksiksiz i\u015fleyip i\u015flemedi\u011fini ortaya \u00e7\u0131karmakt\u0131r\u201d<\/strong> dedi.<\/p>\n<p data-start=\"2714\" data-end=\"2925\">\u0130nsan hayat\u0131n\u0131n s\u00f6z konusu oldu\u011fu durumlarda denetimlerin yaln\u0131zca bir prosed\u00fcr, teknik belgelerin ise dosyada bulunmas\u0131 gereken bir evrak olarak g\u00f6r\u00fclemeyece\u011fini belirten Akp\u0131nar, beklentilerini \u015f\u00f6yle \u00f6zetledi:<\/p>\n<p data-start=\"2927\" data-end=\"3009\"><strong data-start=\"2927\" data-end=\"3009\">\u201cBelgeleriyle, raporlar\u0131yla ve b\u00fct\u00fcn \u015feffafl\u0131\u011f\u0131yla kamuoyuna cevap verilmesi.\u201d<\/strong><\/p>\n","protected":false},"excerpt":{"rendered":"<p>Demokrat Parti Genel Sekreteri ve Girne Milletvekili Serhat Akp\u0131nar, 30 A\u011fustos\u2019ta Girne\u2019den hareket ettikten k\u0131sa s\u00fcre sonra su alarak alabora olan ve denizin yakla\u015f\u0131k 514 metre derinli\u011fine batan F\u0130LO JET isimli yolcu gemisiyle ilgili kapsaml\u0131 bir yaz\u0131l\u0131 soru haz\u0131rlayarak Cumhuriyet Meclisi Ba\u015fkanl\u0131\u011f\u0131\u2019na sundu\u011funu a\u00e7\u0131klad\u0131. Akp\u0131nar, kazan\u0131n kesin nedeninin ancak ba\u011f\u0131ms\u0131z, bilimsel ve kapsaml\u0131 bir teknik [&hellip;]<\/p>\n","protected":false},"author":1,"featured_media":45803,"comment_status":"open","ping_status":"open","sticky":false,"template":"","format":"standard","meta":{"jnews-multi-image_gallery":[],"jnews_single_post":{"subtitle":"","format":"standard","override":[{"template":"1","parallax":"1","fullscreen":"1","layout":"right-sidebar","sidebar":"default-sidebar","second_sidebar":"default-sidebar","sticky_sidebar":"1","share_position":"top","share_float_style":"share-monocrhome","show_featured":"1","show_post_author":"1","show_post_author_image":"1","show_post_date":"1","post_date_format":"default","post_date_format_custom":"Y\/m\/d","show_post_category":"1","show_post_reading_time":"0","post_reading_time_wpm":"300","post_calculate_word_method":"str_word_count","show_zoom_button":"0","zoom_button_out_step":"2","zoom_button_in_step":"3","show_post_tag":"1","show_prev_next_post":"1","show_popup_post":"1","show_comment_section":"1","number_popup_post":"1","show_author_box":"0","show_post_related":"0","show_inline_post_related":"0"}],"image_override":[{"single_post_thumbnail_size":"crop-500","single_post_gallery_size":"crop-500"}],"trending_post_position":"meta","trending_post_label":"Trending","sponsored_post_label":"Sponsored by","disable_ad":"0"},"jnews_primary_category":[],"jnews_social_meta":[],"jnews_override_counter":{"view_counter_number":"0","share_counter_number":"0","like_counter_number":"0","dislike_counter_number":"0"},"footnotes":""},"categories":[1],"tags":[1339,7028,7027,395,1340],"class_list":["post-45802","post","type-post","status-publish","format-standard","has-post-thumbnail","hentry","category-kibris","tag-demokrat-parti","tag-filo-jet","tag-gemi-faciasi","tag-girne","tag-serhat-akpinar"],"yoast_head":"<!-- This site is optimized with the Yoast SEO plugin v28.3 - https:\/\/yoast.com\/product\/yoast-seo-wordpress\/ -->\n<title>Akp\u0131nar\u2019dan F\u0130LO JET facias\u0131 i\u00e7in kapsaml\u0131 soru \u00f6nergesi: Belgeleriyle kamuoyuna cevap verilmeli - Kuzeyin Sesi<\/title>\n<meta name=\"robots\" content=\"index, follow, max-snippet:-1, max-image-preview:large, max-video-preview:-1\" \/>\n<link rel=\"canonical\" href=\"https:\/\/kuzeyinsesi.org\/index.php\/2026\/08\/31\/akpinardan-filo-jet-faciasi-icin-kapsamli-soru-onergesi-belgeleriyle-kamuoyuna-cevap-verilmeli\/\" \/>\n<meta property=\"og:locale\" content=\"tr_TR\" \/>\n<meta property=\"og:type\" content=\"article\" \/>\n<meta property=\"og:title\" content=\"Akp\u0131nar\u2019dan F\u0130LO JET facias\u0131 i\u00e7in kapsaml\u0131 soru \u00f6nergesi: Belgeleriyle kamuoyuna cevap verilmeli - Kuzeyin Sesi\" \/>\n<meta property=\"og:description\" content=\"Demokrat Parti Genel Sekreteri ve Girne Milletvekili Serhat Akp\u0131nar, 30 A\u011fustos\u2019ta Girne\u2019den hareket ettikten k\u0131sa s\u00fcre sonra su alarak alabora olan ve denizin yakla\u015f\u0131k 514 metre derinli\u011fine batan F\u0130LO JET isimli yolcu gemisiyle ilgili kapsaml\u0131 bir yaz\u0131l\u0131 soru haz\u0131rlayarak Cumhuriyet Meclisi Ba\u015fkanl\u0131\u011f\u0131\u2019na sundu\u011funu a\u00e7\u0131klad\u0131. Akp\u0131nar, kazan\u0131n kesin nedeninin ancak ba\u011f\u0131ms\u0131z, bilimsel ve kapsaml\u0131 bir teknik [&hellip;]\" \/>\n<meta property=\"og:url\" content=\"https:\/\/kuzeyinsesi.org\/index.php\/2026\/08\/31\/akpinardan-filo-jet-faciasi-icin-kapsamli-soru-onergesi-belgeleriyle-kamuoyuna-cevap-verilmeli\/\" \/>\n<meta property=\"og:site_name\" content=\"Kuzeyin Sesi\" \/>\n<meta property=\"article:publisher\" content=\"https:\/\/www.facebook.com\/kuzeyinsesii\" \/>\n<meta property=\"article:published_time\" content=\"2026-08-31T07:30:20+00:00\" \/>\n<meta property=\"og:image\" content=\"https:\/\/kuzeyinsesi.org\/wp-content\/uploads\/2026\/08\/Kuzeyinsesikj-2026-08-31T102804.864.jpg\" \/>\n\t<meta property=\"og:image:width\" content=\"1600\" \/>\n\t<meta property=\"og:image:height\" content=\"900\" \/>\n\t<meta property=\"og:image:type\" content=\"image\/jpeg\" \/>\n<meta name=\"author\" content=\"Kuzeyin Sesi\" \/>\n<meta name=\"twitter:card\" content=\"summary_large_image\" \/>\n<meta name=\"twitter:creator\" content=\"@kuzeyinsesii\" \/>\n<meta name=\"twitter:site\" content=\"@kuzeyinsesii\" \/>\n<meta name=\"twitter:label1\" content=\"Yazan:\" \/>\n\t<meta name=\"twitter:data1\" content=\"Kuzeyin Sesi\" \/>\n\t<meta name=\"twitter:label2\" content=\"Tahmini okuma s\u00fcresi\" \/>\n\t<meta name=\"twitter:data2\" content=\"3 dakika\" \/>\n<script type=\"application\/ld+json\" class=\"yoast-schema-graph\">{\"@context\":\"https:\\\/\\\/schema.org\",\"@graph\":[{\"@type\":\"Article\",\"@id\":\"https:\\\/\\\/kuzeyinsesi.org\\\/index.php\\\/2026\\\/08\\\/31\\\/akpinardan-filo-jet-faciasi-icin-kapsamli-soru-onergesi-belgeleriyle-kamuoyuna-cevap-verilmeli\\\/#article\",\"isPartOf\":{\"@id\":\"https:\\\/\\\/kuzeyinsesi.org\\\/index.php\\\/2026\\\/08\\\/31\\\/akpinardan-filo-jet-faciasi-icin-kapsamli-soru-onergesi-belgeleriyle-kamuoyuna-cevap-verilmeli\\\/\"},\"author\":{\"name\":\"Kuzeyin Sesi\",\"@id\":\"https:\\\/\\\/kuzeyinsesi.org\\\/#\\\/schema\\\/person\\\/9f859689cdf01485597712386e37f5aa\"},\"headline\":\"Akp\u0131nar\u2019dan F\u0130LO JET facias\u0131 i\u00e7in kapsaml\u0131 soru \u00f6nergesi: Belgeleriyle kamuoyuna cevap verilmeli\",\"datePublished\":\"2026-08-31T07:30:20+00:00\",\"mainEntityOfPage\":{\"@id\":\"https:\\\/\\\/kuzeyinsesi.org\\\/index.php\\\/2026\\\/08\\\/31\\\/akpinardan-filo-jet-faciasi-icin-kapsamli-soru-onergesi-belgeleriyle-kamuoyuna-cevap-verilmeli\\\/\"},\"wordCount\":521,\"commentCount\":0,\"image\":{\"@id\":\"https:\\\/\\\/kuzeyinsesi.org\\\/index.php\\\/2026\\\/08\\\/31\\\/akpinardan-filo-jet-faciasi-icin-kapsamli-soru-onergesi-belgeleriyle-kamuoyuna-cevap-verilmeli\\\/#primaryimage\"},\"thumbnailUrl\":\"https:\\\/\\\/kuzeyinsesi.org\\\/wp-content\\\/uploads\\\/2026\\\/08\\\/Kuzeyinsesikj-2026-08-31T102804.864.jpg\",\"keywords\":[\"Demokrat Parti\",\"F\u0130LO JET\",\"Gemi Facias\u0131\",\"Girne\",\"Serhat Akp\u0131nar\"],\"articleSection\":[\"K\u0131br\u0131s\"],\"inLanguage\":\"tr\",\"potentialAction\":[{\"@type\":\"CommentAction\",\"name\":\"Comment\",\"target\":[\"https:\\\/\\\/kuzeyinsesi.org\\\/index.php\\\/2026\\\/08\\\/31\\\/akpinardan-filo-jet-faciasi-icin-kapsamli-soru-onergesi-belgeleriyle-kamuoyuna-cevap-verilmeli\\\/#respond\"]}]},{\"@type\":\"WebPage\",\"@id\":\"https:\\\/\\\/kuzeyinsesi.org\\\/index.php\\\/2026\\\/08\\\/31\\\/akpinardan-filo-jet-faciasi-icin-kapsamli-soru-onergesi-belgeleriyle-kamuoyuna-cevap-verilmeli\\\/\",\"url\":\"https:\\\/\\\/kuzeyinsesi.org\\\/index.php\\\/2026\\\/08\\\/31\\\/akpinardan-filo-jet-faciasi-icin-kapsamli-soru-onergesi-belgeleriyle-kamuoyuna-cevap-verilmeli\\\/\",\"name\":\"Akp\u0131nar\u2019dan F\u0130LO JET facias\u0131 i\u00e7in kapsaml\u0131 soru \u00f6nergesi: Belgeleriyle kamuoyuna cevap verilmeli - Kuzeyin Sesi\",\"isPartOf\":{\"@id\":\"https:\\\/\\\/kuzeyinsesi.org\\\/#website\"},\"primaryImageOfPage\":{\"@id\":\"https:\\\/\\\/kuzeyinsesi.org\\\/index.php\\\/2026\\\/08\\\/31\\\/akpinardan-filo-jet-faciasi-icin-kapsamli-soru-onergesi-belgeleriyle-kamuoyuna-cevap-verilmeli\\\/#primaryimage\"},\"image\":{\"@id\":\"https:\\\/\\\/kuzeyinsesi.org\\\/index.php\\\/2026\\\/08\\\/31\\\/akpinardan-filo-jet-faciasi-icin-kapsamli-soru-onergesi-belgeleriyle-kamuoyuna-cevap-verilmeli\\\/#primaryimage\"},\"thumbnailUrl\":\"https:\\\/\\\/kuzeyinsesi.org\\\/wp-content\\\/uploads\\\/2026\\\/08\\\/Kuzeyinsesikj-2026-08-31T102804.864.jpg\",\"datePublished\":\"2026-08-31T07:30:20+00:00\",\"author\":{\"@id\":\"https:\\\/\\\/kuzeyinsesi.org\\\/#\\\/schema\\\/person\\\/9f859689cdf01485597712386e37f5aa\"},\"breadcrumb\":{\"@id\":\"https:\\\/\\\/kuzeyinsesi.org\\\/index.php\\\/2026\\\/08\\\/31\\\/akpinardan-filo-jet-faciasi-icin-kapsamli-soru-onergesi-belgeleriyle-kamuoyuna-cevap-verilmeli\\\/#breadcrumb\"},\"inLanguage\":\"tr\",\"potentialAction\":[{\"@type\":\"ReadAction\",\"target\":[\"https:\\\/\\\/kuzeyinsesi.org\\\/index.php\\\/2026\\\/08\\\/31\\\/akpinardan-filo-jet-faciasi-icin-kapsamli-soru-onergesi-belgeleriyle-kamuoyuna-cevap-verilmeli\\\/\"]}]},{\"@type\":\"ImageObject\",\"inLanguage\":\"tr\",\"@id\":\"https:\\\/\\\/kuzeyinsesi.org\\\/index.php\\\/2026\\\/08\\\/31\\\/akpinardan-filo-jet-faciasi-icin-kapsamli-soru-onergesi-belgeleriyle-kamuoyuna-cevap-verilmeli\\\/#primaryimage\",\"url\":\"https:\\\/\\\/kuzeyinsesi.org\\\/wp-content\\\/uploads\\\/2026\\\/08\\\/Kuzeyinsesikj-2026-08-31T102804.864.jpg\",\"contentUrl\":\"https:\\\/\\\/kuzeyinsesi.org\\\/wp-content\\\/uploads\\\/2026\\\/08\\\/Kuzeyinsesikj-2026-08-31T102804.864.jpg\",\"width\":1600,\"height\":900},{\"@type\":\"BreadcrumbList\",\"@id\":\"https:\\\/\\\/kuzeyinsesi.org\\\/index.php\\\/2026\\\/08\\\/31\\\/akpinardan-filo-jet-faciasi-icin-kapsamli-soru-onergesi-belgeleriyle-kamuoyuna-cevap-verilmeli\\\/#breadcrumb\",\"itemListElement\":[{\"@type\":\"ListItem\",\"position\":1,\"name\":\"Anasayfa\",\"item\":\"https:\\\/\\\/kuzeyinsesi.org\\\/\"},{\"@type\":\"ListItem\",\"position\":2,\"name\":\"Akp\u0131nar\u2019dan F\u0130LO JET facias\u0131 i\u00e7in kapsaml\u0131 soru \u00f6nergesi: Belgeleriyle kamuoyuna cevap verilmeli\"}]},{\"@type\":\"WebSite\",\"@id\":\"https:\\\/\\\/kuzeyinsesi.org\\\/#website\",\"url\":\"https:\\\/\\\/kuzeyinsesi.org\\\/\",\"name\":\"Kuzeyin Sesi\",\"description\":\"Do\u011fru Haberin Adresi\",\"potentialAction\":[{\"@type\":\"SearchAction\",\"target\":{\"@type\":\"EntryPoint\",\"urlTemplate\":\"https:\\\/\\\/kuzeyinsesi.org\\\/?s={search_term_string}\"},\"query-input\":{\"@type\":\"PropertyValueSpecification\",\"valueRequired\":true,\"valueName\":\"search_term_string\"}}],\"inLanguage\":\"tr\"},{\"@type\":\"Person\",\"@id\":\"https:\\\/\\\/kuzeyinsesi.org\\\/#\\\/schema\\\/person\\\/9f859689cdf01485597712386e37f5aa\",\"name\":\"Kuzeyin Sesi\",\"image\":{\"@type\":\"ImageObject\",\"inLanguage\":\"tr\",\"@id\":\"https:\\\/\\\/secure.gravatar.com\\\/avatar\\\/bab33852abfd8b282518d6ed81826833d77c3c882d9ab608add591ccace47a44?s=96&d=mm&r=g\",\"url\":\"https:\\\/\\\/secure.gravatar.com\\\/avatar\\\/bab33852abfd8b282518d6ed81826833d77c3c882d9ab608add591ccace47a44?s=96&d=mm&r=g\",\"contentUrl\":\"https:\\\/\\\/secure.gravatar.com\\\/avatar\\\/bab33852abfd8b282518d6ed81826833d77c3c882d9ab608add591ccace47a44?s=96&d=mm&r=g\",\"caption\":\"Kuzeyin Sesi\"},\"sameAs\":[\"https:\\\/\\\/kuzeyinsesi.org\"],\"url\":\"https:\\\/\\\/kuzeyinsesi.org\\\/index.php\\\/author\\\/guven\\\/\"}]}<\/script>\n<!-- \/ Yoast SEO plugin. -->","yoast_head_json":{"title":"Akp\u0131nar\u2019dan F\u0130LO JET facias\u0131 i\u00e7in kapsaml\u0131 soru \u00f6nergesi: Belgeleriyle kamuoyuna cevap verilmeli - Kuzeyin Sesi","robots":{"index":"index","follow":"follow","max-snippet":"max-snippet:-1","max-image-preview":"max-image-preview:large","max-video-preview":"max-video-preview:-1"},"canonical":"https:\/\/kuzeyinsesi.org\/index.php\/2026\/08\/31\/akpinardan-filo-jet-faciasi-icin-kapsamli-soru-onergesi-belgeleriyle-kamuoyuna-cevap-verilmeli\/","og_locale":"tr_TR","og_type":"article","og_title":"Akp\u0131nar\u2019dan F\u0130LO JET facias\u0131 i\u00e7in kapsaml\u0131 soru \u00f6nergesi: Belgeleriyle kamuoyuna cevap verilmeli - Kuzeyin Sesi","og_description":"Demokrat Parti Genel Sekreteri ve Girne Milletvekili Serhat Akp\u0131nar, 30 A\u011fustos\u2019ta Girne\u2019den hareket ettikten k\u0131sa s\u00fcre sonra su alarak alabora olan ve denizin yakla\u015f\u0131k 514 metre derinli\u011fine batan F\u0130LO JET isimli yolcu gemisiyle ilgili kapsaml\u0131 bir yaz\u0131l\u0131 soru haz\u0131rlayarak Cumhuriyet Meclisi Ba\u015fkanl\u0131\u011f\u0131\u2019na sundu\u011funu a\u00e7\u0131klad\u0131. Akp\u0131nar, kazan\u0131n kesin nedeninin ancak ba\u011f\u0131ms\u0131z, bilimsel ve kapsaml\u0131 bir teknik [&hellip;]","og_url":"https:\/\/kuzeyinsesi.org\/index.php\/2026\/08\/31\/akpinardan-filo-jet-faciasi-icin-kapsamli-soru-onergesi-belgeleriyle-kamuoyuna-cevap-verilmeli\/","og_site_name":"Kuzeyin Sesi","article_publisher":"https:\/\/www.facebook.com\/kuzeyinsesii","article_published_time":"2026-08-31T07:30:20+00:00","og_image":[{"width":1600,"height":900,"url":"https:\/\/kuzeyinsesi.org\/wp-content\/uploads\/2026\/08\/Kuzeyinsesikj-2026-08-31T102804.864.jpg","type":"image\/jpeg"}],"author":"Kuzeyin Sesi","twitter_card":"summary_large_image","twitter_creator":"@kuzeyinsesii","twitter_site":"@kuzeyinsesii","twitter_misc":{"Yazan:":"Kuzeyin Sesi","Tahmini okuma s\u00fcresi":"3 dakika"},"schema":{"@context":"https:\/\/schema.org","@graph":[{"@type":"Article","@id":"https:\/\/kuzeyinsesi.org\/index.php\/2026\/08\/31\/akpinardan-filo-jet-faciasi-icin-kapsamli-soru-onergesi-belgeleriyle-kamuoyuna-cevap-verilmeli\/#article","isPartOf":{"@id":"https:\/\/kuzeyinsesi.org\/index.php\/2026\/08\/31\/akpinardan-filo-jet-faciasi-icin-kapsamli-soru-onergesi-belgeleriyle-kamuoyuna-cevap-verilmeli\/"},"author":{"name":"Kuzeyin Sesi","@id":"https:\/\/kuzeyinsesi.org\/#\/schema\/person\/9f859689cdf01485597712386e37f5aa"},"headline":"Akp\u0131nar\u2019dan F\u0130LO JET facias\u0131 i\u00e7in kapsaml\u0131 soru \u00f6nergesi: Belgeleriyle kamuoyuna cevap verilmeli","datePublished":"2026-08-31T07:30:20+00:00","mainEntityOfPage":{"@id":"https:\/\/kuzeyinsesi.org\/index.php\/2026\/08\/31\/akpinardan-filo-jet-faciasi-icin-kapsamli-soru-onergesi-belgeleriyle-kamuoyuna-cevap-verilmeli\/"},"wordCount":521,"commentCount":0,"image":{"@id":"https:\/\/kuzeyinsesi.org\/index.php\/2026\/08\/31\/akpinardan-filo-jet-faciasi-icin-kapsamli-soru-onergesi-belgeleriyle-kamuoyuna-cevap-verilmeli\/#primaryimage"},"thumbnailUrl":"https:\/\/kuzeyinsesi.org\/wp-content\/uploads\/2026\/08\/Kuzeyinsesikj-2026-08-31T102804.864.jpg","keywords":["Demokrat Parti","F\u0130LO JET","Gemi Facias\u0131","Girne","Serhat Akp\u0131nar"],"articleSection":["K\u0131br\u0131s"],"inLanguage":"tr","potentialAction":[{"@type":"CommentAction","name":"Comment","target":["https:\/\/kuzeyinsesi.org\/index.php\/2026\/08\/31\/akpinardan-filo-jet-faciasi-icin-kapsamli-soru-onergesi-belgeleriyle-kamuoyuna-cevap-verilmeli\/#respond"]}]},{"@type":"WebPage","@id":"https:\/\/kuzeyinsesi.org\/index.php\/2026\/08\/31\/akpinardan-filo-jet-faciasi-icin-kapsamli-soru-onergesi-belgeleriyle-kamuoyuna-cevap-verilmeli\/","url":"https:\/\/kuzeyinsesi.org\/index.php\/2026\/08\/31\/akpinardan-filo-jet-faciasi-icin-kapsamli-soru-onergesi-belgeleriyle-kamuoyuna-cevap-verilmeli\/","name":"Akp\u0131nar\u2019dan F\u0130LO JET facias\u0131 i\u00e7in kapsaml\u0131 soru \u00f6nergesi: Belgeleriyle kamuoyuna cevap verilmeli - Kuzeyin Sesi","isPartOf":{"@id":"https:\/\/kuzeyinsesi.org\/#website"},"primaryImageOfPage":{"@id":"https:\/\/kuzeyinsesi.org\/index.php\/2026\/08\/31\/akpinardan-filo-jet-faciasi-icin-kapsamli-soru-onergesi-belgeleriyle-kamuoyuna-cevap-verilmeli\/#primaryimage"},"image":{"@id":"https:\/\/kuzeyinsesi.org\/index.php\/2026\/08\/31\/akpinardan-filo-jet-faciasi-icin-kapsamli-soru-onergesi-belgeleriyle-kamuoyuna-cevap-verilmeli\/#primaryimage"},"thumbnailUrl":"https:\/\/kuzeyinsesi.org\/wp-content\/uploads\/2026\/08\/Kuzeyinsesikj-2026-08-31T102804.864.jpg","datePublished":"2026-08-31T07:30:20+00:00","author":{"@id":"https:\/\/kuzeyinsesi.org\/#\/schema\/person\/9f859689cdf01485597712386e37f5aa"},"breadcrumb":{"@id":"https:\/\/kuzeyinsesi.org\/index.php\/2026\/08\/31\/akpinardan-filo-jet-faciasi-icin-kapsamli-soru-onergesi-belgeleriyle-kamuoyuna-cevap-verilmeli\/#breadcrumb"},"inLanguage":"tr","potentialAction":[{"@type":"ReadAction","target":["https:\/\/kuzeyinsesi.org\/index.php\/2026\/08\/31\/akpinardan-filo-jet-faciasi-icin-kapsamli-soru-onergesi-belgeleriyle-kamuoyuna-cevap-verilmeli\/"]}]},{"@type":"ImageObject","inLanguage":"tr","@id":"https:\/\/kuzeyinsesi.org\/index.php\/2026\/08\/31\/akpinardan-filo-jet-faciasi-icin-kapsamli-soru-onergesi-belgeleriyle-kamuoyuna-cevap-verilmeli\/#primaryimage","url":"https:\/\/kuzeyinsesi.org\/wp-content\/uploads\/2026\/08\/Kuzeyinsesikj-2026-08-31T102804.864.jpg","contentUrl":"https:\/\/kuzeyinsesi.org\/wp-content\/uploads\/2026\/08\/Kuzeyinsesikj-2026-08-31T102804.864.jpg","width":1600,"height":900},{"@type":"BreadcrumbList","@id":"https:\/\/kuzeyinsesi.org\/index.php\/2026\/08\/31\/akpinardan-filo-jet-faciasi-icin-kapsamli-soru-onergesi-belgeleriyle-kamuoyuna-cevap-verilmeli\/#breadcrumb","itemListElement":[{"@type":"ListItem","position":1,"name":"Anasayfa","item":"https:\/\/kuzeyinsesi.org\/"},{"@type":"ListItem","position":2,"name":"Akp\u0131nar\u2019dan F\u0130LO JET facias\u0131 i\u00e7in kapsaml\u0131 soru \u00f6nergesi: Belgeleriyle kamuoyuna cevap verilmeli"}]},{"@type":"WebSite","@id":"https:\/\/kuzeyinsesi.org\/#website","url":"https:\/\/kuzeyinsesi.org\/","name":"Kuzeyin Sesi","description":"Do\u011fru Haberin Adresi","potentialAction":[{"@type":"SearchAction","target":{"@type":"EntryPoint","urlTemplate":"https:\/\/kuzeyinsesi.org\/?s={search_term_string}"},"query-input":{"@type":"PropertyValueSpecification","valueRequired":true,"valueName":"search_term_string"}}],"inLanguage":"tr"},{"@type":"Person","@id":"https:\/\/kuzeyinsesi.org\/#\/schema\/person\/9f859689cdf01485597712386e37f5aa","name":"Kuzeyin Sesi","image":{"@type":"ImageObject","inLanguage":"tr","@id":"https:\/\/secure.gravatar.com\/avatar\/bab33852abfd8b282518d6ed81826833d77c3c882d9ab608add591ccace47a44?s=96&d=mm&r=g","url":"https:\/\/secure.gravatar.com\/avatar\/bab33852abfd8b282518d6ed81826833d77c3c882d9ab608add591ccace47a44?s=96&d=mm&r=g","contentUrl":"https:\/\/secure.gravatar.com\/avatar\/bab33852abfd8b282518d6ed81826833d77c3c882d9ab608add591ccace47a44?s=96&d=mm&r=g","caption":"Kuzeyin Sesi"},"sameAs":["https:\/\/kuzeyinsesi.org"],"url":"https:\/\/kuzeyinsesi.org\/index.php\/author\/guven\/"}]}},"_links":{"self":[{"href":"https:\/\/kuzeyinsesi.org\/index.php\/wp-json\/wp\/v2\/posts\/45802","targetHints":{"allow":["GET"]}}],"collection":[{"href":"https:\/\/kuzeyinsesi.org\/index.php\/wp-json\/wp\/v2\/posts"}],"about":[{"href":"https:\/\/kuzeyinsesi.org\/index.php\/wp-json\/wp\/v2\/types\/post"}],"author":[{"embeddable":true,"href":"https:\/\/kuzeyinsesi.org\/index.php\/wp-json\/wp\/v2\/users\/1"}],"replies":[{"embeddable":true,"href":"https:\/\/kuzeyinsesi.org\/index.php\/wp-json\/wp\/v2\/comments?post=45802"}],"version-history":[{"count":1,"href":"https:\/\/kuzeyinsesi.org\/index.php\/wp-json\/wp\/v2\/posts\/45802\/revisions"}],"predecessor-version":[{"id":45804,"href":"https:\/\/kuzeyinsesi.org\/index.php\/wp-json\/wp\/v2\/posts\/45802\/revisions\/45804"}],"wp:featuredmedia":[{"embeddable":true,"href":"https:\/\/kuzeyinsesi.org\/index.php\/wp-json\/wp\/v2\/media\/45803"}],"wp:attachment":[{"href":"https:\/\/kuzeyinsesi.org\/index.php\/wp-json\/wp\/v2\/media?parent=45802"}],"wp:term":[{"taxonomy":"category","embeddable":true,"href":"https:\/\/kuzeyinsesi.org\/index.php\/wp-json\/wp\/v2\/categories?post=45802"},{"taxonomy":"post_tag","embeddable":true,"href":"https:\/\/kuzeyinsesi.org\/index.php\/wp-json\/wp\/v2\/tags?post=45802"}],"curies":[{"name":"wp","href":"https:\/\/api.w.org\/{rel}","templated":true}]}}