{"id":45799,"date":"2026-08-31T10:28:56","date_gmt":"2026-08-31T07:28:56","guid":{"rendered":"https:\/\/kuzeyinsesi.org\/?p=45799"},"modified":"2026-08-31T10:28:56","modified_gmt":"2026-08-31T07:28:56","slug":"atan-arikliyi-istifaya-davet-etti-sorumluluk-makaminda-oturanlar-bedel-odemeyi-de-bilmeli","status":"publish","type":"post","link":"https:\/\/kuzeyinsesi.org\/index.php\/2026\/08\/31\/atan-arikliyi-istifaya-davet-etti-sorumluluk-makaminda-oturanlar-bedel-odemeyi-de-bilmeli\/","title":{"rendered":"Atan, Ar\u0131kl\u0131\u2019y\u0131 istifaya davet etti: Sorumluluk makam\u0131nda oturanlar bedel \u00f6demeyi de bilmeli"},"content":{"rendered":"<p data-start=\"121\" data-end=\"459\">Kamu-Sen Ba\u015fkan\u0131 <strong data-start=\"138\" data-end=\"152\">Metin Atan<\/strong>, Girne a\u00e7\u0131klar\u0131nda ya\u015fanan ve can kay\u0131plar\u0131yla sonu\u00e7lanan gemi facias\u0131n\u0131n ard\u0131ndan Bay\u0131nd\u0131rl\u0131k ve Ula\u015ft\u0131rma Bakan\u0131 <strong data-start=\"268\" data-end=\"307\">Erhan Ar\u0131kl\u0131\u2019y\u0131 istifaya davet etti<\/strong>. Atan, ya\u015fananlar\u0131n ard\u0131ndan siyasi sorumluluk \u00fcstlenilmesi gerekti\u011fini belirterek, <strong data-start=\"392\" data-end=\"453\">\u201cSorumluluk makam\u0131nda oturanlar bedel \u00f6demeyi de bilmeli\u201d<\/strong> dedi.<\/p>\n<p data-start=\"461\" data-end=\"666\">Atan, facian\u0131n toplumu derin bir ac\u0131ya s\u00fcr\u00fckledi\u011fini belirterek, ya\u015fananlar\u0131n ard\u0131ndan yaln\u0131zca ba\u015fsa\u011fl\u0131\u011f\u0131 mesajlar\u0131 yay\u0131mlanmas\u0131n\u0131n ve soru\u015fturma ba\u015flat\u0131ld\u0131\u011f\u0131n\u0131n a\u00e7\u0131klanmas\u0131n\u0131n yeterli olmad\u0131\u011f\u0131n\u0131 savundu.<\/p>\n<h2 data-section-id=\"cc9cis\" data-start=\"668\" data-end=\"705\">\u201cCEVAPLANMASI GEREKEN SORULAR VAR\u201d<\/h2>\n<p data-start=\"707\" data-end=\"861\">Ortada kaybedilmi\u015f canlar bulundu\u011funa dikkat \u00e7eken Atan, olayla ilgili cevaplanmas\u0131 gereken sorular ve hesap vermesi gereken makamlar oldu\u011funu ifade etti.<\/p>\n<p data-start=\"863\" data-end=\"1061\">Kazaya kar\u0131\u015fan geminin <strong data-start=\"886\" data-end=\"977\">teknik durumu, denetimleri, seyre elveri\u015flilik \u015fartlar\u0131, izinleri ve bak\u0131m s\u00fcre\u00e7lerinin<\/strong> hi\u00e7bir ku\u015fkuya yer b\u0131rakmayacak \u015fekilde kamuoyuna a\u00e7\u0131klanmas\u0131 gerekti\u011fini belirtti.<\/p>\n<h2 data-section-id=\"j1uldc\" data-start=\"1063\" data-end=\"1103\">BA\u011eIMSIZ VE \u015eEFFAF SORU\u015eTURMA \u00c7A\u011eRISI<\/h2>\n<p data-start=\"1105\" data-end=\"1285\">Atan, Bay\u0131nd\u0131rl\u0131k ve Ula\u015ft\u0131rma Bakanl\u0131\u011f\u0131 ba\u015fta olmak \u00fczere denetim ve g\u00f6zetim sorumlulu\u011fu bulunan t\u00fcm kurumlar\u0131n uygulamalar\u0131n\u0131n ba\u011f\u0131ms\u0131z ve \u015feffaf bi\u00e7imde soru\u015fturulmas\u0131n\u0131 istedi.<\/p>\n<p data-start=\"1287\" data-end=\"1497\"><strong data-start=\"1287\" data-end=\"1355\">\u201cSiyasi sorumluluk yaln\u0131zca a\u00e7\u0131klama yapmakla yerine getirilmez\u201d<\/strong> diyen Atan, sorumluluk makam\u0131nda bulunan ki\u015filerin b\u00f6ylesine b\u00fcy\u00fck bir facian\u0131n ard\u0131ndan siyasi bedel \u00f6demeyi de bilmesi gerekti\u011fini s\u00f6yledi.<\/p>\n<h2 data-section-id=\"1qsgbhl\" data-start=\"1499\" data-end=\"1526\">ARIKLI\u2019YA \u0130ST\u0130FA \u00c7A\u011eRISI<\/h2>\n<p data-start=\"1528\" data-end=\"1664\">Atan, <strong data-start=\"1534\" data-end=\"1658\">\u201cBu nedenle Bay\u0131nd\u0131rl\u0131k ve Ula\u015ft\u0131rma Bakan\u0131 Erhan Ar\u0131kl\u0131\u2019n\u0131n g\u00f6revinden istifa etmesi gerekti\u011fini a\u00e7\u0131k\u00e7a ifade ediyoruz\u201d<\/strong> dedi.<\/p>\n<p data-start=\"1666\" data-end=\"1810\">\u0130stifan\u0131n su\u00e7un kabul\u00fc anlam\u0131na gelmedi\u011fini belirten Atan, bunun demokratik y\u00f6netim anlay\u0131\u015f\u0131nda siyasi sorumlulu\u011fun bir gere\u011fi oldu\u011funu savundu.<\/p>\n<h2 data-section-id=\"xr3bh4\" data-start=\"1812\" data-end=\"1855\">\u201c\u0130HMAL\u0130 BULUNAN K\u0130M VARSA HESAP VERMEL\u0130\u201d<\/h2>\n<p data-start=\"1857\" data-end=\"2088\">Toplumun ger\u00e7eklerin saklanmamas\u0131n\u0131 bekledi\u011fini ifade eden Atan, hi\u00e7bir kurum veya ki\u015finin korunmamas\u0131 ve ihmali ya da kusuru bulundu\u011fu tespit edilen herkesin makam\u0131na bak\u0131lmaks\u0131z\u0131n yarg\u0131 \u00f6n\u00fcnde hesap vermesi gerekti\u011fini vurgulad\u0131.<\/p>\n<p data-start=\"2090\" data-end=\"2339\">Kamu-Sen olarak facian\u0131n \u00fczerinin \u00f6rt\u00fclmesine, sorumlulu\u011fun kurumlar aras\u0131nda da\u011f\u0131t\u0131larak belirsizle\u015ftirilmesine veya olay\u0131n zaman i\u00e7erisinde unutturulmas\u0131na izin verilmemesi gerekti\u011fini belirten Atan, s\u00fcrecin takip\u00e7isi olacaklar\u0131n\u0131n mesaj\u0131n\u0131 verdi.<\/p>\n","protected":false},"excerpt":{"rendered":"<p>Kamu-Sen Ba\u015fkan\u0131 Metin Atan, Girne a\u00e7\u0131klar\u0131nda ya\u015fanan ve can kay\u0131plar\u0131yla sonu\u00e7lanan gemi facias\u0131n\u0131n ard\u0131ndan Bay\u0131nd\u0131rl\u0131k ve Ula\u015ft\u0131rma Bakan\u0131 Erhan Ar\u0131kl\u0131\u2019y\u0131 istifaya davet etti. Atan, ya\u015fananlar\u0131n ard\u0131ndan siyasi sorumluluk \u00fcstlenilmesi gerekti\u011fini belirterek, \u201cSorumluluk makam\u0131nda oturanlar bedel \u00f6demeyi de bilmeli\u201d dedi. Atan, facian\u0131n toplumu derin bir ac\u0131ya s\u00fcr\u00fckledi\u011fini belirterek, ya\u015fananlar\u0131n ard\u0131ndan yaln\u0131zca ba\u015fsa\u011fl\u0131\u011f\u0131 mesajlar\u0131 yay\u0131mlanmas\u0131n\u0131n ve soru\u015fturma [&hellip;]<\/p>\n","protected":false},"author":1,"featured_media":45800,"comment_status":"open","ping_status":"open","sticky":false,"template":"","format":"standard","meta":{"jnews-multi-image_gallery":[],"jnews_single_post":{"subtitle":"","format":"standard","override":[{"template":"1","parallax":"1","fullscreen":"1","layout":"right-sidebar","sidebar":"default-sidebar","second_sidebar":"default-sidebar","sticky_sidebar":"1","share_position":"top","share_float_style":"share-monocrhome","show_featured":"1","show_post_author":"1","show_post_author_image":"1","show_post_date":"1","post_date_format":"default","post_date_format_custom":"Y\/m\/d","show_post_category":"1","show_post_reading_time":"0","post_reading_time_wpm":"300","post_calculate_word_method":"str_word_count","show_zoom_button":"0","zoom_button_out_step":"2","zoom_button_in_step":"3","show_post_tag":"1","show_prev_next_post":"1","show_popup_post":"1","show_comment_section":"1","number_popup_post":"1","show_author_box":"0","show_post_related":"0","show_inline_post_related":"0"}],"image_override":[{"single_post_thumbnail_size":"crop-500","single_post_gallery_size":"crop-500"}],"trending_post_position":"meta","trending_post_label":"Trending","sponsored_post_label":"Sponsored by","disable_ad":"0"},"jnews_primary_category":[],"jnews_social_meta":[],"jnews_override_counter":{"view_counter_number":"0","share_counter_number":"0","like_counter_number":"0","dislike_counter_number":"0"},"footnotes":""},"categories":[1],"tags":[5687,7027,395,6727,6484],"class_list":["post-45799","post","type-post","status-publish","format-standard","has-post-thumbnail","hentry","category-kibris","tag-erhan-arikli","tag-gemi-faciasi","tag-girne","tag-kamu-sen","tag-metin-atan"],"yoast_head":"<!-- This site is optimized with the Yoast SEO plugin v28.3 - https:\/\/yoast.com\/product\/yoast-seo-wordpress\/ -->\n<title>Atan, Ar\u0131kl\u0131\u2019y\u0131 istifaya davet etti: Sorumluluk makam\u0131nda oturanlar bedel \u00f6demeyi de bilmeli - Kuzeyin Sesi<\/title>\n<meta name=\"robots\" content=\"index, follow, max-snippet:-1, max-image-preview:large, max-video-preview:-1\" \/>\n<link rel=\"canonical\" href=\"https:\/\/kuzeyinsesi.org\/index.php\/2026\/08\/31\/atan-arikliyi-istifaya-davet-etti-sorumluluk-makaminda-oturanlar-bedel-odemeyi-de-bilmeli\/\" \/>\n<meta property=\"og:locale\" content=\"tr_TR\" \/>\n<meta property=\"og:type\" content=\"article\" \/>\n<meta property=\"og:title\" content=\"Atan, Ar\u0131kl\u0131\u2019y\u0131 istifaya davet etti: Sorumluluk makam\u0131nda oturanlar bedel \u00f6demeyi de bilmeli - Kuzeyin Sesi\" \/>\n<meta property=\"og:description\" content=\"Kamu-Sen Ba\u015fkan\u0131 Metin Atan, Girne a\u00e7\u0131klar\u0131nda ya\u015fanan ve can kay\u0131plar\u0131yla sonu\u00e7lanan gemi facias\u0131n\u0131n ard\u0131ndan Bay\u0131nd\u0131rl\u0131k ve Ula\u015ft\u0131rma Bakan\u0131 Erhan Ar\u0131kl\u0131\u2019y\u0131 istifaya davet etti. Atan, ya\u015fananlar\u0131n ard\u0131ndan siyasi sorumluluk \u00fcstlenilmesi gerekti\u011fini belirterek, \u201cSorumluluk makam\u0131nda oturanlar bedel \u00f6demeyi de bilmeli\u201d dedi. Atan, facian\u0131n toplumu derin bir ac\u0131ya s\u00fcr\u00fckledi\u011fini belirterek, ya\u015fananlar\u0131n ard\u0131ndan yaln\u0131zca ba\u015fsa\u011fl\u0131\u011f\u0131 mesajlar\u0131 yay\u0131mlanmas\u0131n\u0131n ve soru\u015fturma [&hellip;]\" \/>\n<meta property=\"og:url\" content=\"https:\/\/kuzeyinsesi.org\/index.php\/2026\/08\/31\/atan-arikliyi-istifaya-davet-etti-sorumluluk-makaminda-oturanlar-bedel-odemeyi-de-bilmeli\/\" \/>\n<meta property=\"og:site_name\" content=\"Kuzeyin Sesi\" \/>\n<meta property=\"article:publisher\" content=\"https:\/\/www.facebook.com\/kuzeyinsesii\" \/>\n<meta property=\"article:published_time\" content=\"2026-08-31T07:28:56+00:00\" \/>\n<meta property=\"og:image\" content=\"https:\/\/kuzeyinsesi.org\/wp-content\/uploads\/2026\/08\/Kuzeyinsesikj-2026-08-31T102640.331.jpg\" \/>\n\t<meta property=\"og:image:width\" content=\"1600\" \/>\n\t<meta property=\"og:image:height\" content=\"900\" \/>\n\t<meta property=\"og:image:type\" content=\"image\/jpeg\" \/>\n<meta name=\"author\" content=\"Kuzeyin Sesi\" \/>\n<meta name=\"twitter:card\" content=\"summary_large_image\" \/>\n<meta name=\"twitter:creator\" content=\"@kuzeyinsesii\" \/>\n<meta name=\"twitter:site\" content=\"@kuzeyinsesii\" \/>\n<meta name=\"twitter:label1\" content=\"Yazan:\" \/>\n\t<meta name=\"twitter:data1\" content=\"Kuzeyin Sesi\" \/>\n\t<meta name=\"twitter:label2\" content=\"Tahmini okuma s\u00fcresi\" \/>\n\t<meta name=\"twitter:data2\" content=\"2 dakika\" \/>\n<script type=\"application\/ld+json\" class=\"yoast-schema-graph\">{\"@context\":\"https:\\\/\\\/schema.org\",\"@graph\":[{\"@type\":\"Article\",\"@id\":\"https:\\\/\\\/kuzeyinsesi.org\\\/index.php\\\/2026\\\/08\\\/31\\\/atan-arikliyi-istifaya-davet-etti-sorumluluk-makaminda-oturanlar-bedel-odemeyi-de-bilmeli\\\/#article\",\"isPartOf\":{\"@id\":\"https:\\\/\\\/kuzeyinsesi.org\\\/index.php\\\/2026\\\/08\\\/31\\\/atan-arikliyi-istifaya-davet-etti-sorumluluk-makaminda-oturanlar-bedel-odemeyi-de-bilmeli\\\/\"},\"author\":{\"name\":\"Kuzeyin Sesi\",\"@id\":\"https:\\\/\\\/kuzeyinsesi.org\\\/#\\\/schema\\\/person\\\/9f859689cdf01485597712386e37f5aa\"},\"headline\":\"Atan, Ar\u0131kl\u0131\u2019y\u0131 istifaya davet etti: Sorumluluk makam\u0131nda oturanlar bedel \u00f6demeyi de bilmeli\",\"datePublished\":\"2026-08-31T07:28:56+00:00\",\"mainEntityOfPage\":{\"@id\":\"https:\\\/\\\/kuzeyinsesi.org\\\/index.php\\\/2026\\\/08\\\/31\\\/atan-arikliyi-istifaya-davet-etti-sorumluluk-makaminda-oturanlar-bedel-odemeyi-de-bilmeli\\\/\"},\"wordCount\":411,\"commentCount\":0,\"image\":{\"@id\":\"https:\\\/\\\/kuzeyinsesi.org\\\/index.php\\\/2026\\\/08\\\/31\\\/atan-arikliyi-istifaya-davet-etti-sorumluluk-makaminda-oturanlar-bedel-odemeyi-de-bilmeli\\\/#primaryimage\"},\"thumbnailUrl\":\"https:\\\/\\\/kuzeyinsesi.org\\\/wp-content\\\/uploads\\\/2026\\\/08\\\/Kuzeyinsesikj-2026-08-31T102640.331.jpg\",\"keywords\":[\"Erhan Ar\u0131kl\u0131\",\"Gemi Facias\u0131\",\"Girne\",\"Kamu-Sen\",\"Metin Atan\"],\"articleSection\":[\"K\u0131br\u0131s\"],\"inLanguage\":\"tr\",\"potentialAction\":[{\"@type\":\"CommentAction\",\"name\":\"Comment\",\"target\":[\"https:\\\/\\\/kuzeyinsesi.org\\\/index.php\\\/2026\\\/08\\\/31\\\/atan-arikliyi-istifaya-davet-etti-sorumluluk-makaminda-oturanlar-bedel-odemeyi-de-bilmeli\\\/#respond\"]}]},{\"@type\":\"WebPage\",\"@id\":\"https:\\\/\\\/kuzeyinsesi.org\\\/index.php\\\/2026\\\/08\\\/31\\\/atan-arikliyi-istifaya-davet-etti-sorumluluk-makaminda-oturanlar-bedel-odemeyi-de-bilmeli\\\/\",\"url\":\"https:\\\/\\\/kuzeyinsesi.org\\\/index.php\\\/2026\\\/08\\\/31\\\/atan-arikliyi-istifaya-davet-etti-sorumluluk-makaminda-oturanlar-bedel-odemeyi-de-bilmeli\\\/\",\"name\":\"Atan, Ar\u0131kl\u0131\u2019y\u0131 istifaya davet etti: Sorumluluk makam\u0131nda oturanlar bedel \u00f6demeyi de bilmeli - Kuzeyin Sesi\",\"isPartOf\":{\"@id\":\"https:\\\/\\\/kuzeyinsesi.org\\\/#website\"},\"primaryImageOfPage\":{\"@id\":\"https:\\\/\\\/kuzeyinsesi.org\\\/index.php\\\/2026\\\/08\\\/31\\\/atan-arikliyi-istifaya-davet-etti-sorumluluk-makaminda-oturanlar-bedel-odemeyi-de-bilmeli\\\/#primaryimage\"},\"image\":{\"@id\":\"https:\\\/\\\/kuzeyinsesi.org\\\/index.php\\\/2026\\\/08\\\/31\\\/atan-arikliyi-istifaya-davet-etti-sorumluluk-makaminda-oturanlar-bedel-odemeyi-de-bilmeli\\\/#primaryimage\"},\"thumbnailUrl\":\"https:\\\/\\\/kuzeyinsesi.org\\\/wp-content\\\/uploads\\\/2026\\\/08\\\/Kuzeyinsesikj-2026-08-31T102640.331.jpg\",\"datePublished\":\"2026-08-31T07:28:56+00:00\",\"author\":{\"@id\":\"https:\\\/\\\/kuzeyinsesi.org\\\/#\\\/schema\\\/person\\\/9f859689cdf01485597712386e37f5aa\"},\"breadcrumb\":{\"@id\":\"https:\\\/\\\/kuzeyinsesi.org\\\/index.php\\\/2026\\\/08\\\/31\\\/atan-arikliyi-istifaya-davet-etti-sorumluluk-makaminda-oturanlar-bedel-odemeyi-de-bilmeli\\\/#breadcrumb\"},\"inLanguage\":\"tr\",\"potentialAction\":[{\"@type\":\"ReadAction\",\"target\":[\"https:\\\/\\\/kuzeyinsesi.org\\\/index.php\\\/2026\\\/08\\\/31\\\/atan-arikliyi-istifaya-davet-etti-sorumluluk-makaminda-oturanlar-bedel-odemeyi-de-bilmeli\\\/\"]}]},{\"@type\":\"ImageObject\",\"inLanguage\":\"tr\",\"@id\":\"https:\\\/\\\/kuzeyinsesi.org\\\/index.php\\\/2026\\\/08\\\/31\\\/atan-arikliyi-istifaya-davet-etti-sorumluluk-makaminda-oturanlar-bedel-odemeyi-de-bilmeli\\\/#primaryimage\",\"url\":\"https:\\\/\\\/kuzeyinsesi.org\\\/wp-content\\\/uploads\\\/2026\\\/08\\\/Kuzeyinsesikj-2026-08-31T102640.331.jpg\",\"contentUrl\":\"https:\\\/\\\/kuzeyinsesi.org\\\/wp-content\\\/uploads\\\/2026\\\/08\\\/Kuzeyinsesikj-2026-08-31T102640.331.jpg\",\"width\":1600,\"height\":900},{\"@type\":\"BreadcrumbList\",\"@id\":\"https:\\\/\\\/kuzeyinsesi.org\\\/index.php\\\/2026\\\/08\\\/31\\\/atan-arikliyi-istifaya-davet-etti-sorumluluk-makaminda-oturanlar-bedel-odemeyi-de-bilmeli\\\/#breadcrumb\",\"itemListElement\":[{\"@type\":\"ListItem\",\"position\":1,\"name\":\"Anasayfa\",\"item\":\"https:\\\/\\\/kuzeyinsesi.org\\\/\"},{\"@type\":\"ListItem\",\"position\":2,\"name\":\"Atan, Ar\u0131kl\u0131\u2019y\u0131 istifaya davet etti: Sorumluluk makam\u0131nda oturanlar bedel \u00f6demeyi de bilmeli\"}]},{\"@type\":\"WebSite\",\"@id\":\"https:\\\/\\\/kuzeyinsesi.org\\\/#website\",\"url\":\"https:\\\/\\\/kuzeyinsesi.org\\\/\",\"name\":\"Kuzeyin Sesi\",\"description\":\"Do\u011fru Haberin Adresi\",\"potentialAction\":[{\"@type\":\"SearchAction\",\"target\":{\"@type\":\"EntryPoint\",\"urlTemplate\":\"https:\\\/\\\/kuzeyinsesi.org\\\/?s={search_term_string}\"},\"query-input\":{\"@type\":\"PropertyValueSpecification\",\"valueRequired\":true,\"valueName\":\"search_term_string\"}}],\"inLanguage\":\"tr\"},{\"@type\":\"Person\",\"@id\":\"https:\\\/\\\/kuzeyinsesi.org\\\/#\\\/schema\\\/person\\\/9f859689cdf01485597712386e37f5aa\",\"name\":\"Kuzeyin Sesi\",\"image\":{\"@type\":\"ImageObject\",\"inLanguage\":\"tr\",\"@id\":\"https:\\\/\\\/secure.gravatar.com\\\/avatar\\\/bab33852abfd8b282518d6ed81826833d77c3c882d9ab608add591ccace47a44?s=96&d=mm&r=g\",\"url\":\"https:\\\/\\\/secure.gravatar.com\\\/avatar\\\/bab33852abfd8b282518d6ed81826833d77c3c882d9ab608add591ccace47a44?s=96&d=mm&r=g\",\"contentUrl\":\"https:\\\/\\\/secure.gravatar.com\\\/avatar\\\/bab33852abfd8b282518d6ed81826833d77c3c882d9ab608add591ccace47a44?s=96&d=mm&r=g\",\"caption\":\"Kuzeyin Sesi\"},\"sameAs\":[\"https:\\\/\\\/kuzeyinsesi.org\"],\"url\":\"https:\\\/\\\/kuzeyinsesi.org\\\/index.php\\\/author\\\/guven\\\/\"}]}<\/script>\n<!-- \/ Yoast SEO plugin. -->","yoast_head_json":{"title":"Atan, Ar\u0131kl\u0131\u2019y\u0131 istifaya davet etti: Sorumluluk makam\u0131nda oturanlar bedel \u00f6demeyi de bilmeli - Kuzeyin Sesi","robots":{"index":"index","follow":"follow","max-snippet":"max-snippet:-1","max-image-preview":"max-image-preview:large","max-video-preview":"max-video-preview:-1"},"canonical":"https:\/\/kuzeyinsesi.org\/index.php\/2026\/08\/31\/atan-arikliyi-istifaya-davet-etti-sorumluluk-makaminda-oturanlar-bedel-odemeyi-de-bilmeli\/","og_locale":"tr_TR","og_type":"article","og_title":"Atan, Ar\u0131kl\u0131\u2019y\u0131 istifaya davet etti: Sorumluluk makam\u0131nda oturanlar bedel \u00f6demeyi de bilmeli - Kuzeyin Sesi","og_description":"Kamu-Sen Ba\u015fkan\u0131 Metin Atan, Girne a\u00e7\u0131klar\u0131nda ya\u015fanan ve can kay\u0131plar\u0131yla sonu\u00e7lanan gemi facias\u0131n\u0131n ard\u0131ndan Bay\u0131nd\u0131rl\u0131k ve Ula\u015ft\u0131rma Bakan\u0131 Erhan Ar\u0131kl\u0131\u2019y\u0131 istifaya davet etti. Atan, ya\u015fananlar\u0131n ard\u0131ndan siyasi sorumluluk \u00fcstlenilmesi gerekti\u011fini belirterek, \u201cSorumluluk makam\u0131nda oturanlar bedel \u00f6demeyi de bilmeli\u201d dedi. Atan, facian\u0131n toplumu derin bir ac\u0131ya s\u00fcr\u00fckledi\u011fini belirterek, ya\u015fananlar\u0131n ard\u0131ndan yaln\u0131zca ba\u015fsa\u011fl\u0131\u011f\u0131 mesajlar\u0131 yay\u0131mlanmas\u0131n\u0131n ve soru\u015fturma [&hellip;]","og_url":"https:\/\/kuzeyinsesi.org\/index.php\/2026\/08\/31\/atan-arikliyi-istifaya-davet-etti-sorumluluk-makaminda-oturanlar-bedel-odemeyi-de-bilmeli\/","og_site_name":"Kuzeyin Sesi","article_publisher":"https:\/\/www.facebook.com\/kuzeyinsesii","article_published_time":"2026-08-31T07:28:56+00:00","og_image":[{"width":1600,"height":900,"url":"https:\/\/kuzeyinsesi.org\/wp-content\/uploads\/2026\/08\/Kuzeyinsesikj-2026-08-31T102640.331.jpg","type":"image\/jpeg"}],"author":"Kuzeyin Sesi","twitter_card":"summary_large_image","twitter_creator":"@kuzeyinsesii","twitter_site":"@kuzeyinsesii","twitter_misc":{"Yazan:":"Kuzeyin Sesi","Tahmini okuma s\u00fcresi":"2 dakika"},"schema":{"@context":"https:\/\/schema.org","@graph":[{"@type":"Article","@id":"https:\/\/kuzeyinsesi.org\/index.php\/2026\/08\/31\/atan-arikliyi-istifaya-davet-etti-sorumluluk-makaminda-oturanlar-bedel-odemeyi-de-bilmeli\/#article","isPartOf":{"@id":"https:\/\/kuzeyinsesi.org\/index.php\/2026\/08\/31\/atan-arikliyi-istifaya-davet-etti-sorumluluk-makaminda-oturanlar-bedel-odemeyi-de-bilmeli\/"},"author":{"name":"Kuzeyin Sesi","@id":"https:\/\/kuzeyinsesi.org\/#\/schema\/person\/9f859689cdf01485597712386e37f5aa"},"headline":"Atan, Ar\u0131kl\u0131\u2019y\u0131 istifaya davet etti: Sorumluluk makam\u0131nda oturanlar bedel \u00f6demeyi de bilmeli","datePublished":"2026-08-31T07:28:56+00:00","mainEntityOfPage":{"@id":"https:\/\/kuzeyinsesi.org\/index.php\/2026\/08\/31\/atan-arikliyi-istifaya-davet-etti-sorumluluk-makaminda-oturanlar-bedel-odemeyi-de-bilmeli\/"},"wordCount":411,"commentCount":0,"image":{"@id":"https:\/\/kuzeyinsesi.org\/index.php\/2026\/08\/31\/atan-arikliyi-istifaya-davet-etti-sorumluluk-makaminda-oturanlar-bedel-odemeyi-de-bilmeli\/#primaryimage"},"thumbnailUrl":"https:\/\/kuzeyinsesi.org\/wp-content\/uploads\/2026\/08\/Kuzeyinsesikj-2026-08-31T102640.331.jpg","keywords":["Erhan Ar\u0131kl\u0131","Gemi Facias\u0131","Girne","Kamu-Sen","Metin Atan"],"articleSection":["K\u0131br\u0131s"],"inLanguage":"tr","potentialAction":[{"@type":"CommentAction","name":"Comment","target":["https:\/\/kuzeyinsesi.org\/index.php\/2026\/08\/31\/atan-arikliyi-istifaya-davet-etti-sorumluluk-makaminda-oturanlar-bedel-odemeyi-de-bilmeli\/#respond"]}]},{"@type":"WebPage","@id":"https:\/\/kuzeyinsesi.org\/index.php\/2026\/08\/31\/atan-arikliyi-istifaya-davet-etti-sorumluluk-makaminda-oturanlar-bedel-odemeyi-de-bilmeli\/","url":"https:\/\/kuzeyinsesi.org\/index.php\/2026\/08\/31\/atan-arikliyi-istifaya-davet-etti-sorumluluk-makaminda-oturanlar-bedel-odemeyi-de-bilmeli\/","name":"Atan, Ar\u0131kl\u0131\u2019y\u0131 istifaya davet etti: Sorumluluk makam\u0131nda oturanlar bedel \u00f6demeyi de bilmeli - Kuzeyin Sesi","isPartOf":{"@id":"https:\/\/kuzeyinsesi.org\/#website"},"primaryImageOfPage":{"@id":"https:\/\/kuzeyinsesi.org\/index.php\/2026\/08\/31\/atan-arikliyi-istifaya-davet-etti-sorumluluk-makaminda-oturanlar-bedel-odemeyi-de-bilmeli\/#primaryimage"},"image":{"@id":"https:\/\/kuzeyinsesi.org\/index.php\/2026\/08\/31\/atan-arikliyi-istifaya-davet-etti-sorumluluk-makaminda-oturanlar-bedel-odemeyi-de-bilmeli\/#primaryimage"},"thumbnailUrl":"https:\/\/kuzeyinsesi.org\/wp-content\/uploads\/2026\/08\/Kuzeyinsesikj-2026-08-31T102640.331.jpg","datePublished":"2026-08-31T07:28:56+00:00","author":{"@id":"https:\/\/kuzeyinsesi.org\/#\/schema\/person\/9f859689cdf01485597712386e37f5aa"},"breadcrumb":{"@id":"https:\/\/kuzeyinsesi.org\/index.php\/2026\/08\/31\/atan-arikliyi-istifaya-davet-etti-sorumluluk-makaminda-oturanlar-bedel-odemeyi-de-bilmeli\/#breadcrumb"},"inLanguage":"tr","potentialAction":[{"@type":"ReadAction","target":["https:\/\/kuzeyinsesi.org\/index.php\/2026\/08\/31\/atan-arikliyi-istifaya-davet-etti-sorumluluk-makaminda-oturanlar-bedel-odemeyi-de-bilmeli\/"]}]},{"@type":"ImageObject","inLanguage":"tr","@id":"https:\/\/kuzeyinsesi.org\/index.php\/2026\/08\/31\/atan-arikliyi-istifaya-davet-etti-sorumluluk-makaminda-oturanlar-bedel-odemeyi-de-bilmeli\/#primaryimage","url":"https:\/\/kuzeyinsesi.org\/wp-content\/uploads\/2026\/08\/Kuzeyinsesikj-2026-08-31T102640.331.jpg","contentUrl":"https:\/\/kuzeyinsesi.org\/wp-content\/uploads\/2026\/08\/Kuzeyinsesikj-2026-08-31T102640.331.jpg","width":1600,"height":900},{"@type":"BreadcrumbList","@id":"https:\/\/kuzeyinsesi.org\/index.php\/2026\/08\/31\/atan-arikliyi-istifaya-davet-etti-sorumluluk-makaminda-oturanlar-bedel-odemeyi-de-bilmeli\/#breadcrumb","itemListElement":[{"@type":"ListItem","position":1,"name":"Anasayfa","item":"https:\/\/kuzeyinsesi.org\/"},{"@type":"ListItem","position":2,"name":"Atan, Ar\u0131kl\u0131\u2019y\u0131 istifaya davet etti: Sorumluluk makam\u0131nda oturanlar bedel \u00f6demeyi de bilmeli"}]},{"@type":"WebSite","@id":"https:\/\/kuzeyinsesi.org\/#website","url":"https:\/\/kuzeyinsesi.org\/","name":"Kuzeyin Sesi","description":"Do\u011fru Haberin Adresi","potentialAction":[{"@type":"SearchAction","target":{"@type":"EntryPoint","urlTemplate":"https:\/\/kuzeyinsesi.org\/?s={search_term_string}"},"query-input":{"@type":"PropertyValueSpecification","valueRequired":true,"valueName":"search_term_string"}}],"inLanguage":"tr"},{"@type":"Person","@id":"https:\/\/kuzeyinsesi.org\/#\/schema\/person\/9f859689cdf01485597712386e37f5aa","name":"Kuzeyin Sesi","image":{"@type":"ImageObject","inLanguage":"tr","@id":"https:\/\/secure.gravatar.com\/avatar\/bab33852abfd8b282518d6ed81826833d77c3c882d9ab608add591ccace47a44?s=96&d=mm&r=g","url":"https:\/\/secure.gravatar.com\/avatar\/bab33852abfd8b282518d6ed81826833d77c3c882d9ab608add591ccace47a44?s=96&d=mm&r=g","contentUrl":"https:\/\/secure.gravatar.com\/avatar\/bab33852abfd8b282518d6ed81826833d77c3c882d9ab608add591ccace47a44?s=96&d=mm&r=g","caption":"Kuzeyin Sesi"},"sameAs":["https:\/\/kuzeyinsesi.org"],"url":"https:\/\/kuzeyinsesi.org\/index.php\/author\/guven\/"}]}},"_links":{"self":[{"href":"https:\/\/kuzeyinsesi.org\/index.php\/wp-json\/wp\/v2\/posts\/45799","targetHints":{"allow":["GET"]}}],"collection":[{"href":"https:\/\/kuzeyinsesi.org\/index.php\/wp-json\/wp\/v2\/posts"}],"about":[{"href":"https:\/\/kuzeyinsesi.org\/index.php\/wp-json\/wp\/v2\/types\/post"}],"author":[{"embeddable":true,"href":"https:\/\/kuzeyinsesi.org\/index.php\/wp-json\/wp\/v2\/users\/1"}],"replies":[{"embeddable":true,"href":"https:\/\/kuzeyinsesi.org\/index.php\/wp-json\/wp\/v2\/comments?post=45799"}],"version-history":[{"count":1,"href":"https:\/\/kuzeyinsesi.org\/index.php\/wp-json\/wp\/v2\/posts\/45799\/revisions"}],"predecessor-version":[{"id":45801,"href":"https:\/\/kuzeyinsesi.org\/index.php\/wp-json\/wp\/v2\/posts\/45799\/revisions\/45801"}],"wp:featuredmedia":[{"embeddable":true,"href":"https:\/\/kuzeyinsesi.org\/index.php\/wp-json\/wp\/v2\/media\/45800"}],"wp:attachment":[{"href":"https:\/\/kuzeyinsesi.org\/index.php\/wp-json\/wp\/v2\/media?parent=45799"}],"wp:term":[{"taxonomy":"category","embeddable":true,"href":"https:\/\/kuzeyinsesi.org\/index.php\/wp-json\/wp\/v2\/categories?post=45799"},{"taxonomy":"post_tag","embeddable":true,"href":"https:\/\/kuzeyinsesi.org\/index.php\/wp-json\/wp\/v2\/tags?post=45799"}],"curies":[{"name":"wp","href":"https:\/\/api.w.org\/{rel}","templated":true}]}}