{"id":45784,"date":"2026-08-30T12:00:29","date_gmt":"2026-08-30T09:00:29","guid":{"rendered":"https:\/\/kuzeyinsesi.org\/?p=45784"},"modified":"2026-08-30T12:00:29","modified_gmt":"2026-08-30T09:00:29","slug":"30-agustos-zafer-bayrami-dolayisiyla-ataturk-anitinda-toren-duzenlendi","status":"publish","type":"post","link":"https:\/\/kuzeyinsesi.org\/index.php\/2026\/08\/30\/30-agustos-zafer-bayrami-dolayisiyla-ataturk-anitinda-toren-duzenlendi\/","title":{"rendered":"30 A\u011fustos Zafer Bayram\u0131 dolay\u0131s\u0131yla Atat\u00fcrk An\u0131t\u0131\u2019nda t\u00f6ren d\u00fczenlendi"},"content":{"rendered":"<p data-start=\"100\" data-end=\"441\">30 A\u011fustos Zafer Bayram\u0131\u2019n\u0131n <strong data-start=\"129\" data-end=\"152\">104\u2019\u00fcnc\u00fc y\u0131l d\u00f6n\u00fcm\u00fc<\/strong> dolay\u0131s\u0131yla Lefko\u015fa Atat\u00fcrk An\u0131t\u0131 \u00f6n\u00fcnde t\u00f6ren d\u00fczenlendi. T\u00f6rende \u00e7elenkler sunulurken, Cumhurba\u015fkan\u0131 <strong data-start=\"256\" data-end=\"274\">Tufan Erh\u00fcrman<\/strong>, T\u00fcrkiye Cumhuriyeti Lefko\u015fa B\u00fcy\u00fckel\u00e7isi <strong data-start=\"316\" data-end=\"337\">Ali Murat Ba\u015f\u00e7eri<\/strong> ve K\u0131br\u0131s T\u00fcrk Bar\u0131\u015f Kuvvetleri Komutan\u0131 Korgeneral <strong data-start=\"390\" data-end=\"409\">Ertan \u0130naltekin<\/strong>, An\u0131t \u00d6zel Defteri\u2019ni imzalad\u0131.<\/p>\n<p data-start=\"443\" data-end=\"903\">T\u00f6rene Cumhurba\u015fkan\u0131 Tufan Erh\u00fcrman, Cumhuriyet Meclisi Ba\u015fkan\u0131 Ziya \u00d6zt\u00fcrkler, Ba\u015fbakan \u00dcnal \u00dcstel, Y\u00fcksek Mahkeme Ba\u015fkan\u0131 Bertan \u00d6zerda\u011f, 2. Cumhurba\u015fkan\u0131 Mehmet Ali Talat, T\u00fcrkiye Cumhuriyeti Lefko\u015fa B\u00fcy\u00fckel\u00e7isi Ali Murat Ba\u015f\u00e7eri, K\u0131br\u0131s T\u00fcrk Bar\u0131\u015f Kuvvetleri Komutan\u0131 Korgeneral Ertan \u0130naltekin, G\u00fcvenlik Kuvvetleri Komutan\u0131 T\u00fcmgeneral \u015e\u00fckr\u00fc Bilir, CTP Genel Ba\u015fkan\u0131 S\u0131la Usar \u0130ncirli, baz\u0131 bakan ve milletvekilleri ile LTB Ba\u015fkan\u0131 Mehmet Harmanc\u0131 kat\u0131ld\u0131.<\/p>\n<h2 data-section-id=\"sn8rke\" data-start=\"905\" data-end=\"935\">ANIT \u00d6ZEL DEFTER\u0130 \u0130MZALANDI<\/h2>\n<p data-start=\"937\" data-end=\"1097\">T\u00f6rende protokol s\u0131ras\u0131na g\u00f6re \u00e7elenklerin Atat\u00fcrk An\u0131t\u0131\u2019na sunulmas\u0131n\u0131n ard\u0131ndan sayg\u0131 duru\u015funda bulunuldu. \u0130stiklal Mar\u015f\u0131 e\u015fli\u011finde bayraklar g\u00f6ndere \u00e7ekildi.<\/p>\n<p data-start=\"1099\" data-end=\"1186\">T\u00f6ren, Erh\u00fcrman, Ba\u015f\u00e7eri ve \u0130naltekin\u2019in An\u0131t \u00d6zel Defteri\u2019ni imzalamas\u0131yla tamamland\u0131.<\/p>\n<h2 data-section-id=\"8krdcz\" data-start=\"1188\" data-end=\"1239\">ERH\u00dcRMAN: B\u00dcY\u00dcK ZAFER E\u015eS\u0130Z B\u0130R D\u00d6N\u00dcM NOKTASIDIR<\/h2>\n<p data-start=\"1241\" data-end=\"1450\">Cumhurba\u015fkan\u0131 Tufan Erh\u00fcrman, An\u0131t \u00d6zel Defteri\u2019ne yazd\u0131\u011f\u0131 mesajda, Mustafa Kemal Atat\u00fcrk\u2019\u00fcn kararl\u0131l\u0131\u011f\u0131, cesareti ve ileri g\u00f6r\u00fc\u015fl\u00fcl\u00fc\u011f\u00fcn\u00fcn K\u0131br\u0131s T\u00fcrk halk\u0131n\u0131n varolu\u015f m\u00fccadelesine de \u00f6rnek oldu\u011funu vurgulad\u0131.<\/p>\n<p data-start=\"1452\" data-end=\"1690\">Erh\u00fcrman, <strong data-start=\"1462\" data-end=\"1566\">\u201c30 A\u011fustos 1922\u2019de kazand\u0131\u011f\u0131n\u0131z B\u00fcy\u00fck Zafer, tarihin ak\u0131\u015f\u0131n\u0131 de\u011fi\u015ftiren e\u015fsiz bir d\u00f6n\u00fcm noktas\u0131d\u0131r\u201d<\/strong> ifadelerini kullanarak, K\u0131br\u0131s T\u00fcrk halk\u0131n\u0131n \u00f6zg\u00fcrl\u00fc\u011f\u00fcne, g\u00fcvenli\u011fine ve gelece\u011fine sahip \u00e7\u0131kmaya devam edece\u011fini belirtti.<\/p>\n<p data-start=\"1692\" data-end=\"1824\">Erh\u00fcrman, hedeflerinin Atat\u00fcrk\u2019\u00fcn miras b\u0131rakt\u0131\u011f\u0131 \u00e7a\u011fda\u015f de\u011ferleri ya\u015fatarak daha ayd\u0131nl\u0131k bir gelecek in\u015fa etmek oldu\u011funu kaydetti.<\/p>\n<h2 data-section-id=\"1aiy6c5\" data-start=\"1826\" data-end=\"1887\">BA\u015e\u00c7ER\u0130: B\u0130RL\u0130K VE BERABERL\u0130K \u0130\u00c7\u0130NDE B\u00dcY\u00dcK ZAFER KAZANILDI<\/h2>\n<p data-start=\"1889\" data-end=\"2079\">T\u00fcrkiye Cumhuriyeti Lefko\u015fa B\u00fcy\u00fckel\u00e7isi Ali Murat Ba\u015f\u00e7eri de mesaj\u0131nda, B\u00fcy\u00fck Taarruz ve Ba\u015fkomutanl\u0131k Meydan Muharebesi\u2019nin T\u00fcrk milletinin birlik ve beraberli\u011fiyle kazan\u0131ld\u0131\u011f\u0131n\u0131 vurgulad\u0131.<\/p>\n<p data-start=\"2081\" data-end=\"2269\">Ba\u015f\u00e7eri, T\u00fcrkiye\u2019nin bilimden teknolojiye, ekonomiden sanayiye, e\u011fitimden k\u00fclt\u00fcre bir\u00e7ok alanda daha ileriye gitmeyi hedefledi\u011fini belirterek, B\u00fcy\u00fck Zafer\u2019in 104\u2019\u00fcnc\u00fc y\u0131l d\u00f6n\u00fcm\u00fcn\u00fc kutlad\u0131.<\/p>\n<h2 data-section-id=\"vkw8l2\" data-start=\"2271\" data-end=\"2326\">\u0130NALTEK\u0130N: G\u00dcVENL\u0130\u011e\u0130N TEM\u0130NATI OLMAYA DEVAM EDECE\u011e\u0130Z<\/h2>\n<p data-start=\"2328\" data-end=\"2509\">K\u0131br\u0131s T\u00fcrk Bar\u0131\u015f Kuvvetleri Komutan\u0131 Korgeneral Ertan \u0130naltekin ise 30 A\u011fustos Zaferi\u2019nin T\u00fcrk milletinin ba\u011f\u0131ms\u0131zl\u0131k konusundaki kararl\u0131l\u0131\u011f\u0131n\u0131 t\u00fcm d\u00fcnyaya g\u00f6sterdi\u011fini ifade etti.<\/p>\n<p data-start=\"2511\" data-end=\"2681\">\u0130naltekin, <strong data-start=\"2522\" data-end=\"2665\">\u201c\u00dclkemizin ve K\u0131br\u0131s T\u00fcrk halk\u0131n\u0131n g\u00fcvenli\u011finin teminat\u0131 olmaya devam ederek \u00fczerimize d\u00fc\u015fen g\u00f6revi ayn\u0131 azim ve kararl\u0131l\u0131kla s\u00fcrd\u00fcrece\u011fiz\u201d<\/strong> mesaj\u0131n\u0131 verdi.<\/p>\n<p data-start=\"2683\" data-end=\"2827\">\u0130naltekin, ba\u015fta Gazi Mustafa Kemal Atat\u00fcrk olmak \u00fczere Milli M\u00fccadele\u2019nin kahramanlar\u0131n\u0131, \u015fehitleri ve gazileri sayg\u0131, minnet ve \u015f\u00fckranla and\u0131.<\/p>\n","protected":false},"excerpt":{"rendered":"<p>30 A\u011fustos Zafer Bayram\u0131\u2019n\u0131n 104\u2019\u00fcnc\u00fc y\u0131l d\u00f6n\u00fcm\u00fc dolay\u0131s\u0131yla Lefko\u015fa Atat\u00fcrk An\u0131t\u0131 \u00f6n\u00fcnde t\u00f6ren d\u00fczenlendi. T\u00f6rende \u00e7elenkler sunulurken, Cumhurba\u015fkan\u0131 Tufan Erh\u00fcrman, T\u00fcrkiye Cumhuriyeti Lefko\u015fa B\u00fcy\u00fckel\u00e7isi Ali Murat Ba\u015f\u00e7eri ve K\u0131br\u0131s T\u00fcrk Bar\u0131\u015f Kuvvetleri Komutan\u0131 Korgeneral Ertan \u0130naltekin, An\u0131t \u00d6zel Defteri\u2019ni imzalad\u0131. T\u00f6rene Cumhurba\u015fkan\u0131 Tufan Erh\u00fcrman, Cumhuriyet Meclisi Ba\u015fkan\u0131 Ziya \u00d6zt\u00fcrkler, Ba\u015fbakan \u00dcnal \u00dcstel, Y\u00fcksek Mahkeme Ba\u015fkan\u0131 [&hellip;]<\/p>\n","protected":false},"author":1,"featured_media":45788,"comment_status":"open","ping_status":"open","sticky":false,"template":"","format":"standard","meta":{"jnews-multi-image_gallery":[],"jnews_single_post":{"subtitle":"","format":"standard","override":[{"template":"1","parallax":"1","fullscreen":"1","layout":"right-sidebar","sidebar":"default-sidebar","second_sidebar":"default-sidebar","sticky_sidebar":"1","share_position":"top","share_float_style":"share-monocrhome","show_featured":"1","show_post_author":"1","show_post_author_image":"1","show_post_date":"1","post_date_format":"default","post_date_format_custom":"Y\/m\/d","show_post_category":"1","show_post_reading_time":"0","post_reading_time_wpm":"300","post_calculate_word_method":"str_word_count","show_zoom_button":"0","zoom_button_out_step":"2","zoom_button_in_step":"3","show_post_tag":"1","show_prev_next_post":"1","show_popup_post":"1","show_comment_section":"1","number_popup_post":"1","show_author_box":"0","show_post_related":"0","show_inline_post_related":"0"}],"image_override":[{"single_post_thumbnail_size":"crop-500","single_post_gallery_size":"crop-500"}],"trending_post_position":"meta","trending_post_label":"Trending","sponsored_post_label":"Sponsored by","disable_ad":"0"},"jnews_primary_category":[],"jnews_social_meta":[],"jnews_override_counter":{"view_counter_number":"0","share_counter_number":"0","like_counter_number":"0","dislike_counter_number":"0"},"footnotes":""},"categories":[1],"tags":[7022,5815,74,6960,47],"class_list":["post-45784","post","type-post","status-publish","format-standard","has-post-thumbnail","hentry","category-kibris","tag-30-agustos-zafer-bayrami","tag-ali-murat-basceri","tag-ataturk-aniti","tag-ertan-inaltekin","tag-tufan-erhurman"],"yoast_head":"<!-- This site is optimized with the Yoast SEO plugin v28.3 - https:\/\/yoast.com\/product\/yoast-seo-wordpress\/ -->\n<title>30 A\u011fustos Zafer Bayram\u0131 dolay\u0131s\u0131yla Atat\u00fcrk An\u0131t\u0131\u2019nda t\u00f6ren d\u00fczenlendi - Kuzeyin Sesi<\/title>\n<meta name=\"robots\" content=\"index, follow, max-snippet:-1, max-image-preview:large, max-video-preview:-1\" \/>\n<link rel=\"canonical\" href=\"https:\/\/kuzeyinsesi.org\/index.php\/2026\/08\/30\/30-agustos-zafer-bayrami-dolayisiyla-ataturk-anitinda-toren-duzenlendi\/\" \/>\n<meta property=\"og:locale\" content=\"tr_TR\" \/>\n<meta property=\"og:type\" content=\"article\" \/>\n<meta property=\"og:title\" content=\"30 A\u011fustos Zafer Bayram\u0131 dolay\u0131s\u0131yla Atat\u00fcrk An\u0131t\u0131\u2019nda t\u00f6ren d\u00fczenlendi - Kuzeyin Sesi\" \/>\n<meta property=\"og:description\" content=\"30 A\u011fustos Zafer Bayram\u0131\u2019n\u0131n 104\u2019\u00fcnc\u00fc y\u0131l d\u00f6n\u00fcm\u00fc dolay\u0131s\u0131yla Lefko\u015fa Atat\u00fcrk An\u0131t\u0131 \u00f6n\u00fcnde t\u00f6ren d\u00fczenlendi. T\u00f6rende \u00e7elenkler sunulurken, Cumhurba\u015fkan\u0131 Tufan Erh\u00fcrman, T\u00fcrkiye Cumhuriyeti Lefko\u015fa B\u00fcy\u00fckel\u00e7isi Ali Murat Ba\u015f\u00e7eri ve K\u0131br\u0131s T\u00fcrk Bar\u0131\u015f Kuvvetleri Komutan\u0131 Korgeneral Ertan \u0130naltekin, An\u0131t \u00d6zel Defteri\u2019ni imzalad\u0131. T\u00f6rene Cumhurba\u015fkan\u0131 Tufan Erh\u00fcrman, Cumhuriyet Meclisi Ba\u015fkan\u0131 Ziya \u00d6zt\u00fcrkler, Ba\u015fbakan \u00dcnal \u00dcstel, Y\u00fcksek Mahkeme Ba\u015fkan\u0131 [&hellip;]\" \/>\n<meta property=\"og:url\" content=\"https:\/\/kuzeyinsesi.org\/index.php\/2026\/08\/30\/30-agustos-zafer-bayrami-dolayisiyla-ataturk-anitinda-toren-duzenlendi\/\" \/>\n<meta property=\"og:site_name\" content=\"Kuzeyin Sesi\" \/>\n<meta property=\"article:publisher\" content=\"https:\/\/www.facebook.com\/kuzeyinsesii\" \/>\n<meta property=\"article:published_time\" content=\"2026-08-30T09:00:29+00:00\" \/>\n<meta property=\"og:image\" content=\"https:\/\/kuzeyinsesi.org\/wp-content\/uploads\/2026\/08\/Kuzeyinsesikj-2026-08-30T115927.387.jpg\" \/>\n\t<meta property=\"og:image:width\" content=\"1600\" \/>\n\t<meta property=\"og:image:height\" content=\"900\" \/>\n\t<meta property=\"og:image:type\" content=\"image\/jpeg\" \/>\n<meta name=\"author\" content=\"Kuzeyin Sesi\" \/>\n<meta name=\"twitter:card\" content=\"summary_large_image\" \/>\n<meta name=\"twitter:creator\" content=\"@kuzeyinsesii\" \/>\n<meta name=\"twitter:site\" content=\"@kuzeyinsesii\" \/>\n<meta name=\"twitter:label1\" content=\"Yazan:\" \/>\n\t<meta name=\"twitter:data1\" content=\"Kuzeyin Sesi\" \/>\n\t<meta name=\"twitter:label2\" content=\"Tahmini okuma s\u00fcresi\" \/>\n\t<meta name=\"twitter:data2\" content=\"3 dakika\" \/>\n<script type=\"application\/ld+json\" class=\"yoast-schema-graph\">{\"@context\":\"https:\\\/\\\/schema.org\",\"@graph\":[{\"@type\":\"Article\",\"@id\":\"https:\\\/\\\/kuzeyinsesi.org\\\/index.php\\\/2026\\\/08\\\/30\\\/30-agustos-zafer-bayrami-dolayisiyla-ataturk-anitinda-toren-duzenlendi\\\/#article\",\"isPartOf\":{\"@id\":\"https:\\\/\\\/kuzeyinsesi.org\\\/index.php\\\/2026\\\/08\\\/30\\\/30-agustos-zafer-bayrami-dolayisiyla-ataturk-anitinda-toren-duzenlendi\\\/\"},\"author\":{\"name\":\"Kuzeyin Sesi\",\"@id\":\"https:\\\/\\\/kuzeyinsesi.org\\\/#\\\/schema\\\/person\\\/9f859689cdf01485597712386e37f5aa\"},\"headline\":\"30 A\u011fustos Zafer Bayram\u0131 dolay\u0131s\u0131yla Atat\u00fcrk An\u0131t\u0131\u2019nda t\u00f6ren d\u00fczenlendi\",\"datePublished\":\"2026-08-30T09:00:29+00:00\",\"mainEntityOfPage\":{\"@id\":\"https:\\\/\\\/kuzeyinsesi.org\\\/index.php\\\/2026\\\/08\\\/30\\\/30-agustos-zafer-bayrami-dolayisiyla-ataturk-anitinda-toren-duzenlendi\\\/\"},\"wordCount\":551,\"commentCount\":0,\"image\":{\"@id\":\"https:\\\/\\\/kuzeyinsesi.org\\\/index.php\\\/2026\\\/08\\\/30\\\/30-agustos-zafer-bayrami-dolayisiyla-ataturk-anitinda-toren-duzenlendi\\\/#primaryimage\"},\"thumbnailUrl\":\"https:\\\/\\\/kuzeyinsesi.org\\\/wp-content\\\/uploads\\\/2026\\\/08\\\/Kuzeyinsesikj-2026-08-30T115927.387.jpg\",\"keywords\":[\"30 A\u011fustos Zafer Bayram\u0131\",\"Ali Murat Ba\u015f\u00e7eri\",\"Atat\u00fcrk An\u0131t\u0131\",\"Ertan \u0130naltekin\",\"Tufan Erh\u00fcrman\"],\"articleSection\":[\"K\u0131br\u0131s\"],\"inLanguage\":\"tr\",\"potentialAction\":[{\"@type\":\"CommentAction\",\"name\":\"Comment\",\"target\":[\"https:\\\/\\\/kuzeyinsesi.org\\\/index.php\\\/2026\\\/08\\\/30\\\/30-agustos-zafer-bayrami-dolayisiyla-ataturk-anitinda-toren-duzenlendi\\\/#respond\"]}]},{\"@type\":\"WebPage\",\"@id\":\"https:\\\/\\\/kuzeyinsesi.org\\\/index.php\\\/2026\\\/08\\\/30\\\/30-agustos-zafer-bayrami-dolayisiyla-ataturk-anitinda-toren-duzenlendi\\\/\",\"url\":\"https:\\\/\\\/kuzeyinsesi.org\\\/index.php\\\/2026\\\/08\\\/30\\\/30-agustos-zafer-bayrami-dolayisiyla-ataturk-anitinda-toren-duzenlendi\\\/\",\"name\":\"30 A\u011fustos Zafer Bayram\u0131 dolay\u0131s\u0131yla Atat\u00fcrk An\u0131t\u0131\u2019nda t\u00f6ren d\u00fczenlendi - Kuzeyin Sesi\",\"isPartOf\":{\"@id\":\"https:\\\/\\\/kuzeyinsesi.org\\\/#website\"},\"primaryImageOfPage\":{\"@id\":\"https:\\\/\\\/kuzeyinsesi.org\\\/index.php\\\/2026\\\/08\\\/30\\\/30-agustos-zafer-bayrami-dolayisiyla-ataturk-anitinda-toren-duzenlendi\\\/#primaryimage\"},\"image\":{\"@id\":\"https:\\\/\\\/kuzeyinsesi.org\\\/index.php\\\/2026\\\/08\\\/30\\\/30-agustos-zafer-bayrami-dolayisiyla-ataturk-anitinda-toren-duzenlendi\\\/#primaryimage\"},\"thumbnailUrl\":\"https:\\\/\\\/kuzeyinsesi.org\\\/wp-content\\\/uploads\\\/2026\\\/08\\\/Kuzeyinsesikj-2026-08-30T115927.387.jpg\",\"datePublished\":\"2026-08-30T09:00:29+00:00\",\"author\":{\"@id\":\"https:\\\/\\\/kuzeyinsesi.org\\\/#\\\/schema\\\/person\\\/9f859689cdf01485597712386e37f5aa\"},\"breadcrumb\":{\"@id\":\"https:\\\/\\\/kuzeyinsesi.org\\\/index.php\\\/2026\\\/08\\\/30\\\/30-agustos-zafer-bayrami-dolayisiyla-ataturk-anitinda-toren-duzenlendi\\\/#breadcrumb\"},\"inLanguage\":\"tr\",\"potentialAction\":[{\"@type\":\"ReadAction\",\"target\":[\"https:\\\/\\\/kuzeyinsesi.org\\\/index.php\\\/2026\\\/08\\\/30\\\/30-agustos-zafer-bayrami-dolayisiyla-ataturk-anitinda-toren-duzenlendi\\\/\"]}]},{\"@type\":\"ImageObject\",\"inLanguage\":\"tr\",\"@id\":\"https:\\\/\\\/kuzeyinsesi.org\\\/index.php\\\/2026\\\/08\\\/30\\\/30-agustos-zafer-bayrami-dolayisiyla-ataturk-anitinda-toren-duzenlendi\\\/#primaryimage\",\"url\":\"https:\\\/\\\/kuzeyinsesi.org\\\/wp-content\\\/uploads\\\/2026\\\/08\\\/Kuzeyinsesikj-2026-08-30T115927.387.jpg\",\"contentUrl\":\"https:\\\/\\\/kuzeyinsesi.org\\\/wp-content\\\/uploads\\\/2026\\\/08\\\/Kuzeyinsesikj-2026-08-30T115927.387.jpg\",\"width\":1600,\"height\":900},{\"@type\":\"BreadcrumbList\",\"@id\":\"https:\\\/\\\/kuzeyinsesi.org\\\/index.php\\\/2026\\\/08\\\/30\\\/30-agustos-zafer-bayrami-dolayisiyla-ataturk-anitinda-toren-duzenlendi\\\/#breadcrumb\",\"itemListElement\":[{\"@type\":\"ListItem\",\"position\":1,\"name\":\"Anasayfa\",\"item\":\"https:\\\/\\\/kuzeyinsesi.org\\\/\"},{\"@type\":\"ListItem\",\"position\":2,\"name\":\"30 A\u011fustos Zafer Bayram\u0131 dolay\u0131s\u0131yla Atat\u00fcrk An\u0131t\u0131\u2019nda t\u00f6ren d\u00fczenlendi\"}]},{\"@type\":\"WebSite\",\"@id\":\"https:\\\/\\\/kuzeyinsesi.org\\\/#website\",\"url\":\"https:\\\/\\\/kuzeyinsesi.org\\\/\",\"name\":\"Kuzeyin Sesi\",\"description\":\"Do\u011fru Haberin Adresi\",\"potentialAction\":[{\"@type\":\"SearchAction\",\"target\":{\"@type\":\"EntryPoint\",\"urlTemplate\":\"https:\\\/\\\/kuzeyinsesi.org\\\/?s={search_term_string}\"},\"query-input\":{\"@type\":\"PropertyValueSpecification\",\"valueRequired\":true,\"valueName\":\"search_term_string\"}}],\"inLanguage\":\"tr\"},{\"@type\":\"Person\",\"@id\":\"https:\\\/\\\/kuzeyinsesi.org\\\/#\\\/schema\\\/person\\\/9f859689cdf01485597712386e37f5aa\",\"name\":\"Kuzeyin Sesi\",\"image\":{\"@type\":\"ImageObject\",\"inLanguage\":\"tr\",\"@id\":\"https:\\\/\\\/secure.gravatar.com\\\/avatar\\\/bab33852abfd8b282518d6ed81826833d77c3c882d9ab608add591ccace47a44?s=96&d=mm&r=g\",\"url\":\"https:\\\/\\\/secure.gravatar.com\\\/avatar\\\/bab33852abfd8b282518d6ed81826833d77c3c882d9ab608add591ccace47a44?s=96&d=mm&r=g\",\"contentUrl\":\"https:\\\/\\\/secure.gravatar.com\\\/avatar\\\/bab33852abfd8b282518d6ed81826833d77c3c882d9ab608add591ccace47a44?s=96&d=mm&r=g\",\"caption\":\"Kuzeyin Sesi\"},\"sameAs\":[\"https:\\\/\\\/kuzeyinsesi.org\"],\"url\":\"https:\\\/\\\/kuzeyinsesi.org\\\/index.php\\\/author\\\/guven\\\/\"}]}<\/script>\n<!-- \/ Yoast SEO plugin. -->","yoast_head_json":{"title":"30 A\u011fustos Zafer Bayram\u0131 dolay\u0131s\u0131yla Atat\u00fcrk An\u0131t\u0131\u2019nda t\u00f6ren d\u00fczenlendi - Kuzeyin Sesi","robots":{"index":"index","follow":"follow","max-snippet":"max-snippet:-1","max-image-preview":"max-image-preview:large","max-video-preview":"max-video-preview:-1"},"canonical":"https:\/\/kuzeyinsesi.org\/index.php\/2026\/08\/30\/30-agustos-zafer-bayrami-dolayisiyla-ataturk-anitinda-toren-duzenlendi\/","og_locale":"tr_TR","og_type":"article","og_title":"30 A\u011fustos Zafer Bayram\u0131 dolay\u0131s\u0131yla Atat\u00fcrk An\u0131t\u0131\u2019nda t\u00f6ren d\u00fczenlendi - Kuzeyin Sesi","og_description":"30 A\u011fustos Zafer Bayram\u0131\u2019n\u0131n 104\u2019\u00fcnc\u00fc y\u0131l d\u00f6n\u00fcm\u00fc dolay\u0131s\u0131yla Lefko\u015fa Atat\u00fcrk An\u0131t\u0131 \u00f6n\u00fcnde t\u00f6ren d\u00fczenlendi. T\u00f6rende \u00e7elenkler sunulurken, Cumhurba\u015fkan\u0131 Tufan Erh\u00fcrman, T\u00fcrkiye Cumhuriyeti Lefko\u015fa B\u00fcy\u00fckel\u00e7isi Ali Murat Ba\u015f\u00e7eri ve K\u0131br\u0131s T\u00fcrk Bar\u0131\u015f Kuvvetleri Komutan\u0131 Korgeneral Ertan \u0130naltekin, An\u0131t \u00d6zel Defteri\u2019ni imzalad\u0131. T\u00f6rene Cumhurba\u015fkan\u0131 Tufan Erh\u00fcrman, Cumhuriyet Meclisi Ba\u015fkan\u0131 Ziya \u00d6zt\u00fcrkler, Ba\u015fbakan \u00dcnal \u00dcstel, Y\u00fcksek Mahkeme Ba\u015fkan\u0131 [&hellip;]","og_url":"https:\/\/kuzeyinsesi.org\/index.php\/2026\/08\/30\/30-agustos-zafer-bayrami-dolayisiyla-ataturk-anitinda-toren-duzenlendi\/","og_site_name":"Kuzeyin Sesi","article_publisher":"https:\/\/www.facebook.com\/kuzeyinsesii","article_published_time":"2026-08-30T09:00:29+00:00","og_image":[{"width":1600,"height":900,"url":"https:\/\/kuzeyinsesi.org\/wp-content\/uploads\/2026\/08\/Kuzeyinsesikj-2026-08-30T115927.387.jpg","type":"image\/jpeg"}],"author":"Kuzeyin Sesi","twitter_card":"summary_large_image","twitter_creator":"@kuzeyinsesii","twitter_site":"@kuzeyinsesii","twitter_misc":{"Yazan:":"Kuzeyin Sesi","Tahmini okuma s\u00fcresi":"3 dakika"},"schema":{"@context":"https:\/\/schema.org","@graph":[{"@type":"Article","@id":"https:\/\/kuzeyinsesi.org\/index.php\/2026\/08\/30\/30-agustos-zafer-bayrami-dolayisiyla-ataturk-anitinda-toren-duzenlendi\/#article","isPartOf":{"@id":"https:\/\/kuzeyinsesi.org\/index.php\/2026\/08\/30\/30-agustos-zafer-bayrami-dolayisiyla-ataturk-anitinda-toren-duzenlendi\/"},"author":{"name":"Kuzeyin Sesi","@id":"https:\/\/kuzeyinsesi.org\/#\/schema\/person\/9f859689cdf01485597712386e37f5aa"},"headline":"30 A\u011fustos Zafer Bayram\u0131 dolay\u0131s\u0131yla Atat\u00fcrk An\u0131t\u0131\u2019nda t\u00f6ren d\u00fczenlendi","datePublished":"2026-08-30T09:00:29+00:00","mainEntityOfPage":{"@id":"https:\/\/kuzeyinsesi.org\/index.php\/2026\/08\/30\/30-agustos-zafer-bayrami-dolayisiyla-ataturk-anitinda-toren-duzenlendi\/"},"wordCount":551,"commentCount":0,"image":{"@id":"https:\/\/kuzeyinsesi.org\/index.php\/2026\/08\/30\/30-agustos-zafer-bayrami-dolayisiyla-ataturk-anitinda-toren-duzenlendi\/#primaryimage"},"thumbnailUrl":"https:\/\/kuzeyinsesi.org\/wp-content\/uploads\/2026\/08\/Kuzeyinsesikj-2026-08-30T115927.387.jpg","keywords":["30 A\u011fustos Zafer Bayram\u0131","Ali Murat Ba\u015f\u00e7eri","Atat\u00fcrk An\u0131t\u0131","Ertan \u0130naltekin","Tufan Erh\u00fcrman"],"articleSection":["K\u0131br\u0131s"],"inLanguage":"tr","potentialAction":[{"@type":"CommentAction","name":"Comment","target":["https:\/\/kuzeyinsesi.org\/index.php\/2026\/08\/30\/30-agustos-zafer-bayrami-dolayisiyla-ataturk-anitinda-toren-duzenlendi\/#respond"]}]},{"@type":"WebPage","@id":"https:\/\/kuzeyinsesi.org\/index.php\/2026\/08\/30\/30-agustos-zafer-bayrami-dolayisiyla-ataturk-anitinda-toren-duzenlendi\/","url":"https:\/\/kuzeyinsesi.org\/index.php\/2026\/08\/30\/30-agustos-zafer-bayrami-dolayisiyla-ataturk-anitinda-toren-duzenlendi\/","name":"30 A\u011fustos Zafer Bayram\u0131 dolay\u0131s\u0131yla Atat\u00fcrk An\u0131t\u0131\u2019nda t\u00f6ren d\u00fczenlendi - Kuzeyin Sesi","isPartOf":{"@id":"https:\/\/kuzeyinsesi.org\/#website"},"primaryImageOfPage":{"@id":"https:\/\/kuzeyinsesi.org\/index.php\/2026\/08\/30\/30-agustos-zafer-bayrami-dolayisiyla-ataturk-anitinda-toren-duzenlendi\/#primaryimage"},"image":{"@id":"https:\/\/kuzeyinsesi.org\/index.php\/2026\/08\/30\/30-agustos-zafer-bayrami-dolayisiyla-ataturk-anitinda-toren-duzenlendi\/#primaryimage"},"thumbnailUrl":"https:\/\/kuzeyinsesi.org\/wp-content\/uploads\/2026\/08\/Kuzeyinsesikj-2026-08-30T115927.387.jpg","datePublished":"2026-08-30T09:00:29+00:00","author":{"@id":"https:\/\/kuzeyinsesi.org\/#\/schema\/person\/9f859689cdf01485597712386e37f5aa"},"breadcrumb":{"@id":"https:\/\/kuzeyinsesi.org\/index.php\/2026\/08\/30\/30-agustos-zafer-bayrami-dolayisiyla-ataturk-anitinda-toren-duzenlendi\/#breadcrumb"},"inLanguage":"tr","potentialAction":[{"@type":"ReadAction","target":["https:\/\/kuzeyinsesi.org\/index.php\/2026\/08\/30\/30-agustos-zafer-bayrami-dolayisiyla-ataturk-anitinda-toren-duzenlendi\/"]}]},{"@type":"ImageObject","inLanguage":"tr","@id":"https:\/\/kuzeyinsesi.org\/index.php\/2026\/08\/30\/30-agustos-zafer-bayrami-dolayisiyla-ataturk-anitinda-toren-duzenlendi\/#primaryimage","url":"https:\/\/kuzeyinsesi.org\/wp-content\/uploads\/2026\/08\/Kuzeyinsesikj-2026-08-30T115927.387.jpg","contentUrl":"https:\/\/kuzeyinsesi.org\/wp-content\/uploads\/2026\/08\/Kuzeyinsesikj-2026-08-30T115927.387.jpg","width":1600,"height":900},{"@type":"BreadcrumbList","@id":"https:\/\/kuzeyinsesi.org\/index.php\/2026\/08\/30\/30-agustos-zafer-bayrami-dolayisiyla-ataturk-anitinda-toren-duzenlendi\/#breadcrumb","itemListElement":[{"@type":"ListItem","position":1,"name":"Anasayfa","item":"https:\/\/kuzeyinsesi.org\/"},{"@type":"ListItem","position":2,"name":"30 A\u011fustos Zafer Bayram\u0131 dolay\u0131s\u0131yla Atat\u00fcrk An\u0131t\u0131\u2019nda t\u00f6ren d\u00fczenlendi"}]},{"@type":"WebSite","@id":"https:\/\/kuzeyinsesi.org\/#website","url":"https:\/\/kuzeyinsesi.org\/","name":"Kuzeyin Sesi","description":"Do\u011fru Haberin Adresi","potentialAction":[{"@type":"SearchAction","target":{"@type":"EntryPoint","urlTemplate":"https:\/\/kuzeyinsesi.org\/?s={search_term_string}"},"query-input":{"@type":"PropertyValueSpecification","valueRequired":true,"valueName":"search_term_string"}}],"inLanguage":"tr"},{"@type":"Person","@id":"https:\/\/kuzeyinsesi.org\/#\/schema\/person\/9f859689cdf01485597712386e37f5aa","name":"Kuzeyin Sesi","image":{"@type":"ImageObject","inLanguage":"tr","@id":"https:\/\/secure.gravatar.com\/avatar\/bab33852abfd8b282518d6ed81826833d77c3c882d9ab608add591ccace47a44?s=96&d=mm&r=g","url":"https:\/\/secure.gravatar.com\/avatar\/bab33852abfd8b282518d6ed81826833d77c3c882d9ab608add591ccace47a44?s=96&d=mm&r=g","contentUrl":"https:\/\/secure.gravatar.com\/avatar\/bab33852abfd8b282518d6ed81826833d77c3c882d9ab608add591ccace47a44?s=96&d=mm&r=g","caption":"Kuzeyin Sesi"},"sameAs":["https:\/\/kuzeyinsesi.org"],"url":"https:\/\/kuzeyinsesi.org\/index.php\/author\/guven\/"}]}},"_links":{"self":[{"href":"https:\/\/kuzeyinsesi.org\/index.php\/wp-json\/wp\/v2\/posts\/45784","targetHints":{"allow":["GET"]}}],"collection":[{"href":"https:\/\/kuzeyinsesi.org\/index.php\/wp-json\/wp\/v2\/posts"}],"about":[{"href":"https:\/\/kuzeyinsesi.org\/index.php\/wp-json\/wp\/v2\/types\/post"}],"author":[{"embeddable":true,"href":"https:\/\/kuzeyinsesi.org\/index.php\/wp-json\/wp\/v2\/users\/1"}],"replies":[{"embeddable":true,"href":"https:\/\/kuzeyinsesi.org\/index.php\/wp-json\/wp\/v2\/comments?post=45784"}],"version-history":[{"count":1,"href":"https:\/\/kuzeyinsesi.org\/index.php\/wp-json\/wp\/v2\/posts\/45784\/revisions"}],"predecessor-version":[{"id":45789,"href":"https:\/\/kuzeyinsesi.org\/index.php\/wp-json\/wp\/v2\/posts\/45784\/revisions\/45789"}],"wp:featuredmedia":[{"embeddable":true,"href":"https:\/\/kuzeyinsesi.org\/index.php\/wp-json\/wp\/v2\/media\/45788"}],"wp:attachment":[{"href":"https:\/\/kuzeyinsesi.org\/index.php\/wp-json\/wp\/v2\/media?parent=45784"}],"wp:term":[{"taxonomy":"category","embeddable":true,"href":"https:\/\/kuzeyinsesi.org\/index.php\/wp-json\/wp\/v2\/categories?post=45784"},{"taxonomy":"post_tag","embeddable":true,"href":"https:\/\/kuzeyinsesi.org\/index.php\/wp-json\/wp\/v2\/tags?post=45784"}],"curies":[{"name":"wp","href":"https:\/\/api.w.org\/{rel}","templated":true}]}}