{"id":4558,"date":"2024-06-11T12:39:50","date_gmt":"2024-06-11T09:39:50","guid":{"rendered":"https:\/\/kuzeyinsesi.com\/index.php\/2024\/06\/11\/moe-acik-hava-sahnesi-cuma-gunu-aciliyor\/"},"modified":"2024-06-11T12:39:50","modified_gmt":"2024-06-11T09:39:50","slug":"moe-acik-hava-sahnesi-cuma-gunu-aciliyor","status":"publish","type":"post","link":"https:\/\/kuzeyinsesi.org\/index.php\/2024\/06\/11\/moe-acik-hava-sahnesi-cuma-gunu-aciliyor\/","title":{"rendered":"\u201cMoe A\u00e7\u0131k Hava Sahnesi\u201d Cuma g\u00fcn\u00fc a\u00e7\u0131l\u0131yor"},"content":{"rendered":"<div>\n<div class=\"mariselle-image-container center\">\n                                            <\/div>\n<p>\u00a0<\/p>\n<p style=\"font-weight: 300;\"><span style=\"font-weight: 300 !important;\">\u00a0K\u0131br\u0131s\u2019\u0131n k\u00fclt\u00fcr sanat rehberi olma hedefiyle kurulan K\u00fclt\u00fcr Sanat K\u0131br\u0131s\u2019\u0131n (KSK) 4 bin ki\u015fi kapasiteli \u201cMoe A\u00e7\u0131k Hava Sahnesi\u201d Cuma g\u00fcn\u00fc a\u00e7\u0131l\u0131yor.<\/span><\/p>\n<p style=\"font-weight: 300;\"><span style=\"font-weight: 300 !important;\">Moe A\u00e7\u0131k Hava Sahnesi,\u00a0 Near East Bank\u00a0Y\u00f6netim Kurulu Ba\u015fkan\u0131 Dr. Enver Haskasap ile Master Of Experience ve Fabric House Y\u00f6netim Kurulu \u00dcyesi Tufan Yakubo\u011flu\u2019nun hayata ge\u00e7irdi\u011fi K\u00fclt\u00fcr Sanat K\u0131br\u0131s\u2019\u0131n ilk projesi olma \u00f6zelli\u011fi ta\u015f\u0131yor.<\/span><\/p>\n<p style=\"font-weight: 300;\"><span style=\"font-weight: 300 !important;\">Verilen bilgiye g\u00f6re, Moe A\u00e7\u0131k Hava Sahnesi ge\u00e7ti\u011fimiz g\u00fcnlerde Yak\u0131n Do\u011fu \u00dcniversitesi kamp\u00fcs\u00fcndeki Dorana Residence\u2019\u0131n 9\u2019uncu kat\u0131nda d\u00fczenlenen etkinlikle tan\u0131t\u0131ld\u0131.<\/span><\/p>\n<p style=\"font-weight: 300;\"><span style=\"font-weight: 300 !important;\">Etkinlikte yurt d\u0131\u015f\u0131nda bulunan Dr. Enver Haskasap\u2019\u0131 temsilen Mustafa Akpolat konu\u015fma yapt\u0131. Daha sonra da Tufan Yakubo\u011flu s\u00f6z ald\u0131.<\/span><\/p>\n<p style=\"font-weight: 300;\"><span style=\"font-weight: 300 !important;\">Akpolat, k\u00fclt\u00fcr sanat alan\u0131nda d\u00fcnyadaki se\u00e7kin \u00f6rnekleri, yeni giri\u015fimleri, farkl\u0131 ak\u0131mlar\u0131 K\u0131br\u0131s\u2019taki sanatseverlere sunmay\u0131, adan\u0131n k\u00fclt\u00fcrel zenginli\u011fini d\u00fcnyaya tan\u0131tmay\u0131 hedeflediklerini \u00a0s\u00f6yledi.<\/span><\/p>\n<div class=\"mariselle-image-container center\">\n                <img decoding=\"async\" width=\"2560\" height=\"1627\" class=\"lazy-image\" alt=\"\" sizes=\"(max-width: 2560px) 100vw, 2560px\" src=\"https:\/\/brtk.net\/wp-content\/uploads\/2024\/06\/11\/MOE-222-scaled.jpg?ver=6377bf4bfa3ef63f3d25ea75d5927fa1\" srcset=\"https:\/\/brtk.net\/wp-content\/uploads\/2024\/06\/11\/MOE-222-scaled.jpg?ver=6377bf4bfa3ef63f3d25ea75d5927fa1 2560w, https:\/\/brtk.net\/wp-content\/uploads\/2024\/06\/11\/MOE-222-300x191.jpg?ver=d2290b5e31258ff8b7fb6f3487dde363 300w, https:\/\/brtk.net\/wp-content\/uploads\/2024\/06\/11\/MOE-222-1024x651.jpg?ver=77c348604ffc3d4e8e49ed3601b8f611 1024w, https:\/\/brtk.net\/wp-content\/uploads\/2024\/06\/11\/MOE-222-768x488.jpg?ver=77c348604ffc3d4e8e49ed3601b8f611 768w, https:\/\/brtk.net\/wp-content\/uploads\/2024\/06\/11\/MOE-222-1536x976.jpg?ver=f2e7be90e5e4d3646b3c35e27f7414fa 1536w, https:\/\/brtk.net\/wp-content\/uploads\/2024\/06\/11\/MOE-222-2048x1302.jpg?ver=cd1e68858560674b596beb13ac09d3e4 2048w, https:\/\/brtk.net\/wp-content\/uploads\/2024\/06\/11\/MOE-222-566x360.jpg?ver=fe36a778ef70fbfb7154ea9e594b8216 566w\"\/>                            <\/div>\n<p style=\"font-weight: 300;\"><span style=\"font-weight: 300 !important;\">Tufan Yakubo\u011flu ise konu\u015fmas\u0131nda, \u201c\u0130\u00e7inde Hayat Var\u201d slogan\u0131yla a\u00e7\u0131lacak MOE A\u00e7\u0131k Hava Sahnesi\u2019nin yaz boyunca K\u0131br\u0131s\u2019\u0131n sosyal ve k\u00fclt\u00fcrel ya\u015fam\u0131na dokunaca\u011f\u0131n\u0131 belirtti.<\/span><\/p>\n<p style=\"font-weight: 300;\"><span style=\"font-weight: 300 !important;\">Yakubo\u011flu\u2019nun payla\u015ft\u0131\u011f\u0131 etkinlik program\u0131 \u015f\u00f6yle:<\/span><\/p>\n<p style=\"font-weight: 300;\"><span style=\"font-weight: 300 !important;\">\u00a0\u201c14 Haziran \u00c7ok G\u00fczel Hareketler 2; 21 Haziran Can Y\u0131lmaz-Zafer Alg\u00f6z \/Burada Olan Burada Kal\u0131r; 22 Haziran Mor ve \u00d6tesi Konseri; 5 Temmuz Ali Congun; 6 Temmuz K\u00f6fn Konseri; 13 Temmuz Fatma Turgut Konseri; 19 Temmuz Do\u011fu Demirkol; 24-26 Temmuz Jimnastik Yar\u0131\u015fmalar\u0131; 27 Temmuz Emre Ayd\u0131n; 3 A\u011fustos Ya\u015fl\u0131 Amca; 9 A\u011fustos Tahsin Haso\u011flu; 10 A\u011fustos Adamlar; 16 A\u011fustos Baturay \u00d6zdemir; 6 Eyl\u00fcl Tolga \u00c7evik Tolkshow, 7 Eyl\u00fcl Uzi; 20 Eyl\u00fcl G\u00fcld\u00fcr G\u00fcld\u00fcr Show ve 24 Eyl\u00fcl Cem Y\u0131lmaz.\u201d<\/span><\/p>\n<p>\u00a0<\/p>\n<p>\u00a0<\/p>\n<\/p><\/div>\n<p><script async\n                    defer\n                    crossorigin=\"anonymous\"\n                    src=\"https:\/\/connect.facebook.net\/tr_TR\/sdk.js#xfbml=1&#038;version=v3.3\"\n            ><\/script><\/p>\n","protected":false},"excerpt":{"rendered":"<p>\u00a0 \u00a0K\u0131br\u0131s\u2019\u0131n k\u00fclt\u00fcr sanat rehberi olma hedefiyle kurulan K\u00fclt\u00fcr Sanat K\u0131br\u0131s\u2019\u0131n (KSK) 4 bin ki\u015fi kapasiteli \u201cMoe A\u00e7\u0131k Hava Sahnesi\u201d Cuma g\u00fcn\u00fc a\u00e7\u0131l\u0131yor. Moe A\u00e7\u0131k Hava Sahnesi,\u00a0 Near East Bank\u00a0Y\u00f6netim Kurulu Ba\u015fkan\u0131 Dr. Enver Haskasap ile Master Of Experience ve Fabric House Y\u00f6netim Kurulu \u00dcyesi Tufan Yakubo\u011flu\u2019nun hayata ge\u00e7irdi\u011fi K\u00fclt\u00fcr Sanat K\u0131br\u0131s\u2019\u0131n ilk projesi olma [&hellip;]<\/p>\n","protected":false},"author":1,"featured_media":4559,"comment_status":"open","ping_status":"open","sticky":false,"template":"","format":"standard","meta":{"jnews-multi-image_gallery":[],"jnews_single_post":[],"jnews_primary_category":[],"jnews_social_meta":[],"jnews_override_counter":[],"footnotes":""},"categories":[6],"tags":[],"class_list":["post-4558","post","type-post","status-publish","format-standard","has-post-thumbnail","hentry","category-yasam"],"yoast_head":"<!-- This site is optimized with the Yoast SEO plugin v27.5 - https:\/\/yoast.com\/product\/yoast-seo-wordpress\/ -->\n<title>\u201cMoe A\u00e7\u0131k Hava Sahnesi\u201d Cuma g\u00fcn\u00fc a\u00e7\u0131l\u0131yor - Kuzeyin Sesi<\/title>\n<meta name=\"robots\" content=\"index, follow, max-snippet:-1, max-image-preview:large, max-video-preview:-1\" \/>\n<link rel=\"canonical\" href=\"https:\/\/kuzeyinsesi.org\/index.php\/2024\/06\/11\/moe-acik-hava-sahnesi-cuma-gunu-aciliyor\/\" \/>\n<meta property=\"og:locale\" content=\"tr_TR\" \/>\n<meta property=\"og:type\" content=\"article\" \/>\n<meta property=\"og:title\" content=\"\u201cMoe A\u00e7\u0131k Hava Sahnesi\u201d Cuma g\u00fcn\u00fc a\u00e7\u0131l\u0131yor - Kuzeyin Sesi\" \/>\n<meta property=\"og:description\" content=\"\u00a0 \u00a0K\u0131br\u0131s\u2019\u0131n k\u00fclt\u00fcr sanat rehberi olma hedefiyle kurulan K\u00fclt\u00fcr Sanat K\u0131br\u0131s\u2019\u0131n (KSK) 4 bin ki\u015fi kapasiteli \u201cMoe A\u00e7\u0131k Hava Sahnesi\u201d Cuma g\u00fcn\u00fc a\u00e7\u0131l\u0131yor. Moe A\u00e7\u0131k Hava Sahnesi,\u00a0 Near East Bank\u00a0Y\u00f6netim Kurulu Ba\u015fkan\u0131 Dr. Enver Haskasap ile Master Of Experience ve Fabric House Y\u00f6netim Kurulu \u00dcyesi Tufan Yakubo\u011flu\u2019nun hayata ge\u00e7irdi\u011fi K\u00fclt\u00fcr Sanat K\u0131br\u0131s\u2019\u0131n ilk projesi olma [&hellip;]\" \/>\n<meta property=\"og:url\" content=\"https:\/\/kuzeyinsesi.org\/index.php\/2024\/06\/11\/moe-acik-hava-sahnesi-cuma-gunu-aciliyor\/\" \/>\n<meta property=\"og:site_name\" content=\"Kuzeyin Sesi\" \/>\n<meta property=\"article:publisher\" content=\"https:\/\/www.facebook.com\/kuzeyinsesii\" \/>\n<meta property=\"article:published_time\" content=\"2024-06-11T09:39:50+00:00\" \/>\n<meta property=\"og:image\" content=\"https:\/\/kuzeyinsesi.org\/wp-content\/uploads\/2024\/06\/MOE-222-scaled.jpg\" \/>\n\t<meta property=\"og:image:width\" content=\"2560\" \/>\n\t<meta property=\"og:image:height\" content=\"1627\" \/>\n\t<meta property=\"og:image:type\" content=\"image\/jpeg\" \/>\n<meta name=\"author\" content=\"Kuzeyin Sesi\" \/>\n<meta name=\"twitter:card\" content=\"summary_large_image\" \/>\n<meta name=\"twitter:creator\" content=\"@kuzeyinsesii\" \/>\n<meta name=\"twitter:site\" content=\"@kuzeyinsesii\" \/>\n<meta name=\"twitter:label1\" content=\"Yazan:\" \/>\n\t<meta name=\"twitter:data1\" content=\"Kuzeyin Sesi\" \/>\n\t<meta name=\"twitter:label2\" content=\"Tahmini okuma s\u00fcresi\" \/>\n\t<meta name=\"twitter:data2\" content=\"2 dakika\" \/>\n<script type=\"application\/ld+json\" class=\"yoast-schema-graph\">{\"@context\":\"https:\\\/\\\/schema.org\",\"@graph\":[{\"@type\":\"Article\",\"@id\":\"https:\\\/\\\/kuzeyinsesi.org\\\/index.php\\\/2024\\\/06\\\/11\\\/moe-acik-hava-sahnesi-cuma-gunu-aciliyor\\\/#article\",\"isPartOf\":{\"@id\":\"https:\\\/\\\/kuzeyinsesi.org\\\/index.php\\\/2024\\\/06\\\/11\\\/moe-acik-hava-sahnesi-cuma-gunu-aciliyor\\\/\"},\"author\":{\"name\":\"Kuzeyin Sesi\",\"@id\":\"https:\\\/\\\/kuzeyinsesi.org\\\/#\\\/schema\\\/person\\\/9f859689cdf01485597712386e37f5aa\"},\"headline\":\"\u201cMoe A\u00e7\u0131k Hava Sahnesi\u201d Cuma g\u00fcn\u00fc a\u00e7\u0131l\u0131yor\",\"datePublished\":\"2024-06-11T09:39:50+00:00\",\"mainEntityOfPage\":{\"@id\":\"https:\\\/\\\/kuzeyinsesi.org\\\/index.php\\\/2024\\\/06\\\/11\\\/moe-acik-hava-sahnesi-cuma-gunu-aciliyor\\\/\"},\"wordCount\":322,\"commentCount\":0,\"image\":{\"@id\":\"https:\\\/\\\/kuzeyinsesi.org\\\/index.php\\\/2024\\\/06\\\/11\\\/moe-acik-hava-sahnesi-cuma-gunu-aciliyor\\\/#primaryimage\"},\"thumbnailUrl\":\"https:\\\/\\\/kuzeyinsesi.org\\\/wp-content\\\/uploads\\\/2024\\\/06\\\/MOE-222-scaled.jpg\",\"articleSection\":[\"Ya\u015fam\"],\"inLanguage\":\"tr\",\"potentialAction\":[{\"@type\":\"CommentAction\",\"name\":\"Comment\",\"target\":[\"https:\\\/\\\/kuzeyinsesi.org\\\/index.php\\\/2024\\\/06\\\/11\\\/moe-acik-hava-sahnesi-cuma-gunu-aciliyor\\\/#respond\"]}]},{\"@type\":\"WebPage\",\"@id\":\"https:\\\/\\\/kuzeyinsesi.org\\\/index.php\\\/2024\\\/06\\\/11\\\/moe-acik-hava-sahnesi-cuma-gunu-aciliyor\\\/\",\"url\":\"https:\\\/\\\/kuzeyinsesi.org\\\/index.php\\\/2024\\\/06\\\/11\\\/moe-acik-hava-sahnesi-cuma-gunu-aciliyor\\\/\",\"name\":\"\u201cMoe A\u00e7\u0131k Hava Sahnesi\u201d Cuma g\u00fcn\u00fc a\u00e7\u0131l\u0131yor - Kuzeyin Sesi\",\"isPartOf\":{\"@id\":\"https:\\\/\\\/kuzeyinsesi.org\\\/#website\"},\"primaryImageOfPage\":{\"@id\":\"https:\\\/\\\/kuzeyinsesi.org\\\/index.php\\\/2024\\\/06\\\/11\\\/moe-acik-hava-sahnesi-cuma-gunu-aciliyor\\\/#primaryimage\"},\"image\":{\"@id\":\"https:\\\/\\\/kuzeyinsesi.org\\\/index.php\\\/2024\\\/06\\\/11\\\/moe-acik-hava-sahnesi-cuma-gunu-aciliyor\\\/#primaryimage\"},\"thumbnailUrl\":\"https:\\\/\\\/kuzeyinsesi.org\\\/wp-content\\\/uploads\\\/2024\\\/06\\\/MOE-222-scaled.jpg\",\"datePublished\":\"2024-06-11T09:39:50+00:00\",\"author\":{\"@id\":\"https:\\\/\\\/kuzeyinsesi.org\\\/#\\\/schema\\\/person\\\/9f859689cdf01485597712386e37f5aa\"},\"breadcrumb\":{\"@id\":\"https:\\\/\\\/kuzeyinsesi.org\\\/index.php\\\/2024\\\/06\\\/11\\\/moe-acik-hava-sahnesi-cuma-gunu-aciliyor\\\/#breadcrumb\"},\"inLanguage\":\"tr\",\"potentialAction\":[{\"@type\":\"ReadAction\",\"target\":[\"https:\\\/\\\/kuzeyinsesi.org\\\/index.php\\\/2024\\\/06\\\/11\\\/moe-acik-hava-sahnesi-cuma-gunu-aciliyor\\\/\"]}]},{\"@type\":\"ImageObject\",\"inLanguage\":\"tr\",\"@id\":\"https:\\\/\\\/kuzeyinsesi.org\\\/index.php\\\/2024\\\/06\\\/11\\\/moe-acik-hava-sahnesi-cuma-gunu-aciliyor\\\/#primaryimage\",\"url\":\"https:\\\/\\\/kuzeyinsesi.org\\\/wp-content\\\/uploads\\\/2024\\\/06\\\/MOE-222-scaled.jpg\",\"contentUrl\":\"https:\\\/\\\/kuzeyinsesi.org\\\/wp-content\\\/uploads\\\/2024\\\/06\\\/MOE-222-scaled.jpg\",\"width\":2560,\"height\":1627},{\"@type\":\"BreadcrumbList\",\"@id\":\"https:\\\/\\\/kuzeyinsesi.org\\\/index.php\\\/2024\\\/06\\\/11\\\/moe-acik-hava-sahnesi-cuma-gunu-aciliyor\\\/#breadcrumb\",\"itemListElement\":[{\"@type\":\"ListItem\",\"position\":1,\"name\":\"Anasayfa\",\"item\":\"https:\\\/\\\/kuzeyinsesi.org\\\/\"},{\"@type\":\"ListItem\",\"position\":2,\"name\":\"\u201cMoe A\u00e7\u0131k Hava Sahnesi\u201d Cuma g\u00fcn\u00fc a\u00e7\u0131l\u0131yor\"}]},{\"@type\":\"WebSite\",\"@id\":\"https:\\\/\\\/kuzeyinsesi.org\\\/#website\",\"url\":\"https:\\\/\\\/kuzeyinsesi.org\\\/\",\"name\":\"Kuzeyin Sesi\",\"description\":\"Do\u011fru Haberin Adresi\",\"potentialAction\":[{\"@type\":\"SearchAction\",\"target\":{\"@type\":\"EntryPoint\",\"urlTemplate\":\"https:\\\/\\\/kuzeyinsesi.org\\\/?s={search_term_string}\"},\"query-input\":{\"@type\":\"PropertyValueSpecification\",\"valueRequired\":true,\"valueName\":\"search_term_string\"}}],\"inLanguage\":\"tr\"},{\"@type\":\"Person\",\"@id\":\"https:\\\/\\\/kuzeyinsesi.org\\\/#\\\/schema\\\/person\\\/9f859689cdf01485597712386e37f5aa\",\"name\":\"Kuzeyin Sesi\",\"image\":{\"@type\":\"ImageObject\",\"inLanguage\":\"tr\",\"@id\":\"https:\\\/\\\/secure.gravatar.com\\\/avatar\\\/bab33852abfd8b282518d6ed81826833d77c3c882d9ab608add591ccace47a44?s=96&d=mm&r=g\",\"url\":\"https:\\\/\\\/secure.gravatar.com\\\/avatar\\\/bab33852abfd8b282518d6ed81826833d77c3c882d9ab608add591ccace47a44?s=96&d=mm&r=g\",\"contentUrl\":\"https:\\\/\\\/secure.gravatar.com\\\/avatar\\\/bab33852abfd8b282518d6ed81826833d77c3c882d9ab608add591ccace47a44?s=96&d=mm&r=g\",\"caption\":\"Kuzeyin Sesi\"},\"sameAs\":[\"https:\\\/\\\/kuzeyinsesi.org\"],\"url\":\"https:\\\/\\\/kuzeyinsesi.org\\\/index.php\\\/author\\\/guven\\\/\"}]}<\/script>\n<!-- \/ Yoast SEO plugin. -->","yoast_head_json":{"title":"\u201cMoe A\u00e7\u0131k Hava Sahnesi\u201d Cuma g\u00fcn\u00fc a\u00e7\u0131l\u0131yor - Kuzeyin Sesi","robots":{"index":"index","follow":"follow","max-snippet":"max-snippet:-1","max-image-preview":"max-image-preview:large","max-video-preview":"max-video-preview:-1"},"canonical":"https:\/\/kuzeyinsesi.org\/index.php\/2024\/06\/11\/moe-acik-hava-sahnesi-cuma-gunu-aciliyor\/","og_locale":"tr_TR","og_type":"article","og_title":"\u201cMoe A\u00e7\u0131k Hava Sahnesi\u201d Cuma g\u00fcn\u00fc a\u00e7\u0131l\u0131yor - Kuzeyin Sesi","og_description":"\u00a0 \u00a0K\u0131br\u0131s\u2019\u0131n k\u00fclt\u00fcr sanat rehberi olma hedefiyle kurulan K\u00fclt\u00fcr Sanat K\u0131br\u0131s\u2019\u0131n (KSK) 4 bin ki\u015fi kapasiteli \u201cMoe A\u00e7\u0131k Hava Sahnesi\u201d Cuma g\u00fcn\u00fc a\u00e7\u0131l\u0131yor. Moe A\u00e7\u0131k Hava Sahnesi,\u00a0 Near East Bank\u00a0Y\u00f6netim Kurulu Ba\u015fkan\u0131 Dr. Enver Haskasap ile Master Of Experience ve Fabric House Y\u00f6netim Kurulu \u00dcyesi Tufan Yakubo\u011flu\u2019nun hayata ge\u00e7irdi\u011fi K\u00fclt\u00fcr Sanat K\u0131br\u0131s\u2019\u0131n ilk projesi olma [&hellip;]","og_url":"https:\/\/kuzeyinsesi.org\/index.php\/2024\/06\/11\/moe-acik-hava-sahnesi-cuma-gunu-aciliyor\/","og_site_name":"Kuzeyin Sesi","article_publisher":"https:\/\/www.facebook.com\/kuzeyinsesii","article_published_time":"2024-06-11T09:39:50+00:00","og_image":[{"width":2560,"height":1627,"url":"https:\/\/kuzeyinsesi.org\/wp-content\/uploads\/2024\/06\/MOE-222-scaled.jpg","type":"image\/jpeg"}],"author":"Kuzeyin Sesi","twitter_card":"summary_large_image","twitter_creator":"@kuzeyinsesii","twitter_site":"@kuzeyinsesii","twitter_misc":{"Yazan:":"Kuzeyin Sesi","Tahmini okuma s\u00fcresi":"2 dakika"},"schema":{"@context":"https:\/\/schema.org","@graph":[{"@type":"Article","@id":"https:\/\/kuzeyinsesi.org\/index.php\/2024\/06\/11\/moe-acik-hava-sahnesi-cuma-gunu-aciliyor\/#article","isPartOf":{"@id":"https:\/\/kuzeyinsesi.org\/index.php\/2024\/06\/11\/moe-acik-hava-sahnesi-cuma-gunu-aciliyor\/"},"author":{"name":"Kuzeyin Sesi","@id":"https:\/\/kuzeyinsesi.org\/#\/schema\/person\/9f859689cdf01485597712386e37f5aa"},"headline":"\u201cMoe A\u00e7\u0131k Hava Sahnesi\u201d Cuma g\u00fcn\u00fc a\u00e7\u0131l\u0131yor","datePublished":"2024-06-11T09:39:50+00:00","mainEntityOfPage":{"@id":"https:\/\/kuzeyinsesi.org\/index.php\/2024\/06\/11\/moe-acik-hava-sahnesi-cuma-gunu-aciliyor\/"},"wordCount":322,"commentCount":0,"image":{"@id":"https:\/\/kuzeyinsesi.org\/index.php\/2024\/06\/11\/moe-acik-hava-sahnesi-cuma-gunu-aciliyor\/#primaryimage"},"thumbnailUrl":"https:\/\/kuzeyinsesi.org\/wp-content\/uploads\/2024\/06\/MOE-222-scaled.jpg","articleSection":["Ya\u015fam"],"inLanguage":"tr","potentialAction":[{"@type":"CommentAction","name":"Comment","target":["https:\/\/kuzeyinsesi.org\/index.php\/2024\/06\/11\/moe-acik-hava-sahnesi-cuma-gunu-aciliyor\/#respond"]}]},{"@type":"WebPage","@id":"https:\/\/kuzeyinsesi.org\/index.php\/2024\/06\/11\/moe-acik-hava-sahnesi-cuma-gunu-aciliyor\/","url":"https:\/\/kuzeyinsesi.org\/index.php\/2024\/06\/11\/moe-acik-hava-sahnesi-cuma-gunu-aciliyor\/","name":"\u201cMoe A\u00e7\u0131k Hava Sahnesi\u201d Cuma g\u00fcn\u00fc a\u00e7\u0131l\u0131yor - Kuzeyin Sesi","isPartOf":{"@id":"https:\/\/kuzeyinsesi.org\/#website"},"primaryImageOfPage":{"@id":"https:\/\/kuzeyinsesi.org\/index.php\/2024\/06\/11\/moe-acik-hava-sahnesi-cuma-gunu-aciliyor\/#primaryimage"},"image":{"@id":"https:\/\/kuzeyinsesi.org\/index.php\/2024\/06\/11\/moe-acik-hava-sahnesi-cuma-gunu-aciliyor\/#primaryimage"},"thumbnailUrl":"https:\/\/kuzeyinsesi.org\/wp-content\/uploads\/2024\/06\/MOE-222-scaled.jpg","datePublished":"2024-06-11T09:39:50+00:00","author":{"@id":"https:\/\/kuzeyinsesi.org\/#\/schema\/person\/9f859689cdf01485597712386e37f5aa"},"breadcrumb":{"@id":"https:\/\/kuzeyinsesi.org\/index.php\/2024\/06\/11\/moe-acik-hava-sahnesi-cuma-gunu-aciliyor\/#breadcrumb"},"inLanguage":"tr","potentialAction":[{"@type":"ReadAction","target":["https:\/\/kuzeyinsesi.org\/index.php\/2024\/06\/11\/moe-acik-hava-sahnesi-cuma-gunu-aciliyor\/"]}]},{"@type":"ImageObject","inLanguage":"tr","@id":"https:\/\/kuzeyinsesi.org\/index.php\/2024\/06\/11\/moe-acik-hava-sahnesi-cuma-gunu-aciliyor\/#primaryimage","url":"https:\/\/kuzeyinsesi.org\/wp-content\/uploads\/2024\/06\/MOE-222-scaled.jpg","contentUrl":"https:\/\/kuzeyinsesi.org\/wp-content\/uploads\/2024\/06\/MOE-222-scaled.jpg","width":2560,"height":1627},{"@type":"BreadcrumbList","@id":"https:\/\/kuzeyinsesi.org\/index.php\/2024\/06\/11\/moe-acik-hava-sahnesi-cuma-gunu-aciliyor\/#breadcrumb","itemListElement":[{"@type":"ListItem","position":1,"name":"Anasayfa","item":"https:\/\/kuzeyinsesi.org\/"},{"@type":"ListItem","position":2,"name":"\u201cMoe A\u00e7\u0131k Hava Sahnesi\u201d Cuma g\u00fcn\u00fc a\u00e7\u0131l\u0131yor"}]},{"@type":"WebSite","@id":"https:\/\/kuzeyinsesi.org\/#website","url":"https:\/\/kuzeyinsesi.org\/","name":"Kuzeyin Sesi","description":"Do\u011fru Haberin Adresi","potentialAction":[{"@type":"SearchAction","target":{"@type":"EntryPoint","urlTemplate":"https:\/\/kuzeyinsesi.org\/?s={search_term_string}"},"query-input":{"@type":"PropertyValueSpecification","valueRequired":true,"valueName":"search_term_string"}}],"inLanguage":"tr"},{"@type":"Person","@id":"https:\/\/kuzeyinsesi.org\/#\/schema\/person\/9f859689cdf01485597712386e37f5aa","name":"Kuzeyin Sesi","image":{"@type":"ImageObject","inLanguage":"tr","@id":"https:\/\/secure.gravatar.com\/avatar\/bab33852abfd8b282518d6ed81826833d77c3c882d9ab608add591ccace47a44?s=96&d=mm&r=g","url":"https:\/\/secure.gravatar.com\/avatar\/bab33852abfd8b282518d6ed81826833d77c3c882d9ab608add591ccace47a44?s=96&d=mm&r=g","contentUrl":"https:\/\/secure.gravatar.com\/avatar\/bab33852abfd8b282518d6ed81826833d77c3c882d9ab608add591ccace47a44?s=96&d=mm&r=g","caption":"Kuzeyin Sesi"},"sameAs":["https:\/\/kuzeyinsesi.org"],"url":"https:\/\/kuzeyinsesi.org\/index.php\/author\/guven\/"}]}},"_links":{"self":[{"href":"https:\/\/kuzeyinsesi.org\/index.php\/wp-json\/wp\/v2\/posts\/4558","targetHints":{"allow":["GET"]}}],"collection":[{"href":"https:\/\/kuzeyinsesi.org\/index.php\/wp-json\/wp\/v2\/posts"}],"about":[{"href":"https:\/\/kuzeyinsesi.org\/index.php\/wp-json\/wp\/v2\/types\/post"}],"author":[{"embeddable":true,"href":"https:\/\/kuzeyinsesi.org\/index.php\/wp-json\/wp\/v2\/users\/1"}],"replies":[{"embeddable":true,"href":"https:\/\/kuzeyinsesi.org\/index.php\/wp-json\/wp\/v2\/comments?post=4558"}],"version-history":[{"count":0,"href":"https:\/\/kuzeyinsesi.org\/index.php\/wp-json\/wp\/v2\/posts\/4558\/revisions"}],"wp:featuredmedia":[{"embeddable":true,"href":"https:\/\/kuzeyinsesi.org\/index.php\/wp-json\/wp\/v2\/media\/4559"}],"wp:attachment":[{"href":"https:\/\/kuzeyinsesi.org\/index.php\/wp-json\/wp\/v2\/media?parent=4558"}],"wp:term":[{"taxonomy":"category","embeddable":true,"href":"https:\/\/kuzeyinsesi.org\/index.php\/wp-json\/wp\/v2\/categories?post=4558"},{"taxonomy":"post_tag","embeddable":true,"href":"https:\/\/kuzeyinsesi.org\/index.php\/wp-json\/wp\/v2\/tags?post=4558"}],"curies":[{"name":"wp","href":"https:\/\/api.w.org\/{rel}","templated":true}]}}