{"id":4552,"date":"2024-06-11T11:38:18","date_gmt":"2024-06-11T08:38:18","guid":{"rendered":"https:\/\/kuzeyinsesi.com\/index.php\/2024\/06\/11\/hasder-cocuk-senligi-yapildi\/"},"modified":"2024-06-11T11:38:18","modified_gmt":"2024-06-11T08:38:18","slug":"hasder-cocuk-senligi-yapildi","status":"publish","type":"post","link":"https:\/\/kuzeyinsesi.org\/index.php\/2024\/06\/11\/hasder-cocuk-senligi-yapildi\/","title":{"rendered":"HASDER \u00c7ocuk \u015eenli\u011fi yap\u0131ld\u0131"},"content":{"rendered":"<div>\n<div class=\"mariselle-image-container center\">\n                                            <\/div>\n<p>Halk Sanatlar\u0131 Vakf\u0131 (HASDER) \u00c7ocuk Kul\u00fcb\u00fc taraf\u0131ndan her y\u0131l geleneksel olarak d\u00fczenlenen \u00c7ocuk \u015eenli\u011fi\u2019nin on dokuzuncusu K\u00fc\u00e7\u00fck Kaymakl\u0131\u2019daki \u00e7al\u0131\u015fma merkezinde yap\u0131ld\u0131.<\/p>\n<p>HASDER\u2019den yap\u0131lan a\u00e7\u0131klamaya g\u00f6re, gen\u00e7 ya\u015fta hayata g\u00f6zlerini yuman HASDER \u00fcyesi, e\u011fitmeni ve y\u00f6neticisi \u0130lker \u00d6zova ile \u00d6zkan G\u00fcrler an\u0131s\u0131na yap\u0131lan \u015fenli\u011fin HASDER \u00c7ocuk Korosu sahne alarak, K\u0131br\u0131s \u015fark\u0131lar\u0131 seslendirdi. Gecede, \u00c7ocuk Kul\u00fcb\u00fc\u2019ne devam eden farkl\u0131 ya\u015f gruplar\u0131ndaki \u00e7ocuklar\u0131n olu\u015fturdu\u011fu Papatyalar, Yaseminler, Feslikanlar ve Y\u0131ld\u0131zlar isimli halk danslar\u0131 gruplar\u0131n\u0131n sahne performanslar\u0131 yer ald\u0131. Misafir \u00e7ocuk ekipleri Yak\u0131ndo\u011fu Spor Kulesi Dans ve Jimnastik Okulu ile Cranberries Dans Okulu dans\u00e7\u0131lar\u0131 da gecede sahne ald\u0131.<\/p>\n<div class=\"mariselle-image-container center\">\n                <img decoding=\"async\" width=\"1165\" height=\"519\" class=\"lazy-image\" alt=\"\" sizes=\"(max-width: 1165px) 100vw, 1165px\" src=\"https:\/\/brtk.net\/wp-content\/uploads\/2024\/06\/11\/32323232323999999999999999.jpg?ver=065c4a853bb15fc8c288d35c72675cef\" srcset=\"https:\/\/brtk.net\/wp-content\/uploads\/2024\/06\/11\/32323232323999999999999999.jpg?ver=065c4a853bb15fc8c288d35c72675cef 1165w, https:\/\/brtk.net\/wp-content\/uploads\/2024\/06\/11\/32323232323999999999999999-300x134.jpg?ver=065c4a853bb15fc8c288d35c72675cef 300w, https:\/\/brtk.net\/wp-content\/uploads\/2024\/06\/11\/32323232323999999999999999-1024x456.jpg?ver=065c4a853bb15fc8c288d35c72675cef 1024w, https:\/\/brtk.net\/wp-content\/uploads\/2024\/06\/11\/32323232323999999999999999-768x342.jpg?ver=065c4a853bb15fc8c288d35c72675cef 768w\"\/>                            <\/div>\n<p>\u00c7ocuk Kul\u00fcb\u00fc\u2019ne devam eden \u00e7ocuklar\u0131n annelerinin olu\u015fturdu\u011fu \u201cAnneler Ekibi\u201d ise gecede K\u0131br\u0131s halk oyunlar\u0131n\u0131 sahneledi. Gecenin sonunda ise t\u00fcm \u00e7ocuklar ve e\u011fitmenlerin kat\u0131l\u0131m\u0131yla \u201cSava\u015flara Hay\u0131r\u201d sahnelenerek, d\u00fcnyada ve Gazze\u2019de \u00f6ld\u00fcr\u00fclen \u00e7ocuklara dikkat \u00e7ekildi.<\/p>\n<\/p><\/div>\n<p><script async\n                    defer\n                    crossorigin=\"anonymous\"\n                    src=\"https:\/\/connect.facebook.net\/tr_TR\/sdk.js#xfbml=1&#038;version=v3.3\"\n            ><\/script><\/p>\n","protected":false},"excerpt":{"rendered":"<p>Halk Sanatlar\u0131 Vakf\u0131 (HASDER) \u00c7ocuk Kul\u00fcb\u00fc taraf\u0131ndan her y\u0131l geleneksel olarak d\u00fczenlenen \u00c7ocuk \u015eenli\u011fi\u2019nin on dokuzuncusu K\u00fc\u00e7\u00fck Kaymakl\u0131\u2019daki \u00e7al\u0131\u015fma merkezinde yap\u0131ld\u0131. HASDER\u2019den yap\u0131lan a\u00e7\u0131klamaya g\u00f6re, gen\u00e7 ya\u015fta hayata g\u00f6zlerini yuman HASDER \u00fcyesi, e\u011fitmeni ve y\u00f6neticisi \u0130lker \u00d6zova ile \u00d6zkan G\u00fcrler an\u0131s\u0131na yap\u0131lan \u015fenli\u011fin HASDER \u00c7ocuk Korosu sahne alarak, K\u0131br\u0131s \u015fark\u0131lar\u0131 seslendirdi. Gecede, \u00c7ocuk Kul\u00fcb\u00fc\u2019ne devam [&hellip;]<\/p>\n","protected":false},"author":1,"featured_media":4553,"comment_status":"open","ping_status":"open","sticky":false,"template":"","format":"standard","meta":{"jnews-multi-image_gallery":[],"jnews_single_post":[],"jnews_primary_category":[],"jnews_social_meta":[],"jnews_override_counter":[],"footnotes":""},"categories":[6],"tags":[],"class_list":["post-4552","post","type-post","status-publish","format-standard","has-post-thumbnail","hentry","category-yasam"],"yoast_head":"<!-- This site is optimized with the Yoast SEO plugin v27.5 - https:\/\/yoast.com\/product\/yoast-seo-wordpress\/ -->\n<title>HASDER \u00c7ocuk \u015eenli\u011fi yap\u0131ld\u0131 - Kuzeyin Sesi<\/title>\n<meta name=\"robots\" content=\"index, follow, max-snippet:-1, max-image-preview:large, max-video-preview:-1\" \/>\n<link rel=\"canonical\" href=\"https:\/\/kuzeyinsesi.org\/index.php\/2024\/06\/11\/hasder-cocuk-senligi-yapildi\/\" \/>\n<meta property=\"og:locale\" content=\"tr_TR\" \/>\n<meta property=\"og:type\" content=\"article\" \/>\n<meta property=\"og:title\" content=\"HASDER \u00c7ocuk \u015eenli\u011fi yap\u0131ld\u0131 - Kuzeyin Sesi\" \/>\n<meta property=\"og:description\" content=\"Halk Sanatlar\u0131 Vakf\u0131 (HASDER) \u00c7ocuk Kul\u00fcb\u00fc taraf\u0131ndan her y\u0131l geleneksel olarak d\u00fczenlenen \u00c7ocuk \u015eenli\u011fi\u2019nin on dokuzuncusu K\u00fc\u00e7\u00fck Kaymakl\u0131\u2019daki \u00e7al\u0131\u015fma merkezinde yap\u0131ld\u0131. HASDER\u2019den yap\u0131lan a\u00e7\u0131klamaya g\u00f6re, gen\u00e7 ya\u015fta hayata g\u00f6zlerini yuman HASDER \u00fcyesi, e\u011fitmeni ve y\u00f6neticisi \u0130lker \u00d6zova ile \u00d6zkan G\u00fcrler an\u0131s\u0131na yap\u0131lan \u015fenli\u011fin HASDER \u00c7ocuk Korosu sahne alarak, K\u0131br\u0131s \u015fark\u0131lar\u0131 seslendirdi. Gecede, \u00c7ocuk Kul\u00fcb\u00fc\u2019ne devam [&hellip;]\" \/>\n<meta property=\"og:url\" content=\"https:\/\/kuzeyinsesi.org\/index.php\/2024\/06\/11\/hasder-cocuk-senligi-yapildi\/\" \/>\n<meta property=\"og:site_name\" content=\"Kuzeyin Sesi\" \/>\n<meta property=\"article:publisher\" content=\"https:\/\/www.facebook.com\/kuzeyinsesii\" \/>\n<meta property=\"article:published_time\" content=\"2024-06-11T08:38:18+00:00\" \/>\n<meta property=\"og:image\" content=\"https:\/\/kuzeyinsesi.org\/wp-content\/uploads\/2024\/06\/hasder-1-1.jpg\" \/>\n\t<meta property=\"og:image:width\" content=\"1600\" \/>\n\t<meta property=\"og:image:height\" content=\"751\" \/>\n\t<meta property=\"og:image:type\" content=\"image\/jpeg\" \/>\n<meta name=\"author\" content=\"Kuzeyin Sesi\" \/>\n<meta name=\"twitter:card\" content=\"summary_large_image\" \/>\n<meta name=\"twitter:creator\" content=\"@kuzeyinsesii\" \/>\n<meta name=\"twitter:site\" content=\"@kuzeyinsesii\" \/>\n<meta name=\"twitter:label1\" content=\"Yazan:\" \/>\n\t<meta name=\"twitter:data1\" content=\"Kuzeyin Sesi\" \/>\n\t<meta name=\"twitter:label2\" content=\"Tahmini okuma s\u00fcresi\" \/>\n\t<meta name=\"twitter:data2\" content=\"1 dakika\" \/>\n<script type=\"application\/ld+json\" class=\"yoast-schema-graph\">{\"@context\":\"https:\\\/\\\/schema.org\",\"@graph\":[{\"@type\":\"Article\",\"@id\":\"https:\\\/\\\/kuzeyinsesi.org\\\/index.php\\\/2024\\\/06\\\/11\\\/hasder-cocuk-senligi-yapildi\\\/#article\",\"isPartOf\":{\"@id\":\"https:\\\/\\\/kuzeyinsesi.org\\\/index.php\\\/2024\\\/06\\\/11\\\/hasder-cocuk-senligi-yapildi\\\/\"},\"author\":{\"name\":\"Kuzeyin Sesi\",\"@id\":\"https:\\\/\\\/kuzeyinsesi.org\\\/#\\\/schema\\\/person\\\/9f859689cdf01485597712386e37f5aa\"},\"headline\":\"HASDER \u00c7ocuk \u015eenli\u011fi yap\u0131ld\u0131\",\"datePublished\":\"2024-06-11T08:38:18+00:00\",\"mainEntityOfPage\":{\"@id\":\"https:\\\/\\\/kuzeyinsesi.org\\\/index.php\\\/2024\\\/06\\\/11\\\/hasder-cocuk-senligi-yapildi\\\/\"},\"wordCount\":190,\"commentCount\":0,\"image\":{\"@id\":\"https:\\\/\\\/kuzeyinsesi.org\\\/index.php\\\/2024\\\/06\\\/11\\\/hasder-cocuk-senligi-yapildi\\\/#primaryimage\"},\"thumbnailUrl\":\"https:\\\/\\\/kuzeyinsesi.org\\\/wp-content\\\/uploads\\\/2024\\\/06\\\/hasder-1-1.jpg\",\"articleSection\":[\"Ya\u015fam\"],\"inLanguage\":\"tr\",\"potentialAction\":[{\"@type\":\"CommentAction\",\"name\":\"Comment\",\"target\":[\"https:\\\/\\\/kuzeyinsesi.org\\\/index.php\\\/2024\\\/06\\\/11\\\/hasder-cocuk-senligi-yapildi\\\/#respond\"]}]},{\"@type\":\"WebPage\",\"@id\":\"https:\\\/\\\/kuzeyinsesi.org\\\/index.php\\\/2024\\\/06\\\/11\\\/hasder-cocuk-senligi-yapildi\\\/\",\"url\":\"https:\\\/\\\/kuzeyinsesi.org\\\/index.php\\\/2024\\\/06\\\/11\\\/hasder-cocuk-senligi-yapildi\\\/\",\"name\":\"HASDER \u00c7ocuk \u015eenli\u011fi yap\u0131ld\u0131 - Kuzeyin Sesi\",\"isPartOf\":{\"@id\":\"https:\\\/\\\/kuzeyinsesi.org\\\/#website\"},\"primaryImageOfPage\":{\"@id\":\"https:\\\/\\\/kuzeyinsesi.org\\\/index.php\\\/2024\\\/06\\\/11\\\/hasder-cocuk-senligi-yapildi\\\/#primaryimage\"},\"image\":{\"@id\":\"https:\\\/\\\/kuzeyinsesi.org\\\/index.php\\\/2024\\\/06\\\/11\\\/hasder-cocuk-senligi-yapildi\\\/#primaryimage\"},\"thumbnailUrl\":\"https:\\\/\\\/kuzeyinsesi.org\\\/wp-content\\\/uploads\\\/2024\\\/06\\\/hasder-1-1.jpg\",\"datePublished\":\"2024-06-11T08:38:18+00:00\",\"author\":{\"@id\":\"https:\\\/\\\/kuzeyinsesi.org\\\/#\\\/schema\\\/person\\\/9f859689cdf01485597712386e37f5aa\"},\"breadcrumb\":{\"@id\":\"https:\\\/\\\/kuzeyinsesi.org\\\/index.php\\\/2024\\\/06\\\/11\\\/hasder-cocuk-senligi-yapildi\\\/#breadcrumb\"},\"inLanguage\":\"tr\",\"potentialAction\":[{\"@type\":\"ReadAction\",\"target\":[\"https:\\\/\\\/kuzeyinsesi.org\\\/index.php\\\/2024\\\/06\\\/11\\\/hasder-cocuk-senligi-yapildi\\\/\"]}]},{\"@type\":\"ImageObject\",\"inLanguage\":\"tr\",\"@id\":\"https:\\\/\\\/kuzeyinsesi.org\\\/index.php\\\/2024\\\/06\\\/11\\\/hasder-cocuk-senligi-yapildi\\\/#primaryimage\",\"url\":\"https:\\\/\\\/kuzeyinsesi.org\\\/wp-content\\\/uploads\\\/2024\\\/06\\\/hasder-1-1.jpg\",\"contentUrl\":\"https:\\\/\\\/kuzeyinsesi.org\\\/wp-content\\\/uploads\\\/2024\\\/06\\\/hasder-1-1.jpg\",\"width\":1600,\"height\":751},{\"@type\":\"BreadcrumbList\",\"@id\":\"https:\\\/\\\/kuzeyinsesi.org\\\/index.php\\\/2024\\\/06\\\/11\\\/hasder-cocuk-senligi-yapildi\\\/#breadcrumb\",\"itemListElement\":[{\"@type\":\"ListItem\",\"position\":1,\"name\":\"Anasayfa\",\"item\":\"https:\\\/\\\/kuzeyinsesi.org\\\/\"},{\"@type\":\"ListItem\",\"position\":2,\"name\":\"HASDER \u00c7ocuk \u015eenli\u011fi yap\u0131ld\u0131\"}]},{\"@type\":\"WebSite\",\"@id\":\"https:\\\/\\\/kuzeyinsesi.org\\\/#website\",\"url\":\"https:\\\/\\\/kuzeyinsesi.org\\\/\",\"name\":\"Kuzeyin Sesi\",\"description\":\"Do\u011fru Haberin Adresi\",\"potentialAction\":[{\"@type\":\"SearchAction\",\"target\":{\"@type\":\"EntryPoint\",\"urlTemplate\":\"https:\\\/\\\/kuzeyinsesi.org\\\/?s={search_term_string}\"},\"query-input\":{\"@type\":\"PropertyValueSpecification\",\"valueRequired\":true,\"valueName\":\"search_term_string\"}}],\"inLanguage\":\"tr\"},{\"@type\":\"Person\",\"@id\":\"https:\\\/\\\/kuzeyinsesi.org\\\/#\\\/schema\\\/person\\\/9f859689cdf01485597712386e37f5aa\",\"name\":\"Kuzeyin Sesi\",\"image\":{\"@type\":\"ImageObject\",\"inLanguage\":\"tr\",\"@id\":\"https:\\\/\\\/secure.gravatar.com\\\/avatar\\\/bab33852abfd8b282518d6ed81826833d77c3c882d9ab608add591ccace47a44?s=96&d=mm&r=g\",\"url\":\"https:\\\/\\\/secure.gravatar.com\\\/avatar\\\/bab33852abfd8b282518d6ed81826833d77c3c882d9ab608add591ccace47a44?s=96&d=mm&r=g\",\"contentUrl\":\"https:\\\/\\\/secure.gravatar.com\\\/avatar\\\/bab33852abfd8b282518d6ed81826833d77c3c882d9ab608add591ccace47a44?s=96&d=mm&r=g\",\"caption\":\"Kuzeyin Sesi\"},\"sameAs\":[\"https:\\\/\\\/kuzeyinsesi.org\"],\"url\":\"https:\\\/\\\/kuzeyinsesi.org\\\/index.php\\\/author\\\/guven\\\/\"}]}<\/script>\n<!-- \/ Yoast SEO plugin. -->","yoast_head_json":{"title":"HASDER \u00c7ocuk \u015eenli\u011fi yap\u0131ld\u0131 - Kuzeyin Sesi","robots":{"index":"index","follow":"follow","max-snippet":"max-snippet:-1","max-image-preview":"max-image-preview:large","max-video-preview":"max-video-preview:-1"},"canonical":"https:\/\/kuzeyinsesi.org\/index.php\/2024\/06\/11\/hasder-cocuk-senligi-yapildi\/","og_locale":"tr_TR","og_type":"article","og_title":"HASDER \u00c7ocuk \u015eenli\u011fi yap\u0131ld\u0131 - Kuzeyin Sesi","og_description":"Halk Sanatlar\u0131 Vakf\u0131 (HASDER) \u00c7ocuk Kul\u00fcb\u00fc taraf\u0131ndan her y\u0131l geleneksel olarak d\u00fczenlenen \u00c7ocuk \u015eenli\u011fi\u2019nin on dokuzuncusu K\u00fc\u00e7\u00fck Kaymakl\u0131\u2019daki \u00e7al\u0131\u015fma merkezinde yap\u0131ld\u0131. HASDER\u2019den yap\u0131lan a\u00e7\u0131klamaya g\u00f6re, gen\u00e7 ya\u015fta hayata g\u00f6zlerini yuman HASDER \u00fcyesi, e\u011fitmeni ve y\u00f6neticisi \u0130lker \u00d6zova ile \u00d6zkan G\u00fcrler an\u0131s\u0131na yap\u0131lan \u015fenli\u011fin HASDER \u00c7ocuk Korosu sahne alarak, K\u0131br\u0131s \u015fark\u0131lar\u0131 seslendirdi. Gecede, \u00c7ocuk Kul\u00fcb\u00fc\u2019ne devam [&hellip;]","og_url":"https:\/\/kuzeyinsesi.org\/index.php\/2024\/06\/11\/hasder-cocuk-senligi-yapildi\/","og_site_name":"Kuzeyin Sesi","article_publisher":"https:\/\/www.facebook.com\/kuzeyinsesii","article_published_time":"2024-06-11T08:38:18+00:00","og_image":[{"width":1600,"height":751,"url":"https:\/\/kuzeyinsesi.org\/wp-content\/uploads\/2024\/06\/hasder-1-1.jpg","type":"image\/jpeg"}],"author":"Kuzeyin Sesi","twitter_card":"summary_large_image","twitter_creator":"@kuzeyinsesii","twitter_site":"@kuzeyinsesii","twitter_misc":{"Yazan:":"Kuzeyin Sesi","Tahmini okuma s\u00fcresi":"1 dakika"},"schema":{"@context":"https:\/\/schema.org","@graph":[{"@type":"Article","@id":"https:\/\/kuzeyinsesi.org\/index.php\/2024\/06\/11\/hasder-cocuk-senligi-yapildi\/#article","isPartOf":{"@id":"https:\/\/kuzeyinsesi.org\/index.php\/2024\/06\/11\/hasder-cocuk-senligi-yapildi\/"},"author":{"name":"Kuzeyin Sesi","@id":"https:\/\/kuzeyinsesi.org\/#\/schema\/person\/9f859689cdf01485597712386e37f5aa"},"headline":"HASDER \u00c7ocuk \u015eenli\u011fi yap\u0131ld\u0131","datePublished":"2024-06-11T08:38:18+00:00","mainEntityOfPage":{"@id":"https:\/\/kuzeyinsesi.org\/index.php\/2024\/06\/11\/hasder-cocuk-senligi-yapildi\/"},"wordCount":190,"commentCount":0,"image":{"@id":"https:\/\/kuzeyinsesi.org\/index.php\/2024\/06\/11\/hasder-cocuk-senligi-yapildi\/#primaryimage"},"thumbnailUrl":"https:\/\/kuzeyinsesi.org\/wp-content\/uploads\/2024\/06\/hasder-1-1.jpg","articleSection":["Ya\u015fam"],"inLanguage":"tr","potentialAction":[{"@type":"CommentAction","name":"Comment","target":["https:\/\/kuzeyinsesi.org\/index.php\/2024\/06\/11\/hasder-cocuk-senligi-yapildi\/#respond"]}]},{"@type":"WebPage","@id":"https:\/\/kuzeyinsesi.org\/index.php\/2024\/06\/11\/hasder-cocuk-senligi-yapildi\/","url":"https:\/\/kuzeyinsesi.org\/index.php\/2024\/06\/11\/hasder-cocuk-senligi-yapildi\/","name":"HASDER \u00c7ocuk \u015eenli\u011fi yap\u0131ld\u0131 - Kuzeyin Sesi","isPartOf":{"@id":"https:\/\/kuzeyinsesi.org\/#website"},"primaryImageOfPage":{"@id":"https:\/\/kuzeyinsesi.org\/index.php\/2024\/06\/11\/hasder-cocuk-senligi-yapildi\/#primaryimage"},"image":{"@id":"https:\/\/kuzeyinsesi.org\/index.php\/2024\/06\/11\/hasder-cocuk-senligi-yapildi\/#primaryimage"},"thumbnailUrl":"https:\/\/kuzeyinsesi.org\/wp-content\/uploads\/2024\/06\/hasder-1-1.jpg","datePublished":"2024-06-11T08:38:18+00:00","author":{"@id":"https:\/\/kuzeyinsesi.org\/#\/schema\/person\/9f859689cdf01485597712386e37f5aa"},"breadcrumb":{"@id":"https:\/\/kuzeyinsesi.org\/index.php\/2024\/06\/11\/hasder-cocuk-senligi-yapildi\/#breadcrumb"},"inLanguage":"tr","potentialAction":[{"@type":"ReadAction","target":["https:\/\/kuzeyinsesi.org\/index.php\/2024\/06\/11\/hasder-cocuk-senligi-yapildi\/"]}]},{"@type":"ImageObject","inLanguage":"tr","@id":"https:\/\/kuzeyinsesi.org\/index.php\/2024\/06\/11\/hasder-cocuk-senligi-yapildi\/#primaryimage","url":"https:\/\/kuzeyinsesi.org\/wp-content\/uploads\/2024\/06\/hasder-1-1.jpg","contentUrl":"https:\/\/kuzeyinsesi.org\/wp-content\/uploads\/2024\/06\/hasder-1-1.jpg","width":1600,"height":751},{"@type":"BreadcrumbList","@id":"https:\/\/kuzeyinsesi.org\/index.php\/2024\/06\/11\/hasder-cocuk-senligi-yapildi\/#breadcrumb","itemListElement":[{"@type":"ListItem","position":1,"name":"Anasayfa","item":"https:\/\/kuzeyinsesi.org\/"},{"@type":"ListItem","position":2,"name":"HASDER \u00c7ocuk \u015eenli\u011fi yap\u0131ld\u0131"}]},{"@type":"WebSite","@id":"https:\/\/kuzeyinsesi.org\/#website","url":"https:\/\/kuzeyinsesi.org\/","name":"Kuzeyin Sesi","description":"Do\u011fru Haberin Adresi","potentialAction":[{"@type":"SearchAction","target":{"@type":"EntryPoint","urlTemplate":"https:\/\/kuzeyinsesi.org\/?s={search_term_string}"},"query-input":{"@type":"PropertyValueSpecification","valueRequired":true,"valueName":"search_term_string"}}],"inLanguage":"tr"},{"@type":"Person","@id":"https:\/\/kuzeyinsesi.org\/#\/schema\/person\/9f859689cdf01485597712386e37f5aa","name":"Kuzeyin Sesi","image":{"@type":"ImageObject","inLanguage":"tr","@id":"https:\/\/secure.gravatar.com\/avatar\/bab33852abfd8b282518d6ed81826833d77c3c882d9ab608add591ccace47a44?s=96&d=mm&r=g","url":"https:\/\/secure.gravatar.com\/avatar\/bab33852abfd8b282518d6ed81826833d77c3c882d9ab608add591ccace47a44?s=96&d=mm&r=g","contentUrl":"https:\/\/secure.gravatar.com\/avatar\/bab33852abfd8b282518d6ed81826833d77c3c882d9ab608add591ccace47a44?s=96&d=mm&r=g","caption":"Kuzeyin Sesi"},"sameAs":["https:\/\/kuzeyinsesi.org"],"url":"https:\/\/kuzeyinsesi.org\/index.php\/author\/guven\/"}]}},"_links":{"self":[{"href":"https:\/\/kuzeyinsesi.org\/index.php\/wp-json\/wp\/v2\/posts\/4552","targetHints":{"allow":["GET"]}}],"collection":[{"href":"https:\/\/kuzeyinsesi.org\/index.php\/wp-json\/wp\/v2\/posts"}],"about":[{"href":"https:\/\/kuzeyinsesi.org\/index.php\/wp-json\/wp\/v2\/types\/post"}],"author":[{"embeddable":true,"href":"https:\/\/kuzeyinsesi.org\/index.php\/wp-json\/wp\/v2\/users\/1"}],"replies":[{"embeddable":true,"href":"https:\/\/kuzeyinsesi.org\/index.php\/wp-json\/wp\/v2\/comments?post=4552"}],"version-history":[{"count":0,"href":"https:\/\/kuzeyinsesi.org\/index.php\/wp-json\/wp\/v2\/posts\/4552\/revisions"}],"wp:featuredmedia":[{"embeddable":true,"href":"https:\/\/kuzeyinsesi.org\/index.php\/wp-json\/wp\/v2\/media\/4553"}],"wp:attachment":[{"href":"https:\/\/kuzeyinsesi.org\/index.php\/wp-json\/wp\/v2\/media?parent=4552"}],"wp:term":[{"taxonomy":"category","embeddable":true,"href":"https:\/\/kuzeyinsesi.org\/index.php\/wp-json\/wp\/v2\/categories?post=4552"},{"taxonomy":"post_tag","embeddable":true,"href":"https:\/\/kuzeyinsesi.org\/index.php\/wp-json\/wp\/v2\/tags?post=4552"}],"curies":[{"name":"wp","href":"https:\/\/api.w.org\/{rel}","templated":true}]}}