{"id":4514,"date":"2024-06-10T17:13:27","date_gmt":"2024-06-10T14:13:27","guid":{"rendered":"https:\/\/kuzeyinsesi.com\/index.php\/2024\/06\/10\/dau-ile-turksoy-is-birliginde-mahtumkulu-firakiye-adanmis-siirler-etkinligi-yapiliyor\/"},"modified":"2024-06-10T17:13:27","modified_gmt":"2024-06-10T14:13:27","slug":"dau-ile-turksoy-is-birliginde-mahtumkulu-firakiye-adanmis-siirler-etkinligi-yapiliyor","status":"publish","type":"post","link":"https:\/\/kuzeyinsesi.org\/index.php\/2024\/06\/10\/dau-ile-turksoy-is-birliginde-mahtumkulu-firakiye-adanmis-siirler-etkinligi-yapiliyor\/","title":{"rendered":"DA\u00dc ile T\u00fcrksoy i\u015f birli\u011finde \u201cMahtumkulu Firaki\u2019ye Adanm\u0131\u015f \u015eiirler\u201d etkinli\u011fi yap\u0131l\u0131yor"},"content":{"rendered":"<div>\n<div class=\"mariselle-image-container none\">\n                                            <\/div>\n<p>Do\u011fu Akdeniz \u00dcniversitesi (DA\u00dc), Uluslararas\u0131 T\u00fcrk K\u00fclt\u00fcr\u00fc Te\u015fkilat\u0131 (T\u00dcRKSOY) i\u015f birli\u011finde \u00c7ar\u015famba g\u00fcn\u00fc \u201cMahtumkulu Firaki\u2019ye Adanm\u0131\u015f \u015eiirler\u201d isimli \u015fairler bulu\u015fmas\u0131 etkinli\u011fine ev sahipli\u011fi yapacak.<\/p>\n<p>T\u00dcRKSOY \u015eairler Bulu\u015fmas\u0131 kapsam\u0131nda do\u011fumunun 300. y\u0131l\u0131nda T\u00fcrk D\u00fcnyas\u0131\u2019n\u0131n yeti\u015ftirdi\u011fi en b\u00fcy\u00fck de\u011ferlerden biri kabul edilen \u015fair ve d\u00fc\u015f\u00fcn\u00fcr Mahtumkulu Firaki\u2019ye ithafen Mustafa Af\u015fin Ersoy Salonu\u2019nda d\u00fczenlenen etkinlik 14.00\u2019te ba\u015flayacak.<\/p>\n<p>\u00d6te yandan DA\u00dc ile T\u00dcRKSOY aras\u0131nda k\u00fclt\u00fcrel etkile\u015fim, bilimsel ara\u015ft\u0131rmalar ve e\u011fitim \u2013 \u00f6\u011fretim alanlar\u0131nda \u00e7al\u0131\u015fmalar\u0131 art\u0131rmak ad\u0131na \u00f6nceki y\u0131llarda imzalanan i\u015f birli\u011fi protokol\u00fc de yenilenerek ayn\u0131 g\u00fcn sabah saat 11.00\u2019de, DA\u00dc Rekt\u00f6rl\u00fc\u011f\u00fc\u2019nde imzalanacak.<\/p>\n<\/p><\/div>\n<p><script async\n                    defer\n                    crossorigin=\"anonymous\"\n                    src=\"https:\/\/connect.facebook.net\/tr_TR\/sdk.js#xfbml=1&#038;version=v3.3\"\n            ><\/script><\/p>\n","protected":false},"excerpt":{"rendered":"<p>Do\u011fu Akdeniz \u00dcniversitesi (DA\u00dc), Uluslararas\u0131 T\u00fcrk K\u00fclt\u00fcr\u00fc Te\u015fkilat\u0131 (T\u00dcRKSOY) i\u015f birli\u011finde \u00c7ar\u015famba g\u00fcn\u00fc \u201cMahtumkulu Firaki\u2019ye Adanm\u0131\u015f \u015eiirler\u201d isimli \u015fairler bulu\u015fmas\u0131 etkinli\u011fine ev sahipli\u011fi yapacak. T\u00dcRKSOY \u015eairler Bulu\u015fmas\u0131 kapsam\u0131nda do\u011fumunun 300. y\u0131l\u0131nda T\u00fcrk D\u00fcnyas\u0131\u2019n\u0131n yeti\u015ftirdi\u011fi en b\u00fcy\u00fck de\u011ferlerden biri kabul edilen \u015fair ve d\u00fc\u015f\u00fcn\u00fcr Mahtumkulu Firaki\u2019ye ithafen Mustafa Af\u015fin Ersoy Salonu\u2019nda d\u00fczenlenen etkinlik 14.00\u2019te ba\u015flayacak. \u00d6te [&hellip;]<\/p>\n","protected":false},"author":1,"featured_media":4515,"comment_status":"open","ping_status":"open","sticky":false,"template":"","format":"standard","meta":{"jnews-multi-image_gallery":[],"jnews_single_post":[],"jnews_primary_category":[],"jnews_social_meta":[],"jnews_override_counter":[],"footnotes":""},"categories":[6],"tags":[],"class_list":["post-4514","post","type-post","status-publish","format-standard","has-post-thumbnail","hentry","category-yasam"],"yoast_head":"<!-- This site is optimized with the Yoast SEO plugin v27.5 - https:\/\/yoast.com\/product\/yoast-seo-wordpress\/ -->\n<title>DA\u00dc ile T\u00fcrksoy i\u015f birli\u011finde \u201cMahtumkulu Firaki\u2019ye Adanm\u0131\u015f \u015eiirler\u201d etkinli\u011fi yap\u0131l\u0131yor - Kuzeyin Sesi<\/title>\n<meta name=\"robots\" content=\"index, follow, max-snippet:-1, max-image-preview:large, max-video-preview:-1\" \/>\n<link rel=\"canonical\" href=\"https:\/\/kuzeyinsesi.org\/index.php\/2024\/06\/10\/dau-ile-turksoy-is-birliginde-mahtumkulu-firakiye-adanmis-siirler-etkinligi-yapiliyor\/\" \/>\n<meta property=\"og:locale\" content=\"tr_TR\" \/>\n<meta property=\"og:type\" content=\"article\" \/>\n<meta property=\"og:title\" content=\"DA\u00dc ile T\u00fcrksoy i\u015f birli\u011finde \u201cMahtumkulu Firaki\u2019ye Adanm\u0131\u015f \u015eiirler\u201d etkinli\u011fi yap\u0131l\u0131yor - Kuzeyin Sesi\" \/>\n<meta property=\"og:description\" content=\"Do\u011fu Akdeniz \u00dcniversitesi (DA\u00dc), Uluslararas\u0131 T\u00fcrk K\u00fclt\u00fcr\u00fc Te\u015fkilat\u0131 (T\u00dcRKSOY) i\u015f birli\u011finde \u00c7ar\u015famba g\u00fcn\u00fc \u201cMahtumkulu Firaki\u2019ye Adanm\u0131\u015f \u015eiirler\u201d isimli \u015fairler bulu\u015fmas\u0131 etkinli\u011fine ev sahipli\u011fi yapacak. T\u00dcRKSOY \u015eairler Bulu\u015fmas\u0131 kapsam\u0131nda do\u011fumunun 300. y\u0131l\u0131nda T\u00fcrk D\u00fcnyas\u0131\u2019n\u0131n yeti\u015ftirdi\u011fi en b\u00fcy\u00fck de\u011ferlerden biri kabul edilen \u015fair ve d\u00fc\u015f\u00fcn\u00fcr Mahtumkulu Firaki\u2019ye ithafen Mustafa Af\u015fin Ersoy Salonu\u2019nda d\u00fczenlenen etkinlik 14.00\u2019te ba\u015flayacak. \u00d6te [&hellip;]\" \/>\n<meta property=\"og:url\" content=\"https:\/\/kuzeyinsesi.org\/index.php\/2024\/06\/10\/dau-ile-turksoy-is-birliginde-mahtumkulu-firakiye-adanmis-siirler-etkinligi-yapiliyor\/\" \/>\n<meta property=\"og:site_name\" content=\"Kuzeyin Sesi\" \/>\n<meta property=\"article:publisher\" content=\"https:\/\/www.facebook.com\/kuzeyinsesii\" \/>\n<meta property=\"article:published_time\" content=\"2024-06-10T14:13:27+00:00\" \/>\n<meta property=\"og:image\" content=\"https:\/\/kuzeyinsesi.org\/wp-content\/uploads\/2024\/06\/turksoy-poster.jpg\" \/>\n\t<meta property=\"og:image:width\" content=\"930\" \/>\n\t<meta property=\"og:image:height\" content=\"410\" \/>\n\t<meta property=\"og:image:type\" content=\"image\/jpeg\" \/>\n<meta name=\"author\" content=\"Kuzeyin Sesi\" \/>\n<meta name=\"twitter:card\" content=\"summary_large_image\" \/>\n<meta name=\"twitter:creator\" content=\"@kuzeyinsesii\" \/>\n<meta name=\"twitter:site\" content=\"@kuzeyinsesii\" \/>\n<meta name=\"twitter:label1\" content=\"Yazan:\" \/>\n\t<meta name=\"twitter:data1\" content=\"Kuzeyin Sesi\" \/>\n\t<meta name=\"twitter:label2\" content=\"Tahmini okuma s\u00fcresi\" \/>\n\t<meta name=\"twitter:data2\" content=\"1 dakika\" \/>\n<script type=\"application\/ld+json\" class=\"yoast-schema-graph\">{\"@context\":\"https:\\\/\\\/schema.org\",\"@graph\":[{\"@type\":\"Article\",\"@id\":\"https:\\\/\\\/kuzeyinsesi.org\\\/index.php\\\/2024\\\/06\\\/10\\\/dau-ile-turksoy-is-birliginde-mahtumkulu-firakiye-adanmis-siirler-etkinligi-yapiliyor\\\/#article\",\"isPartOf\":{\"@id\":\"https:\\\/\\\/kuzeyinsesi.org\\\/index.php\\\/2024\\\/06\\\/10\\\/dau-ile-turksoy-is-birliginde-mahtumkulu-firakiye-adanmis-siirler-etkinligi-yapiliyor\\\/\"},\"author\":{\"name\":\"Kuzeyin Sesi\",\"@id\":\"https:\\\/\\\/kuzeyinsesi.org\\\/#\\\/schema\\\/person\\\/9f859689cdf01485597712386e37f5aa\"},\"headline\":\"DA\u00dc ile T\u00fcrksoy i\u015f birli\u011finde \u201cMahtumkulu Firaki\u2019ye Adanm\u0131\u015f \u015eiirler\u201d etkinli\u011fi yap\u0131l\u0131yor\",\"datePublished\":\"2024-06-10T14:13:27+00:00\",\"mainEntityOfPage\":{\"@id\":\"https:\\\/\\\/kuzeyinsesi.org\\\/index.php\\\/2024\\\/06\\\/10\\\/dau-ile-turksoy-is-birliginde-mahtumkulu-firakiye-adanmis-siirler-etkinligi-yapiliyor\\\/\"},\"wordCount\":155,\"commentCount\":0,\"image\":{\"@id\":\"https:\\\/\\\/kuzeyinsesi.org\\\/index.php\\\/2024\\\/06\\\/10\\\/dau-ile-turksoy-is-birliginde-mahtumkulu-firakiye-adanmis-siirler-etkinligi-yapiliyor\\\/#primaryimage\"},\"thumbnailUrl\":\"https:\\\/\\\/kuzeyinsesi.org\\\/wp-content\\\/uploads\\\/2024\\\/06\\\/turksoy-poster.jpg\",\"articleSection\":[\"Ya\u015fam\"],\"inLanguage\":\"tr\",\"potentialAction\":[{\"@type\":\"CommentAction\",\"name\":\"Comment\",\"target\":[\"https:\\\/\\\/kuzeyinsesi.org\\\/index.php\\\/2024\\\/06\\\/10\\\/dau-ile-turksoy-is-birliginde-mahtumkulu-firakiye-adanmis-siirler-etkinligi-yapiliyor\\\/#respond\"]}]},{\"@type\":\"WebPage\",\"@id\":\"https:\\\/\\\/kuzeyinsesi.org\\\/index.php\\\/2024\\\/06\\\/10\\\/dau-ile-turksoy-is-birliginde-mahtumkulu-firakiye-adanmis-siirler-etkinligi-yapiliyor\\\/\",\"url\":\"https:\\\/\\\/kuzeyinsesi.org\\\/index.php\\\/2024\\\/06\\\/10\\\/dau-ile-turksoy-is-birliginde-mahtumkulu-firakiye-adanmis-siirler-etkinligi-yapiliyor\\\/\",\"name\":\"DA\u00dc ile T\u00fcrksoy i\u015f birli\u011finde \u201cMahtumkulu Firaki\u2019ye Adanm\u0131\u015f \u015eiirler\u201d etkinli\u011fi yap\u0131l\u0131yor - Kuzeyin Sesi\",\"isPartOf\":{\"@id\":\"https:\\\/\\\/kuzeyinsesi.org\\\/#website\"},\"primaryImageOfPage\":{\"@id\":\"https:\\\/\\\/kuzeyinsesi.org\\\/index.php\\\/2024\\\/06\\\/10\\\/dau-ile-turksoy-is-birliginde-mahtumkulu-firakiye-adanmis-siirler-etkinligi-yapiliyor\\\/#primaryimage\"},\"image\":{\"@id\":\"https:\\\/\\\/kuzeyinsesi.org\\\/index.php\\\/2024\\\/06\\\/10\\\/dau-ile-turksoy-is-birliginde-mahtumkulu-firakiye-adanmis-siirler-etkinligi-yapiliyor\\\/#primaryimage\"},\"thumbnailUrl\":\"https:\\\/\\\/kuzeyinsesi.org\\\/wp-content\\\/uploads\\\/2024\\\/06\\\/turksoy-poster.jpg\",\"datePublished\":\"2024-06-10T14:13:27+00:00\",\"author\":{\"@id\":\"https:\\\/\\\/kuzeyinsesi.org\\\/#\\\/schema\\\/person\\\/9f859689cdf01485597712386e37f5aa\"},\"breadcrumb\":{\"@id\":\"https:\\\/\\\/kuzeyinsesi.org\\\/index.php\\\/2024\\\/06\\\/10\\\/dau-ile-turksoy-is-birliginde-mahtumkulu-firakiye-adanmis-siirler-etkinligi-yapiliyor\\\/#breadcrumb\"},\"inLanguage\":\"tr\",\"potentialAction\":[{\"@type\":\"ReadAction\",\"target\":[\"https:\\\/\\\/kuzeyinsesi.org\\\/index.php\\\/2024\\\/06\\\/10\\\/dau-ile-turksoy-is-birliginde-mahtumkulu-firakiye-adanmis-siirler-etkinligi-yapiliyor\\\/\"]}]},{\"@type\":\"ImageObject\",\"inLanguage\":\"tr\",\"@id\":\"https:\\\/\\\/kuzeyinsesi.org\\\/index.php\\\/2024\\\/06\\\/10\\\/dau-ile-turksoy-is-birliginde-mahtumkulu-firakiye-adanmis-siirler-etkinligi-yapiliyor\\\/#primaryimage\",\"url\":\"https:\\\/\\\/kuzeyinsesi.org\\\/wp-content\\\/uploads\\\/2024\\\/06\\\/turksoy-poster.jpg\",\"contentUrl\":\"https:\\\/\\\/kuzeyinsesi.org\\\/wp-content\\\/uploads\\\/2024\\\/06\\\/turksoy-poster.jpg\",\"width\":930,\"height\":410},{\"@type\":\"BreadcrumbList\",\"@id\":\"https:\\\/\\\/kuzeyinsesi.org\\\/index.php\\\/2024\\\/06\\\/10\\\/dau-ile-turksoy-is-birliginde-mahtumkulu-firakiye-adanmis-siirler-etkinligi-yapiliyor\\\/#breadcrumb\",\"itemListElement\":[{\"@type\":\"ListItem\",\"position\":1,\"name\":\"Anasayfa\",\"item\":\"https:\\\/\\\/kuzeyinsesi.org\\\/\"},{\"@type\":\"ListItem\",\"position\":2,\"name\":\"DA\u00dc ile T\u00fcrksoy i\u015f birli\u011finde \u201cMahtumkulu Firaki\u2019ye Adanm\u0131\u015f \u015eiirler\u201d etkinli\u011fi yap\u0131l\u0131yor\"}]},{\"@type\":\"WebSite\",\"@id\":\"https:\\\/\\\/kuzeyinsesi.org\\\/#website\",\"url\":\"https:\\\/\\\/kuzeyinsesi.org\\\/\",\"name\":\"Kuzeyin Sesi\",\"description\":\"Do\u011fru Haberin Adresi\",\"potentialAction\":[{\"@type\":\"SearchAction\",\"target\":{\"@type\":\"EntryPoint\",\"urlTemplate\":\"https:\\\/\\\/kuzeyinsesi.org\\\/?s={search_term_string}\"},\"query-input\":{\"@type\":\"PropertyValueSpecification\",\"valueRequired\":true,\"valueName\":\"search_term_string\"}}],\"inLanguage\":\"tr\"},{\"@type\":\"Person\",\"@id\":\"https:\\\/\\\/kuzeyinsesi.org\\\/#\\\/schema\\\/person\\\/9f859689cdf01485597712386e37f5aa\",\"name\":\"Kuzeyin Sesi\",\"image\":{\"@type\":\"ImageObject\",\"inLanguage\":\"tr\",\"@id\":\"https:\\\/\\\/secure.gravatar.com\\\/avatar\\\/bab33852abfd8b282518d6ed81826833d77c3c882d9ab608add591ccace47a44?s=96&d=mm&r=g\",\"url\":\"https:\\\/\\\/secure.gravatar.com\\\/avatar\\\/bab33852abfd8b282518d6ed81826833d77c3c882d9ab608add591ccace47a44?s=96&d=mm&r=g\",\"contentUrl\":\"https:\\\/\\\/secure.gravatar.com\\\/avatar\\\/bab33852abfd8b282518d6ed81826833d77c3c882d9ab608add591ccace47a44?s=96&d=mm&r=g\",\"caption\":\"Kuzeyin Sesi\"},\"sameAs\":[\"https:\\\/\\\/kuzeyinsesi.org\"],\"url\":\"https:\\\/\\\/kuzeyinsesi.org\\\/index.php\\\/author\\\/guven\\\/\"}]}<\/script>\n<!-- \/ Yoast SEO plugin. -->","yoast_head_json":{"title":"DA\u00dc ile T\u00fcrksoy i\u015f birli\u011finde \u201cMahtumkulu Firaki\u2019ye Adanm\u0131\u015f \u015eiirler\u201d etkinli\u011fi yap\u0131l\u0131yor - Kuzeyin Sesi","robots":{"index":"index","follow":"follow","max-snippet":"max-snippet:-1","max-image-preview":"max-image-preview:large","max-video-preview":"max-video-preview:-1"},"canonical":"https:\/\/kuzeyinsesi.org\/index.php\/2024\/06\/10\/dau-ile-turksoy-is-birliginde-mahtumkulu-firakiye-adanmis-siirler-etkinligi-yapiliyor\/","og_locale":"tr_TR","og_type":"article","og_title":"DA\u00dc ile T\u00fcrksoy i\u015f birli\u011finde \u201cMahtumkulu Firaki\u2019ye Adanm\u0131\u015f \u015eiirler\u201d etkinli\u011fi yap\u0131l\u0131yor - Kuzeyin Sesi","og_description":"Do\u011fu Akdeniz \u00dcniversitesi (DA\u00dc), Uluslararas\u0131 T\u00fcrk K\u00fclt\u00fcr\u00fc Te\u015fkilat\u0131 (T\u00dcRKSOY) i\u015f birli\u011finde \u00c7ar\u015famba g\u00fcn\u00fc \u201cMahtumkulu Firaki\u2019ye Adanm\u0131\u015f \u015eiirler\u201d isimli \u015fairler bulu\u015fmas\u0131 etkinli\u011fine ev sahipli\u011fi yapacak. T\u00dcRKSOY \u015eairler Bulu\u015fmas\u0131 kapsam\u0131nda do\u011fumunun 300. y\u0131l\u0131nda T\u00fcrk D\u00fcnyas\u0131\u2019n\u0131n yeti\u015ftirdi\u011fi en b\u00fcy\u00fck de\u011ferlerden biri kabul edilen \u015fair ve d\u00fc\u015f\u00fcn\u00fcr Mahtumkulu Firaki\u2019ye ithafen Mustafa Af\u015fin Ersoy Salonu\u2019nda d\u00fczenlenen etkinlik 14.00\u2019te ba\u015flayacak. \u00d6te [&hellip;]","og_url":"https:\/\/kuzeyinsesi.org\/index.php\/2024\/06\/10\/dau-ile-turksoy-is-birliginde-mahtumkulu-firakiye-adanmis-siirler-etkinligi-yapiliyor\/","og_site_name":"Kuzeyin Sesi","article_publisher":"https:\/\/www.facebook.com\/kuzeyinsesii","article_published_time":"2024-06-10T14:13:27+00:00","og_image":[{"width":930,"height":410,"url":"https:\/\/kuzeyinsesi.org\/wp-content\/uploads\/2024\/06\/turksoy-poster.jpg","type":"image\/jpeg"}],"author":"Kuzeyin Sesi","twitter_card":"summary_large_image","twitter_creator":"@kuzeyinsesii","twitter_site":"@kuzeyinsesii","twitter_misc":{"Yazan:":"Kuzeyin Sesi","Tahmini okuma s\u00fcresi":"1 dakika"},"schema":{"@context":"https:\/\/schema.org","@graph":[{"@type":"Article","@id":"https:\/\/kuzeyinsesi.org\/index.php\/2024\/06\/10\/dau-ile-turksoy-is-birliginde-mahtumkulu-firakiye-adanmis-siirler-etkinligi-yapiliyor\/#article","isPartOf":{"@id":"https:\/\/kuzeyinsesi.org\/index.php\/2024\/06\/10\/dau-ile-turksoy-is-birliginde-mahtumkulu-firakiye-adanmis-siirler-etkinligi-yapiliyor\/"},"author":{"name":"Kuzeyin Sesi","@id":"https:\/\/kuzeyinsesi.org\/#\/schema\/person\/9f859689cdf01485597712386e37f5aa"},"headline":"DA\u00dc ile T\u00fcrksoy i\u015f birli\u011finde \u201cMahtumkulu Firaki\u2019ye Adanm\u0131\u015f \u015eiirler\u201d etkinli\u011fi yap\u0131l\u0131yor","datePublished":"2024-06-10T14:13:27+00:00","mainEntityOfPage":{"@id":"https:\/\/kuzeyinsesi.org\/index.php\/2024\/06\/10\/dau-ile-turksoy-is-birliginde-mahtumkulu-firakiye-adanmis-siirler-etkinligi-yapiliyor\/"},"wordCount":155,"commentCount":0,"image":{"@id":"https:\/\/kuzeyinsesi.org\/index.php\/2024\/06\/10\/dau-ile-turksoy-is-birliginde-mahtumkulu-firakiye-adanmis-siirler-etkinligi-yapiliyor\/#primaryimage"},"thumbnailUrl":"https:\/\/kuzeyinsesi.org\/wp-content\/uploads\/2024\/06\/turksoy-poster.jpg","articleSection":["Ya\u015fam"],"inLanguage":"tr","potentialAction":[{"@type":"CommentAction","name":"Comment","target":["https:\/\/kuzeyinsesi.org\/index.php\/2024\/06\/10\/dau-ile-turksoy-is-birliginde-mahtumkulu-firakiye-adanmis-siirler-etkinligi-yapiliyor\/#respond"]}]},{"@type":"WebPage","@id":"https:\/\/kuzeyinsesi.org\/index.php\/2024\/06\/10\/dau-ile-turksoy-is-birliginde-mahtumkulu-firakiye-adanmis-siirler-etkinligi-yapiliyor\/","url":"https:\/\/kuzeyinsesi.org\/index.php\/2024\/06\/10\/dau-ile-turksoy-is-birliginde-mahtumkulu-firakiye-adanmis-siirler-etkinligi-yapiliyor\/","name":"DA\u00dc ile T\u00fcrksoy i\u015f birli\u011finde \u201cMahtumkulu Firaki\u2019ye Adanm\u0131\u015f \u015eiirler\u201d etkinli\u011fi yap\u0131l\u0131yor - Kuzeyin Sesi","isPartOf":{"@id":"https:\/\/kuzeyinsesi.org\/#website"},"primaryImageOfPage":{"@id":"https:\/\/kuzeyinsesi.org\/index.php\/2024\/06\/10\/dau-ile-turksoy-is-birliginde-mahtumkulu-firakiye-adanmis-siirler-etkinligi-yapiliyor\/#primaryimage"},"image":{"@id":"https:\/\/kuzeyinsesi.org\/index.php\/2024\/06\/10\/dau-ile-turksoy-is-birliginde-mahtumkulu-firakiye-adanmis-siirler-etkinligi-yapiliyor\/#primaryimage"},"thumbnailUrl":"https:\/\/kuzeyinsesi.org\/wp-content\/uploads\/2024\/06\/turksoy-poster.jpg","datePublished":"2024-06-10T14:13:27+00:00","author":{"@id":"https:\/\/kuzeyinsesi.org\/#\/schema\/person\/9f859689cdf01485597712386e37f5aa"},"breadcrumb":{"@id":"https:\/\/kuzeyinsesi.org\/index.php\/2024\/06\/10\/dau-ile-turksoy-is-birliginde-mahtumkulu-firakiye-adanmis-siirler-etkinligi-yapiliyor\/#breadcrumb"},"inLanguage":"tr","potentialAction":[{"@type":"ReadAction","target":["https:\/\/kuzeyinsesi.org\/index.php\/2024\/06\/10\/dau-ile-turksoy-is-birliginde-mahtumkulu-firakiye-adanmis-siirler-etkinligi-yapiliyor\/"]}]},{"@type":"ImageObject","inLanguage":"tr","@id":"https:\/\/kuzeyinsesi.org\/index.php\/2024\/06\/10\/dau-ile-turksoy-is-birliginde-mahtumkulu-firakiye-adanmis-siirler-etkinligi-yapiliyor\/#primaryimage","url":"https:\/\/kuzeyinsesi.org\/wp-content\/uploads\/2024\/06\/turksoy-poster.jpg","contentUrl":"https:\/\/kuzeyinsesi.org\/wp-content\/uploads\/2024\/06\/turksoy-poster.jpg","width":930,"height":410},{"@type":"BreadcrumbList","@id":"https:\/\/kuzeyinsesi.org\/index.php\/2024\/06\/10\/dau-ile-turksoy-is-birliginde-mahtumkulu-firakiye-adanmis-siirler-etkinligi-yapiliyor\/#breadcrumb","itemListElement":[{"@type":"ListItem","position":1,"name":"Anasayfa","item":"https:\/\/kuzeyinsesi.org\/"},{"@type":"ListItem","position":2,"name":"DA\u00dc ile T\u00fcrksoy i\u015f birli\u011finde \u201cMahtumkulu Firaki\u2019ye Adanm\u0131\u015f \u015eiirler\u201d etkinli\u011fi yap\u0131l\u0131yor"}]},{"@type":"WebSite","@id":"https:\/\/kuzeyinsesi.org\/#website","url":"https:\/\/kuzeyinsesi.org\/","name":"Kuzeyin Sesi","description":"Do\u011fru Haberin Adresi","potentialAction":[{"@type":"SearchAction","target":{"@type":"EntryPoint","urlTemplate":"https:\/\/kuzeyinsesi.org\/?s={search_term_string}"},"query-input":{"@type":"PropertyValueSpecification","valueRequired":true,"valueName":"search_term_string"}}],"inLanguage":"tr"},{"@type":"Person","@id":"https:\/\/kuzeyinsesi.org\/#\/schema\/person\/9f859689cdf01485597712386e37f5aa","name":"Kuzeyin Sesi","image":{"@type":"ImageObject","inLanguage":"tr","@id":"https:\/\/secure.gravatar.com\/avatar\/bab33852abfd8b282518d6ed81826833d77c3c882d9ab608add591ccace47a44?s=96&d=mm&r=g","url":"https:\/\/secure.gravatar.com\/avatar\/bab33852abfd8b282518d6ed81826833d77c3c882d9ab608add591ccace47a44?s=96&d=mm&r=g","contentUrl":"https:\/\/secure.gravatar.com\/avatar\/bab33852abfd8b282518d6ed81826833d77c3c882d9ab608add591ccace47a44?s=96&d=mm&r=g","caption":"Kuzeyin Sesi"},"sameAs":["https:\/\/kuzeyinsesi.org"],"url":"https:\/\/kuzeyinsesi.org\/index.php\/author\/guven\/"}]}},"_links":{"self":[{"href":"https:\/\/kuzeyinsesi.org\/index.php\/wp-json\/wp\/v2\/posts\/4514","targetHints":{"allow":["GET"]}}],"collection":[{"href":"https:\/\/kuzeyinsesi.org\/index.php\/wp-json\/wp\/v2\/posts"}],"about":[{"href":"https:\/\/kuzeyinsesi.org\/index.php\/wp-json\/wp\/v2\/types\/post"}],"author":[{"embeddable":true,"href":"https:\/\/kuzeyinsesi.org\/index.php\/wp-json\/wp\/v2\/users\/1"}],"replies":[{"embeddable":true,"href":"https:\/\/kuzeyinsesi.org\/index.php\/wp-json\/wp\/v2\/comments?post=4514"}],"version-history":[{"count":0,"href":"https:\/\/kuzeyinsesi.org\/index.php\/wp-json\/wp\/v2\/posts\/4514\/revisions"}],"wp:featuredmedia":[{"embeddable":true,"href":"https:\/\/kuzeyinsesi.org\/index.php\/wp-json\/wp\/v2\/media\/4515"}],"wp:attachment":[{"href":"https:\/\/kuzeyinsesi.org\/index.php\/wp-json\/wp\/v2\/media?parent=4514"}],"wp:term":[{"taxonomy":"category","embeddable":true,"href":"https:\/\/kuzeyinsesi.org\/index.php\/wp-json\/wp\/v2\/categories?post=4514"},{"taxonomy":"post_tag","embeddable":true,"href":"https:\/\/kuzeyinsesi.org\/index.php\/wp-json\/wp\/v2\/tags?post=4514"}],"curies":[{"name":"wp","href":"https:\/\/api.w.org\/{rel}","templated":true}]}}