{"id":451,"date":"2024-04-25T17:46:07","date_gmt":"2024-04-25T14:46:07","guid":{"rendered":"https:\/\/kuzeyinsesi.com\/index.php\/2024\/04\/25\/bayern-munih-kotu-gidisi-durduramiyor\/"},"modified":"2024-04-25T17:46:07","modified_gmt":"2024-04-25T14:46:07","slug":"bayern-munih-kotu-gidisi-durduramiyor","status":"publish","type":"post","link":"https:\/\/kuzeyinsesi.org\/index.php\/2024\/04\/25\/bayern-munih-kotu-gidisi-durduramiyor\/","title":{"rendered":"Bayern M\u00fcnih k\u00f6t\u00fc gidi\u015fi durduram\u0131yor"},"content":{"rendered":"<p><\/p>\n<div>\n<p>&#13;<br \/>\n\tBavyera temsilcisi Bundesliga&#8217;da 22&#8217;nci hafta ma\u00e7\u0131nda ald\u0131\u011f\u0131 s\u00fcrpriz yenilgiyle taraftarlar\u0131n\u0131 \u00fczd\u00fc. K\u0131rm\u0131z\u0131 beyazl\u0131lar sezonun ilk yar\u0131s\u0131nda 7-0 ma\u011flup etti\u011fi Bochum&#8217;a deplasmanda 3-2&#8217;lik skorla boyun e\u011fdi.<\/p>\n<p>&#13;<br \/>\n\t<a href=\"https:\/\/www.trthaber.com\/etiket\/bayern-munih\/\" target=\"_blank\" rel=\"noopener\">Bayern M\u00fcnih<\/a> 14. dakikada Jamal Musiala ile \u00f6ne ge\u00e7mesine ra\u011fmen \u00fcst\u00fcnl\u00fc\u011f\u00fcn\u00fc koruyamad\u0131.<\/p>\n<p>&#13;<br \/>\n\tEv sahibi tak\u0131m 38. dakikada Takuma Asano ile beraberli\u011fi sa\u011flarken, 44&#8217;\u00fcnc\u00fc dakikada Schlotterbeck ile ilk yar\u0131y\u0131 2-1 \u00f6nde kapatt\u0131. Bochum 78. dakikada penalt\u0131dan Kevin St\u00f6ger&#8217;in kaydetti\u011fi golle fark\u0131 ikiye \u00e7\u0131kard\u0131.<\/p>\n<p>&#13;<br \/>\n\tPenalt\u0131ya sebebiyet veren Upamecano, ikinci sar\u0131 karttan g\u00f6rd\u00fc\u011f\u00fc k\u0131rm\u0131z\u0131 kartla <a href=\"https:\/\/www.trthaber.com\/etiket\/oyun\/\" target=\"_blank\" rel=\"noopener\">oyun<\/a> d\u0131\u015f\u0131 kald\u0131. \u015eampiyonlar Ligi&#8217;nde Lazio ma\u00e7\u0131nda da k\u0131rm\u0131z\u0131 kart g\u00f6ren Frans\u0131z futbolcu b\u00f6ylece \u00fcst \u00fcste iki kar\u015f\u0131la\u015fmada tak\u0131m\u0131n\u0131 yaln\u0131z b\u0131rakt\u0131.<\/p>\n<p>&#13;<br \/>\n\tHarry Kane&#8217;nin 87. dakikada att\u0131\u011f\u0131 gol ma\u00e7\u0131n sonucunu belirledi ve Bayern M\u00fcnih kar\u015f\u0131la\u015fmay\u0131 3-2 kaybetti. Bavyera ekibinde Sacha Boey sakatl\u0131\u011f\u0131ndan dolay\u0131 kadroda yer almazken Kim Min Jae 90 dakika forma giydi.<\/p>\n<p>&#13;<br \/>\n\tBu sonu\u00e7la Bayern M\u00fcnih Bundesliga&#8217;da \u00fcst \u00fcste ikinci yenilgisini alarak lider Bayer Leverkusen&#8217;in 8 puan gerisine d\u00fc\u015ft\u00fc.<\/p>\n<p>&#13;<br \/>\n\tThomas Tuchel&#8217;in \u00f6\u011frencileri ge\u00e7en hafta da Bayer Leverkusen&#8217;e 3-0 ma\u011flup olmu\u015ftu. M\u00fcnih temsilcisi ayr\u0131ca 14 \u015eubat&#8217;ta \u015eampiyonlar Ligi&#8217;nde deplasmanda Lazio&#8217;ya 1-0 yenildi.<\/p>\n<p>&#13;<br \/>\n\tB\u00f6ylece k\u0131rm\u0131z\u0131 beyazl\u0131 ekip 9 g\u00fcn i\u00e7inde oynad\u0131\u011f\u0131 3 ma\u00e7\u0131 da kaybederek al\u0131\u015f\u0131k olmad\u0131\u011f\u0131 bir tabloyla kar\u015f\u0131 kar\u015f\u0131ya kald\u0131. Bayern M\u00fcnih en son 2014-2015 sezonunda art arda 3 ma\u00e7tan boynu b\u00fck\u00fck ayr\u0131lm\u0131\u015ft\u0131.<\/p>\n<p>&#13;<br \/>\n\tBu yenilgilerin ard\u0131ndan Almanya&#8217;da teknik direkt\u00f6r Tuchel&#8217;in gelece\u011fi de sorgulanmaya ba\u015flad\u0131.\u00a0<\/p>\n<\/p><\/div>\n","protected":false},"excerpt":{"rendered":"<p>&#13; Bavyera temsilcisi Bundesliga&#8217;da 22&#8217;nci hafta ma\u00e7\u0131nda ald\u0131\u011f\u0131 s\u00fcrpriz yenilgiyle taraftarlar\u0131n\u0131 \u00fczd\u00fc. K\u0131rm\u0131z\u0131 beyazl\u0131lar sezonun ilk yar\u0131s\u0131nda 7-0 ma\u011flup etti\u011fi Bochum&#8217;a deplasmanda 3-2&#8217;lik skorla boyun e\u011fdi. &#13; Bayern M\u00fcnih 14. dakikada Jamal Musiala ile \u00f6ne ge\u00e7mesine ra\u011fmen \u00fcst\u00fcnl\u00fc\u011f\u00fcn\u00fc koruyamad\u0131. &#13; Ev sahibi tak\u0131m 38. dakikada Takuma Asano ile beraberli\u011fi sa\u011flarken, 44&#8217;\u00fcnc\u00fc dakikada Schlotterbeck ile ilk [&hellip;]<\/p>\n","protected":false},"author":1,"featured_media":452,"comment_status":"open","ping_status":"open","sticky":false,"template":"","format":"standard","meta":{"jnews-multi-image_gallery":[],"jnews_single_post":[],"jnews_primary_category":[],"jnews_social_meta":[],"jnews_override_counter":[],"footnotes":""},"categories":[4],"tags":[],"class_list":["post-451","post","type-post","status-publish","format-standard","has-post-thumbnail","hentry","category-spor"],"yoast_head":"<!-- This site is optimized with the Yoast SEO plugin v27.5 - https:\/\/yoast.com\/product\/yoast-seo-wordpress\/ -->\n<title>Bayern M\u00fcnih k\u00f6t\u00fc gidi\u015fi durduram\u0131yor - Kuzeyin Sesi<\/title>\n<meta name=\"robots\" content=\"index, follow, max-snippet:-1, max-image-preview:large, max-video-preview:-1\" \/>\n<link rel=\"canonical\" href=\"https:\/\/kuzeyinsesi.org\/index.php\/2024\/04\/25\/bayern-munih-kotu-gidisi-durduramiyor\/\" \/>\n<meta property=\"og:locale\" content=\"tr_TR\" \/>\n<meta property=\"og:type\" content=\"article\" \/>\n<meta property=\"og:title\" content=\"Bayern M\u00fcnih k\u00f6t\u00fc gidi\u015fi durduram\u0131yor - Kuzeyin Sesi\" \/>\n<meta property=\"og:description\" content=\"&#013; Bavyera temsilcisi Bundesliga&#8217;da 22&#8217;nci hafta ma\u00e7\u0131nda ald\u0131\u011f\u0131 s\u00fcrpriz yenilgiyle taraftarlar\u0131n\u0131 \u00fczd\u00fc. K\u0131rm\u0131z\u0131 beyazl\u0131lar sezonun ilk yar\u0131s\u0131nda 7-0 ma\u011flup etti\u011fi Bochum&#8217;a deplasmanda 3-2&#8217;lik skorla boyun e\u011fdi. &#013; Bayern M\u00fcnih 14. dakikada Jamal Musiala ile \u00f6ne ge\u00e7mesine ra\u011fmen \u00fcst\u00fcnl\u00fc\u011f\u00fcn\u00fc koruyamad\u0131. &#013; Ev sahibi tak\u0131m 38. dakikada Takuma Asano ile beraberli\u011fi sa\u011flarken, 44&#8217;\u00fcnc\u00fc dakikada Schlotterbeck ile ilk [&hellip;]\" \/>\n<meta property=\"og:url\" content=\"https:\/\/kuzeyinsesi.org\/index.php\/2024\/04\/25\/bayern-munih-kotu-gidisi-durduramiyor\/\" \/>\n<meta property=\"og:site_name\" content=\"Kuzeyin Sesi\" \/>\n<meta property=\"article:publisher\" content=\"https:\/\/www.facebook.com\/kuzeyinsesii\" \/>\n<meta property=\"article:published_time\" content=\"2024-04-25T14:46:07+00:00\" \/>\n<meta property=\"og:image\" content=\"https:\/\/kuzeyinsesi.org\/wp-content\/uploads\/2024\/04\/bayern-munih-depophotos-2188729.jpg\" \/>\n\t<meta property=\"og:image:width\" content=\"1280\" \/>\n\t<meta property=\"og:image:height\" content=\"720\" \/>\n\t<meta property=\"og:image:type\" content=\"image\/jpeg\" \/>\n<meta name=\"author\" content=\"Kuzeyin Sesi\" \/>\n<meta name=\"twitter:card\" content=\"summary_large_image\" \/>\n<meta name=\"twitter:creator\" content=\"@kuzeyinsesii\" \/>\n<meta name=\"twitter:site\" content=\"@kuzeyinsesii\" \/>\n<meta name=\"twitter:label1\" content=\"Yazan:\" \/>\n\t<meta name=\"twitter:data1\" content=\"Kuzeyin Sesi\" \/>\n\t<meta name=\"twitter:label2\" content=\"Tahmini okuma s\u00fcresi\" \/>\n\t<meta name=\"twitter:data2\" content=\"1 dakika\" \/>\n<script type=\"application\/ld+json\" class=\"yoast-schema-graph\">{\"@context\":\"https:\\\/\\\/schema.org\",\"@graph\":[{\"@type\":\"Article\",\"@id\":\"https:\\\/\\\/kuzeyinsesi.org\\\/index.php\\\/2024\\\/04\\\/25\\\/bayern-munih-kotu-gidisi-durduramiyor\\\/#article\",\"isPartOf\":{\"@id\":\"https:\\\/\\\/kuzeyinsesi.org\\\/index.php\\\/2024\\\/04\\\/25\\\/bayern-munih-kotu-gidisi-durduramiyor\\\/\"},\"author\":{\"name\":\"Kuzeyin Sesi\",\"@id\":\"https:\\\/\\\/kuzeyinsesi.org\\\/#\\\/schema\\\/person\\\/9f859689cdf01485597712386e37f5aa\"},\"headline\":\"Bayern M\u00fcnih k\u00f6t\u00fc gidi\u015fi durduram\u0131yor\",\"datePublished\":\"2024-04-25T14:46:07+00:00\",\"mainEntityOfPage\":{\"@id\":\"https:\\\/\\\/kuzeyinsesi.org\\\/index.php\\\/2024\\\/04\\\/25\\\/bayern-munih-kotu-gidisi-durduramiyor\\\/\"},\"wordCount\":294,\"commentCount\":0,\"image\":{\"@id\":\"https:\\\/\\\/kuzeyinsesi.org\\\/index.php\\\/2024\\\/04\\\/25\\\/bayern-munih-kotu-gidisi-durduramiyor\\\/#primaryimage\"},\"thumbnailUrl\":\"https:\\\/\\\/kuzeyinsesi.org\\\/wp-content\\\/uploads\\\/2024\\\/04\\\/bayern-munih-depophotos-2188729.jpg\",\"articleSection\":[\"Spor\"],\"inLanguage\":\"tr\",\"potentialAction\":[{\"@type\":\"CommentAction\",\"name\":\"Comment\",\"target\":[\"https:\\\/\\\/kuzeyinsesi.org\\\/index.php\\\/2024\\\/04\\\/25\\\/bayern-munih-kotu-gidisi-durduramiyor\\\/#respond\"]}]},{\"@type\":\"WebPage\",\"@id\":\"https:\\\/\\\/kuzeyinsesi.org\\\/index.php\\\/2024\\\/04\\\/25\\\/bayern-munih-kotu-gidisi-durduramiyor\\\/\",\"url\":\"https:\\\/\\\/kuzeyinsesi.org\\\/index.php\\\/2024\\\/04\\\/25\\\/bayern-munih-kotu-gidisi-durduramiyor\\\/\",\"name\":\"Bayern M\u00fcnih k\u00f6t\u00fc gidi\u015fi durduram\u0131yor - Kuzeyin Sesi\",\"isPartOf\":{\"@id\":\"https:\\\/\\\/kuzeyinsesi.org\\\/#website\"},\"primaryImageOfPage\":{\"@id\":\"https:\\\/\\\/kuzeyinsesi.org\\\/index.php\\\/2024\\\/04\\\/25\\\/bayern-munih-kotu-gidisi-durduramiyor\\\/#primaryimage\"},\"image\":{\"@id\":\"https:\\\/\\\/kuzeyinsesi.org\\\/index.php\\\/2024\\\/04\\\/25\\\/bayern-munih-kotu-gidisi-durduramiyor\\\/#primaryimage\"},\"thumbnailUrl\":\"https:\\\/\\\/kuzeyinsesi.org\\\/wp-content\\\/uploads\\\/2024\\\/04\\\/bayern-munih-depophotos-2188729.jpg\",\"datePublished\":\"2024-04-25T14:46:07+00:00\",\"author\":{\"@id\":\"https:\\\/\\\/kuzeyinsesi.org\\\/#\\\/schema\\\/person\\\/9f859689cdf01485597712386e37f5aa\"},\"breadcrumb\":{\"@id\":\"https:\\\/\\\/kuzeyinsesi.org\\\/index.php\\\/2024\\\/04\\\/25\\\/bayern-munih-kotu-gidisi-durduramiyor\\\/#breadcrumb\"},\"inLanguage\":\"tr\",\"potentialAction\":[{\"@type\":\"ReadAction\",\"target\":[\"https:\\\/\\\/kuzeyinsesi.org\\\/index.php\\\/2024\\\/04\\\/25\\\/bayern-munih-kotu-gidisi-durduramiyor\\\/\"]}]},{\"@type\":\"ImageObject\",\"inLanguage\":\"tr\",\"@id\":\"https:\\\/\\\/kuzeyinsesi.org\\\/index.php\\\/2024\\\/04\\\/25\\\/bayern-munih-kotu-gidisi-durduramiyor\\\/#primaryimage\",\"url\":\"https:\\\/\\\/kuzeyinsesi.org\\\/wp-content\\\/uploads\\\/2024\\\/04\\\/bayern-munih-depophotos-2188729.jpg\",\"contentUrl\":\"https:\\\/\\\/kuzeyinsesi.org\\\/wp-content\\\/uploads\\\/2024\\\/04\\\/bayern-munih-depophotos-2188729.jpg\",\"width\":1280,\"height\":720},{\"@type\":\"BreadcrumbList\",\"@id\":\"https:\\\/\\\/kuzeyinsesi.org\\\/index.php\\\/2024\\\/04\\\/25\\\/bayern-munih-kotu-gidisi-durduramiyor\\\/#breadcrumb\",\"itemListElement\":[{\"@type\":\"ListItem\",\"position\":1,\"name\":\"Anasayfa\",\"item\":\"https:\\\/\\\/kuzeyinsesi.org\\\/\"},{\"@type\":\"ListItem\",\"position\":2,\"name\":\"Bayern M\u00fcnih k\u00f6t\u00fc gidi\u015fi durduram\u0131yor\"}]},{\"@type\":\"WebSite\",\"@id\":\"https:\\\/\\\/kuzeyinsesi.org\\\/#website\",\"url\":\"https:\\\/\\\/kuzeyinsesi.org\\\/\",\"name\":\"Kuzeyin Sesi\",\"description\":\"Do\u011fru Haberin Adresi\",\"potentialAction\":[{\"@type\":\"SearchAction\",\"target\":{\"@type\":\"EntryPoint\",\"urlTemplate\":\"https:\\\/\\\/kuzeyinsesi.org\\\/?s={search_term_string}\"},\"query-input\":{\"@type\":\"PropertyValueSpecification\",\"valueRequired\":true,\"valueName\":\"search_term_string\"}}],\"inLanguage\":\"tr\"},{\"@type\":\"Person\",\"@id\":\"https:\\\/\\\/kuzeyinsesi.org\\\/#\\\/schema\\\/person\\\/9f859689cdf01485597712386e37f5aa\",\"name\":\"Kuzeyin Sesi\",\"image\":{\"@type\":\"ImageObject\",\"inLanguage\":\"tr\",\"@id\":\"https:\\\/\\\/secure.gravatar.com\\\/avatar\\\/bab33852abfd8b282518d6ed81826833d77c3c882d9ab608add591ccace47a44?s=96&d=mm&r=g\",\"url\":\"https:\\\/\\\/secure.gravatar.com\\\/avatar\\\/bab33852abfd8b282518d6ed81826833d77c3c882d9ab608add591ccace47a44?s=96&d=mm&r=g\",\"contentUrl\":\"https:\\\/\\\/secure.gravatar.com\\\/avatar\\\/bab33852abfd8b282518d6ed81826833d77c3c882d9ab608add591ccace47a44?s=96&d=mm&r=g\",\"caption\":\"Kuzeyin Sesi\"},\"sameAs\":[\"https:\\\/\\\/kuzeyinsesi.org\"],\"url\":\"https:\\\/\\\/kuzeyinsesi.org\\\/index.php\\\/author\\\/guven\\\/\"}]}<\/script>\n<!-- \/ Yoast SEO plugin. -->","yoast_head_json":{"title":"Bayern M\u00fcnih k\u00f6t\u00fc gidi\u015fi durduram\u0131yor - Kuzeyin Sesi","robots":{"index":"index","follow":"follow","max-snippet":"max-snippet:-1","max-image-preview":"max-image-preview:large","max-video-preview":"max-video-preview:-1"},"canonical":"https:\/\/kuzeyinsesi.org\/index.php\/2024\/04\/25\/bayern-munih-kotu-gidisi-durduramiyor\/","og_locale":"tr_TR","og_type":"article","og_title":"Bayern M\u00fcnih k\u00f6t\u00fc gidi\u015fi durduram\u0131yor - Kuzeyin Sesi","og_description":"&#13; Bavyera temsilcisi Bundesliga&#8217;da 22&#8217;nci hafta ma\u00e7\u0131nda ald\u0131\u011f\u0131 s\u00fcrpriz yenilgiyle taraftarlar\u0131n\u0131 \u00fczd\u00fc. K\u0131rm\u0131z\u0131 beyazl\u0131lar sezonun ilk yar\u0131s\u0131nda 7-0 ma\u011flup etti\u011fi Bochum&#8217;a deplasmanda 3-2&#8217;lik skorla boyun e\u011fdi. &#13; Bayern M\u00fcnih 14. dakikada Jamal Musiala ile \u00f6ne ge\u00e7mesine ra\u011fmen \u00fcst\u00fcnl\u00fc\u011f\u00fcn\u00fc koruyamad\u0131. &#13; Ev sahibi tak\u0131m 38. dakikada Takuma Asano ile beraberli\u011fi sa\u011flarken, 44&#8217;\u00fcnc\u00fc dakikada Schlotterbeck ile ilk [&hellip;]","og_url":"https:\/\/kuzeyinsesi.org\/index.php\/2024\/04\/25\/bayern-munih-kotu-gidisi-durduramiyor\/","og_site_name":"Kuzeyin Sesi","article_publisher":"https:\/\/www.facebook.com\/kuzeyinsesii","article_published_time":"2024-04-25T14:46:07+00:00","og_image":[{"width":1280,"height":720,"url":"https:\/\/kuzeyinsesi.org\/wp-content\/uploads\/2024\/04\/bayern-munih-depophotos-2188729.jpg","type":"image\/jpeg"}],"author":"Kuzeyin Sesi","twitter_card":"summary_large_image","twitter_creator":"@kuzeyinsesii","twitter_site":"@kuzeyinsesii","twitter_misc":{"Yazan:":"Kuzeyin Sesi","Tahmini okuma s\u00fcresi":"1 dakika"},"schema":{"@context":"https:\/\/schema.org","@graph":[{"@type":"Article","@id":"https:\/\/kuzeyinsesi.org\/index.php\/2024\/04\/25\/bayern-munih-kotu-gidisi-durduramiyor\/#article","isPartOf":{"@id":"https:\/\/kuzeyinsesi.org\/index.php\/2024\/04\/25\/bayern-munih-kotu-gidisi-durduramiyor\/"},"author":{"name":"Kuzeyin Sesi","@id":"https:\/\/kuzeyinsesi.org\/#\/schema\/person\/9f859689cdf01485597712386e37f5aa"},"headline":"Bayern M\u00fcnih k\u00f6t\u00fc gidi\u015fi durduram\u0131yor","datePublished":"2024-04-25T14:46:07+00:00","mainEntityOfPage":{"@id":"https:\/\/kuzeyinsesi.org\/index.php\/2024\/04\/25\/bayern-munih-kotu-gidisi-durduramiyor\/"},"wordCount":294,"commentCount":0,"image":{"@id":"https:\/\/kuzeyinsesi.org\/index.php\/2024\/04\/25\/bayern-munih-kotu-gidisi-durduramiyor\/#primaryimage"},"thumbnailUrl":"https:\/\/kuzeyinsesi.org\/wp-content\/uploads\/2024\/04\/bayern-munih-depophotos-2188729.jpg","articleSection":["Spor"],"inLanguage":"tr","potentialAction":[{"@type":"CommentAction","name":"Comment","target":["https:\/\/kuzeyinsesi.org\/index.php\/2024\/04\/25\/bayern-munih-kotu-gidisi-durduramiyor\/#respond"]}]},{"@type":"WebPage","@id":"https:\/\/kuzeyinsesi.org\/index.php\/2024\/04\/25\/bayern-munih-kotu-gidisi-durduramiyor\/","url":"https:\/\/kuzeyinsesi.org\/index.php\/2024\/04\/25\/bayern-munih-kotu-gidisi-durduramiyor\/","name":"Bayern M\u00fcnih k\u00f6t\u00fc gidi\u015fi durduram\u0131yor - Kuzeyin Sesi","isPartOf":{"@id":"https:\/\/kuzeyinsesi.org\/#website"},"primaryImageOfPage":{"@id":"https:\/\/kuzeyinsesi.org\/index.php\/2024\/04\/25\/bayern-munih-kotu-gidisi-durduramiyor\/#primaryimage"},"image":{"@id":"https:\/\/kuzeyinsesi.org\/index.php\/2024\/04\/25\/bayern-munih-kotu-gidisi-durduramiyor\/#primaryimage"},"thumbnailUrl":"https:\/\/kuzeyinsesi.org\/wp-content\/uploads\/2024\/04\/bayern-munih-depophotos-2188729.jpg","datePublished":"2024-04-25T14:46:07+00:00","author":{"@id":"https:\/\/kuzeyinsesi.org\/#\/schema\/person\/9f859689cdf01485597712386e37f5aa"},"breadcrumb":{"@id":"https:\/\/kuzeyinsesi.org\/index.php\/2024\/04\/25\/bayern-munih-kotu-gidisi-durduramiyor\/#breadcrumb"},"inLanguage":"tr","potentialAction":[{"@type":"ReadAction","target":["https:\/\/kuzeyinsesi.org\/index.php\/2024\/04\/25\/bayern-munih-kotu-gidisi-durduramiyor\/"]}]},{"@type":"ImageObject","inLanguage":"tr","@id":"https:\/\/kuzeyinsesi.org\/index.php\/2024\/04\/25\/bayern-munih-kotu-gidisi-durduramiyor\/#primaryimage","url":"https:\/\/kuzeyinsesi.org\/wp-content\/uploads\/2024\/04\/bayern-munih-depophotos-2188729.jpg","contentUrl":"https:\/\/kuzeyinsesi.org\/wp-content\/uploads\/2024\/04\/bayern-munih-depophotos-2188729.jpg","width":1280,"height":720},{"@type":"BreadcrumbList","@id":"https:\/\/kuzeyinsesi.org\/index.php\/2024\/04\/25\/bayern-munih-kotu-gidisi-durduramiyor\/#breadcrumb","itemListElement":[{"@type":"ListItem","position":1,"name":"Anasayfa","item":"https:\/\/kuzeyinsesi.org\/"},{"@type":"ListItem","position":2,"name":"Bayern M\u00fcnih k\u00f6t\u00fc gidi\u015fi durduram\u0131yor"}]},{"@type":"WebSite","@id":"https:\/\/kuzeyinsesi.org\/#website","url":"https:\/\/kuzeyinsesi.org\/","name":"Kuzeyin Sesi","description":"Do\u011fru Haberin Adresi","potentialAction":[{"@type":"SearchAction","target":{"@type":"EntryPoint","urlTemplate":"https:\/\/kuzeyinsesi.org\/?s={search_term_string}"},"query-input":{"@type":"PropertyValueSpecification","valueRequired":true,"valueName":"search_term_string"}}],"inLanguage":"tr"},{"@type":"Person","@id":"https:\/\/kuzeyinsesi.org\/#\/schema\/person\/9f859689cdf01485597712386e37f5aa","name":"Kuzeyin Sesi","image":{"@type":"ImageObject","inLanguage":"tr","@id":"https:\/\/secure.gravatar.com\/avatar\/bab33852abfd8b282518d6ed81826833d77c3c882d9ab608add591ccace47a44?s=96&d=mm&r=g","url":"https:\/\/secure.gravatar.com\/avatar\/bab33852abfd8b282518d6ed81826833d77c3c882d9ab608add591ccace47a44?s=96&d=mm&r=g","contentUrl":"https:\/\/secure.gravatar.com\/avatar\/bab33852abfd8b282518d6ed81826833d77c3c882d9ab608add591ccace47a44?s=96&d=mm&r=g","caption":"Kuzeyin Sesi"},"sameAs":["https:\/\/kuzeyinsesi.org"],"url":"https:\/\/kuzeyinsesi.org\/index.php\/author\/guven\/"}]}},"_links":{"self":[{"href":"https:\/\/kuzeyinsesi.org\/index.php\/wp-json\/wp\/v2\/posts\/451","targetHints":{"allow":["GET"]}}],"collection":[{"href":"https:\/\/kuzeyinsesi.org\/index.php\/wp-json\/wp\/v2\/posts"}],"about":[{"href":"https:\/\/kuzeyinsesi.org\/index.php\/wp-json\/wp\/v2\/types\/post"}],"author":[{"embeddable":true,"href":"https:\/\/kuzeyinsesi.org\/index.php\/wp-json\/wp\/v2\/users\/1"}],"replies":[{"embeddable":true,"href":"https:\/\/kuzeyinsesi.org\/index.php\/wp-json\/wp\/v2\/comments?post=451"}],"version-history":[{"count":0,"href":"https:\/\/kuzeyinsesi.org\/index.php\/wp-json\/wp\/v2\/posts\/451\/revisions"}],"wp:featuredmedia":[{"embeddable":true,"href":"https:\/\/kuzeyinsesi.org\/index.php\/wp-json\/wp\/v2\/media\/452"}],"wp:attachment":[{"href":"https:\/\/kuzeyinsesi.org\/index.php\/wp-json\/wp\/v2\/media?parent=451"}],"wp:term":[{"taxonomy":"category","embeddable":true,"href":"https:\/\/kuzeyinsesi.org\/index.php\/wp-json\/wp\/v2\/categories?post=451"},{"taxonomy":"post_tag","embeddable":true,"href":"https:\/\/kuzeyinsesi.org\/index.php\/wp-json\/wp\/v2\/tags?post=451"}],"curies":[{"name":"wp","href":"https:\/\/api.w.org\/{rel}","templated":true}]}}