{"id":4464,"date":"2024-06-10T08:03:47","date_gmt":"2024-06-10T05:03:47","guid":{"rendered":"https:\/\/kuzeyinsesi.com\/index.php\/2024\/06\/10\/7-gornec-el-makarnasi-festivali-yapildi\/"},"modified":"2024-06-10T08:03:47","modified_gmt":"2024-06-10T05:03:47","slug":"7-gornec-el-makarnasi-festivali-yapildi","status":"publish","type":"post","link":"https:\/\/kuzeyinsesi.org\/index.php\/2024\/06\/10\/7-gornec-el-makarnasi-festivali-yapildi\/","title":{"rendered":"7. G\u00f6rne\u00e7 El Makarnas\u0131 Festivali yap\u0131ld\u0131"},"content":{"rendered":"<div>\n<div class=\"mariselle-image-container center\">\n                                            <\/div>\n<p> Ge\u00e7itkale \u2013 Serdarl\u0131 Belediyesi\u2019nin d\u00fczenledi\u011fi G\u00f6rne\u00e7 7. El Makarnas\u0131 Festivali\u2019nin a\u00e7\u0131l\u0131\u015f\u0131, Cumhurba\u015fkan\u0131 Ersin Tatar, Turizm \u00c7evre ve K\u00fclt\u00fcr Bakan\u0131 Fikri Atao\u011flu ile \u00c7al\u0131\u015fma ve Sosyal G\u00fcvenlik Bakan\u0131 Sad\u0131k Gardiyano\u011flu taraf\u0131ndan yap\u0131ld\u0131.<\/p>\n<p>\u00c7al\u0131\u015fma ve Sosyal G\u00fcvenlik Bakanl\u0131\u011f\u0131\u2019ndan verilen bilgiye g\u00f6re,Bakan Sad\u0131k Gardiyano\u011flu, a\u00e7\u0131l\u0131\u015fta yapt\u0131\u011f\u0131 konu\u015fmada, festivallerin \u00fclke k\u00fclt\u00fcr\u00fcn\u00fcn ya\u015fat\u0131lmas\u0131 ve tan\u0131t\u0131lmas\u0131 a\u00e7\u0131s\u0131ndan son derece \u00f6nemli oldu\u011funa dikkat \u00e7ekerek, k\u00fclt\u00fcrel festivallerin artarak devam etmesi gerekti\u011fini s\u00f6yledi.<\/p>\n<p>Bakanl\u0131\u011f\u0131na ba\u011fl\u0131 Sosyal Hizmetler Dairesi taraf\u0131ndan, Mehmet\u00e7ik ve Erenk\u00f6y b\u00f6lgelerinde yakla\u015f\u0131k 150 kad\u0131n\u0131n sele sepet ve Karpaz dokumac\u0131l\u0131\u011f\u0131 e\u011fitimi verildi\u011fini ve bu e\u011fitimlerde ba\u015far\u0131l\u0131 olan kad\u0131nlara \u00e7al\u0131\u015fma hayat\u0131na kat\u0131lmalar\u0131 i\u00e7in 5 y\u0131l boyunca \u00c7al\u0131\u015fma ve Sosyal G\u00fcvenlik Bakanl\u0131\u011f\u0131 taraf\u0131ndan sosyal g\u00fcvenlik deste\u011fi verildi\u011fini bildiren Gardiyano\u011flu, ihtiyat sand\u0131\u011f\u0131 ve sigorta yat\u0131r\u0131mlar\u0131n\u0131n devlet taraf\u0131ndan kar\u015f\u0131land\u0131\u011f\u0131n\u0131 kaydetti. <\/p>\n<p>K\u0131br\u0131s k\u00fclt\u00fcr\u00fcn\u00fcn ya\u015fat\u0131lmas\u0131 ve k\u0131rsal kesimdeki i\u015fsiz kad\u0131nlar\u0131n \u00e7al\u0131\u015fma hayat\u0131na dahil olmas\u0131 i\u00e7in Bakanl\u0131\u011f\u0131n \u00e7al\u0131\u015fmalar\u0131n\u0131 titizlikle y\u00fcr\u00fctt\u00fc\u011f\u00fcn\u00fc belirten Gardiyano\u011flu, ilerleyen g\u00fcnlerde Mesarya b\u00f6lgesindeki kad\u0131nlara y\u00f6nelik belediyeler ile i\u015f birli\u011fi i\u00e7inde, Sosyal Hizmetler Dairesi taraf\u0131ndan sele sepet ve dokumac\u0131l\u0131k e\u011fitimi verilece\u011fini ve bu e\u011fitimlere kat\u0131lan kad\u0131nlara Bakanl\u0131\u011f\u0131 taraf\u0131ndan sosyal g\u00fcvenlik prim deste\u011fi sa\u011flanaca\u011f\u0131n\u0131 ifade etti. <\/p>\n<p>Gardiyano\u011flu, organizasyonda eme\u011fi ge\u00e7en Ge\u00e7itkale Belediye Ba\u015fkan\u0131 Halil Kas\u0131m\u2019a ve etkinli\u011fe katk\u0131 koyan herkese te\u015fekk\u00fcr etti. <\/p>\n<p>Gardiyano\u011flu ,etkinlikte standlar\u0131 gezerek vatanda\u015flarla sohbet etti.<\/p>\n<\/p><\/div>\n<p><script async\n                    defer\n                    crossorigin=\"anonymous\"\n                    src=\"https:\/\/connect.facebook.net\/tr_TR\/sdk.js#xfbml=1&#038;version=v3.3\"\n            ><\/script><\/p>\n","protected":false},"excerpt":{"rendered":"<p>Ge\u00e7itkale \u2013 Serdarl\u0131 Belediyesi\u2019nin d\u00fczenledi\u011fi G\u00f6rne\u00e7 7. El Makarnas\u0131 Festivali\u2019nin a\u00e7\u0131l\u0131\u015f\u0131, Cumhurba\u015fkan\u0131 Ersin Tatar, Turizm \u00c7evre ve K\u00fclt\u00fcr Bakan\u0131 Fikri Atao\u011flu ile \u00c7al\u0131\u015fma ve Sosyal G\u00fcvenlik Bakan\u0131 Sad\u0131k Gardiyano\u011flu taraf\u0131ndan yap\u0131ld\u0131. \u00c7al\u0131\u015fma ve Sosyal G\u00fcvenlik Bakanl\u0131\u011f\u0131\u2019ndan verilen bilgiye g\u00f6re,Bakan Sad\u0131k Gardiyano\u011flu, a\u00e7\u0131l\u0131\u015fta yapt\u0131\u011f\u0131 konu\u015fmada, festivallerin \u00fclke k\u00fclt\u00fcr\u00fcn\u00fcn ya\u015fat\u0131lmas\u0131 ve tan\u0131t\u0131lmas\u0131 a\u00e7\u0131s\u0131ndan son derece \u00f6nemli oldu\u011funa [&hellip;]<\/p>\n","protected":false},"author":1,"featured_media":4465,"comment_status":"open","ping_status":"open","sticky":false,"template":"","format":"standard","meta":{"jnews-multi-image_gallery":[],"jnews_single_post":[],"jnews_primary_category":[],"jnews_social_meta":[],"jnews_override_counter":[],"footnotes":""},"categories":[6],"tags":[],"class_list":["post-4464","post","type-post","status-publish","format-standard","has-post-thumbnail","hentry","category-yasam"],"yoast_head":"<!-- This site is optimized with the Yoast SEO plugin v27.5 - https:\/\/yoast.com\/product\/yoast-seo-wordpress\/ -->\n<title>7. G\u00f6rne\u00e7 El Makarnas\u0131 Festivali yap\u0131ld\u0131 - Kuzeyin Sesi<\/title>\n<meta name=\"robots\" content=\"index, follow, max-snippet:-1, max-image-preview:large, max-video-preview:-1\" \/>\n<link rel=\"canonical\" href=\"https:\/\/kuzeyinsesi.org\/index.php\/2024\/06\/10\/7-gornec-el-makarnasi-festivali-yapildi\/\" \/>\n<meta property=\"og:locale\" content=\"tr_TR\" \/>\n<meta property=\"og:type\" content=\"article\" \/>\n<meta property=\"og:title\" content=\"7. G\u00f6rne\u00e7 El Makarnas\u0131 Festivali yap\u0131ld\u0131 - Kuzeyin Sesi\" \/>\n<meta property=\"og:description\" content=\"Ge\u00e7itkale \u2013 Serdarl\u0131 Belediyesi\u2019nin d\u00fczenledi\u011fi G\u00f6rne\u00e7 7. El Makarnas\u0131 Festivali\u2019nin a\u00e7\u0131l\u0131\u015f\u0131, Cumhurba\u015fkan\u0131 Ersin Tatar, Turizm \u00c7evre ve K\u00fclt\u00fcr Bakan\u0131 Fikri Atao\u011flu ile \u00c7al\u0131\u015fma ve Sosyal G\u00fcvenlik Bakan\u0131 Sad\u0131k Gardiyano\u011flu taraf\u0131ndan yap\u0131ld\u0131. \u00c7al\u0131\u015fma ve Sosyal G\u00fcvenlik Bakanl\u0131\u011f\u0131\u2019ndan verilen bilgiye g\u00f6re,Bakan Sad\u0131k Gardiyano\u011flu, a\u00e7\u0131l\u0131\u015fta yapt\u0131\u011f\u0131 konu\u015fmada, festivallerin \u00fclke k\u00fclt\u00fcr\u00fcn\u00fcn ya\u015fat\u0131lmas\u0131 ve tan\u0131t\u0131lmas\u0131 a\u00e7\u0131s\u0131ndan son derece \u00f6nemli oldu\u011funa [&hellip;]\" \/>\n<meta property=\"og:url\" content=\"https:\/\/kuzeyinsesi.org\/index.php\/2024\/06\/10\/7-gornec-el-makarnasi-festivali-yapildi\/\" \/>\n<meta property=\"og:site_name\" content=\"Kuzeyin Sesi\" \/>\n<meta property=\"article:publisher\" content=\"https:\/\/www.facebook.com\/kuzeyinsesii\" \/>\n<meta property=\"article:published_time\" content=\"2024-06-10T05:03:47+00:00\" \/>\n<meta property=\"og:image\" content=\"https:\/\/kuzeyinsesi.org\/wp-content\/uploads\/2024\/06\/98989.jpg\" \/>\n\t<meta property=\"og:image:width\" content=\"1600\" \/>\n\t<meta property=\"og:image:height\" content=\"1066\" \/>\n\t<meta property=\"og:image:type\" content=\"image\/jpeg\" \/>\n<meta name=\"author\" content=\"Kuzeyin Sesi\" \/>\n<meta name=\"twitter:card\" content=\"summary_large_image\" \/>\n<meta name=\"twitter:creator\" content=\"@kuzeyinsesii\" \/>\n<meta name=\"twitter:site\" content=\"@kuzeyinsesii\" \/>\n<meta name=\"twitter:label1\" content=\"Yazan:\" \/>\n\t<meta name=\"twitter:data1\" content=\"Kuzeyin Sesi\" \/>\n\t<meta name=\"twitter:label2\" content=\"Tahmini okuma s\u00fcresi\" \/>\n\t<meta name=\"twitter:data2\" content=\"2 dakika\" \/>\n<script type=\"application\/ld+json\" class=\"yoast-schema-graph\">{\"@context\":\"https:\\\/\\\/schema.org\",\"@graph\":[{\"@type\":\"Article\",\"@id\":\"https:\\\/\\\/kuzeyinsesi.org\\\/index.php\\\/2024\\\/06\\\/10\\\/7-gornec-el-makarnasi-festivali-yapildi\\\/#article\",\"isPartOf\":{\"@id\":\"https:\\\/\\\/kuzeyinsesi.org\\\/index.php\\\/2024\\\/06\\\/10\\\/7-gornec-el-makarnasi-festivali-yapildi\\\/\"},\"author\":{\"name\":\"Kuzeyin Sesi\",\"@id\":\"https:\\\/\\\/kuzeyinsesi.org\\\/#\\\/schema\\\/person\\\/9f859689cdf01485597712386e37f5aa\"},\"headline\":\"7. G\u00f6rne\u00e7 El Makarnas\u0131 Festivali yap\u0131ld\u0131\",\"datePublished\":\"2024-06-10T05:03:47+00:00\",\"mainEntityOfPage\":{\"@id\":\"https:\\\/\\\/kuzeyinsesi.org\\\/index.php\\\/2024\\\/06\\\/10\\\/7-gornec-el-makarnasi-festivali-yapildi\\\/\"},\"wordCount\":328,\"commentCount\":0,\"image\":{\"@id\":\"https:\\\/\\\/kuzeyinsesi.org\\\/index.php\\\/2024\\\/06\\\/10\\\/7-gornec-el-makarnasi-festivali-yapildi\\\/#primaryimage\"},\"thumbnailUrl\":\"https:\\\/\\\/kuzeyinsesi.org\\\/wp-content\\\/uploads\\\/2024\\\/06\\\/98989.jpg\",\"articleSection\":[\"Ya\u015fam\"],\"inLanguage\":\"tr\",\"potentialAction\":[{\"@type\":\"CommentAction\",\"name\":\"Comment\",\"target\":[\"https:\\\/\\\/kuzeyinsesi.org\\\/index.php\\\/2024\\\/06\\\/10\\\/7-gornec-el-makarnasi-festivali-yapildi\\\/#respond\"]}]},{\"@type\":\"WebPage\",\"@id\":\"https:\\\/\\\/kuzeyinsesi.org\\\/index.php\\\/2024\\\/06\\\/10\\\/7-gornec-el-makarnasi-festivali-yapildi\\\/\",\"url\":\"https:\\\/\\\/kuzeyinsesi.org\\\/index.php\\\/2024\\\/06\\\/10\\\/7-gornec-el-makarnasi-festivali-yapildi\\\/\",\"name\":\"7. G\u00f6rne\u00e7 El Makarnas\u0131 Festivali yap\u0131ld\u0131 - Kuzeyin Sesi\",\"isPartOf\":{\"@id\":\"https:\\\/\\\/kuzeyinsesi.org\\\/#website\"},\"primaryImageOfPage\":{\"@id\":\"https:\\\/\\\/kuzeyinsesi.org\\\/index.php\\\/2024\\\/06\\\/10\\\/7-gornec-el-makarnasi-festivali-yapildi\\\/#primaryimage\"},\"image\":{\"@id\":\"https:\\\/\\\/kuzeyinsesi.org\\\/index.php\\\/2024\\\/06\\\/10\\\/7-gornec-el-makarnasi-festivali-yapildi\\\/#primaryimage\"},\"thumbnailUrl\":\"https:\\\/\\\/kuzeyinsesi.org\\\/wp-content\\\/uploads\\\/2024\\\/06\\\/98989.jpg\",\"datePublished\":\"2024-06-10T05:03:47+00:00\",\"author\":{\"@id\":\"https:\\\/\\\/kuzeyinsesi.org\\\/#\\\/schema\\\/person\\\/9f859689cdf01485597712386e37f5aa\"},\"breadcrumb\":{\"@id\":\"https:\\\/\\\/kuzeyinsesi.org\\\/index.php\\\/2024\\\/06\\\/10\\\/7-gornec-el-makarnasi-festivali-yapildi\\\/#breadcrumb\"},\"inLanguage\":\"tr\",\"potentialAction\":[{\"@type\":\"ReadAction\",\"target\":[\"https:\\\/\\\/kuzeyinsesi.org\\\/index.php\\\/2024\\\/06\\\/10\\\/7-gornec-el-makarnasi-festivali-yapildi\\\/\"]}]},{\"@type\":\"ImageObject\",\"inLanguage\":\"tr\",\"@id\":\"https:\\\/\\\/kuzeyinsesi.org\\\/index.php\\\/2024\\\/06\\\/10\\\/7-gornec-el-makarnasi-festivali-yapildi\\\/#primaryimage\",\"url\":\"https:\\\/\\\/kuzeyinsesi.org\\\/wp-content\\\/uploads\\\/2024\\\/06\\\/98989.jpg\",\"contentUrl\":\"https:\\\/\\\/kuzeyinsesi.org\\\/wp-content\\\/uploads\\\/2024\\\/06\\\/98989.jpg\",\"width\":1600,\"height\":1066},{\"@type\":\"BreadcrumbList\",\"@id\":\"https:\\\/\\\/kuzeyinsesi.org\\\/index.php\\\/2024\\\/06\\\/10\\\/7-gornec-el-makarnasi-festivali-yapildi\\\/#breadcrumb\",\"itemListElement\":[{\"@type\":\"ListItem\",\"position\":1,\"name\":\"Anasayfa\",\"item\":\"https:\\\/\\\/kuzeyinsesi.org\\\/\"},{\"@type\":\"ListItem\",\"position\":2,\"name\":\"7. G\u00f6rne\u00e7 El Makarnas\u0131 Festivali yap\u0131ld\u0131\"}]},{\"@type\":\"WebSite\",\"@id\":\"https:\\\/\\\/kuzeyinsesi.org\\\/#website\",\"url\":\"https:\\\/\\\/kuzeyinsesi.org\\\/\",\"name\":\"Kuzeyin Sesi\",\"description\":\"Do\u011fru Haberin Adresi\",\"potentialAction\":[{\"@type\":\"SearchAction\",\"target\":{\"@type\":\"EntryPoint\",\"urlTemplate\":\"https:\\\/\\\/kuzeyinsesi.org\\\/?s={search_term_string}\"},\"query-input\":{\"@type\":\"PropertyValueSpecification\",\"valueRequired\":true,\"valueName\":\"search_term_string\"}}],\"inLanguage\":\"tr\"},{\"@type\":\"Person\",\"@id\":\"https:\\\/\\\/kuzeyinsesi.org\\\/#\\\/schema\\\/person\\\/9f859689cdf01485597712386e37f5aa\",\"name\":\"Kuzeyin Sesi\",\"image\":{\"@type\":\"ImageObject\",\"inLanguage\":\"tr\",\"@id\":\"https:\\\/\\\/secure.gravatar.com\\\/avatar\\\/bab33852abfd8b282518d6ed81826833d77c3c882d9ab608add591ccace47a44?s=96&d=mm&r=g\",\"url\":\"https:\\\/\\\/secure.gravatar.com\\\/avatar\\\/bab33852abfd8b282518d6ed81826833d77c3c882d9ab608add591ccace47a44?s=96&d=mm&r=g\",\"contentUrl\":\"https:\\\/\\\/secure.gravatar.com\\\/avatar\\\/bab33852abfd8b282518d6ed81826833d77c3c882d9ab608add591ccace47a44?s=96&d=mm&r=g\",\"caption\":\"Kuzeyin Sesi\"},\"sameAs\":[\"https:\\\/\\\/kuzeyinsesi.org\"],\"url\":\"https:\\\/\\\/kuzeyinsesi.org\\\/index.php\\\/author\\\/guven\\\/\"}]}<\/script>\n<!-- \/ Yoast SEO plugin. -->","yoast_head_json":{"title":"7. G\u00f6rne\u00e7 El Makarnas\u0131 Festivali yap\u0131ld\u0131 - Kuzeyin Sesi","robots":{"index":"index","follow":"follow","max-snippet":"max-snippet:-1","max-image-preview":"max-image-preview:large","max-video-preview":"max-video-preview:-1"},"canonical":"https:\/\/kuzeyinsesi.org\/index.php\/2024\/06\/10\/7-gornec-el-makarnasi-festivali-yapildi\/","og_locale":"tr_TR","og_type":"article","og_title":"7. G\u00f6rne\u00e7 El Makarnas\u0131 Festivali yap\u0131ld\u0131 - Kuzeyin Sesi","og_description":"Ge\u00e7itkale \u2013 Serdarl\u0131 Belediyesi\u2019nin d\u00fczenledi\u011fi G\u00f6rne\u00e7 7. El Makarnas\u0131 Festivali\u2019nin a\u00e7\u0131l\u0131\u015f\u0131, Cumhurba\u015fkan\u0131 Ersin Tatar, Turizm \u00c7evre ve K\u00fclt\u00fcr Bakan\u0131 Fikri Atao\u011flu ile \u00c7al\u0131\u015fma ve Sosyal G\u00fcvenlik Bakan\u0131 Sad\u0131k Gardiyano\u011flu taraf\u0131ndan yap\u0131ld\u0131. \u00c7al\u0131\u015fma ve Sosyal G\u00fcvenlik Bakanl\u0131\u011f\u0131\u2019ndan verilen bilgiye g\u00f6re,Bakan Sad\u0131k Gardiyano\u011flu, a\u00e7\u0131l\u0131\u015fta yapt\u0131\u011f\u0131 konu\u015fmada, festivallerin \u00fclke k\u00fclt\u00fcr\u00fcn\u00fcn ya\u015fat\u0131lmas\u0131 ve tan\u0131t\u0131lmas\u0131 a\u00e7\u0131s\u0131ndan son derece \u00f6nemli oldu\u011funa [&hellip;]","og_url":"https:\/\/kuzeyinsesi.org\/index.php\/2024\/06\/10\/7-gornec-el-makarnasi-festivali-yapildi\/","og_site_name":"Kuzeyin Sesi","article_publisher":"https:\/\/www.facebook.com\/kuzeyinsesii","article_published_time":"2024-06-10T05:03:47+00:00","og_image":[{"width":1600,"height":1066,"url":"https:\/\/kuzeyinsesi.org\/wp-content\/uploads\/2024\/06\/98989.jpg","type":"image\/jpeg"}],"author":"Kuzeyin Sesi","twitter_card":"summary_large_image","twitter_creator":"@kuzeyinsesii","twitter_site":"@kuzeyinsesii","twitter_misc":{"Yazan:":"Kuzeyin Sesi","Tahmini okuma s\u00fcresi":"2 dakika"},"schema":{"@context":"https:\/\/schema.org","@graph":[{"@type":"Article","@id":"https:\/\/kuzeyinsesi.org\/index.php\/2024\/06\/10\/7-gornec-el-makarnasi-festivali-yapildi\/#article","isPartOf":{"@id":"https:\/\/kuzeyinsesi.org\/index.php\/2024\/06\/10\/7-gornec-el-makarnasi-festivali-yapildi\/"},"author":{"name":"Kuzeyin Sesi","@id":"https:\/\/kuzeyinsesi.org\/#\/schema\/person\/9f859689cdf01485597712386e37f5aa"},"headline":"7. G\u00f6rne\u00e7 El Makarnas\u0131 Festivali yap\u0131ld\u0131","datePublished":"2024-06-10T05:03:47+00:00","mainEntityOfPage":{"@id":"https:\/\/kuzeyinsesi.org\/index.php\/2024\/06\/10\/7-gornec-el-makarnasi-festivali-yapildi\/"},"wordCount":328,"commentCount":0,"image":{"@id":"https:\/\/kuzeyinsesi.org\/index.php\/2024\/06\/10\/7-gornec-el-makarnasi-festivali-yapildi\/#primaryimage"},"thumbnailUrl":"https:\/\/kuzeyinsesi.org\/wp-content\/uploads\/2024\/06\/98989.jpg","articleSection":["Ya\u015fam"],"inLanguage":"tr","potentialAction":[{"@type":"CommentAction","name":"Comment","target":["https:\/\/kuzeyinsesi.org\/index.php\/2024\/06\/10\/7-gornec-el-makarnasi-festivali-yapildi\/#respond"]}]},{"@type":"WebPage","@id":"https:\/\/kuzeyinsesi.org\/index.php\/2024\/06\/10\/7-gornec-el-makarnasi-festivali-yapildi\/","url":"https:\/\/kuzeyinsesi.org\/index.php\/2024\/06\/10\/7-gornec-el-makarnasi-festivali-yapildi\/","name":"7. G\u00f6rne\u00e7 El Makarnas\u0131 Festivali yap\u0131ld\u0131 - Kuzeyin Sesi","isPartOf":{"@id":"https:\/\/kuzeyinsesi.org\/#website"},"primaryImageOfPage":{"@id":"https:\/\/kuzeyinsesi.org\/index.php\/2024\/06\/10\/7-gornec-el-makarnasi-festivali-yapildi\/#primaryimage"},"image":{"@id":"https:\/\/kuzeyinsesi.org\/index.php\/2024\/06\/10\/7-gornec-el-makarnasi-festivali-yapildi\/#primaryimage"},"thumbnailUrl":"https:\/\/kuzeyinsesi.org\/wp-content\/uploads\/2024\/06\/98989.jpg","datePublished":"2024-06-10T05:03:47+00:00","author":{"@id":"https:\/\/kuzeyinsesi.org\/#\/schema\/person\/9f859689cdf01485597712386e37f5aa"},"breadcrumb":{"@id":"https:\/\/kuzeyinsesi.org\/index.php\/2024\/06\/10\/7-gornec-el-makarnasi-festivali-yapildi\/#breadcrumb"},"inLanguage":"tr","potentialAction":[{"@type":"ReadAction","target":["https:\/\/kuzeyinsesi.org\/index.php\/2024\/06\/10\/7-gornec-el-makarnasi-festivali-yapildi\/"]}]},{"@type":"ImageObject","inLanguage":"tr","@id":"https:\/\/kuzeyinsesi.org\/index.php\/2024\/06\/10\/7-gornec-el-makarnasi-festivali-yapildi\/#primaryimage","url":"https:\/\/kuzeyinsesi.org\/wp-content\/uploads\/2024\/06\/98989.jpg","contentUrl":"https:\/\/kuzeyinsesi.org\/wp-content\/uploads\/2024\/06\/98989.jpg","width":1600,"height":1066},{"@type":"BreadcrumbList","@id":"https:\/\/kuzeyinsesi.org\/index.php\/2024\/06\/10\/7-gornec-el-makarnasi-festivali-yapildi\/#breadcrumb","itemListElement":[{"@type":"ListItem","position":1,"name":"Anasayfa","item":"https:\/\/kuzeyinsesi.org\/"},{"@type":"ListItem","position":2,"name":"7. G\u00f6rne\u00e7 El Makarnas\u0131 Festivali yap\u0131ld\u0131"}]},{"@type":"WebSite","@id":"https:\/\/kuzeyinsesi.org\/#website","url":"https:\/\/kuzeyinsesi.org\/","name":"Kuzeyin Sesi","description":"Do\u011fru Haberin Adresi","potentialAction":[{"@type":"SearchAction","target":{"@type":"EntryPoint","urlTemplate":"https:\/\/kuzeyinsesi.org\/?s={search_term_string}"},"query-input":{"@type":"PropertyValueSpecification","valueRequired":true,"valueName":"search_term_string"}}],"inLanguage":"tr"},{"@type":"Person","@id":"https:\/\/kuzeyinsesi.org\/#\/schema\/person\/9f859689cdf01485597712386e37f5aa","name":"Kuzeyin Sesi","image":{"@type":"ImageObject","inLanguage":"tr","@id":"https:\/\/secure.gravatar.com\/avatar\/bab33852abfd8b282518d6ed81826833d77c3c882d9ab608add591ccace47a44?s=96&d=mm&r=g","url":"https:\/\/secure.gravatar.com\/avatar\/bab33852abfd8b282518d6ed81826833d77c3c882d9ab608add591ccace47a44?s=96&d=mm&r=g","contentUrl":"https:\/\/secure.gravatar.com\/avatar\/bab33852abfd8b282518d6ed81826833d77c3c882d9ab608add591ccace47a44?s=96&d=mm&r=g","caption":"Kuzeyin Sesi"},"sameAs":["https:\/\/kuzeyinsesi.org"],"url":"https:\/\/kuzeyinsesi.org\/index.php\/author\/guven\/"}]}},"_links":{"self":[{"href":"https:\/\/kuzeyinsesi.org\/index.php\/wp-json\/wp\/v2\/posts\/4464","targetHints":{"allow":["GET"]}}],"collection":[{"href":"https:\/\/kuzeyinsesi.org\/index.php\/wp-json\/wp\/v2\/posts"}],"about":[{"href":"https:\/\/kuzeyinsesi.org\/index.php\/wp-json\/wp\/v2\/types\/post"}],"author":[{"embeddable":true,"href":"https:\/\/kuzeyinsesi.org\/index.php\/wp-json\/wp\/v2\/users\/1"}],"replies":[{"embeddable":true,"href":"https:\/\/kuzeyinsesi.org\/index.php\/wp-json\/wp\/v2\/comments?post=4464"}],"version-history":[{"count":0,"href":"https:\/\/kuzeyinsesi.org\/index.php\/wp-json\/wp\/v2\/posts\/4464\/revisions"}],"wp:featuredmedia":[{"embeddable":true,"href":"https:\/\/kuzeyinsesi.org\/index.php\/wp-json\/wp\/v2\/media\/4465"}],"wp:attachment":[{"href":"https:\/\/kuzeyinsesi.org\/index.php\/wp-json\/wp\/v2\/media?parent=4464"}],"wp:term":[{"taxonomy":"category","embeddable":true,"href":"https:\/\/kuzeyinsesi.org\/index.php\/wp-json\/wp\/v2\/categories?post=4464"},{"taxonomy":"post_tag","embeddable":true,"href":"https:\/\/kuzeyinsesi.org\/index.php\/wp-json\/wp\/v2\/tags?post=4464"}],"curies":[{"name":"wp","href":"https:\/\/api.w.org\/{rel}","templated":true}]}}