{"id":4462,"date":"2024-06-09T17:46:14","date_gmt":"2024-06-09T14:46:14","guid":{"rendered":"https:\/\/kuzeyinsesi.com\/index.php\/2024\/06\/09\/dilekkayada-2-hellim-festivali-yapiliyor\/"},"modified":"2024-06-09T17:46:14","modified_gmt":"2024-06-09T14:46:14","slug":"dilekkayada-2-hellim-festivali-yapiliyor","status":"publish","type":"post","link":"https:\/\/kuzeyinsesi.org\/index.php\/2024\/06\/09\/dilekkayada-2-hellim-festivali-yapiliyor\/","title":{"rendered":"Dilekkaya\u2019da 2. Hellim Festivali yap\u0131l\u0131yor"},"content":{"rendered":"<div>\n<div class=\"mariselle-image-container center\">\n                                            <\/div>\n<p>De\u011firmenlik Ak\u0131nc\u0131lar Belediyesi\u2019nin d\u00fczenledi\u011fi \u201c2. Dilekkaya Hellim Festivali\u201d bug\u00fcn k\u00f6y meydan\u0131nda yap\u0131l\u0131yor.<\/p>\n<p>Halk danslar\u0131 g\u00f6sterileri, \u00e7ocuk korosu, cimnastik ve modern dans g\u00f6sterileri, koro ve orkestran\u0131n yer ald\u0131\u011f\u0131 etkinlik saat 11.00\u2019de ba\u015flad\u0131.<\/p>\n<p>Yiyecek ve i\u00e7ecek stantlar\u0131n\u0131n kuruldu\u011fu Dilekkaya k\u00f6y meydan\u0131ndaki festivalde, Soydan Korkmaz ve Ahmet Evan da \u015fark\u0131larla kat\u0131l\u0131mc\u0131lar\u0131 e\u011flendirecek.<\/p>\n<\/p><\/div>\n<p><script async\n                    defer\n                    crossorigin=\"anonymous\"\n                    src=\"https:\/\/connect.facebook.net\/tr_TR\/sdk.js#xfbml=1&#038;version=v3.3\"\n            ><\/script><\/p>\n","protected":false},"excerpt":{"rendered":"<p>De\u011firmenlik Ak\u0131nc\u0131lar Belediyesi\u2019nin d\u00fczenledi\u011fi \u201c2. Dilekkaya Hellim Festivali\u201d bug\u00fcn k\u00f6y meydan\u0131nda yap\u0131l\u0131yor. Halk danslar\u0131 g\u00f6sterileri, \u00e7ocuk korosu, cimnastik ve modern dans g\u00f6sterileri, koro ve orkestran\u0131n yer ald\u0131\u011f\u0131 etkinlik saat 11.00\u2019de ba\u015flad\u0131. Yiyecek ve i\u00e7ecek stantlar\u0131n\u0131n kuruldu\u011fu Dilekkaya k\u00f6y meydan\u0131ndaki festivalde, Soydan Korkmaz ve Ahmet Evan da \u015fark\u0131larla kat\u0131l\u0131mc\u0131lar\u0131 e\u011flendirecek.<\/p>\n","protected":false},"author":1,"featured_media":4463,"comment_status":"open","ping_status":"open","sticky":false,"template":"","format":"standard","meta":{"jnews-multi-image_gallery":[],"jnews_single_post":[],"jnews_primary_category":[],"jnews_social_meta":[],"jnews_override_counter":[],"footnotes":""},"categories":[6],"tags":[],"class_list":["post-4462","post","type-post","status-publish","format-standard","has-post-thumbnail","hentry","category-yasam"],"yoast_head":"<!-- This site is optimized with the Yoast SEO plugin v27.5 - https:\/\/yoast.com\/product\/yoast-seo-wordpress\/ -->\n<title>Dilekkaya\u2019da 2. Hellim Festivali yap\u0131l\u0131yor - Kuzeyin Sesi<\/title>\n<meta name=\"robots\" content=\"index, follow, max-snippet:-1, max-image-preview:large, max-video-preview:-1\" \/>\n<link rel=\"canonical\" href=\"https:\/\/kuzeyinsesi.org\/index.php\/2024\/06\/09\/dilekkayada-2-hellim-festivali-yapiliyor\/\" \/>\n<meta property=\"og:locale\" content=\"tr_TR\" \/>\n<meta property=\"og:type\" content=\"article\" \/>\n<meta property=\"og:title\" content=\"Dilekkaya\u2019da 2. Hellim Festivali yap\u0131l\u0131yor - Kuzeyin Sesi\" \/>\n<meta property=\"og:description\" content=\"De\u011firmenlik Ak\u0131nc\u0131lar Belediyesi\u2019nin d\u00fczenledi\u011fi \u201c2. Dilekkaya Hellim Festivali\u201d bug\u00fcn k\u00f6y meydan\u0131nda yap\u0131l\u0131yor. Halk danslar\u0131 g\u00f6sterileri, \u00e7ocuk korosu, cimnastik ve modern dans g\u00f6sterileri, koro ve orkestran\u0131n yer ald\u0131\u011f\u0131 etkinlik saat 11.00\u2019de ba\u015flad\u0131. Yiyecek ve i\u00e7ecek stantlar\u0131n\u0131n kuruldu\u011fu Dilekkaya k\u00f6y meydan\u0131ndaki festivalde, Soydan Korkmaz ve Ahmet Evan da \u015fark\u0131larla kat\u0131l\u0131mc\u0131lar\u0131 e\u011flendirecek.\" \/>\n<meta property=\"og:url\" content=\"https:\/\/kuzeyinsesi.org\/index.php\/2024\/06\/09\/dilekkayada-2-hellim-festivali-yapiliyor\/\" \/>\n<meta property=\"og:site_name\" content=\"Kuzeyin Sesi\" \/>\n<meta property=\"article:publisher\" content=\"https:\/\/www.facebook.com\/kuzeyinsesii\" \/>\n<meta property=\"article:published_time\" content=\"2024-06-09T14:46:14+00:00\" \/>\n<meta property=\"og:image\" content=\"https:\/\/kuzeyinsesi.org\/wp-content\/uploads\/2024\/06\/dilekkaya-hellim-fest2.jpg\" \/>\n\t<meta property=\"og:image:width\" content=\"2048\" \/>\n\t<meta property=\"og:image:height\" content=\"1536\" \/>\n\t<meta property=\"og:image:type\" content=\"image\/jpeg\" \/>\n<meta name=\"author\" content=\"Kuzeyin Sesi\" \/>\n<meta name=\"twitter:card\" content=\"summary_large_image\" \/>\n<meta name=\"twitter:creator\" content=\"@kuzeyinsesii\" \/>\n<meta name=\"twitter:site\" content=\"@kuzeyinsesii\" \/>\n<meta name=\"twitter:label1\" content=\"Yazan:\" \/>\n\t<meta name=\"twitter:data1\" content=\"Kuzeyin Sesi\" \/>\n<script type=\"application\/ld+json\" class=\"yoast-schema-graph\">{\"@context\":\"https:\\\/\\\/schema.org\",\"@graph\":[{\"@type\":\"Article\",\"@id\":\"https:\\\/\\\/kuzeyinsesi.org\\\/index.php\\\/2024\\\/06\\\/09\\\/dilekkayada-2-hellim-festivali-yapiliyor\\\/#article\",\"isPartOf\":{\"@id\":\"https:\\\/\\\/kuzeyinsesi.org\\\/index.php\\\/2024\\\/06\\\/09\\\/dilekkayada-2-hellim-festivali-yapiliyor\\\/\"},\"author\":{\"name\":\"Kuzeyin Sesi\",\"@id\":\"https:\\\/\\\/kuzeyinsesi.org\\\/#\\\/schema\\\/person\\\/9f859689cdf01485597712386e37f5aa\"},\"headline\":\"Dilekkaya\u2019da 2. Hellim Festivali yap\u0131l\u0131yor\",\"datePublished\":\"2024-06-09T14:46:14+00:00\",\"mainEntityOfPage\":{\"@id\":\"https:\\\/\\\/kuzeyinsesi.org\\\/index.php\\\/2024\\\/06\\\/09\\\/dilekkayada-2-hellim-festivali-yapiliyor\\\/\"},\"wordCount\":81,\"commentCount\":0,\"image\":{\"@id\":\"https:\\\/\\\/kuzeyinsesi.org\\\/index.php\\\/2024\\\/06\\\/09\\\/dilekkayada-2-hellim-festivali-yapiliyor\\\/#primaryimage\"},\"thumbnailUrl\":\"https:\\\/\\\/kuzeyinsesi.org\\\/wp-content\\\/uploads\\\/2024\\\/06\\\/dilekkaya-hellim-fest2.jpg\",\"articleSection\":[\"Ya\u015fam\"],\"inLanguage\":\"tr\",\"potentialAction\":[{\"@type\":\"CommentAction\",\"name\":\"Comment\",\"target\":[\"https:\\\/\\\/kuzeyinsesi.org\\\/index.php\\\/2024\\\/06\\\/09\\\/dilekkayada-2-hellim-festivali-yapiliyor\\\/#respond\"]}]},{\"@type\":\"WebPage\",\"@id\":\"https:\\\/\\\/kuzeyinsesi.org\\\/index.php\\\/2024\\\/06\\\/09\\\/dilekkayada-2-hellim-festivali-yapiliyor\\\/\",\"url\":\"https:\\\/\\\/kuzeyinsesi.org\\\/index.php\\\/2024\\\/06\\\/09\\\/dilekkayada-2-hellim-festivali-yapiliyor\\\/\",\"name\":\"Dilekkaya\u2019da 2. Hellim Festivali yap\u0131l\u0131yor - Kuzeyin Sesi\",\"isPartOf\":{\"@id\":\"https:\\\/\\\/kuzeyinsesi.org\\\/#website\"},\"primaryImageOfPage\":{\"@id\":\"https:\\\/\\\/kuzeyinsesi.org\\\/index.php\\\/2024\\\/06\\\/09\\\/dilekkayada-2-hellim-festivali-yapiliyor\\\/#primaryimage\"},\"image\":{\"@id\":\"https:\\\/\\\/kuzeyinsesi.org\\\/index.php\\\/2024\\\/06\\\/09\\\/dilekkayada-2-hellim-festivali-yapiliyor\\\/#primaryimage\"},\"thumbnailUrl\":\"https:\\\/\\\/kuzeyinsesi.org\\\/wp-content\\\/uploads\\\/2024\\\/06\\\/dilekkaya-hellim-fest2.jpg\",\"datePublished\":\"2024-06-09T14:46:14+00:00\",\"author\":{\"@id\":\"https:\\\/\\\/kuzeyinsesi.org\\\/#\\\/schema\\\/person\\\/9f859689cdf01485597712386e37f5aa\"},\"breadcrumb\":{\"@id\":\"https:\\\/\\\/kuzeyinsesi.org\\\/index.php\\\/2024\\\/06\\\/09\\\/dilekkayada-2-hellim-festivali-yapiliyor\\\/#breadcrumb\"},\"inLanguage\":\"tr\",\"potentialAction\":[{\"@type\":\"ReadAction\",\"target\":[\"https:\\\/\\\/kuzeyinsesi.org\\\/index.php\\\/2024\\\/06\\\/09\\\/dilekkayada-2-hellim-festivali-yapiliyor\\\/\"]}]},{\"@type\":\"ImageObject\",\"inLanguage\":\"tr\",\"@id\":\"https:\\\/\\\/kuzeyinsesi.org\\\/index.php\\\/2024\\\/06\\\/09\\\/dilekkayada-2-hellim-festivali-yapiliyor\\\/#primaryimage\",\"url\":\"https:\\\/\\\/kuzeyinsesi.org\\\/wp-content\\\/uploads\\\/2024\\\/06\\\/dilekkaya-hellim-fest2.jpg\",\"contentUrl\":\"https:\\\/\\\/kuzeyinsesi.org\\\/wp-content\\\/uploads\\\/2024\\\/06\\\/dilekkaya-hellim-fest2.jpg\",\"width\":2048,\"height\":1536},{\"@type\":\"BreadcrumbList\",\"@id\":\"https:\\\/\\\/kuzeyinsesi.org\\\/index.php\\\/2024\\\/06\\\/09\\\/dilekkayada-2-hellim-festivali-yapiliyor\\\/#breadcrumb\",\"itemListElement\":[{\"@type\":\"ListItem\",\"position\":1,\"name\":\"Anasayfa\",\"item\":\"https:\\\/\\\/kuzeyinsesi.org\\\/\"},{\"@type\":\"ListItem\",\"position\":2,\"name\":\"Dilekkaya\u2019da 2. Hellim Festivali yap\u0131l\u0131yor\"}]},{\"@type\":\"WebSite\",\"@id\":\"https:\\\/\\\/kuzeyinsesi.org\\\/#website\",\"url\":\"https:\\\/\\\/kuzeyinsesi.org\\\/\",\"name\":\"Kuzeyin Sesi\",\"description\":\"Do\u011fru Haberin Adresi\",\"potentialAction\":[{\"@type\":\"SearchAction\",\"target\":{\"@type\":\"EntryPoint\",\"urlTemplate\":\"https:\\\/\\\/kuzeyinsesi.org\\\/?s={search_term_string}\"},\"query-input\":{\"@type\":\"PropertyValueSpecification\",\"valueRequired\":true,\"valueName\":\"search_term_string\"}}],\"inLanguage\":\"tr\"},{\"@type\":\"Person\",\"@id\":\"https:\\\/\\\/kuzeyinsesi.org\\\/#\\\/schema\\\/person\\\/9f859689cdf01485597712386e37f5aa\",\"name\":\"Kuzeyin Sesi\",\"image\":{\"@type\":\"ImageObject\",\"inLanguage\":\"tr\",\"@id\":\"https:\\\/\\\/secure.gravatar.com\\\/avatar\\\/bab33852abfd8b282518d6ed81826833d77c3c882d9ab608add591ccace47a44?s=96&d=mm&r=g\",\"url\":\"https:\\\/\\\/secure.gravatar.com\\\/avatar\\\/bab33852abfd8b282518d6ed81826833d77c3c882d9ab608add591ccace47a44?s=96&d=mm&r=g\",\"contentUrl\":\"https:\\\/\\\/secure.gravatar.com\\\/avatar\\\/bab33852abfd8b282518d6ed81826833d77c3c882d9ab608add591ccace47a44?s=96&d=mm&r=g\",\"caption\":\"Kuzeyin Sesi\"},\"sameAs\":[\"https:\\\/\\\/kuzeyinsesi.org\"],\"url\":\"https:\\\/\\\/kuzeyinsesi.org\\\/index.php\\\/author\\\/guven\\\/\"}]}<\/script>\n<!-- \/ Yoast SEO plugin. -->","yoast_head_json":{"title":"Dilekkaya\u2019da 2. Hellim Festivali yap\u0131l\u0131yor - Kuzeyin Sesi","robots":{"index":"index","follow":"follow","max-snippet":"max-snippet:-1","max-image-preview":"max-image-preview:large","max-video-preview":"max-video-preview:-1"},"canonical":"https:\/\/kuzeyinsesi.org\/index.php\/2024\/06\/09\/dilekkayada-2-hellim-festivali-yapiliyor\/","og_locale":"tr_TR","og_type":"article","og_title":"Dilekkaya\u2019da 2. Hellim Festivali yap\u0131l\u0131yor - Kuzeyin Sesi","og_description":"De\u011firmenlik Ak\u0131nc\u0131lar Belediyesi\u2019nin d\u00fczenledi\u011fi \u201c2. Dilekkaya Hellim Festivali\u201d bug\u00fcn k\u00f6y meydan\u0131nda yap\u0131l\u0131yor. Halk danslar\u0131 g\u00f6sterileri, \u00e7ocuk korosu, cimnastik ve modern dans g\u00f6sterileri, koro ve orkestran\u0131n yer ald\u0131\u011f\u0131 etkinlik saat 11.00\u2019de ba\u015flad\u0131. Yiyecek ve i\u00e7ecek stantlar\u0131n\u0131n kuruldu\u011fu Dilekkaya k\u00f6y meydan\u0131ndaki festivalde, Soydan Korkmaz ve Ahmet Evan da \u015fark\u0131larla kat\u0131l\u0131mc\u0131lar\u0131 e\u011flendirecek.","og_url":"https:\/\/kuzeyinsesi.org\/index.php\/2024\/06\/09\/dilekkayada-2-hellim-festivali-yapiliyor\/","og_site_name":"Kuzeyin Sesi","article_publisher":"https:\/\/www.facebook.com\/kuzeyinsesii","article_published_time":"2024-06-09T14:46:14+00:00","og_image":[{"width":2048,"height":1536,"url":"https:\/\/kuzeyinsesi.org\/wp-content\/uploads\/2024\/06\/dilekkaya-hellim-fest2.jpg","type":"image\/jpeg"}],"author":"Kuzeyin Sesi","twitter_card":"summary_large_image","twitter_creator":"@kuzeyinsesii","twitter_site":"@kuzeyinsesii","twitter_misc":{"Yazan:":"Kuzeyin Sesi"},"schema":{"@context":"https:\/\/schema.org","@graph":[{"@type":"Article","@id":"https:\/\/kuzeyinsesi.org\/index.php\/2024\/06\/09\/dilekkayada-2-hellim-festivali-yapiliyor\/#article","isPartOf":{"@id":"https:\/\/kuzeyinsesi.org\/index.php\/2024\/06\/09\/dilekkayada-2-hellim-festivali-yapiliyor\/"},"author":{"name":"Kuzeyin Sesi","@id":"https:\/\/kuzeyinsesi.org\/#\/schema\/person\/9f859689cdf01485597712386e37f5aa"},"headline":"Dilekkaya\u2019da 2. Hellim Festivali yap\u0131l\u0131yor","datePublished":"2024-06-09T14:46:14+00:00","mainEntityOfPage":{"@id":"https:\/\/kuzeyinsesi.org\/index.php\/2024\/06\/09\/dilekkayada-2-hellim-festivali-yapiliyor\/"},"wordCount":81,"commentCount":0,"image":{"@id":"https:\/\/kuzeyinsesi.org\/index.php\/2024\/06\/09\/dilekkayada-2-hellim-festivali-yapiliyor\/#primaryimage"},"thumbnailUrl":"https:\/\/kuzeyinsesi.org\/wp-content\/uploads\/2024\/06\/dilekkaya-hellim-fest2.jpg","articleSection":["Ya\u015fam"],"inLanguage":"tr","potentialAction":[{"@type":"CommentAction","name":"Comment","target":["https:\/\/kuzeyinsesi.org\/index.php\/2024\/06\/09\/dilekkayada-2-hellim-festivali-yapiliyor\/#respond"]}]},{"@type":"WebPage","@id":"https:\/\/kuzeyinsesi.org\/index.php\/2024\/06\/09\/dilekkayada-2-hellim-festivali-yapiliyor\/","url":"https:\/\/kuzeyinsesi.org\/index.php\/2024\/06\/09\/dilekkayada-2-hellim-festivali-yapiliyor\/","name":"Dilekkaya\u2019da 2. Hellim Festivali yap\u0131l\u0131yor - Kuzeyin Sesi","isPartOf":{"@id":"https:\/\/kuzeyinsesi.org\/#website"},"primaryImageOfPage":{"@id":"https:\/\/kuzeyinsesi.org\/index.php\/2024\/06\/09\/dilekkayada-2-hellim-festivali-yapiliyor\/#primaryimage"},"image":{"@id":"https:\/\/kuzeyinsesi.org\/index.php\/2024\/06\/09\/dilekkayada-2-hellim-festivali-yapiliyor\/#primaryimage"},"thumbnailUrl":"https:\/\/kuzeyinsesi.org\/wp-content\/uploads\/2024\/06\/dilekkaya-hellim-fest2.jpg","datePublished":"2024-06-09T14:46:14+00:00","author":{"@id":"https:\/\/kuzeyinsesi.org\/#\/schema\/person\/9f859689cdf01485597712386e37f5aa"},"breadcrumb":{"@id":"https:\/\/kuzeyinsesi.org\/index.php\/2024\/06\/09\/dilekkayada-2-hellim-festivali-yapiliyor\/#breadcrumb"},"inLanguage":"tr","potentialAction":[{"@type":"ReadAction","target":["https:\/\/kuzeyinsesi.org\/index.php\/2024\/06\/09\/dilekkayada-2-hellim-festivali-yapiliyor\/"]}]},{"@type":"ImageObject","inLanguage":"tr","@id":"https:\/\/kuzeyinsesi.org\/index.php\/2024\/06\/09\/dilekkayada-2-hellim-festivali-yapiliyor\/#primaryimage","url":"https:\/\/kuzeyinsesi.org\/wp-content\/uploads\/2024\/06\/dilekkaya-hellim-fest2.jpg","contentUrl":"https:\/\/kuzeyinsesi.org\/wp-content\/uploads\/2024\/06\/dilekkaya-hellim-fest2.jpg","width":2048,"height":1536},{"@type":"BreadcrumbList","@id":"https:\/\/kuzeyinsesi.org\/index.php\/2024\/06\/09\/dilekkayada-2-hellim-festivali-yapiliyor\/#breadcrumb","itemListElement":[{"@type":"ListItem","position":1,"name":"Anasayfa","item":"https:\/\/kuzeyinsesi.org\/"},{"@type":"ListItem","position":2,"name":"Dilekkaya\u2019da 2. Hellim Festivali yap\u0131l\u0131yor"}]},{"@type":"WebSite","@id":"https:\/\/kuzeyinsesi.org\/#website","url":"https:\/\/kuzeyinsesi.org\/","name":"Kuzeyin Sesi","description":"Do\u011fru Haberin Adresi","potentialAction":[{"@type":"SearchAction","target":{"@type":"EntryPoint","urlTemplate":"https:\/\/kuzeyinsesi.org\/?s={search_term_string}"},"query-input":{"@type":"PropertyValueSpecification","valueRequired":true,"valueName":"search_term_string"}}],"inLanguage":"tr"},{"@type":"Person","@id":"https:\/\/kuzeyinsesi.org\/#\/schema\/person\/9f859689cdf01485597712386e37f5aa","name":"Kuzeyin Sesi","image":{"@type":"ImageObject","inLanguage":"tr","@id":"https:\/\/secure.gravatar.com\/avatar\/bab33852abfd8b282518d6ed81826833d77c3c882d9ab608add591ccace47a44?s=96&d=mm&r=g","url":"https:\/\/secure.gravatar.com\/avatar\/bab33852abfd8b282518d6ed81826833d77c3c882d9ab608add591ccace47a44?s=96&d=mm&r=g","contentUrl":"https:\/\/secure.gravatar.com\/avatar\/bab33852abfd8b282518d6ed81826833d77c3c882d9ab608add591ccace47a44?s=96&d=mm&r=g","caption":"Kuzeyin Sesi"},"sameAs":["https:\/\/kuzeyinsesi.org"],"url":"https:\/\/kuzeyinsesi.org\/index.php\/author\/guven\/"}]}},"_links":{"self":[{"href":"https:\/\/kuzeyinsesi.org\/index.php\/wp-json\/wp\/v2\/posts\/4462","targetHints":{"allow":["GET"]}}],"collection":[{"href":"https:\/\/kuzeyinsesi.org\/index.php\/wp-json\/wp\/v2\/posts"}],"about":[{"href":"https:\/\/kuzeyinsesi.org\/index.php\/wp-json\/wp\/v2\/types\/post"}],"author":[{"embeddable":true,"href":"https:\/\/kuzeyinsesi.org\/index.php\/wp-json\/wp\/v2\/users\/1"}],"replies":[{"embeddable":true,"href":"https:\/\/kuzeyinsesi.org\/index.php\/wp-json\/wp\/v2\/comments?post=4462"}],"version-history":[{"count":0,"href":"https:\/\/kuzeyinsesi.org\/index.php\/wp-json\/wp\/v2\/posts\/4462\/revisions"}],"wp:featuredmedia":[{"embeddable":true,"href":"https:\/\/kuzeyinsesi.org\/index.php\/wp-json\/wp\/v2\/media\/4463"}],"wp:attachment":[{"href":"https:\/\/kuzeyinsesi.org\/index.php\/wp-json\/wp\/v2\/media?parent=4462"}],"wp:term":[{"taxonomy":"category","embeddable":true,"href":"https:\/\/kuzeyinsesi.org\/index.php\/wp-json\/wp\/v2\/categories?post=4462"},{"taxonomy":"post_tag","embeddable":true,"href":"https:\/\/kuzeyinsesi.org\/index.php\/wp-json\/wp\/v2\/tags?post=4462"}],"curies":[{"name":"wp","href":"https:\/\/api.w.org\/{rel}","templated":true}]}}