{"id":4458,"date":"2024-06-09T16:45:28","date_gmt":"2024-06-09T13:45:28","guid":{"rendered":"https:\/\/kuzeyinsesi.com\/index.php\/2024\/06\/09\/20-kibris-tiyatro-festivali-sali-aksami-sona-eriyor\/"},"modified":"2024-06-09T16:45:28","modified_gmt":"2024-06-09T13:45:28","slug":"20-kibris-tiyatro-festivali-sali-aksami-sona-eriyor","status":"publish","type":"post","link":"https:\/\/kuzeyinsesi.org\/index.php\/2024\/06\/09\/20-kibris-tiyatro-festivali-sali-aksami-sona-eriyor\/","title":{"rendered":"20. K\u0131br\u0131s Tiyatro Festivali sal\u0131 ak\u015fam\u0131 sona eriyor"},"content":{"rendered":"<div>\n<div class=\"mariselle-image-container center\">\n                                            <\/div>\n<p>Lefko\u015fa T\u00fcrk Belediyesi taraf\u0131ndan d\u00fczenlenen 20. K\u0131br\u0131s Tiyatro Festivali, 11 Haziran Sal\u0131 ak\u015fam\u0131 Ankara Devlet Tiyatrosu\u2019nun sahneleyece\u011fi  \u201cGonzago\u2019nun \u00d6ld\u00fcr\u00fclmesi\u201d oyunuyla sona eriyor.<\/p>\n<p>LTB\u2019den verilen bilgiye g\u00f6re, YD\u00dc Atat\u00fcrk K\u00fclt\u00fcr ve Kongre Merkezi\u2019nde saat 20.30\u2019da ba\u015flayacak oyunun biletleri  Lefko\u015fa Belediye Tiyatrosu gi\u015fesi ve biletinial.com\u2019dan al\u0131nabilir.<\/p>\n<p>\u201c\u00c7\u0131k\u0131n I\u015f\u0131\u011fa Bulu\u015fabilenler, Sevindirebilenler, De\u011fi\u015febilenler\u201d slogan\u0131yla ba\u015flayan festival kapsam\u0131nda Belediye Tiyatrosu sanat\u00e7\u0131s\u0131 Hatice Tezcan\u2019\u0131n yaz\u0131p y\u00f6netti\u011fi \u201cU\u00e7an Bisiklet\u201d \u00e7ocuk oyunu da seyirciyle bulu\u015ftu. A\u00e7elya B\u00fck\u00fclmez ve Ekin Karab\u00f6cek\u2019in rol ald\u0131\u011f\u0131 oyunda, iki arkada\u015f\u0131n s\u0131radan bir g\u00fcnde elektriklerin kesilmesiyle ayn\u0131 d\u00fc\u015fte bulu\u015fmas\u0131 anlat\u0131ld\u0131.<\/p>\n<\/p><\/div>\n<p><script async\n                    defer\n                    crossorigin=\"anonymous\"\n                    src=\"https:\/\/connect.facebook.net\/tr_TR\/sdk.js#xfbml=1&#038;version=v3.3\"\n            ><\/script><\/p>\n","protected":false},"excerpt":{"rendered":"<p>Lefko\u015fa T\u00fcrk Belediyesi taraf\u0131ndan d\u00fczenlenen 20. K\u0131br\u0131s Tiyatro Festivali, 11 Haziran Sal\u0131 ak\u015fam\u0131 Ankara Devlet Tiyatrosu\u2019nun sahneleyece\u011fi \u201cGonzago\u2019nun \u00d6ld\u00fcr\u00fclmesi\u201d oyunuyla sona eriyor. LTB\u2019den verilen bilgiye g\u00f6re, YD\u00dc Atat\u00fcrk K\u00fclt\u00fcr ve Kongre Merkezi\u2019nde saat 20.30\u2019da ba\u015flayacak oyunun biletleri Lefko\u015fa Belediye Tiyatrosu gi\u015fesi ve biletinial.com\u2019dan al\u0131nabilir. \u201c\u00c7\u0131k\u0131n I\u015f\u0131\u011fa Bulu\u015fabilenler, Sevindirebilenler, De\u011fi\u015febilenler\u201d slogan\u0131yla ba\u015flayan festival kapsam\u0131nda Belediye Tiyatrosu [&hellip;]<\/p>\n","protected":false},"author":1,"featured_media":4459,"comment_status":"open","ping_status":"open","sticky":false,"template":"","format":"standard","meta":{"jnews-multi-image_gallery":[],"jnews_single_post":[],"jnews_primary_category":[],"jnews_social_meta":[],"jnews_override_counter":[],"footnotes":""},"categories":[6],"tags":[],"class_list":["post-4458","post","type-post","status-publish","format-standard","has-post-thumbnail","hentry","category-yasam"],"yoast_head":"<!-- This site is optimized with the Yoast SEO plugin v27.5 - https:\/\/yoast.com\/product\/yoast-seo-wordpress\/ -->\n<title>20. K\u0131br\u0131s Tiyatro Festivali sal\u0131 ak\u015fam\u0131 sona eriyor - Kuzeyin Sesi<\/title>\n<meta name=\"robots\" content=\"index, follow, max-snippet:-1, max-image-preview:large, max-video-preview:-1\" \/>\n<link rel=\"canonical\" href=\"https:\/\/kuzeyinsesi.org\/index.php\/2024\/06\/09\/20-kibris-tiyatro-festivali-sali-aksami-sona-eriyor\/\" \/>\n<meta property=\"og:locale\" content=\"tr_TR\" \/>\n<meta property=\"og:type\" content=\"article\" \/>\n<meta property=\"og:title\" content=\"20. K\u0131br\u0131s Tiyatro Festivali sal\u0131 ak\u015fam\u0131 sona eriyor - Kuzeyin Sesi\" \/>\n<meta property=\"og:description\" content=\"Lefko\u015fa T\u00fcrk Belediyesi taraf\u0131ndan d\u00fczenlenen 20. K\u0131br\u0131s Tiyatro Festivali, 11 Haziran Sal\u0131 ak\u015fam\u0131 Ankara Devlet Tiyatrosu\u2019nun sahneleyece\u011fi \u201cGonzago\u2019nun \u00d6ld\u00fcr\u00fclmesi\u201d oyunuyla sona eriyor. LTB\u2019den verilen bilgiye g\u00f6re, YD\u00dc Atat\u00fcrk K\u00fclt\u00fcr ve Kongre Merkezi\u2019nde saat 20.30\u2019da ba\u015flayacak oyunun biletleri Lefko\u015fa Belediye Tiyatrosu gi\u015fesi ve biletinial.com\u2019dan al\u0131nabilir. \u201c\u00c7\u0131k\u0131n I\u015f\u0131\u011fa Bulu\u015fabilenler, Sevindirebilenler, De\u011fi\u015febilenler\u201d slogan\u0131yla ba\u015flayan festival kapsam\u0131nda Belediye Tiyatrosu [&hellip;]\" \/>\n<meta property=\"og:url\" content=\"https:\/\/kuzeyinsesi.org\/index.php\/2024\/06\/09\/20-kibris-tiyatro-festivali-sali-aksami-sona-eriyor\/\" \/>\n<meta property=\"og:site_name\" content=\"Kuzeyin Sesi\" \/>\n<meta property=\"article:publisher\" content=\"https:\/\/www.facebook.com\/kuzeyinsesii\" \/>\n<meta property=\"article:published_time\" content=\"2024-06-09T13:45:28+00:00\" \/>\n<meta property=\"og:image\" content=\"https:\/\/kuzeyinsesi.org\/wp-content\/uploads\/2024\/06\/ltb-kibris-tiyatro-festivali-ucan-bisiklet-7-.jpg\" \/>\n\t<meta property=\"og:image:width\" content=\"1920\" \/>\n\t<meta property=\"og:image:height\" content=\"1280\" \/>\n\t<meta property=\"og:image:type\" content=\"image\/jpeg\" \/>\n<meta name=\"author\" content=\"Kuzeyin Sesi\" \/>\n<meta name=\"twitter:card\" content=\"summary_large_image\" \/>\n<meta name=\"twitter:creator\" content=\"@kuzeyinsesii\" \/>\n<meta name=\"twitter:site\" content=\"@kuzeyinsesii\" \/>\n<meta name=\"twitter:label1\" content=\"Yazan:\" \/>\n\t<meta name=\"twitter:data1\" content=\"Kuzeyin Sesi\" \/>\n\t<meta name=\"twitter:label2\" content=\"Tahmini okuma s\u00fcresi\" \/>\n\t<meta name=\"twitter:data2\" content=\"1 dakika\" \/>\n<script type=\"application\/ld+json\" class=\"yoast-schema-graph\">{\"@context\":\"https:\\\/\\\/schema.org\",\"@graph\":[{\"@type\":\"Article\",\"@id\":\"https:\\\/\\\/kuzeyinsesi.org\\\/index.php\\\/2024\\\/06\\\/09\\\/20-kibris-tiyatro-festivali-sali-aksami-sona-eriyor\\\/#article\",\"isPartOf\":{\"@id\":\"https:\\\/\\\/kuzeyinsesi.org\\\/index.php\\\/2024\\\/06\\\/09\\\/20-kibris-tiyatro-festivali-sali-aksami-sona-eriyor\\\/\"},\"author\":{\"name\":\"Kuzeyin Sesi\",\"@id\":\"https:\\\/\\\/kuzeyinsesi.org\\\/#\\\/schema\\\/person\\\/9f859689cdf01485597712386e37f5aa\"},\"headline\":\"20. K\u0131br\u0131s Tiyatro Festivali sal\u0131 ak\u015fam\u0131 sona eriyor\",\"datePublished\":\"2024-06-09T13:45:28+00:00\",\"mainEntityOfPage\":{\"@id\":\"https:\\\/\\\/kuzeyinsesi.org\\\/index.php\\\/2024\\\/06\\\/09\\\/20-kibris-tiyatro-festivali-sali-aksami-sona-eriyor\\\/\"},\"wordCount\":144,\"commentCount\":0,\"image\":{\"@id\":\"https:\\\/\\\/kuzeyinsesi.org\\\/index.php\\\/2024\\\/06\\\/09\\\/20-kibris-tiyatro-festivali-sali-aksami-sona-eriyor\\\/#primaryimage\"},\"thumbnailUrl\":\"https:\\\/\\\/kuzeyinsesi.org\\\/wp-content\\\/uploads\\\/2024\\\/06\\\/ltb-kibris-tiyatro-festivali-ucan-bisiklet-7-.jpg\",\"articleSection\":[\"Ya\u015fam\"],\"inLanguage\":\"tr\",\"potentialAction\":[{\"@type\":\"CommentAction\",\"name\":\"Comment\",\"target\":[\"https:\\\/\\\/kuzeyinsesi.org\\\/index.php\\\/2024\\\/06\\\/09\\\/20-kibris-tiyatro-festivali-sali-aksami-sona-eriyor\\\/#respond\"]}]},{\"@type\":\"WebPage\",\"@id\":\"https:\\\/\\\/kuzeyinsesi.org\\\/index.php\\\/2024\\\/06\\\/09\\\/20-kibris-tiyatro-festivali-sali-aksami-sona-eriyor\\\/\",\"url\":\"https:\\\/\\\/kuzeyinsesi.org\\\/index.php\\\/2024\\\/06\\\/09\\\/20-kibris-tiyatro-festivali-sali-aksami-sona-eriyor\\\/\",\"name\":\"20. K\u0131br\u0131s Tiyatro Festivali sal\u0131 ak\u015fam\u0131 sona eriyor - Kuzeyin Sesi\",\"isPartOf\":{\"@id\":\"https:\\\/\\\/kuzeyinsesi.org\\\/#website\"},\"primaryImageOfPage\":{\"@id\":\"https:\\\/\\\/kuzeyinsesi.org\\\/index.php\\\/2024\\\/06\\\/09\\\/20-kibris-tiyatro-festivali-sali-aksami-sona-eriyor\\\/#primaryimage\"},\"image\":{\"@id\":\"https:\\\/\\\/kuzeyinsesi.org\\\/index.php\\\/2024\\\/06\\\/09\\\/20-kibris-tiyatro-festivali-sali-aksami-sona-eriyor\\\/#primaryimage\"},\"thumbnailUrl\":\"https:\\\/\\\/kuzeyinsesi.org\\\/wp-content\\\/uploads\\\/2024\\\/06\\\/ltb-kibris-tiyatro-festivali-ucan-bisiklet-7-.jpg\",\"datePublished\":\"2024-06-09T13:45:28+00:00\",\"author\":{\"@id\":\"https:\\\/\\\/kuzeyinsesi.org\\\/#\\\/schema\\\/person\\\/9f859689cdf01485597712386e37f5aa\"},\"breadcrumb\":{\"@id\":\"https:\\\/\\\/kuzeyinsesi.org\\\/index.php\\\/2024\\\/06\\\/09\\\/20-kibris-tiyatro-festivali-sali-aksami-sona-eriyor\\\/#breadcrumb\"},\"inLanguage\":\"tr\",\"potentialAction\":[{\"@type\":\"ReadAction\",\"target\":[\"https:\\\/\\\/kuzeyinsesi.org\\\/index.php\\\/2024\\\/06\\\/09\\\/20-kibris-tiyatro-festivali-sali-aksami-sona-eriyor\\\/\"]}]},{\"@type\":\"ImageObject\",\"inLanguage\":\"tr\",\"@id\":\"https:\\\/\\\/kuzeyinsesi.org\\\/index.php\\\/2024\\\/06\\\/09\\\/20-kibris-tiyatro-festivali-sali-aksami-sona-eriyor\\\/#primaryimage\",\"url\":\"https:\\\/\\\/kuzeyinsesi.org\\\/wp-content\\\/uploads\\\/2024\\\/06\\\/ltb-kibris-tiyatro-festivali-ucan-bisiklet-7-.jpg\",\"contentUrl\":\"https:\\\/\\\/kuzeyinsesi.org\\\/wp-content\\\/uploads\\\/2024\\\/06\\\/ltb-kibris-tiyatro-festivali-ucan-bisiklet-7-.jpg\",\"width\":1920,\"height\":1280},{\"@type\":\"BreadcrumbList\",\"@id\":\"https:\\\/\\\/kuzeyinsesi.org\\\/index.php\\\/2024\\\/06\\\/09\\\/20-kibris-tiyatro-festivali-sali-aksami-sona-eriyor\\\/#breadcrumb\",\"itemListElement\":[{\"@type\":\"ListItem\",\"position\":1,\"name\":\"Anasayfa\",\"item\":\"https:\\\/\\\/kuzeyinsesi.org\\\/\"},{\"@type\":\"ListItem\",\"position\":2,\"name\":\"20. K\u0131br\u0131s Tiyatro Festivali sal\u0131 ak\u015fam\u0131 sona eriyor\"}]},{\"@type\":\"WebSite\",\"@id\":\"https:\\\/\\\/kuzeyinsesi.org\\\/#website\",\"url\":\"https:\\\/\\\/kuzeyinsesi.org\\\/\",\"name\":\"Kuzeyin Sesi\",\"description\":\"Do\u011fru Haberin Adresi\",\"potentialAction\":[{\"@type\":\"SearchAction\",\"target\":{\"@type\":\"EntryPoint\",\"urlTemplate\":\"https:\\\/\\\/kuzeyinsesi.org\\\/?s={search_term_string}\"},\"query-input\":{\"@type\":\"PropertyValueSpecification\",\"valueRequired\":true,\"valueName\":\"search_term_string\"}}],\"inLanguage\":\"tr\"},{\"@type\":\"Person\",\"@id\":\"https:\\\/\\\/kuzeyinsesi.org\\\/#\\\/schema\\\/person\\\/9f859689cdf01485597712386e37f5aa\",\"name\":\"Kuzeyin Sesi\",\"image\":{\"@type\":\"ImageObject\",\"inLanguage\":\"tr\",\"@id\":\"https:\\\/\\\/secure.gravatar.com\\\/avatar\\\/bab33852abfd8b282518d6ed81826833d77c3c882d9ab608add591ccace47a44?s=96&d=mm&r=g\",\"url\":\"https:\\\/\\\/secure.gravatar.com\\\/avatar\\\/bab33852abfd8b282518d6ed81826833d77c3c882d9ab608add591ccace47a44?s=96&d=mm&r=g\",\"contentUrl\":\"https:\\\/\\\/secure.gravatar.com\\\/avatar\\\/bab33852abfd8b282518d6ed81826833d77c3c882d9ab608add591ccace47a44?s=96&d=mm&r=g\",\"caption\":\"Kuzeyin Sesi\"},\"sameAs\":[\"https:\\\/\\\/kuzeyinsesi.org\"],\"url\":\"https:\\\/\\\/kuzeyinsesi.org\\\/index.php\\\/author\\\/guven\\\/\"}]}<\/script>\n<!-- \/ Yoast SEO plugin. -->","yoast_head_json":{"title":"20. K\u0131br\u0131s Tiyatro Festivali sal\u0131 ak\u015fam\u0131 sona eriyor - Kuzeyin Sesi","robots":{"index":"index","follow":"follow","max-snippet":"max-snippet:-1","max-image-preview":"max-image-preview:large","max-video-preview":"max-video-preview:-1"},"canonical":"https:\/\/kuzeyinsesi.org\/index.php\/2024\/06\/09\/20-kibris-tiyatro-festivali-sali-aksami-sona-eriyor\/","og_locale":"tr_TR","og_type":"article","og_title":"20. K\u0131br\u0131s Tiyatro Festivali sal\u0131 ak\u015fam\u0131 sona eriyor - Kuzeyin Sesi","og_description":"Lefko\u015fa T\u00fcrk Belediyesi taraf\u0131ndan d\u00fczenlenen 20. K\u0131br\u0131s Tiyatro Festivali, 11 Haziran Sal\u0131 ak\u015fam\u0131 Ankara Devlet Tiyatrosu\u2019nun sahneleyece\u011fi \u201cGonzago\u2019nun \u00d6ld\u00fcr\u00fclmesi\u201d oyunuyla sona eriyor. LTB\u2019den verilen bilgiye g\u00f6re, YD\u00dc Atat\u00fcrk K\u00fclt\u00fcr ve Kongre Merkezi\u2019nde saat 20.30\u2019da ba\u015flayacak oyunun biletleri Lefko\u015fa Belediye Tiyatrosu gi\u015fesi ve biletinial.com\u2019dan al\u0131nabilir. \u201c\u00c7\u0131k\u0131n I\u015f\u0131\u011fa Bulu\u015fabilenler, Sevindirebilenler, De\u011fi\u015febilenler\u201d slogan\u0131yla ba\u015flayan festival kapsam\u0131nda Belediye Tiyatrosu [&hellip;]","og_url":"https:\/\/kuzeyinsesi.org\/index.php\/2024\/06\/09\/20-kibris-tiyatro-festivali-sali-aksami-sona-eriyor\/","og_site_name":"Kuzeyin Sesi","article_publisher":"https:\/\/www.facebook.com\/kuzeyinsesii","article_published_time":"2024-06-09T13:45:28+00:00","og_image":[{"width":1920,"height":1280,"url":"https:\/\/kuzeyinsesi.org\/wp-content\/uploads\/2024\/06\/ltb-kibris-tiyatro-festivali-ucan-bisiklet-7-.jpg","type":"image\/jpeg"}],"author":"Kuzeyin Sesi","twitter_card":"summary_large_image","twitter_creator":"@kuzeyinsesii","twitter_site":"@kuzeyinsesii","twitter_misc":{"Yazan:":"Kuzeyin Sesi","Tahmini okuma s\u00fcresi":"1 dakika"},"schema":{"@context":"https:\/\/schema.org","@graph":[{"@type":"Article","@id":"https:\/\/kuzeyinsesi.org\/index.php\/2024\/06\/09\/20-kibris-tiyatro-festivali-sali-aksami-sona-eriyor\/#article","isPartOf":{"@id":"https:\/\/kuzeyinsesi.org\/index.php\/2024\/06\/09\/20-kibris-tiyatro-festivali-sali-aksami-sona-eriyor\/"},"author":{"name":"Kuzeyin Sesi","@id":"https:\/\/kuzeyinsesi.org\/#\/schema\/person\/9f859689cdf01485597712386e37f5aa"},"headline":"20. K\u0131br\u0131s Tiyatro Festivali sal\u0131 ak\u015fam\u0131 sona eriyor","datePublished":"2024-06-09T13:45:28+00:00","mainEntityOfPage":{"@id":"https:\/\/kuzeyinsesi.org\/index.php\/2024\/06\/09\/20-kibris-tiyatro-festivali-sali-aksami-sona-eriyor\/"},"wordCount":144,"commentCount":0,"image":{"@id":"https:\/\/kuzeyinsesi.org\/index.php\/2024\/06\/09\/20-kibris-tiyatro-festivali-sali-aksami-sona-eriyor\/#primaryimage"},"thumbnailUrl":"https:\/\/kuzeyinsesi.org\/wp-content\/uploads\/2024\/06\/ltb-kibris-tiyatro-festivali-ucan-bisiklet-7-.jpg","articleSection":["Ya\u015fam"],"inLanguage":"tr","potentialAction":[{"@type":"CommentAction","name":"Comment","target":["https:\/\/kuzeyinsesi.org\/index.php\/2024\/06\/09\/20-kibris-tiyatro-festivali-sali-aksami-sona-eriyor\/#respond"]}]},{"@type":"WebPage","@id":"https:\/\/kuzeyinsesi.org\/index.php\/2024\/06\/09\/20-kibris-tiyatro-festivali-sali-aksami-sona-eriyor\/","url":"https:\/\/kuzeyinsesi.org\/index.php\/2024\/06\/09\/20-kibris-tiyatro-festivali-sali-aksami-sona-eriyor\/","name":"20. K\u0131br\u0131s Tiyatro Festivali sal\u0131 ak\u015fam\u0131 sona eriyor - Kuzeyin Sesi","isPartOf":{"@id":"https:\/\/kuzeyinsesi.org\/#website"},"primaryImageOfPage":{"@id":"https:\/\/kuzeyinsesi.org\/index.php\/2024\/06\/09\/20-kibris-tiyatro-festivali-sali-aksami-sona-eriyor\/#primaryimage"},"image":{"@id":"https:\/\/kuzeyinsesi.org\/index.php\/2024\/06\/09\/20-kibris-tiyatro-festivali-sali-aksami-sona-eriyor\/#primaryimage"},"thumbnailUrl":"https:\/\/kuzeyinsesi.org\/wp-content\/uploads\/2024\/06\/ltb-kibris-tiyatro-festivali-ucan-bisiklet-7-.jpg","datePublished":"2024-06-09T13:45:28+00:00","author":{"@id":"https:\/\/kuzeyinsesi.org\/#\/schema\/person\/9f859689cdf01485597712386e37f5aa"},"breadcrumb":{"@id":"https:\/\/kuzeyinsesi.org\/index.php\/2024\/06\/09\/20-kibris-tiyatro-festivali-sali-aksami-sona-eriyor\/#breadcrumb"},"inLanguage":"tr","potentialAction":[{"@type":"ReadAction","target":["https:\/\/kuzeyinsesi.org\/index.php\/2024\/06\/09\/20-kibris-tiyatro-festivali-sali-aksami-sona-eriyor\/"]}]},{"@type":"ImageObject","inLanguage":"tr","@id":"https:\/\/kuzeyinsesi.org\/index.php\/2024\/06\/09\/20-kibris-tiyatro-festivali-sali-aksami-sona-eriyor\/#primaryimage","url":"https:\/\/kuzeyinsesi.org\/wp-content\/uploads\/2024\/06\/ltb-kibris-tiyatro-festivali-ucan-bisiklet-7-.jpg","contentUrl":"https:\/\/kuzeyinsesi.org\/wp-content\/uploads\/2024\/06\/ltb-kibris-tiyatro-festivali-ucan-bisiklet-7-.jpg","width":1920,"height":1280},{"@type":"BreadcrumbList","@id":"https:\/\/kuzeyinsesi.org\/index.php\/2024\/06\/09\/20-kibris-tiyatro-festivali-sali-aksami-sona-eriyor\/#breadcrumb","itemListElement":[{"@type":"ListItem","position":1,"name":"Anasayfa","item":"https:\/\/kuzeyinsesi.org\/"},{"@type":"ListItem","position":2,"name":"20. K\u0131br\u0131s Tiyatro Festivali sal\u0131 ak\u015fam\u0131 sona eriyor"}]},{"@type":"WebSite","@id":"https:\/\/kuzeyinsesi.org\/#website","url":"https:\/\/kuzeyinsesi.org\/","name":"Kuzeyin Sesi","description":"Do\u011fru Haberin Adresi","potentialAction":[{"@type":"SearchAction","target":{"@type":"EntryPoint","urlTemplate":"https:\/\/kuzeyinsesi.org\/?s={search_term_string}"},"query-input":{"@type":"PropertyValueSpecification","valueRequired":true,"valueName":"search_term_string"}}],"inLanguage":"tr"},{"@type":"Person","@id":"https:\/\/kuzeyinsesi.org\/#\/schema\/person\/9f859689cdf01485597712386e37f5aa","name":"Kuzeyin Sesi","image":{"@type":"ImageObject","inLanguage":"tr","@id":"https:\/\/secure.gravatar.com\/avatar\/bab33852abfd8b282518d6ed81826833d77c3c882d9ab608add591ccace47a44?s=96&d=mm&r=g","url":"https:\/\/secure.gravatar.com\/avatar\/bab33852abfd8b282518d6ed81826833d77c3c882d9ab608add591ccace47a44?s=96&d=mm&r=g","contentUrl":"https:\/\/secure.gravatar.com\/avatar\/bab33852abfd8b282518d6ed81826833d77c3c882d9ab608add591ccace47a44?s=96&d=mm&r=g","caption":"Kuzeyin Sesi"},"sameAs":["https:\/\/kuzeyinsesi.org"],"url":"https:\/\/kuzeyinsesi.org\/index.php\/author\/guven\/"}]}},"_links":{"self":[{"href":"https:\/\/kuzeyinsesi.org\/index.php\/wp-json\/wp\/v2\/posts\/4458","targetHints":{"allow":["GET"]}}],"collection":[{"href":"https:\/\/kuzeyinsesi.org\/index.php\/wp-json\/wp\/v2\/posts"}],"about":[{"href":"https:\/\/kuzeyinsesi.org\/index.php\/wp-json\/wp\/v2\/types\/post"}],"author":[{"embeddable":true,"href":"https:\/\/kuzeyinsesi.org\/index.php\/wp-json\/wp\/v2\/users\/1"}],"replies":[{"embeddable":true,"href":"https:\/\/kuzeyinsesi.org\/index.php\/wp-json\/wp\/v2\/comments?post=4458"}],"version-history":[{"count":0,"href":"https:\/\/kuzeyinsesi.org\/index.php\/wp-json\/wp\/v2\/posts\/4458\/revisions"}],"wp:featuredmedia":[{"embeddable":true,"href":"https:\/\/kuzeyinsesi.org\/index.php\/wp-json\/wp\/v2\/media\/4459"}],"wp:attachment":[{"href":"https:\/\/kuzeyinsesi.org\/index.php\/wp-json\/wp\/v2\/media?parent=4458"}],"wp:term":[{"taxonomy":"category","embeddable":true,"href":"https:\/\/kuzeyinsesi.org\/index.php\/wp-json\/wp\/v2\/categories?post=4458"},{"taxonomy":"post_tag","embeddable":true,"href":"https:\/\/kuzeyinsesi.org\/index.php\/wp-json\/wp\/v2\/tags?post=4458"}],"curies":[{"name":"wp","href":"https:\/\/api.w.org\/{rel}","templated":true}]}}