{"id":4446,"date":"2024-06-09T13:41:21","date_gmt":"2024-06-09T10:41:21","guid":{"rendered":"https:\/\/kuzeyinsesi.com\/index.php\/2024\/06\/09\/dunya-cocuklari-catalkoyde-bulustu\/"},"modified":"2024-06-09T13:41:21","modified_gmt":"2024-06-09T10:41:21","slug":"dunya-cocuklari-catalkoyde-bulustu","status":"publish","type":"post","link":"https:\/\/kuzeyinsesi.org\/index.php\/2024\/06\/09\/dunya-cocuklari-catalkoyde-bulustu\/","title":{"rendered":"D\u00fcnya \u00e7ocuklar\u0131 \u00c7atalk\u00f6y\u2019de bulu\u015ftu"},"content":{"rendered":"<div>\n<div class=\"mariselle-image-container center\">\n                                            <\/div>\n<p>\n\u00c7atalk\u00f6y Esentepe Belediyesi, FOGEM i\u015f birli\u011fiyle bu y\u0131l ikincisi d\u00fczenlenen \u00c7ocuk \u015e\u00f6leni\u2019nde d\u00fcnyan\u0131n \u00e7e\u015fitli \u00fclkelerinden gelen \u00e7ocuklar \u00c7atalk\u00f6y\u2019de bulu\u015ftu.<\/p>\n<p> Belediyeden verilen bilgiye g\u00f6re, karnaval havas\u0131nda ge\u00e7en etkinlik, renkli anlara sahne oldu.<\/p>\n<p>Etkinlikte, Kazakistan, K\u0131rg\u0131zistan, Bulgaristan, Ukrayna, T\u00fcrkiye ve ev sahibi Kuzey K\u0131br\u0131s T\u00fcrk Cumhuriyeti\u2019nden toplam 95 \u00e7ocuk yer ald\u0131. Yerel b\u00f6lgeden de \u00e7ocuklar\u0131n kat\u0131ld\u0131\u011f\u0131 bu \u015f\u00f6len, D\u00fcnya \u00c7ocuk G\u00fcn\u00fc kapsam\u0131nda ger\u00e7ekle\u015ftirildi. \u00c7ocuklar, kortej y\u00fcr\u00fcy\u00fc\u015f\u00fc ve dans g\u00f6sterileriyle hem kendi k\u00fclt\u00fcrlerini tan\u0131tma hem de di\u011fer k\u00fclt\u00fcrleri tan\u0131ma f\u0131rsat\u0131 buldu.<\/p>\n<p>\u015e\u00f6len, kortej y\u00fcr\u00fcy\u00fc\u015f\u00fcyle ba\u015flad\u0131. Renkli k\u0131yafetler i\u00e7indeki \u00e7ocuklar, ellerinde bayraklar ve pankartlarla kortej y\u00fcr\u00fcy\u00fc\u015f\u00fcnde yer ald\u0131. Y\u00fcr\u00fcy\u00fc\u015f\u00fcn ard\u0131ndan dans g\u00f6sterileri ile devam eden etkinlikte, her \u00fclkenin \u00e7ocuklar\u0131 kendi geleneksel danslar\u0131n\u0131 sergiledi.<\/p>\n<p>-E\u011flenceli ve e\u011fitici aktiviteler yap\u0131ld\u0131<\/p>\n<p>Etkinlik s\u00fcresince \u00e7ocuklar, \u00e7e\u015fitli oyunlar ve at\u00f6lye \u00e7al\u0131\u015fmalar\u0131 ile doyas\u0131ya e\u011flendi. Yarat\u0131c\u0131 drama, y\u00fcz boyama, el sanatlar\u0131 at\u00f6lyeleri gibi aktiviteler, \u00e7ocuklar\u0131n hem e\u011flenmesini hem de yeni beceriler kazanmas\u0131n\u0131 sa\u011flad\u0131. Ayr\u0131ca, bu t\u00fcr etkinlikler sayesinde \u00e7ocuklar, farkl\u0131 k\u00fclt\u00fcrlerden arkada\u015flar edinme \u015fans\u0131n\u0131 yakalad\u0131.<\/p>\n<p>-K\u0131rok, birlik ve beraberlik mesaj\u0131 verdi<\/p>\n<p>Etkinlikte konu\u015fan \u00c7atalk\u00f6y Esentepe Belediye Ba\u015fkan\u0131 Ceyhun K\u0131rok, b\u00f6yle bir etkinli\u011fin d\u00fczenlenmesinde eme\u011fi ge\u00e7en herkese te\u015fekk\u00fcrlerini ileterek, bu t\u00fcr organizasyonlar\u0131n \u00e7ocuklar aras\u0131ndaki birlik ve beraberlik duygusunu peki\u015ftirdi\u011fini vurgulad\u0131.<\/p>\n<p>K\u0131rok, \u201c\u00c7ocuklar bizim gelece\u011fimizdir. Onlar\u0131n mutlu olmas\u0131, bizlerin de mutlu olmas\u0131 demektir. Bu t\u00fcr etkinliklerle \u00e7ocuklar\u0131m\u0131za farkl\u0131 k\u00fclt\u00fcrleri tan\u0131ma f\u0131rsat\u0131 sunuyoruz\u201d dedi.<\/p>\n<p>Etkinlik, sadece bir e\u011flence \u015f\u00f6leni olman\u0131n \u00f6tesinde, \u00e7ocuklara farkl\u0131 k\u00fclt\u00fcrleri tan\u0131ma ve anlama f\u0131rsat\u0131 sundu\u011funu dile getiren K\u0131rok, bu sayede, \u00e7ocuklar aras\u0131nda k\u00fclt\u00fcrel fark\u0131ndal\u0131k ve ho\u015fg\u00f6r\u00fcn\u00fcn artt\u0131\u011f\u0131n\u0131 da belirtti.<\/p>\n<\/p><\/div>\n<p><script async\n                    defer\n                    crossorigin=\"anonymous\"\n                    src=\"https:\/\/connect.facebook.net\/tr_TR\/sdk.js#xfbml=1&#038;version=v3.3\"\n            ><\/script><\/p>\n","protected":false},"excerpt":{"rendered":"<p>\u00c7atalk\u00f6y Esentepe Belediyesi, FOGEM i\u015f birli\u011fiyle bu y\u0131l ikincisi d\u00fczenlenen \u00c7ocuk \u015e\u00f6leni\u2019nde d\u00fcnyan\u0131n \u00e7e\u015fitli \u00fclkelerinden gelen \u00e7ocuklar \u00c7atalk\u00f6y\u2019de bulu\u015ftu. Belediyeden verilen bilgiye g\u00f6re, karnaval havas\u0131nda ge\u00e7en etkinlik, renkli anlara sahne oldu. Etkinlikte, Kazakistan, K\u0131rg\u0131zistan, Bulgaristan, Ukrayna, T\u00fcrkiye ve ev sahibi Kuzey K\u0131br\u0131s T\u00fcrk Cumhuriyeti\u2019nden toplam 95 \u00e7ocuk yer ald\u0131. Yerel b\u00f6lgeden de \u00e7ocuklar\u0131n kat\u0131ld\u0131\u011f\u0131 bu [&hellip;]<\/p>\n","protected":false},"author":1,"featured_media":4447,"comment_status":"open","ping_status":"open","sticky":false,"template":"","format":"standard","meta":{"jnews-multi-image_gallery":[],"jnews_single_post":[],"jnews_primary_category":[],"jnews_social_meta":[],"jnews_override_counter":[],"footnotes":""},"categories":[6],"tags":[],"class_list":["post-4446","post","type-post","status-publish","format-standard","has-post-thumbnail","hentry","category-yasam"],"yoast_head":"<!-- This site is optimized with the Yoast SEO plugin v27.5 - https:\/\/yoast.com\/product\/yoast-seo-wordpress\/ -->\n<title>D\u00fcnya \u00e7ocuklar\u0131 \u00c7atalk\u00f6y\u2019de bulu\u015ftu - Kuzeyin Sesi<\/title>\n<meta name=\"robots\" content=\"index, follow, max-snippet:-1, max-image-preview:large, max-video-preview:-1\" \/>\n<link rel=\"canonical\" href=\"https:\/\/kuzeyinsesi.org\/index.php\/2024\/06\/09\/dunya-cocuklari-catalkoyde-bulustu\/\" \/>\n<meta property=\"og:locale\" content=\"tr_TR\" \/>\n<meta property=\"og:type\" content=\"article\" \/>\n<meta property=\"og:title\" content=\"D\u00fcnya \u00e7ocuklar\u0131 \u00c7atalk\u00f6y\u2019de bulu\u015ftu - Kuzeyin Sesi\" \/>\n<meta property=\"og:description\" content=\"\u00c7atalk\u00f6y Esentepe Belediyesi, FOGEM i\u015f birli\u011fiyle bu y\u0131l ikincisi d\u00fczenlenen \u00c7ocuk \u015e\u00f6leni\u2019nde d\u00fcnyan\u0131n \u00e7e\u015fitli \u00fclkelerinden gelen \u00e7ocuklar \u00c7atalk\u00f6y\u2019de bulu\u015ftu. Belediyeden verilen bilgiye g\u00f6re, karnaval havas\u0131nda ge\u00e7en etkinlik, renkli anlara sahne oldu. Etkinlikte, Kazakistan, K\u0131rg\u0131zistan, Bulgaristan, Ukrayna, T\u00fcrkiye ve ev sahibi Kuzey K\u0131br\u0131s T\u00fcrk Cumhuriyeti\u2019nden toplam 95 \u00e7ocuk yer ald\u0131. Yerel b\u00f6lgeden de \u00e7ocuklar\u0131n kat\u0131ld\u0131\u011f\u0131 bu [&hellip;]\" \/>\n<meta property=\"og:url\" content=\"https:\/\/kuzeyinsesi.org\/index.php\/2024\/06\/09\/dunya-cocuklari-catalkoyde-bulustu\/\" \/>\n<meta property=\"og:site_name\" content=\"Kuzeyin Sesi\" \/>\n<meta property=\"article:publisher\" content=\"https:\/\/www.facebook.com\/kuzeyinsesii\" \/>\n<meta property=\"article:published_time\" content=\"2024-06-09T10:41:21+00:00\" \/>\n<meta property=\"og:image\" content=\"https:\/\/kuzeyinsesi.org\/wp-content\/uploads\/2024\/06\/dunya-cocuklari-catalkoy-5-.jpg\" \/>\n\t<meta property=\"og:image:width\" content=\"1600\" \/>\n\t<meta property=\"og:image:height\" content=\"1200\" \/>\n\t<meta property=\"og:image:type\" content=\"image\/jpeg\" \/>\n<meta name=\"author\" content=\"Kuzeyin Sesi\" \/>\n<meta name=\"twitter:card\" content=\"summary_large_image\" \/>\n<meta name=\"twitter:creator\" content=\"@kuzeyinsesii\" \/>\n<meta name=\"twitter:site\" content=\"@kuzeyinsesii\" \/>\n<meta name=\"twitter:label1\" content=\"Yazan:\" \/>\n\t<meta name=\"twitter:data1\" content=\"Kuzeyin Sesi\" \/>\n\t<meta name=\"twitter:label2\" content=\"Tahmini okuma s\u00fcresi\" \/>\n\t<meta name=\"twitter:data2\" content=\"2 dakika\" \/>\n<script type=\"application\/ld+json\" class=\"yoast-schema-graph\">{\"@context\":\"https:\\\/\\\/schema.org\",\"@graph\":[{\"@type\":\"Article\",\"@id\":\"https:\\\/\\\/kuzeyinsesi.org\\\/index.php\\\/2024\\\/06\\\/09\\\/dunya-cocuklari-catalkoyde-bulustu\\\/#article\",\"isPartOf\":{\"@id\":\"https:\\\/\\\/kuzeyinsesi.org\\\/index.php\\\/2024\\\/06\\\/09\\\/dunya-cocuklari-catalkoyde-bulustu\\\/\"},\"author\":{\"name\":\"Kuzeyin Sesi\",\"@id\":\"https:\\\/\\\/kuzeyinsesi.org\\\/#\\\/schema\\\/person\\\/9f859689cdf01485597712386e37f5aa\"},\"headline\":\"D\u00fcnya \u00e7ocuklar\u0131 \u00c7atalk\u00f6y\u2019de bulu\u015ftu\",\"datePublished\":\"2024-06-09T10:41:21+00:00\",\"mainEntityOfPage\":{\"@id\":\"https:\\\/\\\/kuzeyinsesi.org\\\/index.php\\\/2024\\\/06\\\/09\\\/dunya-cocuklari-catalkoyde-bulustu\\\/\"},\"wordCount\":369,\"commentCount\":0,\"image\":{\"@id\":\"https:\\\/\\\/kuzeyinsesi.org\\\/index.php\\\/2024\\\/06\\\/09\\\/dunya-cocuklari-catalkoyde-bulustu\\\/#primaryimage\"},\"thumbnailUrl\":\"https:\\\/\\\/kuzeyinsesi.org\\\/wp-content\\\/uploads\\\/2024\\\/06\\\/dunya-cocuklari-catalkoy-5-.jpg\",\"articleSection\":[\"Ya\u015fam\"],\"inLanguage\":\"tr\",\"potentialAction\":[{\"@type\":\"CommentAction\",\"name\":\"Comment\",\"target\":[\"https:\\\/\\\/kuzeyinsesi.org\\\/index.php\\\/2024\\\/06\\\/09\\\/dunya-cocuklari-catalkoyde-bulustu\\\/#respond\"]}]},{\"@type\":\"WebPage\",\"@id\":\"https:\\\/\\\/kuzeyinsesi.org\\\/index.php\\\/2024\\\/06\\\/09\\\/dunya-cocuklari-catalkoyde-bulustu\\\/\",\"url\":\"https:\\\/\\\/kuzeyinsesi.org\\\/index.php\\\/2024\\\/06\\\/09\\\/dunya-cocuklari-catalkoyde-bulustu\\\/\",\"name\":\"D\u00fcnya \u00e7ocuklar\u0131 \u00c7atalk\u00f6y\u2019de bulu\u015ftu - Kuzeyin Sesi\",\"isPartOf\":{\"@id\":\"https:\\\/\\\/kuzeyinsesi.org\\\/#website\"},\"primaryImageOfPage\":{\"@id\":\"https:\\\/\\\/kuzeyinsesi.org\\\/index.php\\\/2024\\\/06\\\/09\\\/dunya-cocuklari-catalkoyde-bulustu\\\/#primaryimage\"},\"image\":{\"@id\":\"https:\\\/\\\/kuzeyinsesi.org\\\/index.php\\\/2024\\\/06\\\/09\\\/dunya-cocuklari-catalkoyde-bulustu\\\/#primaryimage\"},\"thumbnailUrl\":\"https:\\\/\\\/kuzeyinsesi.org\\\/wp-content\\\/uploads\\\/2024\\\/06\\\/dunya-cocuklari-catalkoy-5-.jpg\",\"datePublished\":\"2024-06-09T10:41:21+00:00\",\"author\":{\"@id\":\"https:\\\/\\\/kuzeyinsesi.org\\\/#\\\/schema\\\/person\\\/9f859689cdf01485597712386e37f5aa\"},\"breadcrumb\":{\"@id\":\"https:\\\/\\\/kuzeyinsesi.org\\\/index.php\\\/2024\\\/06\\\/09\\\/dunya-cocuklari-catalkoyde-bulustu\\\/#breadcrumb\"},\"inLanguage\":\"tr\",\"potentialAction\":[{\"@type\":\"ReadAction\",\"target\":[\"https:\\\/\\\/kuzeyinsesi.org\\\/index.php\\\/2024\\\/06\\\/09\\\/dunya-cocuklari-catalkoyde-bulustu\\\/\"]}]},{\"@type\":\"ImageObject\",\"inLanguage\":\"tr\",\"@id\":\"https:\\\/\\\/kuzeyinsesi.org\\\/index.php\\\/2024\\\/06\\\/09\\\/dunya-cocuklari-catalkoyde-bulustu\\\/#primaryimage\",\"url\":\"https:\\\/\\\/kuzeyinsesi.org\\\/wp-content\\\/uploads\\\/2024\\\/06\\\/dunya-cocuklari-catalkoy-5-.jpg\",\"contentUrl\":\"https:\\\/\\\/kuzeyinsesi.org\\\/wp-content\\\/uploads\\\/2024\\\/06\\\/dunya-cocuklari-catalkoy-5-.jpg\",\"width\":1600,\"height\":1200},{\"@type\":\"BreadcrumbList\",\"@id\":\"https:\\\/\\\/kuzeyinsesi.org\\\/index.php\\\/2024\\\/06\\\/09\\\/dunya-cocuklari-catalkoyde-bulustu\\\/#breadcrumb\",\"itemListElement\":[{\"@type\":\"ListItem\",\"position\":1,\"name\":\"Anasayfa\",\"item\":\"https:\\\/\\\/kuzeyinsesi.org\\\/\"},{\"@type\":\"ListItem\",\"position\":2,\"name\":\"D\u00fcnya \u00e7ocuklar\u0131 \u00c7atalk\u00f6y\u2019de bulu\u015ftu\"}]},{\"@type\":\"WebSite\",\"@id\":\"https:\\\/\\\/kuzeyinsesi.org\\\/#website\",\"url\":\"https:\\\/\\\/kuzeyinsesi.org\\\/\",\"name\":\"Kuzeyin Sesi\",\"description\":\"Do\u011fru Haberin Adresi\",\"potentialAction\":[{\"@type\":\"SearchAction\",\"target\":{\"@type\":\"EntryPoint\",\"urlTemplate\":\"https:\\\/\\\/kuzeyinsesi.org\\\/?s={search_term_string}\"},\"query-input\":{\"@type\":\"PropertyValueSpecification\",\"valueRequired\":true,\"valueName\":\"search_term_string\"}}],\"inLanguage\":\"tr\"},{\"@type\":\"Person\",\"@id\":\"https:\\\/\\\/kuzeyinsesi.org\\\/#\\\/schema\\\/person\\\/9f859689cdf01485597712386e37f5aa\",\"name\":\"Kuzeyin Sesi\",\"image\":{\"@type\":\"ImageObject\",\"inLanguage\":\"tr\",\"@id\":\"https:\\\/\\\/secure.gravatar.com\\\/avatar\\\/bab33852abfd8b282518d6ed81826833d77c3c882d9ab608add591ccace47a44?s=96&d=mm&r=g\",\"url\":\"https:\\\/\\\/secure.gravatar.com\\\/avatar\\\/bab33852abfd8b282518d6ed81826833d77c3c882d9ab608add591ccace47a44?s=96&d=mm&r=g\",\"contentUrl\":\"https:\\\/\\\/secure.gravatar.com\\\/avatar\\\/bab33852abfd8b282518d6ed81826833d77c3c882d9ab608add591ccace47a44?s=96&d=mm&r=g\",\"caption\":\"Kuzeyin Sesi\"},\"sameAs\":[\"https:\\\/\\\/kuzeyinsesi.org\"],\"url\":\"https:\\\/\\\/kuzeyinsesi.org\\\/index.php\\\/author\\\/guven\\\/\"}]}<\/script>\n<!-- \/ Yoast SEO plugin. -->","yoast_head_json":{"title":"D\u00fcnya \u00e7ocuklar\u0131 \u00c7atalk\u00f6y\u2019de bulu\u015ftu - Kuzeyin Sesi","robots":{"index":"index","follow":"follow","max-snippet":"max-snippet:-1","max-image-preview":"max-image-preview:large","max-video-preview":"max-video-preview:-1"},"canonical":"https:\/\/kuzeyinsesi.org\/index.php\/2024\/06\/09\/dunya-cocuklari-catalkoyde-bulustu\/","og_locale":"tr_TR","og_type":"article","og_title":"D\u00fcnya \u00e7ocuklar\u0131 \u00c7atalk\u00f6y\u2019de bulu\u015ftu - Kuzeyin Sesi","og_description":"\u00c7atalk\u00f6y Esentepe Belediyesi, FOGEM i\u015f birli\u011fiyle bu y\u0131l ikincisi d\u00fczenlenen \u00c7ocuk \u015e\u00f6leni\u2019nde d\u00fcnyan\u0131n \u00e7e\u015fitli \u00fclkelerinden gelen \u00e7ocuklar \u00c7atalk\u00f6y\u2019de bulu\u015ftu. Belediyeden verilen bilgiye g\u00f6re, karnaval havas\u0131nda ge\u00e7en etkinlik, renkli anlara sahne oldu. Etkinlikte, Kazakistan, K\u0131rg\u0131zistan, Bulgaristan, Ukrayna, T\u00fcrkiye ve ev sahibi Kuzey K\u0131br\u0131s T\u00fcrk Cumhuriyeti\u2019nden toplam 95 \u00e7ocuk yer ald\u0131. Yerel b\u00f6lgeden de \u00e7ocuklar\u0131n kat\u0131ld\u0131\u011f\u0131 bu [&hellip;]","og_url":"https:\/\/kuzeyinsesi.org\/index.php\/2024\/06\/09\/dunya-cocuklari-catalkoyde-bulustu\/","og_site_name":"Kuzeyin Sesi","article_publisher":"https:\/\/www.facebook.com\/kuzeyinsesii","article_published_time":"2024-06-09T10:41:21+00:00","og_image":[{"width":1600,"height":1200,"url":"https:\/\/kuzeyinsesi.org\/wp-content\/uploads\/2024\/06\/dunya-cocuklari-catalkoy-5-.jpg","type":"image\/jpeg"}],"author":"Kuzeyin Sesi","twitter_card":"summary_large_image","twitter_creator":"@kuzeyinsesii","twitter_site":"@kuzeyinsesii","twitter_misc":{"Yazan:":"Kuzeyin Sesi","Tahmini okuma s\u00fcresi":"2 dakika"},"schema":{"@context":"https:\/\/schema.org","@graph":[{"@type":"Article","@id":"https:\/\/kuzeyinsesi.org\/index.php\/2024\/06\/09\/dunya-cocuklari-catalkoyde-bulustu\/#article","isPartOf":{"@id":"https:\/\/kuzeyinsesi.org\/index.php\/2024\/06\/09\/dunya-cocuklari-catalkoyde-bulustu\/"},"author":{"name":"Kuzeyin Sesi","@id":"https:\/\/kuzeyinsesi.org\/#\/schema\/person\/9f859689cdf01485597712386e37f5aa"},"headline":"D\u00fcnya \u00e7ocuklar\u0131 \u00c7atalk\u00f6y\u2019de bulu\u015ftu","datePublished":"2024-06-09T10:41:21+00:00","mainEntityOfPage":{"@id":"https:\/\/kuzeyinsesi.org\/index.php\/2024\/06\/09\/dunya-cocuklari-catalkoyde-bulustu\/"},"wordCount":369,"commentCount":0,"image":{"@id":"https:\/\/kuzeyinsesi.org\/index.php\/2024\/06\/09\/dunya-cocuklari-catalkoyde-bulustu\/#primaryimage"},"thumbnailUrl":"https:\/\/kuzeyinsesi.org\/wp-content\/uploads\/2024\/06\/dunya-cocuklari-catalkoy-5-.jpg","articleSection":["Ya\u015fam"],"inLanguage":"tr","potentialAction":[{"@type":"CommentAction","name":"Comment","target":["https:\/\/kuzeyinsesi.org\/index.php\/2024\/06\/09\/dunya-cocuklari-catalkoyde-bulustu\/#respond"]}]},{"@type":"WebPage","@id":"https:\/\/kuzeyinsesi.org\/index.php\/2024\/06\/09\/dunya-cocuklari-catalkoyde-bulustu\/","url":"https:\/\/kuzeyinsesi.org\/index.php\/2024\/06\/09\/dunya-cocuklari-catalkoyde-bulustu\/","name":"D\u00fcnya \u00e7ocuklar\u0131 \u00c7atalk\u00f6y\u2019de bulu\u015ftu - Kuzeyin Sesi","isPartOf":{"@id":"https:\/\/kuzeyinsesi.org\/#website"},"primaryImageOfPage":{"@id":"https:\/\/kuzeyinsesi.org\/index.php\/2024\/06\/09\/dunya-cocuklari-catalkoyde-bulustu\/#primaryimage"},"image":{"@id":"https:\/\/kuzeyinsesi.org\/index.php\/2024\/06\/09\/dunya-cocuklari-catalkoyde-bulustu\/#primaryimage"},"thumbnailUrl":"https:\/\/kuzeyinsesi.org\/wp-content\/uploads\/2024\/06\/dunya-cocuklari-catalkoy-5-.jpg","datePublished":"2024-06-09T10:41:21+00:00","author":{"@id":"https:\/\/kuzeyinsesi.org\/#\/schema\/person\/9f859689cdf01485597712386e37f5aa"},"breadcrumb":{"@id":"https:\/\/kuzeyinsesi.org\/index.php\/2024\/06\/09\/dunya-cocuklari-catalkoyde-bulustu\/#breadcrumb"},"inLanguage":"tr","potentialAction":[{"@type":"ReadAction","target":["https:\/\/kuzeyinsesi.org\/index.php\/2024\/06\/09\/dunya-cocuklari-catalkoyde-bulustu\/"]}]},{"@type":"ImageObject","inLanguage":"tr","@id":"https:\/\/kuzeyinsesi.org\/index.php\/2024\/06\/09\/dunya-cocuklari-catalkoyde-bulustu\/#primaryimage","url":"https:\/\/kuzeyinsesi.org\/wp-content\/uploads\/2024\/06\/dunya-cocuklari-catalkoy-5-.jpg","contentUrl":"https:\/\/kuzeyinsesi.org\/wp-content\/uploads\/2024\/06\/dunya-cocuklari-catalkoy-5-.jpg","width":1600,"height":1200},{"@type":"BreadcrumbList","@id":"https:\/\/kuzeyinsesi.org\/index.php\/2024\/06\/09\/dunya-cocuklari-catalkoyde-bulustu\/#breadcrumb","itemListElement":[{"@type":"ListItem","position":1,"name":"Anasayfa","item":"https:\/\/kuzeyinsesi.org\/"},{"@type":"ListItem","position":2,"name":"D\u00fcnya \u00e7ocuklar\u0131 \u00c7atalk\u00f6y\u2019de bulu\u015ftu"}]},{"@type":"WebSite","@id":"https:\/\/kuzeyinsesi.org\/#website","url":"https:\/\/kuzeyinsesi.org\/","name":"Kuzeyin Sesi","description":"Do\u011fru Haberin Adresi","potentialAction":[{"@type":"SearchAction","target":{"@type":"EntryPoint","urlTemplate":"https:\/\/kuzeyinsesi.org\/?s={search_term_string}"},"query-input":{"@type":"PropertyValueSpecification","valueRequired":true,"valueName":"search_term_string"}}],"inLanguage":"tr"},{"@type":"Person","@id":"https:\/\/kuzeyinsesi.org\/#\/schema\/person\/9f859689cdf01485597712386e37f5aa","name":"Kuzeyin Sesi","image":{"@type":"ImageObject","inLanguage":"tr","@id":"https:\/\/secure.gravatar.com\/avatar\/bab33852abfd8b282518d6ed81826833d77c3c882d9ab608add591ccace47a44?s=96&d=mm&r=g","url":"https:\/\/secure.gravatar.com\/avatar\/bab33852abfd8b282518d6ed81826833d77c3c882d9ab608add591ccace47a44?s=96&d=mm&r=g","contentUrl":"https:\/\/secure.gravatar.com\/avatar\/bab33852abfd8b282518d6ed81826833d77c3c882d9ab608add591ccace47a44?s=96&d=mm&r=g","caption":"Kuzeyin Sesi"},"sameAs":["https:\/\/kuzeyinsesi.org"],"url":"https:\/\/kuzeyinsesi.org\/index.php\/author\/guven\/"}]}},"_links":{"self":[{"href":"https:\/\/kuzeyinsesi.org\/index.php\/wp-json\/wp\/v2\/posts\/4446","targetHints":{"allow":["GET"]}}],"collection":[{"href":"https:\/\/kuzeyinsesi.org\/index.php\/wp-json\/wp\/v2\/posts"}],"about":[{"href":"https:\/\/kuzeyinsesi.org\/index.php\/wp-json\/wp\/v2\/types\/post"}],"author":[{"embeddable":true,"href":"https:\/\/kuzeyinsesi.org\/index.php\/wp-json\/wp\/v2\/users\/1"}],"replies":[{"embeddable":true,"href":"https:\/\/kuzeyinsesi.org\/index.php\/wp-json\/wp\/v2\/comments?post=4446"}],"version-history":[{"count":0,"href":"https:\/\/kuzeyinsesi.org\/index.php\/wp-json\/wp\/v2\/posts\/4446\/revisions"}],"wp:featuredmedia":[{"embeddable":true,"href":"https:\/\/kuzeyinsesi.org\/index.php\/wp-json\/wp\/v2\/media\/4447"}],"wp:attachment":[{"href":"https:\/\/kuzeyinsesi.org\/index.php\/wp-json\/wp\/v2\/media?parent=4446"}],"wp:term":[{"taxonomy":"category","embeddable":true,"href":"https:\/\/kuzeyinsesi.org\/index.php\/wp-json\/wp\/v2\/categories?post=4446"},{"taxonomy":"post_tag","embeddable":true,"href":"https:\/\/kuzeyinsesi.org\/index.php\/wp-json\/wp\/v2\/tags?post=4446"}],"curies":[{"name":"wp","href":"https:\/\/api.w.org\/{rel}","templated":true}]}}