{"id":4399,"date":"2024-06-08T17:13:39","date_gmt":"2024-06-08T14:13:39","guid":{"rendered":"https:\/\/kuzeyinsesi.com\/index.php\/2024\/06\/08\/fogem-ile-yaz-bembeyaz-etkinligi-dun-aksam-girnede-yapildi\/"},"modified":"2024-06-08T17:13:39","modified_gmt":"2024-06-08T14:13:39","slug":"fogem-ile-yaz-bembeyaz-etkinligi-dun-aksam-girnede-yapildi","status":"publish","type":"post","link":"https:\/\/kuzeyinsesi.org\/index.php\/2024\/06\/08\/fogem-ile-yaz-bembeyaz-etkinligi-dun-aksam-girnede-yapildi\/","title":{"rendered":"\u201cFOGEM ile Yaz, Bembeyaz\u201d etkinli\u011fi d\u00fcn ak\u015fam Girne\u2019de yap\u0131ld\u0131"},"content":{"rendered":"<div>\n<div class=\"mariselle-image-container none\">\n                                            <\/div>\n<p>Uluslararas\u0131 Yaz Sevinci \u00c7ocuk Festivali kapsam\u0131nda d\u00fczenlenen \u201cFogem ile Yaz, Bembeyaz\u201d etkinli\u011fi d\u00fcn ak\u015fam Girne\u2019de yap\u0131ld\u0131.<\/p>\n<p>Girne Belediyesi\u2019nden verilen bilgiye g\u00f6re, Lefko\u015fa Folklor ve Gen\u00e7lik Merkezi (FOGEM) arac\u0131l\u0131\u011f\u0131yla d\u00fczenlenen etkinlik, \u00e7e\u015fitli \u00fclkelerden gelen konuk \u00e7ocuklar\u0131n kat\u0131l\u0131m\u0131yla ger\u00e7ekle\u015fti.<\/p>\n<p>Festivale, Kazakistan, K\u0131rg\u0131zistan, Bulgaristan, Ukrayna ve T\u00fcrkiye\u2019den gelen 85 \u00e7ocu\u011fun yan\u0131 s\u0131ra, KKTC\u2019den 150\u2019yi a\u015fk\u0131n \u00e7ocuk kat\u0131ld\u0131.<\/p>\n<p>\u201cFogem ile Yaz Bembeyaz\u201d etkinli\u011fi i\u00e7in Girne Liman\u0131\u2019nda toplanan \u00e7ocuklar, ellerinde balonlarla, dans ederek kortej ger\u00e7ekle\u015ftirdi. Ramadan Cemil Meydan\u0131\u2019na y\u00fcr\u00fcyen \u00e7ocuklar, orada kurulan sahnede dans performanslar\u0131n\u0131 sergiledi.<\/p>\n<p>FOGEM\u2019in minik, \u00e7ocuk ve y\u0131ld\u0131z gruplar\u0131n\u0131n yan\u0131 s\u0131ra, FOGEM gen\u00e7leri ve masterleri ile FOGEM annelerinin de dans g\u00f6sterileri sundu\u011fu etkinlikte, konuk ekipler ve \u00fclke \u00e7ocuklar\u0131n\u0131n sahne performanslar\u0131na da yer verildi.<\/p>\n<p>Karnaval havas\u0131nda ge\u00e7en etkinlikte \u00e7ocuklar doyas\u0131ya e\u011flenerek, farkl\u0131 k\u00fclt\u00fcrleri tan\u0131ma f\u0131rsat\u0131 buldu.<\/p>\n<\/p><\/div>\n<p><script async\n                    defer\n                    crossorigin=\"anonymous\"\n                    src=\"https:\/\/connect.facebook.net\/tr_TR\/sdk.js#xfbml=1&#038;version=v3.3\"\n            ><\/script><\/p>\n","protected":false},"excerpt":{"rendered":"<p>Uluslararas\u0131 Yaz Sevinci \u00c7ocuk Festivali kapsam\u0131nda d\u00fczenlenen \u201cFogem ile Yaz, Bembeyaz\u201d etkinli\u011fi d\u00fcn ak\u015fam Girne\u2019de yap\u0131ld\u0131. Girne Belediyesi\u2019nden verilen bilgiye g\u00f6re, Lefko\u015fa Folklor ve Gen\u00e7lik Merkezi (FOGEM) arac\u0131l\u0131\u011f\u0131yla d\u00fczenlenen etkinlik, \u00e7e\u015fitli \u00fclkelerden gelen konuk \u00e7ocuklar\u0131n kat\u0131l\u0131m\u0131yla ger\u00e7ekle\u015fti. Festivale, Kazakistan, K\u0131rg\u0131zistan, Bulgaristan, Ukrayna ve T\u00fcrkiye\u2019den gelen 85 \u00e7ocu\u011fun yan\u0131 s\u0131ra, KKTC\u2019den 150\u2019yi a\u015fk\u0131n \u00e7ocuk kat\u0131ld\u0131. \u201cFogem [&hellip;]<\/p>\n","protected":false},"author":1,"featured_media":4400,"comment_status":"open","ping_status":"open","sticky":false,"template":"","format":"standard","meta":{"jnews-multi-image_gallery":[],"jnews_single_post":[],"jnews_primary_category":[],"jnews_social_meta":[],"jnews_override_counter":[],"footnotes":""},"categories":[6],"tags":[],"class_list":["post-4399","post","type-post","status-publish","format-standard","has-post-thumbnail","hentry","category-yasam"],"yoast_head":"<!-- This site is optimized with the Yoast SEO plugin v27.5 - https:\/\/yoast.com\/product\/yoast-seo-wordpress\/ -->\n<title>\u201cFOGEM ile Yaz, Bembeyaz\u201d etkinli\u011fi d\u00fcn ak\u015fam Girne\u2019de yap\u0131ld\u0131 - Kuzeyin Sesi<\/title>\n<meta name=\"robots\" content=\"index, follow, max-snippet:-1, max-image-preview:large, max-video-preview:-1\" \/>\n<link rel=\"canonical\" href=\"https:\/\/kuzeyinsesi.org\/index.php\/2024\/06\/08\/fogem-ile-yaz-bembeyaz-etkinligi-dun-aksam-girnede-yapildi\/\" \/>\n<meta property=\"og:locale\" content=\"tr_TR\" \/>\n<meta property=\"og:type\" content=\"article\" \/>\n<meta property=\"og:title\" content=\"\u201cFOGEM ile Yaz, Bembeyaz\u201d etkinli\u011fi d\u00fcn ak\u015fam Girne\u2019de yap\u0131ld\u0131 - Kuzeyin Sesi\" \/>\n<meta property=\"og:description\" content=\"Uluslararas\u0131 Yaz Sevinci \u00c7ocuk Festivali kapsam\u0131nda d\u00fczenlenen \u201cFogem ile Yaz, Bembeyaz\u201d etkinli\u011fi d\u00fcn ak\u015fam Girne\u2019de yap\u0131ld\u0131. Girne Belediyesi\u2019nden verilen bilgiye g\u00f6re, Lefko\u015fa Folklor ve Gen\u00e7lik Merkezi (FOGEM) arac\u0131l\u0131\u011f\u0131yla d\u00fczenlenen etkinlik, \u00e7e\u015fitli \u00fclkelerden gelen konuk \u00e7ocuklar\u0131n kat\u0131l\u0131m\u0131yla ger\u00e7ekle\u015fti. Festivale, Kazakistan, K\u0131rg\u0131zistan, Bulgaristan, Ukrayna ve T\u00fcrkiye\u2019den gelen 85 \u00e7ocu\u011fun yan\u0131 s\u0131ra, KKTC\u2019den 150\u2019yi a\u015fk\u0131n \u00e7ocuk kat\u0131ld\u0131. \u201cFogem [&hellip;]\" \/>\n<meta property=\"og:url\" content=\"https:\/\/kuzeyinsesi.org\/index.php\/2024\/06\/08\/fogem-ile-yaz-bembeyaz-etkinligi-dun-aksam-girnede-yapildi\/\" \/>\n<meta property=\"og:site_name\" content=\"Kuzeyin Sesi\" \/>\n<meta property=\"article:publisher\" content=\"https:\/\/www.facebook.com\/kuzeyinsesii\" \/>\n<meta property=\"article:published_time\" content=\"2024-06-08T14:13:39+00:00\" \/>\n<meta property=\"og:image\" content=\"https:\/\/kuzeyinsesi.org\/wp-content\/uploads\/2024\/06\/whatsapp-image-2024-06-08-at-13-25-59.jpeg\" \/>\n\t<meta property=\"og:image:width\" content=\"930\" \/>\n\t<meta property=\"og:image:height\" content=\"350\" \/>\n\t<meta property=\"og:image:type\" content=\"image\/jpeg\" \/>\n<meta name=\"author\" content=\"Kuzeyin Sesi\" \/>\n<meta name=\"twitter:card\" content=\"summary_large_image\" \/>\n<meta name=\"twitter:creator\" content=\"@kuzeyinsesii\" \/>\n<meta name=\"twitter:site\" content=\"@kuzeyinsesii\" \/>\n<meta name=\"twitter:label1\" content=\"Yazan:\" \/>\n\t<meta name=\"twitter:data1\" content=\"Kuzeyin Sesi\" \/>\n\t<meta name=\"twitter:label2\" content=\"Tahmini okuma s\u00fcresi\" \/>\n\t<meta name=\"twitter:data2\" content=\"1 dakika\" \/>\n<script type=\"application\/ld+json\" class=\"yoast-schema-graph\">{\"@context\":\"https:\\\/\\\/schema.org\",\"@graph\":[{\"@type\":\"Article\",\"@id\":\"https:\\\/\\\/kuzeyinsesi.org\\\/index.php\\\/2024\\\/06\\\/08\\\/fogem-ile-yaz-bembeyaz-etkinligi-dun-aksam-girnede-yapildi\\\/#article\",\"isPartOf\":{\"@id\":\"https:\\\/\\\/kuzeyinsesi.org\\\/index.php\\\/2024\\\/06\\\/08\\\/fogem-ile-yaz-bembeyaz-etkinligi-dun-aksam-girnede-yapildi\\\/\"},\"author\":{\"name\":\"Kuzeyin Sesi\",\"@id\":\"https:\\\/\\\/kuzeyinsesi.org\\\/#\\\/schema\\\/person\\\/9f859689cdf01485597712386e37f5aa\"},\"headline\":\"\u201cFOGEM ile Yaz, Bembeyaz\u201d etkinli\u011fi d\u00fcn ak\u015fam Girne\u2019de yap\u0131ld\u0131\",\"datePublished\":\"2024-06-08T14:13:39+00:00\",\"mainEntityOfPage\":{\"@id\":\"https:\\\/\\\/kuzeyinsesi.org\\\/index.php\\\/2024\\\/06\\\/08\\\/fogem-ile-yaz-bembeyaz-etkinligi-dun-aksam-girnede-yapildi\\\/\"},\"wordCount\":196,\"commentCount\":0,\"image\":{\"@id\":\"https:\\\/\\\/kuzeyinsesi.org\\\/index.php\\\/2024\\\/06\\\/08\\\/fogem-ile-yaz-bembeyaz-etkinligi-dun-aksam-girnede-yapildi\\\/#primaryimage\"},\"thumbnailUrl\":\"https:\\\/\\\/kuzeyinsesi.org\\\/wp-content\\\/uploads\\\/2024\\\/06\\\/whatsapp-image-2024-06-08-at-13-25-59.jpeg\",\"articleSection\":[\"Ya\u015fam\"],\"inLanguage\":\"tr\",\"potentialAction\":[{\"@type\":\"CommentAction\",\"name\":\"Comment\",\"target\":[\"https:\\\/\\\/kuzeyinsesi.org\\\/index.php\\\/2024\\\/06\\\/08\\\/fogem-ile-yaz-bembeyaz-etkinligi-dun-aksam-girnede-yapildi\\\/#respond\"]}]},{\"@type\":\"WebPage\",\"@id\":\"https:\\\/\\\/kuzeyinsesi.org\\\/index.php\\\/2024\\\/06\\\/08\\\/fogem-ile-yaz-bembeyaz-etkinligi-dun-aksam-girnede-yapildi\\\/\",\"url\":\"https:\\\/\\\/kuzeyinsesi.org\\\/index.php\\\/2024\\\/06\\\/08\\\/fogem-ile-yaz-bembeyaz-etkinligi-dun-aksam-girnede-yapildi\\\/\",\"name\":\"\u201cFOGEM ile Yaz, Bembeyaz\u201d etkinli\u011fi d\u00fcn ak\u015fam Girne\u2019de yap\u0131ld\u0131 - Kuzeyin Sesi\",\"isPartOf\":{\"@id\":\"https:\\\/\\\/kuzeyinsesi.org\\\/#website\"},\"primaryImageOfPage\":{\"@id\":\"https:\\\/\\\/kuzeyinsesi.org\\\/index.php\\\/2024\\\/06\\\/08\\\/fogem-ile-yaz-bembeyaz-etkinligi-dun-aksam-girnede-yapildi\\\/#primaryimage\"},\"image\":{\"@id\":\"https:\\\/\\\/kuzeyinsesi.org\\\/index.php\\\/2024\\\/06\\\/08\\\/fogem-ile-yaz-bembeyaz-etkinligi-dun-aksam-girnede-yapildi\\\/#primaryimage\"},\"thumbnailUrl\":\"https:\\\/\\\/kuzeyinsesi.org\\\/wp-content\\\/uploads\\\/2024\\\/06\\\/whatsapp-image-2024-06-08-at-13-25-59.jpeg\",\"datePublished\":\"2024-06-08T14:13:39+00:00\",\"author\":{\"@id\":\"https:\\\/\\\/kuzeyinsesi.org\\\/#\\\/schema\\\/person\\\/9f859689cdf01485597712386e37f5aa\"},\"breadcrumb\":{\"@id\":\"https:\\\/\\\/kuzeyinsesi.org\\\/index.php\\\/2024\\\/06\\\/08\\\/fogem-ile-yaz-bembeyaz-etkinligi-dun-aksam-girnede-yapildi\\\/#breadcrumb\"},\"inLanguage\":\"tr\",\"potentialAction\":[{\"@type\":\"ReadAction\",\"target\":[\"https:\\\/\\\/kuzeyinsesi.org\\\/index.php\\\/2024\\\/06\\\/08\\\/fogem-ile-yaz-bembeyaz-etkinligi-dun-aksam-girnede-yapildi\\\/\"]}]},{\"@type\":\"ImageObject\",\"inLanguage\":\"tr\",\"@id\":\"https:\\\/\\\/kuzeyinsesi.org\\\/index.php\\\/2024\\\/06\\\/08\\\/fogem-ile-yaz-bembeyaz-etkinligi-dun-aksam-girnede-yapildi\\\/#primaryimage\",\"url\":\"https:\\\/\\\/kuzeyinsesi.org\\\/wp-content\\\/uploads\\\/2024\\\/06\\\/whatsapp-image-2024-06-08-at-13-25-59.jpeg\",\"contentUrl\":\"https:\\\/\\\/kuzeyinsesi.org\\\/wp-content\\\/uploads\\\/2024\\\/06\\\/whatsapp-image-2024-06-08-at-13-25-59.jpeg\",\"width\":930,\"height\":350},{\"@type\":\"BreadcrumbList\",\"@id\":\"https:\\\/\\\/kuzeyinsesi.org\\\/index.php\\\/2024\\\/06\\\/08\\\/fogem-ile-yaz-bembeyaz-etkinligi-dun-aksam-girnede-yapildi\\\/#breadcrumb\",\"itemListElement\":[{\"@type\":\"ListItem\",\"position\":1,\"name\":\"Anasayfa\",\"item\":\"https:\\\/\\\/kuzeyinsesi.org\\\/\"},{\"@type\":\"ListItem\",\"position\":2,\"name\":\"\u201cFOGEM ile Yaz, Bembeyaz\u201d etkinli\u011fi d\u00fcn ak\u015fam Girne\u2019de yap\u0131ld\u0131\"}]},{\"@type\":\"WebSite\",\"@id\":\"https:\\\/\\\/kuzeyinsesi.org\\\/#website\",\"url\":\"https:\\\/\\\/kuzeyinsesi.org\\\/\",\"name\":\"Kuzeyin Sesi\",\"description\":\"Do\u011fru Haberin Adresi\",\"potentialAction\":[{\"@type\":\"SearchAction\",\"target\":{\"@type\":\"EntryPoint\",\"urlTemplate\":\"https:\\\/\\\/kuzeyinsesi.org\\\/?s={search_term_string}\"},\"query-input\":{\"@type\":\"PropertyValueSpecification\",\"valueRequired\":true,\"valueName\":\"search_term_string\"}}],\"inLanguage\":\"tr\"},{\"@type\":\"Person\",\"@id\":\"https:\\\/\\\/kuzeyinsesi.org\\\/#\\\/schema\\\/person\\\/9f859689cdf01485597712386e37f5aa\",\"name\":\"Kuzeyin Sesi\",\"image\":{\"@type\":\"ImageObject\",\"inLanguage\":\"tr\",\"@id\":\"https:\\\/\\\/secure.gravatar.com\\\/avatar\\\/bab33852abfd8b282518d6ed81826833d77c3c882d9ab608add591ccace47a44?s=96&d=mm&r=g\",\"url\":\"https:\\\/\\\/secure.gravatar.com\\\/avatar\\\/bab33852abfd8b282518d6ed81826833d77c3c882d9ab608add591ccace47a44?s=96&d=mm&r=g\",\"contentUrl\":\"https:\\\/\\\/secure.gravatar.com\\\/avatar\\\/bab33852abfd8b282518d6ed81826833d77c3c882d9ab608add591ccace47a44?s=96&d=mm&r=g\",\"caption\":\"Kuzeyin Sesi\"},\"sameAs\":[\"https:\\\/\\\/kuzeyinsesi.org\"],\"url\":\"https:\\\/\\\/kuzeyinsesi.org\\\/index.php\\\/author\\\/guven\\\/\"}]}<\/script>\n<!-- \/ Yoast SEO plugin. -->","yoast_head_json":{"title":"\u201cFOGEM ile Yaz, Bembeyaz\u201d etkinli\u011fi d\u00fcn ak\u015fam Girne\u2019de yap\u0131ld\u0131 - Kuzeyin Sesi","robots":{"index":"index","follow":"follow","max-snippet":"max-snippet:-1","max-image-preview":"max-image-preview:large","max-video-preview":"max-video-preview:-1"},"canonical":"https:\/\/kuzeyinsesi.org\/index.php\/2024\/06\/08\/fogem-ile-yaz-bembeyaz-etkinligi-dun-aksam-girnede-yapildi\/","og_locale":"tr_TR","og_type":"article","og_title":"\u201cFOGEM ile Yaz, Bembeyaz\u201d etkinli\u011fi d\u00fcn ak\u015fam Girne\u2019de yap\u0131ld\u0131 - Kuzeyin Sesi","og_description":"Uluslararas\u0131 Yaz Sevinci \u00c7ocuk Festivali kapsam\u0131nda d\u00fczenlenen \u201cFogem ile Yaz, Bembeyaz\u201d etkinli\u011fi d\u00fcn ak\u015fam Girne\u2019de yap\u0131ld\u0131. Girne Belediyesi\u2019nden verilen bilgiye g\u00f6re, Lefko\u015fa Folklor ve Gen\u00e7lik Merkezi (FOGEM) arac\u0131l\u0131\u011f\u0131yla d\u00fczenlenen etkinlik, \u00e7e\u015fitli \u00fclkelerden gelen konuk \u00e7ocuklar\u0131n kat\u0131l\u0131m\u0131yla ger\u00e7ekle\u015fti. Festivale, Kazakistan, K\u0131rg\u0131zistan, Bulgaristan, Ukrayna ve T\u00fcrkiye\u2019den gelen 85 \u00e7ocu\u011fun yan\u0131 s\u0131ra, KKTC\u2019den 150\u2019yi a\u015fk\u0131n \u00e7ocuk kat\u0131ld\u0131. \u201cFogem [&hellip;]","og_url":"https:\/\/kuzeyinsesi.org\/index.php\/2024\/06\/08\/fogem-ile-yaz-bembeyaz-etkinligi-dun-aksam-girnede-yapildi\/","og_site_name":"Kuzeyin Sesi","article_publisher":"https:\/\/www.facebook.com\/kuzeyinsesii","article_published_time":"2024-06-08T14:13:39+00:00","og_image":[{"width":930,"height":350,"url":"https:\/\/kuzeyinsesi.org\/wp-content\/uploads\/2024\/06\/whatsapp-image-2024-06-08-at-13-25-59.jpeg","type":"image\/jpeg"}],"author":"Kuzeyin Sesi","twitter_card":"summary_large_image","twitter_creator":"@kuzeyinsesii","twitter_site":"@kuzeyinsesii","twitter_misc":{"Yazan:":"Kuzeyin Sesi","Tahmini okuma s\u00fcresi":"1 dakika"},"schema":{"@context":"https:\/\/schema.org","@graph":[{"@type":"Article","@id":"https:\/\/kuzeyinsesi.org\/index.php\/2024\/06\/08\/fogem-ile-yaz-bembeyaz-etkinligi-dun-aksam-girnede-yapildi\/#article","isPartOf":{"@id":"https:\/\/kuzeyinsesi.org\/index.php\/2024\/06\/08\/fogem-ile-yaz-bembeyaz-etkinligi-dun-aksam-girnede-yapildi\/"},"author":{"name":"Kuzeyin Sesi","@id":"https:\/\/kuzeyinsesi.org\/#\/schema\/person\/9f859689cdf01485597712386e37f5aa"},"headline":"\u201cFOGEM ile Yaz, Bembeyaz\u201d etkinli\u011fi d\u00fcn ak\u015fam Girne\u2019de yap\u0131ld\u0131","datePublished":"2024-06-08T14:13:39+00:00","mainEntityOfPage":{"@id":"https:\/\/kuzeyinsesi.org\/index.php\/2024\/06\/08\/fogem-ile-yaz-bembeyaz-etkinligi-dun-aksam-girnede-yapildi\/"},"wordCount":196,"commentCount":0,"image":{"@id":"https:\/\/kuzeyinsesi.org\/index.php\/2024\/06\/08\/fogem-ile-yaz-bembeyaz-etkinligi-dun-aksam-girnede-yapildi\/#primaryimage"},"thumbnailUrl":"https:\/\/kuzeyinsesi.org\/wp-content\/uploads\/2024\/06\/whatsapp-image-2024-06-08-at-13-25-59.jpeg","articleSection":["Ya\u015fam"],"inLanguage":"tr","potentialAction":[{"@type":"CommentAction","name":"Comment","target":["https:\/\/kuzeyinsesi.org\/index.php\/2024\/06\/08\/fogem-ile-yaz-bembeyaz-etkinligi-dun-aksam-girnede-yapildi\/#respond"]}]},{"@type":"WebPage","@id":"https:\/\/kuzeyinsesi.org\/index.php\/2024\/06\/08\/fogem-ile-yaz-bembeyaz-etkinligi-dun-aksam-girnede-yapildi\/","url":"https:\/\/kuzeyinsesi.org\/index.php\/2024\/06\/08\/fogem-ile-yaz-bembeyaz-etkinligi-dun-aksam-girnede-yapildi\/","name":"\u201cFOGEM ile Yaz, Bembeyaz\u201d etkinli\u011fi d\u00fcn ak\u015fam Girne\u2019de yap\u0131ld\u0131 - Kuzeyin Sesi","isPartOf":{"@id":"https:\/\/kuzeyinsesi.org\/#website"},"primaryImageOfPage":{"@id":"https:\/\/kuzeyinsesi.org\/index.php\/2024\/06\/08\/fogem-ile-yaz-bembeyaz-etkinligi-dun-aksam-girnede-yapildi\/#primaryimage"},"image":{"@id":"https:\/\/kuzeyinsesi.org\/index.php\/2024\/06\/08\/fogem-ile-yaz-bembeyaz-etkinligi-dun-aksam-girnede-yapildi\/#primaryimage"},"thumbnailUrl":"https:\/\/kuzeyinsesi.org\/wp-content\/uploads\/2024\/06\/whatsapp-image-2024-06-08-at-13-25-59.jpeg","datePublished":"2024-06-08T14:13:39+00:00","author":{"@id":"https:\/\/kuzeyinsesi.org\/#\/schema\/person\/9f859689cdf01485597712386e37f5aa"},"breadcrumb":{"@id":"https:\/\/kuzeyinsesi.org\/index.php\/2024\/06\/08\/fogem-ile-yaz-bembeyaz-etkinligi-dun-aksam-girnede-yapildi\/#breadcrumb"},"inLanguage":"tr","potentialAction":[{"@type":"ReadAction","target":["https:\/\/kuzeyinsesi.org\/index.php\/2024\/06\/08\/fogem-ile-yaz-bembeyaz-etkinligi-dun-aksam-girnede-yapildi\/"]}]},{"@type":"ImageObject","inLanguage":"tr","@id":"https:\/\/kuzeyinsesi.org\/index.php\/2024\/06\/08\/fogem-ile-yaz-bembeyaz-etkinligi-dun-aksam-girnede-yapildi\/#primaryimage","url":"https:\/\/kuzeyinsesi.org\/wp-content\/uploads\/2024\/06\/whatsapp-image-2024-06-08-at-13-25-59.jpeg","contentUrl":"https:\/\/kuzeyinsesi.org\/wp-content\/uploads\/2024\/06\/whatsapp-image-2024-06-08-at-13-25-59.jpeg","width":930,"height":350},{"@type":"BreadcrumbList","@id":"https:\/\/kuzeyinsesi.org\/index.php\/2024\/06\/08\/fogem-ile-yaz-bembeyaz-etkinligi-dun-aksam-girnede-yapildi\/#breadcrumb","itemListElement":[{"@type":"ListItem","position":1,"name":"Anasayfa","item":"https:\/\/kuzeyinsesi.org\/"},{"@type":"ListItem","position":2,"name":"\u201cFOGEM ile Yaz, Bembeyaz\u201d etkinli\u011fi d\u00fcn ak\u015fam Girne\u2019de yap\u0131ld\u0131"}]},{"@type":"WebSite","@id":"https:\/\/kuzeyinsesi.org\/#website","url":"https:\/\/kuzeyinsesi.org\/","name":"Kuzeyin Sesi","description":"Do\u011fru Haberin Adresi","potentialAction":[{"@type":"SearchAction","target":{"@type":"EntryPoint","urlTemplate":"https:\/\/kuzeyinsesi.org\/?s={search_term_string}"},"query-input":{"@type":"PropertyValueSpecification","valueRequired":true,"valueName":"search_term_string"}}],"inLanguage":"tr"},{"@type":"Person","@id":"https:\/\/kuzeyinsesi.org\/#\/schema\/person\/9f859689cdf01485597712386e37f5aa","name":"Kuzeyin Sesi","image":{"@type":"ImageObject","inLanguage":"tr","@id":"https:\/\/secure.gravatar.com\/avatar\/bab33852abfd8b282518d6ed81826833d77c3c882d9ab608add591ccace47a44?s=96&d=mm&r=g","url":"https:\/\/secure.gravatar.com\/avatar\/bab33852abfd8b282518d6ed81826833d77c3c882d9ab608add591ccace47a44?s=96&d=mm&r=g","contentUrl":"https:\/\/secure.gravatar.com\/avatar\/bab33852abfd8b282518d6ed81826833d77c3c882d9ab608add591ccace47a44?s=96&d=mm&r=g","caption":"Kuzeyin Sesi"},"sameAs":["https:\/\/kuzeyinsesi.org"],"url":"https:\/\/kuzeyinsesi.org\/index.php\/author\/guven\/"}]}},"_links":{"self":[{"href":"https:\/\/kuzeyinsesi.org\/index.php\/wp-json\/wp\/v2\/posts\/4399","targetHints":{"allow":["GET"]}}],"collection":[{"href":"https:\/\/kuzeyinsesi.org\/index.php\/wp-json\/wp\/v2\/posts"}],"about":[{"href":"https:\/\/kuzeyinsesi.org\/index.php\/wp-json\/wp\/v2\/types\/post"}],"author":[{"embeddable":true,"href":"https:\/\/kuzeyinsesi.org\/index.php\/wp-json\/wp\/v2\/users\/1"}],"replies":[{"embeddable":true,"href":"https:\/\/kuzeyinsesi.org\/index.php\/wp-json\/wp\/v2\/comments?post=4399"}],"version-history":[{"count":0,"href":"https:\/\/kuzeyinsesi.org\/index.php\/wp-json\/wp\/v2\/posts\/4399\/revisions"}],"wp:featuredmedia":[{"embeddable":true,"href":"https:\/\/kuzeyinsesi.org\/index.php\/wp-json\/wp\/v2\/media\/4400"}],"wp:attachment":[{"href":"https:\/\/kuzeyinsesi.org\/index.php\/wp-json\/wp\/v2\/media?parent=4399"}],"wp:term":[{"taxonomy":"category","embeddable":true,"href":"https:\/\/kuzeyinsesi.org\/index.php\/wp-json\/wp\/v2\/categories?post=4399"},{"taxonomy":"post_tag","embeddable":true,"href":"https:\/\/kuzeyinsesi.org\/index.php\/wp-json\/wp\/v2\/tags?post=4399"}],"curies":[{"name":"wp","href":"https:\/\/api.w.org\/{rel}","templated":true}]}}