{"id":4387,"date":"2024-06-08T16:12:17","date_gmt":"2024-06-08T13:12:17","guid":{"rendered":"https:\/\/kuzeyinsesi.com\/index.php\/2024\/06\/08\/atelier-arkinin-2024-ilkbahar-yaz-seramik-kursiyer-sergisi-arucadda-sanatseverlerle-bulustu\/"},"modified":"2024-06-08T16:12:17","modified_gmt":"2024-06-08T13:12:17","slug":"atelier-arkinin-2024-ilkbahar-yaz-seramik-kursiyer-sergisi-arucadda-sanatseverlerle-bulustu","status":"publish","type":"post","link":"https:\/\/kuzeyinsesi.org\/index.php\/2024\/06\/08\/atelier-arkinin-2024-ilkbahar-yaz-seramik-kursiyer-sergisi-arucadda-sanatseverlerle-bulustu\/","title":{"rendered":"Atelier Ark\u0131n\u2019\u0131n 2024 \u0130lkbahar-Yaz Seramik Kursiyer Sergisi ARUCAD\u2019da sanatseverlerle bulu\u015ftu"},"content":{"rendered":"<div>\n<div class=\"mariselle-image-container none\">\n                                            <\/div>\n<p>Ark\u0131n Yarat\u0131c\u0131 Sanatlar ve Tasar\u0131m \u00dcniversitesi\u2019nin (ARUCAD) Ya\u015fam Boyu E\u011fitim Merkezi Atelier Ark\u0131n\u2019\u0131n 2024 \u0130lkbahar-Yaz Seramik Kursiyer Sergisi, 6 Haziran Per\u015fembe ak\u015fam\u0131 ARUCAD Kamp\u00fcs\u00fcnde d\u00fczenlenen kokteylle sanatseverlerle bulu\u015ftu.<\/p>\n<p>ARUCAD\u2019den verilen bilgiye g\u00f6re, sergi a\u00e7\u0131l\u0131\u015f\u0131na ARUCAD M\u00fctevelli Heyeti Ba\u015fkan\u0131 Dr. Sinan Ark\u0131n, Rekt\u00f6r\u00fc Prof. Dr. As\u0131m Vehbi ile Atelier Ark\u0131n e\u011fitmenleri, kursiyerleri ve halk kat\u0131ld\u0131.<\/p>\n<p>Sergiye; 17 kursiyer 32 adet eserle kat\u0131ld\u0131. Elle \u015fekillendirme tekni\u011fi ile yap\u0131lan i\u015flerde \u00fc\u00e7 tip \u00e7amur kullan\u0131ld\u0131. Eserlerin \u00e7o\u011fu s\u0131ralt\u0131 boya ile renklendirildi ve bir k\u0131sm\u0131nda da artistik s\u0131rlar kullan\u0131larak yap\u0131ld\u0131.<\/p>\n<p>Atelier Ark\u0131n Direkt\u00f6r\u00fc Yusuf Baydal konu\u015fmas\u0131nda, seramik eserlerden olu\u015fan serginin ortaya \u00e7\u0131k\u0131\u015f s\u00fcrecinde emek veren kursiyerlere ve Atelier Ark\u0131n Seramik e\u011fitmeni Sinem Baba\u2019ya te\u015fekk\u00fcr etti.<\/p>\n<p>Sinem Baba da konu\u015fmas\u0131nda, seramik kursiyeriyle adeta bir ekip olduklar\u0131n\u0131 ve bu sinerjinin ortaya \u00e7\u0131kan eserlerin d\u00fczeyine de do\u011fal olarak yans\u0131d\u0131\u011f\u0131n\u0131 vurgulad\u0131.<\/p>\n<p>ARUCAD Rekt\u00f6r\u00fc Prof. Dr. As\u0131m Vehbi,\u00a0 \u201cARUCAD\u2019dan \u00f6nce kurulan Ya\u015fam Boyu E\u011fitim Merkezi olan Atelier Ark\u0131n, a\u00e7t\u0131\u011f\u0131 kurslar ve ortaya koydu\u011fu \u00e7al\u0131\u015fmalarla topluma de\u011fer katan i\u015flere imza att\u0131. Bu t\u00fcr etkinliklerin devaml\u0131 hale gelmesi, sanat\u0131n toplumla bulu\u015fmas\u0131nda ve sanata olan ilgiyi canland\u0131rmada \u00f6nemli bir i\u015flev \u00fcstlenir\u201d ifadelerini kulland\u0131.<\/p>\n<\/p><\/div>\n<p><script async\n                    defer\n                    crossorigin=\"anonymous\"\n                    src=\"https:\/\/connect.facebook.net\/tr_TR\/sdk.js#xfbml=1&#038;version=v3.3\"\n            ><\/script><\/p>\n","protected":false},"excerpt":{"rendered":"<p>Ark\u0131n Yarat\u0131c\u0131 Sanatlar ve Tasar\u0131m \u00dcniversitesi\u2019nin (ARUCAD) Ya\u015fam Boyu E\u011fitim Merkezi Atelier Ark\u0131n\u2019\u0131n 2024 \u0130lkbahar-Yaz Seramik Kursiyer Sergisi, 6 Haziran Per\u015fembe ak\u015fam\u0131 ARUCAD Kamp\u00fcs\u00fcnde d\u00fczenlenen kokteylle sanatseverlerle bulu\u015ftu. ARUCAD\u2019den verilen bilgiye g\u00f6re, sergi a\u00e7\u0131l\u0131\u015f\u0131na ARUCAD M\u00fctevelli Heyeti Ba\u015fkan\u0131 Dr. Sinan Ark\u0131n, Rekt\u00f6r\u00fc Prof. Dr. As\u0131m Vehbi ile Atelier Ark\u0131n e\u011fitmenleri, kursiyerleri ve halk kat\u0131ld\u0131. Sergiye; [&hellip;]<\/p>\n","protected":false},"author":1,"featured_media":4388,"comment_status":"open","ping_status":"open","sticky":false,"template":"","format":"standard","meta":{"jnews-multi-image_gallery":[],"jnews_single_post":[],"jnews_primary_category":[],"jnews_social_meta":[],"jnews_override_counter":[],"footnotes":""},"categories":[6],"tags":[],"class_list":["post-4387","post","type-post","status-publish","format-standard","has-post-thumbnail","hentry","category-yasam"],"yoast_head":"<!-- This site is optimized with the Yoast SEO plugin v27.5 - https:\/\/yoast.com\/product\/yoast-seo-wordpress\/ -->\n<title>Atelier Ark\u0131n\u2019\u0131n 2024 \u0130lkbahar-Yaz Seramik Kursiyer Sergisi ARUCAD\u2019da sanatseverlerle bulu\u015ftu - Kuzeyin Sesi<\/title>\n<meta name=\"robots\" content=\"index, follow, max-snippet:-1, max-image-preview:large, max-video-preview:-1\" \/>\n<link rel=\"canonical\" href=\"https:\/\/kuzeyinsesi.org\/index.php\/2024\/06\/08\/atelier-arkinin-2024-ilkbahar-yaz-seramik-kursiyer-sergisi-arucadda-sanatseverlerle-bulustu\/\" \/>\n<meta property=\"og:locale\" content=\"tr_TR\" \/>\n<meta property=\"og:type\" content=\"article\" \/>\n<meta property=\"og:title\" content=\"Atelier Ark\u0131n\u2019\u0131n 2024 \u0130lkbahar-Yaz Seramik Kursiyer Sergisi ARUCAD\u2019da sanatseverlerle bulu\u015ftu - Kuzeyin Sesi\" \/>\n<meta property=\"og:description\" content=\"Ark\u0131n Yarat\u0131c\u0131 Sanatlar ve Tasar\u0131m \u00dcniversitesi\u2019nin (ARUCAD) Ya\u015fam Boyu E\u011fitim Merkezi Atelier Ark\u0131n\u2019\u0131n 2024 \u0130lkbahar-Yaz Seramik Kursiyer Sergisi, 6 Haziran Per\u015fembe ak\u015fam\u0131 ARUCAD Kamp\u00fcs\u00fcnde d\u00fczenlenen kokteylle sanatseverlerle bulu\u015ftu. ARUCAD\u2019den verilen bilgiye g\u00f6re, sergi a\u00e7\u0131l\u0131\u015f\u0131na ARUCAD M\u00fctevelli Heyeti Ba\u015fkan\u0131 Dr. Sinan Ark\u0131n, Rekt\u00f6r\u00fc Prof. Dr. As\u0131m Vehbi ile Atelier Ark\u0131n e\u011fitmenleri, kursiyerleri ve halk kat\u0131ld\u0131. Sergiye; [&hellip;]\" \/>\n<meta property=\"og:url\" content=\"https:\/\/kuzeyinsesi.org\/index.php\/2024\/06\/08\/atelier-arkinin-2024-ilkbahar-yaz-seramik-kursiyer-sergisi-arucadda-sanatseverlerle-bulustu\/\" \/>\n<meta property=\"og:site_name\" content=\"Kuzeyin Sesi\" \/>\n<meta property=\"article:publisher\" content=\"https:\/\/www.facebook.com\/kuzeyinsesii\" \/>\n<meta property=\"article:published_time\" content=\"2024-06-08T13:12:17+00:00\" \/>\n<meta property=\"og:image\" content=\"https:\/\/kuzeyinsesi.org\/wp-content\/uploads\/2024\/06\/arucad1-1-.jpg\" \/>\n\t<meta property=\"og:image:width\" content=\"928\" \/>\n\t<meta property=\"og:image:height\" content=\"678\" \/>\n\t<meta property=\"og:image:type\" content=\"image\/jpeg\" \/>\n<meta name=\"author\" content=\"Kuzeyin Sesi\" \/>\n<meta name=\"twitter:card\" content=\"summary_large_image\" \/>\n<meta name=\"twitter:creator\" content=\"@kuzeyinsesii\" \/>\n<meta name=\"twitter:site\" content=\"@kuzeyinsesii\" \/>\n<meta name=\"twitter:label1\" content=\"Yazan:\" \/>\n\t<meta name=\"twitter:data1\" content=\"Kuzeyin Sesi\" \/>\n\t<meta name=\"twitter:label2\" content=\"Tahmini okuma s\u00fcresi\" \/>\n\t<meta name=\"twitter:data2\" content=\"1 dakika\" \/>\n<script type=\"application\/ld+json\" class=\"yoast-schema-graph\">{\"@context\":\"https:\\\/\\\/schema.org\",\"@graph\":[{\"@type\":\"Article\",\"@id\":\"https:\\\/\\\/kuzeyinsesi.org\\\/index.php\\\/2024\\\/06\\\/08\\\/atelier-arkinin-2024-ilkbahar-yaz-seramik-kursiyer-sergisi-arucadda-sanatseverlerle-bulustu\\\/#article\",\"isPartOf\":{\"@id\":\"https:\\\/\\\/kuzeyinsesi.org\\\/index.php\\\/2024\\\/06\\\/08\\\/atelier-arkinin-2024-ilkbahar-yaz-seramik-kursiyer-sergisi-arucadda-sanatseverlerle-bulustu\\\/\"},\"author\":{\"name\":\"Kuzeyin Sesi\",\"@id\":\"https:\\\/\\\/kuzeyinsesi.org\\\/#\\\/schema\\\/person\\\/9f859689cdf01485597712386e37f5aa\"},\"headline\":\"Atelier Ark\u0131n\u2019\u0131n 2024 \u0130lkbahar-Yaz Seramik Kursiyer Sergisi ARUCAD\u2019da sanatseverlerle bulu\u015ftu\",\"datePublished\":\"2024-06-08T13:12:17+00:00\",\"mainEntityOfPage\":{\"@id\":\"https:\\\/\\\/kuzeyinsesi.org\\\/index.php\\\/2024\\\/06\\\/08\\\/atelier-arkinin-2024-ilkbahar-yaz-seramik-kursiyer-sergisi-arucadda-sanatseverlerle-bulustu\\\/\"},\"wordCount\":261,\"commentCount\":0,\"image\":{\"@id\":\"https:\\\/\\\/kuzeyinsesi.org\\\/index.php\\\/2024\\\/06\\\/08\\\/atelier-arkinin-2024-ilkbahar-yaz-seramik-kursiyer-sergisi-arucadda-sanatseverlerle-bulustu\\\/#primaryimage\"},\"thumbnailUrl\":\"https:\\\/\\\/kuzeyinsesi.org\\\/wp-content\\\/uploads\\\/2024\\\/06\\\/arucad1-1-.jpg\",\"articleSection\":[\"Ya\u015fam\"],\"inLanguage\":\"tr\",\"potentialAction\":[{\"@type\":\"CommentAction\",\"name\":\"Comment\",\"target\":[\"https:\\\/\\\/kuzeyinsesi.org\\\/index.php\\\/2024\\\/06\\\/08\\\/atelier-arkinin-2024-ilkbahar-yaz-seramik-kursiyer-sergisi-arucadda-sanatseverlerle-bulustu\\\/#respond\"]}]},{\"@type\":\"WebPage\",\"@id\":\"https:\\\/\\\/kuzeyinsesi.org\\\/index.php\\\/2024\\\/06\\\/08\\\/atelier-arkinin-2024-ilkbahar-yaz-seramik-kursiyer-sergisi-arucadda-sanatseverlerle-bulustu\\\/\",\"url\":\"https:\\\/\\\/kuzeyinsesi.org\\\/index.php\\\/2024\\\/06\\\/08\\\/atelier-arkinin-2024-ilkbahar-yaz-seramik-kursiyer-sergisi-arucadda-sanatseverlerle-bulustu\\\/\",\"name\":\"Atelier Ark\u0131n\u2019\u0131n 2024 \u0130lkbahar-Yaz Seramik Kursiyer Sergisi ARUCAD\u2019da sanatseverlerle bulu\u015ftu - Kuzeyin Sesi\",\"isPartOf\":{\"@id\":\"https:\\\/\\\/kuzeyinsesi.org\\\/#website\"},\"primaryImageOfPage\":{\"@id\":\"https:\\\/\\\/kuzeyinsesi.org\\\/index.php\\\/2024\\\/06\\\/08\\\/atelier-arkinin-2024-ilkbahar-yaz-seramik-kursiyer-sergisi-arucadda-sanatseverlerle-bulustu\\\/#primaryimage\"},\"image\":{\"@id\":\"https:\\\/\\\/kuzeyinsesi.org\\\/index.php\\\/2024\\\/06\\\/08\\\/atelier-arkinin-2024-ilkbahar-yaz-seramik-kursiyer-sergisi-arucadda-sanatseverlerle-bulustu\\\/#primaryimage\"},\"thumbnailUrl\":\"https:\\\/\\\/kuzeyinsesi.org\\\/wp-content\\\/uploads\\\/2024\\\/06\\\/arucad1-1-.jpg\",\"datePublished\":\"2024-06-08T13:12:17+00:00\",\"author\":{\"@id\":\"https:\\\/\\\/kuzeyinsesi.org\\\/#\\\/schema\\\/person\\\/9f859689cdf01485597712386e37f5aa\"},\"breadcrumb\":{\"@id\":\"https:\\\/\\\/kuzeyinsesi.org\\\/index.php\\\/2024\\\/06\\\/08\\\/atelier-arkinin-2024-ilkbahar-yaz-seramik-kursiyer-sergisi-arucadda-sanatseverlerle-bulustu\\\/#breadcrumb\"},\"inLanguage\":\"tr\",\"potentialAction\":[{\"@type\":\"ReadAction\",\"target\":[\"https:\\\/\\\/kuzeyinsesi.org\\\/index.php\\\/2024\\\/06\\\/08\\\/atelier-arkinin-2024-ilkbahar-yaz-seramik-kursiyer-sergisi-arucadda-sanatseverlerle-bulustu\\\/\"]}]},{\"@type\":\"ImageObject\",\"inLanguage\":\"tr\",\"@id\":\"https:\\\/\\\/kuzeyinsesi.org\\\/index.php\\\/2024\\\/06\\\/08\\\/atelier-arkinin-2024-ilkbahar-yaz-seramik-kursiyer-sergisi-arucadda-sanatseverlerle-bulustu\\\/#primaryimage\",\"url\":\"https:\\\/\\\/kuzeyinsesi.org\\\/wp-content\\\/uploads\\\/2024\\\/06\\\/arucad1-1-.jpg\",\"contentUrl\":\"https:\\\/\\\/kuzeyinsesi.org\\\/wp-content\\\/uploads\\\/2024\\\/06\\\/arucad1-1-.jpg\",\"width\":928,\"height\":678},{\"@type\":\"BreadcrumbList\",\"@id\":\"https:\\\/\\\/kuzeyinsesi.org\\\/index.php\\\/2024\\\/06\\\/08\\\/atelier-arkinin-2024-ilkbahar-yaz-seramik-kursiyer-sergisi-arucadda-sanatseverlerle-bulustu\\\/#breadcrumb\",\"itemListElement\":[{\"@type\":\"ListItem\",\"position\":1,\"name\":\"Anasayfa\",\"item\":\"https:\\\/\\\/kuzeyinsesi.org\\\/\"},{\"@type\":\"ListItem\",\"position\":2,\"name\":\"Atelier Ark\u0131n\u2019\u0131n 2024 \u0130lkbahar-Yaz Seramik Kursiyer Sergisi ARUCAD\u2019da sanatseverlerle bulu\u015ftu\"}]},{\"@type\":\"WebSite\",\"@id\":\"https:\\\/\\\/kuzeyinsesi.org\\\/#website\",\"url\":\"https:\\\/\\\/kuzeyinsesi.org\\\/\",\"name\":\"Kuzeyin Sesi\",\"description\":\"Do\u011fru Haberin Adresi\",\"potentialAction\":[{\"@type\":\"SearchAction\",\"target\":{\"@type\":\"EntryPoint\",\"urlTemplate\":\"https:\\\/\\\/kuzeyinsesi.org\\\/?s={search_term_string}\"},\"query-input\":{\"@type\":\"PropertyValueSpecification\",\"valueRequired\":true,\"valueName\":\"search_term_string\"}}],\"inLanguage\":\"tr\"},{\"@type\":\"Person\",\"@id\":\"https:\\\/\\\/kuzeyinsesi.org\\\/#\\\/schema\\\/person\\\/9f859689cdf01485597712386e37f5aa\",\"name\":\"Kuzeyin Sesi\",\"image\":{\"@type\":\"ImageObject\",\"inLanguage\":\"tr\",\"@id\":\"https:\\\/\\\/secure.gravatar.com\\\/avatar\\\/bab33852abfd8b282518d6ed81826833d77c3c882d9ab608add591ccace47a44?s=96&d=mm&r=g\",\"url\":\"https:\\\/\\\/secure.gravatar.com\\\/avatar\\\/bab33852abfd8b282518d6ed81826833d77c3c882d9ab608add591ccace47a44?s=96&d=mm&r=g\",\"contentUrl\":\"https:\\\/\\\/secure.gravatar.com\\\/avatar\\\/bab33852abfd8b282518d6ed81826833d77c3c882d9ab608add591ccace47a44?s=96&d=mm&r=g\",\"caption\":\"Kuzeyin Sesi\"},\"sameAs\":[\"https:\\\/\\\/kuzeyinsesi.org\"],\"url\":\"https:\\\/\\\/kuzeyinsesi.org\\\/index.php\\\/author\\\/guven\\\/\"}]}<\/script>\n<!-- \/ Yoast SEO plugin. -->","yoast_head_json":{"title":"Atelier Ark\u0131n\u2019\u0131n 2024 \u0130lkbahar-Yaz Seramik Kursiyer Sergisi ARUCAD\u2019da sanatseverlerle bulu\u015ftu - Kuzeyin Sesi","robots":{"index":"index","follow":"follow","max-snippet":"max-snippet:-1","max-image-preview":"max-image-preview:large","max-video-preview":"max-video-preview:-1"},"canonical":"https:\/\/kuzeyinsesi.org\/index.php\/2024\/06\/08\/atelier-arkinin-2024-ilkbahar-yaz-seramik-kursiyer-sergisi-arucadda-sanatseverlerle-bulustu\/","og_locale":"tr_TR","og_type":"article","og_title":"Atelier Ark\u0131n\u2019\u0131n 2024 \u0130lkbahar-Yaz Seramik Kursiyer Sergisi ARUCAD\u2019da sanatseverlerle bulu\u015ftu - Kuzeyin Sesi","og_description":"Ark\u0131n Yarat\u0131c\u0131 Sanatlar ve Tasar\u0131m \u00dcniversitesi\u2019nin (ARUCAD) Ya\u015fam Boyu E\u011fitim Merkezi Atelier Ark\u0131n\u2019\u0131n 2024 \u0130lkbahar-Yaz Seramik Kursiyer Sergisi, 6 Haziran Per\u015fembe ak\u015fam\u0131 ARUCAD Kamp\u00fcs\u00fcnde d\u00fczenlenen kokteylle sanatseverlerle bulu\u015ftu. ARUCAD\u2019den verilen bilgiye g\u00f6re, sergi a\u00e7\u0131l\u0131\u015f\u0131na ARUCAD M\u00fctevelli Heyeti Ba\u015fkan\u0131 Dr. Sinan Ark\u0131n, Rekt\u00f6r\u00fc Prof. Dr. As\u0131m Vehbi ile Atelier Ark\u0131n e\u011fitmenleri, kursiyerleri ve halk kat\u0131ld\u0131. Sergiye; [&hellip;]","og_url":"https:\/\/kuzeyinsesi.org\/index.php\/2024\/06\/08\/atelier-arkinin-2024-ilkbahar-yaz-seramik-kursiyer-sergisi-arucadda-sanatseverlerle-bulustu\/","og_site_name":"Kuzeyin Sesi","article_publisher":"https:\/\/www.facebook.com\/kuzeyinsesii","article_published_time":"2024-06-08T13:12:17+00:00","og_image":[{"width":928,"height":678,"url":"https:\/\/kuzeyinsesi.org\/wp-content\/uploads\/2024\/06\/arucad1-1-.jpg","type":"image\/jpeg"}],"author":"Kuzeyin Sesi","twitter_card":"summary_large_image","twitter_creator":"@kuzeyinsesii","twitter_site":"@kuzeyinsesii","twitter_misc":{"Yazan:":"Kuzeyin Sesi","Tahmini okuma s\u00fcresi":"1 dakika"},"schema":{"@context":"https:\/\/schema.org","@graph":[{"@type":"Article","@id":"https:\/\/kuzeyinsesi.org\/index.php\/2024\/06\/08\/atelier-arkinin-2024-ilkbahar-yaz-seramik-kursiyer-sergisi-arucadda-sanatseverlerle-bulustu\/#article","isPartOf":{"@id":"https:\/\/kuzeyinsesi.org\/index.php\/2024\/06\/08\/atelier-arkinin-2024-ilkbahar-yaz-seramik-kursiyer-sergisi-arucadda-sanatseverlerle-bulustu\/"},"author":{"name":"Kuzeyin Sesi","@id":"https:\/\/kuzeyinsesi.org\/#\/schema\/person\/9f859689cdf01485597712386e37f5aa"},"headline":"Atelier Ark\u0131n\u2019\u0131n 2024 \u0130lkbahar-Yaz Seramik Kursiyer Sergisi ARUCAD\u2019da sanatseverlerle bulu\u015ftu","datePublished":"2024-06-08T13:12:17+00:00","mainEntityOfPage":{"@id":"https:\/\/kuzeyinsesi.org\/index.php\/2024\/06\/08\/atelier-arkinin-2024-ilkbahar-yaz-seramik-kursiyer-sergisi-arucadda-sanatseverlerle-bulustu\/"},"wordCount":261,"commentCount":0,"image":{"@id":"https:\/\/kuzeyinsesi.org\/index.php\/2024\/06\/08\/atelier-arkinin-2024-ilkbahar-yaz-seramik-kursiyer-sergisi-arucadda-sanatseverlerle-bulustu\/#primaryimage"},"thumbnailUrl":"https:\/\/kuzeyinsesi.org\/wp-content\/uploads\/2024\/06\/arucad1-1-.jpg","articleSection":["Ya\u015fam"],"inLanguage":"tr","potentialAction":[{"@type":"CommentAction","name":"Comment","target":["https:\/\/kuzeyinsesi.org\/index.php\/2024\/06\/08\/atelier-arkinin-2024-ilkbahar-yaz-seramik-kursiyer-sergisi-arucadda-sanatseverlerle-bulustu\/#respond"]}]},{"@type":"WebPage","@id":"https:\/\/kuzeyinsesi.org\/index.php\/2024\/06\/08\/atelier-arkinin-2024-ilkbahar-yaz-seramik-kursiyer-sergisi-arucadda-sanatseverlerle-bulustu\/","url":"https:\/\/kuzeyinsesi.org\/index.php\/2024\/06\/08\/atelier-arkinin-2024-ilkbahar-yaz-seramik-kursiyer-sergisi-arucadda-sanatseverlerle-bulustu\/","name":"Atelier Ark\u0131n\u2019\u0131n 2024 \u0130lkbahar-Yaz Seramik Kursiyer Sergisi ARUCAD\u2019da sanatseverlerle bulu\u015ftu - Kuzeyin Sesi","isPartOf":{"@id":"https:\/\/kuzeyinsesi.org\/#website"},"primaryImageOfPage":{"@id":"https:\/\/kuzeyinsesi.org\/index.php\/2024\/06\/08\/atelier-arkinin-2024-ilkbahar-yaz-seramik-kursiyer-sergisi-arucadda-sanatseverlerle-bulustu\/#primaryimage"},"image":{"@id":"https:\/\/kuzeyinsesi.org\/index.php\/2024\/06\/08\/atelier-arkinin-2024-ilkbahar-yaz-seramik-kursiyer-sergisi-arucadda-sanatseverlerle-bulustu\/#primaryimage"},"thumbnailUrl":"https:\/\/kuzeyinsesi.org\/wp-content\/uploads\/2024\/06\/arucad1-1-.jpg","datePublished":"2024-06-08T13:12:17+00:00","author":{"@id":"https:\/\/kuzeyinsesi.org\/#\/schema\/person\/9f859689cdf01485597712386e37f5aa"},"breadcrumb":{"@id":"https:\/\/kuzeyinsesi.org\/index.php\/2024\/06\/08\/atelier-arkinin-2024-ilkbahar-yaz-seramik-kursiyer-sergisi-arucadda-sanatseverlerle-bulustu\/#breadcrumb"},"inLanguage":"tr","potentialAction":[{"@type":"ReadAction","target":["https:\/\/kuzeyinsesi.org\/index.php\/2024\/06\/08\/atelier-arkinin-2024-ilkbahar-yaz-seramik-kursiyer-sergisi-arucadda-sanatseverlerle-bulustu\/"]}]},{"@type":"ImageObject","inLanguage":"tr","@id":"https:\/\/kuzeyinsesi.org\/index.php\/2024\/06\/08\/atelier-arkinin-2024-ilkbahar-yaz-seramik-kursiyer-sergisi-arucadda-sanatseverlerle-bulustu\/#primaryimage","url":"https:\/\/kuzeyinsesi.org\/wp-content\/uploads\/2024\/06\/arucad1-1-.jpg","contentUrl":"https:\/\/kuzeyinsesi.org\/wp-content\/uploads\/2024\/06\/arucad1-1-.jpg","width":928,"height":678},{"@type":"BreadcrumbList","@id":"https:\/\/kuzeyinsesi.org\/index.php\/2024\/06\/08\/atelier-arkinin-2024-ilkbahar-yaz-seramik-kursiyer-sergisi-arucadda-sanatseverlerle-bulustu\/#breadcrumb","itemListElement":[{"@type":"ListItem","position":1,"name":"Anasayfa","item":"https:\/\/kuzeyinsesi.org\/"},{"@type":"ListItem","position":2,"name":"Atelier Ark\u0131n\u2019\u0131n 2024 \u0130lkbahar-Yaz Seramik Kursiyer Sergisi ARUCAD\u2019da sanatseverlerle bulu\u015ftu"}]},{"@type":"WebSite","@id":"https:\/\/kuzeyinsesi.org\/#website","url":"https:\/\/kuzeyinsesi.org\/","name":"Kuzeyin Sesi","description":"Do\u011fru Haberin Adresi","potentialAction":[{"@type":"SearchAction","target":{"@type":"EntryPoint","urlTemplate":"https:\/\/kuzeyinsesi.org\/?s={search_term_string}"},"query-input":{"@type":"PropertyValueSpecification","valueRequired":true,"valueName":"search_term_string"}}],"inLanguage":"tr"},{"@type":"Person","@id":"https:\/\/kuzeyinsesi.org\/#\/schema\/person\/9f859689cdf01485597712386e37f5aa","name":"Kuzeyin Sesi","image":{"@type":"ImageObject","inLanguage":"tr","@id":"https:\/\/secure.gravatar.com\/avatar\/bab33852abfd8b282518d6ed81826833d77c3c882d9ab608add591ccace47a44?s=96&d=mm&r=g","url":"https:\/\/secure.gravatar.com\/avatar\/bab33852abfd8b282518d6ed81826833d77c3c882d9ab608add591ccace47a44?s=96&d=mm&r=g","contentUrl":"https:\/\/secure.gravatar.com\/avatar\/bab33852abfd8b282518d6ed81826833d77c3c882d9ab608add591ccace47a44?s=96&d=mm&r=g","caption":"Kuzeyin Sesi"},"sameAs":["https:\/\/kuzeyinsesi.org"],"url":"https:\/\/kuzeyinsesi.org\/index.php\/author\/guven\/"}]}},"_links":{"self":[{"href":"https:\/\/kuzeyinsesi.org\/index.php\/wp-json\/wp\/v2\/posts\/4387","targetHints":{"allow":["GET"]}}],"collection":[{"href":"https:\/\/kuzeyinsesi.org\/index.php\/wp-json\/wp\/v2\/posts"}],"about":[{"href":"https:\/\/kuzeyinsesi.org\/index.php\/wp-json\/wp\/v2\/types\/post"}],"author":[{"embeddable":true,"href":"https:\/\/kuzeyinsesi.org\/index.php\/wp-json\/wp\/v2\/users\/1"}],"replies":[{"embeddable":true,"href":"https:\/\/kuzeyinsesi.org\/index.php\/wp-json\/wp\/v2\/comments?post=4387"}],"version-history":[{"count":0,"href":"https:\/\/kuzeyinsesi.org\/index.php\/wp-json\/wp\/v2\/posts\/4387\/revisions"}],"wp:featuredmedia":[{"embeddable":true,"href":"https:\/\/kuzeyinsesi.org\/index.php\/wp-json\/wp\/v2\/media\/4388"}],"wp:attachment":[{"href":"https:\/\/kuzeyinsesi.org\/index.php\/wp-json\/wp\/v2\/media?parent=4387"}],"wp:term":[{"taxonomy":"category","embeddable":true,"href":"https:\/\/kuzeyinsesi.org\/index.php\/wp-json\/wp\/v2\/categories?post=4387"},{"taxonomy":"post_tag","embeddable":true,"href":"https:\/\/kuzeyinsesi.org\/index.php\/wp-json\/wp\/v2\/tags?post=4387"}],"curies":[{"name":"wp","href":"https:\/\/api.w.org\/{rel}","templated":true}]}}