{"id":4334,"date":"2024-06-07T17:47:27","date_gmt":"2024-06-07T14:47:27","guid":{"rendered":"https:\/\/kuzeyinsesi.com\/index.php\/2024\/06\/07\/moe-acik-hava-sahnesi-basina-tanitilacak\/"},"modified":"2024-06-07T17:47:27","modified_gmt":"2024-06-07T14:47:27","slug":"moe-acik-hava-sahnesi-basina-tanitilacak","status":"publish","type":"post","link":"https:\/\/kuzeyinsesi.org\/index.php\/2024\/06\/07\/moe-acik-hava-sahnesi-basina-tanitilacak\/","title":{"rendered":"\u201cMoe A\u00e7\u0131k Hava Sahnesi\u201d bas\u0131na tan\u0131t\u0131lacak"},"content":{"rendered":"<div>\n<div class=\"mariselle-image-container center\">\n                                            <\/div>\n<p>\nK\u00fclt\u00fcr Sanat K\u0131br\u0131s\u2019\u0131n (KSK) 4 bin ki\u015fi kapasiteli \u201cMoe A\u00e7\u0131k Hava Sahnesi\u201d yar\u0131n bas\u0131na tan\u0131t\u0131lacak.<\/p>\n<p>KSK taraf\u0131ndan verilen bilgiye g\u00f6re 14 Haziran- 24 Eyl\u00fcl tarihleri aras\u0131nda, tiyatro, sinema g\u00f6sterisi, konser ve yar\u0131\u015fma gibi \u00e7e\u015fitli etkinliklere ev sahipli\u011fi yapacak \u201cMoe A\u00e7\u0131k Hava Sahnesi\u201d yar\u0131n saat 10.00\u2019da Yak\u0131n Do\u011fu \u00dcniversitesi kamp\u00fcs\u00fcndeki Dorana Residence\u2019te d\u00fczenlenecek etkinlikte tan\u0131t\u0131lacak.<\/p>\n<p>Moe A\u00e7\u0131k Hava Sahnesi, Near East Bank Y\u00f6netim Kurulu Ba\u015fkan\u0131 Dr. Enver Haskasap ile Master Of Experience ve Fabric House Y\u00f6netim Kurulu \u00dcyesi Tufan Yakubo\u011flu\u2019nun hayata ge\u00e7irdi\u011fi K\u00fclt\u00fcr Sanat K\u0131br\u0131s\u2019\u0131n ilk projesi olma \u00f6zelli\u011fi ta\u015f\u0131yor.<\/p>\n<\/p><\/div>\n<p><script async\n                    defer\n                    crossorigin=\"anonymous\"\n                    src=\"https:\/\/connect.facebook.net\/tr_TR\/sdk.js#xfbml=1&#038;version=v3.3\"\n            ><\/script><\/p>\n","protected":false},"excerpt":{"rendered":"<p>K\u00fclt\u00fcr Sanat K\u0131br\u0131s\u2019\u0131n (KSK) 4 bin ki\u015fi kapasiteli \u201cMoe A\u00e7\u0131k Hava Sahnesi\u201d yar\u0131n bas\u0131na tan\u0131t\u0131lacak. KSK taraf\u0131ndan verilen bilgiye g\u00f6re 14 Haziran- 24 Eyl\u00fcl tarihleri aras\u0131nda, tiyatro, sinema g\u00f6sterisi, konser ve yar\u0131\u015fma gibi \u00e7e\u015fitli etkinliklere ev sahipli\u011fi yapacak \u201cMoe A\u00e7\u0131k Hava Sahnesi\u201d yar\u0131n saat 10.00\u2019da Yak\u0131n Do\u011fu \u00dcniversitesi kamp\u00fcs\u00fcndeki Dorana Residence\u2019te d\u00fczenlenecek etkinlikte tan\u0131t\u0131lacak. Moe [&hellip;]<\/p>\n","protected":false},"author":1,"featured_media":4335,"comment_status":"open","ping_status":"open","sticky":false,"template":"","format":"standard","meta":{"jnews-multi-image_gallery":[],"jnews_single_post":[],"jnews_primary_category":[],"jnews_social_meta":[],"jnews_override_counter":[],"footnotes":""},"categories":[6],"tags":[],"class_list":["post-4334","post","type-post","status-publish","format-standard","has-post-thumbnail","hentry","category-yasam"],"yoast_head":"<!-- This site is optimized with the Yoast SEO plugin v27.5 - https:\/\/yoast.com\/product\/yoast-seo-wordpress\/ -->\n<title>\u201cMoe A\u00e7\u0131k Hava Sahnesi\u201d bas\u0131na tan\u0131t\u0131lacak - Kuzeyin Sesi<\/title>\n<meta name=\"robots\" content=\"index, follow, max-snippet:-1, max-image-preview:large, max-video-preview:-1\" \/>\n<link rel=\"canonical\" href=\"https:\/\/kuzeyinsesi.org\/index.php\/2024\/06\/07\/moe-acik-hava-sahnesi-basina-tanitilacak\/\" \/>\n<meta property=\"og:locale\" content=\"tr_TR\" \/>\n<meta property=\"og:type\" content=\"article\" \/>\n<meta property=\"og:title\" content=\"\u201cMoe A\u00e7\u0131k Hava Sahnesi\u201d bas\u0131na tan\u0131t\u0131lacak - Kuzeyin Sesi\" \/>\n<meta property=\"og:description\" content=\"K\u00fclt\u00fcr Sanat K\u0131br\u0131s\u2019\u0131n (KSK) 4 bin ki\u015fi kapasiteli \u201cMoe A\u00e7\u0131k Hava Sahnesi\u201d yar\u0131n bas\u0131na tan\u0131t\u0131lacak. KSK taraf\u0131ndan verilen bilgiye g\u00f6re 14 Haziran- 24 Eyl\u00fcl tarihleri aras\u0131nda, tiyatro, sinema g\u00f6sterisi, konser ve yar\u0131\u015fma gibi \u00e7e\u015fitli etkinliklere ev sahipli\u011fi yapacak \u201cMoe A\u00e7\u0131k Hava Sahnesi\u201d yar\u0131n saat 10.00\u2019da Yak\u0131n Do\u011fu \u00dcniversitesi kamp\u00fcs\u00fcndeki Dorana Residence\u2019te d\u00fczenlenecek etkinlikte tan\u0131t\u0131lacak. Moe [&hellip;]\" \/>\n<meta property=\"og:url\" content=\"https:\/\/kuzeyinsesi.org\/index.php\/2024\/06\/07\/moe-acik-hava-sahnesi-basina-tanitilacak\/\" \/>\n<meta property=\"og:site_name\" content=\"Kuzeyin Sesi\" \/>\n<meta property=\"article:publisher\" content=\"https:\/\/www.facebook.com\/kuzeyinsesii\" \/>\n<meta property=\"article:published_time\" content=\"2024-06-07T14:47:27+00:00\" \/>\n<meta property=\"og:image\" content=\"https:\/\/kuzeyinsesi.org\/wp-content\/uploads\/2024\/06\/ksk-moe.jpeg\" \/>\n\t<meta property=\"og:image:width\" content=\"1280\" \/>\n\t<meta property=\"og:image:height\" content=\"720\" \/>\n\t<meta property=\"og:image:type\" content=\"image\/jpeg\" \/>\n<meta name=\"author\" content=\"Kuzeyin Sesi\" \/>\n<meta name=\"twitter:card\" content=\"summary_large_image\" \/>\n<meta name=\"twitter:creator\" content=\"@kuzeyinsesii\" \/>\n<meta name=\"twitter:site\" content=\"@kuzeyinsesii\" \/>\n<meta name=\"twitter:label1\" content=\"Yazan:\" \/>\n\t<meta name=\"twitter:data1\" content=\"Kuzeyin Sesi\" \/>\n\t<meta name=\"twitter:label2\" content=\"Tahmini okuma s\u00fcresi\" \/>\n\t<meta name=\"twitter:data2\" content=\"1 dakika\" \/>\n<script type=\"application\/ld+json\" class=\"yoast-schema-graph\">{\"@context\":\"https:\\\/\\\/schema.org\",\"@graph\":[{\"@type\":\"Article\",\"@id\":\"https:\\\/\\\/kuzeyinsesi.org\\\/index.php\\\/2024\\\/06\\\/07\\\/moe-acik-hava-sahnesi-basina-tanitilacak\\\/#article\",\"isPartOf\":{\"@id\":\"https:\\\/\\\/kuzeyinsesi.org\\\/index.php\\\/2024\\\/06\\\/07\\\/moe-acik-hava-sahnesi-basina-tanitilacak\\\/\"},\"author\":{\"name\":\"Kuzeyin Sesi\",\"@id\":\"https:\\\/\\\/kuzeyinsesi.org\\\/#\\\/schema\\\/person\\\/9f859689cdf01485597712386e37f5aa\"},\"headline\":\"\u201cMoe A\u00e7\u0131k Hava Sahnesi\u201d bas\u0131na tan\u0131t\u0131lacak\",\"datePublished\":\"2024-06-07T14:47:27+00:00\",\"mainEntityOfPage\":{\"@id\":\"https:\\\/\\\/kuzeyinsesi.org\\\/index.php\\\/2024\\\/06\\\/07\\\/moe-acik-hava-sahnesi-basina-tanitilacak\\\/\"},\"wordCount\":140,\"commentCount\":0,\"image\":{\"@id\":\"https:\\\/\\\/kuzeyinsesi.org\\\/index.php\\\/2024\\\/06\\\/07\\\/moe-acik-hava-sahnesi-basina-tanitilacak\\\/#primaryimage\"},\"thumbnailUrl\":\"https:\\\/\\\/kuzeyinsesi.org\\\/wp-content\\\/uploads\\\/2024\\\/06\\\/ksk-moe.jpeg\",\"articleSection\":[\"Ya\u015fam\"],\"inLanguage\":\"tr\",\"potentialAction\":[{\"@type\":\"CommentAction\",\"name\":\"Comment\",\"target\":[\"https:\\\/\\\/kuzeyinsesi.org\\\/index.php\\\/2024\\\/06\\\/07\\\/moe-acik-hava-sahnesi-basina-tanitilacak\\\/#respond\"]}]},{\"@type\":\"WebPage\",\"@id\":\"https:\\\/\\\/kuzeyinsesi.org\\\/index.php\\\/2024\\\/06\\\/07\\\/moe-acik-hava-sahnesi-basina-tanitilacak\\\/\",\"url\":\"https:\\\/\\\/kuzeyinsesi.org\\\/index.php\\\/2024\\\/06\\\/07\\\/moe-acik-hava-sahnesi-basina-tanitilacak\\\/\",\"name\":\"\u201cMoe A\u00e7\u0131k Hava Sahnesi\u201d bas\u0131na tan\u0131t\u0131lacak - Kuzeyin Sesi\",\"isPartOf\":{\"@id\":\"https:\\\/\\\/kuzeyinsesi.org\\\/#website\"},\"primaryImageOfPage\":{\"@id\":\"https:\\\/\\\/kuzeyinsesi.org\\\/index.php\\\/2024\\\/06\\\/07\\\/moe-acik-hava-sahnesi-basina-tanitilacak\\\/#primaryimage\"},\"image\":{\"@id\":\"https:\\\/\\\/kuzeyinsesi.org\\\/index.php\\\/2024\\\/06\\\/07\\\/moe-acik-hava-sahnesi-basina-tanitilacak\\\/#primaryimage\"},\"thumbnailUrl\":\"https:\\\/\\\/kuzeyinsesi.org\\\/wp-content\\\/uploads\\\/2024\\\/06\\\/ksk-moe.jpeg\",\"datePublished\":\"2024-06-07T14:47:27+00:00\",\"author\":{\"@id\":\"https:\\\/\\\/kuzeyinsesi.org\\\/#\\\/schema\\\/person\\\/9f859689cdf01485597712386e37f5aa\"},\"breadcrumb\":{\"@id\":\"https:\\\/\\\/kuzeyinsesi.org\\\/index.php\\\/2024\\\/06\\\/07\\\/moe-acik-hava-sahnesi-basina-tanitilacak\\\/#breadcrumb\"},\"inLanguage\":\"tr\",\"potentialAction\":[{\"@type\":\"ReadAction\",\"target\":[\"https:\\\/\\\/kuzeyinsesi.org\\\/index.php\\\/2024\\\/06\\\/07\\\/moe-acik-hava-sahnesi-basina-tanitilacak\\\/\"]}]},{\"@type\":\"ImageObject\",\"inLanguage\":\"tr\",\"@id\":\"https:\\\/\\\/kuzeyinsesi.org\\\/index.php\\\/2024\\\/06\\\/07\\\/moe-acik-hava-sahnesi-basina-tanitilacak\\\/#primaryimage\",\"url\":\"https:\\\/\\\/kuzeyinsesi.org\\\/wp-content\\\/uploads\\\/2024\\\/06\\\/ksk-moe.jpeg\",\"contentUrl\":\"https:\\\/\\\/kuzeyinsesi.org\\\/wp-content\\\/uploads\\\/2024\\\/06\\\/ksk-moe.jpeg\",\"width\":1280,\"height\":720},{\"@type\":\"BreadcrumbList\",\"@id\":\"https:\\\/\\\/kuzeyinsesi.org\\\/index.php\\\/2024\\\/06\\\/07\\\/moe-acik-hava-sahnesi-basina-tanitilacak\\\/#breadcrumb\",\"itemListElement\":[{\"@type\":\"ListItem\",\"position\":1,\"name\":\"Anasayfa\",\"item\":\"https:\\\/\\\/kuzeyinsesi.org\\\/\"},{\"@type\":\"ListItem\",\"position\":2,\"name\":\"\u201cMoe A\u00e7\u0131k Hava Sahnesi\u201d bas\u0131na tan\u0131t\u0131lacak\"}]},{\"@type\":\"WebSite\",\"@id\":\"https:\\\/\\\/kuzeyinsesi.org\\\/#website\",\"url\":\"https:\\\/\\\/kuzeyinsesi.org\\\/\",\"name\":\"Kuzeyin Sesi\",\"description\":\"Do\u011fru Haberin Adresi\",\"potentialAction\":[{\"@type\":\"SearchAction\",\"target\":{\"@type\":\"EntryPoint\",\"urlTemplate\":\"https:\\\/\\\/kuzeyinsesi.org\\\/?s={search_term_string}\"},\"query-input\":{\"@type\":\"PropertyValueSpecification\",\"valueRequired\":true,\"valueName\":\"search_term_string\"}}],\"inLanguage\":\"tr\"},{\"@type\":\"Person\",\"@id\":\"https:\\\/\\\/kuzeyinsesi.org\\\/#\\\/schema\\\/person\\\/9f859689cdf01485597712386e37f5aa\",\"name\":\"Kuzeyin Sesi\",\"image\":{\"@type\":\"ImageObject\",\"inLanguage\":\"tr\",\"@id\":\"https:\\\/\\\/secure.gravatar.com\\\/avatar\\\/bab33852abfd8b282518d6ed81826833d77c3c882d9ab608add591ccace47a44?s=96&d=mm&r=g\",\"url\":\"https:\\\/\\\/secure.gravatar.com\\\/avatar\\\/bab33852abfd8b282518d6ed81826833d77c3c882d9ab608add591ccace47a44?s=96&d=mm&r=g\",\"contentUrl\":\"https:\\\/\\\/secure.gravatar.com\\\/avatar\\\/bab33852abfd8b282518d6ed81826833d77c3c882d9ab608add591ccace47a44?s=96&d=mm&r=g\",\"caption\":\"Kuzeyin Sesi\"},\"sameAs\":[\"https:\\\/\\\/kuzeyinsesi.org\"],\"url\":\"https:\\\/\\\/kuzeyinsesi.org\\\/index.php\\\/author\\\/guven\\\/\"}]}<\/script>\n<!-- \/ Yoast SEO plugin. -->","yoast_head_json":{"title":"\u201cMoe A\u00e7\u0131k Hava Sahnesi\u201d bas\u0131na tan\u0131t\u0131lacak - Kuzeyin Sesi","robots":{"index":"index","follow":"follow","max-snippet":"max-snippet:-1","max-image-preview":"max-image-preview:large","max-video-preview":"max-video-preview:-1"},"canonical":"https:\/\/kuzeyinsesi.org\/index.php\/2024\/06\/07\/moe-acik-hava-sahnesi-basina-tanitilacak\/","og_locale":"tr_TR","og_type":"article","og_title":"\u201cMoe A\u00e7\u0131k Hava Sahnesi\u201d bas\u0131na tan\u0131t\u0131lacak - Kuzeyin Sesi","og_description":"K\u00fclt\u00fcr Sanat K\u0131br\u0131s\u2019\u0131n (KSK) 4 bin ki\u015fi kapasiteli \u201cMoe A\u00e7\u0131k Hava Sahnesi\u201d yar\u0131n bas\u0131na tan\u0131t\u0131lacak. KSK taraf\u0131ndan verilen bilgiye g\u00f6re 14 Haziran- 24 Eyl\u00fcl tarihleri aras\u0131nda, tiyatro, sinema g\u00f6sterisi, konser ve yar\u0131\u015fma gibi \u00e7e\u015fitli etkinliklere ev sahipli\u011fi yapacak \u201cMoe A\u00e7\u0131k Hava Sahnesi\u201d yar\u0131n saat 10.00\u2019da Yak\u0131n Do\u011fu \u00dcniversitesi kamp\u00fcs\u00fcndeki Dorana Residence\u2019te d\u00fczenlenecek etkinlikte tan\u0131t\u0131lacak. Moe [&hellip;]","og_url":"https:\/\/kuzeyinsesi.org\/index.php\/2024\/06\/07\/moe-acik-hava-sahnesi-basina-tanitilacak\/","og_site_name":"Kuzeyin Sesi","article_publisher":"https:\/\/www.facebook.com\/kuzeyinsesii","article_published_time":"2024-06-07T14:47:27+00:00","og_image":[{"width":1280,"height":720,"url":"https:\/\/kuzeyinsesi.org\/wp-content\/uploads\/2024\/06\/ksk-moe.jpeg","type":"image\/jpeg"}],"author":"Kuzeyin Sesi","twitter_card":"summary_large_image","twitter_creator":"@kuzeyinsesii","twitter_site":"@kuzeyinsesii","twitter_misc":{"Yazan:":"Kuzeyin Sesi","Tahmini okuma s\u00fcresi":"1 dakika"},"schema":{"@context":"https:\/\/schema.org","@graph":[{"@type":"Article","@id":"https:\/\/kuzeyinsesi.org\/index.php\/2024\/06\/07\/moe-acik-hava-sahnesi-basina-tanitilacak\/#article","isPartOf":{"@id":"https:\/\/kuzeyinsesi.org\/index.php\/2024\/06\/07\/moe-acik-hava-sahnesi-basina-tanitilacak\/"},"author":{"name":"Kuzeyin Sesi","@id":"https:\/\/kuzeyinsesi.org\/#\/schema\/person\/9f859689cdf01485597712386e37f5aa"},"headline":"\u201cMoe A\u00e7\u0131k Hava Sahnesi\u201d bas\u0131na tan\u0131t\u0131lacak","datePublished":"2024-06-07T14:47:27+00:00","mainEntityOfPage":{"@id":"https:\/\/kuzeyinsesi.org\/index.php\/2024\/06\/07\/moe-acik-hava-sahnesi-basina-tanitilacak\/"},"wordCount":140,"commentCount":0,"image":{"@id":"https:\/\/kuzeyinsesi.org\/index.php\/2024\/06\/07\/moe-acik-hava-sahnesi-basina-tanitilacak\/#primaryimage"},"thumbnailUrl":"https:\/\/kuzeyinsesi.org\/wp-content\/uploads\/2024\/06\/ksk-moe.jpeg","articleSection":["Ya\u015fam"],"inLanguage":"tr","potentialAction":[{"@type":"CommentAction","name":"Comment","target":["https:\/\/kuzeyinsesi.org\/index.php\/2024\/06\/07\/moe-acik-hava-sahnesi-basina-tanitilacak\/#respond"]}]},{"@type":"WebPage","@id":"https:\/\/kuzeyinsesi.org\/index.php\/2024\/06\/07\/moe-acik-hava-sahnesi-basina-tanitilacak\/","url":"https:\/\/kuzeyinsesi.org\/index.php\/2024\/06\/07\/moe-acik-hava-sahnesi-basina-tanitilacak\/","name":"\u201cMoe A\u00e7\u0131k Hava Sahnesi\u201d bas\u0131na tan\u0131t\u0131lacak - Kuzeyin Sesi","isPartOf":{"@id":"https:\/\/kuzeyinsesi.org\/#website"},"primaryImageOfPage":{"@id":"https:\/\/kuzeyinsesi.org\/index.php\/2024\/06\/07\/moe-acik-hava-sahnesi-basina-tanitilacak\/#primaryimage"},"image":{"@id":"https:\/\/kuzeyinsesi.org\/index.php\/2024\/06\/07\/moe-acik-hava-sahnesi-basina-tanitilacak\/#primaryimage"},"thumbnailUrl":"https:\/\/kuzeyinsesi.org\/wp-content\/uploads\/2024\/06\/ksk-moe.jpeg","datePublished":"2024-06-07T14:47:27+00:00","author":{"@id":"https:\/\/kuzeyinsesi.org\/#\/schema\/person\/9f859689cdf01485597712386e37f5aa"},"breadcrumb":{"@id":"https:\/\/kuzeyinsesi.org\/index.php\/2024\/06\/07\/moe-acik-hava-sahnesi-basina-tanitilacak\/#breadcrumb"},"inLanguage":"tr","potentialAction":[{"@type":"ReadAction","target":["https:\/\/kuzeyinsesi.org\/index.php\/2024\/06\/07\/moe-acik-hava-sahnesi-basina-tanitilacak\/"]}]},{"@type":"ImageObject","inLanguage":"tr","@id":"https:\/\/kuzeyinsesi.org\/index.php\/2024\/06\/07\/moe-acik-hava-sahnesi-basina-tanitilacak\/#primaryimage","url":"https:\/\/kuzeyinsesi.org\/wp-content\/uploads\/2024\/06\/ksk-moe.jpeg","contentUrl":"https:\/\/kuzeyinsesi.org\/wp-content\/uploads\/2024\/06\/ksk-moe.jpeg","width":1280,"height":720},{"@type":"BreadcrumbList","@id":"https:\/\/kuzeyinsesi.org\/index.php\/2024\/06\/07\/moe-acik-hava-sahnesi-basina-tanitilacak\/#breadcrumb","itemListElement":[{"@type":"ListItem","position":1,"name":"Anasayfa","item":"https:\/\/kuzeyinsesi.org\/"},{"@type":"ListItem","position":2,"name":"\u201cMoe A\u00e7\u0131k Hava Sahnesi\u201d bas\u0131na tan\u0131t\u0131lacak"}]},{"@type":"WebSite","@id":"https:\/\/kuzeyinsesi.org\/#website","url":"https:\/\/kuzeyinsesi.org\/","name":"Kuzeyin Sesi","description":"Do\u011fru Haberin Adresi","potentialAction":[{"@type":"SearchAction","target":{"@type":"EntryPoint","urlTemplate":"https:\/\/kuzeyinsesi.org\/?s={search_term_string}"},"query-input":{"@type":"PropertyValueSpecification","valueRequired":true,"valueName":"search_term_string"}}],"inLanguage":"tr"},{"@type":"Person","@id":"https:\/\/kuzeyinsesi.org\/#\/schema\/person\/9f859689cdf01485597712386e37f5aa","name":"Kuzeyin Sesi","image":{"@type":"ImageObject","inLanguage":"tr","@id":"https:\/\/secure.gravatar.com\/avatar\/bab33852abfd8b282518d6ed81826833d77c3c882d9ab608add591ccace47a44?s=96&d=mm&r=g","url":"https:\/\/secure.gravatar.com\/avatar\/bab33852abfd8b282518d6ed81826833d77c3c882d9ab608add591ccace47a44?s=96&d=mm&r=g","contentUrl":"https:\/\/secure.gravatar.com\/avatar\/bab33852abfd8b282518d6ed81826833d77c3c882d9ab608add591ccace47a44?s=96&d=mm&r=g","caption":"Kuzeyin Sesi"},"sameAs":["https:\/\/kuzeyinsesi.org"],"url":"https:\/\/kuzeyinsesi.org\/index.php\/author\/guven\/"}]}},"_links":{"self":[{"href":"https:\/\/kuzeyinsesi.org\/index.php\/wp-json\/wp\/v2\/posts\/4334","targetHints":{"allow":["GET"]}}],"collection":[{"href":"https:\/\/kuzeyinsesi.org\/index.php\/wp-json\/wp\/v2\/posts"}],"about":[{"href":"https:\/\/kuzeyinsesi.org\/index.php\/wp-json\/wp\/v2\/types\/post"}],"author":[{"embeddable":true,"href":"https:\/\/kuzeyinsesi.org\/index.php\/wp-json\/wp\/v2\/users\/1"}],"replies":[{"embeddable":true,"href":"https:\/\/kuzeyinsesi.org\/index.php\/wp-json\/wp\/v2\/comments?post=4334"}],"version-history":[{"count":0,"href":"https:\/\/kuzeyinsesi.org\/index.php\/wp-json\/wp\/v2\/posts\/4334\/revisions"}],"wp:featuredmedia":[{"embeddable":true,"href":"https:\/\/kuzeyinsesi.org\/index.php\/wp-json\/wp\/v2\/media\/4335"}],"wp:attachment":[{"href":"https:\/\/kuzeyinsesi.org\/index.php\/wp-json\/wp\/v2\/media?parent=4334"}],"wp:term":[{"taxonomy":"category","embeddable":true,"href":"https:\/\/kuzeyinsesi.org\/index.php\/wp-json\/wp\/v2\/categories?post=4334"},{"taxonomy":"post_tag","embeddable":true,"href":"https:\/\/kuzeyinsesi.org\/index.php\/wp-json\/wp\/v2\/tags?post=4334"}],"curies":[{"name":"wp","href":"https:\/\/api.w.org\/{rel}","templated":true}]}}