{"id":4195,"date":"2024-06-05T19:54:08","date_gmt":"2024-06-05T16:54:08","guid":{"rendered":"https:\/\/kuzeyinsesi.com\/index.php\/2024\/06\/05\/fogemin-16-uluslararasi-yaz-sevinci-cocuk-festivalinin-acilis-gosterileri-dun-aksam-yapildi\/"},"modified":"2024-06-05T19:54:08","modified_gmt":"2024-06-05T16:54:08","slug":"fogemin-16-uluslararasi-yaz-sevinci-cocuk-festivalinin-acilis-gosterileri-dun-aksam-yapildi","status":"publish","type":"post","link":"https:\/\/kuzeyinsesi.org\/index.php\/2024\/06\/05\/fogemin-16-uluslararasi-yaz-sevinci-cocuk-festivalinin-acilis-gosterileri-dun-aksam-yapildi\/","title":{"rendered":"FOGEM\u2019in 16. Uluslararas\u0131 Yaz Sevinci \u00c7ocuk Festivali\u2019nin a\u00e7\u0131l\u0131\u015f g\u00f6sterileri d\u00fcn ak\u015fam yap\u0131ld\u0131"},"content":{"rendered":"<div>\n<div class=\"mariselle-image-container center\">\n                                            <\/div>\n<p>Folklor ve Gen\u00e7lik Merkezi\u2019nin (FOGEM) 16. Uluslararas\u0131 Yaz Sevinci \u00c7ocuk Festivali\u2019nin a\u00e7\u0131l\u0131\u015f g\u00f6sterileri d\u00fcn ak\u015fam yap\u0131ld\u0131.   <\/p>\n<p>Bu y\u0131l 16. ger\u00e7ekle\u015ftirilen Uluslararas\u0131 Yaz Sevinci \u00c7ocuk Festivali kapsam\u0131nda T\u00fcrkiye, K\u0131rg\u0131zistan, Bulgaristan, Ukrayna ve Kazakistan\u2019dan gelen konuk gruplar yan\u0131nda FOGEM\u2019in \u00fc\u00e7 farkl\u0131 ya\u015flardaki \u00e7ocuk ekibi Dr. Faz\u0131l K\u00fc\u00e7\u00fck Park\u0131\u2019nda toplanarak, kortej ger\u00e7ekle\u015ftirdi.<\/p>\n<p>Lefko\u015fa K\u0131z\u0131lba\u015f Park\u0131\u2019na y\u00fcr\u00fcyen ekipler, burada g\u00f6sterileni sundu.  <\/p>\n<p>Festival kapsam\u0131nda ekipler, Girne, Dikmen, Beyarmudu ve \u00c7atalk\u00f6y\u2019de de g\u00f6steri sunacak. Festival kapsam\u0131nda 7 Haziran Cuma ak\u015fam\u0131 ise Girne Liman\u0131\u2019nda \u201cFogem ile Yaz, Bembeyaz\u201d etkinli\u011fi yap\u0131lacak.<\/p>\n<\/p><\/div>\n<p><script async\n                    defer\n                    crossorigin=\"anonymous\"\n                    src=\"https:\/\/connect.facebook.net\/tr_TR\/sdk.js#xfbml=1&#038;version=v3.3\"\n            ><\/script><\/p>\n","protected":false},"excerpt":{"rendered":"<p>Folklor ve Gen\u00e7lik Merkezi\u2019nin (FOGEM) 16. Uluslararas\u0131 Yaz Sevinci \u00c7ocuk Festivali\u2019nin a\u00e7\u0131l\u0131\u015f g\u00f6sterileri d\u00fcn ak\u015fam yap\u0131ld\u0131. Bu y\u0131l 16. ger\u00e7ekle\u015ftirilen Uluslararas\u0131 Yaz Sevinci \u00c7ocuk Festivali kapsam\u0131nda T\u00fcrkiye, K\u0131rg\u0131zistan, Bulgaristan, Ukrayna ve Kazakistan\u2019dan gelen konuk gruplar yan\u0131nda FOGEM\u2019in \u00fc\u00e7 farkl\u0131 ya\u015flardaki \u00e7ocuk ekibi Dr. Faz\u0131l K\u00fc\u00e7\u00fck Park\u0131\u2019nda toplanarak, kortej ger\u00e7ekle\u015ftirdi. Lefko\u015fa K\u0131z\u0131lba\u015f Park\u0131\u2019na y\u00fcr\u00fcyen ekipler, burada [&hellip;]<\/p>\n","protected":false},"author":1,"featured_media":4196,"comment_status":"open","ping_status":"open","sticky":false,"template":"","format":"standard","meta":{"jnews-multi-image_gallery":[],"jnews_single_post":[],"jnews_primary_category":[],"jnews_social_meta":[],"jnews_override_counter":[],"footnotes":""},"categories":[6],"tags":[],"class_list":["post-4195","post","type-post","status-publish","format-standard","has-post-thumbnail","hentry","category-yasam"],"yoast_head":"<!-- This site is optimized with the Yoast SEO plugin v27.5 - https:\/\/yoast.com\/product\/yoast-seo-wordpress\/ -->\n<title>FOGEM\u2019in 16. Uluslararas\u0131 Yaz Sevinci \u00c7ocuk Festivali\u2019nin a\u00e7\u0131l\u0131\u015f g\u00f6sterileri d\u00fcn ak\u015fam yap\u0131ld\u0131 - Kuzeyin Sesi<\/title>\n<meta name=\"robots\" content=\"index, follow, max-snippet:-1, max-image-preview:large, max-video-preview:-1\" \/>\n<link rel=\"canonical\" href=\"https:\/\/kuzeyinsesi.org\/index.php\/2024\/06\/05\/fogemin-16-uluslararasi-yaz-sevinci-cocuk-festivalinin-acilis-gosterileri-dun-aksam-yapildi\/\" \/>\n<meta property=\"og:locale\" content=\"tr_TR\" \/>\n<meta property=\"og:type\" content=\"article\" \/>\n<meta property=\"og:title\" content=\"FOGEM\u2019in 16. Uluslararas\u0131 Yaz Sevinci \u00c7ocuk Festivali\u2019nin a\u00e7\u0131l\u0131\u015f g\u00f6sterileri d\u00fcn ak\u015fam yap\u0131ld\u0131 - Kuzeyin Sesi\" \/>\n<meta property=\"og:description\" content=\"Folklor ve Gen\u00e7lik Merkezi\u2019nin (FOGEM) 16. Uluslararas\u0131 Yaz Sevinci \u00c7ocuk Festivali\u2019nin a\u00e7\u0131l\u0131\u015f g\u00f6sterileri d\u00fcn ak\u015fam yap\u0131ld\u0131. Bu y\u0131l 16. ger\u00e7ekle\u015ftirilen Uluslararas\u0131 Yaz Sevinci \u00c7ocuk Festivali kapsam\u0131nda T\u00fcrkiye, K\u0131rg\u0131zistan, Bulgaristan, Ukrayna ve Kazakistan\u2019dan gelen konuk gruplar yan\u0131nda FOGEM\u2019in \u00fc\u00e7 farkl\u0131 ya\u015flardaki \u00e7ocuk ekibi Dr. Faz\u0131l K\u00fc\u00e7\u00fck Park\u0131\u2019nda toplanarak, kortej ger\u00e7ekle\u015ftirdi. Lefko\u015fa K\u0131z\u0131lba\u015f Park\u0131\u2019na y\u00fcr\u00fcyen ekipler, burada [&hellip;]\" \/>\n<meta property=\"og:url\" content=\"https:\/\/kuzeyinsesi.org\/index.php\/2024\/06\/05\/fogemin-16-uluslararasi-yaz-sevinci-cocuk-festivalinin-acilis-gosterileri-dun-aksam-yapildi\/\" \/>\n<meta property=\"og:site_name\" content=\"Kuzeyin Sesi\" \/>\n<meta property=\"article:publisher\" content=\"https:\/\/www.facebook.com\/kuzeyinsesii\" \/>\n<meta property=\"article:published_time\" content=\"2024-06-05T16:54:08+00:00\" \/>\n<meta property=\"og:image\" content=\"https:\/\/kuzeyinsesi.org\/wp-content\/uploads\/2024\/06\/AF2.jpg\" \/>\n\t<meta property=\"og:image:width\" content=\"1600\" \/>\n\t<meta property=\"og:image:height\" content=\"1200\" \/>\n\t<meta property=\"og:image:type\" content=\"image\/jpeg\" \/>\n<meta name=\"author\" content=\"Kuzeyin Sesi\" \/>\n<meta name=\"twitter:card\" content=\"summary_large_image\" \/>\n<meta name=\"twitter:creator\" content=\"@kuzeyinsesii\" \/>\n<meta name=\"twitter:site\" content=\"@kuzeyinsesii\" \/>\n<meta name=\"twitter:label1\" content=\"Yazan:\" \/>\n\t<meta name=\"twitter:data1\" content=\"Kuzeyin Sesi\" \/>\n\t<meta name=\"twitter:label2\" content=\"Tahmini okuma s\u00fcresi\" \/>\n\t<meta name=\"twitter:data2\" content=\"1 dakika\" \/>\n<script type=\"application\/ld+json\" class=\"yoast-schema-graph\">{\"@context\":\"https:\\\/\\\/schema.org\",\"@graph\":[{\"@type\":\"Article\",\"@id\":\"https:\\\/\\\/kuzeyinsesi.org\\\/index.php\\\/2024\\\/06\\\/05\\\/fogemin-16-uluslararasi-yaz-sevinci-cocuk-festivalinin-acilis-gosterileri-dun-aksam-yapildi\\\/#article\",\"isPartOf\":{\"@id\":\"https:\\\/\\\/kuzeyinsesi.org\\\/index.php\\\/2024\\\/06\\\/05\\\/fogemin-16-uluslararasi-yaz-sevinci-cocuk-festivalinin-acilis-gosterileri-dun-aksam-yapildi\\\/\"},\"author\":{\"name\":\"Kuzeyin Sesi\",\"@id\":\"https:\\\/\\\/kuzeyinsesi.org\\\/#\\\/schema\\\/person\\\/9f859689cdf01485597712386e37f5aa\"},\"headline\":\"FOGEM\u2019in 16. Uluslararas\u0131 Yaz Sevinci \u00c7ocuk Festivali\u2019nin a\u00e7\u0131l\u0131\u015f g\u00f6sterileri d\u00fcn ak\u015fam yap\u0131ld\u0131\",\"datePublished\":\"2024-06-05T16:54:08+00:00\",\"mainEntityOfPage\":{\"@id\":\"https:\\\/\\\/kuzeyinsesi.org\\\/index.php\\\/2024\\\/06\\\/05\\\/fogemin-16-uluslararasi-yaz-sevinci-cocuk-festivalinin-acilis-gosterileri-dun-aksam-yapildi\\\/\"},\"wordCount\":137,\"commentCount\":0,\"image\":{\"@id\":\"https:\\\/\\\/kuzeyinsesi.org\\\/index.php\\\/2024\\\/06\\\/05\\\/fogemin-16-uluslararasi-yaz-sevinci-cocuk-festivalinin-acilis-gosterileri-dun-aksam-yapildi\\\/#primaryimage\"},\"thumbnailUrl\":\"https:\\\/\\\/kuzeyinsesi.org\\\/wp-content\\\/uploads\\\/2024\\\/06\\\/AF2.jpg\",\"articleSection\":[\"Ya\u015fam\"],\"inLanguage\":\"tr\",\"potentialAction\":[{\"@type\":\"CommentAction\",\"name\":\"Comment\",\"target\":[\"https:\\\/\\\/kuzeyinsesi.org\\\/index.php\\\/2024\\\/06\\\/05\\\/fogemin-16-uluslararasi-yaz-sevinci-cocuk-festivalinin-acilis-gosterileri-dun-aksam-yapildi\\\/#respond\"]}]},{\"@type\":\"WebPage\",\"@id\":\"https:\\\/\\\/kuzeyinsesi.org\\\/index.php\\\/2024\\\/06\\\/05\\\/fogemin-16-uluslararasi-yaz-sevinci-cocuk-festivalinin-acilis-gosterileri-dun-aksam-yapildi\\\/\",\"url\":\"https:\\\/\\\/kuzeyinsesi.org\\\/index.php\\\/2024\\\/06\\\/05\\\/fogemin-16-uluslararasi-yaz-sevinci-cocuk-festivalinin-acilis-gosterileri-dun-aksam-yapildi\\\/\",\"name\":\"FOGEM\u2019in 16. Uluslararas\u0131 Yaz Sevinci \u00c7ocuk Festivali\u2019nin a\u00e7\u0131l\u0131\u015f g\u00f6sterileri d\u00fcn ak\u015fam yap\u0131ld\u0131 - Kuzeyin Sesi\",\"isPartOf\":{\"@id\":\"https:\\\/\\\/kuzeyinsesi.org\\\/#website\"},\"primaryImageOfPage\":{\"@id\":\"https:\\\/\\\/kuzeyinsesi.org\\\/index.php\\\/2024\\\/06\\\/05\\\/fogemin-16-uluslararasi-yaz-sevinci-cocuk-festivalinin-acilis-gosterileri-dun-aksam-yapildi\\\/#primaryimage\"},\"image\":{\"@id\":\"https:\\\/\\\/kuzeyinsesi.org\\\/index.php\\\/2024\\\/06\\\/05\\\/fogemin-16-uluslararasi-yaz-sevinci-cocuk-festivalinin-acilis-gosterileri-dun-aksam-yapildi\\\/#primaryimage\"},\"thumbnailUrl\":\"https:\\\/\\\/kuzeyinsesi.org\\\/wp-content\\\/uploads\\\/2024\\\/06\\\/AF2.jpg\",\"datePublished\":\"2024-06-05T16:54:08+00:00\",\"author\":{\"@id\":\"https:\\\/\\\/kuzeyinsesi.org\\\/#\\\/schema\\\/person\\\/9f859689cdf01485597712386e37f5aa\"},\"breadcrumb\":{\"@id\":\"https:\\\/\\\/kuzeyinsesi.org\\\/index.php\\\/2024\\\/06\\\/05\\\/fogemin-16-uluslararasi-yaz-sevinci-cocuk-festivalinin-acilis-gosterileri-dun-aksam-yapildi\\\/#breadcrumb\"},\"inLanguage\":\"tr\",\"potentialAction\":[{\"@type\":\"ReadAction\",\"target\":[\"https:\\\/\\\/kuzeyinsesi.org\\\/index.php\\\/2024\\\/06\\\/05\\\/fogemin-16-uluslararasi-yaz-sevinci-cocuk-festivalinin-acilis-gosterileri-dun-aksam-yapildi\\\/\"]}]},{\"@type\":\"ImageObject\",\"inLanguage\":\"tr\",\"@id\":\"https:\\\/\\\/kuzeyinsesi.org\\\/index.php\\\/2024\\\/06\\\/05\\\/fogemin-16-uluslararasi-yaz-sevinci-cocuk-festivalinin-acilis-gosterileri-dun-aksam-yapildi\\\/#primaryimage\",\"url\":\"https:\\\/\\\/kuzeyinsesi.org\\\/wp-content\\\/uploads\\\/2024\\\/06\\\/AF2.jpg\",\"contentUrl\":\"https:\\\/\\\/kuzeyinsesi.org\\\/wp-content\\\/uploads\\\/2024\\\/06\\\/AF2.jpg\",\"width\":1600,\"height\":1200},{\"@type\":\"BreadcrumbList\",\"@id\":\"https:\\\/\\\/kuzeyinsesi.org\\\/index.php\\\/2024\\\/06\\\/05\\\/fogemin-16-uluslararasi-yaz-sevinci-cocuk-festivalinin-acilis-gosterileri-dun-aksam-yapildi\\\/#breadcrumb\",\"itemListElement\":[{\"@type\":\"ListItem\",\"position\":1,\"name\":\"Anasayfa\",\"item\":\"https:\\\/\\\/kuzeyinsesi.org\\\/\"},{\"@type\":\"ListItem\",\"position\":2,\"name\":\"FOGEM\u2019in 16. Uluslararas\u0131 Yaz Sevinci \u00c7ocuk Festivali\u2019nin a\u00e7\u0131l\u0131\u015f g\u00f6sterileri d\u00fcn ak\u015fam yap\u0131ld\u0131\"}]},{\"@type\":\"WebSite\",\"@id\":\"https:\\\/\\\/kuzeyinsesi.org\\\/#website\",\"url\":\"https:\\\/\\\/kuzeyinsesi.org\\\/\",\"name\":\"Kuzeyin Sesi\",\"description\":\"Do\u011fru Haberin Adresi\",\"potentialAction\":[{\"@type\":\"SearchAction\",\"target\":{\"@type\":\"EntryPoint\",\"urlTemplate\":\"https:\\\/\\\/kuzeyinsesi.org\\\/?s={search_term_string}\"},\"query-input\":{\"@type\":\"PropertyValueSpecification\",\"valueRequired\":true,\"valueName\":\"search_term_string\"}}],\"inLanguage\":\"tr\"},{\"@type\":\"Person\",\"@id\":\"https:\\\/\\\/kuzeyinsesi.org\\\/#\\\/schema\\\/person\\\/9f859689cdf01485597712386e37f5aa\",\"name\":\"Kuzeyin Sesi\",\"image\":{\"@type\":\"ImageObject\",\"inLanguage\":\"tr\",\"@id\":\"https:\\\/\\\/secure.gravatar.com\\\/avatar\\\/bab33852abfd8b282518d6ed81826833d77c3c882d9ab608add591ccace47a44?s=96&d=mm&r=g\",\"url\":\"https:\\\/\\\/secure.gravatar.com\\\/avatar\\\/bab33852abfd8b282518d6ed81826833d77c3c882d9ab608add591ccace47a44?s=96&d=mm&r=g\",\"contentUrl\":\"https:\\\/\\\/secure.gravatar.com\\\/avatar\\\/bab33852abfd8b282518d6ed81826833d77c3c882d9ab608add591ccace47a44?s=96&d=mm&r=g\",\"caption\":\"Kuzeyin Sesi\"},\"sameAs\":[\"https:\\\/\\\/kuzeyinsesi.org\"],\"url\":\"https:\\\/\\\/kuzeyinsesi.org\\\/index.php\\\/author\\\/guven\\\/\"}]}<\/script>\n<!-- \/ Yoast SEO plugin. -->","yoast_head_json":{"title":"FOGEM\u2019in 16. Uluslararas\u0131 Yaz Sevinci \u00c7ocuk Festivali\u2019nin a\u00e7\u0131l\u0131\u015f g\u00f6sterileri d\u00fcn ak\u015fam yap\u0131ld\u0131 - Kuzeyin Sesi","robots":{"index":"index","follow":"follow","max-snippet":"max-snippet:-1","max-image-preview":"max-image-preview:large","max-video-preview":"max-video-preview:-1"},"canonical":"https:\/\/kuzeyinsesi.org\/index.php\/2024\/06\/05\/fogemin-16-uluslararasi-yaz-sevinci-cocuk-festivalinin-acilis-gosterileri-dun-aksam-yapildi\/","og_locale":"tr_TR","og_type":"article","og_title":"FOGEM\u2019in 16. Uluslararas\u0131 Yaz Sevinci \u00c7ocuk Festivali\u2019nin a\u00e7\u0131l\u0131\u015f g\u00f6sterileri d\u00fcn ak\u015fam yap\u0131ld\u0131 - Kuzeyin Sesi","og_description":"Folklor ve Gen\u00e7lik Merkezi\u2019nin (FOGEM) 16. Uluslararas\u0131 Yaz Sevinci \u00c7ocuk Festivali\u2019nin a\u00e7\u0131l\u0131\u015f g\u00f6sterileri d\u00fcn ak\u015fam yap\u0131ld\u0131. Bu y\u0131l 16. ger\u00e7ekle\u015ftirilen Uluslararas\u0131 Yaz Sevinci \u00c7ocuk Festivali kapsam\u0131nda T\u00fcrkiye, K\u0131rg\u0131zistan, Bulgaristan, Ukrayna ve Kazakistan\u2019dan gelen konuk gruplar yan\u0131nda FOGEM\u2019in \u00fc\u00e7 farkl\u0131 ya\u015flardaki \u00e7ocuk ekibi Dr. Faz\u0131l K\u00fc\u00e7\u00fck Park\u0131\u2019nda toplanarak, kortej ger\u00e7ekle\u015ftirdi. Lefko\u015fa K\u0131z\u0131lba\u015f Park\u0131\u2019na y\u00fcr\u00fcyen ekipler, burada [&hellip;]","og_url":"https:\/\/kuzeyinsesi.org\/index.php\/2024\/06\/05\/fogemin-16-uluslararasi-yaz-sevinci-cocuk-festivalinin-acilis-gosterileri-dun-aksam-yapildi\/","og_site_name":"Kuzeyin Sesi","article_publisher":"https:\/\/www.facebook.com\/kuzeyinsesii","article_published_time":"2024-06-05T16:54:08+00:00","og_image":[{"width":1600,"height":1200,"url":"https:\/\/kuzeyinsesi.org\/wp-content\/uploads\/2024\/06\/AF2.jpg","type":"image\/jpeg"}],"author":"Kuzeyin Sesi","twitter_card":"summary_large_image","twitter_creator":"@kuzeyinsesii","twitter_site":"@kuzeyinsesii","twitter_misc":{"Yazan:":"Kuzeyin Sesi","Tahmini okuma s\u00fcresi":"1 dakika"},"schema":{"@context":"https:\/\/schema.org","@graph":[{"@type":"Article","@id":"https:\/\/kuzeyinsesi.org\/index.php\/2024\/06\/05\/fogemin-16-uluslararasi-yaz-sevinci-cocuk-festivalinin-acilis-gosterileri-dun-aksam-yapildi\/#article","isPartOf":{"@id":"https:\/\/kuzeyinsesi.org\/index.php\/2024\/06\/05\/fogemin-16-uluslararasi-yaz-sevinci-cocuk-festivalinin-acilis-gosterileri-dun-aksam-yapildi\/"},"author":{"name":"Kuzeyin Sesi","@id":"https:\/\/kuzeyinsesi.org\/#\/schema\/person\/9f859689cdf01485597712386e37f5aa"},"headline":"FOGEM\u2019in 16. Uluslararas\u0131 Yaz Sevinci \u00c7ocuk Festivali\u2019nin a\u00e7\u0131l\u0131\u015f g\u00f6sterileri d\u00fcn ak\u015fam yap\u0131ld\u0131","datePublished":"2024-06-05T16:54:08+00:00","mainEntityOfPage":{"@id":"https:\/\/kuzeyinsesi.org\/index.php\/2024\/06\/05\/fogemin-16-uluslararasi-yaz-sevinci-cocuk-festivalinin-acilis-gosterileri-dun-aksam-yapildi\/"},"wordCount":137,"commentCount":0,"image":{"@id":"https:\/\/kuzeyinsesi.org\/index.php\/2024\/06\/05\/fogemin-16-uluslararasi-yaz-sevinci-cocuk-festivalinin-acilis-gosterileri-dun-aksam-yapildi\/#primaryimage"},"thumbnailUrl":"https:\/\/kuzeyinsesi.org\/wp-content\/uploads\/2024\/06\/AF2.jpg","articleSection":["Ya\u015fam"],"inLanguage":"tr","potentialAction":[{"@type":"CommentAction","name":"Comment","target":["https:\/\/kuzeyinsesi.org\/index.php\/2024\/06\/05\/fogemin-16-uluslararasi-yaz-sevinci-cocuk-festivalinin-acilis-gosterileri-dun-aksam-yapildi\/#respond"]}]},{"@type":"WebPage","@id":"https:\/\/kuzeyinsesi.org\/index.php\/2024\/06\/05\/fogemin-16-uluslararasi-yaz-sevinci-cocuk-festivalinin-acilis-gosterileri-dun-aksam-yapildi\/","url":"https:\/\/kuzeyinsesi.org\/index.php\/2024\/06\/05\/fogemin-16-uluslararasi-yaz-sevinci-cocuk-festivalinin-acilis-gosterileri-dun-aksam-yapildi\/","name":"FOGEM\u2019in 16. Uluslararas\u0131 Yaz Sevinci \u00c7ocuk Festivali\u2019nin a\u00e7\u0131l\u0131\u015f g\u00f6sterileri d\u00fcn ak\u015fam yap\u0131ld\u0131 - Kuzeyin Sesi","isPartOf":{"@id":"https:\/\/kuzeyinsesi.org\/#website"},"primaryImageOfPage":{"@id":"https:\/\/kuzeyinsesi.org\/index.php\/2024\/06\/05\/fogemin-16-uluslararasi-yaz-sevinci-cocuk-festivalinin-acilis-gosterileri-dun-aksam-yapildi\/#primaryimage"},"image":{"@id":"https:\/\/kuzeyinsesi.org\/index.php\/2024\/06\/05\/fogemin-16-uluslararasi-yaz-sevinci-cocuk-festivalinin-acilis-gosterileri-dun-aksam-yapildi\/#primaryimage"},"thumbnailUrl":"https:\/\/kuzeyinsesi.org\/wp-content\/uploads\/2024\/06\/AF2.jpg","datePublished":"2024-06-05T16:54:08+00:00","author":{"@id":"https:\/\/kuzeyinsesi.org\/#\/schema\/person\/9f859689cdf01485597712386e37f5aa"},"breadcrumb":{"@id":"https:\/\/kuzeyinsesi.org\/index.php\/2024\/06\/05\/fogemin-16-uluslararasi-yaz-sevinci-cocuk-festivalinin-acilis-gosterileri-dun-aksam-yapildi\/#breadcrumb"},"inLanguage":"tr","potentialAction":[{"@type":"ReadAction","target":["https:\/\/kuzeyinsesi.org\/index.php\/2024\/06\/05\/fogemin-16-uluslararasi-yaz-sevinci-cocuk-festivalinin-acilis-gosterileri-dun-aksam-yapildi\/"]}]},{"@type":"ImageObject","inLanguage":"tr","@id":"https:\/\/kuzeyinsesi.org\/index.php\/2024\/06\/05\/fogemin-16-uluslararasi-yaz-sevinci-cocuk-festivalinin-acilis-gosterileri-dun-aksam-yapildi\/#primaryimage","url":"https:\/\/kuzeyinsesi.org\/wp-content\/uploads\/2024\/06\/AF2.jpg","contentUrl":"https:\/\/kuzeyinsesi.org\/wp-content\/uploads\/2024\/06\/AF2.jpg","width":1600,"height":1200},{"@type":"BreadcrumbList","@id":"https:\/\/kuzeyinsesi.org\/index.php\/2024\/06\/05\/fogemin-16-uluslararasi-yaz-sevinci-cocuk-festivalinin-acilis-gosterileri-dun-aksam-yapildi\/#breadcrumb","itemListElement":[{"@type":"ListItem","position":1,"name":"Anasayfa","item":"https:\/\/kuzeyinsesi.org\/"},{"@type":"ListItem","position":2,"name":"FOGEM\u2019in 16. Uluslararas\u0131 Yaz Sevinci \u00c7ocuk Festivali\u2019nin a\u00e7\u0131l\u0131\u015f g\u00f6sterileri d\u00fcn ak\u015fam yap\u0131ld\u0131"}]},{"@type":"WebSite","@id":"https:\/\/kuzeyinsesi.org\/#website","url":"https:\/\/kuzeyinsesi.org\/","name":"Kuzeyin Sesi","description":"Do\u011fru Haberin Adresi","potentialAction":[{"@type":"SearchAction","target":{"@type":"EntryPoint","urlTemplate":"https:\/\/kuzeyinsesi.org\/?s={search_term_string}"},"query-input":{"@type":"PropertyValueSpecification","valueRequired":true,"valueName":"search_term_string"}}],"inLanguage":"tr"},{"@type":"Person","@id":"https:\/\/kuzeyinsesi.org\/#\/schema\/person\/9f859689cdf01485597712386e37f5aa","name":"Kuzeyin Sesi","image":{"@type":"ImageObject","inLanguage":"tr","@id":"https:\/\/secure.gravatar.com\/avatar\/bab33852abfd8b282518d6ed81826833d77c3c882d9ab608add591ccace47a44?s=96&d=mm&r=g","url":"https:\/\/secure.gravatar.com\/avatar\/bab33852abfd8b282518d6ed81826833d77c3c882d9ab608add591ccace47a44?s=96&d=mm&r=g","contentUrl":"https:\/\/secure.gravatar.com\/avatar\/bab33852abfd8b282518d6ed81826833d77c3c882d9ab608add591ccace47a44?s=96&d=mm&r=g","caption":"Kuzeyin Sesi"},"sameAs":["https:\/\/kuzeyinsesi.org"],"url":"https:\/\/kuzeyinsesi.org\/index.php\/author\/guven\/"}]}},"_links":{"self":[{"href":"https:\/\/kuzeyinsesi.org\/index.php\/wp-json\/wp\/v2\/posts\/4195","targetHints":{"allow":["GET"]}}],"collection":[{"href":"https:\/\/kuzeyinsesi.org\/index.php\/wp-json\/wp\/v2\/posts"}],"about":[{"href":"https:\/\/kuzeyinsesi.org\/index.php\/wp-json\/wp\/v2\/types\/post"}],"author":[{"embeddable":true,"href":"https:\/\/kuzeyinsesi.org\/index.php\/wp-json\/wp\/v2\/users\/1"}],"replies":[{"embeddable":true,"href":"https:\/\/kuzeyinsesi.org\/index.php\/wp-json\/wp\/v2\/comments?post=4195"}],"version-history":[{"count":0,"href":"https:\/\/kuzeyinsesi.org\/index.php\/wp-json\/wp\/v2\/posts\/4195\/revisions"}],"wp:featuredmedia":[{"embeddable":true,"href":"https:\/\/kuzeyinsesi.org\/index.php\/wp-json\/wp\/v2\/media\/4196"}],"wp:attachment":[{"href":"https:\/\/kuzeyinsesi.org\/index.php\/wp-json\/wp\/v2\/media?parent=4195"}],"wp:term":[{"taxonomy":"category","embeddable":true,"href":"https:\/\/kuzeyinsesi.org\/index.php\/wp-json\/wp\/v2\/categories?post=4195"},{"taxonomy":"post_tag","embeddable":true,"href":"https:\/\/kuzeyinsesi.org\/index.php\/wp-json\/wp\/v2\/tags?post=4195"}],"curies":[{"name":"wp","href":"https:\/\/api.w.org\/{rel}","templated":true}]}}