{"id":4171,"date":"2024-06-05T15:50:02","date_gmt":"2024-06-05T12:50:02","guid":{"rendered":"https:\/\/kuzeyinsesi.com\/index.php\/2024\/06\/05\/koder-24-belgeseli-olacak-suna-erensu-belgeseli-cekimlerine-basladi\/"},"modified":"2024-06-05T15:50:02","modified_gmt":"2024-06-05T12:50:02","slug":"koder-24-belgeseli-olacak-suna-erensu-belgeseli-cekimlerine-basladi","status":"publish","type":"post","link":"https:\/\/kuzeyinsesi.org\/index.php\/2024\/06\/05\/koder-24-belgeseli-olacak-suna-erensu-belgeseli-cekimlerine-basladi\/","title":{"rendered":"K\u00d6DER, 24. belgeseli olacak Suna Erensu belgeseli \u00e7ekimlerine ba\u015flad\u0131"},"content":{"rendered":"<div>\n<div class=\"mariselle-image-container center\">\n                                            <\/div>\n<p> K\u0131br\u0131s Kad\u0131n \u00d6yk\u00fcleri Derne\u011fi\u2019nin (K\u00d6DER) \u201cHayat\u0131m\u0131za De\u011fer Katan Kad\u0131nlar\u0131m\u0131z\u201d adl\u0131 kitap serisi \u00e7al\u0131\u015fmalar\u0131n\u0131 s\u00fcrd\u00fcr\u00fcrken bir yandan da belgesel \u00e7ekimlerine devam etti\u011fi bildirildi.<\/p>\n<p>Dernekten yap\u0131lan a\u00e7\u0131klamada, belgesel yap\u0131m serisinin 24. filmi olan i\u015f insan\u0131 Suna Erensu belgeselinin \u00e7ekimlerine hafta i\u00e7inde ba\u015flad\u0131\u011f\u0131 kaydedildi.<\/p>\n<p>Belgeselde, \u201cErensu\u2019nun \u00e7al\u0131\u015fkanl\u0131\u011f\u0131, d\u00fcr\u00fcstl\u00fc\u011f\u00fc, tuttu\u011funu koparan g\u00fc\u00e7l\u00fc yap\u0131s\u0131, sakin ve sevgi dolu duru\u015fu, toparlay\u0131c\u0131 tutumu ve merhametli karakteri ile hayallerinin pe\u015finden ko\u015farak ailesi ile dayan\u0131\u015fma i\u00e7inde yoktan var etti\u011fi aile i\u015fletmesinin hikayesi, \u00e7evresi taraf\u0131ndan sevilen, \u00f6rnek al\u0131nan ki\u015fili\u011fi ailesi, i\u015f arkada\u015flar\u0131 ve dostlar\u0131 taraf\u0131ndan anlat\u0131laca\u011f\u0131\u201d da ifade edildi.<\/p>\n<\/p><\/div>\n<p><script async\n                    defer\n                    crossorigin=\"anonymous\"\n                    src=\"https:\/\/connect.facebook.net\/tr_TR\/sdk.js#xfbml=1&#038;version=v3.3\"\n            ><\/script><\/p>\n","protected":false},"excerpt":{"rendered":"<p>K\u0131br\u0131s Kad\u0131n \u00d6yk\u00fcleri Derne\u011fi\u2019nin (K\u00d6DER) \u201cHayat\u0131m\u0131za De\u011fer Katan Kad\u0131nlar\u0131m\u0131z\u201d adl\u0131 kitap serisi \u00e7al\u0131\u015fmalar\u0131n\u0131 s\u00fcrd\u00fcr\u00fcrken bir yandan da belgesel \u00e7ekimlerine devam etti\u011fi bildirildi. Dernekten yap\u0131lan a\u00e7\u0131klamada, belgesel yap\u0131m serisinin 24. filmi olan i\u015f insan\u0131 Suna Erensu belgeselinin \u00e7ekimlerine hafta i\u00e7inde ba\u015flad\u0131\u011f\u0131 kaydedildi. Belgeselde, \u201cErensu\u2019nun \u00e7al\u0131\u015fkanl\u0131\u011f\u0131, d\u00fcr\u00fcstl\u00fc\u011f\u00fc, tuttu\u011funu koparan g\u00fc\u00e7l\u00fc yap\u0131s\u0131, sakin ve sevgi dolu duru\u015fu, toparlay\u0131c\u0131 [&hellip;]<\/p>\n","protected":false},"author":1,"featured_media":4172,"comment_status":"open","ping_status":"open","sticky":false,"template":"","format":"standard","meta":{"jnews-multi-image_gallery":[],"jnews_single_post":[],"jnews_primary_category":[],"jnews_social_meta":[],"jnews_override_counter":[],"footnotes":""},"categories":[6],"tags":[],"class_list":["post-4171","post","type-post","status-publish","format-standard","has-post-thumbnail","hentry","category-yasam"],"yoast_head":"<!-- This site is optimized with the Yoast SEO plugin v27.5 - https:\/\/yoast.com\/product\/yoast-seo-wordpress\/ -->\n<title>K\u00d6DER, 24. belgeseli olacak Suna Erensu belgeseli \u00e7ekimlerine ba\u015flad\u0131 - Kuzeyin Sesi<\/title>\n<meta name=\"robots\" content=\"index, follow, max-snippet:-1, max-image-preview:large, max-video-preview:-1\" \/>\n<link rel=\"canonical\" href=\"https:\/\/kuzeyinsesi.org\/index.php\/2024\/06\/05\/koder-24-belgeseli-olacak-suna-erensu-belgeseli-cekimlerine-basladi\/\" \/>\n<meta property=\"og:locale\" content=\"tr_TR\" \/>\n<meta property=\"og:type\" content=\"article\" \/>\n<meta property=\"og:title\" content=\"K\u00d6DER, 24. belgeseli olacak Suna Erensu belgeseli \u00e7ekimlerine ba\u015flad\u0131 - Kuzeyin Sesi\" \/>\n<meta property=\"og:description\" content=\"K\u0131br\u0131s Kad\u0131n \u00d6yk\u00fcleri Derne\u011fi\u2019nin (K\u00d6DER) \u201cHayat\u0131m\u0131za De\u011fer Katan Kad\u0131nlar\u0131m\u0131z\u201d adl\u0131 kitap serisi \u00e7al\u0131\u015fmalar\u0131n\u0131 s\u00fcrd\u00fcr\u00fcrken bir yandan da belgesel \u00e7ekimlerine devam etti\u011fi bildirildi. Dernekten yap\u0131lan a\u00e7\u0131klamada, belgesel yap\u0131m serisinin 24. filmi olan i\u015f insan\u0131 Suna Erensu belgeselinin \u00e7ekimlerine hafta i\u00e7inde ba\u015flad\u0131\u011f\u0131 kaydedildi. Belgeselde, \u201cErensu\u2019nun \u00e7al\u0131\u015fkanl\u0131\u011f\u0131, d\u00fcr\u00fcstl\u00fc\u011f\u00fc, tuttu\u011funu koparan g\u00fc\u00e7l\u00fc yap\u0131s\u0131, sakin ve sevgi dolu duru\u015fu, toparlay\u0131c\u0131 [&hellip;]\" \/>\n<meta property=\"og:url\" content=\"https:\/\/kuzeyinsesi.org\/index.php\/2024\/06\/05\/koder-24-belgeseli-olacak-suna-erensu-belgeseli-cekimlerine-basladi\/\" \/>\n<meta property=\"og:site_name\" content=\"Kuzeyin Sesi\" \/>\n<meta property=\"article:publisher\" content=\"https:\/\/www.facebook.com\/kuzeyinsesii\" \/>\n<meta property=\"article:published_time\" content=\"2024-06-05T12:50:02+00:00\" \/>\n<meta property=\"og:image\" content=\"https:\/\/kuzeyinsesi.org\/wp-content\/uploads\/2024\/06\/asda.jpeg\" \/>\n\t<meta property=\"og:image:width\" content=\"1600\" \/>\n\t<meta property=\"og:image:height\" content=\"1200\" \/>\n\t<meta property=\"og:image:type\" content=\"image\/jpeg\" \/>\n<meta name=\"author\" content=\"Kuzeyin Sesi\" \/>\n<meta name=\"twitter:card\" content=\"summary_large_image\" \/>\n<meta name=\"twitter:creator\" content=\"@kuzeyinsesii\" \/>\n<meta name=\"twitter:site\" content=\"@kuzeyinsesii\" \/>\n<meta name=\"twitter:label1\" content=\"Yazan:\" \/>\n\t<meta name=\"twitter:data1\" content=\"Kuzeyin Sesi\" \/>\n\t<meta name=\"twitter:label2\" content=\"Tahmini okuma s\u00fcresi\" \/>\n\t<meta name=\"twitter:data2\" content=\"1 dakika\" \/>\n<script type=\"application\/ld+json\" class=\"yoast-schema-graph\">{\"@context\":\"https:\\\/\\\/schema.org\",\"@graph\":[{\"@type\":\"Article\",\"@id\":\"https:\\\/\\\/kuzeyinsesi.org\\\/index.php\\\/2024\\\/06\\\/05\\\/koder-24-belgeseli-olacak-suna-erensu-belgeseli-cekimlerine-basladi\\\/#article\",\"isPartOf\":{\"@id\":\"https:\\\/\\\/kuzeyinsesi.org\\\/index.php\\\/2024\\\/06\\\/05\\\/koder-24-belgeseli-olacak-suna-erensu-belgeseli-cekimlerine-basladi\\\/\"},\"author\":{\"name\":\"Kuzeyin Sesi\",\"@id\":\"https:\\\/\\\/kuzeyinsesi.org\\\/#\\\/schema\\\/person\\\/9f859689cdf01485597712386e37f5aa\"},\"headline\":\"K\u00d6DER, 24. belgeseli olacak Suna Erensu belgeseli \u00e7ekimlerine ba\u015flad\u0131\",\"datePublished\":\"2024-06-05T12:50:02+00:00\",\"mainEntityOfPage\":{\"@id\":\"https:\\\/\\\/kuzeyinsesi.org\\\/index.php\\\/2024\\\/06\\\/05\\\/koder-24-belgeseli-olacak-suna-erensu-belgeseli-cekimlerine-basladi\\\/\"},\"wordCount\":144,\"commentCount\":0,\"image\":{\"@id\":\"https:\\\/\\\/kuzeyinsesi.org\\\/index.php\\\/2024\\\/06\\\/05\\\/koder-24-belgeseli-olacak-suna-erensu-belgeseli-cekimlerine-basladi\\\/#primaryimage\"},\"thumbnailUrl\":\"https:\\\/\\\/kuzeyinsesi.org\\\/wp-content\\\/uploads\\\/2024\\\/06\\\/asda.jpeg\",\"articleSection\":[\"Ya\u015fam\"],\"inLanguage\":\"tr\",\"potentialAction\":[{\"@type\":\"CommentAction\",\"name\":\"Comment\",\"target\":[\"https:\\\/\\\/kuzeyinsesi.org\\\/index.php\\\/2024\\\/06\\\/05\\\/koder-24-belgeseli-olacak-suna-erensu-belgeseli-cekimlerine-basladi\\\/#respond\"]}]},{\"@type\":\"WebPage\",\"@id\":\"https:\\\/\\\/kuzeyinsesi.org\\\/index.php\\\/2024\\\/06\\\/05\\\/koder-24-belgeseli-olacak-suna-erensu-belgeseli-cekimlerine-basladi\\\/\",\"url\":\"https:\\\/\\\/kuzeyinsesi.org\\\/index.php\\\/2024\\\/06\\\/05\\\/koder-24-belgeseli-olacak-suna-erensu-belgeseli-cekimlerine-basladi\\\/\",\"name\":\"K\u00d6DER, 24. belgeseli olacak Suna Erensu belgeseli \u00e7ekimlerine ba\u015flad\u0131 - Kuzeyin Sesi\",\"isPartOf\":{\"@id\":\"https:\\\/\\\/kuzeyinsesi.org\\\/#website\"},\"primaryImageOfPage\":{\"@id\":\"https:\\\/\\\/kuzeyinsesi.org\\\/index.php\\\/2024\\\/06\\\/05\\\/koder-24-belgeseli-olacak-suna-erensu-belgeseli-cekimlerine-basladi\\\/#primaryimage\"},\"image\":{\"@id\":\"https:\\\/\\\/kuzeyinsesi.org\\\/index.php\\\/2024\\\/06\\\/05\\\/koder-24-belgeseli-olacak-suna-erensu-belgeseli-cekimlerine-basladi\\\/#primaryimage\"},\"thumbnailUrl\":\"https:\\\/\\\/kuzeyinsesi.org\\\/wp-content\\\/uploads\\\/2024\\\/06\\\/asda.jpeg\",\"datePublished\":\"2024-06-05T12:50:02+00:00\",\"author\":{\"@id\":\"https:\\\/\\\/kuzeyinsesi.org\\\/#\\\/schema\\\/person\\\/9f859689cdf01485597712386e37f5aa\"},\"breadcrumb\":{\"@id\":\"https:\\\/\\\/kuzeyinsesi.org\\\/index.php\\\/2024\\\/06\\\/05\\\/koder-24-belgeseli-olacak-suna-erensu-belgeseli-cekimlerine-basladi\\\/#breadcrumb\"},\"inLanguage\":\"tr\",\"potentialAction\":[{\"@type\":\"ReadAction\",\"target\":[\"https:\\\/\\\/kuzeyinsesi.org\\\/index.php\\\/2024\\\/06\\\/05\\\/koder-24-belgeseli-olacak-suna-erensu-belgeseli-cekimlerine-basladi\\\/\"]}]},{\"@type\":\"ImageObject\",\"inLanguage\":\"tr\",\"@id\":\"https:\\\/\\\/kuzeyinsesi.org\\\/index.php\\\/2024\\\/06\\\/05\\\/koder-24-belgeseli-olacak-suna-erensu-belgeseli-cekimlerine-basladi\\\/#primaryimage\",\"url\":\"https:\\\/\\\/kuzeyinsesi.org\\\/wp-content\\\/uploads\\\/2024\\\/06\\\/asda.jpeg\",\"contentUrl\":\"https:\\\/\\\/kuzeyinsesi.org\\\/wp-content\\\/uploads\\\/2024\\\/06\\\/asda.jpeg\",\"width\":1600,\"height\":1200},{\"@type\":\"BreadcrumbList\",\"@id\":\"https:\\\/\\\/kuzeyinsesi.org\\\/index.php\\\/2024\\\/06\\\/05\\\/koder-24-belgeseli-olacak-suna-erensu-belgeseli-cekimlerine-basladi\\\/#breadcrumb\",\"itemListElement\":[{\"@type\":\"ListItem\",\"position\":1,\"name\":\"Anasayfa\",\"item\":\"https:\\\/\\\/kuzeyinsesi.org\\\/\"},{\"@type\":\"ListItem\",\"position\":2,\"name\":\"K\u00d6DER, 24. belgeseli olacak Suna Erensu belgeseli \u00e7ekimlerine ba\u015flad\u0131\"}]},{\"@type\":\"WebSite\",\"@id\":\"https:\\\/\\\/kuzeyinsesi.org\\\/#website\",\"url\":\"https:\\\/\\\/kuzeyinsesi.org\\\/\",\"name\":\"Kuzeyin Sesi\",\"description\":\"Do\u011fru Haberin Adresi\",\"potentialAction\":[{\"@type\":\"SearchAction\",\"target\":{\"@type\":\"EntryPoint\",\"urlTemplate\":\"https:\\\/\\\/kuzeyinsesi.org\\\/?s={search_term_string}\"},\"query-input\":{\"@type\":\"PropertyValueSpecification\",\"valueRequired\":true,\"valueName\":\"search_term_string\"}}],\"inLanguage\":\"tr\"},{\"@type\":\"Person\",\"@id\":\"https:\\\/\\\/kuzeyinsesi.org\\\/#\\\/schema\\\/person\\\/9f859689cdf01485597712386e37f5aa\",\"name\":\"Kuzeyin Sesi\",\"image\":{\"@type\":\"ImageObject\",\"inLanguage\":\"tr\",\"@id\":\"https:\\\/\\\/secure.gravatar.com\\\/avatar\\\/bab33852abfd8b282518d6ed81826833d77c3c882d9ab608add591ccace47a44?s=96&d=mm&r=g\",\"url\":\"https:\\\/\\\/secure.gravatar.com\\\/avatar\\\/bab33852abfd8b282518d6ed81826833d77c3c882d9ab608add591ccace47a44?s=96&d=mm&r=g\",\"contentUrl\":\"https:\\\/\\\/secure.gravatar.com\\\/avatar\\\/bab33852abfd8b282518d6ed81826833d77c3c882d9ab608add591ccace47a44?s=96&d=mm&r=g\",\"caption\":\"Kuzeyin Sesi\"},\"sameAs\":[\"https:\\\/\\\/kuzeyinsesi.org\"],\"url\":\"https:\\\/\\\/kuzeyinsesi.org\\\/index.php\\\/author\\\/guven\\\/\"}]}<\/script>\n<!-- \/ Yoast SEO plugin. -->","yoast_head_json":{"title":"K\u00d6DER, 24. belgeseli olacak Suna Erensu belgeseli \u00e7ekimlerine ba\u015flad\u0131 - Kuzeyin Sesi","robots":{"index":"index","follow":"follow","max-snippet":"max-snippet:-1","max-image-preview":"max-image-preview:large","max-video-preview":"max-video-preview:-1"},"canonical":"https:\/\/kuzeyinsesi.org\/index.php\/2024\/06\/05\/koder-24-belgeseli-olacak-suna-erensu-belgeseli-cekimlerine-basladi\/","og_locale":"tr_TR","og_type":"article","og_title":"K\u00d6DER, 24. belgeseli olacak Suna Erensu belgeseli \u00e7ekimlerine ba\u015flad\u0131 - Kuzeyin Sesi","og_description":"K\u0131br\u0131s Kad\u0131n \u00d6yk\u00fcleri Derne\u011fi\u2019nin (K\u00d6DER) \u201cHayat\u0131m\u0131za De\u011fer Katan Kad\u0131nlar\u0131m\u0131z\u201d adl\u0131 kitap serisi \u00e7al\u0131\u015fmalar\u0131n\u0131 s\u00fcrd\u00fcr\u00fcrken bir yandan da belgesel \u00e7ekimlerine devam etti\u011fi bildirildi. Dernekten yap\u0131lan a\u00e7\u0131klamada, belgesel yap\u0131m serisinin 24. filmi olan i\u015f insan\u0131 Suna Erensu belgeselinin \u00e7ekimlerine hafta i\u00e7inde ba\u015flad\u0131\u011f\u0131 kaydedildi. Belgeselde, \u201cErensu\u2019nun \u00e7al\u0131\u015fkanl\u0131\u011f\u0131, d\u00fcr\u00fcstl\u00fc\u011f\u00fc, tuttu\u011funu koparan g\u00fc\u00e7l\u00fc yap\u0131s\u0131, sakin ve sevgi dolu duru\u015fu, toparlay\u0131c\u0131 [&hellip;]","og_url":"https:\/\/kuzeyinsesi.org\/index.php\/2024\/06\/05\/koder-24-belgeseli-olacak-suna-erensu-belgeseli-cekimlerine-basladi\/","og_site_name":"Kuzeyin Sesi","article_publisher":"https:\/\/www.facebook.com\/kuzeyinsesii","article_published_time":"2024-06-05T12:50:02+00:00","og_image":[{"width":1600,"height":1200,"url":"https:\/\/kuzeyinsesi.org\/wp-content\/uploads\/2024\/06\/asda.jpeg","type":"image\/jpeg"}],"author":"Kuzeyin Sesi","twitter_card":"summary_large_image","twitter_creator":"@kuzeyinsesii","twitter_site":"@kuzeyinsesii","twitter_misc":{"Yazan:":"Kuzeyin Sesi","Tahmini okuma s\u00fcresi":"1 dakika"},"schema":{"@context":"https:\/\/schema.org","@graph":[{"@type":"Article","@id":"https:\/\/kuzeyinsesi.org\/index.php\/2024\/06\/05\/koder-24-belgeseli-olacak-suna-erensu-belgeseli-cekimlerine-basladi\/#article","isPartOf":{"@id":"https:\/\/kuzeyinsesi.org\/index.php\/2024\/06\/05\/koder-24-belgeseli-olacak-suna-erensu-belgeseli-cekimlerine-basladi\/"},"author":{"name":"Kuzeyin Sesi","@id":"https:\/\/kuzeyinsesi.org\/#\/schema\/person\/9f859689cdf01485597712386e37f5aa"},"headline":"K\u00d6DER, 24. belgeseli olacak Suna Erensu belgeseli \u00e7ekimlerine ba\u015flad\u0131","datePublished":"2024-06-05T12:50:02+00:00","mainEntityOfPage":{"@id":"https:\/\/kuzeyinsesi.org\/index.php\/2024\/06\/05\/koder-24-belgeseli-olacak-suna-erensu-belgeseli-cekimlerine-basladi\/"},"wordCount":144,"commentCount":0,"image":{"@id":"https:\/\/kuzeyinsesi.org\/index.php\/2024\/06\/05\/koder-24-belgeseli-olacak-suna-erensu-belgeseli-cekimlerine-basladi\/#primaryimage"},"thumbnailUrl":"https:\/\/kuzeyinsesi.org\/wp-content\/uploads\/2024\/06\/asda.jpeg","articleSection":["Ya\u015fam"],"inLanguage":"tr","potentialAction":[{"@type":"CommentAction","name":"Comment","target":["https:\/\/kuzeyinsesi.org\/index.php\/2024\/06\/05\/koder-24-belgeseli-olacak-suna-erensu-belgeseli-cekimlerine-basladi\/#respond"]}]},{"@type":"WebPage","@id":"https:\/\/kuzeyinsesi.org\/index.php\/2024\/06\/05\/koder-24-belgeseli-olacak-suna-erensu-belgeseli-cekimlerine-basladi\/","url":"https:\/\/kuzeyinsesi.org\/index.php\/2024\/06\/05\/koder-24-belgeseli-olacak-suna-erensu-belgeseli-cekimlerine-basladi\/","name":"K\u00d6DER, 24. belgeseli olacak Suna Erensu belgeseli \u00e7ekimlerine ba\u015flad\u0131 - Kuzeyin Sesi","isPartOf":{"@id":"https:\/\/kuzeyinsesi.org\/#website"},"primaryImageOfPage":{"@id":"https:\/\/kuzeyinsesi.org\/index.php\/2024\/06\/05\/koder-24-belgeseli-olacak-suna-erensu-belgeseli-cekimlerine-basladi\/#primaryimage"},"image":{"@id":"https:\/\/kuzeyinsesi.org\/index.php\/2024\/06\/05\/koder-24-belgeseli-olacak-suna-erensu-belgeseli-cekimlerine-basladi\/#primaryimage"},"thumbnailUrl":"https:\/\/kuzeyinsesi.org\/wp-content\/uploads\/2024\/06\/asda.jpeg","datePublished":"2024-06-05T12:50:02+00:00","author":{"@id":"https:\/\/kuzeyinsesi.org\/#\/schema\/person\/9f859689cdf01485597712386e37f5aa"},"breadcrumb":{"@id":"https:\/\/kuzeyinsesi.org\/index.php\/2024\/06\/05\/koder-24-belgeseli-olacak-suna-erensu-belgeseli-cekimlerine-basladi\/#breadcrumb"},"inLanguage":"tr","potentialAction":[{"@type":"ReadAction","target":["https:\/\/kuzeyinsesi.org\/index.php\/2024\/06\/05\/koder-24-belgeseli-olacak-suna-erensu-belgeseli-cekimlerine-basladi\/"]}]},{"@type":"ImageObject","inLanguage":"tr","@id":"https:\/\/kuzeyinsesi.org\/index.php\/2024\/06\/05\/koder-24-belgeseli-olacak-suna-erensu-belgeseli-cekimlerine-basladi\/#primaryimage","url":"https:\/\/kuzeyinsesi.org\/wp-content\/uploads\/2024\/06\/asda.jpeg","contentUrl":"https:\/\/kuzeyinsesi.org\/wp-content\/uploads\/2024\/06\/asda.jpeg","width":1600,"height":1200},{"@type":"BreadcrumbList","@id":"https:\/\/kuzeyinsesi.org\/index.php\/2024\/06\/05\/koder-24-belgeseli-olacak-suna-erensu-belgeseli-cekimlerine-basladi\/#breadcrumb","itemListElement":[{"@type":"ListItem","position":1,"name":"Anasayfa","item":"https:\/\/kuzeyinsesi.org\/"},{"@type":"ListItem","position":2,"name":"K\u00d6DER, 24. belgeseli olacak Suna Erensu belgeseli \u00e7ekimlerine ba\u015flad\u0131"}]},{"@type":"WebSite","@id":"https:\/\/kuzeyinsesi.org\/#website","url":"https:\/\/kuzeyinsesi.org\/","name":"Kuzeyin Sesi","description":"Do\u011fru Haberin Adresi","potentialAction":[{"@type":"SearchAction","target":{"@type":"EntryPoint","urlTemplate":"https:\/\/kuzeyinsesi.org\/?s={search_term_string}"},"query-input":{"@type":"PropertyValueSpecification","valueRequired":true,"valueName":"search_term_string"}}],"inLanguage":"tr"},{"@type":"Person","@id":"https:\/\/kuzeyinsesi.org\/#\/schema\/person\/9f859689cdf01485597712386e37f5aa","name":"Kuzeyin Sesi","image":{"@type":"ImageObject","inLanguage":"tr","@id":"https:\/\/secure.gravatar.com\/avatar\/bab33852abfd8b282518d6ed81826833d77c3c882d9ab608add591ccace47a44?s=96&d=mm&r=g","url":"https:\/\/secure.gravatar.com\/avatar\/bab33852abfd8b282518d6ed81826833d77c3c882d9ab608add591ccace47a44?s=96&d=mm&r=g","contentUrl":"https:\/\/secure.gravatar.com\/avatar\/bab33852abfd8b282518d6ed81826833d77c3c882d9ab608add591ccace47a44?s=96&d=mm&r=g","caption":"Kuzeyin Sesi"},"sameAs":["https:\/\/kuzeyinsesi.org"],"url":"https:\/\/kuzeyinsesi.org\/index.php\/author\/guven\/"}]}},"_links":{"self":[{"href":"https:\/\/kuzeyinsesi.org\/index.php\/wp-json\/wp\/v2\/posts\/4171","targetHints":{"allow":["GET"]}}],"collection":[{"href":"https:\/\/kuzeyinsesi.org\/index.php\/wp-json\/wp\/v2\/posts"}],"about":[{"href":"https:\/\/kuzeyinsesi.org\/index.php\/wp-json\/wp\/v2\/types\/post"}],"author":[{"embeddable":true,"href":"https:\/\/kuzeyinsesi.org\/index.php\/wp-json\/wp\/v2\/users\/1"}],"replies":[{"embeddable":true,"href":"https:\/\/kuzeyinsesi.org\/index.php\/wp-json\/wp\/v2\/comments?post=4171"}],"version-history":[{"count":0,"href":"https:\/\/kuzeyinsesi.org\/index.php\/wp-json\/wp\/v2\/posts\/4171\/revisions"}],"wp:featuredmedia":[{"embeddable":true,"href":"https:\/\/kuzeyinsesi.org\/index.php\/wp-json\/wp\/v2\/media\/4172"}],"wp:attachment":[{"href":"https:\/\/kuzeyinsesi.org\/index.php\/wp-json\/wp\/v2\/media?parent=4171"}],"wp:term":[{"taxonomy":"category","embeddable":true,"href":"https:\/\/kuzeyinsesi.org\/index.php\/wp-json\/wp\/v2\/categories?post=4171"},{"taxonomy":"post_tag","embeddable":true,"href":"https:\/\/kuzeyinsesi.org\/index.php\/wp-json\/wp\/v2\/tags?post=4171"}],"curies":[{"name":"wp","href":"https:\/\/api.w.org\/{rel}","templated":true}]}}