{"id":417,"date":"2024-04-25T15:16:12","date_gmt":"2024-04-25T12:16:12","guid":{"rendered":"https:\/\/kuzeyinsesi.com\/index.php\/2024\/04\/25\/alsancak-kani-akansu-caddesi-ve-cagatay-ozbirim-caddesinin-bir-bolumunde-yarin-elektrik-kesintisi-yapilacak\/"},"modified":"2024-04-25T15:16:12","modified_gmt":"2024-04-25T12:16:12","slug":"alsancak-kani-akansu-caddesi-ve-cagatay-ozbirim-caddesinin-bir-bolumunde-yarin-elektrik-kesintisi-yapilacak","status":"publish","type":"post","link":"https:\/\/kuzeyinsesi.org\/index.php\/2024\/04\/25\/alsancak-kani-akansu-caddesi-ve-cagatay-ozbirim-caddesinin-bir-bolumunde-yarin-elektrik-kesintisi-yapilacak\/","title":{"rendered":"Alsancak Kani Akansu Caddesi ve \u00c7a\u011fatay \u00d6zbirim Caddesi\u2019nin bir b\u00f6l\u00fcm\u00fcnde yar\u0131n elektrik kesintisi yap\u0131lacak"},"content":{"rendered":"<div>\n<div class=\"mariselle-image-container center\">\n                                            <\/div>\n<p>\nElektrik Kurumu, Alsancak Kani Akansu Caddesi ve \u00c7a\u011fatay \u00d6zbirim Caddesi\u2019nin bir b\u00f6l\u00fcm\u00fcnde yar\u0131n elektrik kesintisi yap\u0131laca\u011f\u0131n\u0131 a\u00e7\u0131klad\u0131.<\/p>\n<p>K\u0131b-Tek\u2019ten yap\u0131lan yaz\u0131l\u0131 a\u00e7\u0131klamada, orta gerilim elektrik \u015febekesinde yap\u0131lacak proje \u00e7al\u0131\u015fmas\u0131 nedeniyle yar\u0131n 10.00 ile 13.00 saatleri aras\u0131nda Alsancak Kani Akansu Caddesi ve \u00c7a\u011fatay \u00d6zbirim Caddesi\u2019nin bir b\u00f6l\u00fcm\u00fcne elektrik verilemeyece\u011fi kaydedildi.<\/p>\n<p>A\u00e7\u0131klamada, \u00e7al\u0131\u015fman\u0131n seyrine g\u00f6re elektrik enerjisinin belirtilen saatten daha ge\u00e7 ya da daha erken verilebilece\u011finden, \u015febekede her an elektrik varm\u0131\u015f gibi davran\u0131lmas\u0131 istendi.<\/p>\n<\/p><\/div>\n<p><script async\n                    defer\n                    crossorigin=\"anonymous\"\n                    src=\"https:\/\/connect.facebook.net\/tr_TR\/sdk.js#xfbml=1&#038;version=v3.3\"\n            ><\/script><\/p>\n","protected":false},"excerpt":{"rendered":"<p>Elektrik Kurumu, Alsancak Kani Akansu Caddesi ve \u00c7a\u011fatay \u00d6zbirim Caddesi\u2019nin bir b\u00f6l\u00fcm\u00fcnde yar\u0131n elektrik kesintisi yap\u0131laca\u011f\u0131n\u0131 a\u00e7\u0131klad\u0131. K\u0131b-Tek\u2019ten yap\u0131lan yaz\u0131l\u0131 a\u00e7\u0131klamada, orta gerilim elektrik \u015febekesinde yap\u0131lacak proje \u00e7al\u0131\u015fmas\u0131 nedeniyle yar\u0131n 10.00 ile 13.00 saatleri aras\u0131nda Alsancak Kani Akansu Caddesi ve \u00c7a\u011fatay \u00d6zbirim Caddesi\u2019nin bir b\u00f6l\u00fcm\u00fcne elektrik verilemeyece\u011fi kaydedildi. A\u00e7\u0131klamada, \u00e7al\u0131\u015fman\u0131n seyrine g\u00f6re elektrik enerjisinin belirtilen [&hellip;]<\/p>\n","protected":false},"author":1,"featured_media":418,"comment_status":"open","ping_status":"open","sticky":false,"template":"","format":"standard","meta":{"jnews-multi-image_gallery":[],"jnews_single_post":[],"jnews_primary_category":[],"jnews_social_meta":[],"jnews_override_counter":[],"footnotes":""},"categories":[1],"tags":[],"class_list":["post-417","post","type-post","status-publish","format-standard","has-post-thumbnail","hentry","category-kibris"],"yoast_head":"<!-- This site is optimized with the Yoast SEO plugin v27.5 - https:\/\/yoast.com\/product\/yoast-seo-wordpress\/ -->\n<title>Alsancak Kani Akansu Caddesi ve \u00c7a\u011fatay \u00d6zbirim Caddesi\u2019nin bir b\u00f6l\u00fcm\u00fcnde yar\u0131n elektrik kesintisi yap\u0131lacak - Kuzeyin Sesi<\/title>\n<meta name=\"robots\" content=\"index, follow, max-snippet:-1, max-image-preview:large, max-video-preview:-1\" \/>\n<link rel=\"canonical\" href=\"https:\/\/kuzeyinsesi.org\/index.php\/2024\/04\/25\/alsancak-kani-akansu-caddesi-ve-cagatay-ozbirim-caddesinin-bir-bolumunde-yarin-elektrik-kesintisi-yapilacak\/\" \/>\n<meta property=\"og:locale\" content=\"tr_TR\" \/>\n<meta property=\"og:type\" content=\"article\" \/>\n<meta property=\"og:title\" content=\"Alsancak Kani Akansu Caddesi ve \u00c7a\u011fatay \u00d6zbirim Caddesi\u2019nin bir b\u00f6l\u00fcm\u00fcnde yar\u0131n elektrik kesintisi yap\u0131lacak - Kuzeyin Sesi\" \/>\n<meta property=\"og:description\" content=\"Elektrik Kurumu, Alsancak Kani Akansu Caddesi ve \u00c7a\u011fatay \u00d6zbirim Caddesi\u2019nin bir b\u00f6l\u00fcm\u00fcnde yar\u0131n elektrik kesintisi yap\u0131laca\u011f\u0131n\u0131 a\u00e7\u0131klad\u0131. K\u0131b-Tek\u2019ten yap\u0131lan yaz\u0131l\u0131 a\u00e7\u0131klamada, orta gerilim elektrik \u015febekesinde yap\u0131lacak proje \u00e7al\u0131\u015fmas\u0131 nedeniyle yar\u0131n 10.00 ile 13.00 saatleri aras\u0131nda Alsancak Kani Akansu Caddesi ve \u00c7a\u011fatay \u00d6zbirim Caddesi\u2019nin bir b\u00f6l\u00fcm\u00fcne elektrik verilemeyece\u011fi kaydedildi. A\u00e7\u0131klamada, \u00e7al\u0131\u015fman\u0131n seyrine g\u00f6re elektrik enerjisinin belirtilen [&hellip;]\" \/>\n<meta property=\"og:url\" content=\"https:\/\/kuzeyinsesi.org\/index.php\/2024\/04\/25\/alsancak-kani-akansu-caddesi-ve-cagatay-ozbirim-caddesinin-bir-bolumunde-yarin-elektrik-kesintisi-yapilacak\/\" \/>\n<meta property=\"og:site_name\" content=\"Kuzeyin Sesi\" \/>\n<meta property=\"article:publisher\" content=\"https:\/\/www.facebook.com\/kuzeyinsesii\" \/>\n<meta property=\"article:published_time\" content=\"2024-04-25T12:16:12+00:00\" \/>\n<meta property=\"og:image\" content=\"https:\/\/kuzeyinsesi.org\/wp-content\/uploads\/2024\/04\/elektrik-kesintisi89.jpg\" \/>\n\t<meta property=\"og:image:width\" content=\"600\" \/>\n\t<meta property=\"og:image:height\" content=\"366\" \/>\n\t<meta property=\"og:image:type\" content=\"image\/jpeg\" \/>\n<meta name=\"author\" content=\"Kuzeyin Sesi\" \/>\n<meta name=\"twitter:card\" content=\"summary_large_image\" \/>\n<meta name=\"twitter:creator\" content=\"@kuzeyinsesii\" \/>\n<meta name=\"twitter:site\" content=\"@kuzeyinsesii\" \/>\n<meta name=\"twitter:label1\" content=\"Yazan:\" \/>\n\t<meta name=\"twitter:data1\" content=\"Kuzeyin Sesi\" \/>\n<script type=\"application\/ld+json\" class=\"yoast-schema-graph\">{\"@context\":\"https:\\\/\\\/schema.org\",\"@graph\":[{\"@type\":\"Article\",\"@id\":\"https:\\\/\\\/kuzeyinsesi.org\\\/index.php\\\/2024\\\/04\\\/25\\\/alsancak-kani-akansu-caddesi-ve-cagatay-ozbirim-caddesinin-bir-bolumunde-yarin-elektrik-kesintisi-yapilacak\\\/#article\",\"isPartOf\":{\"@id\":\"https:\\\/\\\/kuzeyinsesi.org\\\/index.php\\\/2024\\\/04\\\/25\\\/alsancak-kani-akansu-caddesi-ve-cagatay-ozbirim-caddesinin-bir-bolumunde-yarin-elektrik-kesintisi-yapilacak\\\/\"},\"author\":{\"name\":\"Kuzeyin Sesi\",\"@id\":\"https:\\\/\\\/kuzeyinsesi.org\\\/#\\\/schema\\\/person\\\/9f859689cdf01485597712386e37f5aa\"},\"headline\":\"Alsancak Kani Akansu Caddesi ve \u00c7a\u011fatay \u00d6zbirim Caddesi\u2019nin bir b\u00f6l\u00fcm\u00fcnde yar\u0131n elektrik kesintisi yap\u0131lacak\",\"datePublished\":\"2024-04-25T12:16:12+00:00\",\"mainEntityOfPage\":{\"@id\":\"https:\\\/\\\/kuzeyinsesi.org\\\/index.php\\\/2024\\\/04\\\/25\\\/alsancak-kani-akansu-caddesi-ve-cagatay-ozbirim-caddesinin-bir-bolumunde-yarin-elektrik-kesintisi-yapilacak\\\/\"},\"wordCount\":120,\"commentCount\":0,\"image\":{\"@id\":\"https:\\\/\\\/kuzeyinsesi.org\\\/index.php\\\/2024\\\/04\\\/25\\\/alsancak-kani-akansu-caddesi-ve-cagatay-ozbirim-caddesinin-bir-bolumunde-yarin-elektrik-kesintisi-yapilacak\\\/#primaryimage\"},\"thumbnailUrl\":\"https:\\\/\\\/kuzeyinsesi.org\\\/wp-content\\\/uploads\\\/2024\\\/04\\\/elektrik-kesintisi89.jpg\",\"articleSection\":[\"K\u0131br\u0131s\"],\"inLanguage\":\"tr\",\"potentialAction\":[{\"@type\":\"CommentAction\",\"name\":\"Comment\",\"target\":[\"https:\\\/\\\/kuzeyinsesi.org\\\/index.php\\\/2024\\\/04\\\/25\\\/alsancak-kani-akansu-caddesi-ve-cagatay-ozbirim-caddesinin-bir-bolumunde-yarin-elektrik-kesintisi-yapilacak\\\/#respond\"]}]},{\"@type\":\"WebPage\",\"@id\":\"https:\\\/\\\/kuzeyinsesi.org\\\/index.php\\\/2024\\\/04\\\/25\\\/alsancak-kani-akansu-caddesi-ve-cagatay-ozbirim-caddesinin-bir-bolumunde-yarin-elektrik-kesintisi-yapilacak\\\/\",\"url\":\"https:\\\/\\\/kuzeyinsesi.org\\\/index.php\\\/2024\\\/04\\\/25\\\/alsancak-kani-akansu-caddesi-ve-cagatay-ozbirim-caddesinin-bir-bolumunde-yarin-elektrik-kesintisi-yapilacak\\\/\",\"name\":\"Alsancak Kani Akansu Caddesi ve \u00c7a\u011fatay \u00d6zbirim Caddesi\u2019nin bir b\u00f6l\u00fcm\u00fcnde yar\u0131n elektrik kesintisi yap\u0131lacak - Kuzeyin Sesi\",\"isPartOf\":{\"@id\":\"https:\\\/\\\/kuzeyinsesi.org\\\/#website\"},\"primaryImageOfPage\":{\"@id\":\"https:\\\/\\\/kuzeyinsesi.org\\\/index.php\\\/2024\\\/04\\\/25\\\/alsancak-kani-akansu-caddesi-ve-cagatay-ozbirim-caddesinin-bir-bolumunde-yarin-elektrik-kesintisi-yapilacak\\\/#primaryimage\"},\"image\":{\"@id\":\"https:\\\/\\\/kuzeyinsesi.org\\\/index.php\\\/2024\\\/04\\\/25\\\/alsancak-kani-akansu-caddesi-ve-cagatay-ozbirim-caddesinin-bir-bolumunde-yarin-elektrik-kesintisi-yapilacak\\\/#primaryimage\"},\"thumbnailUrl\":\"https:\\\/\\\/kuzeyinsesi.org\\\/wp-content\\\/uploads\\\/2024\\\/04\\\/elektrik-kesintisi89.jpg\",\"datePublished\":\"2024-04-25T12:16:12+00:00\",\"author\":{\"@id\":\"https:\\\/\\\/kuzeyinsesi.org\\\/#\\\/schema\\\/person\\\/9f859689cdf01485597712386e37f5aa\"},\"breadcrumb\":{\"@id\":\"https:\\\/\\\/kuzeyinsesi.org\\\/index.php\\\/2024\\\/04\\\/25\\\/alsancak-kani-akansu-caddesi-ve-cagatay-ozbirim-caddesinin-bir-bolumunde-yarin-elektrik-kesintisi-yapilacak\\\/#breadcrumb\"},\"inLanguage\":\"tr\",\"potentialAction\":[{\"@type\":\"ReadAction\",\"target\":[\"https:\\\/\\\/kuzeyinsesi.org\\\/index.php\\\/2024\\\/04\\\/25\\\/alsancak-kani-akansu-caddesi-ve-cagatay-ozbirim-caddesinin-bir-bolumunde-yarin-elektrik-kesintisi-yapilacak\\\/\"]}]},{\"@type\":\"ImageObject\",\"inLanguage\":\"tr\",\"@id\":\"https:\\\/\\\/kuzeyinsesi.org\\\/index.php\\\/2024\\\/04\\\/25\\\/alsancak-kani-akansu-caddesi-ve-cagatay-ozbirim-caddesinin-bir-bolumunde-yarin-elektrik-kesintisi-yapilacak\\\/#primaryimage\",\"url\":\"https:\\\/\\\/kuzeyinsesi.org\\\/wp-content\\\/uploads\\\/2024\\\/04\\\/elektrik-kesintisi89.jpg\",\"contentUrl\":\"https:\\\/\\\/kuzeyinsesi.org\\\/wp-content\\\/uploads\\\/2024\\\/04\\\/elektrik-kesintisi89.jpg\",\"width\":600,\"height\":366},{\"@type\":\"BreadcrumbList\",\"@id\":\"https:\\\/\\\/kuzeyinsesi.org\\\/index.php\\\/2024\\\/04\\\/25\\\/alsancak-kani-akansu-caddesi-ve-cagatay-ozbirim-caddesinin-bir-bolumunde-yarin-elektrik-kesintisi-yapilacak\\\/#breadcrumb\",\"itemListElement\":[{\"@type\":\"ListItem\",\"position\":1,\"name\":\"Anasayfa\",\"item\":\"https:\\\/\\\/kuzeyinsesi.org\\\/\"},{\"@type\":\"ListItem\",\"position\":2,\"name\":\"Alsancak Kani Akansu Caddesi ve \u00c7a\u011fatay \u00d6zbirim Caddesi\u2019nin bir b\u00f6l\u00fcm\u00fcnde yar\u0131n elektrik kesintisi yap\u0131lacak\"}]},{\"@type\":\"WebSite\",\"@id\":\"https:\\\/\\\/kuzeyinsesi.org\\\/#website\",\"url\":\"https:\\\/\\\/kuzeyinsesi.org\\\/\",\"name\":\"Kuzeyin Sesi\",\"description\":\"Do\u011fru Haberin Adresi\",\"potentialAction\":[{\"@type\":\"SearchAction\",\"target\":{\"@type\":\"EntryPoint\",\"urlTemplate\":\"https:\\\/\\\/kuzeyinsesi.org\\\/?s={search_term_string}\"},\"query-input\":{\"@type\":\"PropertyValueSpecification\",\"valueRequired\":true,\"valueName\":\"search_term_string\"}}],\"inLanguage\":\"tr\"},{\"@type\":\"Person\",\"@id\":\"https:\\\/\\\/kuzeyinsesi.org\\\/#\\\/schema\\\/person\\\/9f859689cdf01485597712386e37f5aa\",\"name\":\"Kuzeyin Sesi\",\"image\":{\"@type\":\"ImageObject\",\"inLanguage\":\"tr\",\"@id\":\"https:\\\/\\\/secure.gravatar.com\\\/avatar\\\/bab33852abfd8b282518d6ed81826833d77c3c882d9ab608add591ccace47a44?s=96&d=mm&r=g\",\"url\":\"https:\\\/\\\/secure.gravatar.com\\\/avatar\\\/bab33852abfd8b282518d6ed81826833d77c3c882d9ab608add591ccace47a44?s=96&d=mm&r=g\",\"contentUrl\":\"https:\\\/\\\/secure.gravatar.com\\\/avatar\\\/bab33852abfd8b282518d6ed81826833d77c3c882d9ab608add591ccace47a44?s=96&d=mm&r=g\",\"caption\":\"Kuzeyin Sesi\"},\"sameAs\":[\"https:\\\/\\\/kuzeyinsesi.org\"],\"url\":\"https:\\\/\\\/kuzeyinsesi.org\\\/index.php\\\/author\\\/guven\\\/\"}]}<\/script>\n<!-- \/ Yoast SEO plugin. -->","yoast_head_json":{"title":"Alsancak Kani Akansu Caddesi ve \u00c7a\u011fatay \u00d6zbirim Caddesi\u2019nin bir b\u00f6l\u00fcm\u00fcnde yar\u0131n elektrik kesintisi yap\u0131lacak - Kuzeyin Sesi","robots":{"index":"index","follow":"follow","max-snippet":"max-snippet:-1","max-image-preview":"max-image-preview:large","max-video-preview":"max-video-preview:-1"},"canonical":"https:\/\/kuzeyinsesi.org\/index.php\/2024\/04\/25\/alsancak-kani-akansu-caddesi-ve-cagatay-ozbirim-caddesinin-bir-bolumunde-yarin-elektrik-kesintisi-yapilacak\/","og_locale":"tr_TR","og_type":"article","og_title":"Alsancak Kani Akansu Caddesi ve \u00c7a\u011fatay \u00d6zbirim Caddesi\u2019nin bir b\u00f6l\u00fcm\u00fcnde yar\u0131n elektrik kesintisi yap\u0131lacak - Kuzeyin Sesi","og_description":"Elektrik Kurumu, Alsancak Kani Akansu Caddesi ve \u00c7a\u011fatay \u00d6zbirim Caddesi\u2019nin bir b\u00f6l\u00fcm\u00fcnde yar\u0131n elektrik kesintisi yap\u0131laca\u011f\u0131n\u0131 a\u00e7\u0131klad\u0131. K\u0131b-Tek\u2019ten yap\u0131lan yaz\u0131l\u0131 a\u00e7\u0131klamada, orta gerilim elektrik \u015febekesinde yap\u0131lacak proje \u00e7al\u0131\u015fmas\u0131 nedeniyle yar\u0131n 10.00 ile 13.00 saatleri aras\u0131nda Alsancak Kani Akansu Caddesi ve \u00c7a\u011fatay \u00d6zbirim Caddesi\u2019nin bir b\u00f6l\u00fcm\u00fcne elektrik verilemeyece\u011fi kaydedildi. A\u00e7\u0131klamada, \u00e7al\u0131\u015fman\u0131n seyrine g\u00f6re elektrik enerjisinin belirtilen [&hellip;]","og_url":"https:\/\/kuzeyinsesi.org\/index.php\/2024\/04\/25\/alsancak-kani-akansu-caddesi-ve-cagatay-ozbirim-caddesinin-bir-bolumunde-yarin-elektrik-kesintisi-yapilacak\/","og_site_name":"Kuzeyin Sesi","article_publisher":"https:\/\/www.facebook.com\/kuzeyinsesii","article_published_time":"2024-04-25T12:16:12+00:00","og_image":[{"width":600,"height":366,"url":"https:\/\/kuzeyinsesi.org\/wp-content\/uploads\/2024\/04\/elektrik-kesintisi89.jpg","type":"image\/jpeg"}],"author":"Kuzeyin Sesi","twitter_card":"summary_large_image","twitter_creator":"@kuzeyinsesii","twitter_site":"@kuzeyinsesii","twitter_misc":{"Yazan:":"Kuzeyin Sesi"},"schema":{"@context":"https:\/\/schema.org","@graph":[{"@type":"Article","@id":"https:\/\/kuzeyinsesi.org\/index.php\/2024\/04\/25\/alsancak-kani-akansu-caddesi-ve-cagatay-ozbirim-caddesinin-bir-bolumunde-yarin-elektrik-kesintisi-yapilacak\/#article","isPartOf":{"@id":"https:\/\/kuzeyinsesi.org\/index.php\/2024\/04\/25\/alsancak-kani-akansu-caddesi-ve-cagatay-ozbirim-caddesinin-bir-bolumunde-yarin-elektrik-kesintisi-yapilacak\/"},"author":{"name":"Kuzeyin Sesi","@id":"https:\/\/kuzeyinsesi.org\/#\/schema\/person\/9f859689cdf01485597712386e37f5aa"},"headline":"Alsancak Kani Akansu Caddesi ve \u00c7a\u011fatay \u00d6zbirim Caddesi\u2019nin bir b\u00f6l\u00fcm\u00fcnde yar\u0131n elektrik kesintisi yap\u0131lacak","datePublished":"2024-04-25T12:16:12+00:00","mainEntityOfPage":{"@id":"https:\/\/kuzeyinsesi.org\/index.php\/2024\/04\/25\/alsancak-kani-akansu-caddesi-ve-cagatay-ozbirim-caddesinin-bir-bolumunde-yarin-elektrik-kesintisi-yapilacak\/"},"wordCount":120,"commentCount":0,"image":{"@id":"https:\/\/kuzeyinsesi.org\/index.php\/2024\/04\/25\/alsancak-kani-akansu-caddesi-ve-cagatay-ozbirim-caddesinin-bir-bolumunde-yarin-elektrik-kesintisi-yapilacak\/#primaryimage"},"thumbnailUrl":"https:\/\/kuzeyinsesi.org\/wp-content\/uploads\/2024\/04\/elektrik-kesintisi89.jpg","articleSection":["K\u0131br\u0131s"],"inLanguage":"tr","potentialAction":[{"@type":"CommentAction","name":"Comment","target":["https:\/\/kuzeyinsesi.org\/index.php\/2024\/04\/25\/alsancak-kani-akansu-caddesi-ve-cagatay-ozbirim-caddesinin-bir-bolumunde-yarin-elektrik-kesintisi-yapilacak\/#respond"]}]},{"@type":"WebPage","@id":"https:\/\/kuzeyinsesi.org\/index.php\/2024\/04\/25\/alsancak-kani-akansu-caddesi-ve-cagatay-ozbirim-caddesinin-bir-bolumunde-yarin-elektrik-kesintisi-yapilacak\/","url":"https:\/\/kuzeyinsesi.org\/index.php\/2024\/04\/25\/alsancak-kani-akansu-caddesi-ve-cagatay-ozbirim-caddesinin-bir-bolumunde-yarin-elektrik-kesintisi-yapilacak\/","name":"Alsancak Kani Akansu Caddesi ve \u00c7a\u011fatay \u00d6zbirim Caddesi\u2019nin bir b\u00f6l\u00fcm\u00fcnde yar\u0131n elektrik kesintisi yap\u0131lacak - Kuzeyin Sesi","isPartOf":{"@id":"https:\/\/kuzeyinsesi.org\/#website"},"primaryImageOfPage":{"@id":"https:\/\/kuzeyinsesi.org\/index.php\/2024\/04\/25\/alsancak-kani-akansu-caddesi-ve-cagatay-ozbirim-caddesinin-bir-bolumunde-yarin-elektrik-kesintisi-yapilacak\/#primaryimage"},"image":{"@id":"https:\/\/kuzeyinsesi.org\/index.php\/2024\/04\/25\/alsancak-kani-akansu-caddesi-ve-cagatay-ozbirim-caddesinin-bir-bolumunde-yarin-elektrik-kesintisi-yapilacak\/#primaryimage"},"thumbnailUrl":"https:\/\/kuzeyinsesi.org\/wp-content\/uploads\/2024\/04\/elektrik-kesintisi89.jpg","datePublished":"2024-04-25T12:16:12+00:00","author":{"@id":"https:\/\/kuzeyinsesi.org\/#\/schema\/person\/9f859689cdf01485597712386e37f5aa"},"breadcrumb":{"@id":"https:\/\/kuzeyinsesi.org\/index.php\/2024\/04\/25\/alsancak-kani-akansu-caddesi-ve-cagatay-ozbirim-caddesinin-bir-bolumunde-yarin-elektrik-kesintisi-yapilacak\/#breadcrumb"},"inLanguage":"tr","potentialAction":[{"@type":"ReadAction","target":["https:\/\/kuzeyinsesi.org\/index.php\/2024\/04\/25\/alsancak-kani-akansu-caddesi-ve-cagatay-ozbirim-caddesinin-bir-bolumunde-yarin-elektrik-kesintisi-yapilacak\/"]}]},{"@type":"ImageObject","inLanguage":"tr","@id":"https:\/\/kuzeyinsesi.org\/index.php\/2024\/04\/25\/alsancak-kani-akansu-caddesi-ve-cagatay-ozbirim-caddesinin-bir-bolumunde-yarin-elektrik-kesintisi-yapilacak\/#primaryimage","url":"https:\/\/kuzeyinsesi.org\/wp-content\/uploads\/2024\/04\/elektrik-kesintisi89.jpg","contentUrl":"https:\/\/kuzeyinsesi.org\/wp-content\/uploads\/2024\/04\/elektrik-kesintisi89.jpg","width":600,"height":366},{"@type":"BreadcrumbList","@id":"https:\/\/kuzeyinsesi.org\/index.php\/2024\/04\/25\/alsancak-kani-akansu-caddesi-ve-cagatay-ozbirim-caddesinin-bir-bolumunde-yarin-elektrik-kesintisi-yapilacak\/#breadcrumb","itemListElement":[{"@type":"ListItem","position":1,"name":"Anasayfa","item":"https:\/\/kuzeyinsesi.org\/"},{"@type":"ListItem","position":2,"name":"Alsancak Kani Akansu Caddesi ve \u00c7a\u011fatay \u00d6zbirim Caddesi\u2019nin bir b\u00f6l\u00fcm\u00fcnde yar\u0131n elektrik kesintisi yap\u0131lacak"}]},{"@type":"WebSite","@id":"https:\/\/kuzeyinsesi.org\/#website","url":"https:\/\/kuzeyinsesi.org\/","name":"Kuzeyin Sesi","description":"Do\u011fru Haberin Adresi","potentialAction":[{"@type":"SearchAction","target":{"@type":"EntryPoint","urlTemplate":"https:\/\/kuzeyinsesi.org\/?s={search_term_string}"},"query-input":{"@type":"PropertyValueSpecification","valueRequired":true,"valueName":"search_term_string"}}],"inLanguage":"tr"},{"@type":"Person","@id":"https:\/\/kuzeyinsesi.org\/#\/schema\/person\/9f859689cdf01485597712386e37f5aa","name":"Kuzeyin Sesi","image":{"@type":"ImageObject","inLanguage":"tr","@id":"https:\/\/secure.gravatar.com\/avatar\/bab33852abfd8b282518d6ed81826833d77c3c882d9ab608add591ccace47a44?s=96&d=mm&r=g","url":"https:\/\/secure.gravatar.com\/avatar\/bab33852abfd8b282518d6ed81826833d77c3c882d9ab608add591ccace47a44?s=96&d=mm&r=g","contentUrl":"https:\/\/secure.gravatar.com\/avatar\/bab33852abfd8b282518d6ed81826833d77c3c882d9ab608add591ccace47a44?s=96&d=mm&r=g","caption":"Kuzeyin Sesi"},"sameAs":["https:\/\/kuzeyinsesi.org"],"url":"https:\/\/kuzeyinsesi.org\/index.php\/author\/guven\/"}]}},"_links":{"self":[{"href":"https:\/\/kuzeyinsesi.org\/index.php\/wp-json\/wp\/v2\/posts\/417","targetHints":{"allow":["GET"]}}],"collection":[{"href":"https:\/\/kuzeyinsesi.org\/index.php\/wp-json\/wp\/v2\/posts"}],"about":[{"href":"https:\/\/kuzeyinsesi.org\/index.php\/wp-json\/wp\/v2\/types\/post"}],"author":[{"embeddable":true,"href":"https:\/\/kuzeyinsesi.org\/index.php\/wp-json\/wp\/v2\/users\/1"}],"replies":[{"embeddable":true,"href":"https:\/\/kuzeyinsesi.org\/index.php\/wp-json\/wp\/v2\/comments?post=417"}],"version-history":[{"count":0,"href":"https:\/\/kuzeyinsesi.org\/index.php\/wp-json\/wp\/v2\/posts\/417\/revisions"}],"wp:featuredmedia":[{"embeddable":true,"href":"https:\/\/kuzeyinsesi.org\/index.php\/wp-json\/wp\/v2\/media\/418"}],"wp:attachment":[{"href":"https:\/\/kuzeyinsesi.org\/index.php\/wp-json\/wp\/v2\/media?parent=417"}],"wp:term":[{"taxonomy":"category","embeddable":true,"href":"https:\/\/kuzeyinsesi.org\/index.php\/wp-json\/wp\/v2\/categories?post=417"},{"taxonomy":"post_tag","embeddable":true,"href":"https:\/\/kuzeyinsesi.org\/index.php\/wp-json\/wp\/v2\/tags?post=417"}],"curies":[{"name":"wp","href":"https:\/\/api.w.org\/{rel}","templated":true}]}}