{"id":4093,"date":"2024-06-04T19:19:19","date_gmt":"2024-06-04T16:19:19","guid":{"rendered":"https:\/\/kuzeyinsesi.com\/index.php\/2024\/06\/04\/12-lapta-turizm-festivali-7-8-9-haziranda-yapilacak\/"},"modified":"2024-06-04T19:19:19","modified_gmt":"2024-06-04T16:19:19","slug":"12-lapta-turizm-festivali-7-8-9-haziranda-yapilacak","status":"publish","type":"post","link":"https:\/\/kuzeyinsesi.org\/index.php\/2024\/06\/04\/12-lapta-turizm-festivali-7-8-9-haziranda-yapilacak\/","title":{"rendered":"12. Lapta Turizm Festivali 7-8-9 Haziran\u2019da yap\u0131lacak"},"content":{"rendered":"<div>\n<div class=\"mariselle-image-container center\">\n                                            <\/div>\n<p>Bu y\u0131l 12\u2019ncisi yap\u0131lacak Lapta Turizm Fesitivali 7-8-9 Haziran\u2019da yap\u0131lacak. <\/p>\n<p>Lapta Alsancak \u00c7aml\u0131bel (LA\u00c7) Belediyesi\u2019nin d\u00fczenledi\u011fi festivalle ilgili bug\u00fcn Manolya Otel\u2019de bas\u0131n toplant\u0131s\u0131 d\u00fczenlendi.<\/p>\n<p>-Ataser: \u201cAmac\u0131m\u0131z b\u00f6lgeyi cazibe merkezi haline getirmek\u201d <\/p>\n<p>LA\u00c7 Belediyesi\u2019nden verilen bilgiye g\u00f6re Belediye Ba\u015fkan\u0131 F\u0131rat Ataser, Lapta\u2019n\u0131n K\u0131br\u0131s T\u00fcrk turizminin ba\u015flad\u0131\u011f\u0131 b\u00f6lge oldu\u011funu an\u0131msatarak, festivalle b\u00f6lgeyi, do\u011fal, k\u00fclt\u00fcrel, tarihi zenginlikleri ve \u00fcretimiyle b\u00fct\u00fcnl\u00fckl\u00fc bir \u015fekilde tan\u0131tarak yeniden turizmde cazibe merkezi haline getirmek amac\u0131yla d\u00fczenlediklerini s\u00f6yledi. <\/p>\n<p>Festival Turizm komitesi, Belediye idari personeli, meclis \u00fcyeleri ve festivalin ger\u00e7ekle\u015fmesine katk\u0131 koyanlara te\u015fekk\u00fcr eden Ataser, t\u00fcm vatanda\u015flar\u0131 festivale davet etti.<\/p>\n<div class=\"mariselle-image-container center\">\n                <img decoding=\"async\" width=\"1590\" height=\"758\" class=\"lazy-image\" alt=\"\" sizes=\"(max-width: 1590px) 100vw, 1590px\" src=\"https:\/\/brtk.net\/wp-content\/uploads\/2024\/06\/04\/laptaaaaaaaaaaaaaaaaaaaaaaaaa.jpg?ver=264fef559f02abf54cf225d1d28c207f\" srcset=\"https:\/\/brtk.net\/wp-content\/uploads\/2024\/06\/04\/laptaaaaaaaaaaaaaaaaaaaaaaaaa.jpg?ver=264fef559f02abf54cf225d1d28c207f 1590w, https:\/\/brtk.net\/wp-content\/uploads\/2024\/06\/04\/laptaaaaaaaaaaaaaaaaaaaaaaaaa-300x143.jpg?ver=83a0eb5c384cf696a5737bd20013587d 300w, https:\/\/brtk.net\/wp-content\/uploads\/2024\/06\/04\/laptaaaaaaaaaaaaaaaaaaaaaaaaa-1024x488.jpg?ver=83a0eb5c384cf696a5737bd20013587d 1024w, https:\/\/brtk.net\/wp-content\/uploads\/2024\/06\/04\/laptaaaaaaaaaaaaaaaaaaaaaaaaa-768x366.jpg?ver=1af407a882337a93f80b1945b8be0103 768w, https:\/\/brtk.net\/wp-content\/uploads\/2024\/06\/04\/laptaaaaaaaaaaaaaaaaaaaaaaaaa-1536x732.jpg?ver=1af407a882337a93f80b1945b8be0103 1536w\"\/>                            <\/div>\n<p><strong>-Festival program\u0131\u2026 <\/strong><\/p>\n<p>Festival 7 Haziran Cuma ak\u015fam\u0131 19.00\u2019da kortej y\u00fcr\u00fcy\u00fc\u015f\u00fc ve festival a\u00e7\u0131l\u0131\u015f\u0131yla ba\u015flayacak, ard\u0131ndan festival alan\u0131nda a\u00e7\u0131l\u0131\u015f konu\u015fmalar\u0131 yap\u0131lacak.<\/p>\n<p>Festivalin ilk ak\u015fam\u0131nda, Efeler G\u00f6sterisi, LED Show, Sultan Durusular ve Orkestras\u0131 ile Volkan \u00d6rge ve Orkestras\u0131n\u0131n konserleri yer alacak.<\/p>\n<p>8 Haziran Cumartesi ak\u015fam\u0131, Sihirbaz Magic Show, LA\u00c7 Belediyesi Tekin Adal\u0131 G\u00f6ksu Derne\u011fi Jimnastik G\u00f6sterileri, LA\u00c7 Belediyesi K\u00fc\u00e7\u00fckler ve Orta Grup Halk Danslar\u0131 g\u00f6sterileri, Karadeniz Kuzeyin U\u015faklar\u0131 grubu g\u00f6sterisi, Kar\u015f\u0131yaka K\u00fclt\u00fcr Sanat Derne\u011fi g\u00f6sterisi, D\u0130GEM Halk Danslar\u0131 G\u00f6sterisi, LA\u00c7 Belediyesi B\u00fcy\u00fckler Halk Danslar\u0131 G\u00f6sterisi ile Eril Cambaz konseri olacak.<\/p>\n<p>Festival, 9 Haziran Pazar ak\u015fam\u0131 sanat\u00e7\u0131 \u015eirin\u2019in konserinin ard\u0131ndan, 21.45\u2019te Haluk Levent\u2019in konseriyle sona erecek.<\/p>\n<p>Organizasyon boyunca festival alan\u0131nda \u00e7ocuklar i\u00e7in \u00e7e\u015fitli oyun alanlar\u0131, yiyecek-i\u00e7ecek, hediyelik e\u015fya ve el sanatlar\u0131n\u0131n sat\u0131\u015f\u0131n\u0131n yap\u0131ld\u0131\u011f\u0131 stantlar bulunacak.<\/p>\n<\/p><\/div>\n<p><script async\n                    defer\n                    crossorigin=\"anonymous\"\n                    src=\"https:\/\/connect.facebook.net\/tr_TR\/sdk.js#xfbml=1&#038;version=v3.3\"\n            ><\/script><\/p>\n","protected":false},"excerpt":{"rendered":"<p>Bu y\u0131l 12\u2019ncisi yap\u0131lacak Lapta Turizm Fesitivali 7-8-9 Haziran\u2019da yap\u0131lacak. Lapta Alsancak \u00c7aml\u0131bel (LA\u00c7) Belediyesi\u2019nin d\u00fczenledi\u011fi festivalle ilgili bug\u00fcn Manolya Otel\u2019de bas\u0131n toplant\u0131s\u0131 d\u00fczenlendi. -Ataser: \u201cAmac\u0131m\u0131z b\u00f6lgeyi cazibe merkezi haline getirmek\u201d LA\u00c7 Belediyesi\u2019nden verilen bilgiye g\u00f6re Belediye Ba\u015fkan\u0131 F\u0131rat Ataser, Lapta\u2019n\u0131n K\u0131br\u0131s T\u00fcrk turizminin ba\u015flad\u0131\u011f\u0131 b\u00f6lge oldu\u011funu an\u0131msatarak, festivalle b\u00f6lgeyi, do\u011fal, k\u00fclt\u00fcrel, tarihi zenginlikleri ve [&hellip;]<\/p>\n","protected":false},"author":1,"featured_media":4094,"comment_status":"open","ping_status":"open","sticky":false,"template":"","format":"standard","meta":{"jnews-multi-image_gallery":[],"jnews_single_post":[],"jnews_primary_category":[],"jnews_social_meta":[],"jnews_override_counter":[],"footnotes":""},"categories":[6],"tags":[],"class_list":["post-4093","post","type-post","status-publish","format-standard","has-post-thumbnail","hentry","category-yasam"],"yoast_head":"<!-- This site is optimized with the Yoast SEO plugin v27.5 - https:\/\/yoast.com\/product\/yoast-seo-wordpress\/ -->\n<title>12. Lapta Turizm Festivali 7-8-9 Haziran\u2019da yap\u0131lacak - Kuzeyin Sesi<\/title>\n<meta name=\"robots\" content=\"index, follow, max-snippet:-1, max-image-preview:large, max-video-preview:-1\" \/>\n<link rel=\"canonical\" href=\"https:\/\/kuzeyinsesi.org\/index.php\/2024\/06\/04\/12-lapta-turizm-festivali-7-8-9-haziranda-yapilacak\/\" \/>\n<meta property=\"og:locale\" content=\"tr_TR\" \/>\n<meta property=\"og:type\" content=\"article\" \/>\n<meta property=\"og:title\" content=\"12. Lapta Turizm Festivali 7-8-9 Haziran\u2019da yap\u0131lacak - Kuzeyin Sesi\" \/>\n<meta property=\"og:description\" content=\"Bu y\u0131l 12\u2019ncisi yap\u0131lacak Lapta Turizm Fesitivali 7-8-9 Haziran\u2019da yap\u0131lacak. Lapta Alsancak \u00c7aml\u0131bel (LA\u00c7) Belediyesi\u2019nin d\u00fczenledi\u011fi festivalle ilgili bug\u00fcn Manolya Otel\u2019de bas\u0131n toplant\u0131s\u0131 d\u00fczenlendi. -Ataser: \u201cAmac\u0131m\u0131z b\u00f6lgeyi cazibe merkezi haline getirmek\u201d LA\u00c7 Belediyesi\u2019nden verilen bilgiye g\u00f6re Belediye Ba\u015fkan\u0131 F\u0131rat Ataser, Lapta\u2019n\u0131n K\u0131br\u0131s T\u00fcrk turizminin ba\u015flad\u0131\u011f\u0131 b\u00f6lge oldu\u011funu an\u0131msatarak, festivalle b\u00f6lgeyi, do\u011fal, k\u00fclt\u00fcrel, tarihi zenginlikleri ve [&hellip;]\" \/>\n<meta property=\"og:url\" content=\"https:\/\/kuzeyinsesi.org\/index.php\/2024\/06\/04\/12-lapta-turizm-festivali-7-8-9-haziranda-yapilacak\/\" \/>\n<meta property=\"og:site_name\" content=\"Kuzeyin Sesi\" \/>\n<meta property=\"article:publisher\" content=\"https:\/\/www.facebook.com\/kuzeyinsesii\" \/>\n<meta property=\"article:published_time\" content=\"2024-06-04T16:19:19+00:00\" \/>\n<meta property=\"og:image\" content=\"https:\/\/kuzeyinsesi.org\/wp-content\/uploads\/2024\/06\/d6791b70-945c-4481-9c8e-34f430281098.jpg\" \/>\n\t<meta property=\"og:image:width\" content=\"1600\" \/>\n\t<meta property=\"og:image:height\" content=\"900\" \/>\n\t<meta property=\"og:image:type\" content=\"image\/jpeg\" \/>\n<meta name=\"author\" content=\"Kuzeyin Sesi\" \/>\n<meta name=\"twitter:card\" content=\"summary_large_image\" \/>\n<meta name=\"twitter:creator\" content=\"@kuzeyinsesii\" \/>\n<meta name=\"twitter:site\" content=\"@kuzeyinsesii\" \/>\n<meta name=\"twitter:label1\" content=\"Yazan:\" \/>\n\t<meta name=\"twitter:data1\" content=\"Kuzeyin Sesi\" \/>\n\t<meta name=\"twitter:label2\" content=\"Tahmini okuma s\u00fcresi\" \/>\n\t<meta name=\"twitter:data2\" content=\"2 dakika\" \/>\n<script type=\"application\/ld+json\" class=\"yoast-schema-graph\">{\"@context\":\"https:\\\/\\\/schema.org\",\"@graph\":[{\"@type\":\"Article\",\"@id\":\"https:\\\/\\\/kuzeyinsesi.org\\\/index.php\\\/2024\\\/06\\\/04\\\/12-lapta-turizm-festivali-7-8-9-haziranda-yapilacak\\\/#article\",\"isPartOf\":{\"@id\":\"https:\\\/\\\/kuzeyinsesi.org\\\/index.php\\\/2024\\\/06\\\/04\\\/12-lapta-turizm-festivali-7-8-9-haziranda-yapilacak\\\/\"},\"author\":{\"name\":\"Kuzeyin Sesi\",\"@id\":\"https:\\\/\\\/kuzeyinsesi.org\\\/#\\\/schema\\\/person\\\/9f859689cdf01485597712386e37f5aa\"},\"headline\":\"12. Lapta Turizm Festivali 7-8-9 Haziran\u2019da yap\u0131lacak\",\"datePublished\":\"2024-06-04T16:19:19+00:00\",\"mainEntityOfPage\":{\"@id\":\"https:\\\/\\\/kuzeyinsesi.org\\\/index.php\\\/2024\\\/06\\\/04\\\/12-lapta-turizm-festivali-7-8-9-haziranda-yapilacak\\\/\"},\"wordCount\":313,\"commentCount\":0,\"image\":{\"@id\":\"https:\\\/\\\/kuzeyinsesi.org\\\/index.php\\\/2024\\\/06\\\/04\\\/12-lapta-turizm-festivali-7-8-9-haziranda-yapilacak\\\/#primaryimage\"},\"thumbnailUrl\":\"https:\\\/\\\/kuzeyinsesi.org\\\/wp-content\\\/uploads\\\/2024\\\/06\\\/d6791b70-945c-4481-9c8e-34f430281098.jpg\",\"articleSection\":[\"Ya\u015fam\"],\"inLanguage\":\"tr\",\"potentialAction\":[{\"@type\":\"CommentAction\",\"name\":\"Comment\",\"target\":[\"https:\\\/\\\/kuzeyinsesi.org\\\/index.php\\\/2024\\\/06\\\/04\\\/12-lapta-turizm-festivali-7-8-9-haziranda-yapilacak\\\/#respond\"]}]},{\"@type\":\"WebPage\",\"@id\":\"https:\\\/\\\/kuzeyinsesi.org\\\/index.php\\\/2024\\\/06\\\/04\\\/12-lapta-turizm-festivali-7-8-9-haziranda-yapilacak\\\/\",\"url\":\"https:\\\/\\\/kuzeyinsesi.org\\\/index.php\\\/2024\\\/06\\\/04\\\/12-lapta-turizm-festivali-7-8-9-haziranda-yapilacak\\\/\",\"name\":\"12. Lapta Turizm Festivali 7-8-9 Haziran\u2019da yap\u0131lacak - Kuzeyin Sesi\",\"isPartOf\":{\"@id\":\"https:\\\/\\\/kuzeyinsesi.org\\\/#website\"},\"primaryImageOfPage\":{\"@id\":\"https:\\\/\\\/kuzeyinsesi.org\\\/index.php\\\/2024\\\/06\\\/04\\\/12-lapta-turizm-festivali-7-8-9-haziranda-yapilacak\\\/#primaryimage\"},\"image\":{\"@id\":\"https:\\\/\\\/kuzeyinsesi.org\\\/index.php\\\/2024\\\/06\\\/04\\\/12-lapta-turizm-festivali-7-8-9-haziranda-yapilacak\\\/#primaryimage\"},\"thumbnailUrl\":\"https:\\\/\\\/kuzeyinsesi.org\\\/wp-content\\\/uploads\\\/2024\\\/06\\\/d6791b70-945c-4481-9c8e-34f430281098.jpg\",\"datePublished\":\"2024-06-04T16:19:19+00:00\",\"author\":{\"@id\":\"https:\\\/\\\/kuzeyinsesi.org\\\/#\\\/schema\\\/person\\\/9f859689cdf01485597712386e37f5aa\"},\"breadcrumb\":{\"@id\":\"https:\\\/\\\/kuzeyinsesi.org\\\/index.php\\\/2024\\\/06\\\/04\\\/12-lapta-turizm-festivali-7-8-9-haziranda-yapilacak\\\/#breadcrumb\"},\"inLanguage\":\"tr\",\"potentialAction\":[{\"@type\":\"ReadAction\",\"target\":[\"https:\\\/\\\/kuzeyinsesi.org\\\/index.php\\\/2024\\\/06\\\/04\\\/12-lapta-turizm-festivali-7-8-9-haziranda-yapilacak\\\/\"]}]},{\"@type\":\"ImageObject\",\"inLanguage\":\"tr\",\"@id\":\"https:\\\/\\\/kuzeyinsesi.org\\\/index.php\\\/2024\\\/06\\\/04\\\/12-lapta-turizm-festivali-7-8-9-haziranda-yapilacak\\\/#primaryimage\",\"url\":\"https:\\\/\\\/kuzeyinsesi.org\\\/wp-content\\\/uploads\\\/2024\\\/06\\\/d6791b70-945c-4481-9c8e-34f430281098.jpg\",\"contentUrl\":\"https:\\\/\\\/kuzeyinsesi.org\\\/wp-content\\\/uploads\\\/2024\\\/06\\\/d6791b70-945c-4481-9c8e-34f430281098.jpg\",\"width\":1600,\"height\":900},{\"@type\":\"BreadcrumbList\",\"@id\":\"https:\\\/\\\/kuzeyinsesi.org\\\/index.php\\\/2024\\\/06\\\/04\\\/12-lapta-turizm-festivali-7-8-9-haziranda-yapilacak\\\/#breadcrumb\",\"itemListElement\":[{\"@type\":\"ListItem\",\"position\":1,\"name\":\"Anasayfa\",\"item\":\"https:\\\/\\\/kuzeyinsesi.org\\\/\"},{\"@type\":\"ListItem\",\"position\":2,\"name\":\"12. Lapta Turizm Festivali 7-8-9 Haziran\u2019da yap\u0131lacak\"}]},{\"@type\":\"WebSite\",\"@id\":\"https:\\\/\\\/kuzeyinsesi.org\\\/#website\",\"url\":\"https:\\\/\\\/kuzeyinsesi.org\\\/\",\"name\":\"Kuzeyin Sesi\",\"description\":\"Do\u011fru Haberin Adresi\",\"potentialAction\":[{\"@type\":\"SearchAction\",\"target\":{\"@type\":\"EntryPoint\",\"urlTemplate\":\"https:\\\/\\\/kuzeyinsesi.org\\\/?s={search_term_string}\"},\"query-input\":{\"@type\":\"PropertyValueSpecification\",\"valueRequired\":true,\"valueName\":\"search_term_string\"}}],\"inLanguage\":\"tr\"},{\"@type\":\"Person\",\"@id\":\"https:\\\/\\\/kuzeyinsesi.org\\\/#\\\/schema\\\/person\\\/9f859689cdf01485597712386e37f5aa\",\"name\":\"Kuzeyin Sesi\",\"image\":{\"@type\":\"ImageObject\",\"inLanguage\":\"tr\",\"@id\":\"https:\\\/\\\/secure.gravatar.com\\\/avatar\\\/bab33852abfd8b282518d6ed81826833d77c3c882d9ab608add591ccace47a44?s=96&d=mm&r=g\",\"url\":\"https:\\\/\\\/secure.gravatar.com\\\/avatar\\\/bab33852abfd8b282518d6ed81826833d77c3c882d9ab608add591ccace47a44?s=96&d=mm&r=g\",\"contentUrl\":\"https:\\\/\\\/secure.gravatar.com\\\/avatar\\\/bab33852abfd8b282518d6ed81826833d77c3c882d9ab608add591ccace47a44?s=96&d=mm&r=g\",\"caption\":\"Kuzeyin Sesi\"},\"sameAs\":[\"https:\\\/\\\/kuzeyinsesi.org\"],\"url\":\"https:\\\/\\\/kuzeyinsesi.org\\\/index.php\\\/author\\\/guven\\\/\"}]}<\/script>\n<!-- \/ Yoast SEO plugin. -->","yoast_head_json":{"title":"12. Lapta Turizm Festivali 7-8-9 Haziran\u2019da yap\u0131lacak - Kuzeyin Sesi","robots":{"index":"index","follow":"follow","max-snippet":"max-snippet:-1","max-image-preview":"max-image-preview:large","max-video-preview":"max-video-preview:-1"},"canonical":"https:\/\/kuzeyinsesi.org\/index.php\/2024\/06\/04\/12-lapta-turizm-festivali-7-8-9-haziranda-yapilacak\/","og_locale":"tr_TR","og_type":"article","og_title":"12. Lapta Turizm Festivali 7-8-9 Haziran\u2019da yap\u0131lacak - Kuzeyin Sesi","og_description":"Bu y\u0131l 12\u2019ncisi yap\u0131lacak Lapta Turizm Fesitivali 7-8-9 Haziran\u2019da yap\u0131lacak. Lapta Alsancak \u00c7aml\u0131bel (LA\u00c7) Belediyesi\u2019nin d\u00fczenledi\u011fi festivalle ilgili bug\u00fcn Manolya Otel\u2019de bas\u0131n toplant\u0131s\u0131 d\u00fczenlendi. -Ataser: \u201cAmac\u0131m\u0131z b\u00f6lgeyi cazibe merkezi haline getirmek\u201d LA\u00c7 Belediyesi\u2019nden verilen bilgiye g\u00f6re Belediye Ba\u015fkan\u0131 F\u0131rat Ataser, Lapta\u2019n\u0131n K\u0131br\u0131s T\u00fcrk turizminin ba\u015flad\u0131\u011f\u0131 b\u00f6lge oldu\u011funu an\u0131msatarak, festivalle b\u00f6lgeyi, do\u011fal, k\u00fclt\u00fcrel, tarihi zenginlikleri ve [&hellip;]","og_url":"https:\/\/kuzeyinsesi.org\/index.php\/2024\/06\/04\/12-lapta-turizm-festivali-7-8-9-haziranda-yapilacak\/","og_site_name":"Kuzeyin Sesi","article_publisher":"https:\/\/www.facebook.com\/kuzeyinsesii","article_published_time":"2024-06-04T16:19:19+00:00","og_image":[{"width":1600,"height":900,"url":"https:\/\/kuzeyinsesi.org\/wp-content\/uploads\/2024\/06\/d6791b70-945c-4481-9c8e-34f430281098.jpg","type":"image\/jpeg"}],"author":"Kuzeyin Sesi","twitter_card":"summary_large_image","twitter_creator":"@kuzeyinsesii","twitter_site":"@kuzeyinsesii","twitter_misc":{"Yazan:":"Kuzeyin Sesi","Tahmini okuma s\u00fcresi":"2 dakika"},"schema":{"@context":"https:\/\/schema.org","@graph":[{"@type":"Article","@id":"https:\/\/kuzeyinsesi.org\/index.php\/2024\/06\/04\/12-lapta-turizm-festivali-7-8-9-haziranda-yapilacak\/#article","isPartOf":{"@id":"https:\/\/kuzeyinsesi.org\/index.php\/2024\/06\/04\/12-lapta-turizm-festivali-7-8-9-haziranda-yapilacak\/"},"author":{"name":"Kuzeyin Sesi","@id":"https:\/\/kuzeyinsesi.org\/#\/schema\/person\/9f859689cdf01485597712386e37f5aa"},"headline":"12. Lapta Turizm Festivali 7-8-9 Haziran\u2019da yap\u0131lacak","datePublished":"2024-06-04T16:19:19+00:00","mainEntityOfPage":{"@id":"https:\/\/kuzeyinsesi.org\/index.php\/2024\/06\/04\/12-lapta-turizm-festivali-7-8-9-haziranda-yapilacak\/"},"wordCount":313,"commentCount":0,"image":{"@id":"https:\/\/kuzeyinsesi.org\/index.php\/2024\/06\/04\/12-lapta-turizm-festivali-7-8-9-haziranda-yapilacak\/#primaryimage"},"thumbnailUrl":"https:\/\/kuzeyinsesi.org\/wp-content\/uploads\/2024\/06\/d6791b70-945c-4481-9c8e-34f430281098.jpg","articleSection":["Ya\u015fam"],"inLanguage":"tr","potentialAction":[{"@type":"CommentAction","name":"Comment","target":["https:\/\/kuzeyinsesi.org\/index.php\/2024\/06\/04\/12-lapta-turizm-festivali-7-8-9-haziranda-yapilacak\/#respond"]}]},{"@type":"WebPage","@id":"https:\/\/kuzeyinsesi.org\/index.php\/2024\/06\/04\/12-lapta-turizm-festivali-7-8-9-haziranda-yapilacak\/","url":"https:\/\/kuzeyinsesi.org\/index.php\/2024\/06\/04\/12-lapta-turizm-festivali-7-8-9-haziranda-yapilacak\/","name":"12. Lapta Turizm Festivali 7-8-9 Haziran\u2019da yap\u0131lacak - Kuzeyin Sesi","isPartOf":{"@id":"https:\/\/kuzeyinsesi.org\/#website"},"primaryImageOfPage":{"@id":"https:\/\/kuzeyinsesi.org\/index.php\/2024\/06\/04\/12-lapta-turizm-festivali-7-8-9-haziranda-yapilacak\/#primaryimage"},"image":{"@id":"https:\/\/kuzeyinsesi.org\/index.php\/2024\/06\/04\/12-lapta-turizm-festivali-7-8-9-haziranda-yapilacak\/#primaryimage"},"thumbnailUrl":"https:\/\/kuzeyinsesi.org\/wp-content\/uploads\/2024\/06\/d6791b70-945c-4481-9c8e-34f430281098.jpg","datePublished":"2024-06-04T16:19:19+00:00","author":{"@id":"https:\/\/kuzeyinsesi.org\/#\/schema\/person\/9f859689cdf01485597712386e37f5aa"},"breadcrumb":{"@id":"https:\/\/kuzeyinsesi.org\/index.php\/2024\/06\/04\/12-lapta-turizm-festivali-7-8-9-haziranda-yapilacak\/#breadcrumb"},"inLanguage":"tr","potentialAction":[{"@type":"ReadAction","target":["https:\/\/kuzeyinsesi.org\/index.php\/2024\/06\/04\/12-lapta-turizm-festivali-7-8-9-haziranda-yapilacak\/"]}]},{"@type":"ImageObject","inLanguage":"tr","@id":"https:\/\/kuzeyinsesi.org\/index.php\/2024\/06\/04\/12-lapta-turizm-festivali-7-8-9-haziranda-yapilacak\/#primaryimage","url":"https:\/\/kuzeyinsesi.org\/wp-content\/uploads\/2024\/06\/d6791b70-945c-4481-9c8e-34f430281098.jpg","contentUrl":"https:\/\/kuzeyinsesi.org\/wp-content\/uploads\/2024\/06\/d6791b70-945c-4481-9c8e-34f430281098.jpg","width":1600,"height":900},{"@type":"BreadcrumbList","@id":"https:\/\/kuzeyinsesi.org\/index.php\/2024\/06\/04\/12-lapta-turizm-festivali-7-8-9-haziranda-yapilacak\/#breadcrumb","itemListElement":[{"@type":"ListItem","position":1,"name":"Anasayfa","item":"https:\/\/kuzeyinsesi.org\/"},{"@type":"ListItem","position":2,"name":"12. Lapta Turizm Festivali 7-8-9 Haziran\u2019da yap\u0131lacak"}]},{"@type":"WebSite","@id":"https:\/\/kuzeyinsesi.org\/#website","url":"https:\/\/kuzeyinsesi.org\/","name":"Kuzeyin Sesi","description":"Do\u011fru Haberin Adresi","potentialAction":[{"@type":"SearchAction","target":{"@type":"EntryPoint","urlTemplate":"https:\/\/kuzeyinsesi.org\/?s={search_term_string}"},"query-input":{"@type":"PropertyValueSpecification","valueRequired":true,"valueName":"search_term_string"}}],"inLanguage":"tr"},{"@type":"Person","@id":"https:\/\/kuzeyinsesi.org\/#\/schema\/person\/9f859689cdf01485597712386e37f5aa","name":"Kuzeyin Sesi","image":{"@type":"ImageObject","inLanguage":"tr","@id":"https:\/\/secure.gravatar.com\/avatar\/bab33852abfd8b282518d6ed81826833d77c3c882d9ab608add591ccace47a44?s=96&d=mm&r=g","url":"https:\/\/secure.gravatar.com\/avatar\/bab33852abfd8b282518d6ed81826833d77c3c882d9ab608add591ccace47a44?s=96&d=mm&r=g","contentUrl":"https:\/\/secure.gravatar.com\/avatar\/bab33852abfd8b282518d6ed81826833d77c3c882d9ab608add591ccace47a44?s=96&d=mm&r=g","caption":"Kuzeyin Sesi"},"sameAs":["https:\/\/kuzeyinsesi.org"],"url":"https:\/\/kuzeyinsesi.org\/index.php\/author\/guven\/"}]}},"_links":{"self":[{"href":"https:\/\/kuzeyinsesi.org\/index.php\/wp-json\/wp\/v2\/posts\/4093","targetHints":{"allow":["GET"]}}],"collection":[{"href":"https:\/\/kuzeyinsesi.org\/index.php\/wp-json\/wp\/v2\/posts"}],"about":[{"href":"https:\/\/kuzeyinsesi.org\/index.php\/wp-json\/wp\/v2\/types\/post"}],"author":[{"embeddable":true,"href":"https:\/\/kuzeyinsesi.org\/index.php\/wp-json\/wp\/v2\/users\/1"}],"replies":[{"embeddable":true,"href":"https:\/\/kuzeyinsesi.org\/index.php\/wp-json\/wp\/v2\/comments?post=4093"}],"version-history":[{"count":0,"href":"https:\/\/kuzeyinsesi.org\/index.php\/wp-json\/wp\/v2\/posts\/4093\/revisions"}],"wp:featuredmedia":[{"embeddable":true,"href":"https:\/\/kuzeyinsesi.org\/index.php\/wp-json\/wp\/v2\/media\/4094"}],"wp:attachment":[{"href":"https:\/\/kuzeyinsesi.org\/index.php\/wp-json\/wp\/v2\/media?parent=4093"}],"wp:term":[{"taxonomy":"category","embeddable":true,"href":"https:\/\/kuzeyinsesi.org\/index.php\/wp-json\/wp\/v2\/categories?post=4093"},{"taxonomy":"post_tag","embeddable":true,"href":"https:\/\/kuzeyinsesi.org\/index.php\/wp-json\/wp\/v2\/tags?post=4093"}],"curies":[{"name":"wp","href":"https:\/\/api.w.org\/{rel}","templated":true}]}}