{"id":4052,"date":"2024-06-04T14:11:50","date_gmt":"2024-06-04T11:11:50","guid":{"rendered":"https:\/\/kuzeyinsesi.com\/index.php\/2024\/06\/04\/hawaiideki-kilauea-yanardagi-kisa-sureligine-faaliyete-gecti\/"},"modified":"2024-06-04T14:11:50","modified_gmt":"2024-06-04T11:11:50","slug":"hawaiideki-kilauea-yanardagi-kisa-sureligine-faaliyete-gecti","status":"publish","type":"post","link":"https:\/\/kuzeyinsesi.org\/index.php\/2024\/06\/04\/hawaiideki-kilauea-yanardagi-kisa-sureligine-faaliyete-gecti\/","title":{"rendered":"Hawaii\u2019deki Kilauea Yanarda\u011f\u0131 k\u0131sa s\u00fcreli\u011fine faaliyete ge\u00e7ti"},"content":{"rendered":"<div>\n<div class=\"mariselle-image-container center\">\n                                            <\/div>\n<p>ABD Jeolojik Ara\u015ft\u0131rmalar Merkezi (USGS), internet sitesinde yay\u0131mlad\u0131\u011f\u0131 raporda, Kilauea Yanarda\u011f\u0131\u2019n\u0131n d\u00fcn faaliyete ge\u00e7ti\u011fini duyurdu.<\/p>\n<p>Yanarda\u011fdaki faaliyetin birka\u00e7 saat sonra sona erdi\u011fi belirtilen raporda, b\u00f6lgenin dinamik olmaya devam etti\u011fi ve yeniden faaliyete ge\u00e7mesi ihtimali nedeniyle yanarda\u011f\u0131n yak\u0131ndan takip edildi\u011fi bildirildi.<\/p>\n<p>Patlamalar\u0131n b\u00f6lge sakinleri i\u00e7in \u015fimdilik bir tehdit olu\u015fturmad\u0131\u011f\u0131 kaydedildi.<\/p>\n<p>D\u00fcnyan\u0131n en aktif yanarda\u011flar\u0131ndan Kilauea\u2019da 1983\u2019ten beri patlamalar oluyor.<\/p>\n<\/p><\/div>\n<p><script async\n                    defer\n                    crossorigin=\"anonymous\"\n                    src=\"https:\/\/connect.facebook.net\/tr_TR\/sdk.js#xfbml=1&#038;version=v3.3\"\n            ><\/script><\/p>\n","protected":false},"excerpt":{"rendered":"<p>ABD Jeolojik Ara\u015ft\u0131rmalar Merkezi (USGS), internet sitesinde yay\u0131mlad\u0131\u011f\u0131 raporda, Kilauea Yanarda\u011f\u0131\u2019n\u0131n d\u00fcn faaliyete ge\u00e7ti\u011fini duyurdu. Yanarda\u011fdaki faaliyetin birka\u00e7 saat sonra sona erdi\u011fi belirtilen raporda, b\u00f6lgenin dinamik olmaya devam etti\u011fi ve yeniden faaliyete ge\u00e7mesi ihtimali nedeniyle yanarda\u011f\u0131n yak\u0131ndan takip edildi\u011fi bildirildi. Patlamalar\u0131n b\u00f6lge sakinleri i\u00e7in \u015fimdilik bir tehdit olu\u015fturmad\u0131\u011f\u0131 kaydedildi. D\u00fcnyan\u0131n en aktif yanarda\u011flar\u0131ndan Kilauea\u2019da 1983\u2019ten [&hellip;]<\/p>\n","protected":false},"author":1,"featured_media":4053,"comment_status":"open","ping_status":"open","sticky":false,"template":"","format":"standard","meta":{"jnews-multi-image_gallery":[],"jnews_single_post":[],"jnews_primary_category":[],"jnews_social_meta":[],"jnews_override_counter":[],"footnotes":""},"categories":[6],"tags":[],"class_list":["post-4052","post","type-post","status-publish","format-standard","has-post-thumbnail","hentry","category-yasam"],"yoast_head":"<!-- This site is optimized with the Yoast SEO plugin v27.5 - https:\/\/yoast.com\/product\/yoast-seo-wordpress\/ -->\n<title>Hawaii\u2019deki Kilauea Yanarda\u011f\u0131 k\u0131sa s\u00fcreli\u011fine faaliyete ge\u00e7ti - Kuzeyin Sesi<\/title>\n<meta name=\"robots\" content=\"index, follow, max-snippet:-1, max-image-preview:large, max-video-preview:-1\" \/>\n<link rel=\"canonical\" href=\"https:\/\/kuzeyinsesi.org\/index.php\/2024\/06\/04\/hawaiideki-kilauea-yanardagi-kisa-sureligine-faaliyete-gecti\/\" \/>\n<meta property=\"og:locale\" content=\"tr_TR\" \/>\n<meta property=\"og:type\" content=\"article\" \/>\n<meta property=\"og:title\" content=\"Hawaii\u2019deki Kilauea Yanarda\u011f\u0131 k\u0131sa s\u00fcreli\u011fine faaliyete ge\u00e7ti - Kuzeyin Sesi\" \/>\n<meta property=\"og:description\" content=\"ABD Jeolojik Ara\u015ft\u0131rmalar Merkezi (USGS), internet sitesinde yay\u0131mlad\u0131\u011f\u0131 raporda, Kilauea Yanarda\u011f\u0131\u2019n\u0131n d\u00fcn faaliyete ge\u00e7ti\u011fini duyurdu. Yanarda\u011fdaki faaliyetin birka\u00e7 saat sonra sona erdi\u011fi belirtilen raporda, b\u00f6lgenin dinamik olmaya devam etti\u011fi ve yeniden faaliyete ge\u00e7mesi ihtimali nedeniyle yanarda\u011f\u0131n yak\u0131ndan takip edildi\u011fi bildirildi. Patlamalar\u0131n b\u00f6lge sakinleri i\u00e7in \u015fimdilik bir tehdit olu\u015fturmad\u0131\u011f\u0131 kaydedildi. D\u00fcnyan\u0131n en aktif yanarda\u011flar\u0131ndan Kilauea\u2019da 1983\u2019ten [&hellip;]\" \/>\n<meta property=\"og:url\" content=\"https:\/\/kuzeyinsesi.org\/index.php\/2024\/06\/04\/hawaiideki-kilauea-yanardagi-kisa-sureligine-faaliyete-gecti\/\" \/>\n<meta property=\"og:site_name\" content=\"Kuzeyin Sesi\" \/>\n<meta property=\"article:publisher\" content=\"https:\/\/www.facebook.com\/kuzeyinsesii\" \/>\n<meta property=\"article:published_time\" content=\"2024-06-04T11:11:50+00:00\" \/>\n<meta property=\"og:image\" content=\"https:\/\/kuzeyinsesi.org\/wp-content\/uploads\/2024\/06\/thumbs_b_c_1714372a92045fb8632299f5b28e6371-2.jpg\" \/>\n\t<meta property=\"og:image:width\" content=\"864\" \/>\n\t<meta property=\"og:image:height\" content=\"486\" \/>\n\t<meta property=\"og:image:type\" content=\"image\/jpeg\" \/>\n<meta name=\"author\" content=\"Kuzeyin Sesi\" \/>\n<meta name=\"twitter:card\" content=\"summary_large_image\" \/>\n<meta name=\"twitter:creator\" content=\"@kuzeyinsesii\" \/>\n<meta name=\"twitter:site\" content=\"@kuzeyinsesii\" \/>\n<meta name=\"twitter:label1\" content=\"Yazan:\" \/>\n\t<meta name=\"twitter:data1\" content=\"Kuzeyin Sesi\" \/>\n<script type=\"application\/ld+json\" class=\"yoast-schema-graph\">{\"@context\":\"https:\\\/\\\/schema.org\",\"@graph\":[{\"@type\":\"Article\",\"@id\":\"https:\\\/\\\/kuzeyinsesi.org\\\/index.php\\\/2024\\\/06\\\/04\\\/hawaiideki-kilauea-yanardagi-kisa-sureligine-faaliyete-gecti\\\/#article\",\"isPartOf\":{\"@id\":\"https:\\\/\\\/kuzeyinsesi.org\\\/index.php\\\/2024\\\/06\\\/04\\\/hawaiideki-kilauea-yanardagi-kisa-sureligine-faaliyete-gecti\\\/\"},\"author\":{\"name\":\"Kuzeyin Sesi\",\"@id\":\"https:\\\/\\\/kuzeyinsesi.org\\\/#\\\/schema\\\/person\\\/9f859689cdf01485597712386e37f5aa\"},\"headline\":\"Hawaii\u2019deki Kilauea Yanarda\u011f\u0131 k\u0131sa s\u00fcreli\u011fine faaliyete ge\u00e7ti\",\"datePublished\":\"2024-06-04T11:11:50+00:00\",\"mainEntityOfPage\":{\"@id\":\"https:\\\/\\\/kuzeyinsesi.org\\\/index.php\\\/2024\\\/06\\\/04\\\/hawaiideki-kilauea-yanardagi-kisa-sureligine-faaliyete-gecti\\\/\"},\"wordCount\":95,\"commentCount\":0,\"image\":{\"@id\":\"https:\\\/\\\/kuzeyinsesi.org\\\/index.php\\\/2024\\\/06\\\/04\\\/hawaiideki-kilauea-yanardagi-kisa-sureligine-faaliyete-gecti\\\/#primaryimage\"},\"thumbnailUrl\":\"https:\\\/\\\/kuzeyinsesi.org\\\/wp-content\\\/uploads\\\/2024\\\/06\\\/thumbs_b_c_1714372a92045fb8632299f5b28e6371-2.jpg\",\"articleSection\":[\"Ya\u015fam\"],\"inLanguage\":\"tr\",\"potentialAction\":[{\"@type\":\"CommentAction\",\"name\":\"Comment\",\"target\":[\"https:\\\/\\\/kuzeyinsesi.org\\\/index.php\\\/2024\\\/06\\\/04\\\/hawaiideki-kilauea-yanardagi-kisa-sureligine-faaliyete-gecti\\\/#respond\"]}]},{\"@type\":\"WebPage\",\"@id\":\"https:\\\/\\\/kuzeyinsesi.org\\\/index.php\\\/2024\\\/06\\\/04\\\/hawaiideki-kilauea-yanardagi-kisa-sureligine-faaliyete-gecti\\\/\",\"url\":\"https:\\\/\\\/kuzeyinsesi.org\\\/index.php\\\/2024\\\/06\\\/04\\\/hawaiideki-kilauea-yanardagi-kisa-sureligine-faaliyete-gecti\\\/\",\"name\":\"Hawaii\u2019deki Kilauea Yanarda\u011f\u0131 k\u0131sa s\u00fcreli\u011fine faaliyete ge\u00e7ti - Kuzeyin Sesi\",\"isPartOf\":{\"@id\":\"https:\\\/\\\/kuzeyinsesi.org\\\/#website\"},\"primaryImageOfPage\":{\"@id\":\"https:\\\/\\\/kuzeyinsesi.org\\\/index.php\\\/2024\\\/06\\\/04\\\/hawaiideki-kilauea-yanardagi-kisa-sureligine-faaliyete-gecti\\\/#primaryimage\"},\"image\":{\"@id\":\"https:\\\/\\\/kuzeyinsesi.org\\\/index.php\\\/2024\\\/06\\\/04\\\/hawaiideki-kilauea-yanardagi-kisa-sureligine-faaliyete-gecti\\\/#primaryimage\"},\"thumbnailUrl\":\"https:\\\/\\\/kuzeyinsesi.org\\\/wp-content\\\/uploads\\\/2024\\\/06\\\/thumbs_b_c_1714372a92045fb8632299f5b28e6371-2.jpg\",\"datePublished\":\"2024-06-04T11:11:50+00:00\",\"author\":{\"@id\":\"https:\\\/\\\/kuzeyinsesi.org\\\/#\\\/schema\\\/person\\\/9f859689cdf01485597712386e37f5aa\"},\"breadcrumb\":{\"@id\":\"https:\\\/\\\/kuzeyinsesi.org\\\/index.php\\\/2024\\\/06\\\/04\\\/hawaiideki-kilauea-yanardagi-kisa-sureligine-faaliyete-gecti\\\/#breadcrumb\"},\"inLanguage\":\"tr\",\"potentialAction\":[{\"@type\":\"ReadAction\",\"target\":[\"https:\\\/\\\/kuzeyinsesi.org\\\/index.php\\\/2024\\\/06\\\/04\\\/hawaiideki-kilauea-yanardagi-kisa-sureligine-faaliyete-gecti\\\/\"]}]},{\"@type\":\"ImageObject\",\"inLanguage\":\"tr\",\"@id\":\"https:\\\/\\\/kuzeyinsesi.org\\\/index.php\\\/2024\\\/06\\\/04\\\/hawaiideki-kilauea-yanardagi-kisa-sureligine-faaliyete-gecti\\\/#primaryimage\",\"url\":\"https:\\\/\\\/kuzeyinsesi.org\\\/wp-content\\\/uploads\\\/2024\\\/06\\\/thumbs_b_c_1714372a92045fb8632299f5b28e6371-2.jpg\",\"contentUrl\":\"https:\\\/\\\/kuzeyinsesi.org\\\/wp-content\\\/uploads\\\/2024\\\/06\\\/thumbs_b_c_1714372a92045fb8632299f5b28e6371-2.jpg\",\"width\":864,\"height\":486},{\"@type\":\"BreadcrumbList\",\"@id\":\"https:\\\/\\\/kuzeyinsesi.org\\\/index.php\\\/2024\\\/06\\\/04\\\/hawaiideki-kilauea-yanardagi-kisa-sureligine-faaliyete-gecti\\\/#breadcrumb\",\"itemListElement\":[{\"@type\":\"ListItem\",\"position\":1,\"name\":\"Anasayfa\",\"item\":\"https:\\\/\\\/kuzeyinsesi.org\\\/\"},{\"@type\":\"ListItem\",\"position\":2,\"name\":\"Hawaii\u2019deki Kilauea Yanarda\u011f\u0131 k\u0131sa s\u00fcreli\u011fine faaliyete ge\u00e7ti\"}]},{\"@type\":\"WebSite\",\"@id\":\"https:\\\/\\\/kuzeyinsesi.org\\\/#website\",\"url\":\"https:\\\/\\\/kuzeyinsesi.org\\\/\",\"name\":\"Kuzeyin Sesi\",\"description\":\"Do\u011fru Haberin Adresi\",\"potentialAction\":[{\"@type\":\"SearchAction\",\"target\":{\"@type\":\"EntryPoint\",\"urlTemplate\":\"https:\\\/\\\/kuzeyinsesi.org\\\/?s={search_term_string}\"},\"query-input\":{\"@type\":\"PropertyValueSpecification\",\"valueRequired\":true,\"valueName\":\"search_term_string\"}}],\"inLanguage\":\"tr\"},{\"@type\":\"Person\",\"@id\":\"https:\\\/\\\/kuzeyinsesi.org\\\/#\\\/schema\\\/person\\\/9f859689cdf01485597712386e37f5aa\",\"name\":\"Kuzeyin Sesi\",\"image\":{\"@type\":\"ImageObject\",\"inLanguage\":\"tr\",\"@id\":\"https:\\\/\\\/secure.gravatar.com\\\/avatar\\\/bab33852abfd8b282518d6ed81826833d77c3c882d9ab608add591ccace47a44?s=96&d=mm&r=g\",\"url\":\"https:\\\/\\\/secure.gravatar.com\\\/avatar\\\/bab33852abfd8b282518d6ed81826833d77c3c882d9ab608add591ccace47a44?s=96&d=mm&r=g\",\"contentUrl\":\"https:\\\/\\\/secure.gravatar.com\\\/avatar\\\/bab33852abfd8b282518d6ed81826833d77c3c882d9ab608add591ccace47a44?s=96&d=mm&r=g\",\"caption\":\"Kuzeyin Sesi\"},\"sameAs\":[\"https:\\\/\\\/kuzeyinsesi.org\"],\"url\":\"https:\\\/\\\/kuzeyinsesi.org\\\/index.php\\\/author\\\/guven\\\/\"}]}<\/script>\n<!-- \/ Yoast SEO plugin. -->","yoast_head_json":{"title":"Hawaii\u2019deki Kilauea Yanarda\u011f\u0131 k\u0131sa s\u00fcreli\u011fine faaliyete ge\u00e7ti - Kuzeyin Sesi","robots":{"index":"index","follow":"follow","max-snippet":"max-snippet:-1","max-image-preview":"max-image-preview:large","max-video-preview":"max-video-preview:-1"},"canonical":"https:\/\/kuzeyinsesi.org\/index.php\/2024\/06\/04\/hawaiideki-kilauea-yanardagi-kisa-sureligine-faaliyete-gecti\/","og_locale":"tr_TR","og_type":"article","og_title":"Hawaii\u2019deki Kilauea Yanarda\u011f\u0131 k\u0131sa s\u00fcreli\u011fine faaliyete ge\u00e7ti - Kuzeyin Sesi","og_description":"ABD Jeolojik Ara\u015ft\u0131rmalar Merkezi (USGS), internet sitesinde yay\u0131mlad\u0131\u011f\u0131 raporda, Kilauea Yanarda\u011f\u0131\u2019n\u0131n d\u00fcn faaliyete ge\u00e7ti\u011fini duyurdu. Yanarda\u011fdaki faaliyetin birka\u00e7 saat sonra sona erdi\u011fi belirtilen raporda, b\u00f6lgenin dinamik olmaya devam etti\u011fi ve yeniden faaliyete ge\u00e7mesi ihtimali nedeniyle yanarda\u011f\u0131n yak\u0131ndan takip edildi\u011fi bildirildi. Patlamalar\u0131n b\u00f6lge sakinleri i\u00e7in \u015fimdilik bir tehdit olu\u015fturmad\u0131\u011f\u0131 kaydedildi. D\u00fcnyan\u0131n en aktif yanarda\u011flar\u0131ndan Kilauea\u2019da 1983\u2019ten [&hellip;]","og_url":"https:\/\/kuzeyinsesi.org\/index.php\/2024\/06\/04\/hawaiideki-kilauea-yanardagi-kisa-sureligine-faaliyete-gecti\/","og_site_name":"Kuzeyin Sesi","article_publisher":"https:\/\/www.facebook.com\/kuzeyinsesii","article_published_time":"2024-06-04T11:11:50+00:00","og_image":[{"width":864,"height":486,"url":"https:\/\/kuzeyinsesi.org\/wp-content\/uploads\/2024\/06\/thumbs_b_c_1714372a92045fb8632299f5b28e6371-2.jpg","type":"image\/jpeg"}],"author":"Kuzeyin Sesi","twitter_card":"summary_large_image","twitter_creator":"@kuzeyinsesii","twitter_site":"@kuzeyinsesii","twitter_misc":{"Yazan:":"Kuzeyin Sesi"},"schema":{"@context":"https:\/\/schema.org","@graph":[{"@type":"Article","@id":"https:\/\/kuzeyinsesi.org\/index.php\/2024\/06\/04\/hawaiideki-kilauea-yanardagi-kisa-sureligine-faaliyete-gecti\/#article","isPartOf":{"@id":"https:\/\/kuzeyinsesi.org\/index.php\/2024\/06\/04\/hawaiideki-kilauea-yanardagi-kisa-sureligine-faaliyete-gecti\/"},"author":{"name":"Kuzeyin Sesi","@id":"https:\/\/kuzeyinsesi.org\/#\/schema\/person\/9f859689cdf01485597712386e37f5aa"},"headline":"Hawaii\u2019deki Kilauea Yanarda\u011f\u0131 k\u0131sa s\u00fcreli\u011fine faaliyete ge\u00e7ti","datePublished":"2024-06-04T11:11:50+00:00","mainEntityOfPage":{"@id":"https:\/\/kuzeyinsesi.org\/index.php\/2024\/06\/04\/hawaiideki-kilauea-yanardagi-kisa-sureligine-faaliyete-gecti\/"},"wordCount":95,"commentCount":0,"image":{"@id":"https:\/\/kuzeyinsesi.org\/index.php\/2024\/06\/04\/hawaiideki-kilauea-yanardagi-kisa-sureligine-faaliyete-gecti\/#primaryimage"},"thumbnailUrl":"https:\/\/kuzeyinsesi.org\/wp-content\/uploads\/2024\/06\/thumbs_b_c_1714372a92045fb8632299f5b28e6371-2.jpg","articleSection":["Ya\u015fam"],"inLanguage":"tr","potentialAction":[{"@type":"CommentAction","name":"Comment","target":["https:\/\/kuzeyinsesi.org\/index.php\/2024\/06\/04\/hawaiideki-kilauea-yanardagi-kisa-sureligine-faaliyete-gecti\/#respond"]}]},{"@type":"WebPage","@id":"https:\/\/kuzeyinsesi.org\/index.php\/2024\/06\/04\/hawaiideki-kilauea-yanardagi-kisa-sureligine-faaliyete-gecti\/","url":"https:\/\/kuzeyinsesi.org\/index.php\/2024\/06\/04\/hawaiideki-kilauea-yanardagi-kisa-sureligine-faaliyete-gecti\/","name":"Hawaii\u2019deki Kilauea Yanarda\u011f\u0131 k\u0131sa s\u00fcreli\u011fine faaliyete ge\u00e7ti - Kuzeyin Sesi","isPartOf":{"@id":"https:\/\/kuzeyinsesi.org\/#website"},"primaryImageOfPage":{"@id":"https:\/\/kuzeyinsesi.org\/index.php\/2024\/06\/04\/hawaiideki-kilauea-yanardagi-kisa-sureligine-faaliyete-gecti\/#primaryimage"},"image":{"@id":"https:\/\/kuzeyinsesi.org\/index.php\/2024\/06\/04\/hawaiideki-kilauea-yanardagi-kisa-sureligine-faaliyete-gecti\/#primaryimage"},"thumbnailUrl":"https:\/\/kuzeyinsesi.org\/wp-content\/uploads\/2024\/06\/thumbs_b_c_1714372a92045fb8632299f5b28e6371-2.jpg","datePublished":"2024-06-04T11:11:50+00:00","author":{"@id":"https:\/\/kuzeyinsesi.org\/#\/schema\/person\/9f859689cdf01485597712386e37f5aa"},"breadcrumb":{"@id":"https:\/\/kuzeyinsesi.org\/index.php\/2024\/06\/04\/hawaiideki-kilauea-yanardagi-kisa-sureligine-faaliyete-gecti\/#breadcrumb"},"inLanguage":"tr","potentialAction":[{"@type":"ReadAction","target":["https:\/\/kuzeyinsesi.org\/index.php\/2024\/06\/04\/hawaiideki-kilauea-yanardagi-kisa-sureligine-faaliyete-gecti\/"]}]},{"@type":"ImageObject","inLanguage":"tr","@id":"https:\/\/kuzeyinsesi.org\/index.php\/2024\/06\/04\/hawaiideki-kilauea-yanardagi-kisa-sureligine-faaliyete-gecti\/#primaryimage","url":"https:\/\/kuzeyinsesi.org\/wp-content\/uploads\/2024\/06\/thumbs_b_c_1714372a92045fb8632299f5b28e6371-2.jpg","contentUrl":"https:\/\/kuzeyinsesi.org\/wp-content\/uploads\/2024\/06\/thumbs_b_c_1714372a92045fb8632299f5b28e6371-2.jpg","width":864,"height":486},{"@type":"BreadcrumbList","@id":"https:\/\/kuzeyinsesi.org\/index.php\/2024\/06\/04\/hawaiideki-kilauea-yanardagi-kisa-sureligine-faaliyete-gecti\/#breadcrumb","itemListElement":[{"@type":"ListItem","position":1,"name":"Anasayfa","item":"https:\/\/kuzeyinsesi.org\/"},{"@type":"ListItem","position":2,"name":"Hawaii\u2019deki Kilauea Yanarda\u011f\u0131 k\u0131sa s\u00fcreli\u011fine faaliyete ge\u00e7ti"}]},{"@type":"WebSite","@id":"https:\/\/kuzeyinsesi.org\/#website","url":"https:\/\/kuzeyinsesi.org\/","name":"Kuzeyin Sesi","description":"Do\u011fru Haberin Adresi","potentialAction":[{"@type":"SearchAction","target":{"@type":"EntryPoint","urlTemplate":"https:\/\/kuzeyinsesi.org\/?s={search_term_string}"},"query-input":{"@type":"PropertyValueSpecification","valueRequired":true,"valueName":"search_term_string"}}],"inLanguage":"tr"},{"@type":"Person","@id":"https:\/\/kuzeyinsesi.org\/#\/schema\/person\/9f859689cdf01485597712386e37f5aa","name":"Kuzeyin Sesi","image":{"@type":"ImageObject","inLanguage":"tr","@id":"https:\/\/secure.gravatar.com\/avatar\/bab33852abfd8b282518d6ed81826833d77c3c882d9ab608add591ccace47a44?s=96&d=mm&r=g","url":"https:\/\/secure.gravatar.com\/avatar\/bab33852abfd8b282518d6ed81826833d77c3c882d9ab608add591ccace47a44?s=96&d=mm&r=g","contentUrl":"https:\/\/secure.gravatar.com\/avatar\/bab33852abfd8b282518d6ed81826833d77c3c882d9ab608add591ccace47a44?s=96&d=mm&r=g","caption":"Kuzeyin Sesi"},"sameAs":["https:\/\/kuzeyinsesi.org"],"url":"https:\/\/kuzeyinsesi.org\/index.php\/author\/guven\/"}]}},"_links":{"self":[{"href":"https:\/\/kuzeyinsesi.org\/index.php\/wp-json\/wp\/v2\/posts\/4052","targetHints":{"allow":["GET"]}}],"collection":[{"href":"https:\/\/kuzeyinsesi.org\/index.php\/wp-json\/wp\/v2\/posts"}],"about":[{"href":"https:\/\/kuzeyinsesi.org\/index.php\/wp-json\/wp\/v2\/types\/post"}],"author":[{"embeddable":true,"href":"https:\/\/kuzeyinsesi.org\/index.php\/wp-json\/wp\/v2\/users\/1"}],"replies":[{"embeddable":true,"href":"https:\/\/kuzeyinsesi.org\/index.php\/wp-json\/wp\/v2\/comments?post=4052"}],"version-history":[{"count":0,"href":"https:\/\/kuzeyinsesi.org\/index.php\/wp-json\/wp\/v2\/posts\/4052\/revisions"}],"wp:featuredmedia":[{"embeddable":true,"href":"https:\/\/kuzeyinsesi.org\/index.php\/wp-json\/wp\/v2\/media\/4053"}],"wp:attachment":[{"href":"https:\/\/kuzeyinsesi.org\/index.php\/wp-json\/wp\/v2\/media?parent=4052"}],"wp:term":[{"taxonomy":"category","embeddable":true,"href":"https:\/\/kuzeyinsesi.org\/index.php\/wp-json\/wp\/v2\/categories?post=4052"},{"taxonomy":"post_tag","embeddable":true,"href":"https:\/\/kuzeyinsesi.org\/index.php\/wp-json\/wp\/v2\/tags?post=4052"}],"curies":[{"name":"wp","href":"https:\/\/api.w.org\/{rel}","templated":true}]}}