{"id":4042,"date":"2024-06-04T12:09:20","date_gmt":"2024-06-04T09:09:20","guid":{"rendered":"https:\/\/kuzeyinsesi.com\/index.php\/2024\/06\/04\/gelecegi-kodlayan-minikler-bilim-festivali-pazar-gunu-yapiliyor\/"},"modified":"2024-06-04T12:09:20","modified_gmt":"2024-06-04T09:09:20","slug":"gelecegi-kodlayan-minikler-bilim-festivali-pazar-gunu-yapiliyor","status":"publish","type":"post","link":"https:\/\/kuzeyinsesi.org\/index.php\/2024\/06\/04\/gelecegi-kodlayan-minikler-bilim-festivali-pazar-gunu-yapiliyor\/","title":{"rendered":"\u201cGelece\u011fi Kodlayan Minikler Bilim Festivali\u201d Pazar g\u00fcn\u00fc yap\u0131l\u0131yor"},"content":{"rendered":"<div>\n<div class=\"mariselle-image-container center\">\n                                            <\/div>\n<p>\n\u201cGelece\u011fi Kodlayan Minikler Bilim Festivali\u201d Pazar g\u00fcn\u00fc yap\u0131l\u0131yor.<\/p>\n<p>\u00d6\u011frenen Mutlu Bireyler Merkezi\u2019nden yap\u0131lan yaz\u0131l\u0131 a\u00e7\u0131klamada, Ark\u0131n Yarat\u0131c\u0131 Sanatlar ve Tasar\u0131m \u00dcniversitesi\u2019nin (ARUCAD) ev sahipli\u011finde ger\u00e7ekle\u015fecek olan \u201cGelece\u011fi Kodlayan Minikler Bilim Festivali\u201d, bilim ve sanat\u0131n birle\u015fimine sahne olacak.<\/p>\n<p>ARUCAD Kamp\u00fcs\u00fcnde 9 Haziran Pazar g\u00fcn\u00fc saat 09.00\u2019dan 12.30\u2019a kadar s\u00fcrecek festivalde \u00e7ocuklar, \u201cMaster Piece\u201d temas\u0131yla sanat\u0131n t\u00fcm renklerini ara\u015ft\u0131r\u0131p ke\u015ffedecekler.<\/p>\n<p>A\u00e7\u0131klamada, bu y\u0131l Ark\u0131n Group ve ARUCAD sponsorlu\u011funda ger\u00e7ekle\u015fecek \u201cGelece\u011fi Kodlayan Minikler Bilim Festivali\u201dnin, \u00e7ocuklar\u0131 sanat, bilim ve m\u00fchendislik alanlar\u0131na ilgi duymaya te\u015fvik etmek ve geli\u015fimlerine katk\u0131da bulunmak amac\u0131yla d\u00fczenlenen FIRST\u00ae LEGO\u00ae League Explore fuarlar\u0131n\u0131n bir par\u00e7as\u0131 oldu\u011fu kaydedildi.<\/p>\n<p>Bu y\u0131l toplamda 210 tak\u0131m\u0131n kat\u0131ld\u0131\u011f\u0131 \u201cGelece\u011fi Kodlayan Minikler Bilim Festivali\u201d, \u00d6\u011frenen Mutlu Bireyler Merkezi, MasterKids ve S\u00fcleyman Cengiz Emino\u011flu Vakf\u0131 taraf\u0131ndan organize ediliyor.<\/p>\n<p>\u00d6\u011frenen Mutlu Bireyler Merkezi Direkt\u00f6r\u00fc Mert Bal\u0131n, bu etkinli\u011fin \u00e7ocuklar\u0131n bilim, teknoloji, m\u00fchendislik, sanat, matematik, kodlama, tasar\u0131m, 3 boyutlu d\u00fc\u015f\u00fcnme, ara\u015ft\u0131rma, sorgulama ve sunum becerilerinin geli\u015fimine katk\u0131 sa\u011flad\u0131\u011f\u0131n\u0131 belirtti.<\/p>\n<p>K\u0131br\u0131s\u2019ta d\u00fczenlenen bu uluslararas\u0131 etkinli\u011fe ortakl\u0131k yapmaktan ve \u00e7ocuklar\u0131n uluslararas\u0131 platformda kendilerini g\u00f6sterebilmelerine olanak sa\u011flamaktan gurur duyduklar\u0131n\u0131 ifade eden Bal\u0131n, Gelece\u011fi Kodlayan Minikler Bilim Festivali\u2019ne katk\u0131 sa\u011flayan t\u00fcm destek\u00e7ilere te\u015fekk\u00fcrlerini iletti.<\/p>\n<\/p><\/div>\n<p><script async\n                    defer\n                    crossorigin=\"anonymous\"\n                    src=\"https:\/\/connect.facebook.net\/tr_TR\/sdk.js#xfbml=1&#038;version=v3.3\"\n            ><\/script><\/p>\n","protected":false},"excerpt":{"rendered":"<p>\u201cGelece\u011fi Kodlayan Minikler Bilim Festivali\u201d Pazar g\u00fcn\u00fc yap\u0131l\u0131yor. \u00d6\u011frenen Mutlu Bireyler Merkezi\u2019nden yap\u0131lan yaz\u0131l\u0131 a\u00e7\u0131klamada, Ark\u0131n Yarat\u0131c\u0131 Sanatlar ve Tasar\u0131m \u00dcniversitesi\u2019nin (ARUCAD) ev sahipli\u011finde ger\u00e7ekle\u015fecek olan \u201cGelece\u011fi Kodlayan Minikler Bilim Festivali\u201d, bilim ve sanat\u0131n birle\u015fimine sahne olacak. ARUCAD Kamp\u00fcs\u00fcnde 9 Haziran Pazar g\u00fcn\u00fc saat 09.00\u2019dan 12.30\u2019a kadar s\u00fcrecek festivalde \u00e7ocuklar, \u201cMaster Piece\u201d temas\u0131yla sanat\u0131n t\u00fcm [&hellip;]<\/p>\n","protected":false},"author":1,"featured_media":4043,"comment_status":"open","ping_status":"open","sticky":false,"template":"","format":"standard","meta":{"jnews-multi-image_gallery":[],"jnews_single_post":[],"jnews_primary_category":[],"jnews_social_meta":[],"jnews_override_counter":[],"footnotes":""},"categories":[6],"tags":[],"class_list":["post-4042","post","type-post","status-publish","format-standard","has-post-thumbnail","hentry","category-yasam"],"yoast_head":"<!-- This site is optimized with the Yoast SEO plugin v27.5 - https:\/\/yoast.com\/product\/yoast-seo-wordpress\/ -->\n<title>\u201cGelece\u011fi Kodlayan Minikler Bilim Festivali\u201d Pazar g\u00fcn\u00fc yap\u0131l\u0131yor - Kuzeyin Sesi<\/title>\n<meta name=\"robots\" content=\"index, follow, max-snippet:-1, max-image-preview:large, max-video-preview:-1\" \/>\n<link rel=\"canonical\" href=\"https:\/\/kuzeyinsesi.org\/index.php\/2024\/06\/04\/gelecegi-kodlayan-minikler-bilim-festivali-pazar-gunu-yapiliyor\/\" \/>\n<meta property=\"og:locale\" content=\"tr_TR\" \/>\n<meta property=\"og:type\" content=\"article\" \/>\n<meta property=\"og:title\" content=\"\u201cGelece\u011fi Kodlayan Minikler Bilim Festivali\u201d Pazar g\u00fcn\u00fc yap\u0131l\u0131yor - Kuzeyin Sesi\" \/>\n<meta property=\"og:description\" content=\"\u201cGelece\u011fi Kodlayan Minikler Bilim Festivali\u201d Pazar g\u00fcn\u00fc yap\u0131l\u0131yor. \u00d6\u011frenen Mutlu Bireyler Merkezi\u2019nden yap\u0131lan yaz\u0131l\u0131 a\u00e7\u0131klamada, Ark\u0131n Yarat\u0131c\u0131 Sanatlar ve Tasar\u0131m \u00dcniversitesi\u2019nin (ARUCAD) ev sahipli\u011finde ger\u00e7ekle\u015fecek olan \u201cGelece\u011fi Kodlayan Minikler Bilim Festivali\u201d, bilim ve sanat\u0131n birle\u015fimine sahne olacak. ARUCAD Kamp\u00fcs\u00fcnde 9 Haziran Pazar g\u00fcn\u00fc saat 09.00\u2019dan 12.30\u2019a kadar s\u00fcrecek festivalde \u00e7ocuklar, \u201cMaster Piece\u201d temas\u0131yla sanat\u0131n t\u00fcm [&hellip;]\" \/>\n<meta property=\"og:url\" content=\"https:\/\/kuzeyinsesi.org\/index.php\/2024\/06\/04\/gelecegi-kodlayan-minikler-bilim-festivali-pazar-gunu-yapiliyor\/\" \/>\n<meta property=\"og:site_name\" content=\"Kuzeyin Sesi\" \/>\n<meta property=\"article:publisher\" content=\"https:\/\/www.facebook.com\/kuzeyinsesii\" \/>\n<meta property=\"article:published_time\" content=\"2024-06-04T09:09:20+00:00\" \/>\n<meta property=\"og:image\" content=\"https:\/\/kuzeyinsesi.org\/wp-content\/uploads\/2024\/06\/bilim-festivali3.png\" \/>\n\t<meta property=\"og:image:width\" content=\"2480\" \/>\n\t<meta property=\"og:image:height\" content=\"3496\" \/>\n\t<meta property=\"og:image:type\" content=\"image\/png\" \/>\n<meta name=\"author\" content=\"Kuzeyin Sesi\" \/>\n<meta name=\"twitter:card\" content=\"summary_large_image\" \/>\n<meta name=\"twitter:creator\" content=\"@kuzeyinsesii\" \/>\n<meta name=\"twitter:site\" content=\"@kuzeyinsesii\" \/>\n<meta name=\"twitter:label1\" content=\"Yazan:\" \/>\n\t<meta name=\"twitter:data1\" content=\"Kuzeyin Sesi\" \/>\n\t<meta name=\"twitter:label2\" content=\"Tahmini okuma s\u00fcresi\" \/>\n\t<meta name=\"twitter:data2\" content=\"1 dakika\" \/>\n<script type=\"application\/ld+json\" class=\"yoast-schema-graph\">{\"@context\":\"https:\\\/\\\/schema.org\",\"@graph\":[{\"@type\":\"Article\",\"@id\":\"https:\\\/\\\/kuzeyinsesi.org\\\/index.php\\\/2024\\\/06\\\/04\\\/gelecegi-kodlayan-minikler-bilim-festivali-pazar-gunu-yapiliyor\\\/#article\",\"isPartOf\":{\"@id\":\"https:\\\/\\\/kuzeyinsesi.org\\\/index.php\\\/2024\\\/06\\\/04\\\/gelecegi-kodlayan-minikler-bilim-festivali-pazar-gunu-yapiliyor\\\/\"},\"author\":{\"name\":\"Kuzeyin Sesi\",\"@id\":\"https:\\\/\\\/kuzeyinsesi.org\\\/#\\\/schema\\\/person\\\/9f859689cdf01485597712386e37f5aa\"},\"headline\":\"\u201cGelece\u011fi Kodlayan Minikler Bilim Festivali\u201d Pazar g\u00fcn\u00fc yap\u0131l\u0131yor\",\"datePublished\":\"2024-06-04T09:09:20+00:00\",\"mainEntityOfPage\":{\"@id\":\"https:\\\/\\\/kuzeyinsesi.org\\\/index.php\\\/2024\\\/06\\\/04\\\/gelecegi-kodlayan-minikler-bilim-festivali-pazar-gunu-yapiliyor\\\/\"},\"wordCount\":276,\"commentCount\":0,\"image\":{\"@id\":\"https:\\\/\\\/kuzeyinsesi.org\\\/index.php\\\/2024\\\/06\\\/04\\\/gelecegi-kodlayan-minikler-bilim-festivali-pazar-gunu-yapiliyor\\\/#primaryimage\"},\"thumbnailUrl\":\"https:\\\/\\\/kuzeyinsesi.org\\\/wp-content\\\/uploads\\\/2024\\\/06\\\/bilim-festivali3.png\",\"articleSection\":[\"Ya\u015fam\"],\"inLanguage\":\"tr\",\"potentialAction\":[{\"@type\":\"CommentAction\",\"name\":\"Comment\",\"target\":[\"https:\\\/\\\/kuzeyinsesi.org\\\/index.php\\\/2024\\\/06\\\/04\\\/gelecegi-kodlayan-minikler-bilim-festivali-pazar-gunu-yapiliyor\\\/#respond\"]}]},{\"@type\":\"WebPage\",\"@id\":\"https:\\\/\\\/kuzeyinsesi.org\\\/index.php\\\/2024\\\/06\\\/04\\\/gelecegi-kodlayan-minikler-bilim-festivali-pazar-gunu-yapiliyor\\\/\",\"url\":\"https:\\\/\\\/kuzeyinsesi.org\\\/index.php\\\/2024\\\/06\\\/04\\\/gelecegi-kodlayan-minikler-bilim-festivali-pazar-gunu-yapiliyor\\\/\",\"name\":\"\u201cGelece\u011fi Kodlayan Minikler Bilim Festivali\u201d Pazar g\u00fcn\u00fc yap\u0131l\u0131yor - Kuzeyin Sesi\",\"isPartOf\":{\"@id\":\"https:\\\/\\\/kuzeyinsesi.org\\\/#website\"},\"primaryImageOfPage\":{\"@id\":\"https:\\\/\\\/kuzeyinsesi.org\\\/index.php\\\/2024\\\/06\\\/04\\\/gelecegi-kodlayan-minikler-bilim-festivali-pazar-gunu-yapiliyor\\\/#primaryimage\"},\"image\":{\"@id\":\"https:\\\/\\\/kuzeyinsesi.org\\\/index.php\\\/2024\\\/06\\\/04\\\/gelecegi-kodlayan-minikler-bilim-festivali-pazar-gunu-yapiliyor\\\/#primaryimage\"},\"thumbnailUrl\":\"https:\\\/\\\/kuzeyinsesi.org\\\/wp-content\\\/uploads\\\/2024\\\/06\\\/bilim-festivali3.png\",\"datePublished\":\"2024-06-04T09:09:20+00:00\",\"author\":{\"@id\":\"https:\\\/\\\/kuzeyinsesi.org\\\/#\\\/schema\\\/person\\\/9f859689cdf01485597712386e37f5aa\"},\"breadcrumb\":{\"@id\":\"https:\\\/\\\/kuzeyinsesi.org\\\/index.php\\\/2024\\\/06\\\/04\\\/gelecegi-kodlayan-minikler-bilim-festivali-pazar-gunu-yapiliyor\\\/#breadcrumb\"},\"inLanguage\":\"tr\",\"potentialAction\":[{\"@type\":\"ReadAction\",\"target\":[\"https:\\\/\\\/kuzeyinsesi.org\\\/index.php\\\/2024\\\/06\\\/04\\\/gelecegi-kodlayan-minikler-bilim-festivali-pazar-gunu-yapiliyor\\\/\"]}]},{\"@type\":\"ImageObject\",\"inLanguage\":\"tr\",\"@id\":\"https:\\\/\\\/kuzeyinsesi.org\\\/index.php\\\/2024\\\/06\\\/04\\\/gelecegi-kodlayan-minikler-bilim-festivali-pazar-gunu-yapiliyor\\\/#primaryimage\",\"url\":\"https:\\\/\\\/kuzeyinsesi.org\\\/wp-content\\\/uploads\\\/2024\\\/06\\\/bilim-festivali3.png\",\"contentUrl\":\"https:\\\/\\\/kuzeyinsesi.org\\\/wp-content\\\/uploads\\\/2024\\\/06\\\/bilim-festivali3.png\",\"width\":2480,\"height\":3496},{\"@type\":\"BreadcrumbList\",\"@id\":\"https:\\\/\\\/kuzeyinsesi.org\\\/index.php\\\/2024\\\/06\\\/04\\\/gelecegi-kodlayan-minikler-bilim-festivali-pazar-gunu-yapiliyor\\\/#breadcrumb\",\"itemListElement\":[{\"@type\":\"ListItem\",\"position\":1,\"name\":\"Anasayfa\",\"item\":\"https:\\\/\\\/kuzeyinsesi.org\\\/\"},{\"@type\":\"ListItem\",\"position\":2,\"name\":\"\u201cGelece\u011fi Kodlayan Minikler Bilim Festivali\u201d Pazar g\u00fcn\u00fc yap\u0131l\u0131yor\"}]},{\"@type\":\"WebSite\",\"@id\":\"https:\\\/\\\/kuzeyinsesi.org\\\/#website\",\"url\":\"https:\\\/\\\/kuzeyinsesi.org\\\/\",\"name\":\"Kuzeyin Sesi\",\"description\":\"Do\u011fru Haberin Adresi\",\"potentialAction\":[{\"@type\":\"SearchAction\",\"target\":{\"@type\":\"EntryPoint\",\"urlTemplate\":\"https:\\\/\\\/kuzeyinsesi.org\\\/?s={search_term_string}\"},\"query-input\":{\"@type\":\"PropertyValueSpecification\",\"valueRequired\":true,\"valueName\":\"search_term_string\"}}],\"inLanguage\":\"tr\"},{\"@type\":\"Person\",\"@id\":\"https:\\\/\\\/kuzeyinsesi.org\\\/#\\\/schema\\\/person\\\/9f859689cdf01485597712386e37f5aa\",\"name\":\"Kuzeyin Sesi\",\"image\":{\"@type\":\"ImageObject\",\"inLanguage\":\"tr\",\"@id\":\"https:\\\/\\\/secure.gravatar.com\\\/avatar\\\/bab33852abfd8b282518d6ed81826833d77c3c882d9ab608add591ccace47a44?s=96&d=mm&r=g\",\"url\":\"https:\\\/\\\/secure.gravatar.com\\\/avatar\\\/bab33852abfd8b282518d6ed81826833d77c3c882d9ab608add591ccace47a44?s=96&d=mm&r=g\",\"contentUrl\":\"https:\\\/\\\/secure.gravatar.com\\\/avatar\\\/bab33852abfd8b282518d6ed81826833d77c3c882d9ab608add591ccace47a44?s=96&d=mm&r=g\",\"caption\":\"Kuzeyin Sesi\"},\"sameAs\":[\"https:\\\/\\\/kuzeyinsesi.org\"],\"url\":\"https:\\\/\\\/kuzeyinsesi.org\\\/index.php\\\/author\\\/guven\\\/\"}]}<\/script>\n<!-- \/ Yoast SEO plugin. -->","yoast_head_json":{"title":"\u201cGelece\u011fi Kodlayan Minikler Bilim Festivali\u201d Pazar g\u00fcn\u00fc yap\u0131l\u0131yor - Kuzeyin Sesi","robots":{"index":"index","follow":"follow","max-snippet":"max-snippet:-1","max-image-preview":"max-image-preview:large","max-video-preview":"max-video-preview:-1"},"canonical":"https:\/\/kuzeyinsesi.org\/index.php\/2024\/06\/04\/gelecegi-kodlayan-minikler-bilim-festivali-pazar-gunu-yapiliyor\/","og_locale":"tr_TR","og_type":"article","og_title":"\u201cGelece\u011fi Kodlayan Minikler Bilim Festivali\u201d Pazar g\u00fcn\u00fc yap\u0131l\u0131yor - Kuzeyin Sesi","og_description":"\u201cGelece\u011fi Kodlayan Minikler Bilim Festivali\u201d Pazar g\u00fcn\u00fc yap\u0131l\u0131yor. \u00d6\u011frenen Mutlu Bireyler Merkezi\u2019nden yap\u0131lan yaz\u0131l\u0131 a\u00e7\u0131klamada, Ark\u0131n Yarat\u0131c\u0131 Sanatlar ve Tasar\u0131m \u00dcniversitesi\u2019nin (ARUCAD) ev sahipli\u011finde ger\u00e7ekle\u015fecek olan \u201cGelece\u011fi Kodlayan Minikler Bilim Festivali\u201d, bilim ve sanat\u0131n birle\u015fimine sahne olacak. ARUCAD Kamp\u00fcs\u00fcnde 9 Haziran Pazar g\u00fcn\u00fc saat 09.00\u2019dan 12.30\u2019a kadar s\u00fcrecek festivalde \u00e7ocuklar, \u201cMaster Piece\u201d temas\u0131yla sanat\u0131n t\u00fcm [&hellip;]","og_url":"https:\/\/kuzeyinsesi.org\/index.php\/2024\/06\/04\/gelecegi-kodlayan-minikler-bilim-festivali-pazar-gunu-yapiliyor\/","og_site_name":"Kuzeyin Sesi","article_publisher":"https:\/\/www.facebook.com\/kuzeyinsesii","article_published_time":"2024-06-04T09:09:20+00:00","og_image":[{"width":2480,"height":3496,"url":"https:\/\/kuzeyinsesi.org\/wp-content\/uploads\/2024\/06\/bilim-festivali3.png","type":"image\/png"}],"author":"Kuzeyin Sesi","twitter_card":"summary_large_image","twitter_creator":"@kuzeyinsesii","twitter_site":"@kuzeyinsesii","twitter_misc":{"Yazan:":"Kuzeyin Sesi","Tahmini okuma s\u00fcresi":"1 dakika"},"schema":{"@context":"https:\/\/schema.org","@graph":[{"@type":"Article","@id":"https:\/\/kuzeyinsesi.org\/index.php\/2024\/06\/04\/gelecegi-kodlayan-minikler-bilim-festivali-pazar-gunu-yapiliyor\/#article","isPartOf":{"@id":"https:\/\/kuzeyinsesi.org\/index.php\/2024\/06\/04\/gelecegi-kodlayan-minikler-bilim-festivali-pazar-gunu-yapiliyor\/"},"author":{"name":"Kuzeyin Sesi","@id":"https:\/\/kuzeyinsesi.org\/#\/schema\/person\/9f859689cdf01485597712386e37f5aa"},"headline":"\u201cGelece\u011fi Kodlayan Minikler Bilim Festivali\u201d Pazar g\u00fcn\u00fc yap\u0131l\u0131yor","datePublished":"2024-06-04T09:09:20+00:00","mainEntityOfPage":{"@id":"https:\/\/kuzeyinsesi.org\/index.php\/2024\/06\/04\/gelecegi-kodlayan-minikler-bilim-festivali-pazar-gunu-yapiliyor\/"},"wordCount":276,"commentCount":0,"image":{"@id":"https:\/\/kuzeyinsesi.org\/index.php\/2024\/06\/04\/gelecegi-kodlayan-minikler-bilim-festivali-pazar-gunu-yapiliyor\/#primaryimage"},"thumbnailUrl":"https:\/\/kuzeyinsesi.org\/wp-content\/uploads\/2024\/06\/bilim-festivali3.png","articleSection":["Ya\u015fam"],"inLanguage":"tr","potentialAction":[{"@type":"CommentAction","name":"Comment","target":["https:\/\/kuzeyinsesi.org\/index.php\/2024\/06\/04\/gelecegi-kodlayan-minikler-bilim-festivali-pazar-gunu-yapiliyor\/#respond"]}]},{"@type":"WebPage","@id":"https:\/\/kuzeyinsesi.org\/index.php\/2024\/06\/04\/gelecegi-kodlayan-minikler-bilim-festivali-pazar-gunu-yapiliyor\/","url":"https:\/\/kuzeyinsesi.org\/index.php\/2024\/06\/04\/gelecegi-kodlayan-minikler-bilim-festivali-pazar-gunu-yapiliyor\/","name":"\u201cGelece\u011fi Kodlayan Minikler Bilim Festivali\u201d Pazar g\u00fcn\u00fc yap\u0131l\u0131yor - Kuzeyin Sesi","isPartOf":{"@id":"https:\/\/kuzeyinsesi.org\/#website"},"primaryImageOfPage":{"@id":"https:\/\/kuzeyinsesi.org\/index.php\/2024\/06\/04\/gelecegi-kodlayan-minikler-bilim-festivali-pazar-gunu-yapiliyor\/#primaryimage"},"image":{"@id":"https:\/\/kuzeyinsesi.org\/index.php\/2024\/06\/04\/gelecegi-kodlayan-minikler-bilim-festivali-pazar-gunu-yapiliyor\/#primaryimage"},"thumbnailUrl":"https:\/\/kuzeyinsesi.org\/wp-content\/uploads\/2024\/06\/bilim-festivali3.png","datePublished":"2024-06-04T09:09:20+00:00","author":{"@id":"https:\/\/kuzeyinsesi.org\/#\/schema\/person\/9f859689cdf01485597712386e37f5aa"},"breadcrumb":{"@id":"https:\/\/kuzeyinsesi.org\/index.php\/2024\/06\/04\/gelecegi-kodlayan-minikler-bilim-festivali-pazar-gunu-yapiliyor\/#breadcrumb"},"inLanguage":"tr","potentialAction":[{"@type":"ReadAction","target":["https:\/\/kuzeyinsesi.org\/index.php\/2024\/06\/04\/gelecegi-kodlayan-minikler-bilim-festivali-pazar-gunu-yapiliyor\/"]}]},{"@type":"ImageObject","inLanguage":"tr","@id":"https:\/\/kuzeyinsesi.org\/index.php\/2024\/06\/04\/gelecegi-kodlayan-minikler-bilim-festivali-pazar-gunu-yapiliyor\/#primaryimage","url":"https:\/\/kuzeyinsesi.org\/wp-content\/uploads\/2024\/06\/bilim-festivali3.png","contentUrl":"https:\/\/kuzeyinsesi.org\/wp-content\/uploads\/2024\/06\/bilim-festivali3.png","width":2480,"height":3496},{"@type":"BreadcrumbList","@id":"https:\/\/kuzeyinsesi.org\/index.php\/2024\/06\/04\/gelecegi-kodlayan-minikler-bilim-festivali-pazar-gunu-yapiliyor\/#breadcrumb","itemListElement":[{"@type":"ListItem","position":1,"name":"Anasayfa","item":"https:\/\/kuzeyinsesi.org\/"},{"@type":"ListItem","position":2,"name":"\u201cGelece\u011fi Kodlayan Minikler Bilim Festivali\u201d Pazar g\u00fcn\u00fc yap\u0131l\u0131yor"}]},{"@type":"WebSite","@id":"https:\/\/kuzeyinsesi.org\/#website","url":"https:\/\/kuzeyinsesi.org\/","name":"Kuzeyin Sesi","description":"Do\u011fru Haberin Adresi","potentialAction":[{"@type":"SearchAction","target":{"@type":"EntryPoint","urlTemplate":"https:\/\/kuzeyinsesi.org\/?s={search_term_string}"},"query-input":{"@type":"PropertyValueSpecification","valueRequired":true,"valueName":"search_term_string"}}],"inLanguage":"tr"},{"@type":"Person","@id":"https:\/\/kuzeyinsesi.org\/#\/schema\/person\/9f859689cdf01485597712386e37f5aa","name":"Kuzeyin Sesi","image":{"@type":"ImageObject","inLanguage":"tr","@id":"https:\/\/secure.gravatar.com\/avatar\/bab33852abfd8b282518d6ed81826833d77c3c882d9ab608add591ccace47a44?s=96&d=mm&r=g","url":"https:\/\/secure.gravatar.com\/avatar\/bab33852abfd8b282518d6ed81826833d77c3c882d9ab608add591ccace47a44?s=96&d=mm&r=g","contentUrl":"https:\/\/secure.gravatar.com\/avatar\/bab33852abfd8b282518d6ed81826833d77c3c882d9ab608add591ccace47a44?s=96&d=mm&r=g","caption":"Kuzeyin Sesi"},"sameAs":["https:\/\/kuzeyinsesi.org"],"url":"https:\/\/kuzeyinsesi.org\/index.php\/author\/guven\/"}]}},"_links":{"self":[{"href":"https:\/\/kuzeyinsesi.org\/index.php\/wp-json\/wp\/v2\/posts\/4042","targetHints":{"allow":["GET"]}}],"collection":[{"href":"https:\/\/kuzeyinsesi.org\/index.php\/wp-json\/wp\/v2\/posts"}],"about":[{"href":"https:\/\/kuzeyinsesi.org\/index.php\/wp-json\/wp\/v2\/types\/post"}],"author":[{"embeddable":true,"href":"https:\/\/kuzeyinsesi.org\/index.php\/wp-json\/wp\/v2\/users\/1"}],"replies":[{"embeddable":true,"href":"https:\/\/kuzeyinsesi.org\/index.php\/wp-json\/wp\/v2\/comments?post=4042"}],"version-history":[{"count":0,"href":"https:\/\/kuzeyinsesi.org\/index.php\/wp-json\/wp\/v2\/posts\/4042\/revisions"}],"wp:featuredmedia":[{"embeddable":true,"href":"https:\/\/kuzeyinsesi.org\/index.php\/wp-json\/wp\/v2\/media\/4043"}],"wp:attachment":[{"href":"https:\/\/kuzeyinsesi.org\/index.php\/wp-json\/wp\/v2\/media?parent=4042"}],"wp:term":[{"taxonomy":"category","embeddable":true,"href":"https:\/\/kuzeyinsesi.org\/index.php\/wp-json\/wp\/v2\/categories?post=4042"},{"taxonomy":"post_tag","embeddable":true,"href":"https:\/\/kuzeyinsesi.org\/index.php\/wp-json\/wp\/v2\/tags?post=4042"}],"curies":[{"name":"wp","href":"https:\/\/api.w.org\/{rel}","templated":true}]}}