{"id":4036,"date":"2024-06-04T11:08:03","date_gmt":"2024-06-04T08:08:03","guid":{"rendered":"https:\/\/kuzeyinsesi.com\/index.php\/2024\/06\/04\/dervis-zaimin-ilk-performansi-ve-enstalasyonu-berzah-eklektik-manifest-bunyesinde-caglayanda-yer-alacak\/"},"modified":"2024-06-04T11:08:03","modified_gmt":"2024-06-04T08:08:03","slug":"dervis-zaimin-ilk-performansi-ve-enstalasyonu-berzah-eklektik-manifest-bunyesinde-caglayanda-yer-alacak","status":"publish","type":"post","link":"https:\/\/kuzeyinsesi.org\/index.php\/2024\/06\/04\/dervis-zaimin-ilk-performansi-ve-enstalasyonu-berzah-eklektik-manifest-bunyesinde-caglayanda-yer-alacak\/","title":{"rendered":"Dervi\u015f Zaim\u2019in ilk performans\u0131 ve enstalasyonu \u201cBerzah\u201d Eklektik Manifest b\u00fcnyesinde \u00c7a\u011flayan\u2019da yer alacak"},"content":{"rendered":"<div>\n<div class=\"mariselle-image-container center\">\n                                            <\/div>\n<p> Y\u00f6netmen Dervi\u015f Zaim, \u201cBerzah\u201d adl\u0131 Enstalasyon-Performans\u0131 ile Lefko\u015fa T\u00fcrk Belediyesi\u2019nin k\u00fclt\u00fcr-sanat organizasyonu Eklektik Manifest\u2019te olacak.<\/p>\n<p>Berzah adl\u0131 enstalasyon-performans Zaim\u2019in \u201cR\u00fcya\u201d adl\u0131 sinema filmi ile ba\u015flayan ve \u201cR\u00fcyet\u201d roman\u0131yla devam eden farkl\u0131 disiplinlerdeki eserlerine \u00e7a\u011fda\u015f sanat alan\u0131ndan farkl\u0131 bir halka eklemeyi ama\u00e7l\u0131yor. <\/p>\n<p>Enstalasyon-performans, k\u00fclt\u00fcr politikalar\u0131 ve ar\u015fiv merkezi ARKHE taraf\u0131ndan \u201cEklektik Manifest\u201d adl\u0131 Lefko\u015fa Bienaline Giri\u015f projesinin par\u00e7as\u0131 olarak Lefko\u015fa\u2019da sergilenecek.<\/p>\n<p>Dervi\u015f Zaim \u201cBerzah\u201d ad\u0131n\u0131 verdi\u011fi giri\u015fimi, \u201cmuhafaza etme, \u00f6l\u00fcml\u00fcl\u00fck, ge\u00e7icilik \u00fczerine d\u00fc\u015f\u00fcnme ve hissetme daveti\u201d olarak nitelendirdi.<\/p>\n<p>Berzah adl\u0131 enstalasyon-performans ayn\u0131 zamanda Dervi\u015f Zaim\u2019in \u201cR\u00fcya\u201d adl\u0131 sinema filmi, \u201cR\u00fcyet\u201d adl\u0131 roman\u0131yla ba\u015flay\u0131p birbiriyle ili\u015fki i\u00e7inde devam eden mimari, sinema, roman ve \u00e7a\u011fda\u015f sanat gibi farkl\u0131 sanat alanlar\u0131 aras\u0131nda s\u00fcreklilik arz edecek bir a\u011f yaratma \u00e7abas\u0131n\u0131n ilk ad\u0131m\u0131 olacak.<\/p>\n<p>Berzah\u2019\u0131n, 8 Haziran\u2019da Lefko\u015fa\u2019da \u00c7a\u011flayan park\u0131nda sergilenmeye ba\u015flanmas\u0131 ve ucu a\u00e7\u0131k bir s\u00fcre\u00e7te kendili\u011finden eriyip kaybolmas\u0131 \u00f6ng\u00f6r\u00fcl\u00fcyor.<\/p>\n<p>Dervi\u015f Zaim\u2019in, sinema ve edebiyat alan\u0131ndaki eserlerinden sonra yapaca\u011f\u0131 kariyerinin ilk \u00e7a\u011fda\u015f sanat giri\u015fimi olan Berzah\u2019\u0131, \u015fahsi tarihinin \u00f6nemli mek\u00e2n\u0131, farkl\u0131 enerjileri bar\u0131nd\u0131ran \u00c7a\u011flayan semtinde ger\u00e7ekle\u015ftirmekten mutluluk duydu\u011fu belirtildi.<\/p>\n<p>Zaim, \u201cR\u00fcya\u201d (2016) adl\u0131 uzun metrajl\u0131 kurmaca filminden \u00fc\u00e7 y\u0131l sonra filmdekilerle ayn\u0131 karakterlerin yer ald\u0131\u011f\u0131 \u201cR\u00fcyet\u201d roman\u0131n\u0131 yay\u0131nlam\u0131\u015ft\u0131.<\/p>\n<\/p><\/div>\n<p><script async\n                    defer\n                    crossorigin=\"anonymous\"\n                    src=\"https:\/\/connect.facebook.net\/tr_TR\/sdk.js#xfbml=1&#038;version=v3.3\"\n            ><\/script><\/p>\n","protected":false},"excerpt":{"rendered":"<p>Y\u00f6netmen Dervi\u015f Zaim, \u201cBerzah\u201d adl\u0131 Enstalasyon-Performans\u0131 ile Lefko\u015fa T\u00fcrk Belediyesi\u2019nin k\u00fclt\u00fcr-sanat organizasyonu Eklektik Manifest\u2019te olacak. Berzah adl\u0131 enstalasyon-performans Zaim\u2019in \u201cR\u00fcya\u201d adl\u0131 sinema filmi ile ba\u015flayan ve \u201cR\u00fcyet\u201d roman\u0131yla devam eden farkl\u0131 disiplinlerdeki eserlerine \u00e7a\u011fda\u015f sanat alan\u0131ndan farkl\u0131 bir halka eklemeyi ama\u00e7l\u0131yor. Enstalasyon-performans, k\u00fclt\u00fcr politikalar\u0131 ve ar\u015fiv merkezi ARKHE taraf\u0131ndan \u201cEklektik Manifest\u201d adl\u0131 Lefko\u015fa Bienaline Giri\u015f [&hellip;]<\/p>\n","protected":false},"author":1,"featured_media":4037,"comment_status":"open","ping_status":"open","sticky":false,"template":"","format":"standard","meta":{"jnews-multi-image_gallery":[],"jnews_single_post":[],"jnews_primary_category":[],"jnews_social_meta":[],"jnews_override_counter":[],"footnotes":""},"categories":[6],"tags":[],"class_list":["post-4036","post","type-post","status-publish","format-standard","has-post-thumbnail","hentry","category-yasam"],"yoast_head":"<!-- This site is optimized with the Yoast SEO plugin v27.5 - https:\/\/yoast.com\/product\/yoast-seo-wordpress\/ -->\n<title>Dervi\u015f Zaim\u2019in ilk performans\u0131 ve enstalasyonu \u201cBerzah\u201d Eklektik Manifest b\u00fcnyesinde \u00c7a\u011flayan\u2019da yer alacak - Kuzeyin Sesi<\/title>\n<meta name=\"robots\" content=\"index, follow, max-snippet:-1, max-image-preview:large, max-video-preview:-1\" \/>\n<link rel=\"canonical\" href=\"https:\/\/kuzeyinsesi.org\/index.php\/2024\/06\/04\/dervis-zaimin-ilk-performansi-ve-enstalasyonu-berzah-eklektik-manifest-bunyesinde-caglayanda-yer-alacak\/\" \/>\n<meta property=\"og:locale\" content=\"tr_TR\" \/>\n<meta property=\"og:type\" content=\"article\" \/>\n<meta property=\"og:title\" content=\"Dervi\u015f Zaim\u2019in ilk performans\u0131 ve enstalasyonu \u201cBerzah\u201d Eklektik Manifest b\u00fcnyesinde \u00c7a\u011flayan\u2019da yer alacak - Kuzeyin Sesi\" \/>\n<meta property=\"og:description\" content=\"Y\u00f6netmen Dervi\u015f Zaim, \u201cBerzah\u201d adl\u0131 Enstalasyon-Performans\u0131 ile Lefko\u015fa T\u00fcrk Belediyesi\u2019nin k\u00fclt\u00fcr-sanat organizasyonu Eklektik Manifest\u2019te olacak. Berzah adl\u0131 enstalasyon-performans Zaim\u2019in \u201cR\u00fcya\u201d adl\u0131 sinema filmi ile ba\u015flayan ve \u201cR\u00fcyet\u201d roman\u0131yla devam eden farkl\u0131 disiplinlerdeki eserlerine \u00e7a\u011fda\u015f sanat alan\u0131ndan farkl\u0131 bir halka eklemeyi ama\u00e7l\u0131yor. Enstalasyon-performans, k\u00fclt\u00fcr politikalar\u0131 ve ar\u015fiv merkezi ARKHE taraf\u0131ndan \u201cEklektik Manifest\u201d adl\u0131 Lefko\u015fa Bienaline Giri\u015f [&hellip;]\" \/>\n<meta property=\"og:url\" content=\"https:\/\/kuzeyinsesi.org\/index.php\/2024\/06\/04\/dervis-zaimin-ilk-performansi-ve-enstalasyonu-berzah-eklektik-manifest-bunyesinde-caglayanda-yer-alacak\/\" \/>\n<meta property=\"og:site_name\" content=\"Kuzeyin Sesi\" \/>\n<meta property=\"article:publisher\" content=\"https:\/\/www.facebook.com\/kuzeyinsesii\" \/>\n<meta property=\"article:published_time\" content=\"2024-06-04T08:08:03+00:00\" \/>\n<meta property=\"og:image\" content=\"https:\/\/kuzeyinsesi.org\/wp-content\/uploads\/2024\/06\/dervis-zaim1.jpg\" \/>\n\t<meta property=\"og:image:width\" content=\"1080\" \/>\n\t<meta property=\"og:image:height\" content=\"1350\" \/>\n\t<meta property=\"og:image:type\" content=\"image\/jpeg\" \/>\n<meta name=\"author\" content=\"Kuzeyin Sesi\" \/>\n<meta name=\"twitter:card\" content=\"summary_large_image\" \/>\n<meta name=\"twitter:creator\" content=\"@kuzeyinsesii\" \/>\n<meta name=\"twitter:site\" content=\"@kuzeyinsesii\" \/>\n<meta name=\"twitter:label1\" content=\"Yazan:\" \/>\n\t<meta name=\"twitter:data1\" content=\"Kuzeyin Sesi\" \/>\n\t<meta name=\"twitter:label2\" content=\"Tahmini okuma s\u00fcresi\" \/>\n\t<meta name=\"twitter:data2\" content=\"1 dakika\" \/>\n<script type=\"application\/ld+json\" class=\"yoast-schema-graph\">{\"@context\":\"https:\\\/\\\/schema.org\",\"@graph\":[{\"@type\":\"Article\",\"@id\":\"https:\\\/\\\/kuzeyinsesi.org\\\/index.php\\\/2024\\\/06\\\/04\\\/dervis-zaimin-ilk-performansi-ve-enstalasyonu-berzah-eklektik-manifest-bunyesinde-caglayanda-yer-alacak\\\/#article\",\"isPartOf\":{\"@id\":\"https:\\\/\\\/kuzeyinsesi.org\\\/index.php\\\/2024\\\/06\\\/04\\\/dervis-zaimin-ilk-performansi-ve-enstalasyonu-berzah-eklektik-manifest-bunyesinde-caglayanda-yer-alacak\\\/\"},\"author\":{\"name\":\"Kuzeyin Sesi\",\"@id\":\"https:\\\/\\\/kuzeyinsesi.org\\\/#\\\/schema\\\/person\\\/9f859689cdf01485597712386e37f5aa\"},\"headline\":\"Dervi\u015f Zaim\u2019in ilk performans\u0131 ve enstalasyonu \u201cBerzah\u201d Eklektik Manifest b\u00fcnyesinde \u00c7a\u011flayan\u2019da yer alacak\",\"datePublished\":\"2024-06-04T08:08:03+00:00\",\"mainEntityOfPage\":{\"@id\":\"https:\\\/\\\/kuzeyinsesi.org\\\/index.php\\\/2024\\\/06\\\/04\\\/dervis-zaimin-ilk-performansi-ve-enstalasyonu-berzah-eklektik-manifest-bunyesinde-caglayanda-yer-alacak\\\/\"},\"wordCount\":274,\"commentCount\":0,\"image\":{\"@id\":\"https:\\\/\\\/kuzeyinsesi.org\\\/index.php\\\/2024\\\/06\\\/04\\\/dervis-zaimin-ilk-performansi-ve-enstalasyonu-berzah-eklektik-manifest-bunyesinde-caglayanda-yer-alacak\\\/#primaryimage\"},\"thumbnailUrl\":\"https:\\\/\\\/kuzeyinsesi.org\\\/wp-content\\\/uploads\\\/2024\\\/06\\\/dervis-zaim1.jpg\",\"articleSection\":[\"Ya\u015fam\"],\"inLanguage\":\"tr\",\"potentialAction\":[{\"@type\":\"CommentAction\",\"name\":\"Comment\",\"target\":[\"https:\\\/\\\/kuzeyinsesi.org\\\/index.php\\\/2024\\\/06\\\/04\\\/dervis-zaimin-ilk-performansi-ve-enstalasyonu-berzah-eklektik-manifest-bunyesinde-caglayanda-yer-alacak\\\/#respond\"]}]},{\"@type\":\"WebPage\",\"@id\":\"https:\\\/\\\/kuzeyinsesi.org\\\/index.php\\\/2024\\\/06\\\/04\\\/dervis-zaimin-ilk-performansi-ve-enstalasyonu-berzah-eklektik-manifest-bunyesinde-caglayanda-yer-alacak\\\/\",\"url\":\"https:\\\/\\\/kuzeyinsesi.org\\\/index.php\\\/2024\\\/06\\\/04\\\/dervis-zaimin-ilk-performansi-ve-enstalasyonu-berzah-eklektik-manifest-bunyesinde-caglayanda-yer-alacak\\\/\",\"name\":\"Dervi\u015f Zaim\u2019in ilk performans\u0131 ve enstalasyonu \u201cBerzah\u201d Eklektik Manifest b\u00fcnyesinde \u00c7a\u011flayan\u2019da yer alacak - Kuzeyin Sesi\",\"isPartOf\":{\"@id\":\"https:\\\/\\\/kuzeyinsesi.org\\\/#website\"},\"primaryImageOfPage\":{\"@id\":\"https:\\\/\\\/kuzeyinsesi.org\\\/index.php\\\/2024\\\/06\\\/04\\\/dervis-zaimin-ilk-performansi-ve-enstalasyonu-berzah-eklektik-manifest-bunyesinde-caglayanda-yer-alacak\\\/#primaryimage\"},\"image\":{\"@id\":\"https:\\\/\\\/kuzeyinsesi.org\\\/index.php\\\/2024\\\/06\\\/04\\\/dervis-zaimin-ilk-performansi-ve-enstalasyonu-berzah-eklektik-manifest-bunyesinde-caglayanda-yer-alacak\\\/#primaryimage\"},\"thumbnailUrl\":\"https:\\\/\\\/kuzeyinsesi.org\\\/wp-content\\\/uploads\\\/2024\\\/06\\\/dervis-zaim1.jpg\",\"datePublished\":\"2024-06-04T08:08:03+00:00\",\"author\":{\"@id\":\"https:\\\/\\\/kuzeyinsesi.org\\\/#\\\/schema\\\/person\\\/9f859689cdf01485597712386e37f5aa\"},\"breadcrumb\":{\"@id\":\"https:\\\/\\\/kuzeyinsesi.org\\\/index.php\\\/2024\\\/06\\\/04\\\/dervis-zaimin-ilk-performansi-ve-enstalasyonu-berzah-eklektik-manifest-bunyesinde-caglayanda-yer-alacak\\\/#breadcrumb\"},\"inLanguage\":\"tr\",\"potentialAction\":[{\"@type\":\"ReadAction\",\"target\":[\"https:\\\/\\\/kuzeyinsesi.org\\\/index.php\\\/2024\\\/06\\\/04\\\/dervis-zaimin-ilk-performansi-ve-enstalasyonu-berzah-eklektik-manifest-bunyesinde-caglayanda-yer-alacak\\\/\"]}]},{\"@type\":\"ImageObject\",\"inLanguage\":\"tr\",\"@id\":\"https:\\\/\\\/kuzeyinsesi.org\\\/index.php\\\/2024\\\/06\\\/04\\\/dervis-zaimin-ilk-performansi-ve-enstalasyonu-berzah-eklektik-manifest-bunyesinde-caglayanda-yer-alacak\\\/#primaryimage\",\"url\":\"https:\\\/\\\/kuzeyinsesi.org\\\/wp-content\\\/uploads\\\/2024\\\/06\\\/dervis-zaim1.jpg\",\"contentUrl\":\"https:\\\/\\\/kuzeyinsesi.org\\\/wp-content\\\/uploads\\\/2024\\\/06\\\/dervis-zaim1.jpg\",\"width\":1080,\"height\":1350},{\"@type\":\"BreadcrumbList\",\"@id\":\"https:\\\/\\\/kuzeyinsesi.org\\\/index.php\\\/2024\\\/06\\\/04\\\/dervis-zaimin-ilk-performansi-ve-enstalasyonu-berzah-eklektik-manifest-bunyesinde-caglayanda-yer-alacak\\\/#breadcrumb\",\"itemListElement\":[{\"@type\":\"ListItem\",\"position\":1,\"name\":\"Anasayfa\",\"item\":\"https:\\\/\\\/kuzeyinsesi.org\\\/\"},{\"@type\":\"ListItem\",\"position\":2,\"name\":\"Dervi\u015f Zaim\u2019in ilk performans\u0131 ve enstalasyonu \u201cBerzah\u201d Eklektik Manifest b\u00fcnyesinde \u00c7a\u011flayan\u2019da yer alacak\"}]},{\"@type\":\"WebSite\",\"@id\":\"https:\\\/\\\/kuzeyinsesi.org\\\/#website\",\"url\":\"https:\\\/\\\/kuzeyinsesi.org\\\/\",\"name\":\"Kuzeyin Sesi\",\"description\":\"Do\u011fru Haberin Adresi\",\"potentialAction\":[{\"@type\":\"SearchAction\",\"target\":{\"@type\":\"EntryPoint\",\"urlTemplate\":\"https:\\\/\\\/kuzeyinsesi.org\\\/?s={search_term_string}\"},\"query-input\":{\"@type\":\"PropertyValueSpecification\",\"valueRequired\":true,\"valueName\":\"search_term_string\"}}],\"inLanguage\":\"tr\"},{\"@type\":\"Person\",\"@id\":\"https:\\\/\\\/kuzeyinsesi.org\\\/#\\\/schema\\\/person\\\/9f859689cdf01485597712386e37f5aa\",\"name\":\"Kuzeyin Sesi\",\"image\":{\"@type\":\"ImageObject\",\"inLanguage\":\"tr\",\"@id\":\"https:\\\/\\\/secure.gravatar.com\\\/avatar\\\/bab33852abfd8b282518d6ed81826833d77c3c882d9ab608add591ccace47a44?s=96&d=mm&r=g\",\"url\":\"https:\\\/\\\/secure.gravatar.com\\\/avatar\\\/bab33852abfd8b282518d6ed81826833d77c3c882d9ab608add591ccace47a44?s=96&d=mm&r=g\",\"contentUrl\":\"https:\\\/\\\/secure.gravatar.com\\\/avatar\\\/bab33852abfd8b282518d6ed81826833d77c3c882d9ab608add591ccace47a44?s=96&d=mm&r=g\",\"caption\":\"Kuzeyin Sesi\"},\"sameAs\":[\"https:\\\/\\\/kuzeyinsesi.org\"],\"url\":\"https:\\\/\\\/kuzeyinsesi.org\\\/index.php\\\/author\\\/guven\\\/\"}]}<\/script>\n<!-- \/ Yoast SEO plugin. -->","yoast_head_json":{"title":"Dervi\u015f Zaim\u2019in ilk performans\u0131 ve enstalasyonu \u201cBerzah\u201d Eklektik Manifest b\u00fcnyesinde \u00c7a\u011flayan\u2019da yer alacak - Kuzeyin Sesi","robots":{"index":"index","follow":"follow","max-snippet":"max-snippet:-1","max-image-preview":"max-image-preview:large","max-video-preview":"max-video-preview:-1"},"canonical":"https:\/\/kuzeyinsesi.org\/index.php\/2024\/06\/04\/dervis-zaimin-ilk-performansi-ve-enstalasyonu-berzah-eklektik-manifest-bunyesinde-caglayanda-yer-alacak\/","og_locale":"tr_TR","og_type":"article","og_title":"Dervi\u015f Zaim\u2019in ilk performans\u0131 ve enstalasyonu \u201cBerzah\u201d Eklektik Manifest b\u00fcnyesinde \u00c7a\u011flayan\u2019da yer alacak - Kuzeyin Sesi","og_description":"Y\u00f6netmen Dervi\u015f Zaim, \u201cBerzah\u201d adl\u0131 Enstalasyon-Performans\u0131 ile Lefko\u015fa T\u00fcrk Belediyesi\u2019nin k\u00fclt\u00fcr-sanat organizasyonu Eklektik Manifest\u2019te olacak. Berzah adl\u0131 enstalasyon-performans Zaim\u2019in \u201cR\u00fcya\u201d adl\u0131 sinema filmi ile ba\u015flayan ve \u201cR\u00fcyet\u201d roman\u0131yla devam eden farkl\u0131 disiplinlerdeki eserlerine \u00e7a\u011fda\u015f sanat alan\u0131ndan farkl\u0131 bir halka eklemeyi ama\u00e7l\u0131yor. Enstalasyon-performans, k\u00fclt\u00fcr politikalar\u0131 ve ar\u015fiv merkezi ARKHE taraf\u0131ndan \u201cEklektik Manifest\u201d adl\u0131 Lefko\u015fa Bienaline Giri\u015f [&hellip;]","og_url":"https:\/\/kuzeyinsesi.org\/index.php\/2024\/06\/04\/dervis-zaimin-ilk-performansi-ve-enstalasyonu-berzah-eklektik-manifest-bunyesinde-caglayanda-yer-alacak\/","og_site_name":"Kuzeyin Sesi","article_publisher":"https:\/\/www.facebook.com\/kuzeyinsesii","article_published_time":"2024-06-04T08:08:03+00:00","og_image":[{"width":1080,"height":1350,"url":"https:\/\/kuzeyinsesi.org\/wp-content\/uploads\/2024\/06\/dervis-zaim1.jpg","type":"image\/jpeg"}],"author":"Kuzeyin Sesi","twitter_card":"summary_large_image","twitter_creator":"@kuzeyinsesii","twitter_site":"@kuzeyinsesii","twitter_misc":{"Yazan:":"Kuzeyin Sesi","Tahmini okuma s\u00fcresi":"1 dakika"},"schema":{"@context":"https:\/\/schema.org","@graph":[{"@type":"Article","@id":"https:\/\/kuzeyinsesi.org\/index.php\/2024\/06\/04\/dervis-zaimin-ilk-performansi-ve-enstalasyonu-berzah-eklektik-manifest-bunyesinde-caglayanda-yer-alacak\/#article","isPartOf":{"@id":"https:\/\/kuzeyinsesi.org\/index.php\/2024\/06\/04\/dervis-zaimin-ilk-performansi-ve-enstalasyonu-berzah-eklektik-manifest-bunyesinde-caglayanda-yer-alacak\/"},"author":{"name":"Kuzeyin Sesi","@id":"https:\/\/kuzeyinsesi.org\/#\/schema\/person\/9f859689cdf01485597712386e37f5aa"},"headline":"Dervi\u015f Zaim\u2019in ilk performans\u0131 ve enstalasyonu \u201cBerzah\u201d Eklektik Manifest b\u00fcnyesinde \u00c7a\u011flayan\u2019da yer alacak","datePublished":"2024-06-04T08:08:03+00:00","mainEntityOfPage":{"@id":"https:\/\/kuzeyinsesi.org\/index.php\/2024\/06\/04\/dervis-zaimin-ilk-performansi-ve-enstalasyonu-berzah-eklektik-manifest-bunyesinde-caglayanda-yer-alacak\/"},"wordCount":274,"commentCount":0,"image":{"@id":"https:\/\/kuzeyinsesi.org\/index.php\/2024\/06\/04\/dervis-zaimin-ilk-performansi-ve-enstalasyonu-berzah-eklektik-manifest-bunyesinde-caglayanda-yer-alacak\/#primaryimage"},"thumbnailUrl":"https:\/\/kuzeyinsesi.org\/wp-content\/uploads\/2024\/06\/dervis-zaim1.jpg","articleSection":["Ya\u015fam"],"inLanguage":"tr","potentialAction":[{"@type":"CommentAction","name":"Comment","target":["https:\/\/kuzeyinsesi.org\/index.php\/2024\/06\/04\/dervis-zaimin-ilk-performansi-ve-enstalasyonu-berzah-eklektik-manifest-bunyesinde-caglayanda-yer-alacak\/#respond"]}]},{"@type":"WebPage","@id":"https:\/\/kuzeyinsesi.org\/index.php\/2024\/06\/04\/dervis-zaimin-ilk-performansi-ve-enstalasyonu-berzah-eklektik-manifest-bunyesinde-caglayanda-yer-alacak\/","url":"https:\/\/kuzeyinsesi.org\/index.php\/2024\/06\/04\/dervis-zaimin-ilk-performansi-ve-enstalasyonu-berzah-eklektik-manifest-bunyesinde-caglayanda-yer-alacak\/","name":"Dervi\u015f Zaim\u2019in ilk performans\u0131 ve enstalasyonu \u201cBerzah\u201d Eklektik Manifest b\u00fcnyesinde \u00c7a\u011flayan\u2019da yer alacak - Kuzeyin Sesi","isPartOf":{"@id":"https:\/\/kuzeyinsesi.org\/#website"},"primaryImageOfPage":{"@id":"https:\/\/kuzeyinsesi.org\/index.php\/2024\/06\/04\/dervis-zaimin-ilk-performansi-ve-enstalasyonu-berzah-eklektik-manifest-bunyesinde-caglayanda-yer-alacak\/#primaryimage"},"image":{"@id":"https:\/\/kuzeyinsesi.org\/index.php\/2024\/06\/04\/dervis-zaimin-ilk-performansi-ve-enstalasyonu-berzah-eklektik-manifest-bunyesinde-caglayanda-yer-alacak\/#primaryimage"},"thumbnailUrl":"https:\/\/kuzeyinsesi.org\/wp-content\/uploads\/2024\/06\/dervis-zaim1.jpg","datePublished":"2024-06-04T08:08:03+00:00","author":{"@id":"https:\/\/kuzeyinsesi.org\/#\/schema\/person\/9f859689cdf01485597712386e37f5aa"},"breadcrumb":{"@id":"https:\/\/kuzeyinsesi.org\/index.php\/2024\/06\/04\/dervis-zaimin-ilk-performansi-ve-enstalasyonu-berzah-eklektik-manifest-bunyesinde-caglayanda-yer-alacak\/#breadcrumb"},"inLanguage":"tr","potentialAction":[{"@type":"ReadAction","target":["https:\/\/kuzeyinsesi.org\/index.php\/2024\/06\/04\/dervis-zaimin-ilk-performansi-ve-enstalasyonu-berzah-eklektik-manifest-bunyesinde-caglayanda-yer-alacak\/"]}]},{"@type":"ImageObject","inLanguage":"tr","@id":"https:\/\/kuzeyinsesi.org\/index.php\/2024\/06\/04\/dervis-zaimin-ilk-performansi-ve-enstalasyonu-berzah-eklektik-manifest-bunyesinde-caglayanda-yer-alacak\/#primaryimage","url":"https:\/\/kuzeyinsesi.org\/wp-content\/uploads\/2024\/06\/dervis-zaim1.jpg","contentUrl":"https:\/\/kuzeyinsesi.org\/wp-content\/uploads\/2024\/06\/dervis-zaim1.jpg","width":1080,"height":1350},{"@type":"BreadcrumbList","@id":"https:\/\/kuzeyinsesi.org\/index.php\/2024\/06\/04\/dervis-zaimin-ilk-performansi-ve-enstalasyonu-berzah-eklektik-manifest-bunyesinde-caglayanda-yer-alacak\/#breadcrumb","itemListElement":[{"@type":"ListItem","position":1,"name":"Anasayfa","item":"https:\/\/kuzeyinsesi.org\/"},{"@type":"ListItem","position":2,"name":"Dervi\u015f Zaim\u2019in ilk performans\u0131 ve enstalasyonu \u201cBerzah\u201d Eklektik Manifest b\u00fcnyesinde \u00c7a\u011flayan\u2019da yer alacak"}]},{"@type":"WebSite","@id":"https:\/\/kuzeyinsesi.org\/#website","url":"https:\/\/kuzeyinsesi.org\/","name":"Kuzeyin Sesi","description":"Do\u011fru Haberin Adresi","potentialAction":[{"@type":"SearchAction","target":{"@type":"EntryPoint","urlTemplate":"https:\/\/kuzeyinsesi.org\/?s={search_term_string}"},"query-input":{"@type":"PropertyValueSpecification","valueRequired":true,"valueName":"search_term_string"}}],"inLanguage":"tr"},{"@type":"Person","@id":"https:\/\/kuzeyinsesi.org\/#\/schema\/person\/9f859689cdf01485597712386e37f5aa","name":"Kuzeyin Sesi","image":{"@type":"ImageObject","inLanguage":"tr","@id":"https:\/\/secure.gravatar.com\/avatar\/bab33852abfd8b282518d6ed81826833d77c3c882d9ab608add591ccace47a44?s=96&d=mm&r=g","url":"https:\/\/secure.gravatar.com\/avatar\/bab33852abfd8b282518d6ed81826833d77c3c882d9ab608add591ccace47a44?s=96&d=mm&r=g","contentUrl":"https:\/\/secure.gravatar.com\/avatar\/bab33852abfd8b282518d6ed81826833d77c3c882d9ab608add591ccace47a44?s=96&d=mm&r=g","caption":"Kuzeyin Sesi"},"sameAs":["https:\/\/kuzeyinsesi.org"],"url":"https:\/\/kuzeyinsesi.org\/index.php\/author\/guven\/"}]}},"_links":{"self":[{"href":"https:\/\/kuzeyinsesi.org\/index.php\/wp-json\/wp\/v2\/posts\/4036","targetHints":{"allow":["GET"]}}],"collection":[{"href":"https:\/\/kuzeyinsesi.org\/index.php\/wp-json\/wp\/v2\/posts"}],"about":[{"href":"https:\/\/kuzeyinsesi.org\/index.php\/wp-json\/wp\/v2\/types\/post"}],"author":[{"embeddable":true,"href":"https:\/\/kuzeyinsesi.org\/index.php\/wp-json\/wp\/v2\/users\/1"}],"replies":[{"embeddable":true,"href":"https:\/\/kuzeyinsesi.org\/index.php\/wp-json\/wp\/v2\/comments?post=4036"}],"version-history":[{"count":0,"href":"https:\/\/kuzeyinsesi.org\/index.php\/wp-json\/wp\/v2\/posts\/4036\/revisions"}],"wp:featuredmedia":[{"embeddable":true,"href":"https:\/\/kuzeyinsesi.org\/index.php\/wp-json\/wp\/v2\/media\/4037"}],"wp:attachment":[{"href":"https:\/\/kuzeyinsesi.org\/index.php\/wp-json\/wp\/v2\/media?parent=4036"}],"wp:term":[{"taxonomy":"category","embeddable":true,"href":"https:\/\/kuzeyinsesi.org\/index.php\/wp-json\/wp\/v2\/categories?post=4036"},{"taxonomy":"post_tag","embeddable":true,"href":"https:\/\/kuzeyinsesi.org\/index.php\/wp-json\/wp\/v2\/tags?post=4036"}],"curies":[{"name":"wp","href":"https:\/\/api.w.org\/{rel}","templated":true}]}}